{"id":1658,"date":"2025-04-01T21:24:48","date_gmt":"2025-04-01T21:24:48","guid":{"rendered":"https:\/\/www.ucatolica.edu.co\/liceo\/?p=1658"},"modified":"2025-04-01T21:24:48","modified_gmt":"2025-04-01T21:24:48","slug":"eleccion-del-gobierno-escolar-estudiantil-un-ejercicio-de-democracia-y-liderazgo","status":"publish","type":"post","link":"https:\/\/www.ucatolica.edu.co\/liceo\/eleccion-del-gobierno-escolar-estudiantil-un-ejercicio-de-democracia-y-liderazgo\/","title":{"rendered":"Elecci\u00f3n del Gobierno Escolar Estudiantil: Un Ejercicio de Democracia y Liderazgo"},"content":{"rendered":"\n<p>El pasado 1 de marzo, realizamos la elecci\u00f3n del Gobierno Escolar Estudiantil, un espacio que promueve la formaci\u00f3n en participaci\u00f3n democr\u00e1tica, la responsabilidad de elegir y ser elegido, as\u00ed como el compromiso con los intereses de nuestra comunidad educativa. Este ejercicio busca fortalecer las capacidades de liderazgo pol\u00edtico en nuestros estudiantes, prepar\u00e1ndolos para contribuir activamente a la construcci\u00f3n de una sociedad democr\u00e1tica y armoniosa.<\/p>\n\n\n\n<p>A trav\u00e9s de esta experiencia, fomentamos el desarrollo de habilidades, valores y actitudes que son esenciales para el ejercicio de la ciudadan\u00eda responsable. Queremos agradecer a toda la comunidad lice\u00edsta por su participaci\u00f3n y entusiasmo en este proceso.<\/p>\n\n\n\n<p>A continuaci\u00f3n, presentamos los resultados de la elecci\u00f3n:<\/p>\n\n\n\n<p><strong>Personera<\/strong>: Salom\u00e9 Perdomo Fl\u00f3rez<br><strong>Cabildante<\/strong>: Isabella Sof\u00eda P\u00e9rez Uzc\u00e1tegui<br><strong>Contralora<\/strong>: Mar\u00eda Paula Ortiz Salazar<\/p>\n\n\n\n<figure class=\"wp-block-image size-full\"><img loading=\"lazy\" width=\"870\" height=\"522\" src=\"https:\/\/www.ucatolica.edu.co\/liceo\/wp-content\/uploads\/Estudiantes-del-Liceo-2.jpg\" alt=\"Estudiantes del Liceo 2\" class=\"wp-image-1660\"\/><\/figure>\n\n\n\n<p><strong>Representantes de curso:<\/strong><\/p>\n\n\n\n<ul><li class=\"\"><strong>301<\/strong>: Dante Barrios L\u00f3pez<\/li><li class=\"\"><strong>401<\/strong>: Luciana Rodr\u00edguez Cristancho<\/li><li class=\"\"><strong>501<\/strong>: Mar\u00eda Alejandra Dur\u00e1n Castro<\/li><li class=\"\"><strong>601<\/strong>: Gabriela Sof\u00eda Rodr\u00edguez Ball\u00e9n<\/li><li class=\"\"><strong>701<\/strong>: Valeria Z\u00e1rate Guacaneme<\/li><li class=\"\"><strong>801<\/strong>: Dixon Mateo Castiblanco Tobaria<\/li><li class=\"\"><strong>901<\/strong>: Yato Andr\u00e9s Contreras Puerto<\/li><li class=\"\"><strong>902<\/strong>: Nicol\u00e1s Z\u00e1rate Guacaneme<\/li><li class=\"\"><strong>1001<\/strong>: Mar\u00eda Paula Rodr\u00edguez Pel\u00e1ez<\/li><li class=\"\"><strong>1002<\/strong>: Juan David Hern\u00e1ndez V\u00e1squez<\/li><li class=\"\"><strong>1101<\/strong>: Mariana Baquero Ruiz<\/li><li class=\"\"><strong>1102<\/strong>: Mar\u00eda Fernanda Celis Mart\u00ednez<\/li><\/ul>\n\n\n\n<p>\u00a1Felicitamos a todos los elegidos y les deseamos mucho \u00e9xito en su labor de representaci\u00f3n y liderazgo!<\/p>\n","protected":false},"excerpt":{"rendered":"<p>El pasado 1 de marzo, realizamos la elecci\u00f3n del Gobierno Escolar Estudiantil, un espacio que promueve la formaci\u00f3n en participaci\u00f3n democr\u00e1tica, la responsabilidad de elegir y ser elegido, as\u00ed como el compromiso con los intereses de nuestra comunidad educativa. Este ejercicio busca fortalecer las capacidades de liderazgo pol\u00edtico en nuestros estudiantes, prepar\u00e1ndolos para contribuir activamente &#8230;<br \/><a class=\"extracto-more\" href=\"https:\/\/www.ucatolica.edu.co\/liceo\/eleccion-del-gobierno-escolar-estudiantil-un-ejercicio-de-democracia-y-liderazgo\/\"><span> Continuar <\/span><\/a><\/p>\n","protected":false},"author":4,"featured_media":1659,"comment_status":"closed","ping_status":"closed","sticky":false,"template":"","format":"standard","meta":[],"categories":[4],"tags":[112,113,47,109,110,111],"_links":{"self":[{"href":"https:\/\/www.ucatolica.edu.co\/liceo\/wp-json\/wp\/v2\/posts\/1658"}],"collection":[{"href":"https:\/\/www.ucatolica.edu.co\/liceo\/wp-json\/wp\/v2\/posts"}],"about":[{"href":"https:\/\/www.ucatolica.edu.co\/liceo\/wp-json\/wp\/v2\/types\/post"}],"author":[{"embeddable":true,"href":"https:\/\/www.ucatolica.edu.co\/liceo\/wp-json\/wp\/v2\/users\/4"}],"replies":[{"embeddable":true,"href":"https:\/\/www.ucatolica.edu.co\/liceo\/wp-json\/wp\/v2\/comments?post=1658"}],"version-history":[{"count":1,"href":"https:\/\/www.ucatolica.edu.co\/liceo\/wp-json\/wp\/v2\/posts\/1658\/revisions"}],"predecessor-version":[{"id":1661,"href":"https:\/\/www.ucatolica.edu.co\/liceo\/wp-json\/wp\/v2\/posts\/1658\/revisions\/1661"}],"wp:featuredmedia":[{"embeddable":true,"href":"https:\/\/www.ucatolica.edu.co\/liceo\/wp-json\/wp\/v2\/media\/1659"}],"wp:attachment":[{"href":"https:\/\/www.ucatolica.edu.co\/liceo\/wp-json\/wp\/v2\/media?parent=1658"}],"wp:term":[{"taxonomy":"category","embeddable":true,"href":"https:\/\/www.ucatolica.edu.co\/liceo\/wp-json\/wp\/v2\/categories?post=1658"},{"taxonomy":"post_tag","embeddable":true,"href":"https:\/\/www.ucatolica.edu.co\/liceo\/wp-json\/wp\/v2\/tags?post=1658"}],"curies":[{"name":"wp","href":"https:\/\/api.w.org\/{rel}","templated":true}]}}