{"id":1768,"date":"2026-04-28T21:06:04","date_gmt":"2026-04-28T21:06:04","guid":{"rendered":"https:\/\/www.ucatolica.edu.co\/liceo\/?p=1768"},"modified":"2026-04-28T21:06:04","modified_gmt":"2026-04-28T21:06:04","slug":"escuela-de-padres-fortalece-la-corresponsabilidad-familiar-y-la-convivencia-escolar-en-el-liceo","status":"publish","type":"post","link":"https:\/\/www.ucatolica.edu.co\/liceo\/escuela-de-padres-fortalece-la-corresponsabilidad-familiar-y-la-convivencia-escolar-en-el-liceo\/","title":{"rendered":"Escuela de Padres fortalece la corresponsabilidad familiar y la convivencia escolar en el Liceo"},"content":{"rendered":"\n<p>El pasado 19 de marzo de 2026, el Liceo de la Universidad Cat\u00f3lica de Colombia llev\u00f3 a cabo la Escuela de Padres \u201cCorresponsabilidad Familiar\u201d, un espacio de formaci\u00f3n y di\u00e1logo desarrollado en el Centro de Convenciones de la Universidad, en articulaci\u00f3n con la Oficina para la Convivencia Escolar (OCE) de la Secretar\u00eda de Educaci\u00f3n Distrital (SED).<\/p>\n\n\n\n<p>La jornada estuvo liderada por la psic\u00f3loga Johanna Fuentes, quien orient\u00f3 el encuentro enfocado en los Protocolos de Atenci\u00f3n Integral para la Convivencia Escolar, en el marco de la Ley 1620 de 2013, normativa que establece el Sistema Nacional de Convivencia Escolar y Formaci\u00f3n para el Ejercicio de los Derechos Humanos, la Educaci\u00f3n para la Sexualidad y la Prevenci\u00f3n y Mitigaci\u00f3n de la Violencia Escolar.<\/p>\n\n\n\n<p>Durante el espacio se abordaron aspectos fundamentales relacionados con la prevenci\u00f3n, atenci\u00f3n y manejo de situaciones que pueden afectar la convivencia dentro del entorno educativo. Asimismo, se destac\u00f3 el papel esencial de las familias como agentes corresponsables en la formaci\u00f3n integral de los estudiantes, promoviendo entornos protectores, relaciones basadas en el respeto y una comunicaci\u00f3n sustentada en el di\u00e1logo.<\/p>\n\n\n\n<figure class=\"wp-block-image size-full\"><img loading=\"lazy\" width=\"870\" height=\"522\" src=\"https:\/\/www.ucatolica.edu.co\/liceo\/wp-content\/uploads\/Escuela-de-padres-Liceo-2.jpg\" alt=\"\" class=\"wp-image-1770\" srcset=\"https:\/\/www.ucatolica.edu.co\/liceo\/wp-content\/uploads\/Escuela-de-padres-Liceo-2.jpg 870w, https:\/\/www.ucatolica.edu.co\/liceo\/wp-content\/uploads\/Escuela-de-padres-Liceo-2-300x180.jpg 300w, https:\/\/www.ucatolica.edu.co\/liceo\/wp-content\/uploads\/Escuela-de-padres-Liceo-2-768x461.jpg 768w\" sizes=\"(max-width: 870px) 100vw, 870px\" \/><\/figure>\n\n\n\n<p>La actividad permiti\u00f3 fortalecer la comprensi\u00f3n de los protocolos institucionales y brindar herramientas pr\u00e1cticas a los padres de familia para acompa\u00f1ar de manera m\u00e1s efectiva los procesos acad\u00e9micos, emocionales y convivenciales de sus hijos, tanto en el colegio como en el hogar.<\/p>\n\n\n\n<p>M\u00e1s all\u00e1 de un espacio informativo, esta Escuela de Padres se consolid\u00f3 como un escenario de reflexi\u00f3n, escucha y compromiso conjunto, en el que familia y colegio reafirman su trabajo articulado para garantizar el bienestar, la sana convivencia y el desarrollo integral de los estudiantes.<\/p>\n\n\n\n<p>Desde el Liceo de la Universidad Cat\u00f3lica de Colombia se contin\u00faa promoviendo la corresponsabilidad como un pilar fundamental para la construcci\u00f3n de una convivencia escolar sana, en la que cada acci\u00f3n aporte a una comunidad educativa m\u00e1s consciente, participativa y comprometida con la formaci\u00f3n de mejores ciudadanos.<\/p>\n","protected":false},"excerpt":{"rendered":"<p>El pasado 19 de marzo de 2026, el Liceo de la Universidad Cat\u00f3lica de Colombia llev\u00f3 a cabo la Escuela de Padres \u201cCorresponsabilidad Familiar\u201d, un espacio de formaci\u00f3n y di\u00e1logo desarrollado en el Centro de Convenciones de la Universidad, en articulaci\u00f3n con la Oficina para la Convivencia Escolar (OCE) de la Secretar\u00eda de Educaci\u00f3n Distrital &#8230;<br \/><a class=\"extracto-more\" href=\"https:\/\/www.ucatolica.edu.co\/liceo\/escuela-de-padres-fortalece-la-corresponsabilidad-familiar-y-la-convivencia-escolar-en-el-liceo\/\"><span> Continuar <\/span><\/a><\/p>\n","protected":false},"author":4,"featured_media":1769,"comment_status":"closed","ping_status":"closed","sticky":false,"template":"","format":"standard","meta":[],"categories":[4],"tags":[145,86,144,143,20],"_links":{"self":[{"href":"https:\/\/www.ucatolica.edu.co\/liceo\/wp-json\/wp\/v2\/posts\/1768"}],"collection":[{"href":"https:\/\/www.ucatolica.edu.co\/liceo\/wp-json\/wp\/v2\/posts"}],"about":[{"href":"https:\/\/www.ucatolica.edu.co\/liceo\/wp-json\/wp\/v2\/types\/post"}],"author":[{"embeddable":true,"href":"https:\/\/www.ucatolica.edu.co\/liceo\/wp-json\/wp\/v2\/users\/4"}],"replies":[{"embeddable":true,"href":"https:\/\/www.ucatolica.edu.co\/liceo\/wp-json\/wp\/v2\/comments?post=1768"}],"version-history":[{"count":1,"href":"https:\/\/www.ucatolica.edu.co\/liceo\/wp-json\/wp\/v2\/posts\/1768\/revisions"}],"predecessor-version":[{"id":1771,"href":"https:\/\/www.ucatolica.edu.co\/liceo\/wp-json\/wp\/v2\/posts\/1768\/revisions\/1771"}],"wp:featuredmedia":[{"embeddable":true,"href":"https:\/\/www.ucatolica.edu.co\/liceo\/wp-json\/wp\/v2\/media\/1769"}],"wp:attachment":[{"href":"https:\/\/www.ucatolica.edu.co\/liceo\/wp-json\/wp\/v2\/media?parent=1768"}],"wp:term":[{"taxonomy":"category","embeddable":true,"href":"https:\/\/www.ucatolica.edu.co\/liceo\/wp-json\/wp\/v2\/categories?post=1768"},{"taxonomy":"post_tag","embeddable":true,"href":"https:\/\/www.ucatolica.edu.co\/liceo\/wp-json\/wp\/v2\/tags?post=1768"}],"curies":[{"name":"wp","href":"https:\/\/api.w.org\/{rel}","templated":true}]}}