{"id":102726,"date":"2023-11-30T11:03:54","date_gmt":"2023-11-30T16:03:54","guid":{"rendered":"https:\/\/www.ucatolica.edu.co\/portal\/?p=102726"},"modified":"2023-11-30T11:09:14","modified_gmt":"2023-11-30T16:09:14","slug":"proyecto-colaborativo-internacional-de-aula-en-salud-mental-estudiantes-desarrollan-propuesta-de-intervencion-para-abordar-problematicas-escolares","status":"publish","type":"post","link":"https:\/\/www.ucatolica.edu.co\/portal\/proyecto-colaborativo-internacional-de-aula-en-salud-mental-estudiantes-desarrollan-propuesta-de-intervencion-para-abordar-problematicas-escolares\/","title":{"rendered":"Estudiantes participan en proyecto de Salud Mental en Chile y Espa\u00f1a"},"content":{"rendered":"\n<p>En el marco de la conmemoraci\u00f3n al D\u00eda del Psic\u00f3logo, el pasado 23 de noviembre, se llev\u00f3 a cabo la entrega de constancias a estudiantes participantes de proyecto COIL IberODS, liderado por el profesor Andr\u00e9s Santacoloma Su\u00e1rez.<\/p>\n\n\n\n<p>Durante el primer semestre de 2023, la Universidad Cat\u00f3lica de Colombia, conjuntamente con\u00a0la Universidad Cat\u00f3lica de Valencia (Espa\u00f1a) y la Universidad Cat\u00f3lica de Maule (Chile) realiz\u00f3 el proyecto COIL IberODS, centr\u00e1ndose en la tem\u00e1tica crucial de la <strong>salud mental<\/strong>\u00a0 43 estudiantes, de los cuales 20 de la Universidad Cat\u00f3lica de Colombia, 11 de la Universidad Cat\u00f3lica de Maule y 12 la Universidad Cat\u00f3lica de Valencia, tuvieron la oportunidad de explorar de manera conjunta los aspectos relacionados con el bullying, trastornos de conducta alimentaria y suicidio en grupos interculturales.<\/p>\n\n\n\n<p>Este enfoque permiti\u00f3 a los participantes desarrollar una propuesta de intervenci\u00f3n destinada a abordar estas problem\u00e1ticas en el entorno escolar, espec\u00edficamente en la educaci\u00f3n b\u00e1sica y media. La propuesta se dise\u00f1\u00f3 teniendo en cuenta las pol\u00edticas p\u00fablicas de los tres pa\u00edses involucrados, lo que a\u00f1ade un enfoque integral y adaptado a la realidad de cada regi\u00f3n.<\/p>\n\n\n\n<p>La culminaci\u00f3n de este proyecto abre una emocionante oportunidad para tres estudiantes de la Universidad Cat\u00f3lica de Colombia, dos de la Universidad Cat\u00f3lica de Valencia (Espa\u00f1a) y dos futuros profesionales de la Universidad Cat\u00f3lica de Maule (Chile). Estos afortunados participantes tuvieron la oportunidad de llevar a cabo una movilidad presencial a Chile durante el mes de octubre.<\/p>\n\n\n\n<p>Durante su estancia en Chile, los estudiantes, acompa\u00f1ados por los profesores l\u00edderes del proyecto COIL, tuvieron la posibilidad de visitar diversos organismos multilaterales, incluyendo UNICEF, UNESCO y la OPS\/OMS. Adem\u00e1s, se reunieron con representantes de la Fundaci\u00f3n Todo Mejora y la Agencia Chilena de Cooperaci\u00f3n y Desarrollo, enriqueciendo a\u00fan m\u00e1s su comprensi\u00f3n de las estrategias y enfoques utilizados a nivel internacional en el \u00e1mbito de la salud mental en ni\u00f1os, j\u00f3venes y adolescentes.<\/p>\n\n\n\n<p>Este proyecto representa un ejemplo inspirador de colaboraci\u00f3n internacional y compromiso con la mejora de la salud mental en entornos educativos. Los participantes destacados est\u00e1n listos para asumir el desaf\u00edo de implementar propuestas innovadoras en sus respectivas comunidades, contribuyendo as\u00ed a la creaci\u00f3n de ambientes escolares m\u00e1s saludables y comprensivos.<\/p>\n\n\n\n<p>Cabe destacar que la participaci\u00f3n en este curso ha sido posible gracias a una cofinanciaci\u00f3n obtenida en virtud de la convocatoria Subvenciones para Proyectos 2022, del Programa Expertos Internacionales del ICETEX, el cual promueve de forma activa y constante la presencia de expertos tanto nacionales como internacionales en eventos y actividades desarrolladas en Colombia y en el extranjero.<\/p>\n\n\n\n<figure class=\"wp-block-image size-full is-resized\"><img fetchpriority=\"high\" decoding=\"async\" width=\"1071\" height=\"278\" src=\"https:\/\/www.ucatolica.edu.co\/portal\/wp-content\/uploads\/2023\/07\/logo-manejo-02.png\" alt=\"Logo icetex\" class=\"wp-image-95981\" style=\"width:259px;height:auto\"\/><\/figure>\n","protected":false},"excerpt":{"rendered":"<p>En el marco de la conmemoraci\u00f3n al D\u00eda del Psic\u00f3logo, el pasado 23 de noviembre, se llev\u00f3 a cabo la entrega de constancias a estudiantes participantes de proyecto COIL IberODS, liderado por el profesor Andr\u00e9s Santacoloma Su\u00e1rez. Durante el primer semestre de 2023, la Universidad Cat\u00f3lica de Colombia, conjuntamente con\u00a0la Universidad Cat\u00f3lica de Valencia (Espa\u00f1a) [&hellip;]<\/p>\n","protected":false},"author":4,"featured_media":102797,"comment_status":"open","ping_status":"open","sticky":false,"template":"","format":"standard","meta":{"_acf_changed":false,"advgb_blocks_editor_width":"","advgb_blocks_columns_visual_guide":"","footnotes":""},"categories":[93,531],"tags":[2265,1528,479,1745,1110,828,2489,2490],"class_list":["post-102726","post","type-post","status-publish","format-standard","has-post-thumbnail","hentry","category-noticias-principales","category-orii","tag-coil","tag-icetex","tag-orii","tag-salud-mental","tag-unesco","tag-unicef","tag-universidad-catolica-de-maule","tag-universidad-catolica-de-valencia"],"acf":[],"yoast_head":"<!-- This site is optimized with the Yoast SEO plugin v26.7 - https:\/\/yoast.com\/wordpress\/plugins\/seo\/ -->\n<title>Estudiantes participan en proyecto de Salud Mental en Chile y Espa\u00f1a - Universidad Cat\u00f3lica De Colombia<\/title>\n<meta name=\"robots\" content=\"index, follow, max-snippet:-1, max-image-preview:large, max-video-preview:-1\" \/>\n<link rel=\"canonical\" href=\"https:\/\/www.ucatolica.edu.co\/portal\/proyecto-colaborativo-internacional-de-aula-en-salud-mental-estudiantes-desarrollan-propuesta-de-intervencion-para-abordar-problematicas-escolares\/\" \/>\n<meta property=\"og:locale\" content=\"es_ES\" \/>\n<meta property=\"og:type\" content=\"article\" \/>\n<meta property=\"og:title\" content=\"Estudiantes participan en proyecto de Salud Mental en Chile y Espa\u00f1a - Universidad Cat\u00f3lica De Colombia\" \/>\n<meta property=\"og:description\" content=\"En el marco de la conmemoraci\u00f3n al D\u00eda del Psic\u00f3logo, el pasado 23 de noviembre, se llev\u00f3 a cabo la entrega de constancias a estudiantes participantes de proyecto COIL IberODS, liderado por el profesor Andr\u00e9s Santacoloma Su\u00e1rez. Durante el primer semestre de 2023, la Universidad Cat\u00f3lica de Colombia, conjuntamente con\u00a0la Universidad Cat\u00f3lica de Valencia (Espa\u00f1a) [&hellip;]\" \/>\n<meta property=\"og:url\" content=\"https:\/\/www.ucatolica.edu.co\/portal\/proyecto-colaborativo-internacional-de-aula-en-salud-mental-estudiantes-desarrollan-propuesta-de-intervencion-para-abordar-problematicas-escolares\/\" \/>\n<meta property=\"og:site_name\" content=\"Universidad Cat\u00f3lica De Colombia\" \/>\n<meta property=\"article:publisher\" content=\"https:\/\/www.facebook.com\/ucatolicacolombia\" \/>\n<meta property=\"article:published_time\" content=\"2023-11-30T16:03:54+00:00\" \/>\n<meta property=\"article:modified_time\" content=\"2023-11-30T16:09:14+00:00\" \/>\n<meta property=\"og:image\" content=\"https:\/\/www.ucatolica.edu.co\/portal\/wp-content\/uploads\/2023\/11\/jovenescondiplomaa.jpg\" \/>\n\t<meta property=\"og:image:width\" content=\"870\" \/>\n\t<meta property=\"og:image:height\" content=\"522\" \/>\n\t<meta property=\"og:image:type\" content=\"image\/jpeg\" \/>\n<meta name=\"author\" content=\"Cindy Lugo\" \/>\n<meta name=\"twitter:card\" content=\"summary_large_image\" \/>\n<meta name=\"twitter:creator\" content=\"@UCatolicaCol\" \/>\n<meta name=\"twitter:site\" content=\"@UCatolicaCol\" \/>\n<meta name=\"twitter:label1\" content=\"Escrito por\" \/>\n\t<meta name=\"twitter:data1\" content=\"Cindy Lugo\" \/>\n\t<meta name=\"twitter:label2\" content=\"Tiempo de lectura\" \/>\n\t<meta name=\"twitter:data2\" content=\"2 minutos\" \/>\n<script type=\"application\/ld+json\" class=\"yoast-schema-graph\">{\"@context\":\"https:\/\/schema.org\",\"@graph\":[{\"@type\":\"Article\",\"@id\":\"https:\/\/www.ucatolica.edu.co\/portal\/proyecto-colaborativo-internacional-de-aula-en-salud-mental-estudiantes-desarrollan-propuesta-de-intervencion-para-abordar-problematicas-escolares\/#article\",\"isPartOf\":{\"@id\":\"https:\/\/www.ucatolica.edu.co\/portal\/proyecto-colaborativo-internacional-de-aula-en-salud-mental-estudiantes-desarrollan-propuesta-de-intervencion-para-abordar-problematicas-escolares\/\"},\"author\":{\"name\":\"Cindy Lugo\",\"@id\":\"https:\/\/www.ucatolica.edu.co\/portal\/#\/schema\/person\/a7469afff252fba81c6cdc40c80f00b6\"},\"headline\":\"Estudiantes participan en proyecto de Salud Mental en Chile y Espa\u00f1a\",\"datePublished\":\"2023-11-30T16:03:54+00:00\",\"dateModified\":\"2023-11-30T16:09:14+00:00\",\"mainEntityOfPage\":{\"@id\":\"https:\/\/www.ucatolica.edu.co\/portal\/proyecto-colaborativo-internacional-de-aula-en-salud-mental-estudiantes-desarrollan-propuesta-de-intervencion-para-abordar-problematicas-escolares\/\"},\"wordCount\":472,\"commentCount\":0,\"publisher\":{\"@id\":\"https:\/\/www.ucatolica.edu.co\/portal\/#organization\"},\"image\":{\"@id\":\"https:\/\/www.ucatolica.edu.co\/portal\/proyecto-colaborativo-internacional-de-aula-en-salud-mental-estudiantes-desarrollan-propuesta-de-intervencion-para-abordar-problematicas-escolares\/#primaryimage\"},\"thumbnailUrl\":\"https:\/\/www.ucatolica.edu.co\/portal\/wp-content\/uploads\/2023\/11\/jovenescondiplomaa.jpg\",\"keywords\":[\"COIL\",\"Icetex\",\"ORII\",\"Salud Mental\",\"UNESCO\",\"Unicef\",\"Universidad Cat\u00f3lica de Maule\",\"Universidad Cat\u00f3lica de Valencia\"],\"articleSection\":[\"Noticias Principales\",\"ORII\"],\"inLanguage\":\"es-CO\"},{\"@type\":\"WebPage\",\"@id\":\"https:\/\/www.ucatolica.edu.co\/portal\/proyecto-colaborativo-internacional-de-aula-en-salud-mental-estudiantes-desarrollan-propuesta-de-intervencion-para-abordar-problematicas-escolares\/\",\"url\":\"https:\/\/www.ucatolica.edu.co\/portal\/proyecto-colaborativo-internacional-de-aula-en-salud-mental-estudiantes-desarrollan-propuesta-de-intervencion-para-abordar-problematicas-escolares\/\",\"name\":\"Estudiantes participan en proyecto de Salud Mental en Chile y Espa\u00f1a - Universidad Cat\u00f3lica De Colombia\",\"isPartOf\":{\"@id\":\"https:\/\/www.ucatolica.edu.co\/portal\/#website\"},\"primaryImageOfPage\":{\"@id\":\"https:\/\/www.ucatolica.edu.co\/portal\/proyecto-colaborativo-internacional-de-aula-en-salud-mental-estudiantes-desarrollan-propuesta-de-intervencion-para-abordar-problematicas-escolares\/#primaryimage\"},\"image\":{\"@id\":\"https:\/\/www.ucatolica.edu.co\/portal\/proyecto-colaborativo-internacional-de-aula-en-salud-mental-estudiantes-desarrollan-propuesta-de-intervencion-para-abordar-problematicas-escolares\/#primaryimage\"},\"thumbnailUrl\":\"https:\/\/www.ucatolica.edu.co\/portal\/wp-content\/uploads\/2023\/11\/jovenescondiplomaa.jpg\",\"datePublished\":\"2023-11-30T16:03:54+00:00\",\"dateModified\":\"2023-11-30T16:09:14+00:00\",\"breadcrumb\":{\"@id\":\"https:\/\/www.ucatolica.edu.co\/portal\/proyecto-colaborativo-internacional-de-aula-en-salud-mental-estudiantes-desarrollan-propuesta-de-intervencion-para-abordar-problematicas-escolares\/#breadcrumb\"},\"inLanguage\":\"es-CO\",\"potentialAction\":[{\"@type\":\"ReadAction\",\"target\":[\"https:\/\/www.ucatolica.edu.co\/portal\/proyecto-colaborativo-internacional-de-aula-en-salud-mental-estudiantes-desarrollan-propuesta-de-intervencion-para-abordar-problematicas-escolares\/\"]}]},{\"@type\":\"ImageObject\",\"inLanguage\":\"es-CO\",\"@id\":\"https:\/\/www.ucatolica.edu.co\/portal\/proyecto-colaborativo-internacional-de-aula-en-salud-mental-estudiantes-desarrollan-propuesta-de-intervencion-para-abordar-problematicas-escolares\/#primaryimage\",\"url\":\"https:\/\/www.ucatolica.edu.co\/portal\/wp-content\/uploads\/2023\/11\/jovenescondiplomaa.jpg\",\"contentUrl\":\"https:\/\/www.ucatolica.edu.co\/portal\/wp-content\/uploads\/2023\/11\/jovenescondiplomaa.jpg\",\"width\":870,\"height\":522,\"caption\":\"J\u00f3venes con diploma en la mano\"},{\"@type\":\"BreadcrumbList\",\"@id\":\"https:\/\/www.ucatolica.edu.co\/portal\/proyecto-colaborativo-internacional-de-aula-en-salud-mental-estudiantes-desarrollan-propuesta-de-intervencion-para-abordar-problematicas-escolares\/#breadcrumb\",\"itemListElement\":[{\"@type\":\"ListItem\",\"position\":1,\"name\":\"Inicio\",\"item\":\"https:\/\/www.ucatolica.edu.co\/portal\/\"},{\"@type\":\"ListItem\",\"position\":2,\"name\":\"Estudiantes participan en proyecto de Salud Mental en Chile y Espa\u00f1a\"}]},{\"@type\":\"WebSite\",\"@id\":\"https:\/\/www.ucatolica.edu.co\/portal\/#website\",\"url\":\"https:\/\/www.ucatolica.edu.co\/portal\/\",\"name\":\"Universidad Cat\u00f3lica De Colombia\",\"description\":\"Universidad Cat\u00f3lica De Colombia\",\"publisher\":{\"@id\":\"https:\/\/www.ucatolica.edu.co\/portal\/#organization\"},\"potentialAction\":[{\"@type\":\"SearchAction\",\"target\":{\"@type\":\"EntryPoint\",\"urlTemplate\":\"https:\/\/www.ucatolica.edu.co\/portal\/?s={search_term_string}\"},\"query-input\":{\"@type\":\"PropertyValueSpecification\",\"valueRequired\":true,\"valueName\":\"search_term_string\"}}],\"inLanguage\":\"es-CO\"},{\"@type\":\"Organization\",\"@id\":\"https:\/\/www.ucatolica.edu.co\/portal\/#organization\",\"name\":\"Universidad Cat\u00f3lica de Colombia\",\"url\":\"https:\/\/www.ucatolica.edu.co\/portal\/\",\"logo\":{\"@type\":\"ImageObject\",\"inLanguage\":\"es-CO\",\"@id\":\"https:\/\/www.ucatolica.edu.co\/portal\/#\/schema\/logo\/image\/\",\"url\":\"https:\/\/www.ucatolica.edu.co\/portal\/wp-content\/uploads\/2021\/06\/logo-header-ho-1.svg\",\"contentUrl\":\"https:\/\/www.ucatolica.edu.co\/portal\/wp-content\/uploads\/2021\/06\/logo-header-ho-1.svg\",\"width\":1,\"height\":1,\"caption\":\"Universidad Cat\u00f3lica de Colombia\"},\"image\":{\"@id\":\"https:\/\/www.ucatolica.edu.co\/portal\/#\/schema\/logo\/image\/\"},\"sameAs\":[\"https:\/\/www.facebook.com\/ucatolicacolombia\",\"https:\/\/x.com\/UCatolicaCol\",\"https:\/\/www.instagram.com\/universidadcatolicadecolombia\/\",\"https:\/\/www.linkedin.com\/company\/universidadcatolicadecolombia\/\",\"https:\/\/www.youtube.com\/user\/UCatolicaCo\"]},{\"@type\":\"Person\",\"@id\":\"https:\/\/www.ucatolica.edu.co\/portal\/#\/schema\/person\/a7469afff252fba81c6cdc40c80f00b6\",\"name\":\"Cindy Lugo\",\"url\":\"https:\/\/www.ucatolica.edu.co\/portal\/author\/cindy\/\"}]}<\/script>\n<!-- \/ Yoast SEO plugin. -->","yoast_head_json":{"title":"Estudiantes participan en proyecto de Salud Mental en Chile y Espa\u00f1a - Universidad Cat\u00f3lica De Colombia","robots":{"index":"index","follow":"follow","max-snippet":"max-snippet:-1","max-image-preview":"max-image-preview:large","max-video-preview":"max-video-preview:-1"},"canonical":"https:\/\/www.ucatolica.edu.co\/portal\/proyecto-colaborativo-internacional-de-aula-en-salud-mental-estudiantes-desarrollan-propuesta-de-intervencion-para-abordar-problematicas-escolares\/","og_locale":"es_ES","og_type":"article","og_title":"Estudiantes participan en proyecto de Salud Mental en Chile y Espa\u00f1a - Universidad Cat\u00f3lica De Colombia","og_description":"En el marco de la conmemoraci\u00f3n al D\u00eda del Psic\u00f3logo, el pasado 23 de noviembre, se llev\u00f3 a cabo la entrega de constancias a estudiantes participantes de proyecto COIL IberODS, liderado por el profesor Andr\u00e9s Santacoloma Su\u00e1rez. Durante el primer semestre de 2023, la Universidad Cat\u00f3lica de Colombia, conjuntamente con\u00a0la Universidad Cat\u00f3lica de Valencia (Espa\u00f1a) [&hellip;]","og_url":"https:\/\/www.ucatolica.edu.co\/portal\/proyecto-colaborativo-internacional-de-aula-en-salud-mental-estudiantes-desarrollan-propuesta-de-intervencion-para-abordar-problematicas-escolares\/","og_site_name":"Universidad Cat\u00f3lica De Colombia","article_publisher":"https:\/\/www.facebook.com\/ucatolicacolombia","article_published_time":"2023-11-30T16:03:54+00:00","article_modified_time":"2023-11-30T16:09:14+00:00","og_image":[{"width":870,"height":522,"url":"https:\/\/www.ucatolica.edu.co\/portal\/wp-content\/uploads\/2023\/11\/jovenescondiplomaa.jpg","type":"image\/jpeg"}],"author":"Cindy Lugo","twitter_card":"summary_large_image","twitter_creator":"@UCatolicaCol","twitter_site":"@UCatolicaCol","twitter_misc":{"Escrito por":"Cindy Lugo","Tiempo de lectura":"2 minutos"},"schema":{"@context":"https:\/\/schema.org","@graph":[{"@type":"Article","@id":"https:\/\/www.ucatolica.edu.co\/portal\/proyecto-colaborativo-internacional-de-aula-en-salud-mental-estudiantes-desarrollan-propuesta-de-intervencion-para-abordar-problematicas-escolares\/#article","isPartOf":{"@id":"https:\/\/www.ucatolica.edu.co\/portal\/proyecto-colaborativo-internacional-de-aula-en-salud-mental-estudiantes-desarrollan-propuesta-de-intervencion-para-abordar-problematicas-escolares\/"},"author":{"name":"Cindy Lugo","@id":"https:\/\/www.ucatolica.edu.co\/portal\/#\/schema\/person\/a7469afff252fba81c6cdc40c80f00b6"},"headline":"Estudiantes participan en proyecto de Salud Mental en Chile y Espa\u00f1a","datePublished":"2023-11-30T16:03:54+00:00","dateModified":"2023-11-30T16:09:14+00:00","mainEntityOfPage":{"@id":"https:\/\/www.ucatolica.edu.co\/portal\/proyecto-colaborativo-internacional-de-aula-en-salud-mental-estudiantes-desarrollan-propuesta-de-intervencion-para-abordar-problematicas-escolares\/"},"wordCount":472,"commentCount":0,"publisher":{"@id":"https:\/\/www.ucatolica.edu.co\/portal\/#organization"},"image":{"@id":"https:\/\/www.ucatolica.edu.co\/portal\/proyecto-colaborativo-internacional-de-aula-en-salud-mental-estudiantes-desarrollan-propuesta-de-intervencion-para-abordar-problematicas-escolares\/#primaryimage"},"thumbnailUrl":"https:\/\/www.ucatolica.edu.co\/portal\/wp-content\/uploads\/2023\/11\/jovenescondiplomaa.jpg","keywords":["COIL","Icetex","ORII","Salud Mental","UNESCO","Unicef","Universidad Cat\u00f3lica de Maule","Universidad Cat\u00f3lica de Valencia"],"articleSection":["Noticias Principales","ORII"],"inLanguage":"es-CO"},{"@type":"WebPage","@id":"https:\/\/www.ucatolica.edu.co\/portal\/proyecto-colaborativo-internacional-de-aula-en-salud-mental-estudiantes-desarrollan-propuesta-de-intervencion-para-abordar-problematicas-escolares\/","url":"https:\/\/www.ucatolica.edu.co\/portal\/proyecto-colaborativo-internacional-de-aula-en-salud-mental-estudiantes-desarrollan-propuesta-de-intervencion-para-abordar-problematicas-escolares\/","name":"Estudiantes participan en proyecto de Salud Mental en Chile y Espa\u00f1a - Universidad Cat\u00f3lica De Colombia","isPartOf":{"@id":"https:\/\/www.ucatolica.edu.co\/portal\/#website"},"primaryImageOfPage":{"@id":"https:\/\/www.ucatolica.edu.co\/portal\/proyecto-colaborativo-internacional-de-aula-en-salud-mental-estudiantes-desarrollan-propuesta-de-intervencion-para-abordar-problematicas-escolares\/#primaryimage"},"image":{"@id":"https:\/\/www.ucatolica.edu.co\/portal\/proyecto-colaborativo-internacional-de-aula-en-salud-mental-estudiantes-desarrollan-propuesta-de-intervencion-para-abordar-problematicas-escolares\/#primaryimage"},"thumbnailUrl":"https:\/\/www.ucatolica.edu.co\/portal\/wp-content\/uploads\/2023\/11\/jovenescondiplomaa.jpg","datePublished":"2023-11-30T16:03:54+00:00","dateModified":"2023-11-30T16:09:14+00:00","breadcrumb":{"@id":"https:\/\/www.ucatolica.edu.co\/portal\/proyecto-colaborativo-internacional-de-aula-en-salud-mental-estudiantes-desarrollan-propuesta-de-intervencion-para-abordar-problematicas-escolares\/#breadcrumb"},"inLanguage":"es-CO","potentialAction":[{"@type":"ReadAction","target":["https:\/\/www.ucatolica.edu.co\/portal\/proyecto-colaborativo-internacional-de-aula-en-salud-mental-estudiantes-desarrollan-propuesta-de-intervencion-para-abordar-problematicas-escolares\/"]}]},{"@type":"ImageObject","inLanguage":"es-CO","@id":"https:\/\/www.ucatolica.edu.co\/portal\/proyecto-colaborativo-internacional-de-aula-en-salud-mental-estudiantes-desarrollan-propuesta-de-intervencion-para-abordar-problematicas-escolares\/#primaryimage","url":"https:\/\/www.ucatolica.edu.co\/portal\/wp-content\/uploads\/2023\/11\/jovenescondiplomaa.jpg","contentUrl":"https:\/\/www.ucatolica.edu.co\/portal\/wp-content\/uploads\/2023\/11\/jovenescondiplomaa.jpg","width":870,"height":522,"caption":"J\u00f3venes con diploma en la mano"},{"@type":"BreadcrumbList","@id":"https:\/\/www.ucatolica.edu.co\/portal\/proyecto-colaborativo-internacional-de-aula-en-salud-mental-estudiantes-desarrollan-propuesta-de-intervencion-para-abordar-problematicas-escolares\/#breadcrumb","itemListElement":[{"@type":"ListItem","position":1,"name":"Inicio","item":"https:\/\/www.ucatolica.edu.co\/portal\/"},{"@type":"ListItem","position":2,"name":"Estudiantes participan en proyecto de Salud Mental en Chile y Espa\u00f1a"}]},{"@type":"WebSite","@id":"https:\/\/www.ucatolica.edu.co\/portal\/#website","url":"https:\/\/www.ucatolica.edu.co\/portal\/","name":"Universidad Cat\u00f3lica De Colombia","description":"Universidad Cat\u00f3lica De Colombia","publisher":{"@id":"https:\/\/www.ucatolica.edu.co\/portal\/#organization"},"potentialAction":[{"@type":"SearchAction","target":{"@type":"EntryPoint","urlTemplate":"https:\/\/www.ucatolica.edu.co\/portal\/?s={search_term_string}"},"query-input":{"@type":"PropertyValueSpecification","valueRequired":true,"valueName":"search_term_string"}}],"inLanguage":"es-CO"},{"@type":"Organization","@id":"https:\/\/www.ucatolica.edu.co\/portal\/#organization","name":"Universidad Cat\u00f3lica de Colombia","url":"https:\/\/www.ucatolica.edu.co\/portal\/","logo":{"@type":"ImageObject","inLanguage":"es-CO","@id":"https:\/\/www.ucatolica.edu.co\/portal\/#\/schema\/logo\/image\/","url":"https:\/\/www.ucatolica.edu.co\/portal\/wp-content\/uploads\/2021\/06\/logo-header-ho-1.svg","contentUrl":"https:\/\/www.ucatolica.edu.co\/portal\/wp-content\/uploads\/2021\/06\/logo-header-ho-1.svg","width":1,"height":1,"caption":"Universidad Cat\u00f3lica de Colombia"},"image":{"@id":"https:\/\/www.ucatolica.edu.co\/portal\/#\/schema\/logo\/image\/"},"sameAs":["https:\/\/www.facebook.com\/ucatolicacolombia","https:\/\/x.com\/UCatolicaCol","https:\/\/www.instagram.com\/universidadcatolicadecolombia\/","https:\/\/www.linkedin.com\/company\/universidadcatolicadecolombia\/","https:\/\/www.youtube.com\/user\/UCatolicaCo"]},{"@type":"Person","@id":"https:\/\/www.ucatolica.edu.co\/portal\/#\/schema\/person\/a7469afff252fba81c6cdc40c80f00b6","name":"Cindy Lugo","url":"https:\/\/www.ucatolica.edu.co\/portal\/author\/cindy\/"}]}},"author_meta":{"display_name":"Cindy Lugo","author_link":"https:\/\/www.ucatolica.edu.co\/portal\/author\/cindy\/"},"featured_img":"https:\/\/www.ucatolica.edu.co\/portal\/wp-content\/uploads\/2023\/11\/jovenescondiplomaa.jpg","coauthors":[],"tax_additional":{"categories":{"linked":["<a href=\"https:\/\/www.ucatolica.edu.co\/portal\/category\/noticias-principales\/\" class=\"advgb-post-tax-term\">Noticias Principales<\/a>","<a href=\"https:\/\/www.ucatolica.edu.co\/portal\/category\/orii\/\" class=\"advgb-post-tax-term\">ORII<\/a>"],"unlinked":["<span class=\"advgb-post-tax-term\">Noticias Principales<\/span>","<span class=\"advgb-post-tax-term\">ORII<\/span>"]},"tags":{"linked":["<a href=\"https:\/\/www.ucatolica.edu.co\/portal\/category\/orii\/\" class=\"advgb-post-tax-term\">COIL<\/a>","<a href=\"https:\/\/www.ucatolica.edu.co\/portal\/category\/orii\/\" class=\"advgb-post-tax-term\">Icetex<\/a>","<a href=\"https:\/\/www.ucatolica.edu.co\/portal\/category\/orii\/\" class=\"advgb-post-tax-term\">ORII<\/a>","<a href=\"https:\/\/www.ucatolica.edu.co\/portal\/category\/orii\/\" class=\"advgb-post-tax-term\">Salud Mental<\/a>","<a href=\"https:\/\/www.ucatolica.edu.co\/portal\/category\/orii\/\" class=\"advgb-post-tax-term\">UNESCO<\/a>","<a href=\"https:\/\/www.ucatolica.edu.co\/portal\/category\/orii\/\" class=\"advgb-post-tax-term\">Unicef<\/a>","<a href=\"https:\/\/www.ucatolica.edu.co\/portal\/category\/orii\/\" class=\"advgb-post-tax-term\">Universidad Cat\u00f3lica de Maule<\/a>","<a href=\"https:\/\/www.ucatolica.edu.co\/portal\/category\/orii\/\" class=\"advgb-post-tax-term\">Universidad Cat\u00f3lica de Valencia<\/a>"],"unlinked":["<span class=\"advgb-post-tax-term\">COIL<\/span>","<span class=\"advgb-post-tax-term\">Icetex<\/span>","<span class=\"advgb-post-tax-term\">ORII<\/span>","<span class=\"advgb-post-tax-term\">Salud Mental<\/span>","<span class=\"advgb-post-tax-term\">UNESCO<\/span>","<span class=\"advgb-post-tax-term\">Unicef<\/span>","<span class=\"advgb-post-tax-term\">Universidad Cat\u00f3lica de Maule<\/span>","<span class=\"advgb-post-tax-term\">Universidad Cat\u00f3lica de Valencia<\/span>"]}},"comment_count":"0","relative_dates":{"created":"Posted 2 a\u00f1os ago","modified":"Updated 2 a\u00f1os ago"},"absolute_dates":{"created":"Posted on 30 noviembre, 2023","modified":"Updated on 30 noviembre, 2023"},"absolute_dates_time":{"created":"Posted on 30 noviembre, 2023 11:03 am","modified":"Updated on 30 noviembre, 2023 11:09 am"},"featured_img_caption":"","series_order":"","_links":{"self":[{"href":"https:\/\/www.ucatolica.edu.co\/portal\/wp-json\/wp\/v2\/posts\/102726","targetHints":{"allow":["GET"]}}],"collection":[{"href":"https:\/\/www.ucatolica.edu.co\/portal\/wp-json\/wp\/v2\/posts"}],"about":[{"href":"https:\/\/www.ucatolica.edu.co\/portal\/wp-json\/wp\/v2\/types\/post"}],"author":[{"embeddable":true,"href":"https:\/\/www.ucatolica.edu.co\/portal\/wp-json\/wp\/v2\/users\/4"}],"replies":[{"embeddable":true,"href":"https:\/\/www.ucatolica.edu.co\/portal\/wp-json\/wp\/v2\/comments?post=102726"}],"version-history":[{"count":4,"href":"https:\/\/www.ucatolica.edu.co\/portal\/wp-json\/wp\/v2\/posts\/102726\/revisions"}],"predecessor-version":[{"id":102801,"href":"https:\/\/www.ucatolica.edu.co\/portal\/wp-json\/wp\/v2\/posts\/102726\/revisions\/102801"}],"wp:featuredmedia":[{"embeddable":true,"href":"https:\/\/www.ucatolica.edu.co\/portal\/wp-json\/wp\/v2\/media\/102797"}],"wp:attachment":[{"href":"https:\/\/www.ucatolica.edu.co\/portal\/wp-json\/wp\/v2\/media?parent=102726"}],"wp:term":[{"taxonomy":"category","embeddable":true,"href":"https:\/\/www.ucatolica.edu.co\/portal\/wp-json\/wp\/v2\/categories?post=102726"},{"taxonomy":"post_tag","embeddable":true,"href":"https:\/\/www.ucatolica.edu.co\/portal\/wp-json\/wp\/v2\/tags?post=102726"}],"curies":[{"name":"wp","href":"https:\/\/api.w.org\/{rel}","templated":true}]}}