{"id":102732,"date":"2023-11-28T16:39:40","date_gmt":"2023-11-28T21:39:40","guid":{"rendered":"https:\/\/www.ucatolica.edu.co\/portal\/?p=102732"},"modified":"2023-11-29T10:52:48","modified_gmt":"2023-11-29T15:52:48","slug":"nuestra-universidad-participo-en-el-evento-de-red-de-rsu-oducal","status":"publish","type":"post","link":"https:\/\/www.ucatolica.edu.co\/portal\/nuestra-universidad-participo-en-el-evento-de-red-de-rsu-oducal\/","title":{"rendered":"Nuestra Universidad particip\u00f3 en el evento de RED de RSU ODUCAL"},"content":{"rendered":"\n<p>La Coordinaci\u00f3n de Responsabilidad Social de la Universidad Cat\u00f3lica de Colombia tuvo una importante participaci\u00f3n en el programa de eventos de la red <em>RSU de la Organizaci\u00f3n de Universidades Cat\u00f3licas de Am\u00e9rica Latina y el Caribe (ODUCAL)<\/em>, el cual se desarroll\u00f3 a comienzos del mes de noviembre en la Universidad Cat\u00f3lica de Valpara\u00edso; la cual fue la sede anfitriona y cont\u00f3 con la  la participaci\u00f3n de representantes de las siguientes universidades:<\/p>\n\n\n\n<ul class=\"wp-block-list\">\n<li>Universidad De La Salle, M\u00e9xico.<\/li>\n\n\n\n<li>Universidad del Valle de Atemajac (UNIVA), M\u00e9xico.<\/li>\n\n\n\n<li>Universidad Cat\u00f3lica de Loja, Ecuador.<\/li>\n\n\n\n<li>Universidad Cat\u00f3lica de Manizales, Colombia.<\/li>\n\n\n\n<li>Universidad Cat\u00f3lica Santo Toribio de Mogrovejo (USAT), Per\u00fa.<\/li>\n\n\n\n<li>Universidad Cat\u00f3lica de Santa Mar\u00eda, Per\u00fa.<\/li>\n\n\n\n<li>Universidad De La Salle, Brasil.<\/li>\n\n\n\n<li>Pontificia Universidad Cat\u00f3lica de Valpara\u00edso (PUCV), Chile.<\/li>\n\n\n\n<li>Universidad Cat\u00f3lica de Temuco, Chile.<\/li>\n\n\n\n<li>Universidad Cat\u00f3lica Silva Henr\u00edquez, Chile.<\/li>\n\n\n\n<li>Universidad Cat\u00f3lica de Salta, Argentina.<\/li>\n\n\n\n<li>Universidad de Deusto, Espa\u00f1a.<\/li>\n\n\n\n<li>Federaci\u00f3n Internacional de Universidades Cat\u00f3licas (FIUC).<\/li>\n<\/ul>\n\n\n\n<figure class=\"wp-block-image size-full\"><img fetchpriority=\"high\" decoding=\"async\" width=\"870\" height=\"522\" src=\"https:\/\/www.ucatolica.edu.co\/portal\/wp-content\/uploads\/2023\/11\/Grupo-de-personas-reunidas-en-el-encuentro-programa-juvenil-red-rsu-y-seminario-red-rsu.jpg\" alt=\"Grupo-de-personas-reunidas-en-el-encuentro-programa-juvenil-red-rsu-y-seminario-red-rsu\" class=\"wp-image-102734\"\/><\/figure>\n\n\n\n<p>En el marco de este Encuentro, se llev\u00f3 a cabo los siguientes eventos:<br><br>-III Encuentro Programa Juvenil Red RSU ODUCAL 2023<br>&#8211; VII Seminario Red RSU ODUCAL 2023<br>&#8211; Asamblea Representantes Red RSU ODUCAL 2023<br><br>En este espacio, la Coordinadora de Responsabilidad Social de la Universidad Cat\u00f3lica de Colombia, Diana L\u00f3pez Larrota, asisti\u00f3 gracias al financiamiento proporcionado por el Programa Expertos Internacionales del ICETEX, que fomenta de manera activa la participaci\u00f3n de expertos nacionales e internacionales en eventos y actividades tanto en Colombia como en el extranjero.<\/p>\n\n\n\n<figure class=\"wp-block-image size-full is-resized\"><img decoding=\"async\" width=\"1071\" height=\"278\" src=\"https:\/\/www.ucatolica.edu.co\/portal\/wp-content\/uploads\/2023\/07\/logo-manejo-02.png\" alt=\"Logo icetex\" class=\"wp-image-95981\" style=\"width:303px;height:auto\"\/><\/figure>\n","protected":false},"excerpt":{"rendered":"<p>La Coordinaci\u00f3n de Responsabilidad Social de la Universidad Cat\u00f3lica de Colombia tuvo una importante participaci\u00f3n en el programa de eventos de la red RSU de la Organizaci\u00f3n de Universidades Cat\u00f3licas de Am\u00e9rica Latina y el Caribe (ODUCAL), el cual se desarroll\u00f3 a comienzos del mes de noviembre en la Universidad Cat\u00f3lica de Valpara\u00edso; la cual [&hellip;]<\/p>\n","protected":false},"author":4,"featured_media":102733,"comment_status":"open","ping_status":"open","sticky":false,"template":"","format":"standard","meta":{"_acf_changed":false,"advgb_blocks_editor_width":"","advgb_blocks_columns_visual_guide":"","footnotes":""},"categories":[93],"tags":[1528,494,2491,2492],"class_list":["post-102732","post","type-post","status-publish","format-standard","has-post-thumbnail","hentry","category-noticias-principales","tag-icetex","tag-oducal","tag-rsu","tag-universidad-catolica-de-valparaiso"],"acf":[],"yoast_head":"<!-- This site is optimized with the Yoast SEO plugin v26.7 - https:\/\/yoast.com\/wordpress\/plugins\/seo\/ -->\n<title>Nuestra Universidad particip\u00f3 en el evento de RED de RSU ODUCAL - Universidad Cat\u00f3lica De Colombia<\/title>\n<meta name=\"robots\" content=\"index, follow, max-snippet:-1, max-image-preview:large, max-video-preview:-1\" \/>\n<link rel=\"canonical\" href=\"https:\/\/www.ucatolica.edu.co\/portal\/nuestra-universidad-participo-en-el-evento-de-red-de-rsu-oducal\/\" \/>\n<meta property=\"og:locale\" content=\"es_ES\" \/>\n<meta property=\"og:type\" content=\"article\" \/>\n<meta property=\"og:title\" content=\"Nuestra Universidad particip\u00f3 en el evento de RED de RSU ODUCAL - Universidad Cat\u00f3lica De Colombia\" \/>\n<meta property=\"og:description\" content=\"La Coordinaci\u00f3n de Responsabilidad Social de la Universidad Cat\u00f3lica de Colombia tuvo una importante participaci\u00f3n en el programa de eventos de la red RSU de la Organizaci\u00f3n de Universidades Cat\u00f3licas de Am\u00e9rica Latina y el Caribe (ODUCAL), el cual se desarroll\u00f3 a comienzos del mes de noviembre en la Universidad Cat\u00f3lica de Valpara\u00edso; la cual [&hellip;]\" \/>\n<meta property=\"og:url\" content=\"https:\/\/www.ucatolica.edu.co\/portal\/nuestra-universidad-participo-en-el-evento-de-red-de-rsu-oducal\/\" \/>\n<meta property=\"og:site_name\" content=\"Universidad Cat\u00f3lica De Colombia\" \/>\n<meta property=\"article:publisher\" content=\"https:\/\/www.facebook.com\/ucatolicacolombia\" \/>\n<meta property=\"article:published_time\" content=\"2023-11-28T21:39:40+00:00\" \/>\n<meta property=\"article:modified_time\" content=\"2023-11-29T15:52:48+00:00\" \/>\n<meta property=\"og:image\" content=\"https:\/\/www.ucatolica.edu.co\/portal\/wp-content\/uploads\/2023\/11\/Asamblea-representantes-red-rsu-oducal.jpg\" \/>\n\t<meta property=\"og:image:width\" content=\"870\" \/>\n\t<meta property=\"og:image:height\" content=\"522\" \/>\n\t<meta property=\"og:image:type\" content=\"image\/jpeg\" \/>\n<meta name=\"author\" content=\"Cindy Lugo\" \/>\n<meta name=\"twitter:card\" content=\"summary_large_image\" \/>\n<meta name=\"twitter:creator\" content=\"@UCatolicaCol\" \/>\n<meta name=\"twitter:site\" content=\"@UCatolicaCol\" \/>\n<meta name=\"twitter:label1\" content=\"Escrito por\" \/>\n\t<meta name=\"twitter:data1\" content=\"Cindy Lugo\" \/>\n\t<meta name=\"twitter:label2\" content=\"Tiempo de lectura\" \/>\n\t<meta name=\"twitter:data2\" content=\"1 minuto\" \/>\n<script type=\"application\/ld+json\" class=\"yoast-schema-graph\">{\"@context\":\"https:\/\/schema.org\",\"@graph\":[{\"@type\":\"Article\",\"@id\":\"https:\/\/www.ucatolica.edu.co\/portal\/nuestra-universidad-participo-en-el-evento-de-red-de-rsu-oducal\/#article\",\"isPartOf\":{\"@id\":\"https:\/\/www.ucatolica.edu.co\/portal\/nuestra-universidad-participo-en-el-evento-de-red-de-rsu-oducal\/\"},\"author\":{\"name\":\"Cindy Lugo\",\"@id\":\"https:\/\/www.ucatolica.edu.co\/portal\/#\/schema\/person\/a7469afff252fba81c6cdc40c80f00b6\"},\"headline\":\"Nuestra Universidad particip\u00f3 en el evento de RED de RSU ODUCAL\",\"datePublished\":\"2023-11-28T21:39:40+00:00\",\"dateModified\":\"2023-11-29T15:52:48+00:00\",\"mainEntityOfPage\":{\"@id\":\"https:\/\/www.ucatolica.edu.co\/portal\/nuestra-universidad-participo-en-el-evento-de-red-de-rsu-oducal\/\"},\"wordCount\":267,\"commentCount\":0,\"publisher\":{\"@id\":\"https:\/\/www.ucatolica.edu.co\/portal\/#organization\"},\"image\":{\"@id\":\"https:\/\/www.ucatolica.edu.co\/portal\/nuestra-universidad-participo-en-el-evento-de-red-de-rsu-oducal\/#primaryimage\"},\"thumbnailUrl\":\"https:\/\/www.ucatolica.edu.co\/portal\/wp-content\/uploads\/2023\/11\/Asamblea-representantes-red-rsu-oducal.jpg\",\"keywords\":[\"Icetex\",\"ODUCAL\",\"RSU\",\"Universidad Cat\u00f3lica de Valparaiso\"],\"articleSection\":[\"Noticias Principales\"],\"inLanguage\":\"es-CO\"},{\"@type\":\"WebPage\",\"@id\":\"https:\/\/www.ucatolica.edu.co\/portal\/nuestra-universidad-participo-en-el-evento-de-red-de-rsu-oducal\/\",\"url\":\"https:\/\/www.ucatolica.edu.co\/portal\/nuestra-universidad-participo-en-el-evento-de-red-de-rsu-oducal\/\",\"name\":\"Nuestra Universidad particip\u00f3 en el evento de RED de RSU ODUCAL - Universidad Cat\u00f3lica De Colombia\",\"isPartOf\":{\"@id\":\"https:\/\/www.ucatolica.edu.co\/portal\/#website\"},\"primaryImageOfPage\":{\"@id\":\"https:\/\/www.ucatolica.edu.co\/portal\/nuestra-universidad-participo-en-el-evento-de-red-de-rsu-oducal\/#primaryimage\"},\"image\":{\"@id\":\"https:\/\/www.ucatolica.edu.co\/portal\/nuestra-universidad-participo-en-el-evento-de-red-de-rsu-oducal\/#primaryimage\"},\"thumbnailUrl\":\"https:\/\/www.ucatolica.edu.co\/portal\/wp-content\/uploads\/2023\/11\/Asamblea-representantes-red-rsu-oducal.jpg\",\"datePublished\":\"2023-11-28T21:39:40+00:00\",\"dateModified\":\"2023-11-29T15:52:48+00:00\",\"breadcrumb\":{\"@id\":\"https:\/\/www.ucatolica.edu.co\/portal\/nuestra-universidad-participo-en-el-evento-de-red-de-rsu-oducal\/#breadcrumb\"},\"inLanguage\":\"es-CO\",\"potentialAction\":[{\"@type\":\"ReadAction\",\"target\":[\"https:\/\/www.ucatolica.edu.co\/portal\/nuestra-universidad-participo-en-el-evento-de-red-de-rsu-oducal\/\"]}]},{\"@type\":\"ImageObject\",\"inLanguage\":\"es-CO\",\"@id\":\"https:\/\/www.ucatolica.edu.co\/portal\/nuestra-universidad-participo-en-el-evento-de-red-de-rsu-oducal\/#primaryimage\",\"url\":\"https:\/\/www.ucatolica.edu.co\/portal\/wp-content\/uploads\/2023\/11\/Asamblea-representantes-red-rsu-oducal.jpg\",\"contentUrl\":\"https:\/\/www.ucatolica.edu.co\/portal\/wp-content\/uploads\/2023\/11\/Asamblea-representantes-red-rsu-oducal.jpg\",\"width\":870,\"height\":522,\"caption\":\"Asamblea-representantes-red-rsu-oducal\"},{\"@type\":\"BreadcrumbList\",\"@id\":\"https:\/\/www.ucatolica.edu.co\/portal\/nuestra-universidad-participo-en-el-evento-de-red-de-rsu-oducal\/#breadcrumb\",\"itemListElement\":[{\"@type\":\"ListItem\",\"position\":1,\"name\":\"Inicio\",\"item\":\"https:\/\/www.ucatolica.edu.co\/portal\/\"},{\"@type\":\"ListItem\",\"position\":2,\"name\":\"Nuestra Universidad particip\u00f3 en el evento de RED de RSU ODUCAL\"}]},{\"@type\":\"WebSite\",\"@id\":\"https:\/\/www.ucatolica.edu.co\/portal\/#website\",\"url\":\"https:\/\/www.ucatolica.edu.co\/portal\/\",\"name\":\"Universidad Cat\u00f3lica De Colombia\",\"description\":\"Universidad Cat\u00f3lica De Colombia\",\"publisher\":{\"@id\":\"https:\/\/www.ucatolica.edu.co\/portal\/#organization\"},\"potentialAction\":[{\"@type\":\"SearchAction\",\"target\":{\"@type\":\"EntryPoint\",\"urlTemplate\":\"https:\/\/www.ucatolica.edu.co\/portal\/?s={search_term_string}\"},\"query-input\":{\"@type\":\"PropertyValueSpecification\",\"valueRequired\":true,\"valueName\":\"search_term_string\"}}],\"inLanguage\":\"es-CO\"},{\"@type\":\"Organization\",\"@id\":\"https:\/\/www.ucatolica.edu.co\/portal\/#organization\",\"name\":\"Universidad Cat\u00f3lica de Colombia\",\"url\":\"https:\/\/www.ucatolica.edu.co\/portal\/\",\"logo\":{\"@type\":\"ImageObject\",\"inLanguage\":\"es-CO\",\"@id\":\"https:\/\/www.ucatolica.edu.co\/portal\/#\/schema\/logo\/image\/\",\"url\":\"https:\/\/www.ucatolica.edu.co\/portal\/wp-content\/uploads\/2021\/06\/logo-header-ho-1.svg\",\"contentUrl\":\"https:\/\/www.ucatolica.edu.co\/portal\/wp-content\/uploads\/2021\/06\/logo-header-ho-1.svg\",\"width\":1,\"height\":1,\"caption\":\"Universidad Cat\u00f3lica de Colombia\"},\"image\":{\"@id\":\"https:\/\/www.ucatolica.edu.co\/portal\/#\/schema\/logo\/image\/\"},\"sameAs\":[\"https:\/\/www.facebook.com\/ucatolicacolombia\",\"https:\/\/x.com\/UCatolicaCol\",\"https:\/\/www.instagram.com\/universidadcatolicadecolombia\/\",\"https:\/\/www.linkedin.com\/company\/universidadcatolicadecolombia\/\",\"https:\/\/www.youtube.com\/user\/UCatolicaCo\"]},{\"@type\":\"Person\",\"@id\":\"https:\/\/www.ucatolica.edu.co\/portal\/#\/schema\/person\/a7469afff252fba81c6cdc40c80f00b6\",\"name\":\"Cindy Lugo\",\"url\":\"https:\/\/www.ucatolica.edu.co\/portal\/author\/cindy\/\"}]}<\/script>\n<!-- \/ Yoast SEO plugin. -->","yoast_head_json":{"title":"Nuestra Universidad particip\u00f3 en el evento de RED de RSU ODUCAL - Universidad Cat\u00f3lica De Colombia","robots":{"index":"index","follow":"follow","max-snippet":"max-snippet:-1","max-image-preview":"max-image-preview:large","max-video-preview":"max-video-preview:-1"},"canonical":"https:\/\/www.ucatolica.edu.co\/portal\/nuestra-universidad-participo-en-el-evento-de-red-de-rsu-oducal\/","og_locale":"es_ES","og_type":"article","og_title":"Nuestra Universidad particip\u00f3 en el evento de RED de RSU ODUCAL - Universidad Cat\u00f3lica De Colombia","og_description":"La Coordinaci\u00f3n de Responsabilidad Social de la Universidad Cat\u00f3lica de Colombia tuvo una importante participaci\u00f3n en el programa de eventos de la red RSU de la Organizaci\u00f3n de Universidades Cat\u00f3licas de Am\u00e9rica Latina y el Caribe (ODUCAL), el cual se desarroll\u00f3 a comienzos del mes de noviembre en la Universidad Cat\u00f3lica de Valpara\u00edso; la cual [&hellip;]","og_url":"https:\/\/www.ucatolica.edu.co\/portal\/nuestra-universidad-participo-en-el-evento-de-red-de-rsu-oducal\/","og_site_name":"Universidad Cat\u00f3lica De Colombia","article_publisher":"https:\/\/www.facebook.com\/ucatolicacolombia","article_published_time":"2023-11-28T21:39:40+00:00","article_modified_time":"2023-11-29T15:52:48+00:00","og_image":[{"width":870,"height":522,"url":"https:\/\/www.ucatolica.edu.co\/portal\/wp-content\/uploads\/2023\/11\/Asamblea-representantes-red-rsu-oducal.jpg","type":"image\/jpeg"}],"author":"Cindy Lugo","twitter_card":"summary_large_image","twitter_creator":"@UCatolicaCol","twitter_site":"@UCatolicaCol","twitter_misc":{"Escrito por":"Cindy Lugo","Tiempo de lectura":"1 minuto"},"schema":{"@context":"https:\/\/schema.org","@graph":[{"@type":"Article","@id":"https:\/\/www.ucatolica.edu.co\/portal\/nuestra-universidad-participo-en-el-evento-de-red-de-rsu-oducal\/#article","isPartOf":{"@id":"https:\/\/www.ucatolica.edu.co\/portal\/nuestra-universidad-participo-en-el-evento-de-red-de-rsu-oducal\/"},"author":{"name":"Cindy Lugo","@id":"https:\/\/www.ucatolica.edu.co\/portal\/#\/schema\/person\/a7469afff252fba81c6cdc40c80f00b6"},"headline":"Nuestra Universidad particip\u00f3 en el evento de RED de RSU ODUCAL","datePublished":"2023-11-28T21:39:40+00:00","dateModified":"2023-11-29T15:52:48+00:00","mainEntityOfPage":{"@id":"https:\/\/www.ucatolica.edu.co\/portal\/nuestra-universidad-participo-en-el-evento-de-red-de-rsu-oducal\/"},"wordCount":267,"commentCount":0,"publisher":{"@id":"https:\/\/www.ucatolica.edu.co\/portal\/#organization"},"image":{"@id":"https:\/\/www.ucatolica.edu.co\/portal\/nuestra-universidad-participo-en-el-evento-de-red-de-rsu-oducal\/#primaryimage"},"thumbnailUrl":"https:\/\/www.ucatolica.edu.co\/portal\/wp-content\/uploads\/2023\/11\/Asamblea-representantes-red-rsu-oducal.jpg","keywords":["Icetex","ODUCAL","RSU","Universidad Cat\u00f3lica de Valparaiso"],"articleSection":["Noticias Principales"],"inLanguage":"es-CO"},{"@type":"WebPage","@id":"https:\/\/www.ucatolica.edu.co\/portal\/nuestra-universidad-participo-en-el-evento-de-red-de-rsu-oducal\/","url":"https:\/\/www.ucatolica.edu.co\/portal\/nuestra-universidad-participo-en-el-evento-de-red-de-rsu-oducal\/","name":"Nuestra Universidad particip\u00f3 en el evento de RED de RSU ODUCAL - Universidad Cat\u00f3lica De Colombia","isPartOf":{"@id":"https:\/\/www.ucatolica.edu.co\/portal\/#website"},"primaryImageOfPage":{"@id":"https:\/\/www.ucatolica.edu.co\/portal\/nuestra-universidad-participo-en-el-evento-de-red-de-rsu-oducal\/#primaryimage"},"image":{"@id":"https:\/\/www.ucatolica.edu.co\/portal\/nuestra-universidad-participo-en-el-evento-de-red-de-rsu-oducal\/#primaryimage"},"thumbnailUrl":"https:\/\/www.ucatolica.edu.co\/portal\/wp-content\/uploads\/2023\/11\/Asamblea-representantes-red-rsu-oducal.jpg","datePublished":"2023-11-28T21:39:40+00:00","dateModified":"2023-11-29T15:52:48+00:00","breadcrumb":{"@id":"https:\/\/www.ucatolica.edu.co\/portal\/nuestra-universidad-participo-en-el-evento-de-red-de-rsu-oducal\/#breadcrumb"},"inLanguage":"es-CO","potentialAction":[{"@type":"ReadAction","target":["https:\/\/www.ucatolica.edu.co\/portal\/nuestra-universidad-participo-en-el-evento-de-red-de-rsu-oducal\/"]}]},{"@type":"ImageObject","inLanguage":"es-CO","@id":"https:\/\/www.ucatolica.edu.co\/portal\/nuestra-universidad-participo-en-el-evento-de-red-de-rsu-oducal\/#primaryimage","url":"https:\/\/www.ucatolica.edu.co\/portal\/wp-content\/uploads\/2023\/11\/Asamblea-representantes-red-rsu-oducal.jpg","contentUrl":"https:\/\/www.ucatolica.edu.co\/portal\/wp-content\/uploads\/2023\/11\/Asamblea-representantes-red-rsu-oducal.jpg","width":870,"height":522,"caption":"Asamblea-representantes-red-rsu-oducal"},{"@type":"BreadcrumbList","@id":"https:\/\/www.ucatolica.edu.co\/portal\/nuestra-universidad-participo-en-el-evento-de-red-de-rsu-oducal\/#breadcrumb","itemListElement":[{"@type":"ListItem","position":1,"name":"Inicio","item":"https:\/\/www.ucatolica.edu.co\/portal\/"},{"@type":"ListItem","position":2,"name":"Nuestra Universidad particip\u00f3 en el evento de RED de RSU ODUCAL"}]},{"@type":"WebSite","@id":"https:\/\/www.ucatolica.edu.co\/portal\/#website","url":"https:\/\/www.ucatolica.edu.co\/portal\/","name":"Universidad Cat\u00f3lica De Colombia","description":"Universidad Cat\u00f3lica De Colombia","publisher":{"@id":"https:\/\/www.ucatolica.edu.co\/portal\/#organization"},"potentialAction":[{"@type":"SearchAction","target":{"@type":"EntryPoint","urlTemplate":"https:\/\/www.ucatolica.edu.co\/portal\/?s={search_term_string}"},"query-input":{"@type":"PropertyValueSpecification","valueRequired":true,"valueName":"search_term_string"}}],"inLanguage":"es-CO"},{"@type":"Organization","@id":"https:\/\/www.ucatolica.edu.co\/portal\/#organization","name":"Universidad Cat\u00f3lica de Colombia","url":"https:\/\/www.ucatolica.edu.co\/portal\/","logo":{"@type":"ImageObject","inLanguage":"es-CO","@id":"https:\/\/www.ucatolica.edu.co\/portal\/#\/schema\/logo\/image\/","url":"https:\/\/www.ucatolica.edu.co\/portal\/wp-content\/uploads\/2021\/06\/logo-header-ho-1.svg","contentUrl":"https:\/\/www.ucatolica.edu.co\/portal\/wp-content\/uploads\/2021\/06\/logo-header-ho-1.svg","width":1,"height":1,"caption":"Universidad Cat\u00f3lica de Colombia"},"image":{"@id":"https:\/\/www.ucatolica.edu.co\/portal\/#\/schema\/logo\/image\/"},"sameAs":["https:\/\/www.facebook.com\/ucatolicacolombia","https:\/\/x.com\/UCatolicaCol","https:\/\/www.instagram.com\/universidadcatolicadecolombia\/","https:\/\/www.linkedin.com\/company\/universidadcatolicadecolombia\/","https:\/\/www.youtube.com\/user\/UCatolicaCo"]},{"@type":"Person","@id":"https:\/\/www.ucatolica.edu.co\/portal\/#\/schema\/person\/a7469afff252fba81c6cdc40c80f00b6","name":"Cindy Lugo","url":"https:\/\/www.ucatolica.edu.co\/portal\/author\/cindy\/"}]}},"author_meta":{"display_name":"Cindy Lugo","author_link":"https:\/\/www.ucatolica.edu.co\/portal\/author\/cindy\/"},"featured_img":"https:\/\/www.ucatolica.edu.co\/portal\/wp-content\/uploads\/2023\/11\/Asamblea-representantes-red-rsu-oducal.jpg","coauthors":[],"tax_additional":{"categories":{"linked":["<a href=\"https:\/\/www.ucatolica.edu.co\/portal\/category\/noticias-principales\/\" class=\"advgb-post-tax-term\">Noticias Principales<\/a>"],"unlinked":["<span class=\"advgb-post-tax-term\">Noticias Principales<\/span>"]},"tags":{"linked":["<a href=\"https:\/\/www.ucatolica.edu.co\/portal\/category\/noticias-principales\/\" class=\"advgb-post-tax-term\">Icetex<\/a>","<a href=\"https:\/\/www.ucatolica.edu.co\/portal\/category\/noticias-principales\/\" class=\"advgb-post-tax-term\">ODUCAL<\/a>","<a href=\"https:\/\/www.ucatolica.edu.co\/portal\/category\/noticias-principales\/\" class=\"advgb-post-tax-term\">RSU<\/a>","<a href=\"https:\/\/www.ucatolica.edu.co\/portal\/category\/noticias-principales\/\" class=\"advgb-post-tax-term\">Universidad Cat\u00f3lica de Valparaiso<\/a>"],"unlinked":["<span class=\"advgb-post-tax-term\">Icetex<\/span>","<span class=\"advgb-post-tax-term\">ODUCAL<\/span>","<span class=\"advgb-post-tax-term\">RSU<\/span>","<span class=\"advgb-post-tax-term\">Universidad Cat\u00f3lica de Valparaiso<\/span>"]}},"comment_count":"0","relative_dates":{"created":"Posted 2 a\u00f1os ago","modified":"Updated 2 a\u00f1os ago"},"absolute_dates":{"created":"Posted on 28 noviembre, 2023","modified":"Updated on 29 noviembre, 2023"},"absolute_dates_time":{"created":"Posted on 28 noviembre, 2023 4:39 pm","modified":"Updated on 29 noviembre, 2023 10:52 am"},"featured_img_caption":"","series_order":"","_links":{"self":[{"href":"https:\/\/www.ucatolica.edu.co\/portal\/wp-json\/wp\/v2\/posts\/102732","targetHints":{"allow":["GET"]}}],"collection":[{"href":"https:\/\/www.ucatolica.edu.co\/portal\/wp-json\/wp\/v2\/posts"}],"about":[{"href":"https:\/\/www.ucatolica.edu.co\/portal\/wp-json\/wp\/v2\/types\/post"}],"author":[{"embeddable":true,"href":"https:\/\/www.ucatolica.edu.co\/portal\/wp-json\/wp\/v2\/users\/4"}],"replies":[{"embeddable":true,"href":"https:\/\/www.ucatolica.edu.co\/portal\/wp-json\/wp\/v2\/comments?post=102732"}],"version-history":[{"count":3,"href":"https:\/\/www.ucatolica.edu.co\/portal\/wp-json\/wp\/v2\/posts\/102732\/revisions"}],"predecessor-version":[{"id":102757,"href":"https:\/\/www.ucatolica.edu.co\/portal\/wp-json\/wp\/v2\/posts\/102732\/revisions\/102757"}],"wp:featuredmedia":[{"embeddable":true,"href":"https:\/\/www.ucatolica.edu.co\/portal\/wp-json\/wp\/v2\/media\/102733"}],"wp:attachment":[{"href":"https:\/\/www.ucatolica.edu.co\/portal\/wp-json\/wp\/v2\/media?parent=102732"}],"wp:term":[{"taxonomy":"category","embeddable":true,"href":"https:\/\/www.ucatolica.edu.co\/portal\/wp-json\/wp\/v2\/categories?post=102732"},{"taxonomy":"post_tag","embeddable":true,"href":"https:\/\/www.ucatolica.edu.co\/portal\/wp-json\/wp\/v2\/tags?post=102732"}],"curies":[{"name":"wp","href":"https:\/\/api.w.org\/{rel}","templated":true}]}}