{"id":102873,"date":"2023-12-01T12:48:14","date_gmt":"2023-12-01T17:48:14","guid":{"rendered":"https:\/\/www.ucatolica.edu.co\/portal\/?p=102873"},"modified":"2023-12-01T12:50:32","modified_gmt":"2023-12-01T17:50:32","slug":"asi-se-vivio-el-evento-de-egresado-distinguido-2023","status":"publish","type":"post","link":"https:\/\/www.ucatolica.edu.co\/portal\/asi-se-vivio-el-evento-de-egresado-distinguido-2023\/","title":{"rendered":"As\u00ed se vivi\u00f3 el Evento de Egresado Distinguido 2023"},"content":{"rendered":"\n<p>El 27 de noviembre se llev\u00f3 a cabo el evento anual de Egresado Distinguido 2023 en el Centro de Convenciones de la Sede 4, donde se exalt\u00f3 la labor de los egresados que han dejado en alto el nombre de la instituci\u00f3n, reconociendo su impacto altamente positivo en la sociedad y ejemplo de calidad en cada \u00e1mbito de su vida laboral. <\/p>\n\n\n\n<p>En la mesa principal de la ceremonia estuvieron presentes la Dra. Tania Charris, Directora de la Direcci\u00f3n de Extensi\u00f3n; la Dra. Idaly Barreto, Vicerrectora Acad\u00e9mica; el Ingeniero Jaime Diaz, Decano de la Facultad de Ingenier\u00eda; el Arquitecto Werner G\u00f3mez, Decano de la Facultad de Dise\u00f1o; el Dr. German Silva, Decano de la Facultad de Derecho; el Dr. Marcos Vera, Decano de la Facultad de Ciencias Econ\u00f3micas y Administrativas y la Psic\u00f3loga Iliana Paola Quintada, Decana de la Facultad de Psicolog\u00eda; quienes fueron los encargados de dar el reconocimiento a los egresados de cada Facultad.<\/p>\n\n\n\n<p>En el momento de apertura, como representante de la mesa directiva, habl\u00f3 la Dra Idaly Barreto, quien afirm\u00f3 que los egresados presentes eran un orgullo para la Instituci\u00f3n por ser l\u00edderes profesionales en cada paso que dan y los invit\u00f3 a compartir sus experiencias y conocimientos para las generaciones futuras, record\u00e1ndoles que su Universidad est\u00e1 para apoyarlos en su crecimiento profesional.<\/p>\n\n\n\n<figure class=\"wp-block-image size-full\"><img fetchpriority=\"high\" decoding=\"async\" width=\"870\" height=\"522\" src=\"https:\/\/www.ucatolica.edu.co\/portal\/wp-content\/uploads\/2023\/12\/Fotos-EgresadoDistinguido-2.jpg\" alt=\"\" class=\"wp-image-102877\"\/><\/figure>\n\n\n\n<p>En este momento de intervenciones, como representantes de los Egresados homenajeados habl\u00f3 el <em>Magistrado: Jorge Hern\u00e1n D\u00edaz Soto, <\/em>quien en su discurso solo tuvo palabras de agradecimiento frente a la Instituci\u00f3n y la <em>Arquitecta, Luz Priscila Camargo Serrano<\/em> , qui\u00e9n agreg\u00f3 que el orgullo que siente por su Facultad, acrecienta cada vez m\u00e1s, por su posicionamiento a nivel nacional e internacional.<\/p>\n\n\n\n<p>Despu\u00e9s de terminadas estas palabras, se dio paso a las entregas de las placas como reconocimiento, a los siguientes egresados:<br><br>&#8211; Luz Priscila Camargo Serrano. Arquitectura.<br>&#8211; Estefanny Pamela Basto Urbina. Maestr\u00eda en Desarrollo Sostenible.<br>&#8211; Yors Alexander Garc\u00eda Olaya. Psicolog\u00eda.<br>&#8211; Irma Yaneth G\u00f3mez. Maestr\u00eda en Psicolog\u00eda.<br>&#8211; Kimberly Barriga P\u00e9rez. Especializaci\u00f3n en Psicolog\u00eda Cl\u00ednica.<br>&#8211; Jenny Rocio Chantr\u00e9 Parra. Especializaci\u00f3n en Psicolog\u00eda Educativa.<br>-Carolina Blanco Garay. Especializaci\u00f3n en Psicolog\u00eda Jur\u00eddica y Criminol\u00f3gica.<br>-Sandra Patricia Hern\u00e1ndez Rinc\u00f3n. Especializaci\u00f3n en Psicolog\u00eda de las Organizaciones.<br>-C\u00e9sar Augusto Osorio Casta\u00f1o. Doctorado en Psicolog\u00eda.<br>-Juan Carlos Urue\u00f1a Mej\u00eda. Econom\u00eda.<br>&#8211; Ricardo Agust\u00edn Pach\u00f3n Piragauta. Esp. en Formulaci\u00f3n y Evaluaci\u00f3n Social y Econ\u00f3mica de Proyectos.<br>&#8211; Angie Johanna Pineda Rodr\u00edguez. Esp. en Administraci\u00f3n Financiera.<br>&#8211; Ivana Paola Montes L\u00f3pez. Esp. en Derecho Constitucional y Administrativo.<br>&#8211; Harold Eduardo Medina Vargas. Esp. en Derecho Penal y Ciencias Forenses.<br>&#8211; Mar\u00eda Clara Quitian Escamilla. Esp. en Derecho Probatorio.<br>&#8211; Mar\u00eda Camila Alvarado Vivas. Esp. en Derecho Tributario y Aduanero.<br>&#8211; Cindy Valeria Fisco Zapata. Esp. en Gobierno y Gesti\u00f3n del Desarrollo Regional y Municipal.<br>&#8211; Judit Molina Ariza. Esp. en Derecho del Trabajo y Seguridad Social.<br>&#8211; Carlos Enrique Silgado Betancourt. Maestr\u00eda en Derechos Humanos y Derecho Internacional Humanitario.<br>&#8211; Ram\u00f3n Enrique Serje Logreira. Maestr\u00eda en Ciencia Pol\u00edtica.<br>&#8211; Jorge Hern\u00e1n D\u00edaz Soto Derecho.<br>&#8211; Manuel Andr\u00e9s Olua Mart\u00ednez. Especializaci\u00f3n en Ingenier\u00eda de Pavimentos.<br>&#8211; Leidy Tatiana Naranjo Moreno. Especializaci\u00f3n en Recursos H\u00eddricos.<br>&#8211; Zulma Stella Pardo Vargas. Especializaci\u00f3n en Gerencia de Obras.<br>&#8211; Juan Carlos L\u00f3pez Montenegro. Especializaci\u00f3n en Seguridad de la Informaci\u00f3n.<br>&#8211; Fredy Arnulfo Rodr\u00edguez Villareal .Ingenier\u00eda Civil.<br>&#8211; Mar\u00eda Cristina Ordo\u00f1ez Soto. Ingenier\u00eda Electr\u00f3nica.<br>&#8211; Daihana Lisbeth Fl\u00f3rez Baracaldo. Ingenier\u00eda Industrial.<br>&#8211; Clara Patricia Avella Ib\u00e1\u00f1ez. Ingenier\u00eda de Sistemas.<br><\/p>\n\n\n\n<figure class=\"wp-block-image size-full\"><img decoding=\"async\" width=\"870\" height=\"522\" src=\"https:\/\/www.ucatolica.edu.co\/portal\/wp-content\/uploads\/2023\/12\/Fotos-EgresadoDistinguido-3.jpg\" alt=\"\" class=\"wp-image-102878\"\/><\/figure>\n\n\n\n<p>Les invitamos a ver las siguientes entrevistas que tambi\u00e9n se le realizaron a dos de los egresados distinguidos, donde hablaron del paso por la Universidad Cat\u00f3lica de Colombia y lo que signific\u00f3 para su vida personal y profesional haber hecho su pregrado o posgrado en nuestra Instituci\u00f3n.<\/p>\n\n\n\n<ul class=\"wp-block-list\">\n<li><strong><a href=\"https:\/\/www.youtube.com\/watch?v=lmj7e_GT-Rw\">Ingeniera Zulma Pardo<\/a> <\/strong>&#8211; Egresada de la Especializaci\u00f3n Gerencia de Obras.<\/li>\n\n\n\n<li><a href=\"https:\/\/www.youtube.com\/watch?v=ve8w7_MH2UA\"><strong>Psic\u00f3logo Yors Alexander Garc\u00eda<\/strong><\/a> &#8211; Egresado del programa de Psicolog\u00eda.<\/li>\n<\/ul>\n\n\n\n<p>Para la Universidad, decanos y directivos fue un honor recibirlos nuevamente en su alma m\u00e1ter.<br><br>\u00a1Felicitaciones!<\/p>\n","protected":false},"excerpt":{"rendered":"<p>El 27 de noviembre se llev\u00f3 a cabo el evento anual de Egresado Distinguido 2023 en el Centro de Convenciones de la Sede 4, donde se exalt\u00f3 la labor de los egresados que han dejado en alto el nombre de la instituci\u00f3n, reconociendo su impacto altamente positivo en la sociedad y ejemplo de calidad en [&hellip;]<\/p>\n","protected":false},"author":4,"featured_media":102876,"comment_status":"open","ping_status":"open","sticky":false,"template":"","format":"standard","meta":{"_acf_changed":false,"advgb_blocks_editor_width":"","advgb_blocks_columns_visual_guide":"","footnotes":""},"categories":[93],"tags":[2497,519,113,763],"class_list":["post-102873","post","type-post","status-publish","format-standard","has-post-thumbnail","hentry","category-noticias-principales","tag-egresado-distinguido-2023","tag-egresados","tag-orgulloucatolica","tag-reconocimiento"],"acf":[],"yoast_head":"<!-- This site is optimized with the Yoast SEO plugin v26.7 - https:\/\/yoast.com\/wordpress\/plugins\/seo\/ -->\n<title>As\u00ed se vivi\u00f3 el Evento de Egresado Distinguido 2023 - Universidad Cat\u00f3lica De Colombia<\/title>\n<meta name=\"robots\" content=\"index, follow, max-snippet:-1, max-image-preview:large, max-video-preview:-1\" \/>\n<link rel=\"canonical\" href=\"https:\/\/www.ucatolica.edu.co\/portal\/asi-se-vivio-el-evento-de-egresado-distinguido-2023\/\" \/>\n<meta property=\"og:locale\" content=\"es_ES\" \/>\n<meta property=\"og:type\" content=\"article\" \/>\n<meta property=\"og:title\" content=\"As\u00ed se vivi\u00f3 el Evento de Egresado Distinguido 2023 - Universidad Cat\u00f3lica De Colombia\" \/>\n<meta property=\"og:description\" content=\"El 27 de noviembre se llev\u00f3 a cabo el evento anual de Egresado Distinguido 2023 en el Centro de Convenciones de la Sede 4, donde se exalt\u00f3 la labor de los egresados que han dejado en alto el nombre de la instituci\u00f3n, reconociendo su impacto altamente positivo en la sociedad y ejemplo de calidad en [&hellip;]\" \/>\n<meta property=\"og:url\" content=\"https:\/\/www.ucatolica.edu.co\/portal\/asi-se-vivio-el-evento-de-egresado-distinguido-2023\/\" \/>\n<meta property=\"og:site_name\" content=\"Universidad Cat\u00f3lica De Colombia\" \/>\n<meta property=\"article:publisher\" content=\"https:\/\/www.facebook.com\/ucatolicacolombia\" \/>\n<meta property=\"article:published_time\" content=\"2023-12-01T17:48:14+00:00\" \/>\n<meta property=\"article:modified_time\" content=\"2023-12-01T17:50:32+00:00\" \/>\n<meta property=\"og:image\" content=\"https:\/\/www.ucatolica.edu.co\/portal\/wp-content\/uploads\/2023\/12\/Fotos-EgresadoDistinguido-1.jpg\" \/>\n\t<meta property=\"og:image:width\" content=\"870\" \/>\n\t<meta property=\"og:image:height\" content=\"522\" \/>\n\t<meta property=\"og:image:type\" content=\"image\/jpeg\" \/>\n<meta name=\"author\" content=\"Cindy Lugo\" \/>\n<meta name=\"twitter:card\" content=\"summary_large_image\" \/>\n<meta name=\"twitter:creator\" content=\"@UCatolicaCol\" \/>\n<meta name=\"twitter:site\" content=\"@UCatolicaCol\" \/>\n<meta name=\"twitter:label1\" content=\"Escrito por\" \/>\n\t<meta name=\"twitter:data1\" content=\"Cindy Lugo\" \/>\n\t<meta name=\"twitter:label2\" content=\"Tiempo de lectura\" \/>\n\t<meta name=\"twitter:data2\" content=\"4 minutos\" \/>\n<script type=\"application\/ld+json\" class=\"yoast-schema-graph\">{\"@context\":\"https:\/\/schema.org\",\"@graph\":[{\"@type\":\"Article\",\"@id\":\"https:\/\/www.ucatolica.edu.co\/portal\/asi-se-vivio-el-evento-de-egresado-distinguido-2023\/#article\",\"isPartOf\":{\"@id\":\"https:\/\/www.ucatolica.edu.co\/portal\/asi-se-vivio-el-evento-de-egresado-distinguido-2023\/\"},\"author\":{\"name\":\"Cindy Lugo\",\"@id\":\"https:\/\/www.ucatolica.edu.co\/portal\/#\/schema\/person\/a7469afff252fba81c6cdc40c80f00b6\"},\"headline\":\"As\u00ed se vivi\u00f3 el Evento de Egresado Distinguido 2023\",\"datePublished\":\"2023-12-01T17:48:14+00:00\",\"dateModified\":\"2023-12-01T17:50:32+00:00\",\"mainEntityOfPage\":{\"@id\":\"https:\/\/www.ucatolica.edu.co\/portal\/asi-se-vivio-el-evento-de-egresado-distinguido-2023\/\"},\"wordCount\":742,\"commentCount\":0,\"publisher\":{\"@id\":\"https:\/\/www.ucatolica.edu.co\/portal\/#organization\"},\"image\":{\"@id\":\"https:\/\/www.ucatolica.edu.co\/portal\/asi-se-vivio-el-evento-de-egresado-distinguido-2023\/#primaryimage\"},\"thumbnailUrl\":\"https:\/\/www.ucatolica.edu.co\/portal\/wp-content\/uploads\/2023\/12\/Fotos-EgresadoDistinguido-1.jpg\",\"keywords\":[\"Egresado distinguido 2023\",\"Egresados\",\"OrgulloUcat\u00f3lica\",\"Reconocimiento\"],\"articleSection\":[\"Noticias Principales\"],\"inLanguage\":\"es-CO\"},{\"@type\":\"WebPage\",\"@id\":\"https:\/\/www.ucatolica.edu.co\/portal\/asi-se-vivio-el-evento-de-egresado-distinguido-2023\/\",\"url\":\"https:\/\/www.ucatolica.edu.co\/portal\/asi-se-vivio-el-evento-de-egresado-distinguido-2023\/\",\"name\":\"As\u00ed se vivi\u00f3 el Evento de Egresado Distinguido 2023 - Universidad Cat\u00f3lica De Colombia\",\"isPartOf\":{\"@id\":\"https:\/\/www.ucatolica.edu.co\/portal\/#website\"},\"primaryImageOfPage\":{\"@id\":\"https:\/\/www.ucatolica.edu.co\/portal\/asi-se-vivio-el-evento-de-egresado-distinguido-2023\/#primaryimage\"},\"image\":{\"@id\":\"https:\/\/www.ucatolica.edu.co\/portal\/asi-se-vivio-el-evento-de-egresado-distinguido-2023\/#primaryimage\"},\"thumbnailUrl\":\"https:\/\/www.ucatolica.edu.co\/portal\/wp-content\/uploads\/2023\/12\/Fotos-EgresadoDistinguido-1.jpg\",\"datePublished\":\"2023-12-01T17:48:14+00:00\",\"dateModified\":\"2023-12-01T17:50:32+00:00\",\"breadcrumb\":{\"@id\":\"https:\/\/www.ucatolica.edu.co\/portal\/asi-se-vivio-el-evento-de-egresado-distinguido-2023\/#breadcrumb\"},\"inLanguage\":\"es-CO\",\"potentialAction\":[{\"@type\":\"ReadAction\",\"target\":[\"https:\/\/www.ucatolica.edu.co\/portal\/asi-se-vivio-el-evento-de-egresado-distinguido-2023\/\"]}]},{\"@type\":\"ImageObject\",\"inLanguage\":\"es-CO\",\"@id\":\"https:\/\/www.ucatolica.edu.co\/portal\/asi-se-vivio-el-evento-de-egresado-distinguido-2023\/#primaryimage\",\"url\":\"https:\/\/www.ucatolica.edu.co\/portal\/wp-content\/uploads\/2023\/12\/Fotos-EgresadoDistinguido-1.jpg\",\"contentUrl\":\"https:\/\/www.ucatolica.edu.co\/portal\/wp-content\/uploads\/2023\/12\/Fotos-EgresadoDistinguido-1.jpg\",\"width\":870,\"height\":522,\"caption\":\"Fotos egresado distinguido 2023\"},{\"@type\":\"BreadcrumbList\",\"@id\":\"https:\/\/www.ucatolica.edu.co\/portal\/asi-se-vivio-el-evento-de-egresado-distinguido-2023\/#breadcrumb\",\"itemListElement\":[{\"@type\":\"ListItem\",\"position\":1,\"name\":\"Inicio\",\"item\":\"https:\/\/www.ucatolica.edu.co\/portal\/\"},{\"@type\":\"ListItem\",\"position\":2,\"name\":\"As\u00ed se vivi\u00f3 el Evento de Egresado Distinguido 2023\"}]},{\"@type\":\"WebSite\",\"@id\":\"https:\/\/www.ucatolica.edu.co\/portal\/#website\",\"url\":\"https:\/\/www.ucatolica.edu.co\/portal\/\",\"name\":\"Universidad Cat\u00f3lica De Colombia\",\"description\":\"Universidad Cat\u00f3lica De Colombia\",\"publisher\":{\"@id\":\"https:\/\/www.ucatolica.edu.co\/portal\/#organization\"},\"potentialAction\":[{\"@type\":\"SearchAction\",\"target\":{\"@type\":\"EntryPoint\",\"urlTemplate\":\"https:\/\/www.ucatolica.edu.co\/portal\/?s={search_term_string}\"},\"query-input\":{\"@type\":\"PropertyValueSpecification\",\"valueRequired\":true,\"valueName\":\"search_term_string\"}}],\"inLanguage\":\"es-CO\"},{\"@type\":\"Organization\",\"@id\":\"https:\/\/www.ucatolica.edu.co\/portal\/#organization\",\"name\":\"Universidad Cat\u00f3lica de Colombia\",\"url\":\"https:\/\/www.ucatolica.edu.co\/portal\/\",\"logo\":{\"@type\":\"ImageObject\",\"inLanguage\":\"es-CO\",\"@id\":\"https:\/\/www.ucatolica.edu.co\/portal\/#\/schema\/logo\/image\/\",\"url\":\"https:\/\/www.ucatolica.edu.co\/portal\/wp-content\/uploads\/2021\/06\/logo-header-ho-1.svg\",\"contentUrl\":\"https:\/\/www.ucatolica.edu.co\/portal\/wp-content\/uploads\/2021\/06\/logo-header-ho-1.svg\",\"width\":1,\"height\":1,\"caption\":\"Universidad Cat\u00f3lica de Colombia\"},\"image\":{\"@id\":\"https:\/\/www.ucatolica.edu.co\/portal\/#\/schema\/logo\/image\/\"},\"sameAs\":[\"https:\/\/www.facebook.com\/ucatolicacolombia\",\"https:\/\/x.com\/UCatolicaCol\",\"https:\/\/www.instagram.com\/universidadcatolicadecolombia\/\",\"https:\/\/www.linkedin.com\/company\/universidadcatolicadecolombia\/\",\"https:\/\/www.youtube.com\/user\/UCatolicaCo\"]},{\"@type\":\"Person\",\"@id\":\"https:\/\/www.ucatolica.edu.co\/portal\/#\/schema\/person\/a7469afff252fba81c6cdc40c80f00b6\",\"name\":\"Cindy Lugo\",\"url\":\"https:\/\/www.ucatolica.edu.co\/portal\/author\/cindy\/\"}]}<\/script>\n<!-- \/ Yoast SEO plugin. -->","yoast_head_json":{"title":"As\u00ed se vivi\u00f3 el Evento de Egresado Distinguido 2023 - Universidad Cat\u00f3lica De Colombia","robots":{"index":"index","follow":"follow","max-snippet":"max-snippet:-1","max-image-preview":"max-image-preview:large","max-video-preview":"max-video-preview:-1"},"canonical":"https:\/\/www.ucatolica.edu.co\/portal\/asi-se-vivio-el-evento-de-egresado-distinguido-2023\/","og_locale":"es_ES","og_type":"article","og_title":"As\u00ed se vivi\u00f3 el Evento de Egresado Distinguido 2023 - Universidad Cat\u00f3lica De Colombia","og_description":"El 27 de noviembre se llev\u00f3 a cabo el evento anual de Egresado Distinguido 2023 en el Centro de Convenciones de la Sede 4, donde se exalt\u00f3 la labor de los egresados que han dejado en alto el nombre de la instituci\u00f3n, reconociendo su impacto altamente positivo en la sociedad y ejemplo de calidad en [&hellip;]","og_url":"https:\/\/www.ucatolica.edu.co\/portal\/asi-se-vivio-el-evento-de-egresado-distinguido-2023\/","og_site_name":"Universidad Cat\u00f3lica De Colombia","article_publisher":"https:\/\/www.facebook.com\/ucatolicacolombia","article_published_time":"2023-12-01T17:48:14+00:00","article_modified_time":"2023-12-01T17:50:32+00:00","og_image":[{"width":870,"height":522,"url":"https:\/\/www.ucatolica.edu.co\/portal\/wp-content\/uploads\/2023\/12\/Fotos-EgresadoDistinguido-1.jpg","type":"image\/jpeg"}],"author":"Cindy Lugo","twitter_card":"summary_large_image","twitter_creator":"@UCatolicaCol","twitter_site":"@UCatolicaCol","twitter_misc":{"Escrito por":"Cindy Lugo","Tiempo de lectura":"4 minutos"},"schema":{"@context":"https:\/\/schema.org","@graph":[{"@type":"Article","@id":"https:\/\/www.ucatolica.edu.co\/portal\/asi-se-vivio-el-evento-de-egresado-distinguido-2023\/#article","isPartOf":{"@id":"https:\/\/www.ucatolica.edu.co\/portal\/asi-se-vivio-el-evento-de-egresado-distinguido-2023\/"},"author":{"name":"Cindy Lugo","@id":"https:\/\/www.ucatolica.edu.co\/portal\/#\/schema\/person\/a7469afff252fba81c6cdc40c80f00b6"},"headline":"As\u00ed se vivi\u00f3 el Evento de Egresado Distinguido 2023","datePublished":"2023-12-01T17:48:14+00:00","dateModified":"2023-12-01T17:50:32+00:00","mainEntityOfPage":{"@id":"https:\/\/www.ucatolica.edu.co\/portal\/asi-se-vivio-el-evento-de-egresado-distinguido-2023\/"},"wordCount":742,"commentCount":0,"publisher":{"@id":"https:\/\/www.ucatolica.edu.co\/portal\/#organization"},"image":{"@id":"https:\/\/www.ucatolica.edu.co\/portal\/asi-se-vivio-el-evento-de-egresado-distinguido-2023\/#primaryimage"},"thumbnailUrl":"https:\/\/www.ucatolica.edu.co\/portal\/wp-content\/uploads\/2023\/12\/Fotos-EgresadoDistinguido-1.jpg","keywords":["Egresado distinguido 2023","Egresados","OrgulloUcat\u00f3lica","Reconocimiento"],"articleSection":["Noticias Principales"],"inLanguage":"es-CO"},{"@type":"WebPage","@id":"https:\/\/www.ucatolica.edu.co\/portal\/asi-se-vivio-el-evento-de-egresado-distinguido-2023\/","url":"https:\/\/www.ucatolica.edu.co\/portal\/asi-se-vivio-el-evento-de-egresado-distinguido-2023\/","name":"As\u00ed se vivi\u00f3 el Evento de Egresado Distinguido 2023 - Universidad Cat\u00f3lica De Colombia","isPartOf":{"@id":"https:\/\/www.ucatolica.edu.co\/portal\/#website"},"primaryImageOfPage":{"@id":"https:\/\/www.ucatolica.edu.co\/portal\/asi-se-vivio-el-evento-de-egresado-distinguido-2023\/#primaryimage"},"image":{"@id":"https:\/\/www.ucatolica.edu.co\/portal\/asi-se-vivio-el-evento-de-egresado-distinguido-2023\/#primaryimage"},"thumbnailUrl":"https:\/\/www.ucatolica.edu.co\/portal\/wp-content\/uploads\/2023\/12\/Fotos-EgresadoDistinguido-1.jpg","datePublished":"2023-12-01T17:48:14+00:00","dateModified":"2023-12-01T17:50:32+00:00","breadcrumb":{"@id":"https:\/\/www.ucatolica.edu.co\/portal\/asi-se-vivio-el-evento-de-egresado-distinguido-2023\/#breadcrumb"},"inLanguage":"es-CO","potentialAction":[{"@type":"ReadAction","target":["https:\/\/www.ucatolica.edu.co\/portal\/asi-se-vivio-el-evento-de-egresado-distinguido-2023\/"]}]},{"@type":"ImageObject","inLanguage":"es-CO","@id":"https:\/\/www.ucatolica.edu.co\/portal\/asi-se-vivio-el-evento-de-egresado-distinguido-2023\/#primaryimage","url":"https:\/\/www.ucatolica.edu.co\/portal\/wp-content\/uploads\/2023\/12\/Fotos-EgresadoDistinguido-1.jpg","contentUrl":"https:\/\/www.ucatolica.edu.co\/portal\/wp-content\/uploads\/2023\/12\/Fotos-EgresadoDistinguido-1.jpg","width":870,"height":522,"caption":"Fotos egresado distinguido 2023"},{"@type":"BreadcrumbList","@id":"https:\/\/www.ucatolica.edu.co\/portal\/asi-se-vivio-el-evento-de-egresado-distinguido-2023\/#breadcrumb","itemListElement":[{"@type":"ListItem","position":1,"name":"Inicio","item":"https:\/\/www.ucatolica.edu.co\/portal\/"},{"@type":"ListItem","position":2,"name":"As\u00ed se vivi\u00f3 el Evento de Egresado Distinguido 2023"}]},{"@type":"WebSite","@id":"https:\/\/www.ucatolica.edu.co\/portal\/#website","url":"https:\/\/www.ucatolica.edu.co\/portal\/","name":"Universidad Cat\u00f3lica De Colombia","description":"Universidad Cat\u00f3lica De Colombia","publisher":{"@id":"https:\/\/www.ucatolica.edu.co\/portal\/#organization"},"potentialAction":[{"@type":"SearchAction","target":{"@type":"EntryPoint","urlTemplate":"https:\/\/www.ucatolica.edu.co\/portal\/?s={search_term_string}"},"query-input":{"@type":"PropertyValueSpecification","valueRequired":true,"valueName":"search_term_string"}}],"inLanguage":"es-CO"},{"@type":"Organization","@id":"https:\/\/www.ucatolica.edu.co\/portal\/#organization","name":"Universidad Cat\u00f3lica de Colombia","url":"https:\/\/www.ucatolica.edu.co\/portal\/","logo":{"@type":"ImageObject","inLanguage":"es-CO","@id":"https:\/\/www.ucatolica.edu.co\/portal\/#\/schema\/logo\/image\/","url":"https:\/\/www.ucatolica.edu.co\/portal\/wp-content\/uploads\/2021\/06\/logo-header-ho-1.svg","contentUrl":"https:\/\/www.ucatolica.edu.co\/portal\/wp-content\/uploads\/2021\/06\/logo-header-ho-1.svg","width":1,"height":1,"caption":"Universidad Cat\u00f3lica de Colombia"},"image":{"@id":"https:\/\/www.ucatolica.edu.co\/portal\/#\/schema\/logo\/image\/"},"sameAs":["https:\/\/www.facebook.com\/ucatolicacolombia","https:\/\/x.com\/UCatolicaCol","https:\/\/www.instagram.com\/universidadcatolicadecolombia\/","https:\/\/www.linkedin.com\/company\/universidadcatolicadecolombia\/","https:\/\/www.youtube.com\/user\/UCatolicaCo"]},{"@type":"Person","@id":"https:\/\/www.ucatolica.edu.co\/portal\/#\/schema\/person\/a7469afff252fba81c6cdc40c80f00b6","name":"Cindy Lugo","url":"https:\/\/www.ucatolica.edu.co\/portal\/author\/cindy\/"}]}},"author_meta":{"display_name":"Cindy Lugo","author_link":"https:\/\/www.ucatolica.edu.co\/portal\/author\/cindy\/"},"featured_img":"https:\/\/www.ucatolica.edu.co\/portal\/wp-content\/uploads\/2023\/12\/Fotos-EgresadoDistinguido-1.jpg","coauthors":[],"tax_additional":{"categories":{"linked":["<a href=\"https:\/\/www.ucatolica.edu.co\/portal\/category\/noticias-principales\/\" class=\"advgb-post-tax-term\">Noticias Principales<\/a>"],"unlinked":["<span class=\"advgb-post-tax-term\">Noticias Principales<\/span>"]},"tags":{"linked":["<a href=\"https:\/\/www.ucatolica.edu.co\/portal\/category\/noticias-principales\/\" class=\"advgb-post-tax-term\">Egresado distinguido 2023<\/a>","<a href=\"https:\/\/www.ucatolica.edu.co\/portal\/category\/noticias-principales\/\" class=\"advgb-post-tax-term\">Egresados<\/a>","<a href=\"https:\/\/www.ucatolica.edu.co\/portal\/category\/noticias-principales\/\" class=\"advgb-post-tax-term\">OrgulloUcat\u00f3lica<\/a>","<a href=\"https:\/\/www.ucatolica.edu.co\/portal\/category\/noticias-principales\/\" class=\"advgb-post-tax-term\">Reconocimiento<\/a>"],"unlinked":["<span class=\"advgb-post-tax-term\">Egresado distinguido 2023<\/span>","<span class=\"advgb-post-tax-term\">Egresados<\/span>","<span class=\"advgb-post-tax-term\">OrgulloUcat\u00f3lica<\/span>","<span class=\"advgb-post-tax-term\">Reconocimiento<\/span>"]}},"comment_count":"0","relative_dates":{"created":"Posted 2 a\u00f1os ago","modified":"Updated 2 a\u00f1os ago"},"absolute_dates":{"created":"Posted on 1 diciembre, 2023","modified":"Updated on 1 diciembre, 2023"},"absolute_dates_time":{"created":"Posted on 1 diciembre, 2023 12:48 pm","modified":"Updated on 1 diciembre, 2023 12:50 pm"},"featured_img_caption":"","series_order":"","_links":{"self":[{"href":"https:\/\/www.ucatolica.edu.co\/portal\/wp-json\/wp\/v2\/posts\/102873","targetHints":{"allow":["GET"]}}],"collection":[{"href":"https:\/\/www.ucatolica.edu.co\/portal\/wp-json\/wp\/v2\/posts"}],"about":[{"href":"https:\/\/www.ucatolica.edu.co\/portal\/wp-json\/wp\/v2\/types\/post"}],"author":[{"embeddable":true,"href":"https:\/\/www.ucatolica.edu.co\/portal\/wp-json\/wp\/v2\/users\/4"}],"replies":[{"embeddable":true,"href":"https:\/\/www.ucatolica.edu.co\/portal\/wp-json\/wp\/v2\/comments?post=102873"}],"version-history":[{"count":4,"href":"https:\/\/www.ucatolica.edu.co\/portal\/wp-json\/wp\/v2\/posts\/102873\/revisions"}],"predecessor-version":[{"id":102882,"href":"https:\/\/www.ucatolica.edu.co\/portal\/wp-json\/wp\/v2\/posts\/102873\/revisions\/102882"}],"wp:featuredmedia":[{"embeddable":true,"href":"https:\/\/www.ucatolica.edu.co\/portal\/wp-json\/wp\/v2\/media\/102876"}],"wp:attachment":[{"href":"https:\/\/www.ucatolica.edu.co\/portal\/wp-json\/wp\/v2\/media?parent=102873"}],"wp:term":[{"taxonomy":"category","embeddable":true,"href":"https:\/\/www.ucatolica.edu.co\/portal\/wp-json\/wp\/v2\/categories?post=102873"},{"taxonomy":"post_tag","embeddable":true,"href":"https:\/\/www.ucatolica.edu.co\/portal\/wp-json\/wp\/v2\/tags?post=102873"}],"curies":[{"name":"wp","href":"https:\/\/api.w.org\/{rel}","templated":true}]}}