{"id":105204,"date":"2024-03-06T14:32:04","date_gmt":"2024-03-06T19:32:04","guid":{"rendered":"https:\/\/www.ucatolica.edu.co\/portal\/?p=105204"},"modified":"2024-03-06T14:32:04","modified_gmt":"2024-03-06T19:32:04","slug":"conectate-al-lanzamiento-del-ix-simposio-internacional-de-psicologia-neurociencias-del-comportamiento","status":"publish","type":"post","link":"https:\/\/www.ucatolica.edu.co\/portal\/conectate-al-lanzamiento-del-ix-simposio-internacional-de-psicologia-neurociencias-del-comportamiento\/","title":{"rendered":"\u00a1Con\u00e9ctate al lanzamiento del IX Simposio Internacional de Psicolog\u00eda: Neurociencias del comportamiento!"},"content":{"rendered":"\n<p>La Facultad de Psicolog\u00eda de la Universidad Cat\u00f3lica de Colombia invita a la comunidad acad\u00e9mica nacional e internacional a ser parte de la n<em>ovena versi\u00f3n del Simposio Internacional de Psicolog\u00eda: Neurociencias del comportamiento , evento que se llevar\u00e1 a cabo del 19 al 21 de septiembre de 2024 en el Centro de Convenciones, sede 4 de la Universidad Cat\u00f3lica de Colombia.<\/em><\/p>\n\n\n\n<p>Este espacio acad\u00e9mico tiene el prop\u00f3sito de presentar y conocer los avances que las l\u00edneas de investigaci\u00f3n e integraci\u00f3n curricular han desarrollado en los diferentes niveles de formaci\u00f3n, as\u00ed como las experiencias y avances de pares y actores a nivel nacional e internacional dando cabida a un encuentro de reflexi\u00f3n, cr\u00edtica e intercambio de conocimiento.<\/p>\n\n\n\n<p>Para ampliar la informaci\u00f3n sobre las modalidades de participaci\u00f3n, fechas importantes de la convocatoria, costos e inversi\u00f3n, l\u00edneas de participaci\u00f3n y otros; la Facultad invita a  a la comunidad interna y externa a conectarse la transmisi\u00f3n en vivo, donde podr\u00e1n aclarar dudas al respecto.<\/p>\n\n\n\n<p><strong>Fecha: 07 de marzo<br>Hora: 4:00 p.m.<br>Para conectarse, clic <a href=\"https:\/\/www.youtube.com\/live\/80aNMp6uNTo?si=9FN4UOe9o38zlkN3\">aqu\u00ed.<\/a><\/strong><\/p>\n\n\n\n<p><em>Con el apoyo de Ascofapsi<\/em>.<\/p>\n\n\n\n<p><strong>Datos de contacto:<\/strong><br>simposiopsicologia@ucatolica.edu.co<br>Avenida Caracas No. 46-22 (Bogot\u00e1 D.C.) Sede Psicolog\u00eda<\/p>\n\n\n\n<p><\/p>\n","protected":false},"excerpt":{"rendered":"<p>La Facultad de Psicolog\u00eda de la Universidad Cat\u00f3lica de Colombia invita a la comunidad acad\u00e9mica nacional e internacional a ser parte de la novena versi\u00f3n del Simposio Internacional de Psicolog\u00eda: Neurociencias del comportamiento , evento que se llevar\u00e1 a cabo del 19 al 21 de septiembre de 2024 en el Centro de Convenciones, sede 4 [&hellip;]<\/p>\n","protected":false},"author":4,"featured_media":0,"comment_status":"open","ping_status":"open","sticky":false,"template":"","format":"standard","meta":{"_acf_changed":false,"advgb_blocks_editor_width":"","advgb_blocks_columns_visual_guide":"","footnotes":""},"categories":[738],"tags":[1179,497,1490,2546,997,778],"class_list":["post-105204","post","type-post","status-publish","format-standard","hentry","category-actividades","tag-convocatoria","tag-facultad-de-psicologia","tag-inscripcion","tag-neuoriciencia-del-comportamiento","tag-ponencias","tag-simposio"],"acf":[],"yoast_head":"<!-- This site is optimized with the Yoast SEO plugin v26.7 - https:\/\/yoast.com\/wordpress\/plugins\/seo\/ -->\n<title>\u00a1Con\u00e9ctate al lanzamiento del IX Simposio Internacional de Psicolog\u00eda: Neurociencias del comportamiento! - Universidad Cat\u00f3lica De Colombia<\/title>\n<meta name=\"robots\" content=\"index, follow, max-snippet:-1, max-image-preview:large, max-video-preview:-1\" \/>\n<link rel=\"canonical\" href=\"https:\/\/www.ucatolica.edu.co\/portal\/conectate-al-lanzamiento-del-ix-simposio-internacional-de-psicologia-neurociencias-del-comportamiento\/\" \/>\n<meta property=\"og:locale\" content=\"es_ES\" \/>\n<meta property=\"og:type\" content=\"article\" \/>\n<meta property=\"og:title\" content=\"\u00a1Con\u00e9ctate al lanzamiento del IX Simposio Internacional de Psicolog\u00eda: Neurociencias del comportamiento! - Universidad Cat\u00f3lica De Colombia\" \/>\n<meta property=\"og:description\" content=\"La Facultad de Psicolog\u00eda de la Universidad Cat\u00f3lica de Colombia invita a la comunidad acad\u00e9mica nacional e internacional a ser parte de la novena versi\u00f3n del Simposio Internacional de Psicolog\u00eda: Neurociencias del comportamiento , evento que se llevar\u00e1 a cabo del 19 al 21 de septiembre de 2024 en el Centro de Convenciones, sede 4 [&hellip;]\" \/>\n<meta property=\"og:url\" content=\"https:\/\/www.ucatolica.edu.co\/portal\/conectate-al-lanzamiento-del-ix-simposio-internacional-de-psicologia-neurociencias-del-comportamiento\/\" \/>\n<meta property=\"og:site_name\" content=\"Universidad Cat\u00f3lica De Colombia\" \/>\n<meta property=\"article:publisher\" content=\"https:\/\/www.facebook.com\/ucatolicacolombia\" \/>\n<meta property=\"article:published_time\" content=\"2024-03-06T19:32:04+00:00\" \/>\n<meta name=\"author\" content=\"Cindy Lugo\" \/>\n<meta name=\"twitter:card\" content=\"summary_large_image\" \/>\n<meta name=\"twitter:creator\" content=\"@UCatolicaCol\" \/>\n<meta name=\"twitter:site\" content=\"@UCatolicaCol\" \/>\n<meta name=\"twitter:label1\" content=\"Escrito por\" \/>\n\t<meta name=\"twitter:data1\" content=\"Cindy Lugo\" \/>\n\t<meta name=\"twitter:label2\" content=\"Tiempo de lectura\" \/>\n\t<meta name=\"twitter:data2\" content=\"1 minuto\" \/>\n<script type=\"application\/ld+json\" class=\"yoast-schema-graph\">{\"@context\":\"https:\/\/schema.org\",\"@graph\":[{\"@type\":\"Article\",\"@id\":\"https:\/\/www.ucatolica.edu.co\/portal\/conectate-al-lanzamiento-del-ix-simposio-internacional-de-psicologia-neurociencias-del-comportamiento\/#article\",\"isPartOf\":{\"@id\":\"https:\/\/www.ucatolica.edu.co\/portal\/conectate-al-lanzamiento-del-ix-simposio-internacional-de-psicologia-neurociencias-del-comportamiento\/\"},\"author\":{\"name\":\"Cindy Lugo\",\"@id\":\"https:\/\/www.ucatolica.edu.co\/portal\/#\/schema\/person\/a7469afff252fba81c6cdc40c80f00b6\"},\"headline\":\"\u00a1Con\u00e9ctate al lanzamiento del IX Simposio Internacional de Psicolog\u00eda: Neurociencias del comportamiento!\",\"datePublished\":\"2024-03-06T19:32:04+00:00\",\"mainEntityOfPage\":{\"@id\":\"https:\/\/www.ucatolica.edu.co\/portal\/conectate-al-lanzamiento-del-ix-simposio-internacional-de-psicologia-neurociencias-del-comportamiento\/\"},\"wordCount\":220,\"commentCount\":0,\"publisher\":{\"@id\":\"https:\/\/www.ucatolica.edu.co\/portal\/#organization\"},\"keywords\":[\"Convocatoria\",\"Facultad de Psicolog\u00eda\",\"Inscripci\u00f3n\",\"Neuoriciencia del comportamiento\",\"Ponencias\",\"Simposio\"],\"articleSection\":[\"Actividades\"],\"inLanguage\":\"es-CO\"},{\"@type\":\"WebPage\",\"@id\":\"https:\/\/www.ucatolica.edu.co\/portal\/conectate-al-lanzamiento-del-ix-simposio-internacional-de-psicologia-neurociencias-del-comportamiento\/\",\"url\":\"https:\/\/www.ucatolica.edu.co\/portal\/conectate-al-lanzamiento-del-ix-simposio-internacional-de-psicologia-neurociencias-del-comportamiento\/\",\"name\":\"\u00a1Con\u00e9ctate al lanzamiento del IX Simposio Internacional de Psicolog\u00eda: Neurociencias del comportamiento! - Universidad Cat\u00f3lica De Colombia\",\"isPartOf\":{\"@id\":\"https:\/\/www.ucatolica.edu.co\/portal\/#website\"},\"datePublished\":\"2024-03-06T19:32:04+00:00\",\"breadcrumb\":{\"@id\":\"https:\/\/www.ucatolica.edu.co\/portal\/conectate-al-lanzamiento-del-ix-simposio-internacional-de-psicologia-neurociencias-del-comportamiento\/#breadcrumb\"},\"inLanguage\":\"es-CO\",\"potentialAction\":[{\"@type\":\"ReadAction\",\"target\":[\"https:\/\/www.ucatolica.edu.co\/portal\/conectate-al-lanzamiento-del-ix-simposio-internacional-de-psicologia-neurociencias-del-comportamiento\/\"]}]},{\"@type\":\"BreadcrumbList\",\"@id\":\"https:\/\/www.ucatolica.edu.co\/portal\/conectate-al-lanzamiento-del-ix-simposio-internacional-de-psicologia-neurociencias-del-comportamiento\/#breadcrumb\",\"itemListElement\":[{\"@type\":\"ListItem\",\"position\":1,\"name\":\"Inicio\",\"item\":\"https:\/\/www.ucatolica.edu.co\/portal\/\"},{\"@type\":\"ListItem\",\"position\":2,\"name\":\"\u00a1Con\u00e9ctate al lanzamiento del IX Simposio Internacional de Psicolog\u00eda: Neurociencias del comportamiento!\"}]},{\"@type\":\"WebSite\",\"@id\":\"https:\/\/www.ucatolica.edu.co\/portal\/#website\",\"url\":\"https:\/\/www.ucatolica.edu.co\/portal\/\",\"name\":\"Universidad Cat\u00f3lica De Colombia\",\"description\":\"Universidad Cat\u00f3lica De Colombia\",\"publisher\":{\"@id\":\"https:\/\/www.ucatolica.edu.co\/portal\/#organization\"},\"potentialAction\":[{\"@type\":\"SearchAction\",\"target\":{\"@type\":\"EntryPoint\",\"urlTemplate\":\"https:\/\/www.ucatolica.edu.co\/portal\/?s={search_term_string}\"},\"query-input\":{\"@type\":\"PropertyValueSpecification\",\"valueRequired\":true,\"valueName\":\"search_term_string\"}}],\"inLanguage\":\"es-CO\"},{\"@type\":\"Organization\",\"@id\":\"https:\/\/www.ucatolica.edu.co\/portal\/#organization\",\"name\":\"Universidad Cat\u00f3lica de Colombia\",\"url\":\"https:\/\/www.ucatolica.edu.co\/portal\/\",\"logo\":{\"@type\":\"ImageObject\",\"inLanguage\":\"es-CO\",\"@id\":\"https:\/\/www.ucatolica.edu.co\/portal\/#\/schema\/logo\/image\/\",\"url\":\"https:\/\/www.ucatolica.edu.co\/portal\/wp-content\/uploads\/2021\/06\/logo-header-ho-1.svg\",\"contentUrl\":\"https:\/\/www.ucatolica.edu.co\/portal\/wp-content\/uploads\/2021\/06\/logo-header-ho-1.svg\",\"width\":1,\"height\":1,\"caption\":\"Universidad Cat\u00f3lica de Colombia\"},\"image\":{\"@id\":\"https:\/\/www.ucatolica.edu.co\/portal\/#\/schema\/logo\/image\/\"},\"sameAs\":[\"https:\/\/www.facebook.com\/ucatolicacolombia\",\"https:\/\/x.com\/UCatolicaCol\",\"https:\/\/www.instagram.com\/universidadcatolicadecolombia\/\",\"https:\/\/www.linkedin.com\/company\/universidadcatolicadecolombia\/\",\"https:\/\/www.youtube.com\/user\/UCatolicaCo\"]},{\"@type\":\"Person\",\"@id\":\"https:\/\/www.ucatolica.edu.co\/portal\/#\/schema\/person\/a7469afff252fba81c6cdc40c80f00b6\",\"name\":\"Cindy Lugo\",\"url\":\"https:\/\/www.ucatolica.edu.co\/portal\/author\/cindy\/\"}]}<\/script>\n<!-- \/ Yoast SEO plugin. -->","yoast_head_json":{"title":"\u00a1Con\u00e9ctate al lanzamiento del IX Simposio Internacional de Psicolog\u00eda: Neurociencias del comportamiento! - Universidad Cat\u00f3lica De Colombia","robots":{"index":"index","follow":"follow","max-snippet":"max-snippet:-1","max-image-preview":"max-image-preview:large","max-video-preview":"max-video-preview:-1"},"canonical":"https:\/\/www.ucatolica.edu.co\/portal\/conectate-al-lanzamiento-del-ix-simposio-internacional-de-psicologia-neurociencias-del-comportamiento\/","og_locale":"es_ES","og_type":"article","og_title":"\u00a1Con\u00e9ctate al lanzamiento del IX Simposio Internacional de Psicolog\u00eda: Neurociencias del comportamiento! - Universidad Cat\u00f3lica De Colombia","og_description":"La Facultad de Psicolog\u00eda de la Universidad Cat\u00f3lica de Colombia invita a la comunidad acad\u00e9mica nacional e internacional a ser parte de la novena versi\u00f3n del Simposio Internacional de Psicolog\u00eda: Neurociencias del comportamiento , evento que se llevar\u00e1 a cabo del 19 al 21 de septiembre de 2024 en el Centro de Convenciones, sede 4 [&hellip;]","og_url":"https:\/\/www.ucatolica.edu.co\/portal\/conectate-al-lanzamiento-del-ix-simposio-internacional-de-psicologia-neurociencias-del-comportamiento\/","og_site_name":"Universidad Cat\u00f3lica De Colombia","article_publisher":"https:\/\/www.facebook.com\/ucatolicacolombia","article_published_time":"2024-03-06T19:32:04+00:00","author":"Cindy Lugo","twitter_card":"summary_large_image","twitter_creator":"@UCatolicaCol","twitter_site":"@UCatolicaCol","twitter_misc":{"Escrito por":"Cindy Lugo","Tiempo de lectura":"1 minuto"},"schema":{"@context":"https:\/\/schema.org","@graph":[{"@type":"Article","@id":"https:\/\/www.ucatolica.edu.co\/portal\/conectate-al-lanzamiento-del-ix-simposio-internacional-de-psicologia-neurociencias-del-comportamiento\/#article","isPartOf":{"@id":"https:\/\/www.ucatolica.edu.co\/portal\/conectate-al-lanzamiento-del-ix-simposio-internacional-de-psicologia-neurociencias-del-comportamiento\/"},"author":{"name":"Cindy Lugo","@id":"https:\/\/www.ucatolica.edu.co\/portal\/#\/schema\/person\/a7469afff252fba81c6cdc40c80f00b6"},"headline":"\u00a1Con\u00e9ctate al lanzamiento del IX Simposio Internacional de Psicolog\u00eda: Neurociencias del comportamiento!","datePublished":"2024-03-06T19:32:04+00:00","mainEntityOfPage":{"@id":"https:\/\/www.ucatolica.edu.co\/portal\/conectate-al-lanzamiento-del-ix-simposio-internacional-de-psicologia-neurociencias-del-comportamiento\/"},"wordCount":220,"commentCount":0,"publisher":{"@id":"https:\/\/www.ucatolica.edu.co\/portal\/#organization"},"keywords":["Convocatoria","Facultad de Psicolog\u00eda","Inscripci\u00f3n","Neuoriciencia del comportamiento","Ponencias","Simposio"],"articleSection":["Actividades"],"inLanguage":"es-CO"},{"@type":"WebPage","@id":"https:\/\/www.ucatolica.edu.co\/portal\/conectate-al-lanzamiento-del-ix-simposio-internacional-de-psicologia-neurociencias-del-comportamiento\/","url":"https:\/\/www.ucatolica.edu.co\/portal\/conectate-al-lanzamiento-del-ix-simposio-internacional-de-psicologia-neurociencias-del-comportamiento\/","name":"\u00a1Con\u00e9ctate al lanzamiento del IX Simposio Internacional de Psicolog\u00eda: Neurociencias del comportamiento! - Universidad Cat\u00f3lica De Colombia","isPartOf":{"@id":"https:\/\/www.ucatolica.edu.co\/portal\/#website"},"datePublished":"2024-03-06T19:32:04+00:00","breadcrumb":{"@id":"https:\/\/www.ucatolica.edu.co\/portal\/conectate-al-lanzamiento-del-ix-simposio-internacional-de-psicologia-neurociencias-del-comportamiento\/#breadcrumb"},"inLanguage":"es-CO","potentialAction":[{"@type":"ReadAction","target":["https:\/\/www.ucatolica.edu.co\/portal\/conectate-al-lanzamiento-del-ix-simposio-internacional-de-psicologia-neurociencias-del-comportamiento\/"]}]},{"@type":"BreadcrumbList","@id":"https:\/\/www.ucatolica.edu.co\/portal\/conectate-al-lanzamiento-del-ix-simposio-internacional-de-psicologia-neurociencias-del-comportamiento\/#breadcrumb","itemListElement":[{"@type":"ListItem","position":1,"name":"Inicio","item":"https:\/\/www.ucatolica.edu.co\/portal\/"},{"@type":"ListItem","position":2,"name":"\u00a1Con\u00e9ctate al lanzamiento del IX Simposio Internacional de Psicolog\u00eda: Neurociencias del comportamiento!"}]},{"@type":"WebSite","@id":"https:\/\/www.ucatolica.edu.co\/portal\/#website","url":"https:\/\/www.ucatolica.edu.co\/portal\/","name":"Universidad Cat\u00f3lica De Colombia","description":"Universidad Cat\u00f3lica De Colombia","publisher":{"@id":"https:\/\/www.ucatolica.edu.co\/portal\/#organization"},"potentialAction":[{"@type":"SearchAction","target":{"@type":"EntryPoint","urlTemplate":"https:\/\/www.ucatolica.edu.co\/portal\/?s={search_term_string}"},"query-input":{"@type":"PropertyValueSpecification","valueRequired":true,"valueName":"search_term_string"}}],"inLanguage":"es-CO"},{"@type":"Organization","@id":"https:\/\/www.ucatolica.edu.co\/portal\/#organization","name":"Universidad Cat\u00f3lica de Colombia","url":"https:\/\/www.ucatolica.edu.co\/portal\/","logo":{"@type":"ImageObject","inLanguage":"es-CO","@id":"https:\/\/www.ucatolica.edu.co\/portal\/#\/schema\/logo\/image\/","url":"https:\/\/www.ucatolica.edu.co\/portal\/wp-content\/uploads\/2021\/06\/logo-header-ho-1.svg","contentUrl":"https:\/\/www.ucatolica.edu.co\/portal\/wp-content\/uploads\/2021\/06\/logo-header-ho-1.svg","width":1,"height":1,"caption":"Universidad Cat\u00f3lica de Colombia"},"image":{"@id":"https:\/\/www.ucatolica.edu.co\/portal\/#\/schema\/logo\/image\/"},"sameAs":["https:\/\/www.facebook.com\/ucatolicacolombia","https:\/\/x.com\/UCatolicaCol","https:\/\/www.instagram.com\/universidadcatolicadecolombia\/","https:\/\/www.linkedin.com\/company\/universidadcatolicadecolombia\/","https:\/\/www.youtube.com\/user\/UCatolicaCo"]},{"@type":"Person","@id":"https:\/\/www.ucatolica.edu.co\/portal\/#\/schema\/person\/a7469afff252fba81c6cdc40c80f00b6","name":"Cindy Lugo","url":"https:\/\/www.ucatolica.edu.co\/portal\/author\/cindy\/"}]}},"author_meta":{"display_name":"Cindy Lugo","author_link":"https:\/\/www.ucatolica.edu.co\/portal\/author\/cindy\/"},"featured_img":null,"coauthors":[],"tax_additional":{"categories":{"linked":["<a href=\"https:\/\/www.ucatolica.edu.co\/portal\/category\/actividades\/\" class=\"advgb-post-tax-term\">Actividades<\/a>"],"unlinked":["<span class=\"advgb-post-tax-term\">Actividades<\/span>"]},"tags":{"linked":["<a href=\"https:\/\/www.ucatolica.edu.co\/portal\/category\/actividades\/\" class=\"advgb-post-tax-term\">Convocatoria<\/a>","<a href=\"https:\/\/www.ucatolica.edu.co\/portal\/category\/actividades\/\" class=\"advgb-post-tax-term\">Facultad de Psicolog\u00eda<\/a>","<a href=\"https:\/\/www.ucatolica.edu.co\/portal\/category\/actividades\/\" class=\"advgb-post-tax-term\">Inscripci\u00f3n<\/a>","<a href=\"https:\/\/www.ucatolica.edu.co\/portal\/category\/actividades\/\" class=\"advgb-post-tax-term\">Neuoriciencia del comportamiento<\/a>","<a href=\"https:\/\/www.ucatolica.edu.co\/portal\/category\/actividades\/\" class=\"advgb-post-tax-term\">Ponencias<\/a>","<a href=\"https:\/\/www.ucatolica.edu.co\/portal\/category\/actividades\/\" class=\"advgb-post-tax-term\">Simposio<\/a>"],"unlinked":["<span class=\"advgb-post-tax-term\">Convocatoria<\/span>","<span class=\"advgb-post-tax-term\">Facultad de Psicolog\u00eda<\/span>","<span class=\"advgb-post-tax-term\">Inscripci\u00f3n<\/span>","<span class=\"advgb-post-tax-term\">Neuoriciencia del comportamiento<\/span>","<span class=\"advgb-post-tax-term\">Ponencias<\/span>","<span class=\"advgb-post-tax-term\">Simposio<\/span>"]}},"comment_count":"0","relative_dates":{"created":"Posted 2 a\u00f1os ago","modified":"Updated 2 a\u00f1os ago"},"absolute_dates":{"created":"Posted on 6 marzo, 2024","modified":"Updated on 6 marzo, 2024"},"absolute_dates_time":{"created":"Posted on 6 marzo, 2024 2:32 pm","modified":"Updated on 6 marzo, 2024 2:32 pm"},"featured_img_caption":"","series_order":"","_links":{"self":[{"href":"https:\/\/www.ucatolica.edu.co\/portal\/wp-json\/wp\/v2\/posts\/105204","targetHints":{"allow":["GET"]}}],"collection":[{"href":"https:\/\/www.ucatolica.edu.co\/portal\/wp-json\/wp\/v2\/posts"}],"about":[{"href":"https:\/\/www.ucatolica.edu.co\/portal\/wp-json\/wp\/v2\/types\/post"}],"author":[{"embeddable":true,"href":"https:\/\/www.ucatolica.edu.co\/portal\/wp-json\/wp\/v2\/users\/4"}],"replies":[{"embeddable":true,"href":"https:\/\/www.ucatolica.edu.co\/portal\/wp-json\/wp\/v2\/comments?post=105204"}],"version-history":[{"count":3,"href":"https:\/\/www.ucatolica.edu.co\/portal\/wp-json\/wp\/v2\/posts\/105204\/revisions"}],"predecessor-version":[{"id":105325,"href":"https:\/\/www.ucatolica.edu.co\/portal\/wp-json\/wp\/v2\/posts\/105204\/revisions\/105325"}],"wp:attachment":[{"href":"https:\/\/www.ucatolica.edu.co\/portal\/wp-json\/wp\/v2\/media?parent=105204"}],"wp:term":[{"taxonomy":"category","embeddable":true,"href":"https:\/\/www.ucatolica.edu.co\/portal\/wp-json\/wp\/v2\/categories?post=105204"},{"taxonomy":"post_tag","embeddable":true,"href":"https:\/\/www.ucatolica.edu.co\/portal\/wp-json\/wp\/v2\/tags?post=105204"}],"curies":[{"name":"wp","href":"https:\/\/api.w.org\/{rel}","templated":true}]}}