{"id":105348,"date":"2024-03-08T13:11:40","date_gmt":"2024-03-08T18:11:40","guid":{"rendered":"https:\/\/www.ucatolica.edu.co\/portal\/?p=105348"},"modified":"2024-03-08T14:10:01","modified_gmt":"2024-03-08T19:10:01","slug":"con-pas-el-programa-creado-por-nuestra-u-para-disminuir-la-violencia-contra-la-mujer","status":"publish","type":"post","link":"https:\/\/www.ucatolica.edu.co\/portal\/con-pas-el-programa-creado-por-nuestra-u-para-disminuir-la-violencia-contra-la-mujer\/","title":{"rendered":"\u00a1CON- PAS, el programa creado por nuestra U. para disminuir la violencia contra la mujer!"},"content":{"rendered":"\n<p>Durante el a\u00f1o 2022 y 2023 se desarroll\u00f3 el proyecto titulado: <em>&#8220;Habilidades para la vida en tiempos de pandemia por COVID-19: un programa dirigido a mitigar la violencia de pareja en adultos j\u00f3venes\u201d <\/em>producto de las convocatorias de investigaci\u00f3n cofinanciadas por la Secretar\u00eda Distrital de Salud y ejecutadas por la agencia ATENEA, respondiendo al problema de salud p\u00fablica de aumento progresivo en las cifras de violencia contra las mujeres y ni\u00f1as. <\/p>\n\n\n\n<p>Como resultado de este proyecto, investigadores de la Facultad de Psicolog\u00eda de la Universidad Cat\u00f3lica de Colombia e investigadores del \u00c1rea Andina, dise\u00f1aron y desarrollaron el programa<strong> Conviviendo en Pareja de Manera Saludable y Segura CON-PAS<\/strong>, el cual tiene como objetivo potencializar habilidades y ayudar a cambiar h\u00e1bitos para  mitigar la violencia de pareja.<\/p>\n\n\n\n<p>El programa se aplic\u00f3 a 125 participantes, en donde se trabajaron habilidades  como l<em>a regulaci\u00f3n emocional, la comunicaci\u00f3n asertiva, la soluci\u00f3n de problemas, los pensamientos y la autoestima; as\u00ed como de adaptaci\u00f3n de pareja<\/em>. Al final se realizaron los an\u00e1lisis de los resultados aplicados a esta poblaci\u00f3n, j\u00f3venes entre 18 y 29 a\u00f1os de nivel socioecon\u00f3mico bajo de la ciudad de Bogot\u00e1 que ten\u00edan una relaci\u00f3n de pareja, los cuales demostraron la eficacia del programa as\u00ed:<\/p>\n\n\n\n<p>A trav\u00e9s del ANOVA de medidas repetidas se encontraron cambios significativos en <em>control de la ira <\/em>(F =12538.20; p &lt; .00; ETA=.99), <em>pensamientos y autoestima<\/em> (F = 21070.84; p &lt; .00; ETA=.99), <em>comunicaci\u00f3n<\/em> (F =12114.86; p &lt; .00; ETA= .99), <em>soluci\u00f3n de problemas<\/em> (F =6267.02; p &lt; .00; ETA= .98) y <em>adaptaci\u00f3n de pareja<\/em> (F =4405.18; p &lt; .00; ETA= .97). <\/p>\n\n\n\n<p>Adicionalmente, se dise\u00f1aron cuatro cartillas psicoeducativas \u201c<em>Saber vivir en pareja en buenos y no tan buenos tiempos\u201d<\/em> en formato pdf, las cuales se entregaron a los adultos j\u00f3venes que participaron en la totalidad del programa Conviviendo en Pareja de Manera Saludable y Segura \u201cCON-PAS\u201d. <\/p>\n\n\n\n<figure class=\"wp-block-image size-full\"><img fetchpriority=\"high\" decoding=\"async\" width=\"870\" height=\"522\" src=\"https:\/\/www.ucatolica.edu.co\/portal\/wp-content\/uploads\/2024\/03\/Flyer-CONPAS-2-1.jpg\" alt=\"Cartillas CON-PAS\" class=\"wp-image-105369\"\/><\/figure>\n\n\n\n<p>Actualmente el programa se encuentra adaptado para que pueda ser replicado cuando la poblaci\u00f3n bogotana lo necesite y paralelamente se trabaja los Objetivos de Desarrollo Sostenible n\u00famero 3 (Garantizar una vida sana y promover el bienestar para todos en todas las edades), 5 (Lograr la igualdad entre los g\u00e9neros y empoderar a todas las mujeres y las ni\u00f1as) y 17 (revitalizar la alianza mundial para el desarrollo sostenible).<\/p>\n\n\n\n<p>Para conocer m\u00e1s, les invitamos a mirar las diferentes publicaciones que se han hecho en diferentes medios sobre los resultados positivos de este proyecto:<\/p>\n\n\n\n<ul class=\"wp-block-list\">\n<li><a href=\"https:\/\/agenciaatenea.gov.co\/noticias\/con-pas-el-programa-creado-por-investigadores-capitalinos-para-disminuir-la-violencia-contra-la\"><strong>Publicaci\u00f3n en la Agencia Distrital para la Educaci\u00f3n Superior, la Ciencia y la Tecnolog\u00eda (ATENEA)<\/strong><\/a><\/li>\n\n\n\n<li><strong><a href=\"https:\/\/www.areandina.edu.co\/noticias\/docente-de-areandina-participo-como-ponente-en-destacado-congreso-en-corea-del-sur\">Publicaci\u00f3n en la Fundaci\u00f3n del \u00c1rea Andina.<\/a><\/strong><\/li>\n\n\n\n<li><strong><a href=\"https:\/\/www.youtube.com\/watch?v=AxdbV-UIh1k\">Video en el Seminario Multiprop\u00f3sito, Ciencia, Tecnolog\u00eda e Innovaci\u00f3n.<\/a><\/strong><\/li>\n<\/ul>\n\n\n\n<p><\/p>\n\n\n\n<p><\/p>\n","protected":false},"excerpt":{"rendered":"<p>Durante el a\u00f1o 2022 y 2023 se desarroll\u00f3 el proyecto titulado: &#8220;Habilidades para la vida en tiempos de pandemia por COVID-19: un programa dirigido a mitigar la violencia de pareja en adultos j\u00f3venes\u201d producto de las convocatorias de investigaci\u00f3n cofinanciadas por la Secretar\u00eda Distrital de Salud y ejecutadas por la agencia ATENEA, respondiendo al problema [&hellip;]<\/p>\n","protected":false},"author":4,"featured_media":105368,"comment_status":"open","ping_status":"open","sticky":false,"template":"","format":"standard","meta":{"_acf_changed":false,"advgb_blocks_editor_width":"","advgb_blocks_columns_visual_guide":"","footnotes":""},"categories":[2037,85,93],"tags":[2567,2358,2332,2563,2566,2564,2569,2568,1765,2565],"class_list":["post-105348","post","type-post","status-publish","format-standard","has-post-thumbnail","hentry","category-ceips","category-facultad-de-psicologia","category-noticias-principales","tag-atenea","tag-autoestima","tag-comunicacion","tag-con-pas-2","tag-control-de-ira","tag-conviviendo-en-pareja-de-manera-saludable-y-segura","tag-saber-vivir-en-pareja-en-buenos-y-no-tan-buenos-tiempos","tag-secretaria-distrital-de-salud","tag-violencia-de-genero","tag-violencia-de-pareja"],"acf":[],"yoast_head":"<!-- This site is optimized with the Yoast SEO plugin v26.7 - https:\/\/yoast.com\/wordpress\/plugins\/seo\/ -->\n<title>\u00a1CON- PAS, el programa creado por nuestra U. para disminuir la violencia contra la mujer! - Universidad Cat\u00f3lica De Colombia<\/title>\n<meta name=\"robots\" content=\"index, follow, max-snippet:-1, max-image-preview:large, max-video-preview:-1\" \/>\n<link rel=\"canonical\" href=\"https:\/\/www.ucatolica.edu.co\/portal\/con-pas-el-programa-creado-por-nuestra-u-para-disminuir-la-violencia-contra-la-mujer\/\" \/>\n<meta property=\"og:locale\" content=\"es_ES\" \/>\n<meta property=\"og:type\" content=\"article\" \/>\n<meta property=\"og:title\" content=\"\u00a1CON- PAS, el programa creado por nuestra U. para disminuir la violencia contra la mujer! - Universidad Cat\u00f3lica De Colombia\" \/>\n<meta property=\"og:description\" content=\"Durante el a\u00f1o 2022 y 2023 se desarroll\u00f3 el proyecto titulado: &#8220;Habilidades para la vida en tiempos de pandemia por COVID-19: un programa dirigido a mitigar la violencia de pareja en adultos j\u00f3venes\u201d producto de las convocatorias de investigaci\u00f3n cofinanciadas por la Secretar\u00eda Distrital de Salud y ejecutadas por la agencia ATENEA, respondiendo al problema [&hellip;]\" \/>\n<meta property=\"og:url\" content=\"https:\/\/www.ucatolica.edu.co\/portal\/con-pas-el-programa-creado-por-nuestra-u-para-disminuir-la-violencia-contra-la-mujer\/\" \/>\n<meta property=\"og:site_name\" content=\"Universidad Cat\u00f3lica De Colombia\" \/>\n<meta property=\"article:publisher\" content=\"https:\/\/www.facebook.com\/ucatolicacolombia\" \/>\n<meta property=\"article:published_time\" content=\"2024-03-08T18:11:40+00:00\" \/>\n<meta property=\"article:modified_time\" content=\"2024-03-08T19:10:01+00:00\" \/>\n<meta property=\"og:image\" content=\"https:\/\/www.ucatolica.edu.co\/portal\/wp-content\/uploads\/2024\/03\/Flyer-CONPAS-1.jpg\" \/>\n\t<meta property=\"og:image:width\" content=\"870\" \/>\n\t<meta property=\"og:image:height\" content=\"522\" \/>\n\t<meta property=\"og:image:type\" content=\"image\/jpeg\" \/>\n<meta name=\"author\" content=\"Cindy Lugo\" \/>\n<meta name=\"twitter:card\" content=\"summary_large_image\" \/>\n<meta name=\"twitter:creator\" content=\"@UCatolicaCol\" \/>\n<meta name=\"twitter:site\" content=\"@UCatolicaCol\" \/>\n<meta name=\"twitter:label1\" content=\"Escrito por\" \/>\n\t<meta name=\"twitter:data1\" content=\"Cindy Lugo\" \/>\n\t<meta name=\"twitter:label2\" content=\"Tiempo de lectura\" \/>\n\t<meta name=\"twitter:data2\" content=\"2 minutos\" \/>\n<script type=\"application\/ld+json\" class=\"yoast-schema-graph\">{\"@context\":\"https:\/\/schema.org\",\"@graph\":[{\"@type\":\"Article\",\"@id\":\"https:\/\/www.ucatolica.edu.co\/portal\/con-pas-el-programa-creado-por-nuestra-u-para-disminuir-la-violencia-contra-la-mujer\/#article\",\"isPartOf\":{\"@id\":\"https:\/\/www.ucatolica.edu.co\/portal\/con-pas-el-programa-creado-por-nuestra-u-para-disminuir-la-violencia-contra-la-mujer\/\"},\"author\":{\"name\":\"Cindy Lugo\",\"@id\":\"https:\/\/www.ucatolica.edu.co\/portal\/#\/schema\/person\/a7469afff252fba81c6cdc40c80f00b6\"},\"headline\":\"\u00a1CON- PAS, el programa creado por nuestra U. para disminuir la violencia contra la mujer!\",\"datePublished\":\"2024-03-08T18:11:40+00:00\",\"dateModified\":\"2024-03-08T19:10:01+00:00\",\"mainEntityOfPage\":{\"@id\":\"https:\/\/www.ucatolica.edu.co\/portal\/con-pas-el-programa-creado-por-nuestra-u-para-disminuir-la-violencia-contra-la-mujer\/\"},\"wordCount\":462,\"commentCount\":0,\"publisher\":{\"@id\":\"https:\/\/www.ucatolica.edu.co\/portal\/#organization\"},\"image\":{\"@id\":\"https:\/\/www.ucatolica.edu.co\/portal\/con-pas-el-programa-creado-por-nuestra-u-para-disminuir-la-violencia-contra-la-mujer\/#primaryimage\"},\"thumbnailUrl\":\"https:\/\/www.ucatolica.edu.co\/portal\/wp-content\/uploads\/2024\/03\/Flyer-CONPAS-1.jpg\",\"keywords\":[\"ATENEA\",\"Autoestima\",\"Comunicaci\u00f3n\",\"CON-PAS\",\"Control de ira\",\"Conviviendo en Pareja de Manera Saludable y Segura\",\"Saber vivir en pareja en buenos y no tan buenos tiempos\",\"Secretar\u00eda Distrital de Salud\",\"Violencia de g\u00e9nero\",\"Violencia de pareja\"],\"articleSection\":[\"CEIPS\",\"Facultad de Psicolog\u00eda\",\"Noticias Principales\"],\"inLanguage\":\"es-CO\"},{\"@type\":\"WebPage\",\"@id\":\"https:\/\/www.ucatolica.edu.co\/portal\/con-pas-el-programa-creado-por-nuestra-u-para-disminuir-la-violencia-contra-la-mujer\/\",\"url\":\"https:\/\/www.ucatolica.edu.co\/portal\/con-pas-el-programa-creado-por-nuestra-u-para-disminuir-la-violencia-contra-la-mujer\/\",\"name\":\"\u00a1CON- PAS, el programa creado por nuestra U. para disminuir la violencia contra la mujer! - Universidad Cat\u00f3lica De Colombia\",\"isPartOf\":{\"@id\":\"https:\/\/www.ucatolica.edu.co\/portal\/#website\"},\"primaryImageOfPage\":{\"@id\":\"https:\/\/www.ucatolica.edu.co\/portal\/con-pas-el-programa-creado-por-nuestra-u-para-disminuir-la-violencia-contra-la-mujer\/#primaryimage\"},\"image\":{\"@id\":\"https:\/\/www.ucatolica.edu.co\/portal\/con-pas-el-programa-creado-por-nuestra-u-para-disminuir-la-violencia-contra-la-mujer\/#primaryimage\"},\"thumbnailUrl\":\"https:\/\/www.ucatolica.edu.co\/portal\/wp-content\/uploads\/2024\/03\/Flyer-CONPAS-1.jpg\",\"datePublished\":\"2024-03-08T18:11:40+00:00\",\"dateModified\":\"2024-03-08T19:10:01+00:00\",\"breadcrumb\":{\"@id\":\"https:\/\/www.ucatolica.edu.co\/portal\/con-pas-el-programa-creado-por-nuestra-u-para-disminuir-la-violencia-contra-la-mujer\/#breadcrumb\"},\"inLanguage\":\"es-CO\",\"potentialAction\":[{\"@type\":\"ReadAction\",\"target\":[\"https:\/\/www.ucatolica.edu.co\/portal\/con-pas-el-programa-creado-por-nuestra-u-para-disminuir-la-violencia-contra-la-mujer\/\"]}]},{\"@type\":\"ImageObject\",\"inLanguage\":\"es-CO\",\"@id\":\"https:\/\/www.ucatolica.edu.co\/portal\/con-pas-el-programa-creado-por-nuestra-u-para-disminuir-la-violencia-contra-la-mujer\/#primaryimage\",\"url\":\"https:\/\/www.ucatolica.edu.co\/portal\/wp-content\/uploads\/2024\/03\/Flyer-CONPAS-1.jpg\",\"contentUrl\":\"https:\/\/www.ucatolica.edu.co\/portal\/wp-content\/uploads\/2024\/03\/Flyer-CONPAS-1.jpg\",\"width\":870,\"height\":522,\"caption\":\"Imagen_CON- PAS\"},{\"@type\":\"BreadcrumbList\",\"@id\":\"https:\/\/www.ucatolica.edu.co\/portal\/con-pas-el-programa-creado-por-nuestra-u-para-disminuir-la-violencia-contra-la-mujer\/#breadcrumb\",\"itemListElement\":[{\"@type\":\"ListItem\",\"position\":1,\"name\":\"Inicio\",\"item\":\"https:\/\/www.ucatolica.edu.co\/portal\/\"},{\"@type\":\"ListItem\",\"position\":2,\"name\":\"\u00a1CON- PAS, el programa creado por nuestra U. para disminuir la violencia contra la mujer!\"}]},{\"@type\":\"WebSite\",\"@id\":\"https:\/\/www.ucatolica.edu.co\/portal\/#website\",\"url\":\"https:\/\/www.ucatolica.edu.co\/portal\/\",\"name\":\"Universidad Cat\u00f3lica De Colombia\",\"description\":\"Universidad Cat\u00f3lica De Colombia\",\"publisher\":{\"@id\":\"https:\/\/www.ucatolica.edu.co\/portal\/#organization\"},\"potentialAction\":[{\"@type\":\"SearchAction\",\"target\":{\"@type\":\"EntryPoint\",\"urlTemplate\":\"https:\/\/www.ucatolica.edu.co\/portal\/?s={search_term_string}\"},\"query-input\":{\"@type\":\"PropertyValueSpecification\",\"valueRequired\":true,\"valueName\":\"search_term_string\"}}],\"inLanguage\":\"es-CO\"},{\"@type\":\"Organization\",\"@id\":\"https:\/\/www.ucatolica.edu.co\/portal\/#organization\",\"name\":\"Universidad Cat\u00f3lica de Colombia\",\"url\":\"https:\/\/www.ucatolica.edu.co\/portal\/\",\"logo\":{\"@type\":\"ImageObject\",\"inLanguage\":\"es-CO\",\"@id\":\"https:\/\/www.ucatolica.edu.co\/portal\/#\/schema\/logo\/image\/\",\"url\":\"https:\/\/www.ucatolica.edu.co\/portal\/wp-content\/uploads\/2021\/06\/logo-header-ho-1.svg\",\"contentUrl\":\"https:\/\/www.ucatolica.edu.co\/portal\/wp-content\/uploads\/2021\/06\/logo-header-ho-1.svg\",\"width\":1,\"height\":1,\"caption\":\"Universidad Cat\u00f3lica de Colombia\"},\"image\":{\"@id\":\"https:\/\/www.ucatolica.edu.co\/portal\/#\/schema\/logo\/image\/\"},\"sameAs\":[\"https:\/\/www.facebook.com\/ucatolicacolombia\",\"https:\/\/x.com\/UCatolicaCol\",\"https:\/\/www.instagram.com\/universidadcatolicadecolombia\/\",\"https:\/\/www.linkedin.com\/company\/universidadcatolicadecolombia\/\",\"https:\/\/www.youtube.com\/user\/UCatolicaCo\"]},{\"@type\":\"Person\",\"@id\":\"https:\/\/www.ucatolica.edu.co\/portal\/#\/schema\/person\/a7469afff252fba81c6cdc40c80f00b6\",\"name\":\"Cindy Lugo\",\"url\":\"https:\/\/www.ucatolica.edu.co\/portal\/author\/cindy\/\"}]}<\/script>\n<!-- \/ Yoast SEO plugin. -->","yoast_head_json":{"title":"\u00a1CON- PAS, el programa creado por nuestra U. para disminuir la violencia contra la mujer! - Universidad Cat\u00f3lica De Colombia","robots":{"index":"index","follow":"follow","max-snippet":"max-snippet:-1","max-image-preview":"max-image-preview:large","max-video-preview":"max-video-preview:-1"},"canonical":"https:\/\/www.ucatolica.edu.co\/portal\/con-pas-el-programa-creado-por-nuestra-u-para-disminuir-la-violencia-contra-la-mujer\/","og_locale":"es_ES","og_type":"article","og_title":"\u00a1CON- PAS, el programa creado por nuestra U. para disminuir la violencia contra la mujer! - Universidad Cat\u00f3lica De Colombia","og_description":"Durante el a\u00f1o 2022 y 2023 se desarroll\u00f3 el proyecto titulado: &#8220;Habilidades para la vida en tiempos de pandemia por COVID-19: un programa dirigido a mitigar la violencia de pareja en adultos j\u00f3venes\u201d producto de las convocatorias de investigaci\u00f3n cofinanciadas por la Secretar\u00eda Distrital de Salud y ejecutadas por la agencia ATENEA, respondiendo al problema [&hellip;]","og_url":"https:\/\/www.ucatolica.edu.co\/portal\/con-pas-el-programa-creado-por-nuestra-u-para-disminuir-la-violencia-contra-la-mujer\/","og_site_name":"Universidad Cat\u00f3lica De Colombia","article_publisher":"https:\/\/www.facebook.com\/ucatolicacolombia","article_published_time":"2024-03-08T18:11:40+00:00","article_modified_time":"2024-03-08T19:10:01+00:00","og_image":[{"width":870,"height":522,"url":"https:\/\/www.ucatolica.edu.co\/portal\/wp-content\/uploads\/2024\/03\/Flyer-CONPAS-1.jpg","type":"image\/jpeg"}],"author":"Cindy Lugo","twitter_card":"summary_large_image","twitter_creator":"@UCatolicaCol","twitter_site":"@UCatolicaCol","twitter_misc":{"Escrito por":"Cindy Lugo","Tiempo de lectura":"2 minutos"},"schema":{"@context":"https:\/\/schema.org","@graph":[{"@type":"Article","@id":"https:\/\/www.ucatolica.edu.co\/portal\/con-pas-el-programa-creado-por-nuestra-u-para-disminuir-la-violencia-contra-la-mujer\/#article","isPartOf":{"@id":"https:\/\/www.ucatolica.edu.co\/portal\/con-pas-el-programa-creado-por-nuestra-u-para-disminuir-la-violencia-contra-la-mujer\/"},"author":{"name":"Cindy Lugo","@id":"https:\/\/www.ucatolica.edu.co\/portal\/#\/schema\/person\/a7469afff252fba81c6cdc40c80f00b6"},"headline":"\u00a1CON- PAS, el programa creado por nuestra U. para disminuir la violencia contra la mujer!","datePublished":"2024-03-08T18:11:40+00:00","dateModified":"2024-03-08T19:10:01+00:00","mainEntityOfPage":{"@id":"https:\/\/www.ucatolica.edu.co\/portal\/con-pas-el-programa-creado-por-nuestra-u-para-disminuir-la-violencia-contra-la-mujer\/"},"wordCount":462,"commentCount":0,"publisher":{"@id":"https:\/\/www.ucatolica.edu.co\/portal\/#organization"},"image":{"@id":"https:\/\/www.ucatolica.edu.co\/portal\/con-pas-el-programa-creado-por-nuestra-u-para-disminuir-la-violencia-contra-la-mujer\/#primaryimage"},"thumbnailUrl":"https:\/\/www.ucatolica.edu.co\/portal\/wp-content\/uploads\/2024\/03\/Flyer-CONPAS-1.jpg","keywords":["ATENEA","Autoestima","Comunicaci\u00f3n","CON-PAS","Control de ira","Conviviendo en Pareja de Manera Saludable y Segura","Saber vivir en pareja en buenos y no tan buenos tiempos","Secretar\u00eda Distrital de Salud","Violencia de g\u00e9nero","Violencia de pareja"],"articleSection":["CEIPS","Facultad de Psicolog\u00eda","Noticias Principales"],"inLanguage":"es-CO"},{"@type":"WebPage","@id":"https:\/\/www.ucatolica.edu.co\/portal\/con-pas-el-programa-creado-por-nuestra-u-para-disminuir-la-violencia-contra-la-mujer\/","url":"https:\/\/www.ucatolica.edu.co\/portal\/con-pas-el-programa-creado-por-nuestra-u-para-disminuir-la-violencia-contra-la-mujer\/","name":"\u00a1CON- PAS, el programa creado por nuestra U. para disminuir la violencia contra la mujer! - Universidad Cat\u00f3lica De Colombia","isPartOf":{"@id":"https:\/\/www.ucatolica.edu.co\/portal\/#website"},"primaryImageOfPage":{"@id":"https:\/\/www.ucatolica.edu.co\/portal\/con-pas-el-programa-creado-por-nuestra-u-para-disminuir-la-violencia-contra-la-mujer\/#primaryimage"},"image":{"@id":"https:\/\/www.ucatolica.edu.co\/portal\/con-pas-el-programa-creado-por-nuestra-u-para-disminuir-la-violencia-contra-la-mujer\/#primaryimage"},"thumbnailUrl":"https:\/\/www.ucatolica.edu.co\/portal\/wp-content\/uploads\/2024\/03\/Flyer-CONPAS-1.jpg","datePublished":"2024-03-08T18:11:40+00:00","dateModified":"2024-03-08T19:10:01+00:00","breadcrumb":{"@id":"https:\/\/www.ucatolica.edu.co\/portal\/con-pas-el-programa-creado-por-nuestra-u-para-disminuir-la-violencia-contra-la-mujer\/#breadcrumb"},"inLanguage":"es-CO","potentialAction":[{"@type":"ReadAction","target":["https:\/\/www.ucatolica.edu.co\/portal\/con-pas-el-programa-creado-por-nuestra-u-para-disminuir-la-violencia-contra-la-mujer\/"]}]},{"@type":"ImageObject","inLanguage":"es-CO","@id":"https:\/\/www.ucatolica.edu.co\/portal\/con-pas-el-programa-creado-por-nuestra-u-para-disminuir-la-violencia-contra-la-mujer\/#primaryimage","url":"https:\/\/www.ucatolica.edu.co\/portal\/wp-content\/uploads\/2024\/03\/Flyer-CONPAS-1.jpg","contentUrl":"https:\/\/www.ucatolica.edu.co\/portal\/wp-content\/uploads\/2024\/03\/Flyer-CONPAS-1.jpg","width":870,"height":522,"caption":"Imagen_CON- PAS"},{"@type":"BreadcrumbList","@id":"https:\/\/www.ucatolica.edu.co\/portal\/con-pas-el-programa-creado-por-nuestra-u-para-disminuir-la-violencia-contra-la-mujer\/#breadcrumb","itemListElement":[{"@type":"ListItem","position":1,"name":"Inicio","item":"https:\/\/www.ucatolica.edu.co\/portal\/"},{"@type":"ListItem","position":2,"name":"\u00a1CON- PAS, el programa creado por nuestra U. para disminuir la violencia contra la mujer!"}]},{"@type":"WebSite","@id":"https:\/\/www.ucatolica.edu.co\/portal\/#website","url":"https:\/\/www.ucatolica.edu.co\/portal\/","name":"Universidad Cat\u00f3lica De Colombia","description":"Universidad Cat\u00f3lica De Colombia","publisher":{"@id":"https:\/\/www.ucatolica.edu.co\/portal\/#organization"},"potentialAction":[{"@type":"SearchAction","target":{"@type":"EntryPoint","urlTemplate":"https:\/\/www.ucatolica.edu.co\/portal\/?s={search_term_string}"},"query-input":{"@type":"PropertyValueSpecification","valueRequired":true,"valueName":"search_term_string"}}],"inLanguage":"es-CO"},{"@type":"Organization","@id":"https:\/\/www.ucatolica.edu.co\/portal\/#organization","name":"Universidad Cat\u00f3lica de Colombia","url":"https:\/\/www.ucatolica.edu.co\/portal\/","logo":{"@type":"ImageObject","inLanguage":"es-CO","@id":"https:\/\/www.ucatolica.edu.co\/portal\/#\/schema\/logo\/image\/","url":"https:\/\/www.ucatolica.edu.co\/portal\/wp-content\/uploads\/2021\/06\/logo-header-ho-1.svg","contentUrl":"https:\/\/www.ucatolica.edu.co\/portal\/wp-content\/uploads\/2021\/06\/logo-header-ho-1.svg","width":1,"height":1,"caption":"Universidad Cat\u00f3lica de Colombia"},"image":{"@id":"https:\/\/www.ucatolica.edu.co\/portal\/#\/schema\/logo\/image\/"},"sameAs":["https:\/\/www.facebook.com\/ucatolicacolombia","https:\/\/x.com\/UCatolicaCol","https:\/\/www.instagram.com\/universidadcatolicadecolombia\/","https:\/\/www.linkedin.com\/company\/universidadcatolicadecolombia\/","https:\/\/www.youtube.com\/user\/UCatolicaCo"]},{"@type":"Person","@id":"https:\/\/www.ucatolica.edu.co\/portal\/#\/schema\/person\/a7469afff252fba81c6cdc40c80f00b6","name":"Cindy Lugo","url":"https:\/\/www.ucatolica.edu.co\/portal\/author\/cindy\/"}]}},"author_meta":{"display_name":"Cindy Lugo","author_link":"https:\/\/www.ucatolica.edu.co\/portal\/author\/cindy\/"},"featured_img":"https:\/\/www.ucatolica.edu.co\/portal\/wp-content\/uploads\/2024\/03\/Flyer-CONPAS-1.jpg","coauthors":[],"tax_additional":{"categories":{"linked":["<a href=\"https:\/\/www.ucatolica.edu.co\/portal\/category\/facultad-de-psicologia\/ceips\/\" class=\"advgb-post-tax-term\">CEIPS<\/a>","<a href=\"https:\/\/www.ucatolica.edu.co\/portal\/category\/facultad-de-psicologia\/\" class=\"advgb-post-tax-term\">Facultad de Psicolog\u00eda<\/a>","<a href=\"https:\/\/www.ucatolica.edu.co\/portal\/category\/noticias-principales\/\" class=\"advgb-post-tax-term\">Noticias Principales<\/a>"],"unlinked":["<span class=\"advgb-post-tax-term\">CEIPS<\/span>","<span class=\"advgb-post-tax-term\">Facultad de Psicolog\u00eda<\/span>","<span class=\"advgb-post-tax-term\">Noticias Principales<\/span>"]},"tags":{"linked":["<a href=\"https:\/\/www.ucatolica.edu.co\/portal\/category\/noticias-principales\/\" class=\"advgb-post-tax-term\">ATENEA<\/a>","<a href=\"https:\/\/www.ucatolica.edu.co\/portal\/category\/noticias-principales\/\" class=\"advgb-post-tax-term\">Autoestima<\/a>","<a href=\"https:\/\/www.ucatolica.edu.co\/portal\/category\/noticias-principales\/\" class=\"advgb-post-tax-term\">Comunicaci\u00f3n<\/a>","<a href=\"https:\/\/www.ucatolica.edu.co\/portal\/category\/noticias-principales\/\" class=\"advgb-post-tax-term\">CON-PAS<\/a>","<a href=\"https:\/\/www.ucatolica.edu.co\/portal\/category\/noticias-principales\/\" class=\"advgb-post-tax-term\">Control de ira<\/a>","<a href=\"https:\/\/www.ucatolica.edu.co\/portal\/category\/noticias-principales\/\" class=\"advgb-post-tax-term\">Conviviendo en Pareja de Manera Saludable y Segura<\/a>","<a href=\"https:\/\/www.ucatolica.edu.co\/portal\/category\/noticias-principales\/\" class=\"advgb-post-tax-term\">Saber vivir en pareja en buenos y no tan buenos tiempos<\/a>","<a href=\"https:\/\/www.ucatolica.edu.co\/portal\/category\/noticias-principales\/\" class=\"advgb-post-tax-term\">Secretar\u00eda Distrital de Salud<\/a>","<a href=\"https:\/\/www.ucatolica.edu.co\/portal\/category\/noticias-principales\/\" class=\"advgb-post-tax-term\">Violencia de g\u00e9nero<\/a>","<a href=\"https:\/\/www.ucatolica.edu.co\/portal\/category\/noticias-principales\/\" class=\"advgb-post-tax-term\">Violencia de pareja<\/a>"],"unlinked":["<span class=\"advgb-post-tax-term\">ATENEA<\/span>","<span class=\"advgb-post-tax-term\">Autoestima<\/span>","<span class=\"advgb-post-tax-term\">Comunicaci\u00f3n<\/span>","<span class=\"advgb-post-tax-term\">CON-PAS<\/span>","<span class=\"advgb-post-tax-term\">Control de ira<\/span>","<span class=\"advgb-post-tax-term\">Conviviendo en Pareja de Manera Saludable y Segura<\/span>","<span class=\"advgb-post-tax-term\">Saber vivir en pareja en buenos y no tan buenos tiempos<\/span>","<span class=\"advgb-post-tax-term\">Secretar\u00eda Distrital de Salud<\/span>","<span class=\"advgb-post-tax-term\">Violencia de g\u00e9nero<\/span>","<span class=\"advgb-post-tax-term\">Violencia de pareja<\/span>"]}},"comment_count":"0","relative_dates":{"created":"Posted 2 a\u00f1os ago","modified":"Updated 2 a\u00f1os ago"},"absolute_dates":{"created":"Posted on 8 marzo, 2024","modified":"Updated on 8 marzo, 2024"},"absolute_dates_time":{"created":"Posted on 8 marzo, 2024 1:11 pm","modified":"Updated on 8 marzo, 2024 2:10 pm"},"featured_img_caption":"","series_order":"","_links":{"self":[{"href":"https:\/\/www.ucatolica.edu.co\/portal\/wp-json\/wp\/v2\/posts\/105348","targetHints":{"allow":["GET"]}}],"collection":[{"href":"https:\/\/www.ucatolica.edu.co\/portal\/wp-json\/wp\/v2\/posts"}],"about":[{"href":"https:\/\/www.ucatolica.edu.co\/portal\/wp-json\/wp\/v2\/types\/post"}],"author":[{"embeddable":true,"href":"https:\/\/www.ucatolica.edu.co\/portal\/wp-json\/wp\/v2\/users\/4"}],"replies":[{"embeddable":true,"href":"https:\/\/www.ucatolica.edu.co\/portal\/wp-json\/wp\/v2\/comments?post=105348"}],"version-history":[{"count":4,"href":"https:\/\/www.ucatolica.edu.co\/portal\/wp-json\/wp\/v2\/posts\/105348\/revisions"}],"predecessor-version":[{"id":105374,"href":"https:\/\/www.ucatolica.edu.co\/portal\/wp-json\/wp\/v2\/posts\/105348\/revisions\/105374"}],"wp:featuredmedia":[{"embeddable":true,"href":"https:\/\/www.ucatolica.edu.co\/portal\/wp-json\/wp\/v2\/media\/105368"}],"wp:attachment":[{"href":"https:\/\/www.ucatolica.edu.co\/portal\/wp-json\/wp\/v2\/media?parent=105348"}],"wp:term":[{"taxonomy":"category","embeddable":true,"href":"https:\/\/www.ucatolica.edu.co\/portal\/wp-json\/wp\/v2\/categories?post=105348"},{"taxonomy":"post_tag","embeddable":true,"href":"https:\/\/www.ucatolica.edu.co\/portal\/wp-json\/wp\/v2\/tags?post=105348"}],"curies":[{"name":"wp","href":"https:\/\/api.w.org\/{rel}","templated":true}]}}