{"id":105566,"date":"2024-05-07T16:25:39","date_gmt":"2024-05-07T21:25:39","guid":{"rendered":"https:\/\/www.ucatolica.edu.co\/portal\/?p=105566"},"modified":"2024-05-07T16:25:40","modified_gmt":"2024-05-07T21:25:40","slug":"haz-parte-de-la-xv-jornada-de-investigacion","status":"publish","type":"post","link":"https:\/\/www.ucatolica.edu.co\/portal\/haz-parte-de-la-xv-jornada-de-investigacion\/","title":{"rendered":"\u00a1Haz parte de la XV Jornada de Investigaci\u00f3n!"},"content":{"rendered":"\n<p>La Universidad Cat\u00f3lica de Colombia a trav\u00e9s de la Direcci\u00f3n Central de Investigaciones invita a la comunidad acad\u00e9mica a ser parte de la <strong>XV Jornada de Investigaci\u00f3n<\/strong> <em>&#8220;un espacio para conocer nuestros aportes a la sociedad<\/em>&#8220;, el cual es un espacio de divulgaci\u00f3n de los resultados, impactos y experiencias obtenidos en investigaci\u00f3n b\u00e1sica, aplicada y formativa de los proyectos de investigaci\u00f3n y trabajo de sus semilleros. <\/p>\n\n\n\n<p>El evento se llevar\u00e1 a cabo el<strong> 9 y 10 de mayo de 2024<\/strong> y ser\u00e1 un espacio abierto para compartir experiencias y resultados de investigaci\u00f3n no solo de la\u00a0<strong>Universidad Cat\u00f3lica de Colombia,<\/strong> sino de otras instituciones que deseen participar en el evento.<\/p>\n\n\n\n<p><strong><em>Los asistentes pueden conocer el perfil de los conferencistas <a href=\"https:\/\/www.ucatolica.edu.co\/portal\/wp-content\/uploads\/2024\/05\/Perfil-de-conferencistasJornada.pdf\">aqu\u00ed<\/a> y programarse con los eventos que encuentran haciendo clic en la <a href=\"https:\/\/www.ucatolica.edu.co\/portal\/wp-content\/uploads\/2024\/05\/Agenda-OP3825-JornadaInvestigaciones.pdf\">agenda.<\/a><\/em><\/strong><\/p>\n\n\n\n<p>La Jornada de Investigaci\u00f3n se fundamenta en 3 l\u00edneas tem\u00e1ticas que corresponden a las \u00e1reas transversales de investigaci\u00f3n de la Universidad: <em>Derecho, Cultura y Sociedad; Desarrollo Humano y Sostenible; Gesti\u00f3n y Tecnolog\u00eda al Servicio de la Sociedad<\/em>. Durante este espacio acad\u00e9mico se llevar\u00e1n a cabo las siguientes actividades:<\/p>\n\n\n\n<ul class=\"wp-block-list\">\n<li>Conferencias magistrales con la participaci\u00f3n de invitados externos.<\/li>\n\n\n\n<li>Ponencias de resultados de investigaci\u00f3n (Investigaci\u00f3n B\u00e1sica y Aplicada).<\/li>\n\n\n\n<li>P\u00f3sters de los estudiantes (Investigaci\u00f3n Formativa).<\/li>\n\n\n\n<li>Premiaci\u00f3n a los mejores posters de cada l\u00ednea tem\u00e1tica.<\/li>\n<\/ul>\n\n\n\n<p>La actividad se llevar\u00e1 a cabo de manera h\u00edbrida, con algunas actividades presenciales y otras virtuales. Las fechas importantes para los participantes son: <strong>5 de abril de 2024<\/strong>, fecha l\u00edmite para el env\u00edo del p\u00f3ster en versi\u00f3n digital (ver documento con condiciones de elaboraci\u00f3n del p\u00f3ster) y el env\u00edo de res\u00famenes extendidos para la modalidad ponencia; el <strong>22 de abril de 2024<\/strong>, notificaci\u00f3n de aceptaci\u00f3n a autores; y el <strong>29 de abril de 2024<\/strong>, fecha l\u00edmite para el env\u00edo de la versi\u00f3n final del documento.<\/p>\n\n\n\n<p>Los interesados en participar en ponencia y p\u00f3ster, deben tener en cuenta los siguientes documentos y plantillas:<\/p>\n\n\n\n<ul class=\"wp-block-list\">\n<li><a href=\"https:\/\/www.ucatolica.edu.co\/portal\/wp-content\/uploads\/2024\/02\/jornada_xv_anexo1.pdf\" target=\"_blank\" rel=\"noreferrer noopener\"><strong>L<\/strong><\/a><a href=\"https:\/\/www.ucatolica.edu.co\/portal\/wp-content\/uploads\/2024\/02\/jornada_xv_anexo1.pdf\"><strong>ineamientos \u2013 XV Jornada de Investigaci\u00f3n Institucional<\/strong><\/a><\/li>\n\n\n\n<li><strong><a href=\"https:\/\/www.ucatolica.edu.co\/portal\/wp-content\/uploads\/2024\/02\/jornada_xv_anexo2.pdf\">Gu\u00eda para la presentaci\u00f3n de p\u00f3sters XV Jornada Investigaci\u00f3n<\/a><\/strong><\/li>\n\n\n\n<li><strong><a href=\"https:\/\/www.ucatolica.edu.co\/portal\/wp-content\/uploads\/2024\/02\/jornada_xv_anexo3.pdf\">Gu\u00eda para la presentaci\u00f3n de resumen extendido XV Jornada U. Cat\u00f3lica<\/a><\/strong><\/li>\n\n\n\n<li><strong><a href=\"https:\/\/www.ucatolica.edu.co\/portal\/wp-content\/uploads\/2024\/02\/jornada_xv_anexo4.docx\">Plantilla Resumen Extendido XV JornadaUCatolica<\/a><\/strong><\/li>\n\n\n\n<li><strong><a href=\"https:\/\/www.ucatolica.edu.co\/portal\/wp-content\/uploads\/2024\/02\/jornada_xv_anexo5.doc\">Autorizaci\u00f3n de publicaci\u00f3n XV Jornada de Investigaci\u00f3n<\/a><\/strong><\/li>\n\n\n\n<li><strong><a href=\"https:\/\/www.ucatolica.edu.co\/portal\/wp-content\/uploads\/2024\/02\/jornada_xv_anexo6.pptx\">Plantilla Formato PPT p\u00f3ster<\/a><\/strong><\/li>\n\n\n\n<li><strong><a href=\"https:\/\/www.ucatolica.edu.co\/portal\/wp-content\/uploads\/2024\/02\/jornada_xv_anexo7.pdf\">Plantilla Formato PDF p\u00f3ster<\/a><\/strong><\/li>\n\n\n\n<li><strong><a href=\"https:\/\/www.ucatolica.edu.co\/portal\/wp-content\/uploads\/2024\/02\/jornada_xv_anexo8.ai\">Plantilla Formato ai. p\u00f3ster<\/a><\/strong><\/li>\n\n\n\n<li><strong><a href=\"https:\/\/www.ucatolica.edu.co\/portal\/wp-content\/uploads\/2024\/02\/jornada_xv_anexo9.jpeg\">Plantilla Formato .jpg p\u00f3ster<\/a><\/strong><\/li>\n<\/ul>\n\n\n\n<p><strong>Contacto:<\/strong><\/p>\n\n\n\n<p>jornadainvestigacion@ucatolica.edu.co<br>Pbx: 4433700 Exts: 1220-1221<\/p>\n\n\n\n<p><\/p>\n","protected":false},"excerpt":{"rendered":"<p>La Universidad Cat\u00f3lica de Colombia a trav\u00e9s de la Direcci\u00f3n Central de Investigaciones invita a la comunidad acad\u00e9mica a ser parte de la XV Jornada de Investigaci\u00f3n &#8220;un espacio para conocer nuestros aportes a la sociedad&#8220;, el cual es un espacio de divulgaci\u00f3n de los resultados, impactos y experiencias obtenidos en investigaci\u00f3n b\u00e1sica, aplicada y [&hellip;]<\/p>\n","protected":false},"author":4,"featured_media":105567,"comment_status":"open","ping_status":"open","sticky":false,"template":"","format":"standard","meta":{"_acf_changed":false,"advgb_blocks_editor_width":"","advgb_blocks_columns_visual_guide":"","footnotes":""},"categories":[93],"tags":[544,1483,1484,2577,2155,997,2156],"class_list":["post-105566","post","type-post","status-publish","format-standard","has-post-thumbnail","hentry","category-noticias-principales","tag-conferencias","tag-derecho-cultura-y-sociedad","tag-desarrollo-humano-y-sostenible","tag-gestion-y-tecnologia-al-servicio-de-la-sociedad-2","tag-jornada-de-investigaciones","tag-ponencias","tag-posters-2"],"acf":[],"yoast_head":"<!-- This site is optimized with the Yoast SEO plugin v26.7 - https:\/\/yoast.com\/wordpress\/plugins\/seo\/ -->\n<title>\u00a1Haz parte de la XV Jornada de Investigaci\u00f3n! - Universidad Cat\u00f3lica De Colombia<\/title>\n<meta name=\"robots\" content=\"index, follow, max-snippet:-1, max-image-preview:large, max-video-preview:-1\" \/>\n<link rel=\"canonical\" href=\"https:\/\/www.ucatolica.edu.co\/portal\/haz-parte-de-la-xv-jornada-de-investigacion\/\" \/>\n<meta property=\"og:locale\" content=\"es_ES\" \/>\n<meta property=\"og:type\" content=\"article\" \/>\n<meta property=\"og:title\" content=\"\u00a1Haz parte de la XV Jornada de Investigaci\u00f3n! - Universidad Cat\u00f3lica De Colombia\" \/>\n<meta property=\"og:description\" content=\"La Universidad Cat\u00f3lica de Colombia a trav\u00e9s de la Direcci\u00f3n Central de Investigaciones invita a la comunidad acad\u00e9mica a ser parte de la XV Jornada de Investigaci\u00f3n &#8220;un espacio para conocer nuestros aportes a la sociedad&#8220;, el cual es un espacio de divulgaci\u00f3n de los resultados, impactos y experiencias obtenidos en investigaci\u00f3n b\u00e1sica, aplicada y [&hellip;]\" \/>\n<meta property=\"og:url\" content=\"https:\/\/www.ucatolica.edu.co\/portal\/haz-parte-de-la-xv-jornada-de-investigacion\/\" \/>\n<meta property=\"og:site_name\" content=\"Universidad Cat\u00f3lica De Colombia\" \/>\n<meta property=\"article:publisher\" content=\"https:\/\/www.facebook.com\/ucatolicacolombia\" \/>\n<meta property=\"article:published_time\" content=\"2024-05-07T21:25:39+00:00\" \/>\n<meta property=\"article:modified_time\" content=\"2024-05-07T21:25:40+00:00\" \/>\n<meta property=\"og:image\" content=\"https:\/\/www.ucatolica.edu.co\/portal\/wp-content\/uploads\/2024\/03\/Noticiajornadadeinvestigaciones.jpg\" \/>\n\t<meta property=\"og:image:width\" content=\"871\" \/>\n\t<meta property=\"og:image:height\" content=\"523\" \/>\n\t<meta property=\"og:image:type\" content=\"image\/jpeg\" \/>\n<meta name=\"author\" content=\"Cindy Lugo\" \/>\n<meta name=\"twitter:card\" content=\"summary_large_image\" \/>\n<meta name=\"twitter:creator\" content=\"@UCatolicaCol\" \/>\n<meta name=\"twitter:site\" content=\"@UCatolicaCol\" \/>\n<meta name=\"twitter:label1\" content=\"Escrito por\" \/>\n\t<meta name=\"twitter:data1\" content=\"Cindy Lugo\" \/>\n\t<meta name=\"twitter:label2\" content=\"Tiempo de lectura\" \/>\n\t<meta name=\"twitter:data2\" content=\"2 minutos\" \/>\n<script type=\"application\/ld+json\" class=\"yoast-schema-graph\">{\"@context\":\"https:\/\/schema.org\",\"@graph\":[{\"@type\":\"Article\",\"@id\":\"https:\/\/www.ucatolica.edu.co\/portal\/haz-parte-de-la-xv-jornada-de-investigacion\/#article\",\"isPartOf\":{\"@id\":\"https:\/\/www.ucatolica.edu.co\/portal\/haz-parte-de-la-xv-jornada-de-investigacion\/\"},\"author\":{\"name\":\"Cindy Lugo\",\"@id\":\"https:\/\/www.ucatolica.edu.co\/portal\/#\/schema\/person\/a7469afff252fba81c6cdc40c80f00b6\"},\"headline\":\"\u00a1Haz parte de la XV Jornada de Investigaci\u00f3n!\",\"datePublished\":\"2024-05-07T21:25:39+00:00\",\"dateModified\":\"2024-05-07T21:25:40+00:00\",\"mainEntityOfPage\":{\"@id\":\"https:\/\/www.ucatolica.edu.co\/portal\/haz-parte-de-la-xv-jornada-de-investigacion\/\"},\"wordCount\":433,\"commentCount\":0,\"publisher\":{\"@id\":\"https:\/\/www.ucatolica.edu.co\/portal\/#organization\"},\"image\":{\"@id\":\"https:\/\/www.ucatolica.edu.co\/portal\/haz-parte-de-la-xv-jornada-de-investigacion\/#primaryimage\"},\"thumbnailUrl\":\"https:\/\/www.ucatolica.edu.co\/portal\/wp-content\/uploads\/2024\/03\/Noticiajornadadeinvestigaciones.jpg\",\"keywords\":[\"Conferencias\",\"Derecho cultura y sociedad\",\"Desarrollo humano y sostenible\",\"Gesti\u00f3n y tecnologia al servicio de la sociedad\",\"Jornada de Investigaciones\",\"Ponencias\",\"P\u00f3sters\"],\"articleSection\":[\"Noticias Principales\"],\"inLanguage\":\"es-CO\"},{\"@type\":\"WebPage\",\"@id\":\"https:\/\/www.ucatolica.edu.co\/portal\/haz-parte-de-la-xv-jornada-de-investigacion\/\",\"url\":\"https:\/\/www.ucatolica.edu.co\/portal\/haz-parte-de-la-xv-jornada-de-investigacion\/\",\"name\":\"\u00a1Haz parte de la XV Jornada de Investigaci\u00f3n! - Universidad Cat\u00f3lica De Colombia\",\"isPartOf\":{\"@id\":\"https:\/\/www.ucatolica.edu.co\/portal\/#website\"},\"primaryImageOfPage\":{\"@id\":\"https:\/\/www.ucatolica.edu.co\/portal\/haz-parte-de-la-xv-jornada-de-investigacion\/#primaryimage\"},\"image\":{\"@id\":\"https:\/\/www.ucatolica.edu.co\/portal\/haz-parte-de-la-xv-jornada-de-investigacion\/#primaryimage\"},\"thumbnailUrl\":\"https:\/\/www.ucatolica.edu.co\/portal\/wp-content\/uploads\/2024\/03\/Noticiajornadadeinvestigaciones.jpg\",\"datePublished\":\"2024-05-07T21:25:39+00:00\",\"dateModified\":\"2024-05-07T21:25:40+00:00\",\"breadcrumb\":{\"@id\":\"https:\/\/www.ucatolica.edu.co\/portal\/haz-parte-de-la-xv-jornada-de-investigacion\/#breadcrumb\"},\"inLanguage\":\"es-CO\",\"potentialAction\":[{\"@type\":\"ReadAction\",\"target\":[\"https:\/\/www.ucatolica.edu.co\/portal\/haz-parte-de-la-xv-jornada-de-investigacion\/\"]}]},{\"@type\":\"ImageObject\",\"inLanguage\":\"es-CO\",\"@id\":\"https:\/\/www.ucatolica.edu.co\/portal\/haz-parte-de-la-xv-jornada-de-investigacion\/#primaryimage\",\"url\":\"https:\/\/www.ucatolica.edu.co\/portal\/wp-content\/uploads\/2024\/03\/Noticiajornadadeinvestigaciones.jpg\",\"contentUrl\":\"https:\/\/www.ucatolica.edu.co\/portal\/wp-content\/uploads\/2024\/03\/Noticiajornadadeinvestigaciones.jpg\",\"width\":871,\"height\":523,\"caption\":\"Jornada de investigaciones\"},{\"@type\":\"BreadcrumbList\",\"@id\":\"https:\/\/www.ucatolica.edu.co\/portal\/haz-parte-de-la-xv-jornada-de-investigacion\/#breadcrumb\",\"itemListElement\":[{\"@type\":\"ListItem\",\"position\":1,\"name\":\"Inicio\",\"item\":\"https:\/\/www.ucatolica.edu.co\/portal\/\"},{\"@type\":\"ListItem\",\"position\":2,\"name\":\"\u00a1Haz parte de la XV Jornada de Investigaci\u00f3n!\"}]},{\"@type\":\"WebSite\",\"@id\":\"https:\/\/www.ucatolica.edu.co\/portal\/#website\",\"url\":\"https:\/\/www.ucatolica.edu.co\/portal\/\",\"name\":\"Universidad Cat\u00f3lica De Colombia\",\"description\":\"Universidad Cat\u00f3lica De Colombia\",\"publisher\":{\"@id\":\"https:\/\/www.ucatolica.edu.co\/portal\/#organization\"},\"potentialAction\":[{\"@type\":\"SearchAction\",\"target\":{\"@type\":\"EntryPoint\",\"urlTemplate\":\"https:\/\/www.ucatolica.edu.co\/portal\/?s={search_term_string}\"},\"query-input\":{\"@type\":\"PropertyValueSpecification\",\"valueRequired\":true,\"valueName\":\"search_term_string\"}}],\"inLanguage\":\"es-CO\"},{\"@type\":\"Organization\",\"@id\":\"https:\/\/www.ucatolica.edu.co\/portal\/#organization\",\"name\":\"Universidad Cat\u00f3lica de Colombia\",\"url\":\"https:\/\/www.ucatolica.edu.co\/portal\/\",\"logo\":{\"@type\":\"ImageObject\",\"inLanguage\":\"es-CO\",\"@id\":\"https:\/\/www.ucatolica.edu.co\/portal\/#\/schema\/logo\/image\/\",\"url\":\"https:\/\/www.ucatolica.edu.co\/portal\/wp-content\/uploads\/2021\/06\/logo-header-ho-1.svg\",\"contentUrl\":\"https:\/\/www.ucatolica.edu.co\/portal\/wp-content\/uploads\/2021\/06\/logo-header-ho-1.svg\",\"width\":1,\"height\":1,\"caption\":\"Universidad Cat\u00f3lica de Colombia\"},\"image\":{\"@id\":\"https:\/\/www.ucatolica.edu.co\/portal\/#\/schema\/logo\/image\/\"},\"sameAs\":[\"https:\/\/www.facebook.com\/ucatolicacolombia\",\"https:\/\/x.com\/UCatolicaCol\",\"https:\/\/www.instagram.com\/universidadcatolicadecolombia\/\",\"https:\/\/www.linkedin.com\/company\/universidadcatolicadecolombia\/\",\"https:\/\/www.youtube.com\/user\/UCatolicaCo\"]},{\"@type\":\"Person\",\"@id\":\"https:\/\/www.ucatolica.edu.co\/portal\/#\/schema\/person\/a7469afff252fba81c6cdc40c80f00b6\",\"name\":\"Cindy Lugo\",\"url\":\"https:\/\/www.ucatolica.edu.co\/portal\/author\/cindy\/\"}]}<\/script>\n<!-- \/ Yoast SEO plugin. -->","yoast_head_json":{"title":"\u00a1Haz parte de la XV Jornada de Investigaci\u00f3n! - Universidad Cat\u00f3lica De Colombia","robots":{"index":"index","follow":"follow","max-snippet":"max-snippet:-1","max-image-preview":"max-image-preview:large","max-video-preview":"max-video-preview:-1"},"canonical":"https:\/\/www.ucatolica.edu.co\/portal\/haz-parte-de-la-xv-jornada-de-investigacion\/","og_locale":"es_ES","og_type":"article","og_title":"\u00a1Haz parte de la XV Jornada de Investigaci\u00f3n! - Universidad Cat\u00f3lica De Colombia","og_description":"La Universidad Cat\u00f3lica de Colombia a trav\u00e9s de la Direcci\u00f3n Central de Investigaciones invita a la comunidad acad\u00e9mica a ser parte de la XV Jornada de Investigaci\u00f3n &#8220;un espacio para conocer nuestros aportes a la sociedad&#8220;, el cual es un espacio de divulgaci\u00f3n de los resultados, impactos y experiencias obtenidos en investigaci\u00f3n b\u00e1sica, aplicada y [&hellip;]","og_url":"https:\/\/www.ucatolica.edu.co\/portal\/haz-parte-de-la-xv-jornada-de-investigacion\/","og_site_name":"Universidad Cat\u00f3lica De Colombia","article_publisher":"https:\/\/www.facebook.com\/ucatolicacolombia","article_published_time":"2024-05-07T21:25:39+00:00","article_modified_time":"2024-05-07T21:25:40+00:00","og_image":[{"width":871,"height":523,"url":"https:\/\/www.ucatolica.edu.co\/portal\/wp-content\/uploads\/2024\/03\/Noticiajornadadeinvestigaciones.jpg","type":"image\/jpeg"}],"author":"Cindy Lugo","twitter_card":"summary_large_image","twitter_creator":"@UCatolicaCol","twitter_site":"@UCatolicaCol","twitter_misc":{"Escrito por":"Cindy Lugo","Tiempo de lectura":"2 minutos"},"schema":{"@context":"https:\/\/schema.org","@graph":[{"@type":"Article","@id":"https:\/\/www.ucatolica.edu.co\/portal\/haz-parte-de-la-xv-jornada-de-investigacion\/#article","isPartOf":{"@id":"https:\/\/www.ucatolica.edu.co\/portal\/haz-parte-de-la-xv-jornada-de-investigacion\/"},"author":{"name":"Cindy Lugo","@id":"https:\/\/www.ucatolica.edu.co\/portal\/#\/schema\/person\/a7469afff252fba81c6cdc40c80f00b6"},"headline":"\u00a1Haz parte de la XV Jornada de Investigaci\u00f3n!","datePublished":"2024-05-07T21:25:39+00:00","dateModified":"2024-05-07T21:25:40+00:00","mainEntityOfPage":{"@id":"https:\/\/www.ucatolica.edu.co\/portal\/haz-parte-de-la-xv-jornada-de-investigacion\/"},"wordCount":433,"commentCount":0,"publisher":{"@id":"https:\/\/www.ucatolica.edu.co\/portal\/#organization"},"image":{"@id":"https:\/\/www.ucatolica.edu.co\/portal\/haz-parte-de-la-xv-jornada-de-investigacion\/#primaryimage"},"thumbnailUrl":"https:\/\/www.ucatolica.edu.co\/portal\/wp-content\/uploads\/2024\/03\/Noticiajornadadeinvestigaciones.jpg","keywords":["Conferencias","Derecho cultura y sociedad","Desarrollo humano y sostenible","Gesti\u00f3n y tecnologia al servicio de la sociedad","Jornada de Investigaciones","Ponencias","P\u00f3sters"],"articleSection":["Noticias Principales"],"inLanguage":"es-CO"},{"@type":"WebPage","@id":"https:\/\/www.ucatolica.edu.co\/portal\/haz-parte-de-la-xv-jornada-de-investigacion\/","url":"https:\/\/www.ucatolica.edu.co\/portal\/haz-parte-de-la-xv-jornada-de-investigacion\/","name":"\u00a1Haz parte de la XV Jornada de Investigaci\u00f3n! - Universidad Cat\u00f3lica De Colombia","isPartOf":{"@id":"https:\/\/www.ucatolica.edu.co\/portal\/#website"},"primaryImageOfPage":{"@id":"https:\/\/www.ucatolica.edu.co\/portal\/haz-parte-de-la-xv-jornada-de-investigacion\/#primaryimage"},"image":{"@id":"https:\/\/www.ucatolica.edu.co\/portal\/haz-parte-de-la-xv-jornada-de-investigacion\/#primaryimage"},"thumbnailUrl":"https:\/\/www.ucatolica.edu.co\/portal\/wp-content\/uploads\/2024\/03\/Noticiajornadadeinvestigaciones.jpg","datePublished":"2024-05-07T21:25:39+00:00","dateModified":"2024-05-07T21:25:40+00:00","breadcrumb":{"@id":"https:\/\/www.ucatolica.edu.co\/portal\/haz-parte-de-la-xv-jornada-de-investigacion\/#breadcrumb"},"inLanguage":"es-CO","potentialAction":[{"@type":"ReadAction","target":["https:\/\/www.ucatolica.edu.co\/portal\/haz-parte-de-la-xv-jornada-de-investigacion\/"]}]},{"@type":"ImageObject","inLanguage":"es-CO","@id":"https:\/\/www.ucatolica.edu.co\/portal\/haz-parte-de-la-xv-jornada-de-investigacion\/#primaryimage","url":"https:\/\/www.ucatolica.edu.co\/portal\/wp-content\/uploads\/2024\/03\/Noticiajornadadeinvestigaciones.jpg","contentUrl":"https:\/\/www.ucatolica.edu.co\/portal\/wp-content\/uploads\/2024\/03\/Noticiajornadadeinvestigaciones.jpg","width":871,"height":523,"caption":"Jornada de investigaciones"},{"@type":"BreadcrumbList","@id":"https:\/\/www.ucatolica.edu.co\/portal\/haz-parte-de-la-xv-jornada-de-investigacion\/#breadcrumb","itemListElement":[{"@type":"ListItem","position":1,"name":"Inicio","item":"https:\/\/www.ucatolica.edu.co\/portal\/"},{"@type":"ListItem","position":2,"name":"\u00a1Haz parte de la XV Jornada de Investigaci\u00f3n!"}]},{"@type":"WebSite","@id":"https:\/\/www.ucatolica.edu.co\/portal\/#website","url":"https:\/\/www.ucatolica.edu.co\/portal\/","name":"Universidad Cat\u00f3lica De Colombia","description":"Universidad Cat\u00f3lica De Colombia","publisher":{"@id":"https:\/\/www.ucatolica.edu.co\/portal\/#organization"},"potentialAction":[{"@type":"SearchAction","target":{"@type":"EntryPoint","urlTemplate":"https:\/\/www.ucatolica.edu.co\/portal\/?s={search_term_string}"},"query-input":{"@type":"PropertyValueSpecification","valueRequired":true,"valueName":"search_term_string"}}],"inLanguage":"es-CO"},{"@type":"Organization","@id":"https:\/\/www.ucatolica.edu.co\/portal\/#organization","name":"Universidad Cat\u00f3lica de Colombia","url":"https:\/\/www.ucatolica.edu.co\/portal\/","logo":{"@type":"ImageObject","inLanguage":"es-CO","@id":"https:\/\/www.ucatolica.edu.co\/portal\/#\/schema\/logo\/image\/","url":"https:\/\/www.ucatolica.edu.co\/portal\/wp-content\/uploads\/2021\/06\/logo-header-ho-1.svg","contentUrl":"https:\/\/www.ucatolica.edu.co\/portal\/wp-content\/uploads\/2021\/06\/logo-header-ho-1.svg","width":1,"height":1,"caption":"Universidad Cat\u00f3lica de Colombia"},"image":{"@id":"https:\/\/www.ucatolica.edu.co\/portal\/#\/schema\/logo\/image\/"},"sameAs":["https:\/\/www.facebook.com\/ucatolicacolombia","https:\/\/x.com\/UCatolicaCol","https:\/\/www.instagram.com\/universidadcatolicadecolombia\/","https:\/\/www.linkedin.com\/company\/universidadcatolicadecolombia\/","https:\/\/www.youtube.com\/user\/UCatolicaCo"]},{"@type":"Person","@id":"https:\/\/www.ucatolica.edu.co\/portal\/#\/schema\/person\/a7469afff252fba81c6cdc40c80f00b6","name":"Cindy Lugo","url":"https:\/\/www.ucatolica.edu.co\/portal\/author\/cindy\/"}]}},"author_meta":{"display_name":"Cindy Lugo","author_link":"https:\/\/www.ucatolica.edu.co\/portal\/author\/cindy\/"},"featured_img":"https:\/\/www.ucatolica.edu.co\/portal\/wp-content\/uploads\/2024\/03\/Noticiajornadadeinvestigaciones.jpg","coauthors":[],"tax_additional":{"categories":{"linked":["<a href=\"https:\/\/www.ucatolica.edu.co\/portal\/category\/noticias-principales\/\" class=\"advgb-post-tax-term\">Noticias Principales<\/a>"],"unlinked":["<span class=\"advgb-post-tax-term\">Noticias Principales<\/span>"]},"tags":{"linked":["<a href=\"https:\/\/www.ucatolica.edu.co\/portal\/category\/noticias-principales\/\" class=\"advgb-post-tax-term\">Conferencias<\/a>","<a href=\"https:\/\/www.ucatolica.edu.co\/portal\/category\/noticias-principales\/\" class=\"advgb-post-tax-term\">Derecho cultura y sociedad<\/a>","<a href=\"https:\/\/www.ucatolica.edu.co\/portal\/category\/noticias-principales\/\" class=\"advgb-post-tax-term\">Desarrollo humano y sostenible<\/a>","<a href=\"https:\/\/www.ucatolica.edu.co\/portal\/category\/noticias-principales\/\" class=\"advgb-post-tax-term\">Gesti\u00f3n y tecnologia al servicio de la sociedad<\/a>","<a href=\"https:\/\/www.ucatolica.edu.co\/portal\/category\/noticias-principales\/\" class=\"advgb-post-tax-term\">Jornada de Investigaciones<\/a>","<a href=\"https:\/\/www.ucatolica.edu.co\/portal\/category\/noticias-principales\/\" class=\"advgb-post-tax-term\">Ponencias<\/a>","<a href=\"https:\/\/www.ucatolica.edu.co\/portal\/category\/noticias-principales\/\" class=\"advgb-post-tax-term\">P\u00f3sters<\/a>"],"unlinked":["<span class=\"advgb-post-tax-term\">Conferencias<\/span>","<span class=\"advgb-post-tax-term\">Derecho cultura y sociedad<\/span>","<span class=\"advgb-post-tax-term\">Desarrollo humano y sostenible<\/span>","<span class=\"advgb-post-tax-term\">Gesti\u00f3n y tecnologia al servicio de la sociedad<\/span>","<span class=\"advgb-post-tax-term\">Jornada de Investigaciones<\/span>","<span class=\"advgb-post-tax-term\">Ponencias<\/span>","<span class=\"advgb-post-tax-term\">P\u00f3sters<\/span>"]}},"comment_count":"0","relative_dates":{"created":"Posted 2 a\u00f1os ago","modified":"Updated 2 a\u00f1os ago"},"absolute_dates":{"created":"Posted on 7 mayo, 2024","modified":"Updated on 7 mayo, 2024"},"absolute_dates_time":{"created":"Posted on 7 mayo, 2024 4:25 pm","modified":"Updated on 7 mayo, 2024 4:25 pm"},"featured_img_caption":"","series_order":"","_links":{"self":[{"href":"https:\/\/www.ucatolica.edu.co\/portal\/wp-json\/wp\/v2\/posts\/105566","targetHints":{"allow":["GET"]}}],"collection":[{"href":"https:\/\/www.ucatolica.edu.co\/portal\/wp-json\/wp\/v2\/posts"}],"about":[{"href":"https:\/\/www.ucatolica.edu.co\/portal\/wp-json\/wp\/v2\/types\/post"}],"author":[{"embeddable":true,"href":"https:\/\/www.ucatolica.edu.co\/portal\/wp-json\/wp\/v2\/users\/4"}],"replies":[{"embeddable":true,"href":"https:\/\/www.ucatolica.edu.co\/portal\/wp-json\/wp\/v2\/comments?post=105566"}],"version-history":[{"count":2,"href":"https:\/\/www.ucatolica.edu.co\/portal\/wp-json\/wp\/v2\/posts\/105566\/revisions"}],"predecessor-version":[{"id":106789,"href":"https:\/\/www.ucatolica.edu.co\/portal\/wp-json\/wp\/v2\/posts\/105566\/revisions\/106789"}],"wp:featuredmedia":[{"embeddable":true,"href":"https:\/\/www.ucatolica.edu.co\/portal\/wp-json\/wp\/v2\/media\/105567"}],"wp:attachment":[{"href":"https:\/\/www.ucatolica.edu.co\/portal\/wp-json\/wp\/v2\/media?parent=105566"}],"wp:term":[{"taxonomy":"category","embeddable":true,"href":"https:\/\/www.ucatolica.edu.co\/portal\/wp-json\/wp\/v2\/categories?post=105566"},{"taxonomy":"post_tag","embeddable":true,"href":"https:\/\/www.ucatolica.edu.co\/portal\/wp-json\/wp\/v2\/tags?post=105566"}],"curies":[{"name":"wp","href":"https:\/\/api.w.org\/{rel}","templated":true}]}}