{"id":105868,"date":"2024-04-15T14:32:23","date_gmt":"2024-04-15T19:32:23","guid":{"rendered":"https:\/\/www.ucatolica.edu.co\/portal\/?p=105868"},"modified":"2024-04-15T14:32:24","modified_gmt":"2024-04-15T19:32:24","slug":"que-brechas-existen-a-nivel-de-competencias-laborales-en-cundinamarca","status":"publish","type":"post","link":"https:\/\/www.ucatolica.edu.co\/portal\/que-brechas-existen-a-nivel-de-competencias-laborales-en-cundinamarca\/","title":{"rendered":"\u00bfQu\u00e9 brechas existen a nivel de competencias laborales en Cundinamarca?"},"content":{"rendered":"\n<p>La Universidad Cat\u00f3lica de Colombia llev\u00f3 a cabo una investigaci\u00f3n sobre las brechas de capital humano y las habilidades requeridas para el mercado de trabajo; el hallazgo m\u00e1s importante sugiere la relevancia de las micro certificaciones en habilidades que respondan en el corto plazo y en un enfoque de aprendizaje a lo largo de la vida a las transformaciones que est\u00e1 experimentado el mercado de trabajo producto de la cuarta revoluci\u00f3n industrial.<\/p>\n\n\n\n<p>La investigaci\u00f3n explora los datos del mercado de trabajo de Cundinamarca y el sector de Business Procedures Outsourcing (BPO) en Bogot\u00e1 a fin de estimar y analizar la existencia de Brechas de Capital Humano (BCH) como barreras al encuentro entre la oferta de trabajadores con distintas habilidades y conocimientos y la demanda laboral de las empresas descrita en las vacantes publicadas e identificadas en entrevistas semiestructuradas. <\/p>\n\n\n\n<p>Cuatro tipos de brechas son identificadas y analizadas: (1) brechas de competencias laborales, (2) brechas de cantidad, (3) brechas de pertinencia y (4) brechas de calidad. Utilizando taxonom\u00edas de educaci\u00f3n y ocupaciones, el primer indicador estima <strong><em>la diferencia entre los niveles educativos requeridos por un puesto de trabajo y los niveles educativos de los ocupados en dicho puesto de trabajo<\/em>.<\/strong> El segundo indicador indaga <em><strong>la diferencia entre el n\u00famero de estudiantes matriculados en programas que corresponden a las vacantes identificadas con el sector empresarial<\/strong><\/em>. El tercer indicador s<em>e\u00f1ala <strong>discrepancias entre las habilidades descritas en los curr\u00edculos educativos y las habilidades esperadas por los empresarios<\/strong><\/em>. El \u00faltimo indicador revela <em><strong>desarticulaciones entre las expectativas de desempe\u00f1o de los empresarios en relaci\u00f3n con las habilidades anticipadas por los y las trabajadores<\/strong><\/em>. Los principales hallazgos confirman la existencia de BCH en escenarios caracterizados por la generaci\u00f3n de empleo con altos niveles de insatisfacci\u00f3n, y la presencia de brechas de calidad y pertinencia en un escenario de cambio tecnol\u00f3gico y cambio organizacional de las empresas ante las nuevas tendencias implicadas en la era digital.<\/p>\n\n\n\n<p>Con esta investigaci\u00f3n, se alcanzaron los siguientes hitos:<\/p>\n\n\n\n<ol class=\"wp-block-list\" start=\"1\">\n<li>Implementaci\u00f3n de metodolog\u00edas de medici\u00f3n de brechas de competencias laborales y brechas de capital humano a partir de informaci\u00f3n primaria y secundaria.<\/li>\n\n\n\n<li>Construcci\u00f3n de indicadores departamentales y municipales para los desajustes del mercado de trabajo.<\/li>\n\n\n\n<li>Identificaci\u00f3n del empleo ocupado que se encuentra sobrecalificado y sub-calificado en el departamento de Cundinamarca.<\/li>\n\n\n\n<li>Especificaci\u00f3n de ocupaciones obsoletas, en transformaci\u00f3n y nuevas en el sector BPO en Bogot\u00e1 a consecuencia de los procesos de robotizaci\u00f3n y automatizaci\u00f3n de procesos.<\/li>\n<\/ol>\n\n\n\n<p>Todo lo anterior, contribuyendo  a la  investigaci\u00f3n econ\u00f3mica sobre el funcionamiento del mercado de trabajo regional, en pro de un trabajo decente, educaci\u00f3n de calidad y mejora de la industria, innovaci\u00f3n e infraestructura.<\/p>\n","protected":false},"excerpt":{"rendered":"<p>La Universidad Cat\u00f3lica de Colombia llev\u00f3 a cabo una investigaci\u00f3n sobre las brechas de capital humano y las habilidades requeridas para el mercado de trabajo; el hallazgo m\u00e1s importante sugiere la relevancia de las micro certificaciones en habilidades que respondan en el corto plazo y en un enfoque de aprendizaje a lo largo de la [&hellip;]<\/p>\n","protected":false},"author":4,"featured_media":106303,"comment_status":"open","ping_status":"open","sticky":false,"template":"","format":"standard","meta":{"_acf_changed":false,"advgb_blocks_editor_width":"","advgb_blocks_columns_visual_guide":"","footnotes":""},"categories":[93],"tags":[2602,2597,2600,568,2601,1199,269,179,2599],"class_list":["post-105868","post","type-post","status-publish","format-standard","has-post-thumbnail","hentry","category-noticias-principales","tag-competencias-laborales","tag-crecimiento-economico","tag-educacion-de-calidad","tag-facultad-de-ciencias-economicas-y-administrativas","tag-industria","tag-infraestructura","tag-innovacion","tag-ormet","tag-trabajo-decente"],"acf":[],"yoast_head":"<!-- This site is optimized with the Yoast SEO plugin v26.7 - https:\/\/yoast.com\/wordpress\/plugins\/seo\/ -->\n<title>\u00bfQu\u00e9 brechas existen a nivel de competencias laborales en Cundinamarca? - Universidad Cat\u00f3lica De Colombia<\/title>\n<meta name=\"robots\" content=\"index, follow, max-snippet:-1, max-image-preview:large, max-video-preview:-1\" \/>\n<link rel=\"canonical\" href=\"https:\/\/www.ucatolica.edu.co\/portal\/que-brechas-existen-a-nivel-de-competencias-laborales-en-cundinamarca\/\" \/>\n<meta property=\"og:locale\" content=\"es_ES\" \/>\n<meta property=\"og:type\" content=\"article\" \/>\n<meta property=\"og:title\" content=\"\u00bfQu\u00e9 brechas existen a nivel de competencias laborales en Cundinamarca? - Universidad Cat\u00f3lica De Colombia\" \/>\n<meta property=\"og:description\" content=\"La Universidad Cat\u00f3lica de Colombia llev\u00f3 a cabo una investigaci\u00f3n sobre las brechas de capital humano y las habilidades requeridas para el mercado de trabajo; el hallazgo m\u00e1s importante sugiere la relevancia de las micro certificaciones en habilidades que respondan en el corto plazo y en un enfoque de aprendizaje a lo largo de la [&hellip;]\" \/>\n<meta property=\"og:url\" content=\"https:\/\/www.ucatolica.edu.co\/portal\/que-brechas-existen-a-nivel-de-competencias-laborales-en-cundinamarca\/\" \/>\n<meta property=\"og:site_name\" content=\"Universidad Cat\u00f3lica De Colombia\" \/>\n<meta property=\"article:publisher\" content=\"https:\/\/www.facebook.com\/ucatolicacolombia\" \/>\n<meta property=\"article:published_time\" content=\"2024-04-15T19:32:23+00:00\" \/>\n<meta property=\"article:modified_time\" content=\"2024-04-15T19:32:24+00:00\" \/>\n<meta property=\"og:image\" content=\"https:\/\/www.ucatolica.edu.co\/portal\/wp-content\/uploads\/2024\/04\/Investigacion-economia.jpg\" \/>\n\t<meta property=\"og:image:width\" content=\"870\" \/>\n\t<meta property=\"og:image:height\" content=\"522\" \/>\n\t<meta property=\"og:image:type\" content=\"image\/jpeg\" \/>\n<meta name=\"author\" content=\"Cindy Lugo\" \/>\n<meta name=\"twitter:card\" content=\"summary_large_image\" \/>\n<meta name=\"twitter:creator\" content=\"@UCatolicaCol\" \/>\n<meta name=\"twitter:site\" content=\"@UCatolicaCol\" \/>\n<meta name=\"twitter:label1\" content=\"Escrito por\" \/>\n\t<meta name=\"twitter:data1\" content=\"Cindy Lugo\" \/>\n\t<meta name=\"twitter:label2\" content=\"Tiempo de lectura\" \/>\n\t<meta name=\"twitter:data2\" content=\"2 minutos\" \/>\n<script type=\"application\/ld+json\" class=\"yoast-schema-graph\">{\"@context\":\"https:\/\/schema.org\",\"@graph\":[{\"@type\":\"Article\",\"@id\":\"https:\/\/www.ucatolica.edu.co\/portal\/que-brechas-existen-a-nivel-de-competencias-laborales-en-cundinamarca\/#article\",\"isPartOf\":{\"@id\":\"https:\/\/www.ucatolica.edu.co\/portal\/que-brechas-existen-a-nivel-de-competencias-laborales-en-cundinamarca\/\"},\"author\":{\"name\":\"Cindy Lugo\",\"@id\":\"https:\/\/www.ucatolica.edu.co\/portal\/#\/schema\/person\/a7469afff252fba81c6cdc40c80f00b6\"},\"headline\":\"\u00bfQu\u00e9 brechas existen a nivel de competencias laborales en Cundinamarca?\",\"datePublished\":\"2024-04-15T19:32:23+00:00\",\"dateModified\":\"2024-04-15T19:32:24+00:00\",\"mainEntityOfPage\":{\"@id\":\"https:\/\/www.ucatolica.edu.co\/portal\/que-brechas-existen-a-nivel-de-competencias-laborales-en-cundinamarca\/\"},\"wordCount\":469,\"commentCount\":0,\"publisher\":{\"@id\":\"https:\/\/www.ucatolica.edu.co\/portal\/#organization\"},\"image\":{\"@id\":\"https:\/\/www.ucatolica.edu.co\/portal\/que-brechas-existen-a-nivel-de-competencias-laborales-en-cundinamarca\/#primaryimage\"},\"thumbnailUrl\":\"https:\/\/www.ucatolica.edu.co\/portal\/wp-content\/uploads\/2024\/04\/Investigacion-economia.jpg\",\"keywords\":[\"Competencias laborales\",\"Crecimiento econ\u00f3mico\",\"Educaci\u00f3n de calidad\",\"Facultad de Ciencias Econ\u00f3micas y Administrativas\",\"Industria\",\"Infraestructura\",\"Innovaci\u00f3n\",\"Ormet\",\"Trabajo decente\"],\"articleSection\":[\"Noticias Principales\"],\"inLanguage\":\"es-CO\"},{\"@type\":\"WebPage\",\"@id\":\"https:\/\/www.ucatolica.edu.co\/portal\/que-brechas-existen-a-nivel-de-competencias-laborales-en-cundinamarca\/\",\"url\":\"https:\/\/www.ucatolica.edu.co\/portal\/que-brechas-existen-a-nivel-de-competencias-laborales-en-cundinamarca\/\",\"name\":\"\u00bfQu\u00e9 brechas existen a nivel de competencias laborales en Cundinamarca? - Universidad Cat\u00f3lica De Colombia\",\"isPartOf\":{\"@id\":\"https:\/\/www.ucatolica.edu.co\/portal\/#website\"},\"primaryImageOfPage\":{\"@id\":\"https:\/\/www.ucatolica.edu.co\/portal\/que-brechas-existen-a-nivel-de-competencias-laborales-en-cundinamarca\/#primaryimage\"},\"image\":{\"@id\":\"https:\/\/www.ucatolica.edu.co\/portal\/que-brechas-existen-a-nivel-de-competencias-laborales-en-cundinamarca\/#primaryimage\"},\"thumbnailUrl\":\"https:\/\/www.ucatolica.edu.co\/portal\/wp-content\/uploads\/2024\/04\/Investigacion-economia.jpg\",\"datePublished\":\"2024-04-15T19:32:23+00:00\",\"dateModified\":\"2024-04-15T19:32:24+00:00\",\"breadcrumb\":{\"@id\":\"https:\/\/www.ucatolica.edu.co\/portal\/que-brechas-existen-a-nivel-de-competencias-laborales-en-cundinamarca\/#breadcrumb\"},\"inLanguage\":\"es-CO\",\"potentialAction\":[{\"@type\":\"ReadAction\",\"target\":[\"https:\/\/www.ucatolica.edu.co\/portal\/que-brechas-existen-a-nivel-de-competencias-laborales-en-cundinamarca\/\"]}]},{\"@type\":\"ImageObject\",\"inLanguage\":\"es-CO\",\"@id\":\"https:\/\/www.ucatolica.edu.co\/portal\/que-brechas-existen-a-nivel-de-competencias-laborales-en-cundinamarca\/#primaryimage\",\"url\":\"https:\/\/www.ucatolica.edu.co\/portal\/wp-content\/uploads\/2024\/04\/Investigacion-economia.jpg\",\"contentUrl\":\"https:\/\/www.ucatolica.edu.co\/portal\/wp-content\/uploads\/2024\/04\/Investigacion-economia.jpg\",\"width\":870,\"height\":522,\"caption\":\"Ilustraci\u00f3n de computador con manos y hojas de vida\"},{\"@type\":\"BreadcrumbList\",\"@id\":\"https:\/\/www.ucatolica.edu.co\/portal\/que-brechas-existen-a-nivel-de-competencias-laborales-en-cundinamarca\/#breadcrumb\",\"itemListElement\":[{\"@type\":\"ListItem\",\"position\":1,\"name\":\"Inicio\",\"item\":\"https:\/\/www.ucatolica.edu.co\/portal\/\"},{\"@type\":\"ListItem\",\"position\":2,\"name\":\"\u00bfQu\u00e9 brechas existen a nivel de competencias laborales en Cundinamarca?\"}]},{\"@type\":\"WebSite\",\"@id\":\"https:\/\/www.ucatolica.edu.co\/portal\/#website\",\"url\":\"https:\/\/www.ucatolica.edu.co\/portal\/\",\"name\":\"Universidad Cat\u00f3lica De Colombia\",\"description\":\"Universidad Cat\u00f3lica De Colombia\",\"publisher\":{\"@id\":\"https:\/\/www.ucatolica.edu.co\/portal\/#organization\"},\"potentialAction\":[{\"@type\":\"SearchAction\",\"target\":{\"@type\":\"EntryPoint\",\"urlTemplate\":\"https:\/\/www.ucatolica.edu.co\/portal\/?s={search_term_string}\"},\"query-input\":{\"@type\":\"PropertyValueSpecification\",\"valueRequired\":true,\"valueName\":\"search_term_string\"}}],\"inLanguage\":\"es-CO\"},{\"@type\":\"Organization\",\"@id\":\"https:\/\/www.ucatolica.edu.co\/portal\/#organization\",\"name\":\"Universidad Cat\u00f3lica de Colombia\",\"url\":\"https:\/\/www.ucatolica.edu.co\/portal\/\",\"logo\":{\"@type\":\"ImageObject\",\"inLanguage\":\"es-CO\",\"@id\":\"https:\/\/www.ucatolica.edu.co\/portal\/#\/schema\/logo\/image\/\",\"url\":\"https:\/\/www.ucatolica.edu.co\/portal\/wp-content\/uploads\/2021\/06\/logo-header-ho-1.svg\",\"contentUrl\":\"https:\/\/www.ucatolica.edu.co\/portal\/wp-content\/uploads\/2021\/06\/logo-header-ho-1.svg\",\"width\":1,\"height\":1,\"caption\":\"Universidad Cat\u00f3lica de Colombia\"},\"image\":{\"@id\":\"https:\/\/www.ucatolica.edu.co\/portal\/#\/schema\/logo\/image\/\"},\"sameAs\":[\"https:\/\/www.facebook.com\/ucatolicacolombia\",\"https:\/\/x.com\/UCatolicaCol\",\"https:\/\/www.instagram.com\/universidadcatolicadecolombia\/\",\"https:\/\/www.linkedin.com\/company\/universidadcatolicadecolombia\/\",\"https:\/\/www.youtube.com\/user\/UCatolicaCo\"]},{\"@type\":\"Person\",\"@id\":\"https:\/\/www.ucatolica.edu.co\/portal\/#\/schema\/person\/a7469afff252fba81c6cdc40c80f00b6\",\"name\":\"Cindy Lugo\",\"url\":\"https:\/\/www.ucatolica.edu.co\/portal\/author\/cindy\/\"}]}<\/script>\n<!-- \/ Yoast SEO plugin. -->","yoast_head_json":{"title":"\u00bfQu\u00e9 brechas existen a nivel de competencias laborales en Cundinamarca? - Universidad Cat\u00f3lica De Colombia","robots":{"index":"index","follow":"follow","max-snippet":"max-snippet:-1","max-image-preview":"max-image-preview:large","max-video-preview":"max-video-preview:-1"},"canonical":"https:\/\/www.ucatolica.edu.co\/portal\/que-brechas-existen-a-nivel-de-competencias-laborales-en-cundinamarca\/","og_locale":"es_ES","og_type":"article","og_title":"\u00bfQu\u00e9 brechas existen a nivel de competencias laborales en Cundinamarca? - Universidad Cat\u00f3lica De Colombia","og_description":"La Universidad Cat\u00f3lica de Colombia llev\u00f3 a cabo una investigaci\u00f3n sobre las brechas de capital humano y las habilidades requeridas para el mercado de trabajo; el hallazgo m\u00e1s importante sugiere la relevancia de las micro certificaciones en habilidades que respondan en el corto plazo y en un enfoque de aprendizaje a lo largo de la [&hellip;]","og_url":"https:\/\/www.ucatolica.edu.co\/portal\/que-brechas-existen-a-nivel-de-competencias-laborales-en-cundinamarca\/","og_site_name":"Universidad Cat\u00f3lica De Colombia","article_publisher":"https:\/\/www.facebook.com\/ucatolicacolombia","article_published_time":"2024-04-15T19:32:23+00:00","article_modified_time":"2024-04-15T19:32:24+00:00","og_image":[{"width":870,"height":522,"url":"https:\/\/www.ucatolica.edu.co\/portal\/wp-content\/uploads\/2024\/04\/Investigacion-economia.jpg","type":"image\/jpeg"}],"author":"Cindy Lugo","twitter_card":"summary_large_image","twitter_creator":"@UCatolicaCol","twitter_site":"@UCatolicaCol","twitter_misc":{"Escrito por":"Cindy Lugo","Tiempo de lectura":"2 minutos"},"schema":{"@context":"https:\/\/schema.org","@graph":[{"@type":"Article","@id":"https:\/\/www.ucatolica.edu.co\/portal\/que-brechas-existen-a-nivel-de-competencias-laborales-en-cundinamarca\/#article","isPartOf":{"@id":"https:\/\/www.ucatolica.edu.co\/portal\/que-brechas-existen-a-nivel-de-competencias-laborales-en-cundinamarca\/"},"author":{"name":"Cindy Lugo","@id":"https:\/\/www.ucatolica.edu.co\/portal\/#\/schema\/person\/a7469afff252fba81c6cdc40c80f00b6"},"headline":"\u00bfQu\u00e9 brechas existen a nivel de competencias laborales en Cundinamarca?","datePublished":"2024-04-15T19:32:23+00:00","dateModified":"2024-04-15T19:32:24+00:00","mainEntityOfPage":{"@id":"https:\/\/www.ucatolica.edu.co\/portal\/que-brechas-existen-a-nivel-de-competencias-laborales-en-cundinamarca\/"},"wordCount":469,"commentCount":0,"publisher":{"@id":"https:\/\/www.ucatolica.edu.co\/portal\/#organization"},"image":{"@id":"https:\/\/www.ucatolica.edu.co\/portal\/que-brechas-existen-a-nivel-de-competencias-laborales-en-cundinamarca\/#primaryimage"},"thumbnailUrl":"https:\/\/www.ucatolica.edu.co\/portal\/wp-content\/uploads\/2024\/04\/Investigacion-economia.jpg","keywords":["Competencias laborales","Crecimiento econ\u00f3mico","Educaci\u00f3n de calidad","Facultad de Ciencias Econ\u00f3micas y Administrativas","Industria","Infraestructura","Innovaci\u00f3n","Ormet","Trabajo decente"],"articleSection":["Noticias Principales"],"inLanguage":"es-CO"},{"@type":"WebPage","@id":"https:\/\/www.ucatolica.edu.co\/portal\/que-brechas-existen-a-nivel-de-competencias-laborales-en-cundinamarca\/","url":"https:\/\/www.ucatolica.edu.co\/portal\/que-brechas-existen-a-nivel-de-competencias-laborales-en-cundinamarca\/","name":"\u00bfQu\u00e9 brechas existen a nivel de competencias laborales en Cundinamarca? - Universidad Cat\u00f3lica De Colombia","isPartOf":{"@id":"https:\/\/www.ucatolica.edu.co\/portal\/#website"},"primaryImageOfPage":{"@id":"https:\/\/www.ucatolica.edu.co\/portal\/que-brechas-existen-a-nivel-de-competencias-laborales-en-cundinamarca\/#primaryimage"},"image":{"@id":"https:\/\/www.ucatolica.edu.co\/portal\/que-brechas-existen-a-nivel-de-competencias-laborales-en-cundinamarca\/#primaryimage"},"thumbnailUrl":"https:\/\/www.ucatolica.edu.co\/portal\/wp-content\/uploads\/2024\/04\/Investigacion-economia.jpg","datePublished":"2024-04-15T19:32:23+00:00","dateModified":"2024-04-15T19:32:24+00:00","breadcrumb":{"@id":"https:\/\/www.ucatolica.edu.co\/portal\/que-brechas-existen-a-nivel-de-competencias-laborales-en-cundinamarca\/#breadcrumb"},"inLanguage":"es-CO","potentialAction":[{"@type":"ReadAction","target":["https:\/\/www.ucatolica.edu.co\/portal\/que-brechas-existen-a-nivel-de-competencias-laborales-en-cundinamarca\/"]}]},{"@type":"ImageObject","inLanguage":"es-CO","@id":"https:\/\/www.ucatolica.edu.co\/portal\/que-brechas-existen-a-nivel-de-competencias-laborales-en-cundinamarca\/#primaryimage","url":"https:\/\/www.ucatolica.edu.co\/portal\/wp-content\/uploads\/2024\/04\/Investigacion-economia.jpg","contentUrl":"https:\/\/www.ucatolica.edu.co\/portal\/wp-content\/uploads\/2024\/04\/Investigacion-economia.jpg","width":870,"height":522,"caption":"Ilustraci\u00f3n de computador con manos y hojas de vida"},{"@type":"BreadcrumbList","@id":"https:\/\/www.ucatolica.edu.co\/portal\/que-brechas-existen-a-nivel-de-competencias-laborales-en-cundinamarca\/#breadcrumb","itemListElement":[{"@type":"ListItem","position":1,"name":"Inicio","item":"https:\/\/www.ucatolica.edu.co\/portal\/"},{"@type":"ListItem","position":2,"name":"\u00bfQu\u00e9 brechas existen a nivel de competencias laborales en Cundinamarca?"}]},{"@type":"WebSite","@id":"https:\/\/www.ucatolica.edu.co\/portal\/#website","url":"https:\/\/www.ucatolica.edu.co\/portal\/","name":"Universidad Cat\u00f3lica De Colombia","description":"Universidad Cat\u00f3lica De Colombia","publisher":{"@id":"https:\/\/www.ucatolica.edu.co\/portal\/#organization"},"potentialAction":[{"@type":"SearchAction","target":{"@type":"EntryPoint","urlTemplate":"https:\/\/www.ucatolica.edu.co\/portal\/?s={search_term_string}"},"query-input":{"@type":"PropertyValueSpecification","valueRequired":true,"valueName":"search_term_string"}}],"inLanguage":"es-CO"},{"@type":"Organization","@id":"https:\/\/www.ucatolica.edu.co\/portal\/#organization","name":"Universidad Cat\u00f3lica de Colombia","url":"https:\/\/www.ucatolica.edu.co\/portal\/","logo":{"@type":"ImageObject","inLanguage":"es-CO","@id":"https:\/\/www.ucatolica.edu.co\/portal\/#\/schema\/logo\/image\/","url":"https:\/\/www.ucatolica.edu.co\/portal\/wp-content\/uploads\/2021\/06\/logo-header-ho-1.svg","contentUrl":"https:\/\/www.ucatolica.edu.co\/portal\/wp-content\/uploads\/2021\/06\/logo-header-ho-1.svg","width":1,"height":1,"caption":"Universidad Cat\u00f3lica de Colombia"},"image":{"@id":"https:\/\/www.ucatolica.edu.co\/portal\/#\/schema\/logo\/image\/"},"sameAs":["https:\/\/www.facebook.com\/ucatolicacolombia","https:\/\/x.com\/UCatolicaCol","https:\/\/www.instagram.com\/universidadcatolicadecolombia\/","https:\/\/www.linkedin.com\/company\/universidadcatolicadecolombia\/","https:\/\/www.youtube.com\/user\/UCatolicaCo"]},{"@type":"Person","@id":"https:\/\/www.ucatolica.edu.co\/portal\/#\/schema\/person\/a7469afff252fba81c6cdc40c80f00b6","name":"Cindy Lugo","url":"https:\/\/www.ucatolica.edu.co\/portal\/author\/cindy\/"}]}},"author_meta":{"display_name":"Cindy Lugo","author_link":"https:\/\/www.ucatolica.edu.co\/portal\/author\/cindy\/"},"featured_img":"https:\/\/www.ucatolica.edu.co\/portal\/wp-content\/uploads\/2024\/04\/Investigacion-economia.jpg","coauthors":[],"tax_additional":{"categories":{"linked":["<a href=\"https:\/\/www.ucatolica.edu.co\/portal\/category\/noticias-principales\/\" class=\"advgb-post-tax-term\">Noticias Principales<\/a>"],"unlinked":["<span class=\"advgb-post-tax-term\">Noticias Principales<\/span>"]},"tags":{"linked":["<a href=\"https:\/\/www.ucatolica.edu.co\/portal\/category\/noticias-principales\/\" class=\"advgb-post-tax-term\">Competencias laborales<\/a>","<a href=\"https:\/\/www.ucatolica.edu.co\/portal\/category\/noticias-principales\/\" class=\"advgb-post-tax-term\">Crecimiento econ\u00f3mico<\/a>","<a href=\"https:\/\/www.ucatolica.edu.co\/portal\/category\/noticias-principales\/\" class=\"advgb-post-tax-term\">Educaci\u00f3n de calidad<\/a>","<a href=\"https:\/\/www.ucatolica.edu.co\/portal\/category\/noticias-principales\/\" class=\"advgb-post-tax-term\">Facultad de Ciencias Econ\u00f3micas y Administrativas<\/a>","<a href=\"https:\/\/www.ucatolica.edu.co\/portal\/category\/noticias-principales\/\" class=\"advgb-post-tax-term\">Industria<\/a>","<a href=\"https:\/\/www.ucatolica.edu.co\/portal\/category\/noticias-principales\/\" class=\"advgb-post-tax-term\">Infraestructura<\/a>","<a href=\"https:\/\/www.ucatolica.edu.co\/portal\/category\/noticias-principales\/\" class=\"advgb-post-tax-term\">Innovaci\u00f3n<\/a>","<a href=\"https:\/\/www.ucatolica.edu.co\/portal\/category\/noticias-principales\/\" class=\"advgb-post-tax-term\">Ormet<\/a>","<a href=\"https:\/\/www.ucatolica.edu.co\/portal\/category\/noticias-principales\/\" class=\"advgb-post-tax-term\">Trabajo decente<\/a>"],"unlinked":["<span class=\"advgb-post-tax-term\">Competencias laborales<\/span>","<span class=\"advgb-post-tax-term\">Crecimiento econ\u00f3mico<\/span>","<span class=\"advgb-post-tax-term\">Educaci\u00f3n de calidad<\/span>","<span class=\"advgb-post-tax-term\">Facultad de Ciencias Econ\u00f3micas y Administrativas<\/span>","<span class=\"advgb-post-tax-term\">Industria<\/span>","<span class=\"advgb-post-tax-term\">Infraestructura<\/span>","<span class=\"advgb-post-tax-term\">Innovaci\u00f3n<\/span>","<span class=\"advgb-post-tax-term\">Ormet<\/span>","<span class=\"advgb-post-tax-term\">Trabajo decente<\/span>"]}},"comment_count":"0","relative_dates":{"created":"Posted 2 a\u00f1os ago","modified":"Updated 2 a\u00f1os ago"},"absolute_dates":{"created":"Posted on 15 abril, 2024","modified":"Updated on 15 abril, 2024"},"absolute_dates_time":{"created":"Posted on 15 abril, 2024 2:32 pm","modified":"Updated on 15 abril, 2024 2:32 pm"},"featured_img_caption":"","series_order":"","_links":{"self":[{"href":"https:\/\/www.ucatolica.edu.co\/portal\/wp-json\/wp\/v2\/posts\/105868","targetHints":{"allow":["GET"]}}],"collection":[{"href":"https:\/\/www.ucatolica.edu.co\/portal\/wp-json\/wp\/v2\/posts"}],"about":[{"href":"https:\/\/www.ucatolica.edu.co\/portal\/wp-json\/wp\/v2\/types\/post"}],"author":[{"embeddable":true,"href":"https:\/\/www.ucatolica.edu.co\/portal\/wp-json\/wp\/v2\/users\/4"}],"replies":[{"embeddable":true,"href":"https:\/\/www.ucatolica.edu.co\/portal\/wp-json\/wp\/v2\/comments?post=105868"}],"version-history":[{"count":4,"href":"https:\/\/www.ucatolica.edu.co\/portal\/wp-json\/wp\/v2\/posts\/105868\/revisions"}],"predecessor-version":[{"id":106299,"href":"https:\/\/www.ucatolica.edu.co\/portal\/wp-json\/wp\/v2\/posts\/105868\/revisions\/106299"}],"wp:featuredmedia":[{"embeddable":true,"href":"https:\/\/www.ucatolica.edu.co\/portal\/wp-json\/wp\/v2\/media\/106303"}],"wp:attachment":[{"href":"https:\/\/www.ucatolica.edu.co\/portal\/wp-json\/wp\/v2\/media?parent=105868"}],"wp:term":[{"taxonomy":"category","embeddable":true,"href":"https:\/\/www.ucatolica.edu.co\/portal\/wp-json\/wp\/v2\/categories?post=105868"},{"taxonomy":"post_tag","embeddable":true,"href":"https:\/\/www.ucatolica.edu.co\/portal\/wp-json\/wp\/v2\/tags?post=105868"}],"curies":[{"name":"wp","href":"https:\/\/api.w.org\/{rel}","templated":true}]}}