{"id":107194,"date":"2024-05-10T14:20:12","date_gmt":"2024-05-10T19:20:12","guid":{"rendered":"https:\/\/www.ucatolica.edu.co\/portal\/?p=107194"},"modified":"2024-05-31T06:28:42","modified_gmt":"2024-05-31T11:28:42","slug":"haz-parte-del-foro-internacional-de-economia-celebrando-50-anos-de-excelencia","status":"publish","type":"post","link":"https:\/\/www.ucatolica.edu.co\/portal\/haz-parte-del-foro-internacional-de-economia-celebrando-50-anos-de-excelencia\/","title":{"rendered":"\u00a1Haz parte del Foro Internacional de Econom\u00eda: celebrando 50 a\u00f1os de excelencia!"},"content":{"rendered":"\n<p>La Facultad de Ciencias Econ\u00f3micas y Administrativas de la Universidad Cat\u00f3lica de Colombia, invita a estudiantes, profesores y administrativos de la Instituci\u00f3n y a la comunidad externa a participar en el <strong><em>Foro Internacional de Econom\u00eda: celebrando 50 a\u00f1os de excelencia<\/em><\/strong>; el cual se realiza para celebrar el 50\u00b0 aniversario del  programa de Econom\u00eda de la Universidad.<\/p>\n\n\n\n<p>Este encuentro ser\u00e1 una ocasi\u00f3n significativa que marca medio siglo de contribuciones acad\u00e9micas y profesionales al campo de la econom\u00eda, una celebraci\u00f3n donde no solo se reconocer\u00e1 la historia y los logros del Programa de Econom\u00eda, sino que tambi\u00e9n se configura como una plataforma para la actualizaci\u00f3n acad\u00e9mica y la integraci\u00f3n de estudiantes, egresados, y profesionales del sector.<\/p>\n\n\n\n<p>El &#8220;Foro Internacional de Econom\u00eda: celebrando 50 a\u00f1os de excelencia&#8221;, se llevar\u00e1 a cabo del <strong>20 al 22 de mayo<\/strong>, con una amplia gama de actividades planificadas para conmemorar el medio siglo de contribuciones del Programa de Econom\u00eda de la Universidad Cat\u00f3lica de Colombia.<\/p>\n\n\n\n<p>Durante estos tres d\u00edas, se llevar\u00e1n a cabo conferencias magistrales a cargo de destacadas figuras p\u00fablicas y acad\u00e9micas, cuya trayectoria profesional y acad\u00e9mica resalta su experiencia y conocimiento en el campo econ\u00f3mico, todo dise\u00f1ado para fomentar la interacci\u00f3n entre estudiantes, profesores, egresados y profesionales del \u00e1mbito econ\u00f3mico, entre las que se destacan:<\/p>\n\n\n\n<p><strong><em>Conferencia: El Plan Nacional de Desarrollo, la descentralizaci\u00f3n y el desarrollo de los territorios<\/em><\/strong><br>Dr. Jorge Iv\u00e1n Gonz\u00e1lez<br>Exdirector del Departamento Nacional de Planeaci\u00f3n<br>20 de mayo &#8211; 2:00 p.m. Auditorio Las Torres<br><br><strong><em>Conferencia: Planeaci\u00f3n territorial para la visibilizaci\u00f3n de las inequidades sociales, econ\u00f3micas en Colombia<\/em><\/strong><br>Dr. Juan Daniel Oviedo<br>Concejal de Bogot\u00e1. Exdirector del Departamento Administrativo Nacional de Estad\u00edstica<br>21 de mayo- 2:00 p.m. Centro de Convenciones, Sede 4<\/p>\n\n\n\n<p><strong><em><a href=\"https:\/\/www.ucatolica.edu.co\/portal\/wp-content\/uploads\/2024\/05\/Programa_ForoInternacionalff.pdf\">Para conocer la agenda completa, clic aqu\u00ed.<\/a><\/em><\/strong><\/p>\n\n\n\n<p>Este aniversario no solo reunir\u00e1 a la comunidad econ\u00f3mica en un espacio de reflexi\u00f3n y aprendizaje, sino que tambi\u00e9n resaltar\u00e1 el impacto del programa acad\u00e9mico en la formaci\u00f3n y pr\u00e1ctica econ\u00f3mica, marcando el inicio de nuevas colaboraciones y desarrollos en el campo.<\/p>\n\n\n\n<p>\u00a1Le esperamos!<\/p>\n","protected":false},"excerpt":{"rendered":"<p>La Facultad de Ciencias Econ\u00f3micas y Administrativas de la Universidad Cat\u00f3lica de Colombia, invita a estudiantes, profesores y administrativos de la Instituci\u00f3n y a la comunidad externa a participar en el Foro Internacional de Econom\u00eda: celebrando 50 a\u00f1os de excelencia; el cual se realiza para celebrar el 50\u00b0 aniversario del programa de Econom\u00eda de la [&hellip;]<\/p>\n","protected":false},"author":4,"featured_media":107211,"comment_status":"open","ping_status":"open","sticky":false,"template":"","format":"standard","meta":{"_acf_changed":false,"advgb_blocks_editor_width":"","advgb_blocks_columns_visual_guide":"","footnotes":""},"categories":[81,1816],"tags":[568,2657,2660,2661],"class_list":["post-107194","post","type-post","status-publish","format-standard","has-post-thumbnail","hentry","category-facultad-de-ciencias-economicas-y-administrativas","category-noticias-destacadas","tag-facultad-de-ciencias-economicas-y-administrativas","tag-foro-internacional-de-economia","tag-jorge-ivan-gonzalez","tag-juan-daniel-oviedo"],"acf":[],"yoast_head":"<!-- This site is optimized with the Yoast SEO plugin v26.7 - https:\/\/yoast.com\/wordpress\/plugins\/seo\/ -->\n<title>\u00a1Haz parte del Foro Internacional de Econom\u00eda: celebrando 50 a\u00f1os de excelencia! - Universidad Cat\u00f3lica De Colombia<\/title>\n<meta name=\"robots\" content=\"index, follow, max-snippet:-1, max-image-preview:large, max-video-preview:-1\" \/>\n<link rel=\"canonical\" href=\"https:\/\/www.ucatolica.edu.co\/portal\/haz-parte-del-foro-internacional-de-economia-celebrando-50-anos-de-excelencia\/\" \/>\n<meta property=\"og:locale\" content=\"es_ES\" \/>\n<meta property=\"og:type\" content=\"article\" \/>\n<meta property=\"og:title\" content=\"\u00a1Haz parte del Foro Internacional de Econom\u00eda: celebrando 50 a\u00f1os de excelencia! - Universidad Cat\u00f3lica De Colombia\" \/>\n<meta property=\"og:description\" content=\"La Facultad de Ciencias Econ\u00f3micas y Administrativas de la Universidad Cat\u00f3lica de Colombia, invita a estudiantes, profesores y administrativos de la Instituci\u00f3n y a la comunidad externa a participar en el Foro Internacional de Econom\u00eda: celebrando 50 a\u00f1os de excelencia; el cual se realiza para celebrar el 50\u00b0 aniversario del programa de Econom\u00eda de la [&hellip;]\" \/>\n<meta property=\"og:url\" content=\"https:\/\/www.ucatolica.edu.co\/portal\/haz-parte-del-foro-internacional-de-economia-celebrando-50-anos-de-excelencia\/\" \/>\n<meta property=\"og:site_name\" content=\"Universidad Cat\u00f3lica De Colombia\" \/>\n<meta property=\"article:publisher\" content=\"https:\/\/www.facebook.com\/ucatolicacolombia\" \/>\n<meta property=\"article:published_time\" content=\"2024-05-10T19:20:12+00:00\" \/>\n<meta property=\"article:modified_time\" content=\"2024-05-31T11:28:42+00:00\" \/>\n<meta property=\"og:image\" content=\"https:\/\/www.ucatolica.edu.co\/portal\/wp-content\/uploads\/2024\/05\/Foro-de-economia.jpg\" \/>\n\t<meta property=\"og:image:width\" content=\"870\" \/>\n\t<meta property=\"og:image:height\" content=\"522\" \/>\n\t<meta property=\"og:image:type\" content=\"image\/jpeg\" \/>\n<meta name=\"author\" content=\"Cindy Lugo\" \/>\n<meta name=\"twitter:card\" content=\"summary_large_image\" \/>\n<meta name=\"twitter:creator\" content=\"@UCatolicaCol\" \/>\n<meta name=\"twitter:site\" content=\"@UCatolicaCol\" \/>\n<meta name=\"twitter:label1\" content=\"Escrito por\" \/>\n\t<meta name=\"twitter:data1\" content=\"Cindy Lugo\" \/>\n\t<meta name=\"twitter:label2\" content=\"Tiempo de lectura\" \/>\n\t<meta name=\"twitter:data2\" content=\"2 minutos\" \/>\n<script type=\"application\/ld+json\" class=\"yoast-schema-graph\">{\"@context\":\"https:\/\/schema.org\",\"@graph\":[{\"@type\":\"Article\",\"@id\":\"https:\/\/www.ucatolica.edu.co\/portal\/haz-parte-del-foro-internacional-de-economia-celebrando-50-anos-de-excelencia\/#article\",\"isPartOf\":{\"@id\":\"https:\/\/www.ucatolica.edu.co\/portal\/haz-parte-del-foro-internacional-de-economia-celebrando-50-anos-de-excelencia\/\"},\"author\":{\"name\":\"Cindy Lugo\",\"@id\":\"https:\/\/www.ucatolica.edu.co\/portal\/#\/schema\/person\/a7469afff252fba81c6cdc40c80f00b6\"},\"headline\":\"\u00a1Haz parte del Foro Internacional de Econom\u00eda: celebrando 50 a\u00f1os de excelencia!\",\"datePublished\":\"2024-05-10T19:20:12+00:00\",\"dateModified\":\"2024-05-31T11:28:42+00:00\",\"mainEntityOfPage\":{\"@id\":\"https:\/\/www.ucatolica.edu.co\/portal\/haz-parte-del-foro-internacional-de-economia-celebrando-50-anos-de-excelencia\/\"},\"wordCount\":377,\"commentCount\":0,\"publisher\":{\"@id\":\"https:\/\/www.ucatolica.edu.co\/portal\/#organization\"},\"image\":{\"@id\":\"https:\/\/www.ucatolica.edu.co\/portal\/haz-parte-del-foro-internacional-de-economia-celebrando-50-anos-de-excelencia\/#primaryimage\"},\"thumbnailUrl\":\"https:\/\/www.ucatolica.edu.co\/portal\/wp-content\/uploads\/2024\/05\/Foro-de-economia.jpg\",\"keywords\":[\"Facultad de Ciencias Econ\u00f3micas y Administrativas\",\"Foro Internacional de Econom\u00eda\",\"Jorge Iv\u00e1n Gonz\u00e1lez\",\"Juan Daniel Oviedo\"],\"articleSection\":[\"Facultad de Ciencias Econ\u00f3micas y Administrativas\",\"Noticias Destacadas\"],\"inLanguage\":\"es-CO\"},{\"@type\":\"WebPage\",\"@id\":\"https:\/\/www.ucatolica.edu.co\/portal\/haz-parte-del-foro-internacional-de-economia-celebrando-50-anos-de-excelencia\/\",\"url\":\"https:\/\/www.ucatolica.edu.co\/portal\/haz-parte-del-foro-internacional-de-economia-celebrando-50-anos-de-excelencia\/\",\"name\":\"\u00a1Haz parte del Foro Internacional de Econom\u00eda: celebrando 50 a\u00f1os de excelencia! - Universidad Cat\u00f3lica De Colombia\",\"isPartOf\":{\"@id\":\"https:\/\/www.ucatolica.edu.co\/portal\/#website\"},\"primaryImageOfPage\":{\"@id\":\"https:\/\/www.ucatolica.edu.co\/portal\/haz-parte-del-foro-internacional-de-economia-celebrando-50-anos-de-excelencia\/#primaryimage\"},\"image\":{\"@id\":\"https:\/\/www.ucatolica.edu.co\/portal\/haz-parte-del-foro-internacional-de-economia-celebrando-50-anos-de-excelencia\/#primaryimage\"},\"thumbnailUrl\":\"https:\/\/www.ucatolica.edu.co\/portal\/wp-content\/uploads\/2024\/05\/Foro-de-economia.jpg\",\"datePublished\":\"2024-05-10T19:20:12+00:00\",\"dateModified\":\"2024-05-31T11:28:42+00:00\",\"breadcrumb\":{\"@id\":\"https:\/\/www.ucatolica.edu.co\/portal\/haz-parte-del-foro-internacional-de-economia-celebrando-50-anos-de-excelencia\/#breadcrumb\"},\"inLanguage\":\"es-CO\",\"potentialAction\":[{\"@type\":\"ReadAction\",\"target\":[\"https:\/\/www.ucatolica.edu.co\/portal\/haz-parte-del-foro-internacional-de-economia-celebrando-50-anos-de-excelencia\/\"]}]},{\"@type\":\"ImageObject\",\"inLanguage\":\"es-CO\",\"@id\":\"https:\/\/www.ucatolica.edu.co\/portal\/haz-parte-del-foro-internacional-de-economia-celebrando-50-anos-de-excelencia\/#primaryimage\",\"url\":\"https:\/\/www.ucatolica.edu.co\/portal\/wp-content\/uploads\/2024\/05\/Foro-de-economia.jpg\",\"contentUrl\":\"https:\/\/www.ucatolica.edu.co\/portal\/wp-content\/uploads\/2024\/05\/Foro-de-economia.jpg\",\"width\":870,\"height\":522,\"caption\":\"Foro de economia\"},{\"@type\":\"BreadcrumbList\",\"@id\":\"https:\/\/www.ucatolica.edu.co\/portal\/haz-parte-del-foro-internacional-de-economia-celebrando-50-anos-de-excelencia\/#breadcrumb\",\"itemListElement\":[{\"@type\":\"ListItem\",\"position\":1,\"name\":\"Inicio\",\"item\":\"https:\/\/www.ucatolica.edu.co\/portal\/\"},{\"@type\":\"ListItem\",\"position\":2,\"name\":\"\u00a1Haz parte del Foro Internacional de Econom\u00eda: celebrando 50 a\u00f1os de excelencia!\"}]},{\"@type\":\"WebSite\",\"@id\":\"https:\/\/www.ucatolica.edu.co\/portal\/#website\",\"url\":\"https:\/\/www.ucatolica.edu.co\/portal\/\",\"name\":\"Universidad Cat\u00f3lica De Colombia\",\"description\":\"Universidad Cat\u00f3lica De Colombia\",\"publisher\":{\"@id\":\"https:\/\/www.ucatolica.edu.co\/portal\/#organization\"},\"potentialAction\":[{\"@type\":\"SearchAction\",\"target\":{\"@type\":\"EntryPoint\",\"urlTemplate\":\"https:\/\/www.ucatolica.edu.co\/portal\/?s={search_term_string}\"},\"query-input\":{\"@type\":\"PropertyValueSpecification\",\"valueRequired\":true,\"valueName\":\"search_term_string\"}}],\"inLanguage\":\"es-CO\"},{\"@type\":\"Organization\",\"@id\":\"https:\/\/www.ucatolica.edu.co\/portal\/#organization\",\"name\":\"Universidad Cat\u00f3lica de Colombia\",\"url\":\"https:\/\/www.ucatolica.edu.co\/portal\/\",\"logo\":{\"@type\":\"ImageObject\",\"inLanguage\":\"es-CO\",\"@id\":\"https:\/\/www.ucatolica.edu.co\/portal\/#\/schema\/logo\/image\/\",\"url\":\"https:\/\/www.ucatolica.edu.co\/portal\/wp-content\/uploads\/2021\/06\/logo-header-ho-1.svg\",\"contentUrl\":\"https:\/\/www.ucatolica.edu.co\/portal\/wp-content\/uploads\/2021\/06\/logo-header-ho-1.svg\",\"width\":1,\"height\":1,\"caption\":\"Universidad Cat\u00f3lica de Colombia\"},\"image\":{\"@id\":\"https:\/\/www.ucatolica.edu.co\/portal\/#\/schema\/logo\/image\/\"},\"sameAs\":[\"https:\/\/www.facebook.com\/ucatolicacolombia\",\"https:\/\/x.com\/UCatolicaCol\",\"https:\/\/www.instagram.com\/universidadcatolicadecolombia\/\",\"https:\/\/www.linkedin.com\/company\/universidadcatolicadecolombia\/\",\"https:\/\/www.youtube.com\/user\/UCatolicaCo\"]},{\"@type\":\"Person\",\"@id\":\"https:\/\/www.ucatolica.edu.co\/portal\/#\/schema\/person\/a7469afff252fba81c6cdc40c80f00b6\",\"name\":\"Cindy Lugo\",\"url\":\"https:\/\/www.ucatolica.edu.co\/portal\/author\/cindy\/\"}]}<\/script>\n<!-- \/ Yoast SEO plugin. -->","yoast_head_json":{"title":"\u00a1Haz parte del Foro Internacional de Econom\u00eda: celebrando 50 a\u00f1os de excelencia! - Universidad Cat\u00f3lica De Colombia","robots":{"index":"index","follow":"follow","max-snippet":"max-snippet:-1","max-image-preview":"max-image-preview:large","max-video-preview":"max-video-preview:-1"},"canonical":"https:\/\/www.ucatolica.edu.co\/portal\/haz-parte-del-foro-internacional-de-economia-celebrando-50-anos-de-excelencia\/","og_locale":"es_ES","og_type":"article","og_title":"\u00a1Haz parte del Foro Internacional de Econom\u00eda: celebrando 50 a\u00f1os de excelencia! - Universidad Cat\u00f3lica De Colombia","og_description":"La Facultad de Ciencias Econ\u00f3micas y Administrativas de la Universidad Cat\u00f3lica de Colombia, invita a estudiantes, profesores y administrativos de la Instituci\u00f3n y a la comunidad externa a participar en el Foro Internacional de Econom\u00eda: celebrando 50 a\u00f1os de excelencia; el cual se realiza para celebrar el 50\u00b0 aniversario del programa de Econom\u00eda de la [&hellip;]","og_url":"https:\/\/www.ucatolica.edu.co\/portal\/haz-parte-del-foro-internacional-de-economia-celebrando-50-anos-de-excelencia\/","og_site_name":"Universidad Cat\u00f3lica De Colombia","article_publisher":"https:\/\/www.facebook.com\/ucatolicacolombia","article_published_time":"2024-05-10T19:20:12+00:00","article_modified_time":"2024-05-31T11:28:42+00:00","og_image":[{"width":870,"height":522,"url":"https:\/\/www.ucatolica.edu.co\/portal\/wp-content\/uploads\/2024\/05\/Foro-de-economia.jpg","type":"image\/jpeg"}],"author":"Cindy Lugo","twitter_card":"summary_large_image","twitter_creator":"@UCatolicaCol","twitter_site":"@UCatolicaCol","twitter_misc":{"Escrito por":"Cindy Lugo","Tiempo de lectura":"2 minutos"},"schema":{"@context":"https:\/\/schema.org","@graph":[{"@type":"Article","@id":"https:\/\/www.ucatolica.edu.co\/portal\/haz-parte-del-foro-internacional-de-economia-celebrando-50-anos-de-excelencia\/#article","isPartOf":{"@id":"https:\/\/www.ucatolica.edu.co\/portal\/haz-parte-del-foro-internacional-de-economia-celebrando-50-anos-de-excelencia\/"},"author":{"name":"Cindy Lugo","@id":"https:\/\/www.ucatolica.edu.co\/portal\/#\/schema\/person\/a7469afff252fba81c6cdc40c80f00b6"},"headline":"\u00a1Haz parte del Foro Internacional de Econom\u00eda: celebrando 50 a\u00f1os de excelencia!","datePublished":"2024-05-10T19:20:12+00:00","dateModified":"2024-05-31T11:28:42+00:00","mainEntityOfPage":{"@id":"https:\/\/www.ucatolica.edu.co\/portal\/haz-parte-del-foro-internacional-de-economia-celebrando-50-anos-de-excelencia\/"},"wordCount":377,"commentCount":0,"publisher":{"@id":"https:\/\/www.ucatolica.edu.co\/portal\/#organization"},"image":{"@id":"https:\/\/www.ucatolica.edu.co\/portal\/haz-parte-del-foro-internacional-de-economia-celebrando-50-anos-de-excelencia\/#primaryimage"},"thumbnailUrl":"https:\/\/www.ucatolica.edu.co\/portal\/wp-content\/uploads\/2024\/05\/Foro-de-economia.jpg","keywords":["Facultad de Ciencias Econ\u00f3micas y Administrativas","Foro Internacional de Econom\u00eda","Jorge Iv\u00e1n Gonz\u00e1lez","Juan Daniel Oviedo"],"articleSection":["Facultad de Ciencias Econ\u00f3micas y Administrativas","Noticias Destacadas"],"inLanguage":"es-CO"},{"@type":"WebPage","@id":"https:\/\/www.ucatolica.edu.co\/portal\/haz-parte-del-foro-internacional-de-economia-celebrando-50-anos-de-excelencia\/","url":"https:\/\/www.ucatolica.edu.co\/portal\/haz-parte-del-foro-internacional-de-economia-celebrando-50-anos-de-excelencia\/","name":"\u00a1Haz parte del Foro Internacional de Econom\u00eda: celebrando 50 a\u00f1os de excelencia! - Universidad Cat\u00f3lica De Colombia","isPartOf":{"@id":"https:\/\/www.ucatolica.edu.co\/portal\/#website"},"primaryImageOfPage":{"@id":"https:\/\/www.ucatolica.edu.co\/portal\/haz-parte-del-foro-internacional-de-economia-celebrando-50-anos-de-excelencia\/#primaryimage"},"image":{"@id":"https:\/\/www.ucatolica.edu.co\/portal\/haz-parte-del-foro-internacional-de-economia-celebrando-50-anos-de-excelencia\/#primaryimage"},"thumbnailUrl":"https:\/\/www.ucatolica.edu.co\/portal\/wp-content\/uploads\/2024\/05\/Foro-de-economia.jpg","datePublished":"2024-05-10T19:20:12+00:00","dateModified":"2024-05-31T11:28:42+00:00","breadcrumb":{"@id":"https:\/\/www.ucatolica.edu.co\/portal\/haz-parte-del-foro-internacional-de-economia-celebrando-50-anos-de-excelencia\/#breadcrumb"},"inLanguage":"es-CO","potentialAction":[{"@type":"ReadAction","target":["https:\/\/www.ucatolica.edu.co\/portal\/haz-parte-del-foro-internacional-de-economia-celebrando-50-anos-de-excelencia\/"]}]},{"@type":"ImageObject","inLanguage":"es-CO","@id":"https:\/\/www.ucatolica.edu.co\/portal\/haz-parte-del-foro-internacional-de-economia-celebrando-50-anos-de-excelencia\/#primaryimage","url":"https:\/\/www.ucatolica.edu.co\/portal\/wp-content\/uploads\/2024\/05\/Foro-de-economia.jpg","contentUrl":"https:\/\/www.ucatolica.edu.co\/portal\/wp-content\/uploads\/2024\/05\/Foro-de-economia.jpg","width":870,"height":522,"caption":"Foro de economia"},{"@type":"BreadcrumbList","@id":"https:\/\/www.ucatolica.edu.co\/portal\/haz-parte-del-foro-internacional-de-economia-celebrando-50-anos-de-excelencia\/#breadcrumb","itemListElement":[{"@type":"ListItem","position":1,"name":"Inicio","item":"https:\/\/www.ucatolica.edu.co\/portal\/"},{"@type":"ListItem","position":2,"name":"\u00a1Haz parte del Foro Internacional de Econom\u00eda: celebrando 50 a\u00f1os de excelencia!"}]},{"@type":"WebSite","@id":"https:\/\/www.ucatolica.edu.co\/portal\/#website","url":"https:\/\/www.ucatolica.edu.co\/portal\/","name":"Universidad Cat\u00f3lica De Colombia","description":"Universidad Cat\u00f3lica De Colombia","publisher":{"@id":"https:\/\/www.ucatolica.edu.co\/portal\/#organization"},"potentialAction":[{"@type":"SearchAction","target":{"@type":"EntryPoint","urlTemplate":"https:\/\/www.ucatolica.edu.co\/portal\/?s={search_term_string}"},"query-input":{"@type":"PropertyValueSpecification","valueRequired":true,"valueName":"search_term_string"}}],"inLanguage":"es-CO"},{"@type":"Organization","@id":"https:\/\/www.ucatolica.edu.co\/portal\/#organization","name":"Universidad Cat\u00f3lica de Colombia","url":"https:\/\/www.ucatolica.edu.co\/portal\/","logo":{"@type":"ImageObject","inLanguage":"es-CO","@id":"https:\/\/www.ucatolica.edu.co\/portal\/#\/schema\/logo\/image\/","url":"https:\/\/www.ucatolica.edu.co\/portal\/wp-content\/uploads\/2021\/06\/logo-header-ho-1.svg","contentUrl":"https:\/\/www.ucatolica.edu.co\/portal\/wp-content\/uploads\/2021\/06\/logo-header-ho-1.svg","width":1,"height":1,"caption":"Universidad Cat\u00f3lica de Colombia"},"image":{"@id":"https:\/\/www.ucatolica.edu.co\/portal\/#\/schema\/logo\/image\/"},"sameAs":["https:\/\/www.facebook.com\/ucatolicacolombia","https:\/\/x.com\/UCatolicaCol","https:\/\/www.instagram.com\/universidadcatolicadecolombia\/","https:\/\/www.linkedin.com\/company\/universidadcatolicadecolombia\/","https:\/\/www.youtube.com\/user\/UCatolicaCo"]},{"@type":"Person","@id":"https:\/\/www.ucatolica.edu.co\/portal\/#\/schema\/person\/a7469afff252fba81c6cdc40c80f00b6","name":"Cindy Lugo","url":"https:\/\/www.ucatolica.edu.co\/portal\/author\/cindy\/"}]}},"author_meta":{"display_name":"Cindy Lugo","author_link":"https:\/\/www.ucatolica.edu.co\/portal\/author\/cindy\/"},"featured_img":"https:\/\/www.ucatolica.edu.co\/portal\/wp-content\/uploads\/2024\/05\/Foro-de-economia.jpg","coauthors":[],"tax_additional":{"categories":{"linked":["<a href=\"https:\/\/www.ucatolica.edu.co\/portal\/category\/facultad-de-ciencias-economicas-y-administrativas\/\" class=\"advgb-post-tax-term\">Facultad de Ciencias Econ\u00f3micas y Administrativas<\/a>","<a href=\"https:\/\/www.ucatolica.edu.co\/portal\/category\/noticias-destacadas\/\" class=\"advgb-post-tax-term\">Noticias Destacadas<\/a>"],"unlinked":["<span class=\"advgb-post-tax-term\">Facultad de Ciencias Econ\u00f3micas y Administrativas<\/span>","<span class=\"advgb-post-tax-term\">Noticias Destacadas<\/span>"]},"tags":{"linked":["<a href=\"https:\/\/www.ucatolica.edu.co\/portal\/category\/noticias-destacadas\/\" class=\"advgb-post-tax-term\">Facultad de Ciencias Econ\u00f3micas y Administrativas<\/a>","<a href=\"https:\/\/www.ucatolica.edu.co\/portal\/category\/noticias-destacadas\/\" class=\"advgb-post-tax-term\">Foro Internacional de Econom\u00eda<\/a>","<a href=\"https:\/\/www.ucatolica.edu.co\/portal\/category\/noticias-destacadas\/\" class=\"advgb-post-tax-term\">Jorge Iv\u00e1n Gonz\u00e1lez<\/a>","<a href=\"https:\/\/www.ucatolica.edu.co\/portal\/category\/noticias-destacadas\/\" class=\"advgb-post-tax-term\">Juan Daniel Oviedo<\/a>"],"unlinked":["<span class=\"advgb-post-tax-term\">Facultad de Ciencias Econ\u00f3micas y Administrativas<\/span>","<span class=\"advgb-post-tax-term\">Foro Internacional de Econom\u00eda<\/span>","<span class=\"advgb-post-tax-term\">Jorge Iv\u00e1n Gonz\u00e1lez<\/span>","<span class=\"advgb-post-tax-term\">Juan Daniel Oviedo<\/span>"]}},"comment_count":"0","relative_dates":{"created":"Posted 2 a\u00f1os ago","modified":"Updated 2 a\u00f1os ago"},"absolute_dates":{"created":"Posted on 10 mayo, 2024","modified":"Updated on 31 mayo, 2024"},"absolute_dates_time":{"created":"Posted on 10 mayo, 2024 2:20 pm","modified":"Updated on 31 mayo, 2024 6:28 am"},"featured_img_caption":"","series_order":"","_links":{"self":[{"href":"https:\/\/www.ucatolica.edu.co\/portal\/wp-json\/wp\/v2\/posts\/107194","targetHints":{"allow":["GET"]}}],"collection":[{"href":"https:\/\/www.ucatolica.edu.co\/portal\/wp-json\/wp\/v2\/posts"}],"about":[{"href":"https:\/\/www.ucatolica.edu.co\/portal\/wp-json\/wp\/v2\/types\/post"}],"author":[{"embeddable":true,"href":"https:\/\/www.ucatolica.edu.co\/portal\/wp-json\/wp\/v2\/users\/4"}],"replies":[{"embeddable":true,"href":"https:\/\/www.ucatolica.edu.co\/portal\/wp-json\/wp\/v2\/comments?post=107194"}],"version-history":[{"count":9,"href":"https:\/\/www.ucatolica.edu.co\/portal\/wp-json\/wp\/v2\/posts\/107194\/revisions"}],"predecessor-version":[{"id":107860,"href":"https:\/\/www.ucatolica.edu.co\/portal\/wp-json\/wp\/v2\/posts\/107194\/revisions\/107860"}],"wp:featuredmedia":[{"embeddable":true,"href":"https:\/\/www.ucatolica.edu.co\/portal\/wp-json\/wp\/v2\/media\/107211"}],"wp:attachment":[{"href":"https:\/\/www.ucatolica.edu.co\/portal\/wp-json\/wp\/v2\/media?parent=107194"}],"wp:term":[{"taxonomy":"category","embeddable":true,"href":"https:\/\/www.ucatolica.edu.co\/portal\/wp-json\/wp\/v2\/categories?post=107194"},{"taxonomy":"post_tag","embeddable":true,"href":"https:\/\/www.ucatolica.edu.co\/portal\/wp-json\/wp\/v2\/tags?post=107194"}],"curies":[{"name":"wp","href":"https:\/\/api.w.org\/{rel}","templated":true}]}}