{"id":107202,"date":"2024-05-10T12:05:17","date_gmt":"2024-05-10T17:05:17","guid":{"rendered":"https:\/\/www.ucatolica.edu.co\/portal\/?p=107202"},"modified":"2024-05-15T09:33:43","modified_gmt":"2024-05-15T14:33:43","slug":"la-universidad-catolica-de-colombia-un-aliado-del-ministerio-de-educacion-nacional-para-el-mejoramiento-de-la-calidad-educativa-en-el-pais","status":"publish","type":"post","link":"https:\/\/www.ucatolica.edu.co\/portal\/la-universidad-catolica-de-colombia-un-aliado-del-ministerio-de-educacion-nacional-para-el-mejoramiento-de-la-calidad-educativa-en-el-pais\/","title":{"rendered":"\u00a1La Universidad Cat\u00f3lica de Colombia, un aliado del Ministerio de Educaci\u00f3n Nacional para el mejoramiento de la calidad educativa en el pa\u00eds!"},"content":{"rendered":"\n<p>El pasado 7 de mayo, el Ministerio de Educaci\u00f3n Nacional realiz\u00f3 en el Centro de Convenciones de la Universidad Cat\u00f3lica de Colombia, la capacitaci\u00f3n <em>\u201cEl rol del par acad\u00e9mico en el sistema de aseguramiento de la calidad de la educaci\u00f3n superior \u2013 SACES\u201d<\/em>, a los nuevos integrantes del banco de pares que apoyan los procesos de registro calificado.<\/p>\n\n\n\n<p>En el encuentro participaron m\u00e1s de 120 pares acad\u00e9micos en modalidad presencial y por acceso remoto, quienes en su mayor\u00eda son profesores de Instituciones de Educaci\u00f3n Superior de todo el pa\u00eds.<\/p>\n\n\n\n<figure class=\"wp-block-image size-full\"><img fetchpriority=\"high\" decoding=\"async\" width=\"870\" height=\"522\" src=\"https:\/\/www.ucatolica.edu.co\/portal\/wp-content\/uploads\/2024\/05\/Reunion-del-ministerio.jpg\" alt=\"\" class=\"wp-image-107205\"\/><\/figure>\n\n\n\n<p>Este encuentro es de gran importancia porque los pares, son quienes realizan la verificaci\u00f3n de las condiciones de calidad institucionales y de programas en cada una de las Instituciones de Educaci\u00f3n Superior en todo el pa\u00eds. Los Pares representan a la comunidad acad\u00e9mica y a la sociedad, en la verificaci\u00f3n de los procesos de solicitud de renovaci\u00f3n o nuevos registros calificados, as\u00ed como en la verificaci\u00f3n de las condiciones de calidad de las IES, seg\u00fan lo establece el Decreto 0529 del 29 de abril del 2024.<\/p>\n\n\n\n<p>En este evento estuvo presente la Dra. Alina G\u00f3mez Mej\u00eda, sub Directora de Aseguramiento de la Calidad de la Educaci\u00f3n Superior, quien afirm\u00f3 que, \u201cla Universidad Cat\u00f3lica de Colombia ha sido hist\u00f3ricamente un aliado del Ministerio de Educaci\u00f3n Nacional, para nuestras capacitaciones y eventos internos que tienen como prop\u00f3sito el aseguramiento y el mejoramiento de la calidad educativa en todo el sistema educativo nacional\u201d.<\/p>\n\n\n\n<figure class=\"wp-block-gallery has-nested-images columns-default is-cropped wp-block-gallery-1 is-layout-flex wp-block-gallery-is-layout-flex\">\n<figure class=\"wp-block-image size-full\"><img decoding=\"async\" width=\"870\" height=\"522\" data-id=\"107206\" src=\"https:\/\/www.ucatolica.edu.co\/portal\/wp-content\/uploads\/2024\/05\/Foto-Ministerio-Noticia.jpg\" alt=\"\" class=\"wp-image-107206\"\/><\/figure>\n<\/figure>\n\n\n\n<p><\/p>\n","protected":false},"excerpt":{"rendered":"<p>El pasado 7 de mayo, el Ministerio de Educaci\u00f3n Nacional realiz\u00f3 en el Centro de Convenciones de la Universidad Cat\u00f3lica de Colombia, la capacitaci\u00f3n \u201cEl rol del par acad\u00e9mico en el sistema de aseguramiento de la calidad de la educaci\u00f3n superior \u2013 SACES\u201d, a los nuevos integrantes del banco de pares que apoyan los procesos [&hellip;]<\/p>\n","protected":false},"author":4,"featured_media":107204,"comment_status":"open","ping_status":"open","sticky":false,"template":"","format":"standard","meta":{"_acf_changed":false,"advgb_blocks_editor_width":"","advgb_blocks_columns_visual_guide":"","footnotes":""},"categories":[93],"tags":[218,259,1022,2662,359,2663],"class_list":["post-107202","post","type-post","status-publish","format-standard","has-post-thumbnail","hentry","category-noticias-principales","tag-calidad","tag-instituciones-de-educacion-superior","tag-ministerio-de-educacion-nacional","tag-oferta-de-educacion-superior","tag-pares-academicos","tag-sistema-educativo-nacional"],"acf":[],"yoast_head":"<!-- This site is optimized with the Yoast SEO plugin v26.7 - https:\/\/yoast.com\/wordpress\/plugins\/seo\/ -->\n<title>\u00a1La Universidad Cat\u00f3lica de Colombia, un aliado del Ministerio de Educaci\u00f3n Nacional para el mejoramiento de la calidad educativa en el pa\u00eds! - Universidad Cat\u00f3lica De Colombia<\/title>\n<meta name=\"robots\" content=\"index, follow, max-snippet:-1, max-image-preview:large, max-video-preview:-1\" \/>\n<link rel=\"canonical\" href=\"https:\/\/www.ucatolica.edu.co\/portal\/la-universidad-catolica-de-colombia-un-aliado-del-ministerio-de-educacion-nacional-para-el-mejoramiento-de-la-calidad-educativa-en-el-pais\/\" \/>\n<meta property=\"og:locale\" content=\"es_ES\" \/>\n<meta property=\"og:type\" content=\"article\" \/>\n<meta property=\"og:title\" content=\"\u00a1La Universidad Cat\u00f3lica de Colombia, un aliado del Ministerio de Educaci\u00f3n Nacional para el mejoramiento de la calidad educativa en el pa\u00eds! - Universidad Cat\u00f3lica De Colombia\" \/>\n<meta property=\"og:description\" content=\"El pasado 7 de mayo, el Ministerio de Educaci\u00f3n Nacional realiz\u00f3 en el Centro de Convenciones de la Universidad Cat\u00f3lica de Colombia, la capacitaci\u00f3n \u201cEl rol del par acad\u00e9mico en el sistema de aseguramiento de la calidad de la educaci\u00f3n superior \u2013 SACES\u201d, a los nuevos integrantes del banco de pares que apoyan los procesos [&hellip;]\" \/>\n<meta property=\"og:url\" content=\"https:\/\/www.ucatolica.edu.co\/portal\/la-universidad-catolica-de-colombia-un-aliado-del-ministerio-de-educacion-nacional-para-el-mejoramiento-de-la-calidad-educativa-en-el-pais\/\" \/>\n<meta property=\"og:site_name\" content=\"Universidad Cat\u00f3lica De Colombia\" \/>\n<meta property=\"article:publisher\" content=\"https:\/\/www.facebook.com\/ucatolicacolombia\" \/>\n<meta property=\"article:published_time\" content=\"2024-05-10T17:05:17+00:00\" \/>\n<meta property=\"article:modified_time\" content=\"2024-05-15T14:33:43+00:00\" \/>\n<meta property=\"og:image\" content=\"https:\/\/www.ucatolica.edu.co\/portal\/wp-content\/uploads\/2024\/05\/Fotografia-personas-en-reunion-del-ministerio.jpg\" \/>\n\t<meta property=\"og:image:width\" content=\"870\" \/>\n\t<meta property=\"og:image:height\" content=\"522\" \/>\n\t<meta property=\"og:image:type\" content=\"image\/jpeg\" \/>\n<meta name=\"author\" content=\"Cindy Lugo\" \/>\n<meta name=\"twitter:card\" content=\"summary_large_image\" \/>\n<meta name=\"twitter:creator\" content=\"@UCatolicaCol\" \/>\n<meta name=\"twitter:site\" content=\"@UCatolicaCol\" \/>\n<meta name=\"twitter:label1\" content=\"Escrito por\" \/>\n\t<meta name=\"twitter:data1\" content=\"Cindy Lugo\" \/>\n\t<meta name=\"twitter:label2\" content=\"Tiempo de lectura\" \/>\n\t<meta name=\"twitter:data2\" content=\"1 minuto\" \/>\n<script type=\"application\/ld+json\" class=\"yoast-schema-graph\">{\"@context\":\"https:\/\/schema.org\",\"@graph\":[{\"@type\":\"Article\",\"@id\":\"https:\/\/www.ucatolica.edu.co\/portal\/la-universidad-catolica-de-colombia-un-aliado-del-ministerio-de-educacion-nacional-para-el-mejoramiento-de-la-calidad-educativa-en-el-pais\/#article\",\"isPartOf\":{\"@id\":\"https:\/\/www.ucatolica.edu.co\/portal\/la-universidad-catolica-de-colombia-un-aliado-del-ministerio-de-educacion-nacional-para-el-mejoramiento-de-la-calidad-educativa-en-el-pais\/\"},\"author\":{\"name\":\"Cindy Lugo\",\"@id\":\"https:\/\/www.ucatolica.edu.co\/portal\/#\/schema\/person\/a7469afff252fba81c6cdc40c80f00b6\"},\"headline\":\"\u00a1La Universidad Cat\u00f3lica de Colombia, un aliado del Ministerio de Educaci\u00f3n Nacional para el mejoramiento de la calidad educativa en el pa\u00eds!\",\"datePublished\":\"2024-05-10T17:05:17+00:00\",\"dateModified\":\"2024-05-15T14:33:43+00:00\",\"mainEntityOfPage\":{\"@id\":\"https:\/\/www.ucatolica.edu.co\/portal\/la-universidad-catolica-de-colombia-un-aliado-del-ministerio-de-educacion-nacional-para-el-mejoramiento-de-la-calidad-educativa-en-el-pais\/\"},\"wordCount\":283,\"commentCount\":0,\"publisher\":{\"@id\":\"https:\/\/www.ucatolica.edu.co\/portal\/#organization\"},\"image\":{\"@id\":\"https:\/\/www.ucatolica.edu.co\/portal\/la-universidad-catolica-de-colombia-un-aliado-del-ministerio-de-educacion-nacional-para-el-mejoramiento-de-la-calidad-educativa-en-el-pais\/#primaryimage\"},\"thumbnailUrl\":\"https:\/\/www.ucatolica.edu.co\/portal\/wp-content\/uploads\/2024\/05\/Fotografia-personas-en-reunion-del-ministerio.jpg\",\"keywords\":[\"Calidad\",\"Instituciones de Educaci\u00f3n Superior\",\"Ministerio de Educaci\u00f3n Nacional\",\"Oferta de Educaci\u00f3n Superior\",\"Pares Acad\u00e9micos\",\"Sistema educativo nacional\"],\"articleSection\":[\"Noticias Principales\"],\"inLanguage\":\"es-CO\"},{\"@type\":\"WebPage\",\"@id\":\"https:\/\/www.ucatolica.edu.co\/portal\/la-universidad-catolica-de-colombia-un-aliado-del-ministerio-de-educacion-nacional-para-el-mejoramiento-de-la-calidad-educativa-en-el-pais\/\",\"url\":\"https:\/\/www.ucatolica.edu.co\/portal\/la-universidad-catolica-de-colombia-un-aliado-del-ministerio-de-educacion-nacional-para-el-mejoramiento-de-la-calidad-educativa-en-el-pais\/\",\"name\":\"\u00a1La Universidad Cat\u00f3lica de Colombia, un aliado del Ministerio de Educaci\u00f3n Nacional para el mejoramiento de la calidad educativa en el pa\u00eds! - Universidad Cat\u00f3lica De Colombia\",\"isPartOf\":{\"@id\":\"https:\/\/www.ucatolica.edu.co\/portal\/#website\"},\"primaryImageOfPage\":{\"@id\":\"https:\/\/www.ucatolica.edu.co\/portal\/la-universidad-catolica-de-colombia-un-aliado-del-ministerio-de-educacion-nacional-para-el-mejoramiento-de-la-calidad-educativa-en-el-pais\/#primaryimage\"},\"image\":{\"@id\":\"https:\/\/www.ucatolica.edu.co\/portal\/la-universidad-catolica-de-colombia-un-aliado-del-ministerio-de-educacion-nacional-para-el-mejoramiento-de-la-calidad-educativa-en-el-pais\/#primaryimage\"},\"thumbnailUrl\":\"https:\/\/www.ucatolica.edu.co\/portal\/wp-content\/uploads\/2024\/05\/Fotografia-personas-en-reunion-del-ministerio.jpg\",\"datePublished\":\"2024-05-10T17:05:17+00:00\",\"dateModified\":\"2024-05-15T14:33:43+00:00\",\"breadcrumb\":{\"@id\":\"https:\/\/www.ucatolica.edu.co\/portal\/la-universidad-catolica-de-colombia-un-aliado-del-ministerio-de-educacion-nacional-para-el-mejoramiento-de-la-calidad-educativa-en-el-pais\/#breadcrumb\"},\"inLanguage\":\"es-CO\",\"potentialAction\":[{\"@type\":\"ReadAction\",\"target\":[\"https:\/\/www.ucatolica.edu.co\/portal\/la-universidad-catolica-de-colombia-un-aliado-del-ministerio-de-educacion-nacional-para-el-mejoramiento-de-la-calidad-educativa-en-el-pais\/\"]}]},{\"@type\":\"ImageObject\",\"inLanguage\":\"es-CO\",\"@id\":\"https:\/\/www.ucatolica.edu.co\/portal\/la-universidad-catolica-de-colombia-un-aliado-del-ministerio-de-educacion-nacional-para-el-mejoramiento-de-la-calidad-educativa-en-el-pais\/#primaryimage\",\"url\":\"https:\/\/www.ucatolica.edu.co\/portal\/wp-content\/uploads\/2024\/05\/Fotografia-personas-en-reunion-del-ministerio.jpg\",\"contentUrl\":\"https:\/\/www.ucatolica.edu.co\/portal\/wp-content\/uploads\/2024\/05\/Fotografia-personas-en-reunion-del-ministerio.jpg\",\"width\":870,\"height\":522,\"caption\":\"Fotografia-personas-en-reunion-del-ministerio\"},{\"@type\":\"BreadcrumbList\",\"@id\":\"https:\/\/www.ucatolica.edu.co\/portal\/la-universidad-catolica-de-colombia-un-aliado-del-ministerio-de-educacion-nacional-para-el-mejoramiento-de-la-calidad-educativa-en-el-pais\/#breadcrumb\",\"itemListElement\":[{\"@type\":\"ListItem\",\"position\":1,\"name\":\"Inicio\",\"item\":\"https:\/\/www.ucatolica.edu.co\/portal\/\"},{\"@type\":\"ListItem\",\"position\":2,\"name\":\"\u00a1La Universidad Cat\u00f3lica de Colombia, un aliado del Ministerio de Educaci\u00f3n Nacional para el mejoramiento de la calidad educativa en el pa\u00eds!\"}]},{\"@type\":\"WebSite\",\"@id\":\"https:\/\/www.ucatolica.edu.co\/portal\/#website\",\"url\":\"https:\/\/www.ucatolica.edu.co\/portal\/\",\"name\":\"Universidad Cat\u00f3lica De Colombia\",\"description\":\"Universidad Cat\u00f3lica De Colombia\",\"publisher\":{\"@id\":\"https:\/\/www.ucatolica.edu.co\/portal\/#organization\"},\"potentialAction\":[{\"@type\":\"SearchAction\",\"target\":{\"@type\":\"EntryPoint\",\"urlTemplate\":\"https:\/\/www.ucatolica.edu.co\/portal\/?s={search_term_string}\"},\"query-input\":{\"@type\":\"PropertyValueSpecification\",\"valueRequired\":true,\"valueName\":\"search_term_string\"}}],\"inLanguage\":\"es-CO\"},{\"@type\":\"Organization\",\"@id\":\"https:\/\/www.ucatolica.edu.co\/portal\/#organization\",\"name\":\"Universidad Cat\u00f3lica de Colombia\",\"url\":\"https:\/\/www.ucatolica.edu.co\/portal\/\",\"logo\":{\"@type\":\"ImageObject\",\"inLanguage\":\"es-CO\",\"@id\":\"https:\/\/www.ucatolica.edu.co\/portal\/#\/schema\/logo\/image\/\",\"url\":\"https:\/\/www.ucatolica.edu.co\/portal\/wp-content\/uploads\/2021\/06\/logo-header-ho-1.svg\",\"contentUrl\":\"https:\/\/www.ucatolica.edu.co\/portal\/wp-content\/uploads\/2021\/06\/logo-header-ho-1.svg\",\"width\":1,\"height\":1,\"caption\":\"Universidad Cat\u00f3lica de Colombia\"},\"image\":{\"@id\":\"https:\/\/www.ucatolica.edu.co\/portal\/#\/schema\/logo\/image\/\"},\"sameAs\":[\"https:\/\/www.facebook.com\/ucatolicacolombia\",\"https:\/\/x.com\/UCatolicaCol\",\"https:\/\/www.instagram.com\/universidadcatolicadecolombia\/\",\"https:\/\/www.linkedin.com\/company\/universidadcatolicadecolombia\/\",\"https:\/\/www.youtube.com\/user\/UCatolicaCo\"]},{\"@type\":\"Person\",\"@id\":\"https:\/\/www.ucatolica.edu.co\/portal\/#\/schema\/person\/a7469afff252fba81c6cdc40c80f00b6\",\"name\":\"Cindy Lugo\",\"url\":\"https:\/\/www.ucatolica.edu.co\/portal\/author\/cindy\/\"}]}<\/script>\n<!-- \/ Yoast SEO plugin. -->","yoast_head_json":{"title":"\u00a1La Universidad Cat\u00f3lica de Colombia, un aliado del Ministerio de Educaci\u00f3n Nacional para el mejoramiento de la calidad educativa en el pa\u00eds! - Universidad Cat\u00f3lica De Colombia","robots":{"index":"index","follow":"follow","max-snippet":"max-snippet:-1","max-image-preview":"max-image-preview:large","max-video-preview":"max-video-preview:-1"},"canonical":"https:\/\/www.ucatolica.edu.co\/portal\/la-universidad-catolica-de-colombia-un-aliado-del-ministerio-de-educacion-nacional-para-el-mejoramiento-de-la-calidad-educativa-en-el-pais\/","og_locale":"es_ES","og_type":"article","og_title":"\u00a1La Universidad Cat\u00f3lica de Colombia, un aliado del Ministerio de Educaci\u00f3n Nacional para el mejoramiento de la calidad educativa en el pa\u00eds! - Universidad Cat\u00f3lica De Colombia","og_description":"El pasado 7 de mayo, el Ministerio de Educaci\u00f3n Nacional realiz\u00f3 en el Centro de Convenciones de la Universidad Cat\u00f3lica de Colombia, la capacitaci\u00f3n \u201cEl rol del par acad\u00e9mico en el sistema de aseguramiento de la calidad de la educaci\u00f3n superior \u2013 SACES\u201d, a los nuevos integrantes del banco de pares que apoyan los procesos [&hellip;]","og_url":"https:\/\/www.ucatolica.edu.co\/portal\/la-universidad-catolica-de-colombia-un-aliado-del-ministerio-de-educacion-nacional-para-el-mejoramiento-de-la-calidad-educativa-en-el-pais\/","og_site_name":"Universidad Cat\u00f3lica De Colombia","article_publisher":"https:\/\/www.facebook.com\/ucatolicacolombia","article_published_time":"2024-05-10T17:05:17+00:00","article_modified_time":"2024-05-15T14:33:43+00:00","og_image":[{"width":870,"height":522,"url":"https:\/\/www.ucatolica.edu.co\/portal\/wp-content\/uploads\/2024\/05\/Fotografia-personas-en-reunion-del-ministerio.jpg","type":"image\/jpeg"}],"author":"Cindy Lugo","twitter_card":"summary_large_image","twitter_creator":"@UCatolicaCol","twitter_site":"@UCatolicaCol","twitter_misc":{"Escrito por":"Cindy Lugo","Tiempo de lectura":"1 minuto"},"schema":{"@context":"https:\/\/schema.org","@graph":[{"@type":"Article","@id":"https:\/\/www.ucatolica.edu.co\/portal\/la-universidad-catolica-de-colombia-un-aliado-del-ministerio-de-educacion-nacional-para-el-mejoramiento-de-la-calidad-educativa-en-el-pais\/#article","isPartOf":{"@id":"https:\/\/www.ucatolica.edu.co\/portal\/la-universidad-catolica-de-colombia-un-aliado-del-ministerio-de-educacion-nacional-para-el-mejoramiento-de-la-calidad-educativa-en-el-pais\/"},"author":{"name":"Cindy Lugo","@id":"https:\/\/www.ucatolica.edu.co\/portal\/#\/schema\/person\/a7469afff252fba81c6cdc40c80f00b6"},"headline":"\u00a1La Universidad Cat\u00f3lica de Colombia, un aliado del Ministerio de Educaci\u00f3n Nacional para el mejoramiento de la calidad educativa en el pa\u00eds!","datePublished":"2024-05-10T17:05:17+00:00","dateModified":"2024-05-15T14:33:43+00:00","mainEntityOfPage":{"@id":"https:\/\/www.ucatolica.edu.co\/portal\/la-universidad-catolica-de-colombia-un-aliado-del-ministerio-de-educacion-nacional-para-el-mejoramiento-de-la-calidad-educativa-en-el-pais\/"},"wordCount":283,"commentCount":0,"publisher":{"@id":"https:\/\/www.ucatolica.edu.co\/portal\/#organization"},"image":{"@id":"https:\/\/www.ucatolica.edu.co\/portal\/la-universidad-catolica-de-colombia-un-aliado-del-ministerio-de-educacion-nacional-para-el-mejoramiento-de-la-calidad-educativa-en-el-pais\/#primaryimage"},"thumbnailUrl":"https:\/\/www.ucatolica.edu.co\/portal\/wp-content\/uploads\/2024\/05\/Fotografia-personas-en-reunion-del-ministerio.jpg","keywords":["Calidad","Instituciones de Educaci\u00f3n Superior","Ministerio de Educaci\u00f3n Nacional","Oferta de Educaci\u00f3n Superior","Pares Acad\u00e9micos","Sistema educativo nacional"],"articleSection":["Noticias Principales"],"inLanguage":"es-CO"},{"@type":"WebPage","@id":"https:\/\/www.ucatolica.edu.co\/portal\/la-universidad-catolica-de-colombia-un-aliado-del-ministerio-de-educacion-nacional-para-el-mejoramiento-de-la-calidad-educativa-en-el-pais\/","url":"https:\/\/www.ucatolica.edu.co\/portal\/la-universidad-catolica-de-colombia-un-aliado-del-ministerio-de-educacion-nacional-para-el-mejoramiento-de-la-calidad-educativa-en-el-pais\/","name":"\u00a1La Universidad Cat\u00f3lica de Colombia, un aliado del Ministerio de Educaci\u00f3n Nacional para el mejoramiento de la calidad educativa en el pa\u00eds! - Universidad Cat\u00f3lica De Colombia","isPartOf":{"@id":"https:\/\/www.ucatolica.edu.co\/portal\/#website"},"primaryImageOfPage":{"@id":"https:\/\/www.ucatolica.edu.co\/portal\/la-universidad-catolica-de-colombia-un-aliado-del-ministerio-de-educacion-nacional-para-el-mejoramiento-de-la-calidad-educativa-en-el-pais\/#primaryimage"},"image":{"@id":"https:\/\/www.ucatolica.edu.co\/portal\/la-universidad-catolica-de-colombia-un-aliado-del-ministerio-de-educacion-nacional-para-el-mejoramiento-de-la-calidad-educativa-en-el-pais\/#primaryimage"},"thumbnailUrl":"https:\/\/www.ucatolica.edu.co\/portal\/wp-content\/uploads\/2024\/05\/Fotografia-personas-en-reunion-del-ministerio.jpg","datePublished":"2024-05-10T17:05:17+00:00","dateModified":"2024-05-15T14:33:43+00:00","breadcrumb":{"@id":"https:\/\/www.ucatolica.edu.co\/portal\/la-universidad-catolica-de-colombia-un-aliado-del-ministerio-de-educacion-nacional-para-el-mejoramiento-de-la-calidad-educativa-en-el-pais\/#breadcrumb"},"inLanguage":"es-CO","potentialAction":[{"@type":"ReadAction","target":["https:\/\/www.ucatolica.edu.co\/portal\/la-universidad-catolica-de-colombia-un-aliado-del-ministerio-de-educacion-nacional-para-el-mejoramiento-de-la-calidad-educativa-en-el-pais\/"]}]},{"@type":"ImageObject","inLanguage":"es-CO","@id":"https:\/\/www.ucatolica.edu.co\/portal\/la-universidad-catolica-de-colombia-un-aliado-del-ministerio-de-educacion-nacional-para-el-mejoramiento-de-la-calidad-educativa-en-el-pais\/#primaryimage","url":"https:\/\/www.ucatolica.edu.co\/portal\/wp-content\/uploads\/2024\/05\/Fotografia-personas-en-reunion-del-ministerio.jpg","contentUrl":"https:\/\/www.ucatolica.edu.co\/portal\/wp-content\/uploads\/2024\/05\/Fotografia-personas-en-reunion-del-ministerio.jpg","width":870,"height":522,"caption":"Fotografia-personas-en-reunion-del-ministerio"},{"@type":"BreadcrumbList","@id":"https:\/\/www.ucatolica.edu.co\/portal\/la-universidad-catolica-de-colombia-un-aliado-del-ministerio-de-educacion-nacional-para-el-mejoramiento-de-la-calidad-educativa-en-el-pais\/#breadcrumb","itemListElement":[{"@type":"ListItem","position":1,"name":"Inicio","item":"https:\/\/www.ucatolica.edu.co\/portal\/"},{"@type":"ListItem","position":2,"name":"\u00a1La Universidad Cat\u00f3lica de Colombia, un aliado del Ministerio de Educaci\u00f3n Nacional para el mejoramiento de la calidad educativa en el pa\u00eds!"}]},{"@type":"WebSite","@id":"https:\/\/www.ucatolica.edu.co\/portal\/#website","url":"https:\/\/www.ucatolica.edu.co\/portal\/","name":"Universidad Cat\u00f3lica De Colombia","description":"Universidad Cat\u00f3lica De Colombia","publisher":{"@id":"https:\/\/www.ucatolica.edu.co\/portal\/#organization"},"potentialAction":[{"@type":"SearchAction","target":{"@type":"EntryPoint","urlTemplate":"https:\/\/www.ucatolica.edu.co\/portal\/?s={search_term_string}"},"query-input":{"@type":"PropertyValueSpecification","valueRequired":true,"valueName":"search_term_string"}}],"inLanguage":"es-CO"},{"@type":"Organization","@id":"https:\/\/www.ucatolica.edu.co\/portal\/#organization","name":"Universidad Cat\u00f3lica de Colombia","url":"https:\/\/www.ucatolica.edu.co\/portal\/","logo":{"@type":"ImageObject","inLanguage":"es-CO","@id":"https:\/\/www.ucatolica.edu.co\/portal\/#\/schema\/logo\/image\/","url":"https:\/\/www.ucatolica.edu.co\/portal\/wp-content\/uploads\/2021\/06\/logo-header-ho-1.svg","contentUrl":"https:\/\/www.ucatolica.edu.co\/portal\/wp-content\/uploads\/2021\/06\/logo-header-ho-1.svg","width":1,"height":1,"caption":"Universidad Cat\u00f3lica de Colombia"},"image":{"@id":"https:\/\/www.ucatolica.edu.co\/portal\/#\/schema\/logo\/image\/"},"sameAs":["https:\/\/www.facebook.com\/ucatolicacolombia","https:\/\/x.com\/UCatolicaCol","https:\/\/www.instagram.com\/universidadcatolicadecolombia\/","https:\/\/www.linkedin.com\/company\/universidadcatolicadecolombia\/","https:\/\/www.youtube.com\/user\/UCatolicaCo"]},{"@type":"Person","@id":"https:\/\/www.ucatolica.edu.co\/portal\/#\/schema\/person\/a7469afff252fba81c6cdc40c80f00b6","name":"Cindy Lugo","url":"https:\/\/www.ucatolica.edu.co\/portal\/author\/cindy\/"}]}},"author_meta":{"display_name":"Cindy Lugo","author_link":"https:\/\/www.ucatolica.edu.co\/portal\/author\/cindy\/"},"featured_img":"https:\/\/www.ucatolica.edu.co\/portal\/wp-content\/uploads\/2024\/05\/Fotografia-personas-en-reunion-del-ministerio.jpg","coauthors":[],"tax_additional":{"categories":{"linked":["<a href=\"https:\/\/www.ucatolica.edu.co\/portal\/category\/noticias-principales\/\" class=\"advgb-post-tax-term\">Noticias Principales<\/a>"],"unlinked":["<span class=\"advgb-post-tax-term\">Noticias Principales<\/span>"]},"tags":{"linked":["<a href=\"https:\/\/www.ucatolica.edu.co\/portal\/category\/noticias-principales\/\" class=\"advgb-post-tax-term\">Calidad<\/a>","<a href=\"https:\/\/www.ucatolica.edu.co\/portal\/category\/noticias-principales\/\" class=\"advgb-post-tax-term\">Instituciones de Educaci\u00f3n Superior<\/a>","<a href=\"https:\/\/www.ucatolica.edu.co\/portal\/category\/noticias-principales\/\" class=\"advgb-post-tax-term\">Ministerio de Educaci\u00f3n Nacional<\/a>","<a href=\"https:\/\/www.ucatolica.edu.co\/portal\/category\/noticias-principales\/\" class=\"advgb-post-tax-term\">Oferta de Educaci\u00f3n Superior<\/a>","<a href=\"https:\/\/www.ucatolica.edu.co\/portal\/category\/noticias-principales\/\" class=\"advgb-post-tax-term\">Pares Acad\u00e9micos<\/a>","<a href=\"https:\/\/www.ucatolica.edu.co\/portal\/category\/noticias-principales\/\" class=\"advgb-post-tax-term\">Sistema educativo nacional<\/a>"],"unlinked":["<span class=\"advgb-post-tax-term\">Calidad<\/span>","<span class=\"advgb-post-tax-term\">Instituciones de Educaci\u00f3n Superior<\/span>","<span class=\"advgb-post-tax-term\">Ministerio de Educaci\u00f3n Nacional<\/span>","<span class=\"advgb-post-tax-term\">Oferta de Educaci\u00f3n Superior<\/span>","<span class=\"advgb-post-tax-term\">Pares Acad\u00e9micos<\/span>","<span class=\"advgb-post-tax-term\">Sistema educativo nacional<\/span>"]}},"comment_count":"0","relative_dates":{"created":"Posted 2 a\u00f1os ago","modified":"Updated 2 a\u00f1os ago"},"absolute_dates":{"created":"Posted on 10 mayo, 2024","modified":"Updated on 15 mayo, 2024"},"absolute_dates_time":{"created":"Posted on 10 mayo, 2024 12:05 pm","modified":"Updated on 15 mayo, 2024 9:33 am"},"featured_img_caption":"","series_order":"","_links":{"self":[{"href":"https:\/\/www.ucatolica.edu.co\/portal\/wp-json\/wp\/v2\/posts\/107202","targetHints":{"allow":["GET"]}}],"collection":[{"href":"https:\/\/www.ucatolica.edu.co\/portal\/wp-json\/wp\/v2\/posts"}],"about":[{"href":"https:\/\/www.ucatolica.edu.co\/portal\/wp-json\/wp\/v2\/types\/post"}],"author":[{"embeddable":true,"href":"https:\/\/www.ucatolica.edu.co\/portal\/wp-json\/wp\/v2\/users\/4"}],"replies":[{"embeddable":true,"href":"https:\/\/www.ucatolica.edu.co\/portal\/wp-json\/wp\/v2\/comments?post=107202"}],"version-history":[{"count":4,"href":"https:\/\/www.ucatolica.edu.co\/portal\/wp-json\/wp\/v2\/posts\/107202\/revisions"}],"predecessor-version":[{"id":107209,"href":"https:\/\/www.ucatolica.edu.co\/portal\/wp-json\/wp\/v2\/posts\/107202\/revisions\/107209"}],"wp:featuredmedia":[{"embeddable":true,"href":"https:\/\/www.ucatolica.edu.co\/portal\/wp-json\/wp\/v2\/media\/107204"}],"wp:attachment":[{"href":"https:\/\/www.ucatolica.edu.co\/portal\/wp-json\/wp\/v2\/media?parent=107202"}],"wp:term":[{"taxonomy":"category","embeddable":true,"href":"https:\/\/www.ucatolica.edu.co\/portal\/wp-json\/wp\/v2\/categories?post=107202"},{"taxonomy":"post_tag","embeddable":true,"href":"https:\/\/www.ucatolica.edu.co\/portal\/wp-json\/wp\/v2\/tags?post=107202"}],"curies":[{"name":"wp","href":"https:\/\/api.w.org\/{rel}","templated":true}]}}