{"id":107411,"date":"2024-05-28T15:43:24","date_gmt":"2024-05-28T20:43:24","guid":{"rendered":"https:\/\/www.ucatolica.edu.co\/portal\/?p=107411"},"modified":"2024-05-28T15:49:25","modified_gmt":"2024-05-28T20:49:25","slug":"conectate-a-los-webinar-que-la-facultad-de-psicologia-tiene-para-ti","status":"publish","type":"post","link":"https:\/\/www.ucatolica.edu.co\/portal\/conectate-a-los-webinar-que-la-facultad-de-psicologia-tiene-para-ti\/","title":{"rendered":"\u00a1Con\u00e9ctate a los webinar que la Facultad de Psicolog\u00eda tiene para ti!"},"content":{"rendered":"\n<p>La Facultad de Psicolog\u00eda de la Universidad Cat\u00f3lica de Colombia invita a la comunidad acad\u00e9mica a conectarse a los siguientes webinar el&nbsp;<strong>07 de junio<\/strong>, organizados con el objetivo de fortalecer la internacionalizaci\u00f3n del curr\u00edculo en casa y la conformaci\u00f3n de redes acad\u00e9micas.<\/p>\n\n\n\n<p><strong>Webinar&nbsp;1:&nbsp;<\/strong><em>Teor\u00eda interpersonal del suicidio e ideaci\u00f3n suicida en adultos<\/em><\/p>\n\n\n\n<p>Temas:<\/p>\n\n\n\n<ul class=\"wp-block-list\">\n<li>Relaci\u00f3n entre las autolesiones y el riesgo suicida.<\/li>\n\n\n\n<li>Teor\u00eda psicol\u00f3gica interpersonal del suicidio un estudio de correlaci\u00f3n en muestra cl\u00ednica de M\u00e9xico.<\/li>\n\n\n\n<li>Relaci\u00f3n emp\u00edrica entre teor\u00eda interpersonal del suicidio y la conducta suicida en adultos: una revisi\u00f3n sistem\u00e1tica exploratoria<br><br><strong>Hora: 9:00 a.m.<\/strong><br><strong><a href=\"https:\/\/teams.microsoft.com\/dl\/launcher\/launcher.html?url=%2F_%23%2Fl%2Fmeetup-join%2F19%3Ameeting_YmJiNDFkMDctNjFlMC00MWQ1LWFiNDYtNjE4YzM3MGNjY2Zk%40thread.v2%2F0%3Fcontext%3D%257b%2522Tid%2522%253a%2522d4227148-4930-4f06-8baa-0845ff57e541%2522%252c%2522Oid%2522%253a%252255204eea-a52a-4cd9-b7e7-c60456cfb08a%2522%257d%26anon%3Dtrue&amp;type=meetup-join&amp;deeplinkId=1610dfa5-acba-4618-9d8a-55fe22cbfa5c&amp;directDl=true&amp;msLaunch=true&amp;enableMobilePage=true&amp;suppressPrompt=true\">Con\u00e9ctate aqu\u00ed<\/a><\/strong><\/li>\n<\/ul>\n\n\n\n<p><strong>Webinar&nbsp;2: &nbsp;<\/strong><em>Sexualidad femenina<\/em><\/p>\n\n\n\n<p>Temas:<\/p>\n\n\n\n<ul class=\"wp-block-list\">\n<li>Indicadores de salud sexual de las mujeres<\/li>\n\n\n\n<li>Funci\u00f3n sexual femenina: caracter\u00edsticas y variables relacionadas<br><br><strong>Hora: 11:00 a.m.<\/strong><br><strong><a href=\"https:\/\/teams.microsoft.com\/dl\/launcher\/launcher.html?url=%2F_%23%2Fl%2Fmeetup-join%2F19%3Ameeting_NTdmYjM0ZWQtNTUyNy00ZGY2LThmZjktMTMzMTUyZTE0NGZj%40thread.v2%2F0%3Fcontext%3D%257b%2522Tid%2522%253a%2522d4227148-4930-4f06-8baa-0845ff57e541%2522%252c%2522Oid%2522%253a%252255204eea-a52a-4cd9-b7e7-c60456cfb08a%2522%257d%26anon%3Dtrue&amp;type=meetup-join&amp;deeplinkId=817d685e-25bf-4a6f-b587-dd9f14ae3dab&amp;directDl=true&amp;msLaunch=true&amp;enableMobilePage=true&amp;suppressPrompt=true\">Con\u00e9ctate aqu\u00ed<\/a><\/strong><\/li>\n<\/ul>\n\n\n\n<p><a href=\"https:\/\/www.ucatolica.edu.co\/portal\/wp-content\/uploads\/2024\/05\/OP3866-Webinar-Agenda.pdf\"><em><strong>Conoce la agenda completa<\/strong><\/em> <em><strong>aqu\u00ed.<\/strong><\/em><\/a><\/p>\n\n\n\n<p><em>Agradecemos a las personas que se van a conectar a los webinar, realicen su inscripci\u00f3n\u00a0<strong><a href=\"https:\/\/forms.office.com\/pages\/responsepage.aspx?id=SHEi1DBJBk-LqghF_1flQepOIFUqpdlMt-fGBFbPsIpUNVI1VEMxS1lGQjFCOU9YR0FTSjA4RlYwTi4u\">aqu\u00ed.<\/a><\/strong><\/em><\/p>\n","protected":false},"excerpt":{"rendered":"<p>La Facultad de Psicolog\u00eda de la Universidad Cat\u00f3lica de Colombia invita a la comunidad acad\u00e9mica a conectarse a los siguientes webinar el&nbsp;07 de junio, organizados con el objetivo de fortalecer la internacionalizaci\u00f3n del curr\u00edculo en casa y la conformaci\u00f3n de redes acad\u00e9micas. Webinar&nbsp;1:&nbsp;Teor\u00eda interpersonal del suicidio e ideaci\u00f3n suicida en adultos Temas: Webinar&nbsp;2: &nbsp;Sexualidad femenina [&hellip;]<\/p>\n","protected":false},"author":4,"featured_media":107749,"comment_status":"open","ping_status":"open","sticky":false,"template":"","format":"standard","meta":{"_acf_changed":false,"advgb_blocks_editor_width":"","advgb_blocks_columns_visual_guide":"","footnotes":""},"categories":[93],"tags":[545,497,2671,2670,1624],"class_list":["post-107411","post","type-post","status-publish","format-standard","has-post-thumbnail","hentry","category-noticias-principales","tag-doctorado-en-psicologia","tag-facultad-de-psicologia","tag-sexualidad-femenina","tag-suicidio","tag-webinar"],"acf":[],"yoast_head":"<!-- This site is optimized with the Yoast SEO plugin v26.7 - https:\/\/yoast.com\/wordpress\/plugins\/seo\/ -->\n<title>\u00a1Con\u00e9ctate a los webinar que la Facultad de Psicolog\u00eda tiene para ti! - Universidad Cat\u00f3lica De Colombia<\/title>\n<meta name=\"robots\" content=\"index, follow, max-snippet:-1, max-image-preview:large, max-video-preview:-1\" \/>\n<link rel=\"canonical\" href=\"https:\/\/www.ucatolica.edu.co\/portal\/conectate-a-los-webinar-que-la-facultad-de-psicologia-tiene-para-ti\/\" \/>\n<meta property=\"og:locale\" content=\"es_ES\" \/>\n<meta property=\"og:type\" content=\"article\" \/>\n<meta property=\"og:title\" content=\"\u00a1Con\u00e9ctate a los webinar que la Facultad de Psicolog\u00eda tiene para ti! - Universidad Cat\u00f3lica De Colombia\" \/>\n<meta property=\"og:description\" content=\"La Facultad de Psicolog\u00eda de la Universidad Cat\u00f3lica de Colombia invita a la comunidad acad\u00e9mica a conectarse a los siguientes webinar el&nbsp;07 de junio, organizados con el objetivo de fortalecer la internacionalizaci\u00f3n del curr\u00edculo en casa y la conformaci\u00f3n de redes acad\u00e9micas. Webinar&nbsp;1:&nbsp;Teor\u00eda interpersonal del suicidio e ideaci\u00f3n suicida en adultos Temas: Webinar&nbsp;2: &nbsp;Sexualidad femenina [&hellip;]\" \/>\n<meta property=\"og:url\" content=\"https:\/\/www.ucatolica.edu.co\/portal\/conectate-a-los-webinar-que-la-facultad-de-psicologia-tiene-para-ti\/\" \/>\n<meta property=\"og:site_name\" content=\"Universidad Cat\u00f3lica De Colombia\" \/>\n<meta property=\"article:publisher\" content=\"https:\/\/www.facebook.com\/ucatolicacolombia\" \/>\n<meta property=\"article:published_time\" content=\"2024-05-28T20:43:24+00:00\" \/>\n<meta property=\"article:modified_time\" content=\"2024-05-28T20:49:25+00:00\" \/>\n<meta property=\"og:image\" content=\"https:\/\/www.ucatolica.edu.co\/portal\/wp-content\/uploads\/2024\/05\/OP3866-Webinar-Noticia.jpg\" \/>\n\t<meta property=\"og:image:width\" content=\"870\" \/>\n\t<meta property=\"og:image:height\" content=\"522\" \/>\n\t<meta property=\"og:image:type\" content=\"image\/jpeg\" \/>\n<meta name=\"author\" content=\"Cindy Lugo\" \/>\n<meta name=\"twitter:card\" content=\"summary_large_image\" \/>\n<meta name=\"twitter:creator\" content=\"@UCatolicaCol\" \/>\n<meta name=\"twitter:site\" content=\"@UCatolicaCol\" \/>\n<meta name=\"twitter:label1\" content=\"Escrito por\" \/>\n\t<meta name=\"twitter:data1\" content=\"Cindy Lugo\" \/>\n\t<meta name=\"twitter:label2\" content=\"Tiempo de lectura\" \/>\n\t<meta name=\"twitter:data2\" content=\"1 minuto\" \/>\n<script type=\"application\/ld+json\" class=\"yoast-schema-graph\">{\"@context\":\"https:\/\/schema.org\",\"@graph\":[{\"@type\":\"Article\",\"@id\":\"https:\/\/www.ucatolica.edu.co\/portal\/conectate-a-los-webinar-que-la-facultad-de-psicologia-tiene-para-ti\/#article\",\"isPartOf\":{\"@id\":\"https:\/\/www.ucatolica.edu.co\/portal\/conectate-a-los-webinar-que-la-facultad-de-psicologia-tiene-para-ti\/\"},\"author\":{\"name\":\"Cindy Lugo\",\"@id\":\"https:\/\/www.ucatolica.edu.co\/portal\/#\/schema\/person\/a7469afff252fba81c6cdc40c80f00b6\"},\"headline\":\"\u00a1Con\u00e9ctate a los webinar que la Facultad de Psicolog\u00eda tiene para ti!\",\"datePublished\":\"2024-05-28T20:43:24+00:00\",\"dateModified\":\"2024-05-28T20:49:25+00:00\",\"mainEntityOfPage\":{\"@id\":\"https:\/\/www.ucatolica.edu.co\/portal\/conectate-a-los-webinar-que-la-facultad-de-psicologia-tiene-para-ti\/\"},\"wordCount\":185,\"commentCount\":0,\"publisher\":{\"@id\":\"https:\/\/www.ucatolica.edu.co\/portal\/#organization\"},\"image\":{\"@id\":\"https:\/\/www.ucatolica.edu.co\/portal\/conectate-a-los-webinar-que-la-facultad-de-psicologia-tiene-para-ti\/#primaryimage\"},\"thumbnailUrl\":\"https:\/\/www.ucatolica.edu.co\/portal\/wp-content\/uploads\/2024\/05\/OP3866-Webinar-Noticia.jpg\",\"keywords\":[\"Doctorado en Psicolog\u00eda\",\"Facultad de Psicolog\u00eda\",\"Sexualidad femenina\",\"Suicidio\",\"Webinar\"],\"articleSection\":[\"Noticias Principales\"],\"inLanguage\":\"es-CO\"},{\"@type\":\"WebPage\",\"@id\":\"https:\/\/www.ucatolica.edu.co\/portal\/conectate-a-los-webinar-que-la-facultad-de-psicologia-tiene-para-ti\/\",\"url\":\"https:\/\/www.ucatolica.edu.co\/portal\/conectate-a-los-webinar-que-la-facultad-de-psicologia-tiene-para-ti\/\",\"name\":\"\u00a1Con\u00e9ctate a los webinar que la Facultad de Psicolog\u00eda tiene para ti! - Universidad Cat\u00f3lica De Colombia\",\"isPartOf\":{\"@id\":\"https:\/\/www.ucatolica.edu.co\/portal\/#website\"},\"primaryImageOfPage\":{\"@id\":\"https:\/\/www.ucatolica.edu.co\/portal\/conectate-a-los-webinar-que-la-facultad-de-psicologia-tiene-para-ti\/#primaryimage\"},\"image\":{\"@id\":\"https:\/\/www.ucatolica.edu.co\/portal\/conectate-a-los-webinar-que-la-facultad-de-psicologia-tiene-para-ti\/#primaryimage\"},\"thumbnailUrl\":\"https:\/\/www.ucatolica.edu.co\/portal\/wp-content\/uploads\/2024\/05\/OP3866-Webinar-Noticia.jpg\",\"datePublished\":\"2024-05-28T20:43:24+00:00\",\"dateModified\":\"2024-05-28T20:49:25+00:00\",\"breadcrumb\":{\"@id\":\"https:\/\/www.ucatolica.edu.co\/portal\/conectate-a-los-webinar-que-la-facultad-de-psicologia-tiene-para-ti\/#breadcrumb\"},\"inLanguage\":\"es-CO\",\"potentialAction\":[{\"@type\":\"ReadAction\",\"target\":[\"https:\/\/www.ucatolica.edu.co\/portal\/conectate-a-los-webinar-que-la-facultad-de-psicologia-tiene-para-ti\/\"]}]},{\"@type\":\"ImageObject\",\"inLanguage\":\"es-CO\",\"@id\":\"https:\/\/www.ucatolica.edu.co\/portal\/conectate-a-los-webinar-que-la-facultad-de-psicologia-tiene-para-ti\/#primaryimage\",\"url\":\"https:\/\/www.ucatolica.edu.co\/portal\/wp-content\/uploads\/2024\/05\/OP3866-Webinar-Noticia.jpg\",\"contentUrl\":\"https:\/\/www.ucatolica.edu.co\/portal\/wp-content\/uploads\/2024\/05\/OP3866-Webinar-Noticia.jpg\",\"width\":870,\"height\":522,\"caption\":\"Dos estudiantes hablando\"},{\"@type\":\"BreadcrumbList\",\"@id\":\"https:\/\/www.ucatolica.edu.co\/portal\/conectate-a-los-webinar-que-la-facultad-de-psicologia-tiene-para-ti\/#breadcrumb\",\"itemListElement\":[{\"@type\":\"ListItem\",\"position\":1,\"name\":\"Inicio\",\"item\":\"https:\/\/www.ucatolica.edu.co\/portal\/\"},{\"@type\":\"ListItem\",\"position\":2,\"name\":\"\u00a1Con\u00e9ctate a los webinar que la Facultad de Psicolog\u00eda tiene para ti!\"}]},{\"@type\":\"WebSite\",\"@id\":\"https:\/\/www.ucatolica.edu.co\/portal\/#website\",\"url\":\"https:\/\/www.ucatolica.edu.co\/portal\/\",\"name\":\"Universidad Cat\u00f3lica De Colombia\",\"description\":\"Universidad Cat\u00f3lica De Colombia\",\"publisher\":{\"@id\":\"https:\/\/www.ucatolica.edu.co\/portal\/#organization\"},\"potentialAction\":[{\"@type\":\"SearchAction\",\"target\":{\"@type\":\"EntryPoint\",\"urlTemplate\":\"https:\/\/www.ucatolica.edu.co\/portal\/?s={search_term_string}\"},\"query-input\":{\"@type\":\"PropertyValueSpecification\",\"valueRequired\":true,\"valueName\":\"search_term_string\"}}],\"inLanguage\":\"es-CO\"},{\"@type\":\"Organization\",\"@id\":\"https:\/\/www.ucatolica.edu.co\/portal\/#organization\",\"name\":\"Universidad Cat\u00f3lica de Colombia\",\"url\":\"https:\/\/www.ucatolica.edu.co\/portal\/\",\"logo\":{\"@type\":\"ImageObject\",\"inLanguage\":\"es-CO\",\"@id\":\"https:\/\/www.ucatolica.edu.co\/portal\/#\/schema\/logo\/image\/\",\"url\":\"https:\/\/www.ucatolica.edu.co\/portal\/wp-content\/uploads\/2021\/06\/logo-header-ho-1.svg\",\"contentUrl\":\"https:\/\/www.ucatolica.edu.co\/portal\/wp-content\/uploads\/2021\/06\/logo-header-ho-1.svg\",\"width\":1,\"height\":1,\"caption\":\"Universidad Cat\u00f3lica de Colombia\"},\"image\":{\"@id\":\"https:\/\/www.ucatolica.edu.co\/portal\/#\/schema\/logo\/image\/\"},\"sameAs\":[\"https:\/\/www.facebook.com\/ucatolicacolombia\",\"https:\/\/x.com\/UCatolicaCol\",\"https:\/\/www.instagram.com\/universidadcatolicadecolombia\/\",\"https:\/\/www.linkedin.com\/company\/universidadcatolicadecolombia\/\",\"https:\/\/www.youtube.com\/user\/UCatolicaCo\"]},{\"@type\":\"Person\",\"@id\":\"https:\/\/www.ucatolica.edu.co\/portal\/#\/schema\/person\/a7469afff252fba81c6cdc40c80f00b6\",\"name\":\"Cindy Lugo\",\"url\":\"https:\/\/www.ucatolica.edu.co\/portal\/author\/cindy\/\"}]}<\/script>\n<!-- \/ Yoast SEO plugin. -->","yoast_head_json":{"title":"\u00a1Con\u00e9ctate a los webinar que la Facultad de Psicolog\u00eda tiene para ti! - Universidad Cat\u00f3lica De Colombia","robots":{"index":"index","follow":"follow","max-snippet":"max-snippet:-1","max-image-preview":"max-image-preview:large","max-video-preview":"max-video-preview:-1"},"canonical":"https:\/\/www.ucatolica.edu.co\/portal\/conectate-a-los-webinar-que-la-facultad-de-psicologia-tiene-para-ti\/","og_locale":"es_ES","og_type":"article","og_title":"\u00a1Con\u00e9ctate a los webinar que la Facultad de Psicolog\u00eda tiene para ti! - Universidad Cat\u00f3lica De Colombia","og_description":"La Facultad de Psicolog\u00eda de la Universidad Cat\u00f3lica de Colombia invita a la comunidad acad\u00e9mica a conectarse a los siguientes webinar el&nbsp;07 de junio, organizados con el objetivo de fortalecer la internacionalizaci\u00f3n del curr\u00edculo en casa y la conformaci\u00f3n de redes acad\u00e9micas. Webinar&nbsp;1:&nbsp;Teor\u00eda interpersonal del suicidio e ideaci\u00f3n suicida en adultos Temas: Webinar&nbsp;2: &nbsp;Sexualidad femenina [&hellip;]","og_url":"https:\/\/www.ucatolica.edu.co\/portal\/conectate-a-los-webinar-que-la-facultad-de-psicologia-tiene-para-ti\/","og_site_name":"Universidad Cat\u00f3lica De Colombia","article_publisher":"https:\/\/www.facebook.com\/ucatolicacolombia","article_published_time":"2024-05-28T20:43:24+00:00","article_modified_time":"2024-05-28T20:49:25+00:00","og_image":[{"width":870,"height":522,"url":"https:\/\/www.ucatolica.edu.co\/portal\/wp-content\/uploads\/2024\/05\/OP3866-Webinar-Noticia.jpg","type":"image\/jpeg"}],"author":"Cindy Lugo","twitter_card":"summary_large_image","twitter_creator":"@UCatolicaCol","twitter_site":"@UCatolicaCol","twitter_misc":{"Escrito por":"Cindy Lugo","Tiempo de lectura":"1 minuto"},"schema":{"@context":"https:\/\/schema.org","@graph":[{"@type":"Article","@id":"https:\/\/www.ucatolica.edu.co\/portal\/conectate-a-los-webinar-que-la-facultad-de-psicologia-tiene-para-ti\/#article","isPartOf":{"@id":"https:\/\/www.ucatolica.edu.co\/portal\/conectate-a-los-webinar-que-la-facultad-de-psicologia-tiene-para-ti\/"},"author":{"name":"Cindy Lugo","@id":"https:\/\/www.ucatolica.edu.co\/portal\/#\/schema\/person\/a7469afff252fba81c6cdc40c80f00b6"},"headline":"\u00a1Con\u00e9ctate a los webinar que la Facultad de Psicolog\u00eda tiene para ti!","datePublished":"2024-05-28T20:43:24+00:00","dateModified":"2024-05-28T20:49:25+00:00","mainEntityOfPage":{"@id":"https:\/\/www.ucatolica.edu.co\/portal\/conectate-a-los-webinar-que-la-facultad-de-psicologia-tiene-para-ti\/"},"wordCount":185,"commentCount":0,"publisher":{"@id":"https:\/\/www.ucatolica.edu.co\/portal\/#organization"},"image":{"@id":"https:\/\/www.ucatolica.edu.co\/portal\/conectate-a-los-webinar-que-la-facultad-de-psicologia-tiene-para-ti\/#primaryimage"},"thumbnailUrl":"https:\/\/www.ucatolica.edu.co\/portal\/wp-content\/uploads\/2024\/05\/OP3866-Webinar-Noticia.jpg","keywords":["Doctorado en Psicolog\u00eda","Facultad de Psicolog\u00eda","Sexualidad femenina","Suicidio","Webinar"],"articleSection":["Noticias Principales"],"inLanguage":"es-CO"},{"@type":"WebPage","@id":"https:\/\/www.ucatolica.edu.co\/portal\/conectate-a-los-webinar-que-la-facultad-de-psicologia-tiene-para-ti\/","url":"https:\/\/www.ucatolica.edu.co\/portal\/conectate-a-los-webinar-que-la-facultad-de-psicologia-tiene-para-ti\/","name":"\u00a1Con\u00e9ctate a los webinar que la Facultad de Psicolog\u00eda tiene para ti! - Universidad Cat\u00f3lica De Colombia","isPartOf":{"@id":"https:\/\/www.ucatolica.edu.co\/portal\/#website"},"primaryImageOfPage":{"@id":"https:\/\/www.ucatolica.edu.co\/portal\/conectate-a-los-webinar-que-la-facultad-de-psicologia-tiene-para-ti\/#primaryimage"},"image":{"@id":"https:\/\/www.ucatolica.edu.co\/portal\/conectate-a-los-webinar-que-la-facultad-de-psicologia-tiene-para-ti\/#primaryimage"},"thumbnailUrl":"https:\/\/www.ucatolica.edu.co\/portal\/wp-content\/uploads\/2024\/05\/OP3866-Webinar-Noticia.jpg","datePublished":"2024-05-28T20:43:24+00:00","dateModified":"2024-05-28T20:49:25+00:00","breadcrumb":{"@id":"https:\/\/www.ucatolica.edu.co\/portal\/conectate-a-los-webinar-que-la-facultad-de-psicologia-tiene-para-ti\/#breadcrumb"},"inLanguage":"es-CO","potentialAction":[{"@type":"ReadAction","target":["https:\/\/www.ucatolica.edu.co\/portal\/conectate-a-los-webinar-que-la-facultad-de-psicologia-tiene-para-ti\/"]}]},{"@type":"ImageObject","inLanguage":"es-CO","@id":"https:\/\/www.ucatolica.edu.co\/portal\/conectate-a-los-webinar-que-la-facultad-de-psicologia-tiene-para-ti\/#primaryimage","url":"https:\/\/www.ucatolica.edu.co\/portal\/wp-content\/uploads\/2024\/05\/OP3866-Webinar-Noticia.jpg","contentUrl":"https:\/\/www.ucatolica.edu.co\/portal\/wp-content\/uploads\/2024\/05\/OP3866-Webinar-Noticia.jpg","width":870,"height":522,"caption":"Dos estudiantes hablando"},{"@type":"BreadcrumbList","@id":"https:\/\/www.ucatolica.edu.co\/portal\/conectate-a-los-webinar-que-la-facultad-de-psicologia-tiene-para-ti\/#breadcrumb","itemListElement":[{"@type":"ListItem","position":1,"name":"Inicio","item":"https:\/\/www.ucatolica.edu.co\/portal\/"},{"@type":"ListItem","position":2,"name":"\u00a1Con\u00e9ctate a los webinar que la Facultad de Psicolog\u00eda tiene para ti!"}]},{"@type":"WebSite","@id":"https:\/\/www.ucatolica.edu.co\/portal\/#website","url":"https:\/\/www.ucatolica.edu.co\/portal\/","name":"Universidad Cat\u00f3lica De Colombia","description":"Universidad Cat\u00f3lica De Colombia","publisher":{"@id":"https:\/\/www.ucatolica.edu.co\/portal\/#organization"},"potentialAction":[{"@type":"SearchAction","target":{"@type":"EntryPoint","urlTemplate":"https:\/\/www.ucatolica.edu.co\/portal\/?s={search_term_string}"},"query-input":{"@type":"PropertyValueSpecification","valueRequired":true,"valueName":"search_term_string"}}],"inLanguage":"es-CO"},{"@type":"Organization","@id":"https:\/\/www.ucatolica.edu.co\/portal\/#organization","name":"Universidad Cat\u00f3lica de Colombia","url":"https:\/\/www.ucatolica.edu.co\/portal\/","logo":{"@type":"ImageObject","inLanguage":"es-CO","@id":"https:\/\/www.ucatolica.edu.co\/portal\/#\/schema\/logo\/image\/","url":"https:\/\/www.ucatolica.edu.co\/portal\/wp-content\/uploads\/2021\/06\/logo-header-ho-1.svg","contentUrl":"https:\/\/www.ucatolica.edu.co\/portal\/wp-content\/uploads\/2021\/06\/logo-header-ho-1.svg","width":1,"height":1,"caption":"Universidad Cat\u00f3lica de Colombia"},"image":{"@id":"https:\/\/www.ucatolica.edu.co\/portal\/#\/schema\/logo\/image\/"},"sameAs":["https:\/\/www.facebook.com\/ucatolicacolombia","https:\/\/x.com\/UCatolicaCol","https:\/\/www.instagram.com\/universidadcatolicadecolombia\/","https:\/\/www.linkedin.com\/company\/universidadcatolicadecolombia\/","https:\/\/www.youtube.com\/user\/UCatolicaCo"]},{"@type":"Person","@id":"https:\/\/www.ucatolica.edu.co\/portal\/#\/schema\/person\/a7469afff252fba81c6cdc40c80f00b6","name":"Cindy Lugo","url":"https:\/\/www.ucatolica.edu.co\/portal\/author\/cindy\/"}]}},"author_meta":{"display_name":"Cindy Lugo","author_link":"https:\/\/www.ucatolica.edu.co\/portal\/author\/cindy\/"},"featured_img":"https:\/\/www.ucatolica.edu.co\/portal\/wp-content\/uploads\/2024\/05\/OP3866-Webinar-Noticia.jpg","coauthors":[],"tax_additional":{"categories":{"linked":["<a href=\"https:\/\/www.ucatolica.edu.co\/portal\/category\/noticias-principales\/\" class=\"advgb-post-tax-term\">Noticias Principales<\/a>"],"unlinked":["<span class=\"advgb-post-tax-term\">Noticias Principales<\/span>"]},"tags":{"linked":["<a href=\"https:\/\/www.ucatolica.edu.co\/portal\/category\/noticias-principales\/\" class=\"advgb-post-tax-term\">Doctorado en Psicolog\u00eda<\/a>","<a href=\"https:\/\/www.ucatolica.edu.co\/portal\/category\/noticias-principales\/\" class=\"advgb-post-tax-term\">Facultad de Psicolog\u00eda<\/a>","<a href=\"https:\/\/www.ucatolica.edu.co\/portal\/category\/noticias-principales\/\" class=\"advgb-post-tax-term\">Sexualidad femenina<\/a>","<a href=\"https:\/\/www.ucatolica.edu.co\/portal\/category\/noticias-principales\/\" class=\"advgb-post-tax-term\">Suicidio<\/a>","<a href=\"https:\/\/www.ucatolica.edu.co\/portal\/category\/noticias-principales\/\" class=\"advgb-post-tax-term\">Webinar<\/a>"],"unlinked":["<span class=\"advgb-post-tax-term\">Doctorado en Psicolog\u00eda<\/span>","<span class=\"advgb-post-tax-term\">Facultad de Psicolog\u00eda<\/span>","<span class=\"advgb-post-tax-term\">Sexualidad femenina<\/span>","<span class=\"advgb-post-tax-term\">Suicidio<\/span>","<span class=\"advgb-post-tax-term\">Webinar<\/span>"]}},"comment_count":"0","relative_dates":{"created":"Posted 2 a\u00f1os ago","modified":"Updated 2 a\u00f1os ago"},"absolute_dates":{"created":"Posted on 28 mayo, 2024","modified":"Updated on 28 mayo, 2024"},"absolute_dates_time":{"created":"Posted on 28 mayo, 2024 3:43 pm","modified":"Updated on 28 mayo, 2024 3:49 pm"},"featured_img_caption":"","series_order":"","_links":{"self":[{"href":"https:\/\/www.ucatolica.edu.co\/portal\/wp-json\/wp\/v2\/posts\/107411","targetHints":{"allow":["GET"]}}],"collection":[{"href":"https:\/\/www.ucatolica.edu.co\/portal\/wp-json\/wp\/v2\/posts"}],"about":[{"href":"https:\/\/www.ucatolica.edu.co\/portal\/wp-json\/wp\/v2\/types\/post"}],"author":[{"embeddable":true,"href":"https:\/\/www.ucatolica.edu.co\/portal\/wp-json\/wp\/v2\/users\/4"}],"replies":[{"embeddable":true,"href":"https:\/\/www.ucatolica.edu.co\/portal\/wp-json\/wp\/v2\/comments?post=107411"}],"version-history":[{"count":2,"href":"https:\/\/www.ucatolica.edu.co\/portal\/wp-json\/wp\/v2\/posts\/107411\/revisions"}],"predecessor-version":[{"id":107751,"href":"https:\/\/www.ucatolica.edu.co\/portal\/wp-json\/wp\/v2\/posts\/107411\/revisions\/107751"}],"wp:featuredmedia":[{"embeddable":true,"href":"https:\/\/www.ucatolica.edu.co\/portal\/wp-json\/wp\/v2\/media\/107749"}],"wp:attachment":[{"href":"https:\/\/www.ucatolica.edu.co\/portal\/wp-json\/wp\/v2\/media?parent=107411"}],"wp:term":[{"taxonomy":"category","embeddable":true,"href":"https:\/\/www.ucatolica.edu.co\/portal\/wp-json\/wp\/v2\/categories?post=107411"},{"taxonomy":"post_tag","embeddable":true,"href":"https:\/\/www.ucatolica.edu.co\/portal\/wp-json\/wp\/v2\/tags?post=107411"}],"curies":[{"name":"wp","href":"https:\/\/api.w.org\/{rel}","templated":true}]}}