{"id":107612,"date":"2024-05-17T16:57:58","date_gmt":"2024-05-17T21:57:58","guid":{"rendered":"https:\/\/www.ucatolica.edu.co\/portal\/?p=107612"},"modified":"2024-05-22T17:15:59","modified_gmt":"2024-05-22T22:15:59","slug":"la-xv-jornada-de-investigacion-se-realizo-con-exito","status":"publish","type":"post","link":"https:\/\/www.ucatolica.edu.co\/portal\/la-xv-jornada-de-investigacion-se-realizo-con-exito\/","title":{"rendered":"La XV Jornada de Investigaci\u00f3n se realiz\u00f3 con \u00e9xito"},"content":{"rendered":"\n<p>El pasado 9 y 10 de mayo de 2024, se realiz\u00f3 la XV Jornada de Investigaci\u00f3n Institucional. En esta actividad se gener\u00f3 un espacio acad\u00e9mico para divulgar y compartir experiencias obtenidas en investigaci\u00f3n b\u00e1sica, aplicada y formativa de proyectos de investigaci\u00f3n y trabajo de los semilleros.<\/p>\n\n\n\n<p>En esta versi\u00f3n se cont\u00f3 con la participaci\u00f3n de expertos nacionales e internacionales en diferentes \u00e1reas de investigaci\u00f3n, que brindaron sus conocimientos y experiencias.<\/p>\n\n\n\n<figure class=\"wp-block-image size-full\"><img fetchpriority=\"high\" decoding=\"async\" width=\"870\" height=\"522\" src=\"https:\/\/www.ucatolica.edu.co\/portal\/wp-content\/uploads\/2024\/05\/Jornada-3.jpg\" alt=\"\" class=\"wp-image-107614\"\/><\/figure>\n\n\n\n<p>El evento se desarroll\u00f3 alrededor de 3 l\u00edneas tem\u00e1ticas que corresponden a las \u00e1reas transversales de investigaci\u00f3n de la Universidad:<\/p>\n\n\n\n<ul class=\"wp-block-list\">\n<li>Derecho, Cultura y Sociedad<\/li>\n\n\n\n<li>Desarrollo Humano y Sostenible<\/li>\n\n\n\n<li>Gesti\u00f3n y Tecnolog\u00eda al Servicio de la Sociedad<\/li>\n<\/ul>\n\n\n\n<p>Durante estos dos d\u00edas de la jornada, 815 asistentes tuvieron la oportunidad de participar en la presentaci\u00f3n de 8 conferencias principales, 90 posters y 56 ponencias.<\/p>\n\n\n\n<figure class=\"wp-block-image size-full\"><img decoding=\"async\" width=\"870\" height=\"522\" src=\"https:\/\/www.ucatolica.edu.co\/portal\/wp-content\/uploads\/2024\/05\/Jornada-de-investigaciones1.jpg\" alt=\"\" class=\"wp-image-107615\"\/><\/figure>\n\n\n\n<p>Este evento no solo foment\u00f3 el v\u00ednculo entre las instituciones participantes, sino que contribuy\u00f3 a presentar los resultados de proyectos de investigaci\u00f3n y de los resultados de los trabajos de nuestros estudiantes en los semilleros, con una actitud cr\u00edtica, que permiti\u00f3 vislumbrar las diversas formas de afrontar, analizar y discutir la problem\u00e1tica que nos aqueja, desde las diferentes \u00f3pticas y disciplinas, hasta repensar las diversas alternativas y estrategias de abordaje desde la interdisciplinariedad.<\/p>\n\n\n\n<p>En el espacio de presentaci\u00f3n de posters, se realiz\u00f3 la premiaci\u00f3n a los mejores en cada categor\u00eda, seleccionados mediante la evaluaci\u00f3n realizada por pares externos.<\/p>\n\n\n\n<figure class=\"wp-block-image size-full\"><img decoding=\"async\" width=\"870\" height=\"522\" src=\"https:\/\/www.ucatolica.edu.co\/portal\/wp-content\/uploads\/2024\/05\/Jornada2.jpg\" alt=\"\" class=\"wp-image-107616\"\/><\/figure>\n\n\n\n<p>Finalmente, la Direcci\u00f3n Central de Investigaciones agradece a las dependencias, directores de Investigaci\u00f3n, investigadores y estudiantes que hicieron posible la realizaci\u00f3n de este evento.<\/p>\n","protected":false},"excerpt":{"rendered":"<p>El pasado 9 y 10 de mayo de 2024, se realiz\u00f3 la XV Jornada de Investigaci\u00f3n Institucional. En esta actividad se gener\u00f3 un espacio acad\u00e9mico para divulgar y compartir experiencias obtenidas en investigaci\u00f3n b\u00e1sica, aplicada y formativa de proyectos de investigaci\u00f3n y trabajo de los semilleros. En esta versi\u00f3n se cont\u00f3 con la participaci\u00f3n de [&hellip;]<\/p>\n","protected":false},"author":4,"featured_media":107613,"comment_status":"open","ping_status":"open","sticky":false,"template":"","format":"standard","meta":{"_acf_changed":false,"advgb_blocks_editor_width":"","advgb_blocks_columns_visual_guide":"","footnotes":""},"categories":[93],"tags":[1483,1484,2679,1675,2678],"class_list":["post-107612","post","type-post","status-publish","format-standard","has-post-thumbnail","hentry","category-noticias-principales","tag-derecho-cultura-y-sociedad","tag-desarrollo-humano-y-sostenible","tag-gestion-y-tecnologia","tag-investigacion-basica","tag-xv-jornada-de-investigacion"],"acf":[],"yoast_head":"<!-- This site is optimized with the Yoast SEO plugin v26.7 - https:\/\/yoast.com\/wordpress\/plugins\/seo\/ -->\n<title>La XV Jornada de Investigaci\u00f3n se realiz\u00f3 con \u00e9xito - Universidad Cat\u00f3lica De Colombia<\/title>\n<meta name=\"robots\" content=\"index, follow, max-snippet:-1, max-image-preview:large, max-video-preview:-1\" \/>\n<link rel=\"canonical\" href=\"https:\/\/www.ucatolica.edu.co\/portal\/la-xv-jornada-de-investigacion-se-realizo-con-exito\/\" \/>\n<meta property=\"og:locale\" content=\"es_ES\" \/>\n<meta property=\"og:type\" content=\"article\" \/>\n<meta property=\"og:title\" content=\"La XV Jornada de Investigaci\u00f3n se realiz\u00f3 con \u00e9xito - Universidad Cat\u00f3lica De Colombia\" \/>\n<meta property=\"og:description\" content=\"El pasado 9 y 10 de mayo de 2024, se realiz\u00f3 la XV Jornada de Investigaci\u00f3n Institucional. En esta actividad se gener\u00f3 un espacio acad\u00e9mico para divulgar y compartir experiencias obtenidas en investigaci\u00f3n b\u00e1sica, aplicada y formativa de proyectos de investigaci\u00f3n y trabajo de los semilleros. En esta versi\u00f3n se cont\u00f3 con la participaci\u00f3n de [&hellip;]\" \/>\n<meta property=\"og:url\" content=\"https:\/\/www.ucatolica.edu.co\/portal\/la-xv-jornada-de-investigacion-se-realizo-con-exito\/\" \/>\n<meta property=\"og:site_name\" content=\"Universidad Cat\u00f3lica De Colombia\" \/>\n<meta property=\"article:publisher\" content=\"https:\/\/www.facebook.com\/ucatolicacolombia\" \/>\n<meta property=\"article:published_time\" content=\"2024-05-17T21:57:58+00:00\" \/>\n<meta property=\"article:modified_time\" content=\"2024-05-22T22:15:59+00:00\" \/>\n<meta property=\"og:image\" content=\"https:\/\/www.ucatolica.edu.co\/portal\/wp-content\/uploads\/2024\/05\/Fotos-OP3849-Noticia-Portada.jpg\" \/>\n\t<meta property=\"og:image:width\" content=\"870\" \/>\n\t<meta property=\"og:image:height\" content=\"522\" \/>\n\t<meta property=\"og:image:type\" content=\"image\/jpeg\" \/>\n<meta name=\"author\" content=\"Cindy Lugo\" \/>\n<meta name=\"twitter:card\" content=\"summary_large_image\" \/>\n<meta name=\"twitter:creator\" content=\"@UCatolicaCol\" \/>\n<meta name=\"twitter:site\" content=\"@UCatolicaCol\" \/>\n<meta name=\"twitter:label1\" content=\"Escrito por\" \/>\n\t<meta name=\"twitter:data1\" content=\"Cindy Lugo\" \/>\n\t<meta name=\"twitter:label2\" content=\"Tiempo de lectura\" \/>\n\t<meta name=\"twitter:data2\" content=\"1 minuto\" \/>\n<script type=\"application\/ld+json\" class=\"yoast-schema-graph\">{\"@context\":\"https:\/\/schema.org\",\"@graph\":[{\"@type\":\"Article\",\"@id\":\"https:\/\/www.ucatolica.edu.co\/portal\/la-xv-jornada-de-investigacion-se-realizo-con-exito\/#article\",\"isPartOf\":{\"@id\":\"https:\/\/www.ucatolica.edu.co\/portal\/la-xv-jornada-de-investigacion-se-realizo-con-exito\/\"},\"author\":{\"name\":\"Cindy Lugo\",\"@id\":\"https:\/\/www.ucatolica.edu.co\/portal\/#\/schema\/person\/a7469afff252fba81c6cdc40c80f00b6\"},\"headline\":\"La XV Jornada de Investigaci\u00f3n se realiz\u00f3 con \u00e9xito\",\"datePublished\":\"2024-05-17T21:57:58+00:00\",\"dateModified\":\"2024-05-22T22:15:59+00:00\",\"mainEntityOfPage\":{\"@id\":\"https:\/\/www.ucatolica.edu.co\/portal\/la-xv-jornada-de-investigacion-se-realizo-con-exito\/\"},\"wordCount\":282,\"commentCount\":0,\"publisher\":{\"@id\":\"https:\/\/www.ucatolica.edu.co\/portal\/#organization\"},\"image\":{\"@id\":\"https:\/\/www.ucatolica.edu.co\/portal\/la-xv-jornada-de-investigacion-se-realizo-con-exito\/#primaryimage\"},\"thumbnailUrl\":\"https:\/\/www.ucatolica.edu.co\/portal\/wp-content\/uploads\/2024\/05\/Fotos-OP3849-Noticia-Portada.jpg\",\"keywords\":[\"Derecho cultura y sociedad\",\"Desarrollo humano y sostenible\",\"Gestion y tecnologia\",\"Investigaci\u00f3n b\u00e1sica\",\"XV Jornada de Investigaci\u00f3n\"],\"articleSection\":[\"Noticias Principales\"],\"inLanguage\":\"es-CO\"},{\"@type\":\"WebPage\",\"@id\":\"https:\/\/www.ucatolica.edu.co\/portal\/la-xv-jornada-de-investigacion-se-realizo-con-exito\/\",\"url\":\"https:\/\/www.ucatolica.edu.co\/portal\/la-xv-jornada-de-investigacion-se-realizo-con-exito\/\",\"name\":\"La XV Jornada de Investigaci\u00f3n se realiz\u00f3 con \u00e9xito - Universidad Cat\u00f3lica De Colombia\",\"isPartOf\":{\"@id\":\"https:\/\/www.ucatolica.edu.co\/portal\/#website\"},\"primaryImageOfPage\":{\"@id\":\"https:\/\/www.ucatolica.edu.co\/portal\/la-xv-jornada-de-investigacion-se-realizo-con-exito\/#primaryimage\"},\"image\":{\"@id\":\"https:\/\/www.ucatolica.edu.co\/portal\/la-xv-jornada-de-investigacion-se-realizo-con-exito\/#primaryimage\"},\"thumbnailUrl\":\"https:\/\/www.ucatolica.edu.co\/portal\/wp-content\/uploads\/2024\/05\/Fotos-OP3849-Noticia-Portada.jpg\",\"datePublished\":\"2024-05-17T21:57:58+00:00\",\"dateModified\":\"2024-05-22T22:15:59+00:00\",\"breadcrumb\":{\"@id\":\"https:\/\/www.ucatolica.edu.co\/portal\/la-xv-jornada-de-investigacion-se-realizo-con-exito\/#breadcrumb\"},\"inLanguage\":\"es-CO\",\"potentialAction\":[{\"@type\":\"ReadAction\",\"target\":[\"https:\/\/www.ucatolica.edu.co\/portal\/la-xv-jornada-de-investigacion-se-realizo-con-exito\/\"]}]},{\"@type\":\"ImageObject\",\"inLanguage\":\"es-CO\",\"@id\":\"https:\/\/www.ucatolica.edu.co\/portal\/la-xv-jornada-de-investigacion-se-realizo-con-exito\/#primaryimage\",\"url\":\"https:\/\/www.ucatolica.edu.co\/portal\/wp-content\/uploads\/2024\/05\/Fotos-OP3849-Noticia-Portada.jpg\",\"contentUrl\":\"https:\/\/www.ucatolica.edu.co\/portal\/wp-content\/uploads\/2024\/05\/Fotos-OP3849-Noticia-Portada.jpg\",\"width\":870,\"height\":522,\"caption\":\"Inaguracion jornada de investigaciones\"},{\"@type\":\"BreadcrumbList\",\"@id\":\"https:\/\/www.ucatolica.edu.co\/portal\/la-xv-jornada-de-investigacion-se-realizo-con-exito\/#breadcrumb\",\"itemListElement\":[{\"@type\":\"ListItem\",\"position\":1,\"name\":\"Inicio\",\"item\":\"https:\/\/www.ucatolica.edu.co\/portal\/\"},{\"@type\":\"ListItem\",\"position\":2,\"name\":\"La XV Jornada de Investigaci\u00f3n se realiz\u00f3 con \u00e9xito\"}]},{\"@type\":\"WebSite\",\"@id\":\"https:\/\/www.ucatolica.edu.co\/portal\/#website\",\"url\":\"https:\/\/www.ucatolica.edu.co\/portal\/\",\"name\":\"Universidad Cat\u00f3lica De Colombia\",\"description\":\"Universidad Cat\u00f3lica De Colombia\",\"publisher\":{\"@id\":\"https:\/\/www.ucatolica.edu.co\/portal\/#organization\"},\"potentialAction\":[{\"@type\":\"SearchAction\",\"target\":{\"@type\":\"EntryPoint\",\"urlTemplate\":\"https:\/\/www.ucatolica.edu.co\/portal\/?s={search_term_string}\"},\"query-input\":{\"@type\":\"PropertyValueSpecification\",\"valueRequired\":true,\"valueName\":\"search_term_string\"}}],\"inLanguage\":\"es-CO\"},{\"@type\":\"Organization\",\"@id\":\"https:\/\/www.ucatolica.edu.co\/portal\/#organization\",\"name\":\"Universidad Cat\u00f3lica de Colombia\",\"url\":\"https:\/\/www.ucatolica.edu.co\/portal\/\",\"logo\":{\"@type\":\"ImageObject\",\"inLanguage\":\"es-CO\",\"@id\":\"https:\/\/www.ucatolica.edu.co\/portal\/#\/schema\/logo\/image\/\",\"url\":\"https:\/\/www.ucatolica.edu.co\/portal\/wp-content\/uploads\/2021\/06\/logo-header-ho-1.svg\",\"contentUrl\":\"https:\/\/www.ucatolica.edu.co\/portal\/wp-content\/uploads\/2021\/06\/logo-header-ho-1.svg\",\"width\":1,\"height\":1,\"caption\":\"Universidad Cat\u00f3lica de Colombia\"},\"image\":{\"@id\":\"https:\/\/www.ucatolica.edu.co\/portal\/#\/schema\/logo\/image\/\"},\"sameAs\":[\"https:\/\/www.facebook.com\/ucatolicacolombia\",\"https:\/\/x.com\/UCatolicaCol\",\"https:\/\/www.instagram.com\/universidadcatolicadecolombia\/\",\"https:\/\/www.linkedin.com\/company\/universidadcatolicadecolombia\/\",\"https:\/\/www.youtube.com\/user\/UCatolicaCo\"]},{\"@type\":\"Person\",\"@id\":\"https:\/\/www.ucatolica.edu.co\/portal\/#\/schema\/person\/a7469afff252fba81c6cdc40c80f00b6\",\"name\":\"Cindy Lugo\",\"url\":\"https:\/\/www.ucatolica.edu.co\/portal\/author\/cindy\/\"}]}<\/script>\n<!-- \/ Yoast SEO plugin. -->","yoast_head_json":{"title":"La XV Jornada de Investigaci\u00f3n se realiz\u00f3 con \u00e9xito - Universidad Cat\u00f3lica De Colombia","robots":{"index":"index","follow":"follow","max-snippet":"max-snippet:-1","max-image-preview":"max-image-preview:large","max-video-preview":"max-video-preview:-1"},"canonical":"https:\/\/www.ucatolica.edu.co\/portal\/la-xv-jornada-de-investigacion-se-realizo-con-exito\/","og_locale":"es_ES","og_type":"article","og_title":"La XV Jornada de Investigaci\u00f3n se realiz\u00f3 con \u00e9xito - Universidad Cat\u00f3lica De Colombia","og_description":"El pasado 9 y 10 de mayo de 2024, se realiz\u00f3 la XV Jornada de Investigaci\u00f3n Institucional. En esta actividad se gener\u00f3 un espacio acad\u00e9mico para divulgar y compartir experiencias obtenidas en investigaci\u00f3n b\u00e1sica, aplicada y formativa de proyectos de investigaci\u00f3n y trabajo de los semilleros. En esta versi\u00f3n se cont\u00f3 con la participaci\u00f3n de [&hellip;]","og_url":"https:\/\/www.ucatolica.edu.co\/portal\/la-xv-jornada-de-investigacion-se-realizo-con-exito\/","og_site_name":"Universidad Cat\u00f3lica De Colombia","article_publisher":"https:\/\/www.facebook.com\/ucatolicacolombia","article_published_time":"2024-05-17T21:57:58+00:00","article_modified_time":"2024-05-22T22:15:59+00:00","og_image":[{"width":870,"height":522,"url":"https:\/\/www.ucatolica.edu.co\/portal\/wp-content\/uploads\/2024\/05\/Fotos-OP3849-Noticia-Portada.jpg","type":"image\/jpeg"}],"author":"Cindy Lugo","twitter_card":"summary_large_image","twitter_creator":"@UCatolicaCol","twitter_site":"@UCatolicaCol","twitter_misc":{"Escrito por":"Cindy Lugo","Tiempo de lectura":"1 minuto"},"schema":{"@context":"https:\/\/schema.org","@graph":[{"@type":"Article","@id":"https:\/\/www.ucatolica.edu.co\/portal\/la-xv-jornada-de-investigacion-se-realizo-con-exito\/#article","isPartOf":{"@id":"https:\/\/www.ucatolica.edu.co\/portal\/la-xv-jornada-de-investigacion-se-realizo-con-exito\/"},"author":{"name":"Cindy Lugo","@id":"https:\/\/www.ucatolica.edu.co\/portal\/#\/schema\/person\/a7469afff252fba81c6cdc40c80f00b6"},"headline":"La XV Jornada de Investigaci\u00f3n se realiz\u00f3 con \u00e9xito","datePublished":"2024-05-17T21:57:58+00:00","dateModified":"2024-05-22T22:15:59+00:00","mainEntityOfPage":{"@id":"https:\/\/www.ucatolica.edu.co\/portal\/la-xv-jornada-de-investigacion-se-realizo-con-exito\/"},"wordCount":282,"commentCount":0,"publisher":{"@id":"https:\/\/www.ucatolica.edu.co\/portal\/#organization"},"image":{"@id":"https:\/\/www.ucatolica.edu.co\/portal\/la-xv-jornada-de-investigacion-se-realizo-con-exito\/#primaryimage"},"thumbnailUrl":"https:\/\/www.ucatolica.edu.co\/portal\/wp-content\/uploads\/2024\/05\/Fotos-OP3849-Noticia-Portada.jpg","keywords":["Derecho cultura y sociedad","Desarrollo humano y sostenible","Gestion y tecnologia","Investigaci\u00f3n b\u00e1sica","XV Jornada de Investigaci\u00f3n"],"articleSection":["Noticias Principales"],"inLanguage":"es-CO"},{"@type":"WebPage","@id":"https:\/\/www.ucatolica.edu.co\/portal\/la-xv-jornada-de-investigacion-se-realizo-con-exito\/","url":"https:\/\/www.ucatolica.edu.co\/portal\/la-xv-jornada-de-investigacion-se-realizo-con-exito\/","name":"La XV Jornada de Investigaci\u00f3n se realiz\u00f3 con \u00e9xito - Universidad Cat\u00f3lica De Colombia","isPartOf":{"@id":"https:\/\/www.ucatolica.edu.co\/portal\/#website"},"primaryImageOfPage":{"@id":"https:\/\/www.ucatolica.edu.co\/portal\/la-xv-jornada-de-investigacion-se-realizo-con-exito\/#primaryimage"},"image":{"@id":"https:\/\/www.ucatolica.edu.co\/portal\/la-xv-jornada-de-investigacion-se-realizo-con-exito\/#primaryimage"},"thumbnailUrl":"https:\/\/www.ucatolica.edu.co\/portal\/wp-content\/uploads\/2024\/05\/Fotos-OP3849-Noticia-Portada.jpg","datePublished":"2024-05-17T21:57:58+00:00","dateModified":"2024-05-22T22:15:59+00:00","breadcrumb":{"@id":"https:\/\/www.ucatolica.edu.co\/portal\/la-xv-jornada-de-investigacion-se-realizo-con-exito\/#breadcrumb"},"inLanguage":"es-CO","potentialAction":[{"@type":"ReadAction","target":["https:\/\/www.ucatolica.edu.co\/portal\/la-xv-jornada-de-investigacion-se-realizo-con-exito\/"]}]},{"@type":"ImageObject","inLanguage":"es-CO","@id":"https:\/\/www.ucatolica.edu.co\/portal\/la-xv-jornada-de-investigacion-se-realizo-con-exito\/#primaryimage","url":"https:\/\/www.ucatolica.edu.co\/portal\/wp-content\/uploads\/2024\/05\/Fotos-OP3849-Noticia-Portada.jpg","contentUrl":"https:\/\/www.ucatolica.edu.co\/portal\/wp-content\/uploads\/2024\/05\/Fotos-OP3849-Noticia-Portada.jpg","width":870,"height":522,"caption":"Inaguracion jornada de investigaciones"},{"@type":"BreadcrumbList","@id":"https:\/\/www.ucatolica.edu.co\/portal\/la-xv-jornada-de-investigacion-se-realizo-con-exito\/#breadcrumb","itemListElement":[{"@type":"ListItem","position":1,"name":"Inicio","item":"https:\/\/www.ucatolica.edu.co\/portal\/"},{"@type":"ListItem","position":2,"name":"La XV Jornada de Investigaci\u00f3n se realiz\u00f3 con \u00e9xito"}]},{"@type":"WebSite","@id":"https:\/\/www.ucatolica.edu.co\/portal\/#website","url":"https:\/\/www.ucatolica.edu.co\/portal\/","name":"Universidad Cat\u00f3lica De Colombia","description":"Universidad Cat\u00f3lica De Colombia","publisher":{"@id":"https:\/\/www.ucatolica.edu.co\/portal\/#organization"},"potentialAction":[{"@type":"SearchAction","target":{"@type":"EntryPoint","urlTemplate":"https:\/\/www.ucatolica.edu.co\/portal\/?s={search_term_string}"},"query-input":{"@type":"PropertyValueSpecification","valueRequired":true,"valueName":"search_term_string"}}],"inLanguage":"es-CO"},{"@type":"Organization","@id":"https:\/\/www.ucatolica.edu.co\/portal\/#organization","name":"Universidad Cat\u00f3lica de Colombia","url":"https:\/\/www.ucatolica.edu.co\/portal\/","logo":{"@type":"ImageObject","inLanguage":"es-CO","@id":"https:\/\/www.ucatolica.edu.co\/portal\/#\/schema\/logo\/image\/","url":"https:\/\/www.ucatolica.edu.co\/portal\/wp-content\/uploads\/2021\/06\/logo-header-ho-1.svg","contentUrl":"https:\/\/www.ucatolica.edu.co\/portal\/wp-content\/uploads\/2021\/06\/logo-header-ho-1.svg","width":1,"height":1,"caption":"Universidad Cat\u00f3lica de Colombia"},"image":{"@id":"https:\/\/www.ucatolica.edu.co\/portal\/#\/schema\/logo\/image\/"},"sameAs":["https:\/\/www.facebook.com\/ucatolicacolombia","https:\/\/x.com\/UCatolicaCol","https:\/\/www.instagram.com\/universidadcatolicadecolombia\/","https:\/\/www.linkedin.com\/company\/universidadcatolicadecolombia\/","https:\/\/www.youtube.com\/user\/UCatolicaCo"]},{"@type":"Person","@id":"https:\/\/www.ucatolica.edu.co\/portal\/#\/schema\/person\/a7469afff252fba81c6cdc40c80f00b6","name":"Cindy Lugo","url":"https:\/\/www.ucatolica.edu.co\/portal\/author\/cindy\/"}]}},"author_meta":{"display_name":"Cindy Lugo","author_link":"https:\/\/www.ucatolica.edu.co\/portal\/author\/cindy\/"},"featured_img":"https:\/\/www.ucatolica.edu.co\/portal\/wp-content\/uploads\/2024\/05\/Fotos-OP3849-Noticia-Portada.jpg","coauthors":[],"tax_additional":{"categories":{"linked":["<a href=\"https:\/\/www.ucatolica.edu.co\/portal\/category\/noticias-principales\/\" class=\"advgb-post-tax-term\">Noticias Principales<\/a>"],"unlinked":["<span class=\"advgb-post-tax-term\">Noticias Principales<\/span>"]},"tags":{"linked":["<a href=\"https:\/\/www.ucatolica.edu.co\/portal\/category\/noticias-principales\/\" class=\"advgb-post-tax-term\">Derecho cultura y sociedad<\/a>","<a href=\"https:\/\/www.ucatolica.edu.co\/portal\/category\/noticias-principales\/\" class=\"advgb-post-tax-term\">Desarrollo humano y sostenible<\/a>","<a href=\"https:\/\/www.ucatolica.edu.co\/portal\/category\/noticias-principales\/\" class=\"advgb-post-tax-term\">Gestion y tecnologia<\/a>","<a href=\"https:\/\/www.ucatolica.edu.co\/portal\/category\/noticias-principales\/\" class=\"advgb-post-tax-term\">Investigaci\u00f3n b\u00e1sica<\/a>","<a href=\"https:\/\/www.ucatolica.edu.co\/portal\/category\/noticias-principales\/\" class=\"advgb-post-tax-term\">XV Jornada de Investigaci\u00f3n<\/a>"],"unlinked":["<span class=\"advgb-post-tax-term\">Derecho cultura y sociedad<\/span>","<span class=\"advgb-post-tax-term\">Desarrollo humano y sostenible<\/span>","<span class=\"advgb-post-tax-term\">Gestion y tecnologia<\/span>","<span class=\"advgb-post-tax-term\">Investigaci\u00f3n b\u00e1sica<\/span>","<span class=\"advgb-post-tax-term\">XV Jornada de Investigaci\u00f3n<\/span>"]}},"comment_count":"0","relative_dates":{"created":"Posted 2 a\u00f1os ago","modified":"Updated 2 a\u00f1os ago"},"absolute_dates":{"created":"Posted on 17 mayo, 2024","modified":"Updated on 22 mayo, 2024"},"absolute_dates_time":{"created":"Posted on 17 mayo, 2024 4:57 pm","modified":"Updated on 22 mayo, 2024 5:15 pm"},"featured_img_caption":"","series_order":"","_links":{"self":[{"href":"https:\/\/www.ucatolica.edu.co\/portal\/wp-json\/wp\/v2\/posts\/107612","targetHints":{"allow":["GET"]}}],"collection":[{"href":"https:\/\/www.ucatolica.edu.co\/portal\/wp-json\/wp\/v2\/posts"}],"about":[{"href":"https:\/\/www.ucatolica.edu.co\/portal\/wp-json\/wp\/v2\/types\/post"}],"author":[{"embeddable":true,"href":"https:\/\/www.ucatolica.edu.co\/portal\/wp-json\/wp\/v2\/users\/4"}],"replies":[{"embeddable":true,"href":"https:\/\/www.ucatolica.edu.co\/portal\/wp-json\/wp\/v2\/comments?post=107612"}],"version-history":[{"count":1,"href":"https:\/\/www.ucatolica.edu.co\/portal\/wp-json\/wp\/v2\/posts\/107612\/revisions"}],"predecessor-version":[{"id":107617,"href":"https:\/\/www.ucatolica.edu.co\/portal\/wp-json\/wp\/v2\/posts\/107612\/revisions\/107617"}],"wp:featuredmedia":[{"embeddable":true,"href":"https:\/\/www.ucatolica.edu.co\/portal\/wp-json\/wp\/v2\/media\/107613"}],"wp:attachment":[{"href":"https:\/\/www.ucatolica.edu.co\/portal\/wp-json\/wp\/v2\/media?parent=107612"}],"wp:term":[{"taxonomy":"category","embeddable":true,"href":"https:\/\/www.ucatolica.edu.co\/portal\/wp-json\/wp\/v2\/categories?post=107612"},{"taxonomy":"post_tag","embeddable":true,"href":"https:\/\/www.ucatolica.edu.co\/portal\/wp-json\/wp\/v2\/tags?post=107612"}],"curies":[{"name":"wp","href":"https:\/\/api.w.org\/{rel}","templated":true}]}}