{"id":107799,"date":"2024-05-29T16:53:46","date_gmt":"2024-05-29T21:53:46","guid":{"rendered":"https:\/\/www.ucatolica.edu.co\/portal\/?p=107799"},"modified":"2024-05-30T16:29:03","modified_gmt":"2024-05-30T21:29:03","slug":"nuevas-electivas-para-convertirte-en-un-ciudadano-global","status":"publish","type":"post","link":"https:\/\/www.ucatolica.edu.co\/portal\/nuevas-electivas-para-convertirte-en-un-ciudadano-global\/","title":{"rendered":"Nuevas electivas para convertirte en un ciudadano global"},"content":{"rendered":"\n<p>A partir de este semestre, los estudiantes tendr\u00e1n la oportunidad de inscribir nuevas electivas desarrolladas en cooperaci\u00f3n con instituciones nacionales e internacionales, dise\u00f1adas para promover la ciudadan\u00eda global y las competencias interculturales.<\/p>\n\n\n\n<p><strong>C\u00e1tedra Internacional: Competencias interculturales para la ciudadan\u00eda global<\/strong><\/p>\n\n\n\n<p>Esta c\u00e1tedra se ofrece en modalidad presencial mediada por tecnolog\u00eda y tiene como objetivo proporcionar a los estudiantes una perspectiva cr\u00edtica sobre la interculturalidad, utilizando narrativas hist\u00f3rico-culturales de diversos pa\u00edses de Latinoam\u00e9rica. La interculturalidad se presenta no solo como un concepto, sino como una pr\u00e1ctica real que puede vincularse con la justicia, el reconocimiento, los derechos y el fomento de una ciudadan\u00eda global. El curso ser\u00e1 dictado por m\u00e1s de cinco profesores internacionales.<\/p>\n\n\n\n<p><strong>Cr\u00e9ditos: 3<\/strong><\/p>\n\n\n\n<p><strong>Horario:<\/strong> Martes de 06:00 p.m. a 09:00 p.m.<\/p>\n\n\n\n<p><strong>Requisitos:<\/strong> Haber cursado m\u00e1s del 50% de los cr\u00e9ditos de su programa acad\u00e9mico de pregrado y tener un promedio general acumulado de 7.0 en adelante.<\/p>\n\n\n\n<p><strong>C\u00e1tedra Objetivos de Desarrollo Sostenible: Para no dejar a nadie atr\u00e1s<\/strong><\/p>\n\n\n\n<p>En colaboraci\u00f3n con la Universidad Cat\u00f3lica de Colombia, la Universidad El Bosque, la Universidad Antonio Nari\u00f1o, la Fundaci\u00f3n Universitaria Juan N. Corpas y la Universidad de Am\u00e9rica, esta c\u00e1tedra se centra en los Objetivos de Desarrollo Sostenible (ODS). Dictada por profesores y l\u00edderes empresariales nacionales e internacionales, la c\u00e1tedra explorar\u00e1 proyectos que contribuyen a alcanzar las metas de los 17 ODS.<\/p>\n\n\n\n<p><strong>Cr\u00e9ditos: 2<\/strong><\/p>\n\n\n\n<p><strong>Horario:<\/strong> Martes y Jueves de 03:00 p.m. a 05:00 p.m.<\/p>\n\n\n\n<p>Las inscripciones para estas asignaturas estar\u00e1n abiertas del 21 de junio al 2 de julio de 2024.<\/p>\n\n\n\n<p>\u00a1No pierdas esta oportunidad de enriquecer tu formaci\u00f3n acad\u00e9mica y contribuir a la construcci\u00f3n de una ciudadan\u00eda global!<\/p>\n\n\n\n<p><strong>\u00a1Recuerda! <\/strong>Una vez se inscriba esta asignatura ser\u00e1s contactado directamente por la Oficina de Relaciones Internacionales e Interinstitucionales (ORII) con el fin de darte indicaciones con respecto al contenido y funcionamiento de la asignatura.<\/p>\n\n\n\n<p>Para m\u00e1s informaci\u00f3n, por favor contacta a: <a href=\"mailto:globalcampus@ucatolica.edu.co\">globalcampus@ucatolica.edu.co<\/a><\/p>\n","protected":false},"excerpt":{"rendered":"<p>A partir de este semestre, los estudiantes tendr\u00e1n la oportunidad de inscribir nuevas electivas desarrolladas en cooperaci\u00f3n con instituciones nacionales e internacionales, dise\u00f1adas para promover la ciudadan\u00eda global y las competencias interculturales. C\u00e1tedra Internacional: Competencias interculturales para la ciudadan\u00eda global Esta c\u00e1tedra se ofrece en modalidad presencial mediada por tecnolog\u00eda y tiene como objetivo proporcionar [&hellip;]<\/p>\n","protected":false},"author":61,"featured_media":107800,"comment_status":"open","ping_status":"open","sticky":false,"template":"","format":"standard","meta":{"_acf_changed":false,"advgb_blocks_editor_width":"","advgb_blocks_columns_visual_guide":"","footnotes":""},"categories":[93,531],"tags":[2544,479],"class_list":["post-107799","post","type-post","status-publish","format-standard","has-post-thumbnail","hentry","category-noticias-principales","category-orii","tag-ods","tag-orii"],"acf":[],"yoast_head":"<!-- This site is optimized with the Yoast SEO plugin v26.7 - https:\/\/yoast.com\/wordpress\/plugins\/seo\/ -->\n<title>Nuevas electivas para convertirte en un ciudadano global - Universidad Cat\u00f3lica De Colombia<\/title>\n<meta name=\"robots\" content=\"index, follow, max-snippet:-1, max-image-preview:large, max-video-preview:-1\" \/>\n<link rel=\"canonical\" href=\"https:\/\/www.ucatolica.edu.co\/portal\/nuevas-electivas-para-convertirte-en-un-ciudadano-global\/\" \/>\n<meta property=\"og:locale\" content=\"es_ES\" \/>\n<meta property=\"og:type\" content=\"article\" \/>\n<meta property=\"og:title\" content=\"Nuevas electivas para convertirte en un ciudadano global - Universidad Cat\u00f3lica De Colombia\" \/>\n<meta property=\"og:description\" content=\"A partir de este semestre, los estudiantes tendr\u00e1n la oportunidad de inscribir nuevas electivas desarrolladas en cooperaci\u00f3n con instituciones nacionales e internacionales, dise\u00f1adas para promover la ciudadan\u00eda global y las competencias interculturales. C\u00e1tedra Internacional: Competencias interculturales para la ciudadan\u00eda global Esta c\u00e1tedra se ofrece en modalidad presencial mediada por tecnolog\u00eda y tiene como objetivo proporcionar [&hellip;]\" \/>\n<meta property=\"og:url\" content=\"https:\/\/www.ucatolica.edu.co\/portal\/nuevas-electivas-para-convertirte-en-un-ciudadano-global\/\" \/>\n<meta property=\"og:site_name\" content=\"Universidad Cat\u00f3lica De Colombia\" \/>\n<meta property=\"article:publisher\" content=\"https:\/\/www.facebook.com\/ucatolicacolombia\" \/>\n<meta property=\"article:published_time\" content=\"2024-05-29T21:53:46+00:00\" \/>\n<meta property=\"article:modified_time\" content=\"2024-05-30T21:29:03+00:00\" \/>\n<meta property=\"og:image\" content=\"https:\/\/www.ucatolica.edu.co\/portal\/wp-content\/uploads\/2024\/05\/Noticia-2.jpg\" \/>\n\t<meta property=\"og:image:width\" content=\"870\" \/>\n\t<meta property=\"og:image:height\" content=\"522\" \/>\n\t<meta property=\"og:image:type\" content=\"image\/jpeg\" \/>\n<meta name=\"author\" content=\"Leidy Dayanna Jaramillo Tavera\" \/>\n<meta name=\"twitter:card\" content=\"summary_large_image\" \/>\n<meta name=\"twitter:creator\" content=\"@UCatolicaCol\" \/>\n<meta name=\"twitter:site\" content=\"@UCatolicaCol\" \/>\n<meta name=\"twitter:label1\" content=\"Escrito por\" \/>\n\t<meta name=\"twitter:data1\" content=\"Leidy Dayanna Jaramillo Tavera\" \/>\n\t<meta name=\"twitter:label2\" content=\"Tiempo de lectura\" \/>\n\t<meta name=\"twitter:data2\" content=\"2 minutos\" \/>\n<script type=\"application\/ld+json\" class=\"yoast-schema-graph\">{\"@context\":\"https:\/\/schema.org\",\"@graph\":[{\"@type\":\"Article\",\"@id\":\"https:\/\/www.ucatolica.edu.co\/portal\/nuevas-electivas-para-convertirte-en-un-ciudadano-global\/#article\",\"isPartOf\":{\"@id\":\"https:\/\/www.ucatolica.edu.co\/portal\/nuevas-electivas-para-convertirte-en-un-ciudadano-global\/\"},\"author\":{\"name\":\"Leidy Dayanna Jaramillo Tavera\",\"@id\":\"https:\/\/www.ucatolica.edu.co\/portal\/#\/schema\/person\/c03ebc5b4f80ce7b8947aa9ddece408a\"},\"headline\":\"Nuevas electivas para convertirte en un ciudadano global\",\"datePublished\":\"2024-05-29T21:53:46+00:00\",\"dateModified\":\"2024-05-30T21:29:03+00:00\",\"mainEntityOfPage\":{\"@id\":\"https:\/\/www.ucatolica.edu.co\/portal\/nuevas-electivas-para-convertirte-en-un-ciudadano-global\/\"},\"wordCount\":350,\"commentCount\":0,\"publisher\":{\"@id\":\"https:\/\/www.ucatolica.edu.co\/portal\/#organization\"},\"image\":{\"@id\":\"https:\/\/www.ucatolica.edu.co\/portal\/nuevas-electivas-para-convertirte-en-un-ciudadano-global\/#primaryimage\"},\"thumbnailUrl\":\"https:\/\/www.ucatolica.edu.co\/portal\/wp-content\/uploads\/2024\/05\/Noticia-2.jpg\",\"keywords\":[\"ODS\",\"ORII\"],\"articleSection\":[\"Noticias Principales\",\"ORII\"],\"inLanguage\":\"es-CO\"},{\"@type\":\"WebPage\",\"@id\":\"https:\/\/www.ucatolica.edu.co\/portal\/nuevas-electivas-para-convertirte-en-un-ciudadano-global\/\",\"url\":\"https:\/\/www.ucatolica.edu.co\/portal\/nuevas-electivas-para-convertirte-en-un-ciudadano-global\/\",\"name\":\"Nuevas electivas para convertirte en un ciudadano global - Universidad Cat\u00f3lica De Colombia\",\"isPartOf\":{\"@id\":\"https:\/\/www.ucatolica.edu.co\/portal\/#website\"},\"primaryImageOfPage\":{\"@id\":\"https:\/\/www.ucatolica.edu.co\/portal\/nuevas-electivas-para-convertirte-en-un-ciudadano-global\/#primaryimage\"},\"image\":{\"@id\":\"https:\/\/www.ucatolica.edu.co\/portal\/nuevas-electivas-para-convertirte-en-un-ciudadano-global\/#primaryimage\"},\"thumbnailUrl\":\"https:\/\/www.ucatolica.edu.co\/portal\/wp-content\/uploads\/2024\/05\/Noticia-2.jpg\",\"datePublished\":\"2024-05-29T21:53:46+00:00\",\"dateModified\":\"2024-05-30T21:29:03+00:00\",\"breadcrumb\":{\"@id\":\"https:\/\/www.ucatolica.edu.co\/portal\/nuevas-electivas-para-convertirte-en-un-ciudadano-global\/#breadcrumb\"},\"inLanguage\":\"es-CO\",\"potentialAction\":[{\"@type\":\"ReadAction\",\"target\":[\"https:\/\/www.ucatolica.edu.co\/portal\/nuevas-electivas-para-convertirte-en-un-ciudadano-global\/\"]}]},{\"@type\":\"ImageObject\",\"inLanguage\":\"es-CO\",\"@id\":\"https:\/\/www.ucatolica.edu.co\/portal\/nuevas-electivas-para-convertirte-en-un-ciudadano-global\/#primaryimage\",\"url\":\"https:\/\/www.ucatolica.edu.co\/portal\/wp-content\/uploads\/2024\/05\/Noticia-2.jpg\",\"contentUrl\":\"https:\/\/www.ucatolica.edu.co\/portal\/wp-content\/uploads\/2024\/05\/Noticia-2.jpg\",\"width\":870,\"height\":522,\"caption\":\"Dos j\u00f3venes sonriendo mirando un cuaderno\"},{\"@type\":\"BreadcrumbList\",\"@id\":\"https:\/\/www.ucatolica.edu.co\/portal\/nuevas-electivas-para-convertirte-en-un-ciudadano-global\/#breadcrumb\",\"itemListElement\":[{\"@type\":\"ListItem\",\"position\":1,\"name\":\"Inicio\",\"item\":\"https:\/\/www.ucatolica.edu.co\/portal\/\"},{\"@type\":\"ListItem\",\"position\":2,\"name\":\"Nuevas electivas para convertirte en un ciudadano global\"}]},{\"@type\":\"WebSite\",\"@id\":\"https:\/\/www.ucatolica.edu.co\/portal\/#website\",\"url\":\"https:\/\/www.ucatolica.edu.co\/portal\/\",\"name\":\"Universidad Cat\u00f3lica De Colombia\",\"description\":\"Universidad Cat\u00f3lica De Colombia\",\"publisher\":{\"@id\":\"https:\/\/www.ucatolica.edu.co\/portal\/#organization\"},\"potentialAction\":[{\"@type\":\"SearchAction\",\"target\":{\"@type\":\"EntryPoint\",\"urlTemplate\":\"https:\/\/www.ucatolica.edu.co\/portal\/?s={search_term_string}\"},\"query-input\":{\"@type\":\"PropertyValueSpecification\",\"valueRequired\":true,\"valueName\":\"search_term_string\"}}],\"inLanguage\":\"es-CO\"},{\"@type\":\"Organization\",\"@id\":\"https:\/\/www.ucatolica.edu.co\/portal\/#organization\",\"name\":\"Universidad Cat\u00f3lica de Colombia\",\"url\":\"https:\/\/www.ucatolica.edu.co\/portal\/\",\"logo\":{\"@type\":\"ImageObject\",\"inLanguage\":\"es-CO\",\"@id\":\"https:\/\/www.ucatolica.edu.co\/portal\/#\/schema\/logo\/image\/\",\"url\":\"https:\/\/www.ucatolica.edu.co\/portal\/wp-content\/uploads\/2021\/06\/logo-header-ho-1.svg\",\"contentUrl\":\"https:\/\/www.ucatolica.edu.co\/portal\/wp-content\/uploads\/2021\/06\/logo-header-ho-1.svg\",\"width\":1,\"height\":1,\"caption\":\"Universidad Cat\u00f3lica de Colombia\"},\"image\":{\"@id\":\"https:\/\/www.ucatolica.edu.co\/portal\/#\/schema\/logo\/image\/\"},\"sameAs\":[\"https:\/\/www.facebook.com\/ucatolicacolombia\",\"https:\/\/x.com\/UCatolicaCol\",\"https:\/\/www.instagram.com\/universidadcatolicadecolombia\/\",\"https:\/\/www.linkedin.com\/company\/universidadcatolicadecolombia\/\",\"https:\/\/www.youtube.com\/user\/UCatolicaCo\"]},{\"@type\":\"Person\",\"@id\":\"https:\/\/www.ucatolica.edu.co\/portal\/#\/schema\/person\/c03ebc5b4f80ce7b8947aa9ddece408a\",\"name\":\"Leidy Dayanna Jaramillo Tavera\",\"url\":\"https:\/\/www.ucatolica.edu.co\/portal\/author\/dayana\/\"}]}<\/script>\n<!-- \/ Yoast SEO plugin. -->","yoast_head_json":{"title":"Nuevas electivas para convertirte en un ciudadano global - Universidad Cat\u00f3lica De Colombia","robots":{"index":"index","follow":"follow","max-snippet":"max-snippet:-1","max-image-preview":"max-image-preview:large","max-video-preview":"max-video-preview:-1"},"canonical":"https:\/\/www.ucatolica.edu.co\/portal\/nuevas-electivas-para-convertirte-en-un-ciudadano-global\/","og_locale":"es_ES","og_type":"article","og_title":"Nuevas electivas para convertirte en un ciudadano global - Universidad Cat\u00f3lica De Colombia","og_description":"A partir de este semestre, los estudiantes tendr\u00e1n la oportunidad de inscribir nuevas electivas desarrolladas en cooperaci\u00f3n con instituciones nacionales e internacionales, dise\u00f1adas para promover la ciudadan\u00eda global y las competencias interculturales. C\u00e1tedra Internacional: Competencias interculturales para la ciudadan\u00eda global Esta c\u00e1tedra se ofrece en modalidad presencial mediada por tecnolog\u00eda y tiene como objetivo proporcionar [&hellip;]","og_url":"https:\/\/www.ucatolica.edu.co\/portal\/nuevas-electivas-para-convertirte-en-un-ciudadano-global\/","og_site_name":"Universidad Cat\u00f3lica De Colombia","article_publisher":"https:\/\/www.facebook.com\/ucatolicacolombia","article_published_time":"2024-05-29T21:53:46+00:00","article_modified_time":"2024-05-30T21:29:03+00:00","og_image":[{"width":870,"height":522,"url":"https:\/\/www.ucatolica.edu.co\/portal\/wp-content\/uploads\/2024\/05\/Noticia-2.jpg","type":"image\/jpeg"}],"author":"Leidy Dayanna Jaramillo Tavera","twitter_card":"summary_large_image","twitter_creator":"@UCatolicaCol","twitter_site":"@UCatolicaCol","twitter_misc":{"Escrito por":"Leidy Dayanna Jaramillo Tavera","Tiempo de lectura":"2 minutos"},"schema":{"@context":"https:\/\/schema.org","@graph":[{"@type":"Article","@id":"https:\/\/www.ucatolica.edu.co\/portal\/nuevas-electivas-para-convertirte-en-un-ciudadano-global\/#article","isPartOf":{"@id":"https:\/\/www.ucatolica.edu.co\/portal\/nuevas-electivas-para-convertirte-en-un-ciudadano-global\/"},"author":{"name":"Leidy Dayanna Jaramillo Tavera","@id":"https:\/\/www.ucatolica.edu.co\/portal\/#\/schema\/person\/c03ebc5b4f80ce7b8947aa9ddece408a"},"headline":"Nuevas electivas para convertirte en un ciudadano global","datePublished":"2024-05-29T21:53:46+00:00","dateModified":"2024-05-30T21:29:03+00:00","mainEntityOfPage":{"@id":"https:\/\/www.ucatolica.edu.co\/portal\/nuevas-electivas-para-convertirte-en-un-ciudadano-global\/"},"wordCount":350,"commentCount":0,"publisher":{"@id":"https:\/\/www.ucatolica.edu.co\/portal\/#organization"},"image":{"@id":"https:\/\/www.ucatolica.edu.co\/portal\/nuevas-electivas-para-convertirte-en-un-ciudadano-global\/#primaryimage"},"thumbnailUrl":"https:\/\/www.ucatolica.edu.co\/portal\/wp-content\/uploads\/2024\/05\/Noticia-2.jpg","keywords":["ODS","ORII"],"articleSection":["Noticias Principales","ORII"],"inLanguage":"es-CO"},{"@type":"WebPage","@id":"https:\/\/www.ucatolica.edu.co\/portal\/nuevas-electivas-para-convertirte-en-un-ciudadano-global\/","url":"https:\/\/www.ucatolica.edu.co\/portal\/nuevas-electivas-para-convertirte-en-un-ciudadano-global\/","name":"Nuevas electivas para convertirte en un ciudadano global - Universidad Cat\u00f3lica De Colombia","isPartOf":{"@id":"https:\/\/www.ucatolica.edu.co\/portal\/#website"},"primaryImageOfPage":{"@id":"https:\/\/www.ucatolica.edu.co\/portal\/nuevas-electivas-para-convertirte-en-un-ciudadano-global\/#primaryimage"},"image":{"@id":"https:\/\/www.ucatolica.edu.co\/portal\/nuevas-electivas-para-convertirte-en-un-ciudadano-global\/#primaryimage"},"thumbnailUrl":"https:\/\/www.ucatolica.edu.co\/portal\/wp-content\/uploads\/2024\/05\/Noticia-2.jpg","datePublished":"2024-05-29T21:53:46+00:00","dateModified":"2024-05-30T21:29:03+00:00","breadcrumb":{"@id":"https:\/\/www.ucatolica.edu.co\/portal\/nuevas-electivas-para-convertirte-en-un-ciudadano-global\/#breadcrumb"},"inLanguage":"es-CO","potentialAction":[{"@type":"ReadAction","target":["https:\/\/www.ucatolica.edu.co\/portal\/nuevas-electivas-para-convertirte-en-un-ciudadano-global\/"]}]},{"@type":"ImageObject","inLanguage":"es-CO","@id":"https:\/\/www.ucatolica.edu.co\/portal\/nuevas-electivas-para-convertirte-en-un-ciudadano-global\/#primaryimage","url":"https:\/\/www.ucatolica.edu.co\/portal\/wp-content\/uploads\/2024\/05\/Noticia-2.jpg","contentUrl":"https:\/\/www.ucatolica.edu.co\/portal\/wp-content\/uploads\/2024\/05\/Noticia-2.jpg","width":870,"height":522,"caption":"Dos j\u00f3venes sonriendo mirando un cuaderno"},{"@type":"BreadcrumbList","@id":"https:\/\/www.ucatolica.edu.co\/portal\/nuevas-electivas-para-convertirte-en-un-ciudadano-global\/#breadcrumb","itemListElement":[{"@type":"ListItem","position":1,"name":"Inicio","item":"https:\/\/www.ucatolica.edu.co\/portal\/"},{"@type":"ListItem","position":2,"name":"Nuevas electivas para convertirte en un ciudadano global"}]},{"@type":"WebSite","@id":"https:\/\/www.ucatolica.edu.co\/portal\/#website","url":"https:\/\/www.ucatolica.edu.co\/portal\/","name":"Universidad Cat\u00f3lica De Colombia","description":"Universidad Cat\u00f3lica De Colombia","publisher":{"@id":"https:\/\/www.ucatolica.edu.co\/portal\/#organization"},"potentialAction":[{"@type":"SearchAction","target":{"@type":"EntryPoint","urlTemplate":"https:\/\/www.ucatolica.edu.co\/portal\/?s={search_term_string}"},"query-input":{"@type":"PropertyValueSpecification","valueRequired":true,"valueName":"search_term_string"}}],"inLanguage":"es-CO"},{"@type":"Organization","@id":"https:\/\/www.ucatolica.edu.co\/portal\/#organization","name":"Universidad Cat\u00f3lica de Colombia","url":"https:\/\/www.ucatolica.edu.co\/portal\/","logo":{"@type":"ImageObject","inLanguage":"es-CO","@id":"https:\/\/www.ucatolica.edu.co\/portal\/#\/schema\/logo\/image\/","url":"https:\/\/www.ucatolica.edu.co\/portal\/wp-content\/uploads\/2021\/06\/logo-header-ho-1.svg","contentUrl":"https:\/\/www.ucatolica.edu.co\/portal\/wp-content\/uploads\/2021\/06\/logo-header-ho-1.svg","width":1,"height":1,"caption":"Universidad Cat\u00f3lica de Colombia"},"image":{"@id":"https:\/\/www.ucatolica.edu.co\/portal\/#\/schema\/logo\/image\/"},"sameAs":["https:\/\/www.facebook.com\/ucatolicacolombia","https:\/\/x.com\/UCatolicaCol","https:\/\/www.instagram.com\/universidadcatolicadecolombia\/","https:\/\/www.linkedin.com\/company\/universidadcatolicadecolombia\/","https:\/\/www.youtube.com\/user\/UCatolicaCo"]},{"@type":"Person","@id":"https:\/\/www.ucatolica.edu.co\/portal\/#\/schema\/person\/c03ebc5b4f80ce7b8947aa9ddece408a","name":"Leidy Dayanna Jaramillo Tavera","url":"https:\/\/www.ucatolica.edu.co\/portal\/author\/dayana\/"}]}},"author_meta":{"display_name":"Leidy Dayanna Jaramillo Tavera","author_link":"https:\/\/www.ucatolica.edu.co\/portal\/author\/dayana\/"},"featured_img":"https:\/\/www.ucatolica.edu.co\/portal\/wp-content\/uploads\/2024\/05\/Noticia-2.jpg","coauthors":[],"tax_additional":{"categories":{"linked":["<a href=\"https:\/\/www.ucatolica.edu.co\/portal\/category\/noticias-principales\/\" class=\"advgb-post-tax-term\">Noticias Principales<\/a>","<a href=\"https:\/\/www.ucatolica.edu.co\/portal\/category\/orii\/\" class=\"advgb-post-tax-term\">ORII<\/a>"],"unlinked":["<span class=\"advgb-post-tax-term\">Noticias Principales<\/span>","<span class=\"advgb-post-tax-term\">ORII<\/span>"]},"tags":{"linked":["<a href=\"https:\/\/www.ucatolica.edu.co\/portal\/category\/orii\/\" class=\"advgb-post-tax-term\">ODS<\/a>","<a href=\"https:\/\/www.ucatolica.edu.co\/portal\/category\/orii\/\" class=\"advgb-post-tax-term\">ORII<\/a>"],"unlinked":["<span class=\"advgb-post-tax-term\">ODS<\/span>","<span class=\"advgb-post-tax-term\">ORII<\/span>"]}},"comment_count":"0","relative_dates":{"created":"Posted 2 a\u00f1os ago","modified":"Updated 2 a\u00f1os ago"},"absolute_dates":{"created":"Posted on 29 mayo, 2024","modified":"Updated on 30 mayo, 2024"},"absolute_dates_time":{"created":"Posted on 29 mayo, 2024 4:53 pm","modified":"Updated on 30 mayo, 2024 4:29 pm"},"featured_img_caption":"","series_order":"","_links":{"self":[{"href":"https:\/\/www.ucatolica.edu.co\/portal\/wp-json\/wp\/v2\/posts\/107799","targetHints":{"allow":["GET"]}}],"collection":[{"href":"https:\/\/www.ucatolica.edu.co\/portal\/wp-json\/wp\/v2\/posts"}],"about":[{"href":"https:\/\/www.ucatolica.edu.co\/portal\/wp-json\/wp\/v2\/types\/post"}],"author":[{"embeddable":true,"href":"https:\/\/www.ucatolica.edu.co\/portal\/wp-json\/wp\/v2\/users\/61"}],"replies":[{"embeddable":true,"href":"https:\/\/www.ucatolica.edu.co\/portal\/wp-json\/wp\/v2\/comments?post=107799"}],"version-history":[{"count":3,"href":"https:\/\/www.ucatolica.edu.co\/portal\/wp-json\/wp\/v2\/posts\/107799\/revisions"}],"predecessor-version":[{"id":107820,"href":"https:\/\/www.ucatolica.edu.co\/portal\/wp-json\/wp\/v2\/posts\/107799\/revisions\/107820"}],"wp:featuredmedia":[{"embeddable":true,"href":"https:\/\/www.ucatolica.edu.co\/portal\/wp-json\/wp\/v2\/media\/107800"}],"wp:attachment":[{"href":"https:\/\/www.ucatolica.edu.co\/portal\/wp-json\/wp\/v2\/media?parent=107799"}],"wp:term":[{"taxonomy":"category","embeddable":true,"href":"https:\/\/www.ucatolica.edu.co\/portal\/wp-json\/wp\/v2\/categories?post=107799"},{"taxonomy":"post_tag","embeddable":true,"href":"https:\/\/www.ucatolica.edu.co\/portal\/wp-json\/wp\/v2\/tags?post=107799"}],"curies":[{"name":"wp","href":"https:\/\/api.w.org\/{rel}","templated":true}]}}