{"id":108036,"date":"2024-06-11T16:16:37","date_gmt":"2024-06-11T21:16:37","guid":{"rendered":"https:\/\/www.ucatolica.edu.co\/portal\/?p=108036"},"modified":"2024-06-11T16:22:23","modified_gmt":"2024-06-11T21:22:23","slug":"la-facultad-de-diseno-realizo-una-exploracion-de-las-dinamicas-territoriales-culturales-y-tecnologicas-en-san-andres-islas","status":"publish","type":"post","link":"https:\/\/www.ucatolica.edu.co\/portal\/la-facultad-de-diseno-realizo-una-exploracion-de-las-dinamicas-territoriales-culturales-y-tecnologicas-en-san-andres-islas\/","title":{"rendered":"La Facultad de Dise\u00f1o realiz\u00f3 una exploraci\u00f3n de las din\u00e1micas territoriales, culturales y tecnol\u00f3gicas en San Andr\u00e9s Islas"},"content":{"rendered":"\n<p>Como pare de las actividades de la l\u00ednea de Investigaci\u00f3n <em>Tecnolog\u00eda, Ambiente y Sostenibilidad<\/em> de la Facultad de Dise\u00f1o y con el fin de aportar al compromiso de la Facultad por la preservaci\u00f3n de la energ\u00eda y el equilibrio (<a href=\"https:\/\/www.ucatolica.edu.co\/portal\/wp-content\/uploads\/adjuntos\/programas\/arquitectura\/pep-arquitectura.pdf\">PEP, 2021, P. 31<\/a>), durante los d\u00edas 22 a 26 de mayo, en el marco del proyecto de investigaci\u00f3n: <em>\u201cEstrategias de sostenibilidad aplicadas a la adaptaci\u00f3n clim\u00e1tica, para el dise\u00f1o y desarrollo de un modelo de vivienda en clima tropical, caso San Andr\u00e9s, Colombia\u201d<\/em> se realiz\u00f3 la salida de campo de los investigadores: Mariana Ospina, Leandro Hoyos y Anna Ram\u00edrez; donde se efectuaron actividades de reconocimiento del \u00e1rea de estudio y trabajo en comunidad para el cumplimiento de los objetivos de acuerdo con los indicadores de impacto de los objetivos de Desarrollo Sostenible: ODS 6 (Agua Limpia y Saneamiento), 11 (Ciudades y Comunidades Sostenibles) y 13 (Acci\u00f3n por el Clima).\u200b <\/p>\n\n\n\n<figure class=\"wp-block-image size-full is-resized\"><img fetchpriority=\"high\" decoding=\"async\" width=\"870\" height=\"522\" src=\"https:\/\/www.ucatolica.edu.co\/portal\/wp-content\/uploads\/2024\/06\/Fotos-OP3933-Noticia4.jpg\" alt=\"\" class=\"wp-image-108038\" style=\"width:838px;height:auto\"\/><figcaption class=\"wp-element-caption\"><em>Objetivos de Desarrollo Sostenible<\/em><\/figcaption><\/figure>\n\n\n\n<p><\/p>\n\n\n\n<p>En las instalaciones de la Universidad Nacional de Colombia, sede Caribe, con el apoyo de la coinvestigadora Ang\u00e9lica Ayala, se realiz\u00f3 un taller de dise\u00f1o comunitario de vivienda con la participaci\u00f3n de 21 estudiantes del Programa Especial de Admisi\u00f3n y Movilidad Acad\u00e9mica (PEAMA) de diversas carreras donde se exploraron las necesidades y caracter\u00edsticas de la vivienda en la Isla y la configuraci\u00f3n espacial relacionada con las estrategias de sostenibilidad de agua, energ\u00eda y relaciones espaciales.<\/p>\n\n\n\n<p>Como complemento de la revisi\u00f3n documental se realiz\u00f3 la entrevista al historiador Isle\u00f1o Samuel Robinson, miembro  de la Academia Colombiana de Historia, quien comparti\u00f3 experiencias sobre la cultura raizal y los retos sociales de la conservaci\u00f3n de la memoria cultural y arquitect\u00f3nica de la isla, lo cual es un insumo fundamental para comprender las interacciones espaciales y las din\u00e1micas propias de la isla.<\/p>\n\n\n\n<p>Tambi\u00e9n se realiz\u00f3 una visita al Instituto Nacional de Formaci\u00f3n T\u00e9cnico Profesional de San Andr\u00e9s Providencia \u2013 INFOTEP  donde se socializaron resultados de investigaciones previas con la arquitecta Claudia Sarmiento, quien comparti\u00f3 los hallazgos de la influencia de la Colombia continental en la vivienda tradicional Isle\u00f1a.<\/p>\n\n\n\n<figure class=\"wp-block-image size-full\"><img decoding=\"async\" width=\"870\" height=\"522\" src=\"https:\/\/www.ucatolica.edu.co\/portal\/wp-content\/uploads\/2024\/06\/Fotos-OP3933-Noticia2.jpg\" alt=\"\" class=\"wp-image-108039\"\/><figcaption class=\"wp-element-caption\"><em>De Izq. a Der. Entrevista al historiador Isle\u00f1o Samuel Robinson, miembro de la Academia Colombiana de Historia y Visita al Instituto Nacional de Formaci\u00f3n T\u00e9cnico Profesional de San Andr\u00e9s Providencia \u2013 INFOTEP<\/em><\/figcaption><\/figure>\n\n\n\n<p><\/p>\n\n\n\n<p>Asimismo, se realiz\u00f3 un conversatorio con los profesionales de la Isla relacionados con la arquitectura y la construcci\u00f3n con el apoyo de la SCA cap\u00edtulo San Andr\u00e9s, donde se evidenciaron los retos desde el ejercicio profesional de la arquitectura, y el acceso a tecnolog\u00edas sostenibles en materia de agua, energ\u00eda y materiales.<\/p>\n\n\n\n<figure class=\"wp-block-image size-full\"><img decoding=\"async\" width=\"870\" height=\"522\" src=\"https:\/\/www.ucatolica.edu.co\/portal\/wp-content\/uploads\/2024\/06\/Fotos-OP3933-Noticia3.jpg\" alt=\"\" class=\"wp-image-108040\"\/><figcaption class=\"wp-element-caption\"><em>Conversatorio VIVIENDA TROPICAL con el apoyo de la SCA cap\u00edtulo San Andr\u00e9s<\/em><\/figcaption><\/figure>\n\n\n\n<p><\/p>\n\n\n\n<p><strong>Equipo de investigaci\u00f3n<\/strong><\/p>\n\n\n\n<p><strong><em>Directora:<\/em><\/strong><\/p>\n\n\n\n<p><em>Anna Gabriela Ram\u00edrez Cuastuza. Docente e Investigadora Facultad de Dise\u00f1o<\/em><\/p>\n\n\n\n<p><strong>Coinvestigadores<\/strong><\/p>\n\n\n\n<p><em>Leandro Hoyos Urrea. Docente e Investigadora Facultad de Dise\u00f1o<\/em><\/p>\n\n\n\n<p><em>Mariana Ospina Ortiz. Docente e Investigadora Facultad de Dise\u00f1o<\/em><\/p>\n\n\n\n<p><em>Cr\u00e9ditos de las im\u00e1genes: Equipo de investigaci\u00f3n<\/em><\/p>\n","protected":false},"excerpt":{"rendered":"<p>Como pare de las actividades de la l\u00ednea de Investigaci\u00f3n Tecnolog\u00eda, Ambiente y Sostenibilidad de la Facultad de Dise\u00f1o y con el fin de aportar al compromiso de la Facultad por la preservaci\u00f3n de la energ\u00eda y el equilibrio (PEP, 2021, P. 31), durante los d\u00edas 22 a 26 de mayo, en el marco del [&hellip;]<\/p>\n","protected":false},"author":4,"featured_media":108041,"comment_status":"open","ping_status":"open","sticky":false,"template":"","format":"standard","meta":{"_acf_changed":false,"advgb_blocks_editor_width":"","advgb_blocks_columns_visual_guide":"","footnotes":""},"categories":[93],"tags":[2698,2696,105,2697,106,2702,2699,2701,2695,2700],"class_list":["post-108036","post","type-post","status-publish","format-standard","has-post-thumbnail","hentry","category-noticias-principales","tag-accion-por-el-clima","tag-agua-limpia-y-saneamiento","tag-arquitectura","tag-ciudades-y-comunidades-sostenibles","tag-facultad-de-diseno","tag-infotep","tag-isla","tag-peama","tag-san-andres","tag-vivienda"],"acf":[],"yoast_head":"<!-- This site is optimized with the Yoast SEO plugin v26.7 - https:\/\/yoast.com\/wordpress\/plugins\/seo\/ -->\n<title>La Facultad de Dise\u00f1o realiz\u00f3 una exploraci\u00f3n de las din\u00e1micas territoriales, culturales y tecnol\u00f3gicas en San Andr\u00e9s Islas - Universidad Cat\u00f3lica De Colombia<\/title>\n<meta name=\"robots\" content=\"index, follow, max-snippet:-1, max-image-preview:large, max-video-preview:-1\" \/>\n<link rel=\"canonical\" href=\"https:\/\/www.ucatolica.edu.co\/portal\/la-facultad-de-diseno-realizo-una-exploracion-de-las-dinamicas-territoriales-culturales-y-tecnologicas-en-san-andres-islas\/\" \/>\n<meta property=\"og:locale\" content=\"es_ES\" \/>\n<meta property=\"og:type\" content=\"article\" \/>\n<meta property=\"og:title\" content=\"La Facultad de Dise\u00f1o realiz\u00f3 una exploraci\u00f3n de las din\u00e1micas territoriales, culturales y tecnol\u00f3gicas en San Andr\u00e9s Islas - Universidad Cat\u00f3lica De Colombia\" \/>\n<meta property=\"og:description\" content=\"Como pare de las actividades de la l\u00ednea de Investigaci\u00f3n Tecnolog\u00eda, Ambiente y Sostenibilidad de la Facultad de Dise\u00f1o y con el fin de aportar al compromiso de la Facultad por la preservaci\u00f3n de la energ\u00eda y el equilibrio (PEP, 2021, P. 31), durante los d\u00edas 22 a 26 de mayo, en el marco del [&hellip;]\" \/>\n<meta property=\"og:url\" content=\"https:\/\/www.ucatolica.edu.co\/portal\/la-facultad-de-diseno-realizo-una-exploracion-de-las-dinamicas-territoriales-culturales-y-tecnologicas-en-san-andres-islas\/\" \/>\n<meta property=\"og:site_name\" content=\"Universidad Cat\u00f3lica De Colombia\" \/>\n<meta property=\"article:publisher\" content=\"https:\/\/www.facebook.com\/ucatolicacolombia\" \/>\n<meta property=\"article:published_time\" content=\"2024-06-11T21:16:37+00:00\" \/>\n<meta property=\"article:modified_time\" content=\"2024-06-11T21:22:23+00:00\" \/>\n<meta property=\"og:image\" content=\"https:\/\/www.ucatolica.edu.co\/portal\/wp-content\/uploads\/2024\/06\/Fotos-OP3933-Noticia-Portada.jpg\" \/>\n\t<meta property=\"og:image:width\" content=\"870\" \/>\n\t<meta property=\"og:image:height\" content=\"522\" \/>\n\t<meta property=\"og:image:type\" content=\"image\/jpeg\" \/>\n<meta name=\"author\" content=\"Cindy Lugo\" \/>\n<meta name=\"twitter:card\" content=\"summary_large_image\" \/>\n<meta name=\"twitter:creator\" content=\"@UCatolicaCol\" \/>\n<meta name=\"twitter:site\" content=\"@UCatolicaCol\" \/>\n<meta name=\"twitter:label1\" content=\"Escrito por\" \/>\n\t<meta name=\"twitter:data1\" content=\"Cindy Lugo\" \/>\n\t<meta name=\"twitter:label2\" content=\"Tiempo de lectura\" \/>\n\t<meta name=\"twitter:data2\" content=\"3 minutos\" \/>\n<script type=\"application\/ld+json\" class=\"yoast-schema-graph\">{\"@context\":\"https:\/\/schema.org\",\"@graph\":[{\"@type\":\"Article\",\"@id\":\"https:\/\/www.ucatolica.edu.co\/portal\/la-facultad-de-diseno-realizo-una-exploracion-de-las-dinamicas-territoriales-culturales-y-tecnologicas-en-san-andres-islas\/#article\",\"isPartOf\":{\"@id\":\"https:\/\/www.ucatolica.edu.co\/portal\/la-facultad-de-diseno-realizo-una-exploracion-de-las-dinamicas-territoriales-culturales-y-tecnologicas-en-san-andres-islas\/\"},\"author\":{\"name\":\"Cindy Lugo\",\"@id\":\"https:\/\/www.ucatolica.edu.co\/portal\/#\/schema\/person\/a7469afff252fba81c6cdc40c80f00b6\"},\"headline\":\"La Facultad de Dise\u00f1o realiz\u00f3 una exploraci\u00f3n de las din\u00e1micas territoriales, culturales y tecnol\u00f3gicas en San Andr\u00e9s Islas\",\"datePublished\":\"2024-06-11T21:16:37+00:00\",\"dateModified\":\"2024-06-11T21:22:23+00:00\",\"mainEntityOfPage\":{\"@id\":\"https:\/\/www.ucatolica.edu.co\/portal\/la-facultad-de-diseno-realizo-una-exploracion-de-las-dinamicas-territoriales-culturales-y-tecnologicas-en-san-andres-islas\/\"},\"wordCount\":537,\"commentCount\":0,\"publisher\":{\"@id\":\"https:\/\/www.ucatolica.edu.co\/portal\/#organization\"},\"image\":{\"@id\":\"https:\/\/www.ucatolica.edu.co\/portal\/la-facultad-de-diseno-realizo-una-exploracion-de-las-dinamicas-territoriales-culturales-y-tecnologicas-en-san-andres-islas\/#primaryimage\"},\"thumbnailUrl\":\"https:\/\/www.ucatolica.edu.co\/portal\/wp-content\/uploads\/2024\/06\/Fotos-OP3933-Noticia-Portada.jpg\",\"keywords\":[\"Acci\u00f3n por el clima\",\"Agua limpia y saneamiento\",\"Arquitectura\",\"Ciudades y comunidades sostenibles\",\"Facultad de Dise\u00f1o\",\"INFOTEP\",\"Isla\",\"PEAMA\",\"San Andr\u00e9s\",\"Vivienda\"],\"articleSection\":[\"Noticias Principales\"],\"inLanguage\":\"es-CO\"},{\"@type\":\"WebPage\",\"@id\":\"https:\/\/www.ucatolica.edu.co\/portal\/la-facultad-de-diseno-realizo-una-exploracion-de-las-dinamicas-territoriales-culturales-y-tecnologicas-en-san-andres-islas\/\",\"url\":\"https:\/\/www.ucatolica.edu.co\/portal\/la-facultad-de-diseno-realizo-una-exploracion-de-las-dinamicas-territoriales-culturales-y-tecnologicas-en-san-andres-islas\/\",\"name\":\"La Facultad de Dise\u00f1o realiz\u00f3 una exploraci\u00f3n de las din\u00e1micas territoriales, culturales y tecnol\u00f3gicas en San Andr\u00e9s Islas - Universidad Cat\u00f3lica De Colombia\",\"isPartOf\":{\"@id\":\"https:\/\/www.ucatolica.edu.co\/portal\/#website\"},\"primaryImageOfPage\":{\"@id\":\"https:\/\/www.ucatolica.edu.co\/portal\/la-facultad-de-diseno-realizo-una-exploracion-de-las-dinamicas-territoriales-culturales-y-tecnologicas-en-san-andres-islas\/#primaryimage\"},\"image\":{\"@id\":\"https:\/\/www.ucatolica.edu.co\/portal\/la-facultad-de-diseno-realizo-una-exploracion-de-las-dinamicas-territoriales-culturales-y-tecnologicas-en-san-andres-islas\/#primaryimage\"},\"thumbnailUrl\":\"https:\/\/www.ucatolica.edu.co\/portal\/wp-content\/uploads\/2024\/06\/Fotos-OP3933-Noticia-Portada.jpg\",\"datePublished\":\"2024-06-11T21:16:37+00:00\",\"dateModified\":\"2024-06-11T21:22:23+00:00\",\"breadcrumb\":{\"@id\":\"https:\/\/www.ucatolica.edu.co\/portal\/la-facultad-de-diseno-realizo-una-exploracion-de-las-dinamicas-territoriales-culturales-y-tecnologicas-en-san-andres-islas\/#breadcrumb\"},\"inLanguage\":\"es-CO\",\"potentialAction\":[{\"@type\":\"ReadAction\",\"target\":[\"https:\/\/www.ucatolica.edu.co\/portal\/la-facultad-de-diseno-realizo-una-exploracion-de-las-dinamicas-territoriales-culturales-y-tecnologicas-en-san-andres-islas\/\"]}]},{\"@type\":\"ImageObject\",\"inLanguage\":\"es-CO\",\"@id\":\"https:\/\/www.ucatolica.edu.co\/portal\/la-facultad-de-diseno-realizo-una-exploracion-de-las-dinamicas-territoriales-culturales-y-tecnologicas-en-san-andres-islas\/#primaryimage\",\"url\":\"https:\/\/www.ucatolica.edu.co\/portal\/wp-content\/uploads\/2024\/06\/Fotos-OP3933-Noticia-Portada.jpg\",\"contentUrl\":\"https:\/\/www.ucatolica.edu.co\/portal\/wp-content\/uploads\/2024\/06\/Fotos-OP3933-Noticia-Portada.jpg\",\"width\":870,\"height\":522,\"caption\":\"Taller de dise\u00f1o comunitario en la Universidad Nacional de Colombia, Sede Caribe\"},{\"@type\":\"BreadcrumbList\",\"@id\":\"https:\/\/www.ucatolica.edu.co\/portal\/la-facultad-de-diseno-realizo-una-exploracion-de-las-dinamicas-territoriales-culturales-y-tecnologicas-en-san-andres-islas\/#breadcrumb\",\"itemListElement\":[{\"@type\":\"ListItem\",\"position\":1,\"name\":\"Inicio\",\"item\":\"https:\/\/www.ucatolica.edu.co\/portal\/\"},{\"@type\":\"ListItem\",\"position\":2,\"name\":\"La Facultad de Dise\u00f1o realiz\u00f3 una exploraci\u00f3n de las din\u00e1micas territoriales, culturales y tecnol\u00f3gicas en San Andr\u00e9s Islas\"}]},{\"@type\":\"WebSite\",\"@id\":\"https:\/\/www.ucatolica.edu.co\/portal\/#website\",\"url\":\"https:\/\/www.ucatolica.edu.co\/portal\/\",\"name\":\"Universidad Cat\u00f3lica De Colombia\",\"description\":\"Universidad Cat\u00f3lica De Colombia\",\"publisher\":{\"@id\":\"https:\/\/www.ucatolica.edu.co\/portal\/#organization\"},\"potentialAction\":[{\"@type\":\"SearchAction\",\"target\":{\"@type\":\"EntryPoint\",\"urlTemplate\":\"https:\/\/www.ucatolica.edu.co\/portal\/?s={search_term_string}\"},\"query-input\":{\"@type\":\"PropertyValueSpecification\",\"valueRequired\":true,\"valueName\":\"search_term_string\"}}],\"inLanguage\":\"es-CO\"},{\"@type\":\"Organization\",\"@id\":\"https:\/\/www.ucatolica.edu.co\/portal\/#organization\",\"name\":\"Universidad Cat\u00f3lica de Colombia\",\"url\":\"https:\/\/www.ucatolica.edu.co\/portal\/\",\"logo\":{\"@type\":\"ImageObject\",\"inLanguage\":\"es-CO\",\"@id\":\"https:\/\/www.ucatolica.edu.co\/portal\/#\/schema\/logo\/image\/\",\"url\":\"https:\/\/www.ucatolica.edu.co\/portal\/wp-content\/uploads\/2021\/06\/logo-header-ho-1.svg\",\"contentUrl\":\"https:\/\/www.ucatolica.edu.co\/portal\/wp-content\/uploads\/2021\/06\/logo-header-ho-1.svg\",\"width\":1,\"height\":1,\"caption\":\"Universidad Cat\u00f3lica de Colombia\"},\"image\":{\"@id\":\"https:\/\/www.ucatolica.edu.co\/portal\/#\/schema\/logo\/image\/\"},\"sameAs\":[\"https:\/\/www.facebook.com\/ucatolicacolombia\",\"https:\/\/x.com\/UCatolicaCol\",\"https:\/\/www.instagram.com\/universidadcatolicadecolombia\/\",\"https:\/\/www.linkedin.com\/company\/universidadcatolicadecolombia\/\",\"https:\/\/www.youtube.com\/user\/UCatolicaCo\"]},{\"@type\":\"Person\",\"@id\":\"https:\/\/www.ucatolica.edu.co\/portal\/#\/schema\/person\/a7469afff252fba81c6cdc40c80f00b6\",\"name\":\"Cindy Lugo\",\"url\":\"https:\/\/www.ucatolica.edu.co\/portal\/author\/cindy\/\"}]}<\/script>\n<!-- \/ Yoast SEO plugin. -->","yoast_head_json":{"title":"La Facultad de Dise\u00f1o realiz\u00f3 una exploraci\u00f3n de las din\u00e1micas territoriales, culturales y tecnol\u00f3gicas en San Andr\u00e9s Islas - Universidad Cat\u00f3lica De Colombia","robots":{"index":"index","follow":"follow","max-snippet":"max-snippet:-1","max-image-preview":"max-image-preview:large","max-video-preview":"max-video-preview:-1"},"canonical":"https:\/\/www.ucatolica.edu.co\/portal\/la-facultad-de-diseno-realizo-una-exploracion-de-las-dinamicas-territoriales-culturales-y-tecnologicas-en-san-andres-islas\/","og_locale":"es_ES","og_type":"article","og_title":"La Facultad de Dise\u00f1o realiz\u00f3 una exploraci\u00f3n de las din\u00e1micas territoriales, culturales y tecnol\u00f3gicas en San Andr\u00e9s Islas - Universidad Cat\u00f3lica De Colombia","og_description":"Como pare de las actividades de la l\u00ednea de Investigaci\u00f3n Tecnolog\u00eda, Ambiente y Sostenibilidad de la Facultad de Dise\u00f1o y con el fin de aportar al compromiso de la Facultad por la preservaci\u00f3n de la energ\u00eda y el equilibrio (PEP, 2021, P. 31), durante los d\u00edas 22 a 26 de mayo, en el marco del [&hellip;]","og_url":"https:\/\/www.ucatolica.edu.co\/portal\/la-facultad-de-diseno-realizo-una-exploracion-de-las-dinamicas-territoriales-culturales-y-tecnologicas-en-san-andres-islas\/","og_site_name":"Universidad Cat\u00f3lica De Colombia","article_publisher":"https:\/\/www.facebook.com\/ucatolicacolombia","article_published_time":"2024-06-11T21:16:37+00:00","article_modified_time":"2024-06-11T21:22:23+00:00","og_image":[{"width":870,"height":522,"url":"https:\/\/www.ucatolica.edu.co\/portal\/wp-content\/uploads\/2024\/06\/Fotos-OP3933-Noticia-Portada.jpg","type":"image\/jpeg"}],"author":"Cindy Lugo","twitter_card":"summary_large_image","twitter_creator":"@UCatolicaCol","twitter_site":"@UCatolicaCol","twitter_misc":{"Escrito por":"Cindy Lugo","Tiempo de lectura":"3 minutos"},"schema":{"@context":"https:\/\/schema.org","@graph":[{"@type":"Article","@id":"https:\/\/www.ucatolica.edu.co\/portal\/la-facultad-de-diseno-realizo-una-exploracion-de-las-dinamicas-territoriales-culturales-y-tecnologicas-en-san-andres-islas\/#article","isPartOf":{"@id":"https:\/\/www.ucatolica.edu.co\/portal\/la-facultad-de-diseno-realizo-una-exploracion-de-las-dinamicas-territoriales-culturales-y-tecnologicas-en-san-andres-islas\/"},"author":{"name":"Cindy Lugo","@id":"https:\/\/www.ucatolica.edu.co\/portal\/#\/schema\/person\/a7469afff252fba81c6cdc40c80f00b6"},"headline":"La Facultad de Dise\u00f1o realiz\u00f3 una exploraci\u00f3n de las din\u00e1micas territoriales, culturales y tecnol\u00f3gicas en San Andr\u00e9s Islas","datePublished":"2024-06-11T21:16:37+00:00","dateModified":"2024-06-11T21:22:23+00:00","mainEntityOfPage":{"@id":"https:\/\/www.ucatolica.edu.co\/portal\/la-facultad-de-diseno-realizo-una-exploracion-de-las-dinamicas-territoriales-culturales-y-tecnologicas-en-san-andres-islas\/"},"wordCount":537,"commentCount":0,"publisher":{"@id":"https:\/\/www.ucatolica.edu.co\/portal\/#organization"},"image":{"@id":"https:\/\/www.ucatolica.edu.co\/portal\/la-facultad-de-diseno-realizo-una-exploracion-de-las-dinamicas-territoriales-culturales-y-tecnologicas-en-san-andres-islas\/#primaryimage"},"thumbnailUrl":"https:\/\/www.ucatolica.edu.co\/portal\/wp-content\/uploads\/2024\/06\/Fotos-OP3933-Noticia-Portada.jpg","keywords":["Acci\u00f3n por el clima","Agua limpia y saneamiento","Arquitectura","Ciudades y comunidades sostenibles","Facultad de Dise\u00f1o","INFOTEP","Isla","PEAMA","San Andr\u00e9s","Vivienda"],"articleSection":["Noticias Principales"],"inLanguage":"es-CO"},{"@type":"WebPage","@id":"https:\/\/www.ucatolica.edu.co\/portal\/la-facultad-de-diseno-realizo-una-exploracion-de-las-dinamicas-territoriales-culturales-y-tecnologicas-en-san-andres-islas\/","url":"https:\/\/www.ucatolica.edu.co\/portal\/la-facultad-de-diseno-realizo-una-exploracion-de-las-dinamicas-territoriales-culturales-y-tecnologicas-en-san-andres-islas\/","name":"La Facultad de Dise\u00f1o realiz\u00f3 una exploraci\u00f3n de las din\u00e1micas territoriales, culturales y tecnol\u00f3gicas en San Andr\u00e9s Islas - Universidad Cat\u00f3lica De Colombia","isPartOf":{"@id":"https:\/\/www.ucatolica.edu.co\/portal\/#website"},"primaryImageOfPage":{"@id":"https:\/\/www.ucatolica.edu.co\/portal\/la-facultad-de-diseno-realizo-una-exploracion-de-las-dinamicas-territoriales-culturales-y-tecnologicas-en-san-andres-islas\/#primaryimage"},"image":{"@id":"https:\/\/www.ucatolica.edu.co\/portal\/la-facultad-de-diseno-realizo-una-exploracion-de-las-dinamicas-territoriales-culturales-y-tecnologicas-en-san-andres-islas\/#primaryimage"},"thumbnailUrl":"https:\/\/www.ucatolica.edu.co\/portal\/wp-content\/uploads\/2024\/06\/Fotos-OP3933-Noticia-Portada.jpg","datePublished":"2024-06-11T21:16:37+00:00","dateModified":"2024-06-11T21:22:23+00:00","breadcrumb":{"@id":"https:\/\/www.ucatolica.edu.co\/portal\/la-facultad-de-diseno-realizo-una-exploracion-de-las-dinamicas-territoriales-culturales-y-tecnologicas-en-san-andres-islas\/#breadcrumb"},"inLanguage":"es-CO","potentialAction":[{"@type":"ReadAction","target":["https:\/\/www.ucatolica.edu.co\/portal\/la-facultad-de-diseno-realizo-una-exploracion-de-las-dinamicas-territoriales-culturales-y-tecnologicas-en-san-andres-islas\/"]}]},{"@type":"ImageObject","inLanguage":"es-CO","@id":"https:\/\/www.ucatolica.edu.co\/portal\/la-facultad-de-diseno-realizo-una-exploracion-de-las-dinamicas-territoriales-culturales-y-tecnologicas-en-san-andres-islas\/#primaryimage","url":"https:\/\/www.ucatolica.edu.co\/portal\/wp-content\/uploads\/2024\/06\/Fotos-OP3933-Noticia-Portada.jpg","contentUrl":"https:\/\/www.ucatolica.edu.co\/portal\/wp-content\/uploads\/2024\/06\/Fotos-OP3933-Noticia-Portada.jpg","width":870,"height":522,"caption":"Taller de dise\u00f1o comunitario en la Universidad Nacional de Colombia, Sede Caribe"},{"@type":"BreadcrumbList","@id":"https:\/\/www.ucatolica.edu.co\/portal\/la-facultad-de-diseno-realizo-una-exploracion-de-las-dinamicas-territoriales-culturales-y-tecnologicas-en-san-andres-islas\/#breadcrumb","itemListElement":[{"@type":"ListItem","position":1,"name":"Inicio","item":"https:\/\/www.ucatolica.edu.co\/portal\/"},{"@type":"ListItem","position":2,"name":"La Facultad de Dise\u00f1o realiz\u00f3 una exploraci\u00f3n de las din\u00e1micas territoriales, culturales y tecnol\u00f3gicas en San Andr\u00e9s Islas"}]},{"@type":"WebSite","@id":"https:\/\/www.ucatolica.edu.co\/portal\/#website","url":"https:\/\/www.ucatolica.edu.co\/portal\/","name":"Universidad Cat\u00f3lica De Colombia","description":"Universidad Cat\u00f3lica De Colombia","publisher":{"@id":"https:\/\/www.ucatolica.edu.co\/portal\/#organization"},"potentialAction":[{"@type":"SearchAction","target":{"@type":"EntryPoint","urlTemplate":"https:\/\/www.ucatolica.edu.co\/portal\/?s={search_term_string}"},"query-input":{"@type":"PropertyValueSpecification","valueRequired":true,"valueName":"search_term_string"}}],"inLanguage":"es-CO"},{"@type":"Organization","@id":"https:\/\/www.ucatolica.edu.co\/portal\/#organization","name":"Universidad Cat\u00f3lica de Colombia","url":"https:\/\/www.ucatolica.edu.co\/portal\/","logo":{"@type":"ImageObject","inLanguage":"es-CO","@id":"https:\/\/www.ucatolica.edu.co\/portal\/#\/schema\/logo\/image\/","url":"https:\/\/www.ucatolica.edu.co\/portal\/wp-content\/uploads\/2021\/06\/logo-header-ho-1.svg","contentUrl":"https:\/\/www.ucatolica.edu.co\/portal\/wp-content\/uploads\/2021\/06\/logo-header-ho-1.svg","width":1,"height":1,"caption":"Universidad Cat\u00f3lica de Colombia"},"image":{"@id":"https:\/\/www.ucatolica.edu.co\/portal\/#\/schema\/logo\/image\/"},"sameAs":["https:\/\/www.facebook.com\/ucatolicacolombia","https:\/\/x.com\/UCatolicaCol","https:\/\/www.instagram.com\/universidadcatolicadecolombia\/","https:\/\/www.linkedin.com\/company\/universidadcatolicadecolombia\/","https:\/\/www.youtube.com\/user\/UCatolicaCo"]},{"@type":"Person","@id":"https:\/\/www.ucatolica.edu.co\/portal\/#\/schema\/person\/a7469afff252fba81c6cdc40c80f00b6","name":"Cindy Lugo","url":"https:\/\/www.ucatolica.edu.co\/portal\/author\/cindy\/"}]}},"author_meta":{"display_name":"Cindy Lugo","author_link":"https:\/\/www.ucatolica.edu.co\/portal\/author\/cindy\/"},"featured_img":"https:\/\/www.ucatolica.edu.co\/portal\/wp-content\/uploads\/2024\/06\/Fotos-OP3933-Noticia-Portada.jpg","coauthors":[],"tax_additional":{"categories":{"linked":["<a href=\"https:\/\/www.ucatolica.edu.co\/portal\/category\/noticias-principales\/\" class=\"advgb-post-tax-term\">Noticias Principales<\/a>"],"unlinked":["<span class=\"advgb-post-tax-term\">Noticias Principales<\/span>"]},"tags":{"linked":["<a href=\"https:\/\/www.ucatolica.edu.co\/portal\/category\/noticias-principales\/\" class=\"advgb-post-tax-term\">Acci\u00f3n por el clima<\/a>","<a href=\"https:\/\/www.ucatolica.edu.co\/portal\/category\/noticias-principales\/\" class=\"advgb-post-tax-term\">Agua limpia y saneamiento<\/a>","<a href=\"https:\/\/www.ucatolica.edu.co\/portal\/category\/noticias-principales\/\" class=\"advgb-post-tax-term\">Arquitectura<\/a>","<a href=\"https:\/\/www.ucatolica.edu.co\/portal\/category\/noticias-principales\/\" class=\"advgb-post-tax-term\">Ciudades y comunidades sostenibles<\/a>","<a href=\"https:\/\/www.ucatolica.edu.co\/portal\/category\/noticias-principales\/\" class=\"advgb-post-tax-term\">Facultad de Dise\u00f1o<\/a>","<a href=\"https:\/\/www.ucatolica.edu.co\/portal\/category\/noticias-principales\/\" class=\"advgb-post-tax-term\">INFOTEP<\/a>","<a href=\"https:\/\/www.ucatolica.edu.co\/portal\/category\/noticias-principales\/\" class=\"advgb-post-tax-term\">Isla<\/a>","<a href=\"https:\/\/www.ucatolica.edu.co\/portal\/category\/noticias-principales\/\" class=\"advgb-post-tax-term\">PEAMA<\/a>","<a href=\"https:\/\/www.ucatolica.edu.co\/portal\/category\/noticias-principales\/\" class=\"advgb-post-tax-term\">San Andr\u00e9s<\/a>","<a href=\"https:\/\/www.ucatolica.edu.co\/portal\/category\/noticias-principales\/\" class=\"advgb-post-tax-term\">Vivienda<\/a>"],"unlinked":["<span class=\"advgb-post-tax-term\">Acci\u00f3n por el clima<\/span>","<span class=\"advgb-post-tax-term\">Agua limpia y saneamiento<\/span>","<span class=\"advgb-post-tax-term\">Arquitectura<\/span>","<span class=\"advgb-post-tax-term\">Ciudades y comunidades sostenibles<\/span>","<span class=\"advgb-post-tax-term\">Facultad de Dise\u00f1o<\/span>","<span class=\"advgb-post-tax-term\">INFOTEP<\/span>","<span class=\"advgb-post-tax-term\">Isla<\/span>","<span class=\"advgb-post-tax-term\">PEAMA<\/span>","<span class=\"advgb-post-tax-term\">San Andr\u00e9s<\/span>","<span class=\"advgb-post-tax-term\">Vivienda<\/span>"]}},"comment_count":"0","relative_dates":{"created":"Posted 2 a\u00f1os ago","modified":"Updated 2 a\u00f1os ago"},"absolute_dates":{"created":"Posted on 11 junio, 2024","modified":"Updated on 11 junio, 2024"},"absolute_dates_time":{"created":"Posted on 11 junio, 2024 4:16 pm","modified":"Updated on 11 junio, 2024 4:22 pm"},"featured_img_caption":"","series_order":"","_links":{"self":[{"href":"https:\/\/www.ucatolica.edu.co\/portal\/wp-json\/wp\/v2\/posts\/108036","targetHints":{"allow":["GET"]}}],"collection":[{"href":"https:\/\/www.ucatolica.edu.co\/portal\/wp-json\/wp\/v2\/posts"}],"about":[{"href":"https:\/\/www.ucatolica.edu.co\/portal\/wp-json\/wp\/v2\/types\/post"}],"author":[{"embeddable":true,"href":"https:\/\/www.ucatolica.edu.co\/portal\/wp-json\/wp\/v2\/users\/4"}],"replies":[{"embeddable":true,"href":"https:\/\/www.ucatolica.edu.co\/portal\/wp-json\/wp\/v2\/comments?post=108036"}],"version-history":[{"count":5,"href":"https:\/\/www.ucatolica.edu.co\/portal\/wp-json\/wp\/v2\/posts\/108036\/revisions"}],"predecessor-version":[{"id":108046,"href":"https:\/\/www.ucatolica.edu.co\/portal\/wp-json\/wp\/v2\/posts\/108036\/revisions\/108046"}],"wp:featuredmedia":[{"embeddable":true,"href":"https:\/\/www.ucatolica.edu.co\/portal\/wp-json\/wp\/v2\/media\/108041"}],"wp:attachment":[{"href":"https:\/\/www.ucatolica.edu.co\/portal\/wp-json\/wp\/v2\/media?parent=108036"}],"wp:term":[{"taxonomy":"category","embeddable":true,"href":"https:\/\/www.ucatolica.edu.co\/portal\/wp-json\/wp\/v2\/categories?post=108036"},{"taxonomy":"post_tag","embeddable":true,"href":"https:\/\/www.ucatolica.edu.co\/portal\/wp-json\/wp\/v2\/tags?post=108036"}],"curies":[{"name":"wp","href":"https:\/\/api.w.org\/{rel}","templated":true}]}}