{"id":108117,"date":"2024-06-21T11:30:08","date_gmt":"2024-06-21T16:30:08","guid":{"rendered":"https:\/\/www.ucatolica.edu.co\/portal\/?p=108117"},"modified":"2024-06-28T16:37:55","modified_gmt":"2024-06-28T21:37:55","slug":"inscripciones-abiertas-para-los-cursos-de-verano-de-la-facultad-de-ingenieria-2024-2","status":"publish","type":"post","link":"https:\/\/www.ucatolica.edu.co\/portal\/inscripciones-abiertas-para-los-cursos-de-verano-de-la-facultad-de-ingenieria-2024-2\/","title":{"rendered":"\u00a1Inscripciones abiertas para los Cursos de Verano de la Facultad de Ingenier\u00eda 2024-2!"},"content":{"rendered":"\n<p>La&nbsp;<strong>Coordinaci\u00f3n de Educaci\u00f3n Continuada<\/strong>&nbsp;y la&nbsp;<strong>Facultad de Ingenier\u00eda de la Universidad Cat\u00f3lica de Colombia<\/strong>&nbsp;invitan a la comunidad acad\u00e9mica a participar en los Cursos de Verano que se ofertan en el periodo de julio de 2024. Estos cursos son de&nbsp;<strong>modalidad online<\/strong>&nbsp;<strong>y presencial<\/strong>&nbsp;para estudiantes, profesores, administrativos y egresados de la Instituci\u00f3n y , en el evento de requerir constancia de asistencia, deben preguntar por los costos de inversi\u00f3n al tel\u00e9fono 4433700 Exts: 1089- 3292 o escribir al correo&nbsp;<mark><em><strong>educacion_continuada@ucatolica.edu.co.<\/strong><\/em><\/mark><\/p>\n\n\n\n<p><em>Lo anterior, no es v\u00e1lido para particulares a quienes se les expedir\u00e1 recibo de pago acorde con los costos de inversi\u00f3n.<\/em><\/p>\n\n\n\n<p><em>\u201cEstos costos no est\u00e1n sujetos a la aplicaci\u00f3n de descuentos por tratarse de tarifas \u00fanicas para la comunidad interna y externa\u201d<\/em><\/p>\n\n\n\n<p>La oferta acad\u00e9mica es la siguiente:<\/p>\n\n\n\n<figure class=\"wp-block-table\"><table><tbody><tr><td><strong>Nombre del curso<\/strong><\/td><td><strong>N\u00famero de horas<\/strong><\/td><td><strong>Fecha de inicio<\/strong><\/td><td><strong>Fecha de finalizaci\u00f3n<\/strong><\/td><td><strong>Horario<\/strong><\/td><td><strong>Franja<\/strong><\/td><\/tr><tr><td>Phyton desde cero. <em>(Virtual)<\/em><\/td><td>20<\/td><td>24 de junio<\/td><td>8 de julio<\/td><td>6:00p.m. a 8:00 p.m.<\/td><td>Lunes a viernes<\/td><\/tr><tr><td>Desarrollo de m\u00f3viles. <em>(Virtual)<\/em><\/td><td>20<\/td><td>24 de junio<\/td><td>8 de julio<\/td><td>8:00 a.m. a 10:00 a.m.<\/td><td>Lunes a viernes<\/td><\/tr><tr><td>Administraci\u00f3n de proyectos y gesti\u00f3n organizacional. <em>(Virtual)<\/em><\/td><td>25<\/td><td>24 de junio<\/td><td>28 de junio<\/td><td>7:00 a.m. a 12:00 m.<\/td><td>Lunes a viernes<\/td><\/tr><tr><td>Gesti\u00f3n estrat\u00e9gica de costos. <em>(Virtual)<\/em><\/td><td>20<\/td><td>24 de junio<\/td><td>28 de junio<\/td><td>6:00 p.m. a 10:00 p.m.<\/td><td>Lunes a viernes<\/td><\/tr><tr><td>Excel, \u00bfc\u00f3mo sacar m\u00e1s provecho de esta herramienta?. <em>(Presencial)<\/em><\/td><td>24<\/td><td>2 de julio<\/td><td>25 de julio<\/td><td>8:00 a.m. a 10:00 a.m.<\/td><td>Martes a jueves<\/td><\/tr><tr><td>An\u00e1lisis y dise\u00f1o b\u00e1sico de edificios de concreto reforzado en SAP2000. <em>(H\u00edbrida)<\/em><\/td><td>16<\/td><td>8 de julio<\/td><td>11 de julio<\/td><td>6:00 p.m. a 10:00 p.m.<\/td><td>Lunes a viernes<\/td><\/tr><tr><td>Curso Taller: AUTOCAD BEGINNER. <em>(Presencial)<\/em><\/td><td>24<\/td><td>2 de julio<\/td><td>11 de julio<\/td><td>9:00 a.m. a 12:00 m.<\/td><td>Lunes a viernes<\/td><\/tr><tr><td>Introducci\u00f3n a los suelos parcialmente saturados. <em>(Remoto)<\/em><\/td><td>10<\/td><td>8 de julio<\/td><td>12 de julio<\/td><td>6:00 p.m. a 8:00 p.m.<\/td><td>Lunes a viernes<\/td><\/tr><tr><td>Introducci\u00f3n a la metodolog\u00eda de la investigaci\u00f3n. <em>(Remoto)<\/em><\/td><td>16<\/td><td>24 de junio<\/td><td>4 de julio<\/td><td>7:00 a.m. a 9:00 a.m.<\/td><td>Lunes a viernes<\/td><\/tr><tr><td>Multisim <\/td><td>20<\/td><td>17 de junio<\/td><td>21 de junio<\/td><td>2:00 p.m. a 6:00 p.m.<\/td><td>Lunes a viernes<\/td><\/tr><tr><td>TIA Portal <\/td><td>18<\/td><td>2 de julio<\/td><td>9 de julio<\/td><td>5:00 p.m. a 8:00 p.m.<\/td><td>Lunes a viernes<\/td><\/tr><tr><td>Modelaci\u00f3n de sistemas de drenaje y redes de alcantarillado. <em>(Remoto)<\/em><\/td><td>12<\/td><td>24 de junio<\/td><td>3 de julio<\/td><td>6:00 p.m. a 10:00 p.m.<\/td><td>Lunes y mi\u00e9rcoles<\/td><\/tr><tr><td>Metodolog\u00eda de la Investigaci\u00f3n. <em>(Remoto)<\/em><\/td><td>12<\/td><td>12 de junio<\/td><td>26 de junio<\/td><td>5:30 p.m. a 9:30 p.m.<\/td><td>Viernes<\/td><\/tr><tr><td>Metodolog\u00eda de la Investigaci\u00f3n. <em>(Remoto)<\/em><\/td><td>12<\/td><td>14 de junio<\/td><td>28 de junio<\/td><td>5:30 p.m. a 9:30 p.m.<\/td><td>Mi\u00e9rcoles<\/td><\/tr><tr><td>Fundamentos de la seguridad. <em>(Virtual)<\/em><\/td><td>15<\/td><td>26 de junio<\/td><td>3 de julio<\/td><td>8:00 a.m. a 11:00 a.m.<\/td><td>Lunes a viernes<\/td><\/tr><tr><td>Dise\u00f1o de pavimentos flexibles con enfoque mecanicista. <em>(Virtual)<\/em><\/td><td>16<\/td><td>17 de junio<\/td><td>28 de junio<\/td><td>6:00 p.m. a 10:00 p.m.<\/td><td><\/td><\/tr><\/tbody><\/table><\/figure>\n\n\n\n<p>Las personas interesadas, pueden inscribirse&nbsp;<strong><a href=\"https:\/\/forms.office.com\/r\/GyxN2YervR?origin=lprLink\">aqu\u00ed.<\/a><\/strong><\/p>\n\n\n\n<p><em><strong>La Universidad Cat\u00f3lica de Colombia podr\u00e1 cancelar o posponer la realizaci\u00f3n del evento cuando no haya el n\u00famero m\u00ednimo de participantes<\/strong>.<\/em><\/p>\n\n\n\n<p><strong>Informes:<\/strong><\/p>\n\n\n\n<p>Direcci\u00f3n de Extensi\u00f3n<br>Coordinaci\u00f3n de Educaci\u00f3n Continuada<br>(601) 4433700 Ext. 3292 -1089 \u2013 1090 \u2013 Cel. 3183240520 Whatsapp<br>Diagonal 46 No. 15B \u2013 18. Bogot\u00e1, Colombia<\/p>\n","protected":false},"excerpt":{"rendered":"<p>La&nbsp;Coordinaci\u00f3n de Educaci\u00f3n Continuada&nbsp;y la&nbsp;Facultad de Ingenier\u00eda de la Universidad Cat\u00f3lica de Colombia&nbsp;invitan a la comunidad acad\u00e9mica a participar en los Cursos de Verano que se ofertan en el periodo de julio de 2024. Estos cursos son de&nbsp;modalidad online&nbsp;y presencial&nbsp;para estudiantes, profesores, administrativos y egresados de la Instituci\u00f3n y , en el evento de requerir [&hellip;]<\/p>\n","protected":false},"author":4,"featured_media":108216,"comment_status":"open","ping_status":"open","sticky":false,"template":"","format":"standard","meta":{"_acf_changed":false,"advgb_blocks_editor_width":"","advgb_blocks_columns_visual_guide":"","footnotes":""},"categories":[84,93],"tags":[1217,1100,483],"class_list":["post-108117","post","type-post","status-publish","format-standard","has-post-thumbnail","hentry","category-facultad-de-ingenieria","category-noticias-principales","tag-cursos-de-verano","tag-educacion-continuada","tag-facultad-de-ingenieria"],"acf":[],"yoast_head":"<!-- This site is optimized with the Yoast SEO plugin v26.7 - https:\/\/yoast.com\/wordpress\/plugins\/seo\/ -->\n<title>\u00a1Inscripciones abiertas para los Cursos de Verano de la Facultad de Ingenier\u00eda 2024-2! - Universidad Cat\u00f3lica De Colombia<\/title>\n<meta name=\"robots\" content=\"index, follow, max-snippet:-1, max-image-preview:large, max-video-preview:-1\" \/>\n<link rel=\"canonical\" href=\"https:\/\/www.ucatolica.edu.co\/portal\/inscripciones-abiertas-para-los-cursos-de-verano-de-la-facultad-de-ingenieria-2024-2\/\" \/>\n<meta property=\"og:locale\" content=\"es_ES\" \/>\n<meta property=\"og:type\" content=\"article\" \/>\n<meta property=\"og:title\" content=\"\u00a1Inscripciones abiertas para los Cursos de Verano de la Facultad de Ingenier\u00eda 2024-2! - Universidad Cat\u00f3lica De Colombia\" \/>\n<meta property=\"og:description\" content=\"La&nbsp;Coordinaci\u00f3n de Educaci\u00f3n Continuada&nbsp;y la&nbsp;Facultad de Ingenier\u00eda de la Universidad Cat\u00f3lica de Colombia&nbsp;invitan a la comunidad acad\u00e9mica a participar en los Cursos de Verano que se ofertan en el periodo de julio de 2024. Estos cursos son de&nbsp;modalidad online&nbsp;y presencial&nbsp;para estudiantes, profesores, administrativos y egresados de la Instituci\u00f3n y , en el evento de requerir [&hellip;]\" \/>\n<meta property=\"og:url\" content=\"https:\/\/www.ucatolica.edu.co\/portal\/inscripciones-abiertas-para-los-cursos-de-verano-de-la-facultad-de-ingenieria-2024-2\/\" \/>\n<meta property=\"og:site_name\" content=\"Universidad Cat\u00f3lica De Colombia\" \/>\n<meta property=\"article:publisher\" content=\"https:\/\/www.facebook.com\/ucatolicacolombia\" \/>\n<meta property=\"article:published_time\" content=\"2024-06-21T16:30:08+00:00\" \/>\n<meta property=\"article:modified_time\" content=\"2024-06-28T21:37:55+00:00\" \/>\n<meta property=\"og:image\" content=\"https:\/\/www.ucatolica.edu.co\/portal\/wp-content\/uploads\/2024\/06\/Cursos-de-verano-ingenieria.jpg\" \/>\n\t<meta property=\"og:image:width\" content=\"870\" \/>\n\t<meta property=\"og:image:height\" content=\"522\" \/>\n\t<meta property=\"og:image:type\" content=\"image\/jpeg\" \/>\n<meta name=\"author\" content=\"Cindy Lugo\" \/>\n<meta name=\"twitter:card\" content=\"summary_large_image\" \/>\n<meta name=\"twitter:creator\" content=\"@UCatolicaCol\" \/>\n<meta name=\"twitter:site\" content=\"@UCatolicaCol\" \/>\n<meta name=\"twitter:label1\" content=\"Escrito por\" \/>\n\t<meta name=\"twitter:data1\" content=\"Cindy Lugo\" \/>\n\t<meta name=\"twitter:label2\" content=\"Tiempo de lectura\" \/>\n\t<meta name=\"twitter:data2\" content=\"3 minutos\" \/>\n<script type=\"application\/ld+json\" class=\"yoast-schema-graph\">{\"@context\":\"https:\/\/schema.org\",\"@graph\":[{\"@type\":\"Article\",\"@id\":\"https:\/\/www.ucatolica.edu.co\/portal\/inscripciones-abiertas-para-los-cursos-de-verano-de-la-facultad-de-ingenieria-2024-2\/#article\",\"isPartOf\":{\"@id\":\"https:\/\/www.ucatolica.edu.co\/portal\/inscripciones-abiertas-para-los-cursos-de-verano-de-la-facultad-de-ingenieria-2024-2\/\"},\"author\":{\"name\":\"Cindy Lugo\",\"@id\":\"https:\/\/www.ucatolica.edu.co\/portal\/#\/schema\/person\/a7469afff252fba81c6cdc40c80f00b6\"},\"headline\":\"\u00a1Inscripciones abiertas para los Cursos de Verano de la Facultad de Ingenier\u00eda 2024-2!\",\"datePublished\":\"2024-06-21T16:30:08+00:00\",\"dateModified\":\"2024-06-28T21:37:55+00:00\",\"mainEntityOfPage\":{\"@id\":\"https:\/\/www.ucatolica.edu.co\/portal\/inscripciones-abiertas-para-los-cursos-de-verano-de-la-facultad-de-ingenieria-2024-2\/\"},\"wordCount\":536,\"commentCount\":0,\"publisher\":{\"@id\":\"https:\/\/www.ucatolica.edu.co\/portal\/#organization\"},\"image\":{\"@id\":\"https:\/\/www.ucatolica.edu.co\/portal\/inscripciones-abiertas-para-los-cursos-de-verano-de-la-facultad-de-ingenieria-2024-2\/#primaryimage\"},\"thumbnailUrl\":\"https:\/\/www.ucatolica.edu.co\/portal\/wp-content\/uploads\/2024\/06\/Cursos-de-verano-ingenieria.jpg\",\"keywords\":[\"Cursos de Verano\",\"Educaci\u00f3n Continuada\",\"Facultad de Ingenier\u00eda\"],\"articleSection\":[\"Facultad de Ingenier\u00eda\",\"Noticias Principales\"],\"inLanguage\":\"es-CO\"},{\"@type\":\"WebPage\",\"@id\":\"https:\/\/www.ucatolica.edu.co\/portal\/inscripciones-abiertas-para-los-cursos-de-verano-de-la-facultad-de-ingenieria-2024-2\/\",\"url\":\"https:\/\/www.ucatolica.edu.co\/portal\/inscripciones-abiertas-para-los-cursos-de-verano-de-la-facultad-de-ingenieria-2024-2\/\",\"name\":\"\u00a1Inscripciones abiertas para los Cursos de Verano de la Facultad de Ingenier\u00eda 2024-2! - Universidad Cat\u00f3lica De Colombia\",\"isPartOf\":{\"@id\":\"https:\/\/www.ucatolica.edu.co\/portal\/#website\"},\"primaryImageOfPage\":{\"@id\":\"https:\/\/www.ucatolica.edu.co\/portal\/inscripciones-abiertas-para-los-cursos-de-verano-de-la-facultad-de-ingenieria-2024-2\/#primaryimage\"},\"image\":{\"@id\":\"https:\/\/www.ucatolica.edu.co\/portal\/inscripciones-abiertas-para-los-cursos-de-verano-de-la-facultad-de-ingenieria-2024-2\/#primaryimage\"},\"thumbnailUrl\":\"https:\/\/www.ucatolica.edu.co\/portal\/wp-content\/uploads\/2024\/06\/Cursos-de-verano-ingenieria.jpg\",\"datePublished\":\"2024-06-21T16:30:08+00:00\",\"dateModified\":\"2024-06-28T21:37:55+00:00\",\"breadcrumb\":{\"@id\":\"https:\/\/www.ucatolica.edu.co\/portal\/inscripciones-abiertas-para-los-cursos-de-verano-de-la-facultad-de-ingenieria-2024-2\/#breadcrumb\"},\"inLanguage\":\"es-CO\",\"potentialAction\":[{\"@type\":\"ReadAction\",\"target\":[\"https:\/\/www.ucatolica.edu.co\/portal\/inscripciones-abiertas-para-los-cursos-de-verano-de-la-facultad-de-ingenieria-2024-2\/\"]}]},{\"@type\":\"ImageObject\",\"inLanguage\":\"es-CO\",\"@id\":\"https:\/\/www.ucatolica.edu.co\/portal\/inscripciones-abiertas-para-los-cursos-de-verano-de-la-facultad-de-ingenieria-2024-2\/#primaryimage\",\"url\":\"https:\/\/www.ucatolica.edu.co\/portal\/wp-content\/uploads\/2024\/06\/Cursos-de-verano-ingenieria.jpg\",\"contentUrl\":\"https:\/\/www.ucatolica.edu.co\/portal\/wp-content\/uploads\/2024\/06\/Cursos-de-verano-ingenieria.jpg\",\"width\":870,\"height\":522,\"caption\":\"Cursos de verano ingenieria\"},{\"@type\":\"BreadcrumbList\",\"@id\":\"https:\/\/www.ucatolica.edu.co\/portal\/inscripciones-abiertas-para-los-cursos-de-verano-de-la-facultad-de-ingenieria-2024-2\/#breadcrumb\",\"itemListElement\":[{\"@type\":\"ListItem\",\"position\":1,\"name\":\"Inicio\",\"item\":\"https:\/\/www.ucatolica.edu.co\/portal\/\"},{\"@type\":\"ListItem\",\"position\":2,\"name\":\"\u00a1Inscripciones abiertas para los Cursos de Verano de la Facultad de Ingenier\u00eda 2024-2!\"}]},{\"@type\":\"WebSite\",\"@id\":\"https:\/\/www.ucatolica.edu.co\/portal\/#website\",\"url\":\"https:\/\/www.ucatolica.edu.co\/portal\/\",\"name\":\"Universidad Cat\u00f3lica De Colombia\",\"description\":\"Universidad Cat\u00f3lica De Colombia\",\"publisher\":{\"@id\":\"https:\/\/www.ucatolica.edu.co\/portal\/#organization\"},\"potentialAction\":[{\"@type\":\"SearchAction\",\"target\":{\"@type\":\"EntryPoint\",\"urlTemplate\":\"https:\/\/www.ucatolica.edu.co\/portal\/?s={search_term_string}\"},\"query-input\":{\"@type\":\"PropertyValueSpecification\",\"valueRequired\":true,\"valueName\":\"search_term_string\"}}],\"inLanguage\":\"es-CO\"},{\"@type\":\"Organization\",\"@id\":\"https:\/\/www.ucatolica.edu.co\/portal\/#organization\",\"name\":\"Universidad Cat\u00f3lica de Colombia\",\"url\":\"https:\/\/www.ucatolica.edu.co\/portal\/\",\"logo\":{\"@type\":\"ImageObject\",\"inLanguage\":\"es-CO\",\"@id\":\"https:\/\/www.ucatolica.edu.co\/portal\/#\/schema\/logo\/image\/\",\"url\":\"https:\/\/www.ucatolica.edu.co\/portal\/wp-content\/uploads\/2021\/06\/logo-header-ho-1.svg\",\"contentUrl\":\"https:\/\/www.ucatolica.edu.co\/portal\/wp-content\/uploads\/2021\/06\/logo-header-ho-1.svg\",\"width\":1,\"height\":1,\"caption\":\"Universidad Cat\u00f3lica de Colombia\"},\"image\":{\"@id\":\"https:\/\/www.ucatolica.edu.co\/portal\/#\/schema\/logo\/image\/\"},\"sameAs\":[\"https:\/\/www.facebook.com\/ucatolicacolombia\",\"https:\/\/x.com\/UCatolicaCol\",\"https:\/\/www.instagram.com\/universidadcatolicadecolombia\/\",\"https:\/\/www.linkedin.com\/company\/universidadcatolicadecolombia\/\",\"https:\/\/www.youtube.com\/user\/UCatolicaCo\"]},{\"@type\":\"Person\",\"@id\":\"https:\/\/www.ucatolica.edu.co\/portal\/#\/schema\/person\/a7469afff252fba81c6cdc40c80f00b6\",\"name\":\"Cindy Lugo\",\"url\":\"https:\/\/www.ucatolica.edu.co\/portal\/author\/cindy\/\"}]}<\/script>\n<!-- \/ Yoast SEO plugin. -->","yoast_head_json":{"title":"\u00a1Inscripciones abiertas para los Cursos de Verano de la Facultad de Ingenier\u00eda 2024-2! - Universidad Cat\u00f3lica De Colombia","robots":{"index":"index","follow":"follow","max-snippet":"max-snippet:-1","max-image-preview":"max-image-preview:large","max-video-preview":"max-video-preview:-1"},"canonical":"https:\/\/www.ucatolica.edu.co\/portal\/inscripciones-abiertas-para-los-cursos-de-verano-de-la-facultad-de-ingenieria-2024-2\/","og_locale":"es_ES","og_type":"article","og_title":"\u00a1Inscripciones abiertas para los Cursos de Verano de la Facultad de Ingenier\u00eda 2024-2! - Universidad Cat\u00f3lica De Colombia","og_description":"La&nbsp;Coordinaci\u00f3n de Educaci\u00f3n Continuada&nbsp;y la&nbsp;Facultad de Ingenier\u00eda de la Universidad Cat\u00f3lica de Colombia&nbsp;invitan a la comunidad acad\u00e9mica a participar en los Cursos de Verano que se ofertan en el periodo de julio de 2024. Estos cursos son de&nbsp;modalidad online&nbsp;y presencial&nbsp;para estudiantes, profesores, administrativos y egresados de la Instituci\u00f3n y , en el evento de requerir [&hellip;]","og_url":"https:\/\/www.ucatolica.edu.co\/portal\/inscripciones-abiertas-para-los-cursos-de-verano-de-la-facultad-de-ingenieria-2024-2\/","og_site_name":"Universidad Cat\u00f3lica De Colombia","article_publisher":"https:\/\/www.facebook.com\/ucatolicacolombia","article_published_time":"2024-06-21T16:30:08+00:00","article_modified_time":"2024-06-28T21:37:55+00:00","og_image":[{"width":870,"height":522,"url":"https:\/\/www.ucatolica.edu.co\/portal\/wp-content\/uploads\/2024\/06\/Cursos-de-verano-ingenieria.jpg","type":"image\/jpeg"}],"author":"Cindy Lugo","twitter_card":"summary_large_image","twitter_creator":"@UCatolicaCol","twitter_site":"@UCatolicaCol","twitter_misc":{"Escrito por":"Cindy Lugo","Tiempo de lectura":"3 minutos"},"schema":{"@context":"https:\/\/schema.org","@graph":[{"@type":"Article","@id":"https:\/\/www.ucatolica.edu.co\/portal\/inscripciones-abiertas-para-los-cursos-de-verano-de-la-facultad-de-ingenieria-2024-2\/#article","isPartOf":{"@id":"https:\/\/www.ucatolica.edu.co\/portal\/inscripciones-abiertas-para-los-cursos-de-verano-de-la-facultad-de-ingenieria-2024-2\/"},"author":{"name":"Cindy Lugo","@id":"https:\/\/www.ucatolica.edu.co\/portal\/#\/schema\/person\/a7469afff252fba81c6cdc40c80f00b6"},"headline":"\u00a1Inscripciones abiertas para los Cursos de Verano de la Facultad de Ingenier\u00eda 2024-2!","datePublished":"2024-06-21T16:30:08+00:00","dateModified":"2024-06-28T21:37:55+00:00","mainEntityOfPage":{"@id":"https:\/\/www.ucatolica.edu.co\/portal\/inscripciones-abiertas-para-los-cursos-de-verano-de-la-facultad-de-ingenieria-2024-2\/"},"wordCount":536,"commentCount":0,"publisher":{"@id":"https:\/\/www.ucatolica.edu.co\/portal\/#organization"},"image":{"@id":"https:\/\/www.ucatolica.edu.co\/portal\/inscripciones-abiertas-para-los-cursos-de-verano-de-la-facultad-de-ingenieria-2024-2\/#primaryimage"},"thumbnailUrl":"https:\/\/www.ucatolica.edu.co\/portal\/wp-content\/uploads\/2024\/06\/Cursos-de-verano-ingenieria.jpg","keywords":["Cursos de Verano","Educaci\u00f3n Continuada","Facultad de Ingenier\u00eda"],"articleSection":["Facultad de Ingenier\u00eda","Noticias Principales"],"inLanguage":"es-CO"},{"@type":"WebPage","@id":"https:\/\/www.ucatolica.edu.co\/portal\/inscripciones-abiertas-para-los-cursos-de-verano-de-la-facultad-de-ingenieria-2024-2\/","url":"https:\/\/www.ucatolica.edu.co\/portal\/inscripciones-abiertas-para-los-cursos-de-verano-de-la-facultad-de-ingenieria-2024-2\/","name":"\u00a1Inscripciones abiertas para los Cursos de Verano de la Facultad de Ingenier\u00eda 2024-2! - Universidad Cat\u00f3lica De Colombia","isPartOf":{"@id":"https:\/\/www.ucatolica.edu.co\/portal\/#website"},"primaryImageOfPage":{"@id":"https:\/\/www.ucatolica.edu.co\/portal\/inscripciones-abiertas-para-los-cursos-de-verano-de-la-facultad-de-ingenieria-2024-2\/#primaryimage"},"image":{"@id":"https:\/\/www.ucatolica.edu.co\/portal\/inscripciones-abiertas-para-los-cursos-de-verano-de-la-facultad-de-ingenieria-2024-2\/#primaryimage"},"thumbnailUrl":"https:\/\/www.ucatolica.edu.co\/portal\/wp-content\/uploads\/2024\/06\/Cursos-de-verano-ingenieria.jpg","datePublished":"2024-06-21T16:30:08+00:00","dateModified":"2024-06-28T21:37:55+00:00","breadcrumb":{"@id":"https:\/\/www.ucatolica.edu.co\/portal\/inscripciones-abiertas-para-los-cursos-de-verano-de-la-facultad-de-ingenieria-2024-2\/#breadcrumb"},"inLanguage":"es-CO","potentialAction":[{"@type":"ReadAction","target":["https:\/\/www.ucatolica.edu.co\/portal\/inscripciones-abiertas-para-los-cursos-de-verano-de-la-facultad-de-ingenieria-2024-2\/"]}]},{"@type":"ImageObject","inLanguage":"es-CO","@id":"https:\/\/www.ucatolica.edu.co\/portal\/inscripciones-abiertas-para-los-cursos-de-verano-de-la-facultad-de-ingenieria-2024-2\/#primaryimage","url":"https:\/\/www.ucatolica.edu.co\/portal\/wp-content\/uploads\/2024\/06\/Cursos-de-verano-ingenieria.jpg","contentUrl":"https:\/\/www.ucatolica.edu.co\/portal\/wp-content\/uploads\/2024\/06\/Cursos-de-verano-ingenieria.jpg","width":870,"height":522,"caption":"Cursos de verano ingenieria"},{"@type":"BreadcrumbList","@id":"https:\/\/www.ucatolica.edu.co\/portal\/inscripciones-abiertas-para-los-cursos-de-verano-de-la-facultad-de-ingenieria-2024-2\/#breadcrumb","itemListElement":[{"@type":"ListItem","position":1,"name":"Inicio","item":"https:\/\/www.ucatolica.edu.co\/portal\/"},{"@type":"ListItem","position":2,"name":"\u00a1Inscripciones abiertas para los Cursos de Verano de la Facultad de Ingenier\u00eda 2024-2!"}]},{"@type":"WebSite","@id":"https:\/\/www.ucatolica.edu.co\/portal\/#website","url":"https:\/\/www.ucatolica.edu.co\/portal\/","name":"Universidad Cat\u00f3lica De Colombia","description":"Universidad Cat\u00f3lica De Colombia","publisher":{"@id":"https:\/\/www.ucatolica.edu.co\/portal\/#organization"},"potentialAction":[{"@type":"SearchAction","target":{"@type":"EntryPoint","urlTemplate":"https:\/\/www.ucatolica.edu.co\/portal\/?s={search_term_string}"},"query-input":{"@type":"PropertyValueSpecification","valueRequired":true,"valueName":"search_term_string"}}],"inLanguage":"es-CO"},{"@type":"Organization","@id":"https:\/\/www.ucatolica.edu.co\/portal\/#organization","name":"Universidad Cat\u00f3lica de Colombia","url":"https:\/\/www.ucatolica.edu.co\/portal\/","logo":{"@type":"ImageObject","inLanguage":"es-CO","@id":"https:\/\/www.ucatolica.edu.co\/portal\/#\/schema\/logo\/image\/","url":"https:\/\/www.ucatolica.edu.co\/portal\/wp-content\/uploads\/2021\/06\/logo-header-ho-1.svg","contentUrl":"https:\/\/www.ucatolica.edu.co\/portal\/wp-content\/uploads\/2021\/06\/logo-header-ho-1.svg","width":1,"height":1,"caption":"Universidad Cat\u00f3lica de Colombia"},"image":{"@id":"https:\/\/www.ucatolica.edu.co\/portal\/#\/schema\/logo\/image\/"},"sameAs":["https:\/\/www.facebook.com\/ucatolicacolombia","https:\/\/x.com\/UCatolicaCol","https:\/\/www.instagram.com\/universidadcatolicadecolombia\/","https:\/\/www.linkedin.com\/company\/universidadcatolicadecolombia\/","https:\/\/www.youtube.com\/user\/UCatolicaCo"]},{"@type":"Person","@id":"https:\/\/www.ucatolica.edu.co\/portal\/#\/schema\/person\/a7469afff252fba81c6cdc40c80f00b6","name":"Cindy Lugo","url":"https:\/\/www.ucatolica.edu.co\/portal\/author\/cindy\/"}]}},"author_meta":{"display_name":"Cindy Lugo","author_link":"https:\/\/www.ucatolica.edu.co\/portal\/author\/cindy\/"},"featured_img":"https:\/\/www.ucatolica.edu.co\/portal\/wp-content\/uploads\/2024\/06\/Cursos-de-verano-ingenieria.jpg","coauthors":[],"tax_additional":{"categories":{"linked":["<a href=\"https:\/\/www.ucatolica.edu.co\/portal\/category\/facultad-de-ingenieria\/\" class=\"advgb-post-tax-term\">Facultad de Ingenier\u00eda<\/a>","<a href=\"https:\/\/www.ucatolica.edu.co\/portal\/category\/noticias-principales\/\" class=\"advgb-post-tax-term\">Noticias Principales<\/a>"],"unlinked":["<span class=\"advgb-post-tax-term\">Facultad de Ingenier\u00eda<\/span>","<span class=\"advgb-post-tax-term\">Noticias Principales<\/span>"]},"tags":{"linked":["<a href=\"https:\/\/www.ucatolica.edu.co\/portal\/category\/noticias-principales\/\" class=\"advgb-post-tax-term\">Cursos de Verano<\/a>","<a href=\"https:\/\/www.ucatolica.edu.co\/portal\/category\/noticias-principales\/\" class=\"advgb-post-tax-term\">Educaci\u00f3n Continuada<\/a>","<a href=\"https:\/\/www.ucatolica.edu.co\/portal\/category\/noticias-principales\/\" class=\"advgb-post-tax-term\">Facultad de Ingenier\u00eda<\/a>"],"unlinked":["<span class=\"advgb-post-tax-term\">Cursos de Verano<\/span>","<span class=\"advgb-post-tax-term\">Educaci\u00f3n Continuada<\/span>","<span class=\"advgb-post-tax-term\">Facultad de Ingenier\u00eda<\/span>"]}},"comment_count":"0","relative_dates":{"created":"Posted 2 a\u00f1os ago","modified":"Updated 2 a\u00f1os ago"},"absolute_dates":{"created":"Posted on 21 junio, 2024","modified":"Updated on 28 junio, 2024"},"absolute_dates_time":{"created":"Posted on 21 junio, 2024 11:30 am","modified":"Updated on 28 junio, 2024 4:37 pm"},"featured_img_caption":"","series_order":"","_links":{"self":[{"href":"https:\/\/www.ucatolica.edu.co\/portal\/wp-json\/wp\/v2\/posts\/108117","targetHints":{"allow":["GET"]}}],"collection":[{"href":"https:\/\/www.ucatolica.edu.co\/portal\/wp-json\/wp\/v2\/posts"}],"about":[{"href":"https:\/\/www.ucatolica.edu.co\/portal\/wp-json\/wp\/v2\/types\/post"}],"author":[{"embeddable":true,"href":"https:\/\/www.ucatolica.edu.co\/portal\/wp-json\/wp\/v2\/users\/4"}],"replies":[{"embeddable":true,"href":"https:\/\/www.ucatolica.edu.co\/portal\/wp-json\/wp\/v2\/comments?post=108117"}],"version-history":[{"count":13,"href":"https:\/\/www.ucatolica.edu.co\/portal\/wp-json\/wp\/v2\/posts\/108117\/revisions"}],"predecessor-version":[{"id":108392,"href":"https:\/\/www.ucatolica.edu.co\/portal\/wp-json\/wp\/v2\/posts\/108117\/revisions\/108392"}],"wp:featuredmedia":[{"embeddable":true,"href":"https:\/\/www.ucatolica.edu.co\/portal\/wp-json\/wp\/v2\/media\/108216"}],"wp:attachment":[{"href":"https:\/\/www.ucatolica.edu.co\/portal\/wp-json\/wp\/v2\/media?parent=108117"}],"wp:term":[{"taxonomy":"category","embeddable":true,"href":"https:\/\/www.ucatolica.edu.co\/portal\/wp-json\/wp\/v2\/categories?post=108117"},{"taxonomy":"post_tag","embeddable":true,"href":"https:\/\/www.ucatolica.edu.co\/portal\/wp-json\/wp\/v2\/tags?post=108117"}],"curies":[{"name":"wp","href":"https:\/\/api.w.org\/{rel}","templated":true}]}}