{"id":108694,"date":"2024-07-12T14:33:50","date_gmt":"2024-07-12T19:33:50","guid":{"rendered":"https:\/\/www.ucatolica.edu.co\/portal\/?p=108694"},"modified":"2024-07-12T14:33:52","modified_gmt":"2024-07-12T19:33:52","slug":"la-usp-bienestar-universitario-y-el-poav-se-articularon-para-la-promocion-y-prevencion-de-las-violencias-en-el-contexto-universitario","status":"publish","type":"post","link":"https:\/\/www.ucatolica.edu.co\/portal\/la-usp-bienestar-universitario-y-el-poav-se-articularon-para-la-promocion-y-prevencion-de-las-violencias-en-el-contexto-universitario\/","title":{"rendered":"La USP, Bienestar Universitario y el POAV se articularon para la promoci\u00f3n y prevenci\u00f3n de las violencias en el contexto universitario"},"content":{"rendered":"\n<p>La Unidad de Servicios Psicol\u00f3gicos (USP), Bienestar Universitario y el comit\u00e9 para la para la Prevenci\u00f3n, Orientaci\u00f3n y Acompa\u00f1amiento ante las situaciones de Violencia POAV se articularon para la promoci\u00f3n y prevenci\u00f3n de las violencias en el contexto Universitario.<\/p>\n\n\n\n<p>Como parte del plan de trabajo en la disminuci\u00f3n de las manifestaciones de la violencia en el contexto universitario y en la promoci\u00f3n de mejores formas de solucionar los conflictos en el marco del respeto y la tolerancia a las diferencias, los estudiantes de la USP durante el primer semestre del a\u00f1o 2024, realizaron una serie de actividades en las que se brindaron herramientas pr\u00e1cticas para la mediaci\u00f3n y el di\u00e1logo constructivo, para gestionar situaciones pac\u00edficas y efectivas.<\/p>\n\n\n\n<figure class=\"wp-block-image size-full\"><img fetchpriority=\"high\" decoding=\"async\" width=\"4080\" height=\"2296\" src=\"https:\/\/www.ucatolica.edu.co\/portal\/wp-content\/uploads\/2024\/07\/POAV-2.jpg\" alt=\"\" class=\"wp-image-108769\"\/><\/figure>\n\n\n\n<p>Las actividades se llevaron a cabo en los meses de marzo y mayo del 2024 en diferentes escenarios de la Universidad encontrando que estas acciones contribuyen a la promoci\u00f3n de la comunicaci\u00f3n asertiva y la prevenci\u00f3n de conductas violentas, impactando positivamente en la comunidad universitaria.&nbsp;<\/p>\n\n\n\n<p>El equipo POAV y el \u00e1rea de convivencia e inclusi\u00f3n \u2013 Bienestar Universitario destacan la importancia y la necesidad de fortalecer estos espacios los cuales permiten la mediaci\u00f3n y el di\u00e1logo constructivo, para gestionar soluciones pac\u00edficas y efectivas en situaciones en las que se pueda presentar conflictos.\u00a0<\/p>\n\n\n\n<figure class=\"wp-block-image size-full\"><img decoding=\"async\" width=\"658\" height=\"386\" src=\"https:\/\/www.ucatolica.edu.co\/portal\/wp-content\/uploads\/2024\/07\/Apartado-de-mensajes.png\" alt=\"\" class=\"wp-image-108768\"\/><\/figure>\n","protected":false},"excerpt":{"rendered":"<p>La Unidad de Servicios Psicol\u00f3gicos (USP), Bienestar Universitario y el comit\u00e9 para la para la Prevenci\u00f3n, Orientaci\u00f3n y Acompa\u00f1amiento ante las situaciones de Violencia POAV se articularon para la promoci\u00f3n y prevenci\u00f3n de las violencias en el contexto Universitario. Como parte del plan de trabajo en la disminuci\u00f3n de las manifestaciones de la violencia en [&hellip;]<\/p>\n","protected":false},"author":4,"featured_media":108767,"comment_status":"open","ping_status":"open","sticky":false,"template":"","format":"standard","meta":{"_acf_changed":false,"advgb_blocks_editor_width":"","advgb_blocks_columns_visual_guide":"","footnotes":""},"categories":[93,1973],"tags":[148,2739,1961,2734,2737,2740,2736,2738,1954],"class_list":["post-108694","post","type-post","status-publish","format-standard","has-post-thumbnail","hentry","category-noticias-principales","category-usp","tag-bienestar-universitario","tag-dialogo","tag-poav","tag-prevencion-de-violencias","tag-respeto","tag-situaciones-pacificas","tag-solucionar-conflictos","tag-tolerancia","tag-usp"],"acf":[],"yoast_head":"<!-- This site is optimized with the Yoast SEO plugin v26.7 - https:\/\/yoast.com\/wordpress\/plugins\/seo\/ -->\n<title>La USP, Bienestar Universitario y el POAV se articularon para la promoci\u00f3n y prevenci\u00f3n de las violencias en el contexto universitario - Universidad Cat\u00f3lica De Colombia<\/title>\n<meta name=\"robots\" content=\"index, follow, max-snippet:-1, max-image-preview:large, max-video-preview:-1\" \/>\n<link rel=\"canonical\" href=\"https:\/\/www.ucatolica.edu.co\/portal\/la-usp-bienestar-universitario-y-el-poav-se-articularon-para-la-promocion-y-prevencion-de-las-violencias-en-el-contexto-universitario\/\" \/>\n<meta property=\"og:locale\" content=\"es_ES\" \/>\n<meta property=\"og:type\" content=\"article\" \/>\n<meta property=\"og:title\" content=\"La USP, Bienestar Universitario y el POAV se articularon para la promoci\u00f3n y prevenci\u00f3n de las violencias en el contexto universitario - Universidad Cat\u00f3lica De Colombia\" \/>\n<meta property=\"og:description\" content=\"La Unidad de Servicios Psicol\u00f3gicos (USP), Bienestar Universitario y el comit\u00e9 para la para la Prevenci\u00f3n, Orientaci\u00f3n y Acompa\u00f1amiento ante las situaciones de Violencia POAV se articularon para la promoci\u00f3n y prevenci\u00f3n de las violencias en el contexto Universitario. Como parte del plan de trabajo en la disminuci\u00f3n de las manifestaciones de la violencia en [&hellip;]\" \/>\n<meta property=\"og:url\" content=\"https:\/\/www.ucatolica.edu.co\/portal\/la-usp-bienestar-universitario-y-el-poav-se-articularon-para-la-promocion-y-prevencion-de-las-violencias-en-el-contexto-universitario\/\" \/>\n<meta property=\"og:site_name\" content=\"Universidad Cat\u00f3lica De Colombia\" \/>\n<meta property=\"article:publisher\" content=\"https:\/\/www.facebook.com\/ucatolicacolombia\" \/>\n<meta property=\"article:published_time\" content=\"2024-07-12T19:33:50+00:00\" \/>\n<meta property=\"article:modified_time\" content=\"2024-07-12T19:33:52+00:00\" \/>\n<meta property=\"og:image\" content=\"https:\/\/www.ucatolica.edu.co\/portal\/wp-content\/uploads\/2024\/07\/POAV1F.jpg\" \/>\n\t<meta property=\"og:image:width\" content=\"870\" \/>\n\t<meta property=\"og:image:height\" content=\"522\" \/>\n\t<meta property=\"og:image:type\" content=\"image\/jpeg\" \/>\n<meta name=\"author\" content=\"Cindy Lugo\" \/>\n<meta name=\"twitter:card\" content=\"summary_large_image\" \/>\n<meta name=\"twitter:creator\" content=\"@UCatolicaCol\" \/>\n<meta name=\"twitter:site\" content=\"@UCatolicaCol\" \/>\n<meta name=\"twitter:label1\" content=\"Escrito por\" \/>\n\t<meta name=\"twitter:data1\" content=\"Cindy Lugo\" \/>\n\t<meta name=\"twitter:label2\" content=\"Tiempo de lectura\" \/>\n\t<meta name=\"twitter:data2\" content=\"1 minuto\" \/>\n<script type=\"application\/ld+json\" class=\"yoast-schema-graph\">{\"@context\":\"https:\/\/schema.org\",\"@graph\":[{\"@type\":\"Article\",\"@id\":\"https:\/\/www.ucatolica.edu.co\/portal\/la-usp-bienestar-universitario-y-el-poav-se-articularon-para-la-promocion-y-prevencion-de-las-violencias-en-el-contexto-universitario\/#article\",\"isPartOf\":{\"@id\":\"https:\/\/www.ucatolica.edu.co\/portal\/la-usp-bienestar-universitario-y-el-poav-se-articularon-para-la-promocion-y-prevencion-de-las-violencias-en-el-contexto-universitario\/\"},\"author\":{\"name\":\"Cindy Lugo\",\"@id\":\"https:\/\/www.ucatolica.edu.co\/portal\/#\/schema\/person\/a7469afff252fba81c6cdc40c80f00b6\"},\"headline\":\"La USP, Bienestar Universitario y el POAV se articularon para la promoci\u00f3n y prevenci\u00f3n de las violencias en el contexto universitario\",\"datePublished\":\"2024-07-12T19:33:50+00:00\",\"dateModified\":\"2024-07-12T19:33:52+00:00\",\"mainEntityOfPage\":{\"@id\":\"https:\/\/www.ucatolica.edu.co\/portal\/la-usp-bienestar-universitario-y-el-poav-se-articularon-para-la-promocion-y-prevencion-de-las-violencias-en-el-contexto-universitario\/\"},\"wordCount\":250,\"commentCount\":0,\"publisher\":{\"@id\":\"https:\/\/www.ucatolica.edu.co\/portal\/#organization\"},\"image\":{\"@id\":\"https:\/\/www.ucatolica.edu.co\/portal\/la-usp-bienestar-universitario-y-el-poav-se-articularon-para-la-promocion-y-prevencion-de-las-violencias-en-el-contexto-universitario\/#primaryimage\"},\"thumbnailUrl\":\"https:\/\/www.ucatolica.edu.co\/portal\/wp-content\/uploads\/2024\/07\/POAV1F.jpg\",\"keywords\":[\"Bienestar Universitario\",\"Di\u00e1logo\",\"POAV\",\"Prevenci\u00f3n de violencias\",\"Respeto\",\"Situaciones pac\u00edficas\",\"Solucionar conflictos\",\"Tolerancia\",\"USP\"],\"articleSection\":[\"Noticias Principales\",\"USP\"],\"inLanguage\":\"es-CO\"},{\"@type\":\"WebPage\",\"@id\":\"https:\/\/www.ucatolica.edu.co\/portal\/la-usp-bienestar-universitario-y-el-poav-se-articularon-para-la-promocion-y-prevencion-de-las-violencias-en-el-contexto-universitario\/\",\"url\":\"https:\/\/www.ucatolica.edu.co\/portal\/la-usp-bienestar-universitario-y-el-poav-se-articularon-para-la-promocion-y-prevencion-de-las-violencias-en-el-contexto-universitario\/\",\"name\":\"La USP, Bienestar Universitario y el POAV se articularon para la promoci\u00f3n y prevenci\u00f3n de las violencias en el contexto universitario - Universidad Cat\u00f3lica De Colombia\",\"isPartOf\":{\"@id\":\"https:\/\/www.ucatolica.edu.co\/portal\/#website\"},\"primaryImageOfPage\":{\"@id\":\"https:\/\/www.ucatolica.edu.co\/portal\/la-usp-bienestar-universitario-y-el-poav-se-articularon-para-la-promocion-y-prevencion-de-las-violencias-en-el-contexto-universitario\/#primaryimage\"},\"image\":{\"@id\":\"https:\/\/www.ucatolica.edu.co\/portal\/la-usp-bienestar-universitario-y-el-poav-se-articularon-para-la-promocion-y-prevencion-de-las-violencias-en-el-contexto-universitario\/#primaryimage\"},\"thumbnailUrl\":\"https:\/\/www.ucatolica.edu.co\/portal\/wp-content\/uploads\/2024\/07\/POAV1F.jpg\",\"datePublished\":\"2024-07-12T19:33:50+00:00\",\"dateModified\":\"2024-07-12T19:33:52+00:00\",\"breadcrumb\":{\"@id\":\"https:\/\/www.ucatolica.edu.co\/portal\/la-usp-bienestar-universitario-y-el-poav-se-articularon-para-la-promocion-y-prevencion-de-las-violencias-en-el-contexto-universitario\/#breadcrumb\"},\"inLanguage\":\"es-CO\",\"potentialAction\":[{\"@type\":\"ReadAction\",\"target\":[\"https:\/\/www.ucatolica.edu.co\/portal\/la-usp-bienestar-universitario-y-el-poav-se-articularon-para-la-promocion-y-prevencion-de-las-violencias-en-el-contexto-universitario\/\"]}]},{\"@type\":\"ImageObject\",\"inLanguage\":\"es-CO\",\"@id\":\"https:\/\/www.ucatolica.edu.co\/portal\/la-usp-bienestar-universitario-y-el-poav-se-articularon-para-la-promocion-y-prevencion-de-las-violencias-en-el-contexto-universitario\/#primaryimage\",\"url\":\"https:\/\/www.ucatolica.edu.co\/portal\/wp-content\/uploads\/2024\/07\/POAV1F.jpg\",\"contentUrl\":\"https:\/\/www.ucatolica.edu.co\/portal\/wp-content\/uploads\/2024\/07\/POAV1F.jpg\",\"width\":870,\"height\":522,\"caption\":\"Estudiantes de la unidad de servicios psicol\u00f3gicos\"},{\"@type\":\"BreadcrumbList\",\"@id\":\"https:\/\/www.ucatolica.edu.co\/portal\/la-usp-bienestar-universitario-y-el-poav-se-articularon-para-la-promocion-y-prevencion-de-las-violencias-en-el-contexto-universitario\/#breadcrumb\",\"itemListElement\":[{\"@type\":\"ListItem\",\"position\":1,\"name\":\"Inicio\",\"item\":\"https:\/\/www.ucatolica.edu.co\/portal\/\"},{\"@type\":\"ListItem\",\"position\":2,\"name\":\"La USP, Bienestar Universitario y el POAV se articularon para la promoci\u00f3n y prevenci\u00f3n de las violencias en el contexto universitario\"}]},{\"@type\":\"WebSite\",\"@id\":\"https:\/\/www.ucatolica.edu.co\/portal\/#website\",\"url\":\"https:\/\/www.ucatolica.edu.co\/portal\/\",\"name\":\"Universidad Cat\u00f3lica De Colombia\",\"description\":\"Universidad Cat\u00f3lica De Colombia\",\"publisher\":{\"@id\":\"https:\/\/www.ucatolica.edu.co\/portal\/#organization\"},\"potentialAction\":[{\"@type\":\"SearchAction\",\"target\":{\"@type\":\"EntryPoint\",\"urlTemplate\":\"https:\/\/www.ucatolica.edu.co\/portal\/?s={search_term_string}\"},\"query-input\":{\"@type\":\"PropertyValueSpecification\",\"valueRequired\":true,\"valueName\":\"search_term_string\"}}],\"inLanguage\":\"es-CO\"},{\"@type\":\"Organization\",\"@id\":\"https:\/\/www.ucatolica.edu.co\/portal\/#organization\",\"name\":\"Universidad Cat\u00f3lica de Colombia\",\"url\":\"https:\/\/www.ucatolica.edu.co\/portal\/\",\"logo\":{\"@type\":\"ImageObject\",\"inLanguage\":\"es-CO\",\"@id\":\"https:\/\/www.ucatolica.edu.co\/portal\/#\/schema\/logo\/image\/\",\"url\":\"https:\/\/www.ucatolica.edu.co\/portal\/wp-content\/uploads\/2021\/06\/logo-header-ho-1.svg\",\"contentUrl\":\"https:\/\/www.ucatolica.edu.co\/portal\/wp-content\/uploads\/2021\/06\/logo-header-ho-1.svg\",\"width\":1,\"height\":1,\"caption\":\"Universidad Cat\u00f3lica de Colombia\"},\"image\":{\"@id\":\"https:\/\/www.ucatolica.edu.co\/portal\/#\/schema\/logo\/image\/\"},\"sameAs\":[\"https:\/\/www.facebook.com\/ucatolicacolombia\",\"https:\/\/x.com\/UCatolicaCol\",\"https:\/\/www.instagram.com\/universidadcatolicadecolombia\/\",\"https:\/\/www.linkedin.com\/company\/universidadcatolicadecolombia\/\",\"https:\/\/www.youtube.com\/user\/UCatolicaCo\"]},{\"@type\":\"Person\",\"@id\":\"https:\/\/www.ucatolica.edu.co\/portal\/#\/schema\/person\/a7469afff252fba81c6cdc40c80f00b6\",\"name\":\"Cindy Lugo\",\"url\":\"https:\/\/www.ucatolica.edu.co\/portal\/author\/cindy\/\"}]}<\/script>\n<!-- \/ Yoast SEO plugin. -->","yoast_head_json":{"title":"La USP, Bienestar Universitario y el POAV se articularon para la promoci\u00f3n y prevenci\u00f3n de las violencias en el contexto universitario - Universidad Cat\u00f3lica De Colombia","robots":{"index":"index","follow":"follow","max-snippet":"max-snippet:-1","max-image-preview":"max-image-preview:large","max-video-preview":"max-video-preview:-1"},"canonical":"https:\/\/www.ucatolica.edu.co\/portal\/la-usp-bienestar-universitario-y-el-poav-se-articularon-para-la-promocion-y-prevencion-de-las-violencias-en-el-contexto-universitario\/","og_locale":"es_ES","og_type":"article","og_title":"La USP, Bienestar Universitario y el POAV se articularon para la promoci\u00f3n y prevenci\u00f3n de las violencias en el contexto universitario - Universidad Cat\u00f3lica De Colombia","og_description":"La Unidad de Servicios Psicol\u00f3gicos (USP), Bienestar Universitario y el comit\u00e9 para la para la Prevenci\u00f3n, Orientaci\u00f3n y Acompa\u00f1amiento ante las situaciones de Violencia POAV se articularon para la promoci\u00f3n y prevenci\u00f3n de las violencias en el contexto Universitario. Como parte del plan de trabajo en la disminuci\u00f3n de las manifestaciones de la violencia en [&hellip;]","og_url":"https:\/\/www.ucatolica.edu.co\/portal\/la-usp-bienestar-universitario-y-el-poav-se-articularon-para-la-promocion-y-prevencion-de-las-violencias-en-el-contexto-universitario\/","og_site_name":"Universidad Cat\u00f3lica De Colombia","article_publisher":"https:\/\/www.facebook.com\/ucatolicacolombia","article_published_time":"2024-07-12T19:33:50+00:00","article_modified_time":"2024-07-12T19:33:52+00:00","og_image":[{"width":870,"height":522,"url":"https:\/\/www.ucatolica.edu.co\/portal\/wp-content\/uploads\/2024\/07\/POAV1F.jpg","type":"image\/jpeg"}],"author":"Cindy Lugo","twitter_card":"summary_large_image","twitter_creator":"@UCatolicaCol","twitter_site":"@UCatolicaCol","twitter_misc":{"Escrito por":"Cindy Lugo","Tiempo de lectura":"1 minuto"},"schema":{"@context":"https:\/\/schema.org","@graph":[{"@type":"Article","@id":"https:\/\/www.ucatolica.edu.co\/portal\/la-usp-bienestar-universitario-y-el-poav-se-articularon-para-la-promocion-y-prevencion-de-las-violencias-en-el-contexto-universitario\/#article","isPartOf":{"@id":"https:\/\/www.ucatolica.edu.co\/portal\/la-usp-bienestar-universitario-y-el-poav-se-articularon-para-la-promocion-y-prevencion-de-las-violencias-en-el-contexto-universitario\/"},"author":{"name":"Cindy Lugo","@id":"https:\/\/www.ucatolica.edu.co\/portal\/#\/schema\/person\/a7469afff252fba81c6cdc40c80f00b6"},"headline":"La USP, Bienestar Universitario y el POAV se articularon para la promoci\u00f3n y prevenci\u00f3n de las violencias en el contexto universitario","datePublished":"2024-07-12T19:33:50+00:00","dateModified":"2024-07-12T19:33:52+00:00","mainEntityOfPage":{"@id":"https:\/\/www.ucatolica.edu.co\/portal\/la-usp-bienestar-universitario-y-el-poav-se-articularon-para-la-promocion-y-prevencion-de-las-violencias-en-el-contexto-universitario\/"},"wordCount":250,"commentCount":0,"publisher":{"@id":"https:\/\/www.ucatolica.edu.co\/portal\/#organization"},"image":{"@id":"https:\/\/www.ucatolica.edu.co\/portal\/la-usp-bienestar-universitario-y-el-poav-se-articularon-para-la-promocion-y-prevencion-de-las-violencias-en-el-contexto-universitario\/#primaryimage"},"thumbnailUrl":"https:\/\/www.ucatolica.edu.co\/portal\/wp-content\/uploads\/2024\/07\/POAV1F.jpg","keywords":["Bienestar Universitario","Di\u00e1logo","POAV","Prevenci\u00f3n de violencias","Respeto","Situaciones pac\u00edficas","Solucionar conflictos","Tolerancia","USP"],"articleSection":["Noticias Principales","USP"],"inLanguage":"es-CO"},{"@type":"WebPage","@id":"https:\/\/www.ucatolica.edu.co\/portal\/la-usp-bienestar-universitario-y-el-poav-se-articularon-para-la-promocion-y-prevencion-de-las-violencias-en-el-contexto-universitario\/","url":"https:\/\/www.ucatolica.edu.co\/portal\/la-usp-bienestar-universitario-y-el-poav-se-articularon-para-la-promocion-y-prevencion-de-las-violencias-en-el-contexto-universitario\/","name":"La USP, Bienestar Universitario y el POAV se articularon para la promoci\u00f3n y prevenci\u00f3n de las violencias en el contexto universitario - Universidad Cat\u00f3lica De Colombia","isPartOf":{"@id":"https:\/\/www.ucatolica.edu.co\/portal\/#website"},"primaryImageOfPage":{"@id":"https:\/\/www.ucatolica.edu.co\/portal\/la-usp-bienestar-universitario-y-el-poav-se-articularon-para-la-promocion-y-prevencion-de-las-violencias-en-el-contexto-universitario\/#primaryimage"},"image":{"@id":"https:\/\/www.ucatolica.edu.co\/portal\/la-usp-bienestar-universitario-y-el-poav-se-articularon-para-la-promocion-y-prevencion-de-las-violencias-en-el-contexto-universitario\/#primaryimage"},"thumbnailUrl":"https:\/\/www.ucatolica.edu.co\/portal\/wp-content\/uploads\/2024\/07\/POAV1F.jpg","datePublished":"2024-07-12T19:33:50+00:00","dateModified":"2024-07-12T19:33:52+00:00","breadcrumb":{"@id":"https:\/\/www.ucatolica.edu.co\/portal\/la-usp-bienestar-universitario-y-el-poav-se-articularon-para-la-promocion-y-prevencion-de-las-violencias-en-el-contexto-universitario\/#breadcrumb"},"inLanguage":"es-CO","potentialAction":[{"@type":"ReadAction","target":["https:\/\/www.ucatolica.edu.co\/portal\/la-usp-bienestar-universitario-y-el-poav-se-articularon-para-la-promocion-y-prevencion-de-las-violencias-en-el-contexto-universitario\/"]}]},{"@type":"ImageObject","inLanguage":"es-CO","@id":"https:\/\/www.ucatolica.edu.co\/portal\/la-usp-bienestar-universitario-y-el-poav-se-articularon-para-la-promocion-y-prevencion-de-las-violencias-en-el-contexto-universitario\/#primaryimage","url":"https:\/\/www.ucatolica.edu.co\/portal\/wp-content\/uploads\/2024\/07\/POAV1F.jpg","contentUrl":"https:\/\/www.ucatolica.edu.co\/portal\/wp-content\/uploads\/2024\/07\/POAV1F.jpg","width":870,"height":522,"caption":"Estudiantes de la unidad de servicios psicol\u00f3gicos"},{"@type":"BreadcrumbList","@id":"https:\/\/www.ucatolica.edu.co\/portal\/la-usp-bienestar-universitario-y-el-poav-se-articularon-para-la-promocion-y-prevencion-de-las-violencias-en-el-contexto-universitario\/#breadcrumb","itemListElement":[{"@type":"ListItem","position":1,"name":"Inicio","item":"https:\/\/www.ucatolica.edu.co\/portal\/"},{"@type":"ListItem","position":2,"name":"La USP, Bienestar Universitario y el POAV se articularon para la promoci\u00f3n y prevenci\u00f3n de las violencias en el contexto universitario"}]},{"@type":"WebSite","@id":"https:\/\/www.ucatolica.edu.co\/portal\/#website","url":"https:\/\/www.ucatolica.edu.co\/portal\/","name":"Universidad Cat\u00f3lica De Colombia","description":"Universidad Cat\u00f3lica De Colombia","publisher":{"@id":"https:\/\/www.ucatolica.edu.co\/portal\/#organization"},"potentialAction":[{"@type":"SearchAction","target":{"@type":"EntryPoint","urlTemplate":"https:\/\/www.ucatolica.edu.co\/portal\/?s={search_term_string}"},"query-input":{"@type":"PropertyValueSpecification","valueRequired":true,"valueName":"search_term_string"}}],"inLanguage":"es-CO"},{"@type":"Organization","@id":"https:\/\/www.ucatolica.edu.co\/portal\/#organization","name":"Universidad Cat\u00f3lica de Colombia","url":"https:\/\/www.ucatolica.edu.co\/portal\/","logo":{"@type":"ImageObject","inLanguage":"es-CO","@id":"https:\/\/www.ucatolica.edu.co\/portal\/#\/schema\/logo\/image\/","url":"https:\/\/www.ucatolica.edu.co\/portal\/wp-content\/uploads\/2021\/06\/logo-header-ho-1.svg","contentUrl":"https:\/\/www.ucatolica.edu.co\/portal\/wp-content\/uploads\/2021\/06\/logo-header-ho-1.svg","width":1,"height":1,"caption":"Universidad Cat\u00f3lica de Colombia"},"image":{"@id":"https:\/\/www.ucatolica.edu.co\/portal\/#\/schema\/logo\/image\/"},"sameAs":["https:\/\/www.facebook.com\/ucatolicacolombia","https:\/\/x.com\/UCatolicaCol","https:\/\/www.instagram.com\/universidadcatolicadecolombia\/","https:\/\/www.linkedin.com\/company\/universidadcatolicadecolombia\/","https:\/\/www.youtube.com\/user\/UCatolicaCo"]},{"@type":"Person","@id":"https:\/\/www.ucatolica.edu.co\/portal\/#\/schema\/person\/a7469afff252fba81c6cdc40c80f00b6","name":"Cindy Lugo","url":"https:\/\/www.ucatolica.edu.co\/portal\/author\/cindy\/"}]}},"author_meta":{"display_name":"Cindy Lugo","author_link":"https:\/\/www.ucatolica.edu.co\/portal\/author\/cindy\/"},"featured_img":"https:\/\/www.ucatolica.edu.co\/portal\/wp-content\/uploads\/2024\/07\/POAV1F.jpg","coauthors":[],"tax_additional":{"categories":{"linked":["<a href=\"https:\/\/www.ucatolica.edu.co\/portal\/category\/noticias-principales\/\" class=\"advgb-post-tax-term\">Noticias Principales<\/a>","<a href=\"https:\/\/www.ucatolica.edu.co\/portal\/category\/usp\/\" class=\"advgb-post-tax-term\">USP<\/a>"],"unlinked":["<span class=\"advgb-post-tax-term\">Noticias Principales<\/span>","<span class=\"advgb-post-tax-term\">USP<\/span>"]},"tags":{"linked":["<a href=\"https:\/\/www.ucatolica.edu.co\/portal\/category\/usp\/\" class=\"advgb-post-tax-term\">Bienestar Universitario<\/a>","<a href=\"https:\/\/www.ucatolica.edu.co\/portal\/category\/usp\/\" class=\"advgb-post-tax-term\">Di\u00e1logo<\/a>","<a href=\"https:\/\/www.ucatolica.edu.co\/portal\/category\/usp\/\" class=\"advgb-post-tax-term\">POAV<\/a>","<a href=\"https:\/\/www.ucatolica.edu.co\/portal\/category\/usp\/\" class=\"advgb-post-tax-term\">Prevenci\u00f3n de violencias<\/a>","<a href=\"https:\/\/www.ucatolica.edu.co\/portal\/category\/usp\/\" class=\"advgb-post-tax-term\">Respeto<\/a>","<a href=\"https:\/\/www.ucatolica.edu.co\/portal\/category\/usp\/\" class=\"advgb-post-tax-term\">Situaciones pac\u00edficas<\/a>","<a href=\"https:\/\/www.ucatolica.edu.co\/portal\/category\/usp\/\" class=\"advgb-post-tax-term\">Solucionar conflictos<\/a>","<a href=\"https:\/\/www.ucatolica.edu.co\/portal\/category\/usp\/\" class=\"advgb-post-tax-term\">Tolerancia<\/a>","<a href=\"https:\/\/www.ucatolica.edu.co\/portal\/category\/usp\/\" class=\"advgb-post-tax-term\">USP<\/a>"],"unlinked":["<span class=\"advgb-post-tax-term\">Bienestar Universitario<\/span>","<span class=\"advgb-post-tax-term\">Di\u00e1logo<\/span>","<span class=\"advgb-post-tax-term\">POAV<\/span>","<span class=\"advgb-post-tax-term\">Prevenci\u00f3n de violencias<\/span>","<span class=\"advgb-post-tax-term\">Respeto<\/span>","<span class=\"advgb-post-tax-term\">Situaciones pac\u00edficas<\/span>","<span class=\"advgb-post-tax-term\">Solucionar conflictos<\/span>","<span class=\"advgb-post-tax-term\">Tolerancia<\/span>","<span class=\"advgb-post-tax-term\">USP<\/span>"]}},"comment_count":"0","relative_dates":{"created":"Posted 2 a\u00f1os ago","modified":"Updated 2 a\u00f1os ago"},"absolute_dates":{"created":"Posted on 12 julio, 2024","modified":"Updated on 12 julio, 2024"},"absolute_dates_time":{"created":"Posted on 12 julio, 2024 2:33 pm","modified":"Updated on 12 julio, 2024 2:33 pm"},"featured_img_caption":"","series_order":"","_links":{"self":[{"href":"https:\/\/www.ucatolica.edu.co\/portal\/wp-json\/wp\/v2\/posts\/108694","targetHints":{"allow":["GET"]}}],"collection":[{"href":"https:\/\/www.ucatolica.edu.co\/portal\/wp-json\/wp\/v2\/posts"}],"about":[{"href":"https:\/\/www.ucatolica.edu.co\/portal\/wp-json\/wp\/v2\/types\/post"}],"author":[{"embeddable":true,"href":"https:\/\/www.ucatolica.edu.co\/portal\/wp-json\/wp\/v2\/users\/4"}],"replies":[{"embeddable":true,"href":"https:\/\/www.ucatolica.edu.co\/portal\/wp-json\/wp\/v2\/comments?post=108694"}],"version-history":[{"count":2,"href":"https:\/\/www.ucatolica.edu.co\/portal\/wp-json\/wp\/v2\/posts\/108694\/revisions"}],"predecessor-version":[{"id":108770,"href":"https:\/\/www.ucatolica.edu.co\/portal\/wp-json\/wp\/v2\/posts\/108694\/revisions\/108770"}],"wp:featuredmedia":[{"embeddable":true,"href":"https:\/\/www.ucatolica.edu.co\/portal\/wp-json\/wp\/v2\/media\/108767"}],"wp:attachment":[{"href":"https:\/\/www.ucatolica.edu.co\/portal\/wp-json\/wp\/v2\/media?parent=108694"}],"wp:term":[{"taxonomy":"category","embeddable":true,"href":"https:\/\/www.ucatolica.edu.co\/portal\/wp-json\/wp\/v2\/categories?post=108694"},{"taxonomy":"post_tag","embeddable":true,"href":"https:\/\/www.ucatolica.edu.co\/portal\/wp-json\/wp\/v2\/tags?post=108694"}],"curies":[{"name":"wp","href":"https:\/\/api.w.org\/{rel}","templated":true}]}}