{"id":109995,"date":"2024-07-26T10:34:37","date_gmt":"2024-07-26T15:34:37","guid":{"rendered":"https:\/\/www.ucatolica.edu.co\/portal\/?p=109995"},"modified":"2024-07-26T10:45:39","modified_gmt":"2024-07-26T15:45:39","slug":"conoce-los-semilleros-que-tiene-la-u-y-vinculate-a-uno-de-ellos","status":"publish","type":"post","link":"https:\/\/www.ucatolica.edu.co\/portal\/conoce-los-semilleros-que-tiene-la-u-y-vinculate-a-uno-de-ellos\/","title":{"rendered":"\u00a1Conoce los semilleros que tiene la U. y vinc\u00falate a uno de ellos!"},"content":{"rendered":"\n<p>La Direcci\u00f3n Central de Investigaciones de la Universidad Cat\u00f3lica de Colombia invita a la comunidad acad\u00e9mica a unirse a los semilleros con los que cuenta la Instituci\u00f3n, los cuales son espacios de innovaci\u00f3n, dedicaci\u00f3n, ingenio y compromiso, donde pueden participar en el desarrollo de los proyectos de investigaci\u00f3n, hecho que permite familiarizarse con las diferentes t\u00e9cnicas, metodolog\u00edas y procesos de la actividad investigativa.<\/p>\n\n\n\n<p>Integrar un Semillero, posibilita enriquecer la formaci\u00f3n acad\u00e9mica y busca facilitar la elaboraci\u00f3n del trabajo de grado y acceder a posibles becas para maestr\u00edas y doctorados.<\/p>\n\n\n\n<p><strong>\u00bfQui\u00e9nes pueden participar?<\/strong><\/p>\n\n\n\n<p>Estudiantes de pregrado y posgrado, docentes, administrativos y egresados<a href=\"https:\/\/www.ucatolica.edu.co\/portal\/haz-parte-de-los-semilleros-que-tiene-la-u\/#_ftn1\">[1]<\/a>.<\/p>\n\n\n\n<p><strong>Tipos de Semilleros<\/strong>:<\/p>\n\n\n\n<p><strong><em>Semillero grupo de estudio:&nbsp;<\/em><\/strong>se indagan sobre tem\u00e1ticas de investigaci\u00f3n vigentes en las \u00e1reas del conocimiento.<\/p>\n\n\n\n<p><strong><em>Semilleros adscritos a proyectos o grupos de investigaci\u00f3n:<\/em><\/strong>&nbsp;ser\u00e1n formados en las t\u00e9cnicas y m\u00e9todos de indagaci\u00f3n propios del campo de investigaci\u00f3n determinado.<\/p>\n\n\n\n<p><strong>Semilleros INNOVO:<\/strong>&nbsp;se participa en procesos de formaci\u00f3n en competencias para la innovaci\u00f3n en diferentes escenarios de aplicaci\u00f3n:<\/p>\n\n\n\n<ul class=\"wp-block-list\">\n<li><em>Desarrollo tecnol\u00f3gico:<\/em>\u00a0materializaci\u00f3n de los resultados de investigaci\u00f3n o de cualquier otro conocimiento cient\u00edfico en: nuevos materiales, prototipos, dise\u00f1os industriales, software, etc.<\/li>\n\n\n\n<li><em>Innovaci\u00f3n social:<\/em>\u00a0orientado a mejorar las condiciones sociales y de vida de la poblaci\u00f3n. Caracterizada por la activa participaci\u00f3n de la comunidad desde la definici\u00f3n del problema que desean solucionar, la identificaci\u00f3n de posibles alternativas de soluci\u00f3n, la ejecuci\u00f3n de las mismas, as\u00ed como su seguimiento.<\/li>\n\n\n\n<li><em>Innovaci\u00f3n educativa:\u00a0<\/em>entendido como una actividad deliberada y planificada de soluci\u00f3n de problemas, que apunta a lograr mayor calidad en los aprendizajes de los estudiantes, superando el paradigma tradicional.<\/li>\n<\/ul>\n\n\n\n<p>Reuniones de semilleros por facultades:<\/p>\n\n\n\n<ul class=\"wp-block-list\">\n<li><strong>Psicolog\u00eda:<\/strong><\/li>\n<\/ul>\n\n\n\n<p>Fecha: <strong>martes 6 de agosto de 2024<\/strong><br>Lugar: primer piso de la Facultad de Psicolog\u00eda. <br>Horario: 4:00 p.m. a 5:30 p.m.<\/p>\n\n\n\n<ul class=\"wp-block-list\">\n<li><strong>Derecho<\/strong>:<\/li>\n<\/ul>\n\n\n\n<p>Fecha: <strong>jueves 8 de agosto de 2024<\/strong><br>Lugar:\u00a0 Instalaciones del Centro de Investigaciones de la Facultad de CISJUC (Av. Caracas No. 46-10 Tercer piso \u2013 Sede 3, Bloque K)<br>Horarios: 11:30 a.m. a 12:00 m.. y de 5:30 p.m. a 6:30 p.m.<\/p>\n\n\n\n<ul class=\"wp-block-list\">\n<li><strong>Dise\u00f1o<\/strong>:<\/li>\n<\/ul>\n\n\n\n<p>Fecha: <strong>mi\u00e9rcoles 31 de julio de 2024<\/strong><br>Hora:\u00a0 9:00 a.m.  a 11:00 a.m.<br>Lugar: Sede El Claustro- Auditorio Paraninfo (<\/p>\n\n\n\n<ul class=\"wp-block-list\">\n<li><strong>Ciencias Econ\u00f3micas y Administrativas:<\/strong><\/li>\n<\/ul>\n\n\n\n<p>Fecha: <strong>jueves 8 de agosto de 2024<\/strong><br>Hora: 6:00 p.m. a 7:00 p.m.<br>Lugar: Por confirmar (Comunicarse con la Facultad)<\/p>\n\n\n\n<p>Si tienen dudas o inquietudes pueden escribir a los&nbsp;<strong>Directores de investigaciones<\/strong>:<\/p>\n\n\n\n<ul class=\"wp-block-list\">\n<li><strong>Facultad de Ingenier\u00eda:\u00a0<\/strong>Claudia Constanza Jim\u00e9nez Carranza<strong>:\u00a0<\/strong><a href=\"file:\/\/\/C:\/Users\/DCMonroy\/Desktop\/U%20CAT%C3%93LICA\/Semilleros\/Socializaci%C3%B3n%20semilleros\/2022\/investigacionesing@ucatolica.edu.co\">investigacionesing@ucatolica.edu.co<\/a><\/li>\n\n\n\n<li><strong>Facultad de Dise\u00f1o:\u00a0<\/strong>C\u00e9sar Eligio Triana:\u00a0<a href=\"mailto:cifar@ucatolica.edu.co\">cifar@ucatolica.edu.co<\/a><\/li>\n\n\n\n<li><strong>Facultad de Psicolog\u00eda:\u00a0<\/strong>Natalia Maldonado:\u00a0investiga_psico@ucatolica.edu.co<\/li>\n\n\n\n<li><strong>Facultad de Derecho:\u00a0<\/strong>Jairo Andr\u00e9s Becerra:\u00a0<a href=\"file:\/\/\/C:\/Users\/DCMonroy\/Desktop\/U%20CAT%C3%93LICA\/Semilleros\/Socializaci%C3%B3n%20semilleros\/2022\/cisjuc@ucatolica.edu.co\">cisjuc@ucatolica.edu.co<\/a><\/li>\n\n\n\n<li><strong>Facultad Ciencias Econ\u00f3micas y Administrativas:\u00a0<\/strong>Guillermo Mu\u00f1oz:\u00a0<a href=\"mailto:fdiaz@ucatolica.edu.co\">investigaciones.fcea@ucatolica.edu.co<\/a><\/li>\n\n\n\n<li><strong>Departamento de Humanidades:\u00a0<\/strong>\u00a0Diana Constanza Nossa:\u00a0<a href=\"file:\/\/\/C:\/Users\/DCMonroy\/Desktop\/U%20CAT%C3%93LICA\/Semilleros\/Socializaci%C3%B3n%20semilleros\/2022\/investigahumanidades@ucatolica.edu.co\">investigahumanidades@ucatolica.edu.co<\/a><\/li>\n\n\n\n<li><strong>Departamento de Ciencias B\u00e1sicas:<\/strong>\u00a0Germ\u00e1n M\u00e9ndez:\u00a0<a href=\"file:\/\/\/C:\/Users\/DCMonroy\/Desktop\/U%20CAT%C3%93LICA\/Semilleros\/Socializaci%C3%B3n%20semilleros\/2022\/cbinvestigacion@ucatolica.edu.co\">cbinvestigacion@ucatolica.edu.co<\/a><\/li>\n<\/ul>\n\n\n\n<p><em><strong>\u00a1Despierta tu esp\u00edritu de la investigaci\u00f3n!<\/strong><\/em><\/p>\n\n\n\n<p><strong>Mayor Informaci\u00f3n<\/strong>:<br>Direcci\u00f3n Central de Investigaciones<br>dinvestigaciones@ucatolica.edu.co<br>Avenida Caracas # 46-72, sede Las Torres, piso 4<br>Tel\u00e9fono: (571) 4433700 Exts. 1220, 1221, 1222, 1223 y 1224<\/p>\n\n\n\n<hr class=\"wp-block-separator has-alpha-channel-opacity\"\/>\n\n\n\n<p><a href=\"https:\/\/www.ucatolica.edu.co\/portal\/haz-parte-de-los-semilleros-que-tiene-la-u\/#_ftnref1\">[1]<\/a>&nbsp;Los egresados graduados y no graduados pueden participar a trav\u00e9s de la convocatoria Egresados en la Sociedad del Conocimiento o en la modalidad de pasant\u00eda, siguiendo el procedimiento establecido.<\/p>\n","protected":false},"excerpt":{"rendered":"<p>La Direcci\u00f3n Central de Investigaciones de la Universidad Cat\u00f3lica de Colombia invita a la comunidad acad\u00e9mica a unirse a los semilleros con los que cuenta la Instituci\u00f3n, los cuales son espacios de innovaci\u00f3n, dedicaci\u00f3n, ingenio y compromiso, donde pueden participar en el desarrollo de los proyectos de investigaci\u00f3n, hecho que permite familiarizarse con las diferentes [&hellip;]<\/p>\n","protected":false},"author":4,"featured_media":110294,"comment_status":"open","ping_status":"open","sticky":false,"template":"","format":"standard","meta":{"_acf_changed":false,"advgb_blocks_editor_width":"","advgb_blocks_columns_visual_guide":"","footnotes":""},"categories":[93],"tags":[572,533,2757,2756],"class_list":["post-109995","post","type-post","status-publish","format-standard","has-post-thumbnail","hentry","category-noticias-principales","tag-direccion-central-de-investigaciones","tag-semilleros-de-investigacion","tag-socializacion-de-semilleros","tag-tipos-de-semilleros"],"acf":[],"yoast_head":"<!-- This site is optimized with the Yoast SEO plugin v26.7 - https:\/\/yoast.com\/wordpress\/plugins\/seo\/ -->\n<title>\u00a1Conoce los semilleros que tiene la U. y vinc\u00falate a uno de ellos! - Universidad Cat\u00f3lica De Colombia<\/title>\n<meta name=\"robots\" content=\"index, follow, max-snippet:-1, max-image-preview:large, max-video-preview:-1\" \/>\n<link rel=\"canonical\" href=\"https:\/\/www.ucatolica.edu.co\/portal\/conoce-los-semilleros-que-tiene-la-u-y-vinculate-a-uno-de-ellos\/\" \/>\n<meta property=\"og:locale\" content=\"es_ES\" \/>\n<meta property=\"og:type\" content=\"article\" \/>\n<meta property=\"og:title\" content=\"\u00a1Conoce los semilleros que tiene la U. y vinc\u00falate a uno de ellos! - Universidad Cat\u00f3lica De Colombia\" \/>\n<meta property=\"og:description\" content=\"La Direcci\u00f3n Central de Investigaciones de la Universidad Cat\u00f3lica de Colombia invita a la comunidad acad\u00e9mica a unirse a los semilleros con los que cuenta la Instituci\u00f3n, los cuales son espacios de innovaci\u00f3n, dedicaci\u00f3n, ingenio y compromiso, donde pueden participar en el desarrollo de los proyectos de investigaci\u00f3n, hecho que permite familiarizarse con las diferentes [&hellip;]\" \/>\n<meta property=\"og:url\" content=\"https:\/\/www.ucatolica.edu.co\/portal\/conoce-los-semilleros-que-tiene-la-u-y-vinculate-a-uno-de-ellos\/\" \/>\n<meta property=\"og:site_name\" content=\"Universidad Cat\u00f3lica De Colombia\" \/>\n<meta property=\"article:publisher\" content=\"https:\/\/www.facebook.com\/ucatolicacolombia\" \/>\n<meta property=\"article:published_time\" content=\"2024-07-26T15:34:37+00:00\" \/>\n<meta property=\"article:modified_time\" content=\"2024-07-26T15:45:39+00:00\" \/>\n<meta property=\"og:image\" content=\"https:\/\/www.ucatolica.edu.co\/portal\/wp-content\/uploads\/2024\/07\/reunion-de-semilleros.jpg\" \/>\n\t<meta property=\"og:image:width\" content=\"870\" \/>\n\t<meta property=\"og:image:height\" content=\"522\" \/>\n\t<meta property=\"og:image:type\" content=\"image\/jpeg\" \/>\n<meta name=\"author\" content=\"Cindy Lugo\" \/>\n<meta name=\"twitter:card\" content=\"summary_large_image\" \/>\n<meta name=\"twitter:creator\" content=\"@UCatolicaCol\" \/>\n<meta name=\"twitter:site\" content=\"@UCatolicaCol\" \/>\n<meta name=\"twitter:label1\" content=\"Escrito por\" \/>\n\t<meta name=\"twitter:data1\" content=\"Cindy Lugo\" \/>\n\t<meta name=\"twitter:label2\" content=\"Tiempo de lectura\" \/>\n\t<meta name=\"twitter:data2\" content=\"3 minutos\" \/>\n<script type=\"application\/ld+json\" class=\"yoast-schema-graph\">{\"@context\":\"https:\/\/schema.org\",\"@graph\":[{\"@type\":\"Article\",\"@id\":\"https:\/\/www.ucatolica.edu.co\/portal\/conoce-los-semilleros-que-tiene-la-u-y-vinculate-a-uno-de-ellos\/#article\",\"isPartOf\":{\"@id\":\"https:\/\/www.ucatolica.edu.co\/portal\/conoce-los-semilleros-que-tiene-la-u-y-vinculate-a-uno-de-ellos\/\"},\"author\":{\"name\":\"Cindy Lugo\",\"@id\":\"https:\/\/www.ucatolica.edu.co\/portal\/#\/schema\/person\/a7469afff252fba81c6cdc40c80f00b6\"},\"headline\":\"\u00a1Conoce los semilleros que tiene la U. y vinc\u00falate a uno de ellos!\",\"datePublished\":\"2024-07-26T15:34:37+00:00\",\"dateModified\":\"2024-07-26T15:45:39+00:00\",\"mainEntityOfPage\":{\"@id\":\"https:\/\/www.ucatolica.edu.co\/portal\/conoce-los-semilleros-que-tiene-la-u-y-vinculate-a-uno-de-ellos\/\"},\"wordCount\":580,\"commentCount\":0,\"publisher\":{\"@id\":\"https:\/\/www.ucatolica.edu.co\/portal\/#organization\"},\"image\":{\"@id\":\"https:\/\/www.ucatolica.edu.co\/portal\/conoce-los-semilleros-que-tiene-la-u-y-vinculate-a-uno-de-ellos\/#primaryimage\"},\"thumbnailUrl\":\"https:\/\/www.ucatolica.edu.co\/portal\/wp-content\/uploads\/2024\/07\/reunion-de-semilleros.jpg\",\"keywords\":[\"Direcci\u00f3n Central de Investigaciones\",\"Semilleros de Investigaci\u00f3n\",\"Socializaci\u00f3n de semilleros\",\"Tipos de semilleros\"],\"articleSection\":[\"Noticias Principales\"],\"inLanguage\":\"es-CO\"},{\"@type\":\"WebPage\",\"@id\":\"https:\/\/www.ucatolica.edu.co\/portal\/conoce-los-semilleros-que-tiene-la-u-y-vinculate-a-uno-de-ellos\/\",\"url\":\"https:\/\/www.ucatolica.edu.co\/portal\/conoce-los-semilleros-que-tiene-la-u-y-vinculate-a-uno-de-ellos\/\",\"name\":\"\u00a1Conoce los semilleros que tiene la U. y vinc\u00falate a uno de ellos! - Universidad Cat\u00f3lica De Colombia\",\"isPartOf\":{\"@id\":\"https:\/\/www.ucatolica.edu.co\/portal\/#website\"},\"primaryImageOfPage\":{\"@id\":\"https:\/\/www.ucatolica.edu.co\/portal\/conoce-los-semilleros-que-tiene-la-u-y-vinculate-a-uno-de-ellos\/#primaryimage\"},\"image\":{\"@id\":\"https:\/\/www.ucatolica.edu.co\/portal\/conoce-los-semilleros-que-tiene-la-u-y-vinculate-a-uno-de-ellos\/#primaryimage\"},\"thumbnailUrl\":\"https:\/\/www.ucatolica.edu.co\/portal\/wp-content\/uploads\/2024\/07\/reunion-de-semilleros.jpg\",\"datePublished\":\"2024-07-26T15:34:37+00:00\",\"dateModified\":\"2024-07-26T15:45:39+00:00\",\"breadcrumb\":{\"@id\":\"https:\/\/www.ucatolica.edu.co\/portal\/conoce-los-semilleros-que-tiene-la-u-y-vinculate-a-uno-de-ellos\/#breadcrumb\"},\"inLanguage\":\"es-CO\",\"potentialAction\":[{\"@type\":\"ReadAction\",\"target\":[\"https:\/\/www.ucatolica.edu.co\/portal\/conoce-los-semilleros-que-tiene-la-u-y-vinculate-a-uno-de-ellos\/\"]}]},{\"@type\":\"ImageObject\",\"inLanguage\":\"es-CO\",\"@id\":\"https:\/\/www.ucatolica.edu.co\/portal\/conoce-los-semilleros-que-tiene-la-u-y-vinculate-a-uno-de-ellos\/#primaryimage\",\"url\":\"https:\/\/www.ucatolica.edu.co\/portal\/wp-content\/uploads\/2024\/07\/reunion-de-semilleros.jpg\",\"contentUrl\":\"https:\/\/www.ucatolica.edu.co\/portal\/wp-content\/uploads\/2024\/07\/reunion-de-semilleros.jpg\",\"width\":870,\"height\":522,\"caption\":\"Hombre escribiendo con una mano en un port\u00e1til y en la otra tiene un bombillo\"},{\"@type\":\"BreadcrumbList\",\"@id\":\"https:\/\/www.ucatolica.edu.co\/portal\/conoce-los-semilleros-que-tiene-la-u-y-vinculate-a-uno-de-ellos\/#breadcrumb\",\"itemListElement\":[{\"@type\":\"ListItem\",\"position\":1,\"name\":\"Inicio\",\"item\":\"https:\/\/www.ucatolica.edu.co\/portal\/\"},{\"@type\":\"ListItem\",\"position\":2,\"name\":\"\u00a1Conoce los semilleros que tiene la U. y vinc\u00falate a uno de ellos!\"}]},{\"@type\":\"WebSite\",\"@id\":\"https:\/\/www.ucatolica.edu.co\/portal\/#website\",\"url\":\"https:\/\/www.ucatolica.edu.co\/portal\/\",\"name\":\"Universidad Cat\u00f3lica De Colombia\",\"description\":\"Universidad Cat\u00f3lica De Colombia\",\"publisher\":{\"@id\":\"https:\/\/www.ucatolica.edu.co\/portal\/#organization\"},\"potentialAction\":[{\"@type\":\"SearchAction\",\"target\":{\"@type\":\"EntryPoint\",\"urlTemplate\":\"https:\/\/www.ucatolica.edu.co\/portal\/?s={search_term_string}\"},\"query-input\":{\"@type\":\"PropertyValueSpecification\",\"valueRequired\":true,\"valueName\":\"search_term_string\"}}],\"inLanguage\":\"es-CO\"},{\"@type\":\"Organization\",\"@id\":\"https:\/\/www.ucatolica.edu.co\/portal\/#organization\",\"name\":\"Universidad Cat\u00f3lica de Colombia\",\"url\":\"https:\/\/www.ucatolica.edu.co\/portal\/\",\"logo\":{\"@type\":\"ImageObject\",\"inLanguage\":\"es-CO\",\"@id\":\"https:\/\/www.ucatolica.edu.co\/portal\/#\/schema\/logo\/image\/\",\"url\":\"https:\/\/www.ucatolica.edu.co\/portal\/wp-content\/uploads\/2021\/06\/logo-header-ho-1.svg\",\"contentUrl\":\"https:\/\/www.ucatolica.edu.co\/portal\/wp-content\/uploads\/2021\/06\/logo-header-ho-1.svg\",\"width\":1,\"height\":1,\"caption\":\"Universidad Cat\u00f3lica de Colombia\"},\"image\":{\"@id\":\"https:\/\/www.ucatolica.edu.co\/portal\/#\/schema\/logo\/image\/\"},\"sameAs\":[\"https:\/\/www.facebook.com\/ucatolicacolombia\",\"https:\/\/x.com\/UCatolicaCol\",\"https:\/\/www.instagram.com\/universidadcatolicadecolombia\/\",\"https:\/\/www.linkedin.com\/company\/universidadcatolicadecolombia\/\",\"https:\/\/www.youtube.com\/user\/UCatolicaCo\"]},{\"@type\":\"Person\",\"@id\":\"https:\/\/www.ucatolica.edu.co\/portal\/#\/schema\/person\/a7469afff252fba81c6cdc40c80f00b6\",\"name\":\"Cindy Lugo\",\"url\":\"https:\/\/www.ucatolica.edu.co\/portal\/author\/cindy\/\"}]}<\/script>\n<!-- \/ Yoast SEO plugin. -->","yoast_head_json":{"title":"\u00a1Conoce los semilleros que tiene la U. y vinc\u00falate a uno de ellos! - Universidad Cat\u00f3lica De Colombia","robots":{"index":"index","follow":"follow","max-snippet":"max-snippet:-1","max-image-preview":"max-image-preview:large","max-video-preview":"max-video-preview:-1"},"canonical":"https:\/\/www.ucatolica.edu.co\/portal\/conoce-los-semilleros-que-tiene-la-u-y-vinculate-a-uno-de-ellos\/","og_locale":"es_ES","og_type":"article","og_title":"\u00a1Conoce los semilleros que tiene la U. y vinc\u00falate a uno de ellos! - Universidad Cat\u00f3lica De Colombia","og_description":"La Direcci\u00f3n Central de Investigaciones de la Universidad Cat\u00f3lica de Colombia invita a la comunidad acad\u00e9mica a unirse a los semilleros con los que cuenta la Instituci\u00f3n, los cuales son espacios de innovaci\u00f3n, dedicaci\u00f3n, ingenio y compromiso, donde pueden participar en el desarrollo de los proyectos de investigaci\u00f3n, hecho que permite familiarizarse con las diferentes [&hellip;]","og_url":"https:\/\/www.ucatolica.edu.co\/portal\/conoce-los-semilleros-que-tiene-la-u-y-vinculate-a-uno-de-ellos\/","og_site_name":"Universidad Cat\u00f3lica De Colombia","article_publisher":"https:\/\/www.facebook.com\/ucatolicacolombia","article_published_time":"2024-07-26T15:34:37+00:00","article_modified_time":"2024-07-26T15:45:39+00:00","og_image":[{"width":870,"height":522,"url":"https:\/\/www.ucatolica.edu.co\/portal\/wp-content\/uploads\/2024\/07\/reunion-de-semilleros.jpg","type":"image\/jpeg"}],"author":"Cindy Lugo","twitter_card":"summary_large_image","twitter_creator":"@UCatolicaCol","twitter_site":"@UCatolicaCol","twitter_misc":{"Escrito por":"Cindy Lugo","Tiempo de lectura":"3 minutos"},"schema":{"@context":"https:\/\/schema.org","@graph":[{"@type":"Article","@id":"https:\/\/www.ucatolica.edu.co\/portal\/conoce-los-semilleros-que-tiene-la-u-y-vinculate-a-uno-de-ellos\/#article","isPartOf":{"@id":"https:\/\/www.ucatolica.edu.co\/portal\/conoce-los-semilleros-que-tiene-la-u-y-vinculate-a-uno-de-ellos\/"},"author":{"name":"Cindy Lugo","@id":"https:\/\/www.ucatolica.edu.co\/portal\/#\/schema\/person\/a7469afff252fba81c6cdc40c80f00b6"},"headline":"\u00a1Conoce los semilleros que tiene la U. y vinc\u00falate a uno de ellos!","datePublished":"2024-07-26T15:34:37+00:00","dateModified":"2024-07-26T15:45:39+00:00","mainEntityOfPage":{"@id":"https:\/\/www.ucatolica.edu.co\/portal\/conoce-los-semilleros-que-tiene-la-u-y-vinculate-a-uno-de-ellos\/"},"wordCount":580,"commentCount":0,"publisher":{"@id":"https:\/\/www.ucatolica.edu.co\/portal\/#organization"},"image":{"@id":"https:\/\/www.ucatolica.edu.co\/portal\/conoce-los-semilleros-que-tiene-la-u-y-vinculate-a-uno-de-ellos\/#primaryimage"},"thumbnailUrl":"https:\/\/www.ucatolica.edu.co\/portal\/wp-content\/uploads\/2024\/07\/reunion-de-semilleros.jpg","keywords":["Direcci\u00f3n Central de Investigaciones","Semilleros de Investigaci\u00f3n","Socializaci\u00f3n de semilleros","Tipos de semilleros"],"articleSection":["Noticias Principales"],"inLanguage":"es-CO"},{"@type":"WebPage","@id":"https:\/\/www.ucatolica.edu.co\/portal\/conoce-los-semilleros-que-tiene-la-u-y-vinculate-a-uno-de-ellos\/","url":"https:\/\/www.ucatolica.edu.co\/portal\/conoce-los-semilleros-que-tiene-la-u-y-vinculate-a-uno-de-ellos\/","name":"\u00a1Conoce los semilleros que tiene la U. y vinc\u00falate a uno de ellos! - Universidad Cat\u00f3lica De Colombia","isPartOf":{"@id":"https:\/\/www.ucatolica.edu.co\/portal\/#website"},"primaryImageOfPage":{"@id":"https:\/\/www.ucatolica.edu.co\/portal\/conoce-los-semilleros-que-tiene-la-u-y-vinculate-a-uno-de-ellos\/#primaryimage"},"image":{"@id":"https:\/\/www.ucatolica.edu.co\/portal\/conoce-los-semilleros-que-tiene-la-u-y-vinculate-a-uno-de-ellos\/#primaryimage"},"thumbnailUrl":"https:\/\/www.ucatolica.edu.co\/portal\/wp-content\/uploads\/2024\/07\/reunion-de-semilleros.jpg","datePublished":"2024-07-26T15:34:37+00:00","dateModified":"2024-07-26T15:45:39+00:00","breadcrumb":{"@id":"https:\/\/www.ucatolica.edu.co\/portal\/conoce-los-semilleros-que-tiene-la-u-y-vinculate-a-uno-de-ellos\/#breadcrumb"},"inLanguage":"es-CO","potentialAction":[{"@type":"ReadAction","target":["https:\/\/www.ucatolica.edu.co\/portal\/conoce-los-semilleros-que-tiene-la-u-y-vinculate-a-uno-de-ellos\/"]}]},{"@type":"ImageObject","inLanguage":"es-CO","@id":"https:\/\/www.ucatolica.edu.co\/portal\/conoce-los-semilleros-que-tiene-la-u-y-vinculate-a-uno-de-ellos\/#primaryimage","url":"https:\/\/www.ucatolica.edu.co\/portal\/wp-content\/uploads\/2024\/07\/reunion-de-semilleros.jpg","contentUrl":"https:\/\/www.ucatolica.edu.co\/portal\/wp-content\/uploads\/2024\/07\/reunion-de-semilleros.jpg","width":870,"height":522,"caption":"Hombre escribiendo con una mano en un port\u00e1til y en la otra tiene un bombillo"},{"@type":"BreadcrumbList","@id":"https:\/\/www.ucatolica.edu.co\/portal\/conoce-los-semilleros-que-tiene-la-u-y-vinculate-a-uno-de-ellos\/#breadcrumb","itemListElement":[{"@type":"ListItem","position":1,"name":"Inicio","item":"https:\/\/www.ucatolica.edu.co\/portal\/"},{"@type":"ListItem","position":2,"name":"\u00a1Conoce los semilleros que tiene la U. y vinc\u00falate a uno de ellos!"}]},{"@type":"WebSite","@id":"https:\/\/www.ucatolica.edu.co\/portal\/#website","url":"https:\/\/www.ucatolica.edu.co\/portal\/","name":"Universidad Cat\u00f3lica De Colombia","description":"Universidad Cat\u00f3lica De Colombia","publisher":{"@id":"https:\/\/www.ucatolica.edu.co\/portal\/#organization"},"potentialAction":[{"@type":"SearchAction","target":{"@type":"EntryPoint","urlTemplate":"https:\/\/www.ucatolica.edu.co\/portal\/?s={search_term_string}"},"query-input":{"@type":"PropertyValueSpecification","valueRequired":true,"valueName":"search_term_string"}}],"inLanguage":"es-CO"},{"@type":"Organization","@id":"https:\/\/www.ucatolica.edu.co\/portal\/#organization","name":"Universidad Cat\u00f3lica de Colombia","url":"https:\/\/www.ucatolica.edu.co\/portal\/","logo":{"@type":"ImageObject","inLanguage":"es-CO","@id":"https:\/\/www.ucatolica.edu.co\/portal\/#\/schema\/logo\/image\/","url":"https:\/\/www.ucatolica.edu.co\/portal\/wp-content\/uploads\/2021\/06\/logo-header-ho-1.svg","contentUrl":"https:\/\/www.ucatolica.edu.co\/portal\/wp-content\/uploads\/2021\/06\/logo-header-ho-1.svg","width":1,"height":1,"caption":"Universidad Cat\u00f3lica de Colombia"},"image":{"@id":"https:\/\/www.ucatolica.edu.co\/portal\/#\/schema\/logo\/image\/"},"sameAs":["https:\/\/www.facebook.com\/ucatolicacolombia","https:\/\/x.com\/UCatolicaCol","https:\/\/www.instagram.com\/universidadcatolicadecolombia\/","https:\/\/www.linkedin.com\/company\/universidadcatolicadecolombia\/","https:\/\/www.youtube.com\/user\/UCatolicaCo"]},{"@type":"Person","@id":"https:\/\/www.ucatolica.edu.co\/portal\/#\/schema\/person\/a7469afff252fba81c6cdc40c80f00b6","name":"Cindy Lugo","url":"https:\/\/www.ucatolica.edu.co\/portal\/author\/cindy\/"}]}},"author_meta":{"display_name":"Cindy Lugo","author_link":"https:\/\/www.ucatolica.edu.co\/portal\/author\/cindy\/"},"featured_img":"https:\/\/www.ucatolica.edu.co\/portal\/wp-content\/uploads\/2024\/07\/reunion-de-semilleros.jpg","coauthors":[],"tax_additional":{"categories":{"linked":["<a href=\"https:\/\/www.ucatolica.edu.co\/portal\/category\/noticias-principales\/\" class=\"advgb-post-tax-term\">Noticias Principales<\/a>"],"unlinked":["<span class=\"advgb-post-tax-term\">Noticias Principales<\/span>"]},"tags":{"linked":["<a href=\"https:\/\/www.ucatolica.edu.co\/portal\/category\/noticias-principales\/\" class=\"advgb-post-tax-term\">Direcci\u00f3n Central de Investigaciones<\/a>","<a href=\"https:\/\/www.ucatolica.edu.co\/portal\/category\/noticias-principales\/\" class=\"advgb-post-tax-term\">Semilleros de Investigaci\u00f3n<\/a>","<a href=\"https:\/\/www.ucatolica.edu.co\/portal\/category\/noticias-principales\/\" class=\"advgb-post-tax-term\">Socializaci\u00f3n de semilleros<\/a>","<a href=\"https:\/\/www.ucatolica.edu.co\/portal\/category\/noticias-principales\/\" class=\"advgb-post-tax-term\">Tipos de semilleros<\/a>"],"unlinked":["<span class=\"advgb-post-tax-term\">Direcci\u00f3n Central de Investigaciones<\/span>","<span class=\"advgb-post-tax-term\">Semilleros de Investigaci\u00f3n<\/span>","<span class=\"advgb-post-tax-term\">Socializaci\u00f3n de semilleros<\/span>","<span class=\"advgb-post-tax-term\">Tipos de semilleros<\/span>"]}},"comment_count":"0","relative_dates":{"created":"Posted 2 a\u00f1os ago","modified":"Updated 2 a\u00f1os ago"},"absolute_dates":{"created":"Posted on 26 julio, 2024","modified":"Updated on 26 julio, 2024"},"absolute_dates_time":{"created":"Posted on 26 julio, 2024 10:34 am","modified":"Updated on 26 julio, 2024 10:45 am"},"featured_img_caption":"","series_order":"","_links":{"self":[{"href":"https:\/\/www.ucatolica.edu.co\/portal\/wp-json\/wp\/v2\/posts\/109995","targetHints":{"allow":["GET"]}}],"collection":[{"href":"https:\/\/www.ucatolica.edu.co\/portal\/wp-json\/wp\/v2\/posts"}],"about":[{"href":"https:\/\/www.ucatolica.edu.co\/portal\/wp-json\/wp\/v2\/types\/post"}],"author":[{"embeddable":true,"href":"https:\/\/www.ucatolica.edu.co\/portal\/wp-json\/wp\/v2\/users\/4"}],"replies":[{"embeddable":true,"href":"https:\/\/www.ucatolica.edu.co\/portal\/wp-json\/wp\/v2\/comments?post=109995"}],"version-history":[{"count":2,"href":"https:\/\/www.ucatolica.edu.co\/portal\/wp-json\/wp\/v2\/posts\/109995\/revisions"}],"predecessor-version":[{"id":110295,"href":"https:\/\/www.ucatolica.edu.co\/portal\/wp-json\/wp\/v2\/posts\/109995\/revisions\/110295"}],"wp:featuredmedia":[{"embeddable":true,"href":"https:\/\/www.ucatolica.edu.co\/portal\/wp-json\/wp\/v2\/media\/110294"}],"wp:attachment":[{"href":"https:\/\/www.ucatolica.edu.co\/portal\/wp-json\/wp\/v2\/media?parent=109995"}],"wp:term":[{"taxonomy":"category","embeddable":true,"href":"https:\/\/www.ucatolica.edu.co\/portal\/wp-json\/wp\/v2\/categories?post=109995"},{"taxonomy":"post_tag","embeddable":true,"href":"https:\/\/www.ucatolica.edu.co\/portal\/wp-json\/wp\/v2\/tags?post=109995"}],"curies":[{"name":"wp","href":"https:\/\/api.w.org\/{rel}","templated":true}]}}