{"id":110558,"date":"2024-07-31T08:44:26","date_gmt":"2024-07-31T13:44:26","guid":{"rendered":"https:\/\/www.ucatolica.edu.co\/portal\/?p=110558"},"modified":"2024-08-23T16:36:05","modified_gmt":"2024-08-23T21:36:05","slug":"implementacion-de-sistema-innovador-de-filtracion-de-agua-en-san-isidro-patios-gracias-a-la-cooperacion-internacional","status":"publish","type":"post","link":"https:\/\/www.ucatolica.edu.co\/portal\/implementacion-de-sistema-innovador-de-filtracion-de-agua-en-san-isidro-patios-gracias-a-la-cooperacion-internacional\/","title":{"rendered":"Implementaci\u00f3n de sistema innovador de filtraci\u00f3n de agua en San Isidro Patios gracias a la cooperaci\u00f3n internacional"},"content":{"rendered":"\n<p>La Universidad Cat\u00f3lica de Colombia, en colaboraci\u00f3n con la Fundaci\u00f3n Techo, la Fundaci\u00f3n Altos del Cabo by Fondaci\u00f3 y la Universidad Jorge Tadeo Lozano, se enorgullecen de anunciar su participaci\u00f3n en el proyecto de cooperaci\u00f3n internacional ING\u00c9NIEUXSUD 2023-2024, desarrollado en colaboraci\u00f3n con la <strong>Universidad Cat\u00f3lica de Lovaina<\/strong> de B\u00e9lgica. Este esfuerzo conjunto ha dado lugar a la implementaci\u00f3n de un sistema innovador de filtraci\u00f3n lenta de arena, complementado con mecanismos de coagulaci\u00f3n-floculaci\u00f3n, dise\u00f1ado para mejorar significativamente la calidad del agua destinada al consumo de las familias de San Isidro Patios.<\/p>\n\n\n\n<p>El proyecto, alineado con los Objetivos de Desarrollo Sostenible (ODS), tiene como objetivo primordial el acceso al agua limpia y al saneamiento adecuado. Durante el proceso, se estableci\u00f3 una l\u00ednea base del contexto local mediante t\u00e9cnicas visuales como mapas mentales para identificar las \u00e1reas cr\u00edticas de necesidad de agua y habitabilidad. Adem\u00e1s, se elabor\u00f3 una propuesta detallada de transferencia tecnol\u00f3gica, adaptando los requerimientos t\u00e9cnicos a las condiciones espec\u00edficas de la comunidad con la colaboraci\u00f3n de los estudiantes de la Universidad Cat\u00f3lica de Lovaina.<\/p>\n\n\n\n<p>Entre el 09 y el 21 de julio, un grupo de estudiantes belgas realiz\u00f3 una estancia de investigaci\u00f3n en el Barrio San Luis en San Isidro &#8211; Patios., trabajando junto a los equipos locales para implementar el sistema de filtraci\u00f3n; durante su estancia, el grupo tambi\u00e9n visit\u00f3 la <strong>Universidad Cat\u00f3lica de Colombia<\/strong>, donde tuvieron la oportunidad de recorrer los laboratorios de la Facultad de Ingenier\u00eda y reunirse con directivos de la Facultad de Ingenier\u00eda y con la Oficina de Relaciones Internacionales e Interinstitucionales, fortaleciendo as\u00ed los lazos institucionales.<\/p>\n\n\n\n<p>El 16 de julio, se llev\u00f3 a cabo el evento <strong>\u201cInnovaci\u00f3n y sostenibilidad en el manejo de aguas lluvias: una experiencia entre la Universidad Cat\u00f3lica de Lovaina y la Universidad Cat\u00f3lica de Colombia\u201d<\/strong>, el cual destac\u00f3 los logros del proyecto y el impacto positivo para la comunidad del Barrio San Luis en San Isidro &#8211; Patios. La jornada reuni\u00f3 a m\u00e1s de 70 participantes, incluyendo miembros del equipo del proyecto, estudiantes y acad\u00e9micos de las Facultades de Ingenier\u00eda y Arquitectura.<\/p>\n\n\n\n<p>Lo anterior es muestra del compromiso de la Universidad Cat\u00f3lica de Colombia con la innovaci\u00f3n, el desarrollo sostenible y el bienestar comunitario, pues este proyecto representa un paso importante hacia un futuro donde todos puedan disfrutar de un acceso seguro y equitativo al agua potable.<\/p>\n\n\n\n<p>Conoce el testimonio de los estudiantes belgas haciendo <a href=\"https:\/\/www.youtube.com\/watch?v=zGAe9AI-u8E\">clic aqu\u00ed<\/a><\/p>\n","protected":false},"excerpt":{"rendered":"<p>La Universidad Cat\u00f3lica de Colombia, en colaboraci\u00f3n con la Fundaci\u00f3n Techo, la Fundaci\u00f3n Altos del Cabo by Fondaci\u00f3 y la Universidad Jorge Tadeo Lozano, se enorgullecen de anunciar su participaci\u00f3n en el proyecto de cooperaci\u00f3n internacional ING\u00c9NIEUXSUD 2023-2024, desarrollado en colaboraci\u00f3n con la Universidad Cat\u00f3lica de Lovaina de B\u00e9lgica. Este esfuerzo conjunto ha dado lugar [&hellip;]<\/p>\n","protected":false},"author":61,"featured_media":110568,"comment_status":"open","ping_status":"open","sticky":false,"template":"","format":"standard","meta":{"_acf_changed":false,"advgb_blocks_editor_width":"","advgb_blocks_columns_visual_guide":"","footnotes":""},"categories":[93],"tags":[2764,2763,152],"class_list":["post-110558","post","type-post","status-publish","format-standard","has-post-thumbnail","hentry","category-noticias-principales","tag-fundacion-altos-del-cabo-by-fondacio","tag-fundacion-techo","tag-internacionalizacion"],"acf":[],"yoast_head":"<!-- This site is optimized with the Yoast SEO plugin v26.7 - https:\/\/yoast.com\/wordpress\/plugins\/seo\/ -->\n<title>Implementaci\u00f3n de sistema innovador de filtraci\u00f3n de agua en San Isidro Patios gracias a la cooperaci\u00f3n internacional - Universidad Cat\u00f3lica De Colombia<\/title>\n<meta name=\"robots\" content=\"index, follow, max-snippet:-1, max-image-preview:large, max-video-preview:-1\" \/>\n<link rel=\"canonical\" href=\"https:\/\/www.ucatolica.edu.co\/portal\/implementacion-de-sistema-innovador-de-filtracion-de-agua-en-san-isidro-patios-gracias-a-la-cooperacion-internacional\/\" \/>\n<meta property=\"og:locale\" content=\"es_ES\" \/>\n<meta property=\"og:type\" content=\"article\" \/>\n<meta property=\"og:title\" content=\"Implementaci\u00f3n de sistema innovador de filtraci\u00f3n de agua en San Isidro Patios gracias a la cooperaci\u00f3n internacional - Universidad Cat\u00f3lica De Colombia\" \/>\n<meta property=\"og:description\" content=\"La Universidad Cat\u00f3lica de Colombia, en colaboraci\u00f3n con la Fundaci\u00f3n Techo, la Fundaci\u00f3n Altos del Cabo by Fondaci\u00f3 y la Universidad Jorge Tadeo Lozano, se enorgullecen de anunciar su participaci\u00f3n en el proyecto de cooperaci\u00f3n internacional ING\u00c9NIEUXSUD 2023-2024, desarrollado en colaboraci\u00f3n con la Universidad Cat\u00f3lica de Lovaina de B\u00e9lgica. Este esfuerzo conjunto ha dado lugar [&hellip;]\" \/>\n<meta property=\"og:url\" content=\"https:\/\/www.ucatolica.edu.co\/portal\/implementacion-de-sistema-innovador-de-filtracion-de-agua-en-san-isidro-patios-gracias-a-la-cooperacion-internacional\/\" \/>\n<meta property=\"og:site_name\" content=\"Universidad Cat\u00f3lica De Colombia\" \/>\n<meta property=\"article:publisher\" content=\"https:\/\/www.facebook.com\/ucatolicacolombia\" \/>\n<meta property=\"article:published_time\" content=\"2024-07-31T13:44:26+00:00\" \/>\n<meta property=\"article:modified_time\" content=\"2024-08-23T21:36:05+00:00\" \/>\n<meta property=\"og:image\" content=\"https:\/\/www.ucatolica.edu.co\/portal\/wp-content\/uploads\/2024\/07\/Grupo-de-estudiantes-sonriendo.jpg\" \/>\n\t<meta property=\"og:image:width\" content=\"870\" \/>\n\t<meta property=\"og:image:height\" content=\"522\" \/>\n\t<meta property=\"og:image:type\" content=\"image\/jpeg\" \/>\n<meta name=\"author\" content=\"Leidy Dayanna Jaramillo Tavera\" \/>\n<meta name=\"twitter:card\" content=\"summary_large_image\" \/>\n<meta name=\"twitter:creator\" content=\"@UCatolicaCol\" \/>\n<meta name=\"twitter:site\" content=\"@UCatolicaCol\" \/>\n<meta name=\"twitter:label1\" content=\"Escrito por\" \/>\n\t<meta name=\"twitter:data1\" content=\"Leidy Dayanna Jaramillo Tavera\" \/>\n\t<meta name=\"twitter:label2\" content=\"Tiempo de lectura\" \/>\n\t<meta name=\"twitter:data2\" content=\"2 minutos\" \/>\n<script type=\"application\/ld+json\" class=\"yoast-schema-graph\">{\"@context\":\"https:\/\/schema.org\",\"@graph\":[{\"@type\":\"Article\",\"@id\":\"https:\/\/www.ucatolica.edu.co\/portal\/implementacion-de-sistema-innovador-de-filtracion-de-agua-en-san-isidro-patios-gracias-a-la-cooperacion-internacional\/#article\",\"isPartOf\":{\"@id\":\"https:\/\/www.ucatolica.edu.co\/portal\/implementacion-de-sistema-innovador-de-filtracion-de-agua-en-san-isidro-patios-gracias-a-la-cooperacion-internacional\/\"},\"author\":{\"name\":\"Leidy Dayanna Jaramillo Tavera\",\"@id\":\"https:\/\/www.ucatolica.edu.co\/portal\/#\/schema\/person\/c03ebc5b4f80ce7b8947aa9ddece408a\"},\"headline\":\"Implementaci\u00f3n de sistema innovador de filtraci\u00f3n de agua en San Isidro Patios gracias a la cooperaci\u00f3n internacional\",\"datePublished\":\"2024-07-31T13:44:26+00:00\",\"dateModified\":\"2024-08-23T21:36:05+00:00\",\"mainEntityOfPage\":{\"@id\":\"https:\/\/www.ucatolica.edu.co\/portal\/implementacion-de-sistema-innovador-de-filtracion-de-agua-en-san-isidro-patios-gracias-a-la-cooperacion-internacional\/\"},\"wordCount\":450,\"commentCount\":0,\"publisher\":{\"@id\":\"https:\/\/www.ucatolica.edu.co\/portal\/#organization\"},\"image\":{\"@id\":\"https:\/\/www.ucatolica.edu.co\/portal\/implementacion-de-sistema-innovador-de-filtracion-de-agua-en-san-isidro-patios-gracias-a-la-cooperacion-internacional\/#primaryimage\"},\"thumbnailUrl\":\"https:\/\/www.ucatolica.edu.co\/portal\/wp-content\/uploads\/2024\/07\/Grupo-de-estudiantes-sonriendo.jpg\",\"keywords\":[\"Fundaci\u00f3n Altos del Cabo by Fondaci\u00f3\",\"Fundaci\u00f3n Techo\",\"Internacionalizaci\u00f3n\"],\"articleSection\":[\"Noticias Principales\"],\"inLanguage\":\"es-CO\"},{\"@type\":\"WebPage\",\"@id\":\"https:\/\/www.ucatolica.edu.co\/portal\/implementacion-de-sistema-innovador-de-filtracion-de-agua-en-san-isidro-patios-gracias-a-la-cooperacion-internacional\/\",\"url\":\"https:\/\/www.ucatolica.edu.co\/portal\/implementacion-de-sistema-innovador-de-filtracion-de-agua-en-san-isidro-patios-gracias-a-la-cooperacion-internacional\/\",\"name\":\"Implementaci\u00f3n de sistema innovador de filtraci\u00f3n de agua en San Isidro Patios gracias a la cooperaci\u00f3n internacional - Universidad Cat\u00f3lica De Colombia\",\"isPartOf\":{\"@id\":\"https:\/\/www.ucatolica.edu.co\/portal\/#website\"},\"primaryImageOfPage\":{\"@id\":\"https:\/\/www.ucatolica.edu.co\/portal\/implementacion-de-sistema-innovador-de-filtracion-de-agua-en-san-isidro-patios-gracias-a-la-cooperacion-internacional\/#primaryimage\"},\"image\":{\"@id\":\"https:\/\/www.ucatolica.edu.co\/portal\/implementacion-de-sistema-innovador-de-filtracion-de-agua-en-san-isidro-patios-gracias-a-la-cooperacion-internacional\/#primaryimage\"},\"thumbnailUrl\":\"https:\/\/www.ucatolica.edu.co\/portal\/wp-content\/uploads\/2024\/07\/Grupo-de-estudiantes-sonriendo.jpg\",\"datePublished\":\"2024-07-31T13:44:26+00:00\",\"dateModified\":\"2024-08-23T21:36:05+00:00\",\"breadcrumb\":{\"@id\":\"https:\/\/www.ucatolica.edu.co\/portal\/implementacion-de-sistema-innovador-de-filtracion-de-agua-en-san-isidro-patios-gracias-a-la-cooperacion-internacional\/#breadcrumb\"},\"inLanguage\":\"es-CO\",\"potentialAction\":[{\"@type\":\"ReadAction\",\"target\":[\"https:\/\/www.ucatolica.edu.co\/portal\/implementacion-de-sistema-innovador-de-filtracion-de-agua-en-san-isidro-patios-gracias-a-la-cooperacion-internacional\/\"]}]},{\"@type\":\"ImageObject\",\"inLanguage\":\"es-CO\",\"@id\":\"https:\/\/www.ucatolica.edu.co\/portal\/implementacion-de-sistema-innovador-de-filtracion-de-agua-en-san-isidro-patios-gracias-a-la-cooperacion-internacional\/#primaryimage\",\"url\":\"https:\/\/www.ucatolica.edu.co\/portal\/wp-content\/uploads\/2024\/07\/Grupo-de-estudiantes-sonriendo.jpg\",\"contentUrl\":\"https:\/\/www.ucatolica.edu.co\/portal\/wp-content\/uploads\/2024\/07\/Grupo-de-estudiantes-sonriendo.jpg\",\"width\":870,\"height\":522,\"caption\":\"Grupo de estudiantes sonriendo\"},{\"@type\":\"BreadcrumbList\",\"@id\":\"https:\/\/www.ucatolica.edu.co\/portal\/implementacion-de-sistema-innovador-de-filtracion-de-agua-en-san-isidro-patios-gracias-a-la-cooperacion-internacional\/#breadcrumb\",\"itemListElement\":[{\"@type\":\"ListItem\",\"position\":1,\"name\":\"Inicio\",\"item\":\"https:\/\/www.ucatolica.edu.co\/portal\/\"},{\"@type\":\"ListItem\",\"position\":2,\"name\":\"Implementaci\u00f3n de sistema innovador de filtraci\u00f3n de agua en San Isidro Patios gracias a la cooperaci\u00f3n internacional\"}]},{\"@type\":\"WebSite\",\"@id\":\"https:\/\/www.ucatolica.edu.co\/portal\/#website\",\"url\":\"https:\/\/www.ucatolica.edu.co\/portal\/\",\"name\":\"Universidad Cat\u00f3lica De Colombia\",\"description\":\"Universidad Cat\u00f3lica De Colombia\",\"publisher\":{\"@id\":\"https:\/\/www.ucatolica.edu.co\/portal\/#organization\"},\"potentialAction\":[{\"@type\":\"SearchAction\",\"target\":{\"@type\":\"EntryPoint\",\"urlTemplate\":\"https:\/\/www.ucatolica.edu.co\/portal\/?s={search_term_string}\"},\"query-input\":{\"@type\":\"PropertyValueSpecification\",\"valueRequired\":true,\"valueName\":\"search_term_string\"}}],\"inLanguage\":\"es-CO\"},{\"@type\":\"Organization\",\"@id\":\"https:\/\/www.ucatolica.edu.co\/portal\/#organization\",\"name\":\"Universidad Cat\u00f3lica de Colombia\",\"url\":\"https:\/\/www.ucatolica.edu.co\/portal\/\",\"logo\":{\"@type\":\"ImageObject\",\"inLanguage\":\"es-CO\",\"@id\":\"https:\/\/www.ucatolica.edu.co\/portal\/#\/schema\/logo\/image\/\",\"url\":\"https:\/\/www.ucatolica.edu.co\/portal\/wp-content\/uploads\/2021\/06\/logo-header-ho-1.svg\",\"contentUrl\":\"https:\/\/www.ucatolica.edu.co\/portal\/wp-content\/uploads\/2021\/06\/logo-header-ho-1.svg\",\"width\":1,\"height\":1,\"caption\":\"Universidad Cat\u00f3lica de Colombia\"},\"image\":{\"@id\":\"https:\/\/www.ucatolica.edu.co\/portal\/#\/schema\/logo\/image\/\"},\"sameAs\":[\"https:\/\/www.facebook.com\/ucatolicacolombia\",\"https:\/\/x.com\/UCatolicaCol\",\"https:\/\/www.instagram.com\/universidadcatolicadecolombia\/\",\"https:\/\/www.linkedin.com\/company\/universidadcatolicadecolombia\/\",\"https:\/\/www.youtube.com\/user\/UCatolicaCo\"]},{\"@type\":\"Person\",\"@id\":\"https:\/\/www.ucatolica.edu.co\/portal\/#\/schema\/person\/c03ebc5b4f80ce7b8947aa9ddece408a\",\"name\":\"Leidy Dayanna Jaramillo Tavera\",\"url\":\"https:\/\/www.ucatolica.edu.co\/portal\/author\/dayana\/\"}]}<\/script>\n<!-- \/ Yoast SEO plugin. -->","yoast_head_json":{"title":"Implementaci\u00f3n de sistema innovador de filtraci\u00f3n de agua en San Isidro Patios gracias a la cooperaci\u00f3n internacional - Universidad Cat\u00f3lica De Colombia","robots":{"index":"index","follow":"follow","max-snippet":"max-snippet:-1","max-image-preview":"max-image-preview:large","max-video-preview":"max-video-preview:-1"},"canonical":"https:\/\/www.ucatolica.edu.co\/portal\/implementacion-de-sistema-innovador-de-filtracion-de-agua-en-san-isidro-patios-gracias-a-la-cooperacion-internacional\/","og_locale":"es_ES","og_type":"article","og_title":"Implementaci\u00f3n de sistema innovador de filtraci\u00f3n de agua en San Isidro Patios gracias a la cooperaci\u00f3n internacional - Universidad Cat\u00f3lica De Colombia","og_description":"La Universidad Cat\u00f3lica de Colombia, en colaboraci\u00f3n con la Fundaci\u00f3n Techo, la Fundaci\u00f3n Altos del Cabo by Fondaci\u00f3 y la Universidad Jorge Tadeo Lozano, se enorgullecen de anunciar su participaci\u00f3n en el proyecto de cooperaci\u00f3n internacional ING\u00c9NIEUXSUD 2023-2024, desarrollado en colaboraci\u00f3n con la Universidad Cat\u00f3lica de Lovaina de B\u00e9lgica. Este esfuerzo conjunto ha dado lugar [&hellip;]","og_url":"https:\/\/www.ucatolica.edu.co\/portal\/implementacion-de-sistema-innovador-de-filtracion-de-agua-en-san-isidro-patios-gracias-a-la-cooperacion-internacional\/","og_site_name":"Universidad Cat\u00f3lica De Colombia","article_publisher":"https:\/\/www.facebook.com\/ucatolicacolombia","article_published_time":"2024-07-31T13:44:26+00:00","article_modified_time":"2024-08-23T21:36:05+00:00","og_image":[{"width":870,"height":522,"url":"https:\/\/www.ucatolica.edu.co\/portal\/wp-content\/uploads\/2024\/07\/Grupo-de-estudiantes-sonriendo.jpg","type":"image\/jpeg"}],"author":"Leidy Dayanna Jaramillo Tavera","twitter_card":"summary_large_image","twitter_creator":"@UCatolicaCol","twitter_site":"@UCatolicaCol","twitter_misc":{"Escrito por":"Leidy Dayanna Jaramillo Tavera","Tiempo de lectura":"2 minutos"},"schema":{"@context":"https:\/\/schema.org","@graph":[{"@type":"Article","@id":"https:\/\/www.ucatolica.edu.co\/portal\/implementacion-de-sistema-innovador-de-filtracion-de-agua-en-san-isidro-patios-gracias-a-la-cooperacion-internacional\/#article","isPartOf":{"@id":"https:\/\/www.ucatolica.edu.co\/portal\/implementacion-de-sistema-innovador-de-filtracion-de-agua-en-san-isidro-patios-gracias-a-la-cooperacion-internacional\/"},"author":{"name":"Leidy Dayanna Jaramillo Tavera","@id":"https:\/\/www.ucatolica.edu.co\/portal\/#\/schema\/person\/c03ebc5b4f80ce7b8947aa9ddece408a"},"headline":"Implementaci\u00f3n de sistema innovador de filtraci\u00f3n de agua en San Isidro Patios gracias a la cooperaci\u00f3n internacional","datePublished":"2024-07-31T13:44:26+00:00","dateModified":"2024-08-23T21:36:05+00:00","mainEntityOfPage":{"@id":"https:\/\/www.ucatolica.edu.co\/portal\/implementacion-de-sistema-innovador-de-filtracion-de-agua-en-san-isidro-patios-gracias-a-la-cooperacion-internacional\/"},"wordCount":450,"commentCount":0,"publisher":{"@id":"https:\/\/www.ucatolica.edu.co\/portal\/#organization"},"image":{"@id":"https:\/\/www.ucatolica.edu.co\/portal\/implementacion-de-sistema-innovador-de-filtracion-de-agua-en-san-isidro-patios-gracias-a-la-cooperacion-internacional\/#primaryimage"},"thumbnailUrl":"https:\/\/www.ucatolica.edu.co\/portal\/wp-content\/uploads\/2024\/07\/Grupo-de-estudiantes-sonriendo.jpg","keywords":["Fundaci\u00f3n Altos del Cabo by Fondaci\u00f3","Fundaci\u00f3n Techo","Internacionalizaci\u00f3n"],"articleSection":["Noticias Principales"],"inLanguage":"es-CO"},{"@type":"WebPage","@id":"https:\/\/www.ucatolica.edu.co\/portal\/implementacion-de-sistema-innovador-de-filtracion-de-agua-en-san-isidro-patios-gracias-a-la-cooperacion-internacional\/","url":"https:\/\/www.ucatolica.edu.co\/portal\/implementacion-de-sistema-innovador-de-filtracion-de-agua-en-san-isidro-patios-gracias-a-la-cooperacion-internacional\/","name":"Implementaci\u00f3n de sistema innovador de filtraci\u00f3n de agua en San Isidro Patios gracias a la cooperaci\u00f3n internacional - Universidad Cat\u00f3lica De Colombia","isPartOf":{"@id":"https:\/\/www.ucatolica.edu.co\/portal\/#website"},"primaryImageOfPage":{"@id":"https:\/\/www.ucatolica.edu.co\/portal\/implementacion-de-sistema-innovador-de-filtracion-de-agua-en-san-isidro-patios-gracias-a-la-cooperacion-internacional\/#primaryimage"},"image":{"@id":"https:\/\/www.ucatolica.edu.co\/portal\/implementacion-de-sistema-innovador-de-filtracion-de-agua-en-san-isidro-patios-gracias-a-la-cooperacion-internacional\/#primaryimage"},"thumbnailUrl":"https:\/\/www.ucatolica.edu.co\/portal\/wp-content\/uploads\/2024\/07\/Grupo-de-estudiantes-sonriendo.jpg","datePublished":"2024-07-31T13:44:26+00:00","dateModified":"2024-08-23T21:36:05+00:00","breadcrumb":{"@id":"https:\/\/www.ucatolica.edu.co\/portal\/implementacion-de-sistema-innovador-de-filtracion-de-agua-en-san-isidro-patios-gracias-a-la-cooperacion-internacional\/#breadcrumb"},"inLanguage":"es-CO","potentialAction":[{"@type":"ReadAction","target":["https:\/\/www.ucatolica.edu.co\/portal\/implementacion-de-sistema-innovador-de-filtracion-de-agua-en-san-isidro-patios-gracias-a-la-cooperacion-internacional\/"]}]},{"@type":"ImageObject","inLanguage":"es-CO","@id":"https:\/\/www.ucatolica.edu.co\/portal\/implementacion-de-sistema-innovador-de-filtracion-de-agua-en-san-isidro-patios-gracias-a-la-cooperacion-internacional\/#primaryimage","url":"https:\/\/www.ucatolica.edu.co\/portal\/wp-content\/uploads\/2024\/07\/Grupo-de-estudiantes-sonriendo.jpg","contentUrl":"https:\/\/www.ucatolica.edu.co\/portal\/wp-content\/uploads\/2024\/07\/Grupo-de-estudiantes-sonriendo.jpg","width":870,"height":522,"caption":"Grupo de estudiantes sonriendo"},{"@type":"BreadcrumbList","@id":"https:\/\/www.ucatolica.edu.co\/portal\/implementacion-de-sistema-innovador-de-filtracion-de-agua-en-san-isidro-patios-gracias-a-la-cooperacion-internacional\/#breadcrumb","itemListElement":[{"@type":"ListItem","position":1,"name":"Inicio","item":"https:\/\/www.ucatolica.edu.co\/portal\/"},{"@type":"ListItem","position":2,"name":"Implementaci\u00f3n de sistema innovador de filtraci\u00f3n de agua en San Isidro Patios gracias a la cooperaci\u00f3n internacional"}]},{"@type":"WebSite","@id":"https:\/\/www.ucatolica.edu.co\/portal\/#website","url":"https:\/\/www.ucatolica.edu.co\/portal\/","name":"Universidad Cat\u00f3lica De Colombia","description":"Universidad Cat\u00f3lica De Colombia","publisher":{"@id":"https:\/\/www.ucatolica.edu.co\/portal\/#organization"},"potentialAction":[{"@type":"SearchAction","target":{"@type":"EntryPoint","urlTemplate":"https:\/\/www.ucatolica.edu.co\/portal\/?s={search_term_string}"},"query-input":{"@type":"PropertyValueSpecification","valueRequired":true,"valueName":"search_term_string"}}],"inLanguage":"es-CO"},{"@type":"Organization","@id":"https:\/\/www.ucatolica.edu.co\/portal\/#organization","name":"Universidad Cat\u00f3lica de Colombia","url":"https:\/\/www.ucatolica.edu.co\/portal\/","logo":{"@type":"ImageObject","inLanguage":"es-CO","@id":"https:\/\/www.ucatolica.edu.co\/portal\/#\/schema\/logo\/image\/","url":"https:\/\/www.ucatolica.edu.co\/portal\/wp-content\/uploads\/2021\/06\/logo-header-ho-1.svg","contentUrl":"https:\/\/www.ucatolica.edu.co\/portal\/wp-content\/uploads\/2021\/06\/logo-header-ho-1.svg","width":1,"height":1,"caption":"Universidad Cat\u00f3lica de Colombia"},"image":{"@id":"https:\/\/www.ucatolica.edu.co\/portal\/#\/schema\/logo\/image\/"},"sameAs":["https:\/\/www.facebook.com\/ucatolicacolombia","https:\/\/x.com\/UCatolicaCol","https:\/\/www.instagram.com\/universidadcatolicadecolombia\/","https:\/\/www.linkedin.com\/company\/universidadcatolicadecolombia\/","https:\/\/www.youtube.com\/user\/UCatolicaCo"]},{"@type":"Person","@id":"https:\/\/www.ucatolica.edu.co\/portal\/#\/schema\/person\/c03ebc5b4f80ce7b8947aa9ddece408a","name":"Leidy Dayanna Jaramillo Tavera","url":"https:\/\/www.ucatolica.edu.co\/portal\/author\/dayana\/"}]}},"author_meta":{"display_name":"Leidy Dayanna Jaramillo Tavera","author_link":"https:\/\/www.ucatolica.edu.co\/portal\/author\/dayana\/"},"featured_img":"https:\/\/www.ucatolica.edu.co\/portal\/wp-content\/uploads\/2024\/07\/Grupo-de-estudiantes-sonriendo.jpg","coauthors":[],"tax_additional":{"categories":{"linked":["<a href=\"https:\/\/www.ucatolica.edu.co\/portal\/category\/noticias-principales\/\" class=\"advgb-post-tax-term\">Noticias Principales<\/a>"],"unlinked":["<span class=\"advgb-post-tax-term\">Noticias Principales<\/span>"]},"tags":{"linked":["<a href=\"https:\/\/www.ucatolica.edu.co\/portal\/category\/noticias-principales\/\" class=\"advgb-post-tax-term\">Fundaci\u00f3n Altos del Cabo by Fondaci\u00f3<\/a>","<a href=\"https:\/\/www.ucatolica.edu.co\/portal\/category\/noticias-principales\/\" class=\"advgb-post-tax-term\">Fundaci\u00f3n Techo<\/a>","<a href=\"https:\/\/www.ucatolica.edu.co\/portal\/category\/noticias-principales\/\" class=\"advgb-post-tax-term\">Internacionalizaci\u00f3n<\/a>"],"unlinked":["<span class=\"advgb-post-tax-term\">Fundaci\u00f3n Altos del Cabo by Fondaci\u00f3<\/span>","<span class=\"advgb-post-tax-term\">Fundaci\u00f3n Techo<\/span>","<span class=\"advgb-post-tax-term\">Internacionalizaci\u00f3n<\/span>"]}},"comment_count":"0","relative_dates":{"created":"Posted 2 a\u00f1os ago","modified":"Updated 2 a\u00f1os ago"},"absolute_dates":{"created":"Posted on 31 julio, 2024","modified":"Updated on 23 agosto, 2024"},"absolute_dates_time":{"created":"Posted on 31 julio, 2024 8:44 am","modified":"Updated on 23 agosto, 2024 4:36 pm"},"featured_img_caption":"","series_order":"","_links":{"self":[{"href":"https:\/\/www.ucatolica.edu.co\/portal\/wp-json\/wp\/v2\/posts\/110558","targetHints":{"allow":["GET"]}}],"collection":[{"href":"https:\/\/www.ucatolica.edu.co\/portal\/wp-json\/wp\/v2\/posts"}],"about":[{"href":"https:\/\/www.ucatolica.edu.co\/portal\/wp-json\/wp\/v2\/types\/post"}],"author":[{"embeddable":true,"href":"https:\/\/www.ucatolica.edu.co\/portal\/wp-json\/wp\/v2\/users\/61"}],"replies":[{"embeddable":true,"href":"https:\/\/www.ucatolica.edu.co\/portal\/wp-json\/wp\/v2\/comments?post=110558"}],"version-history":[{"count":2,"href":"https:\/\/www.ucatolica.edu.co\/portal\/wp-json\/wp\/v2\/posts\/110558\/revisions"}],"predecessor-version":[{"id":110972,"href":"https:\/\/www.ucatolica.edu.co\/portal\/wp-json\/wp\/v2\/posts\/110558\/revisions\/110972"}],"wp:featuredmedia":[{"embeddable":true,"href":"https:\/\/www.ucatolica.edu.co\/portal\/wp-json\/wp\/v2\/media\/110568"}],"wp:attachment":[{"href":"https:\/\/www.ucatolica.edu.co\/portal\/wp-json\/wp\/v2\/media?parent=110558"}],"wp:term":[{"taxonomy":"category","embeddable":true,"href":"https:\/\/www.ucatolica.edu.co\/portal\/wp-json\/wp\/v2\/categories?post=110558"},{"taxonomy":"post_tag","embeddable":true,"href":"https:\/\/www.ucatolica.edu.co\/portal\/wp-json\/wp\/v2\/tags?post=110558"}],"curies":[{"name":"wp","href":"https:\/\/api.w.org\/{rel}","templated":true}]}}