{"id":110686,"date":"2024-08-05T12:44:52","date_gmt":"2024-08-05T17:44:52","guid":{"rendered":"https:\/\/www.ucatolica.edu.co\/portal\/?p=110686"},"modified":"2024-08-05T15:03:13","modified_gmt":"2024-08-05T20:03:13","slug":"agendate-con-la-charla-introductoria-en-derecho-notarial","status":"publish","type":"post","link":"https:\/\/www.ucatolica.edu.co\/portal\/agendate-con-la-charla-introductoria-en-derecho-notarial\/","title":{"rendered":"\u00a1Ag\u00e9ndate con la charla introductoria en Derecho Notarial!"},"content":{"rendered":"\n<p>La Coordinaci\u00f3n de Educaci\u00f3n Continuada de la Universidad Cat\u00f3lica de Colombia, invita a la comunidad acad\u00e9mica y administrativa de la Facultad de Derecho, a participar en la charla que se va a realizar en agosto. Este espacio es creado para resolver dudas e inquietudes, que les ayudar\u00e1 a los interesados a tomar la decisi\u00f3n de inscribirse.<\/p>\n\n\n\n<p><strong>Charla introductoria en Derecho Notarial<\/strong><\/p>\n\n\n\n<p><strong>Objetivo: <\/strong>Invitar a profesionales y estudiantes del \u00e1mbito jur\u00eddico a una charla introductoria sobre el Diplomado en Derecho Notarial, donde se presentar\u00e1n los contenidos del programa, la importancia de la especializaci\u00f3n en esta \u00e1rea y las oportunidades que ofrece para el desarrollo profesional, fomentando as\u00ed un espacio de aprendizaje y networking entre los asistentes.<\/p>\n\n\n\n<p>Modalidad: Online<br><strong>Fecha: <\/strong>22 de agosto<br>Hora: 7:00 p.m.<br>Link de inscripci\u00f3n\u00a0<strong><a href=\"https:\/\/forms.office.com\/r\/KVK5RysDt5?origin=lprLink\">aqu\u00ed<\/a><\/strong><\/p>\n\n\n\n<p><strong>Datos de contacto:<\/strong><\/p>\n\n\n\n<p><em>Direcci\u00f3n de Extensi\u00f3n<\/em> &#8211; Coordinaci\u00f3n de Educaci\u00f3n Continuada<br><em>4433700 Ext. 3292 -1089 \u2013 1090 \u2013 Cel. 3183240520 WhatsApp<\/em><\/p>\n","protected":false},"excerpt":{"rendered":"<p>La Coordinaci\u00f3n de Educaci\u00f3n Continuada de la Universidad Cat\u00f3lica de Colombia, invita a la comunidad acad\u00e9mica y administrativa de la Facultad de Derecho, a participar en la charla que se va a realizar en agosto. Este espacio es creado para resolver dudas e inquietudes, que les ayudar\u00e1 a los interesados a tomar la decisi\u00f3n de [&hellip;]<\/p>\n","protected":false},"author":4,"featured_media":0,"comment_status":"open","ping_status":"open","sticky":false,"template":"","format":"standard","meta":{"_acf_changed":false,"advgb_blocks_editor_width":"","advgb_blocks_columns_visual_guide":"","footnotes":""},"categories":[738],"tags":[2773,1100],"class_list":["post-110686","post","type-post","status-publish","format-standard","hentry","category-actividades","tag-derecho-notarial","tag-educacion-continuada"],"acf":[],"yoast_head":"<!-- This site is optimized with the Yoast SEO plugin v26.7 - https:\/\/yoast.com\/wordpress\/plugins\/seo\/ -->\n<title>\u00a1Ag\u00e9ndate con la charla introductoria en Derecho Notarial! - Universidad Cat\u00f3lica De Colombia<\/title>\n<meta name=\"robots\" content=\"index, follow, max-snippet:-1, max-image-preview:large, max-video-preview:-1\" \/>\n<link rel=\"canonical\" href=\"https:\/\/www.ucatolica.edu.co\/portal\/agendate-con-la-charla-introductoria-en-derecho-notarial\/\" \/>\n<meta property=\"og:locale\" content=\"es_ES\" \/>\n<meta property=\"og:type\" content=\"article\" \/>\n<meta property=\"og:title\" content=\"\u00a1Ag\u00e9ndate con la charla introductoria en Derecho Notarial! - Universidad Cat\u00f3lica De Colombia\" \/>\n<meta property=\"og:description\" content=\"La Coordinaci\u00f3n de Educaci\u00f3n Continuada de la Universidad Cat\u00f3lica de Colombia, invita a la comunidad acad\u00e9mica y administrativa de la Facultad de Derecho, a participar en la charla que se va a realizar en agosto. Este espacio es creado para resolver dudas e inquietudes, que les ayudar\u00e1 a los interesados a tomar la decisi\u00f3n de [&hellip;]\" \/>\n<meta property=\"og:url\" content=\"https:\/\/www.ucatolica.edu.co\/portal\/agendate-con-la-charla-introductoria-en-derecho-notarial\/\" \/>\n<meta property=\"og:site_name\" content=\"Universidad Cat\u00f3lica De Colombia\" \/>\n<meta property=\"article:publisher\" content=\"https:\/\/www.facebook.com\/ucatolicacolombia\" \/>\n<meta property=\"article:published_time\" content=\"2024-08-05T17:44:52+00:00\" \/>\n<meta property=\"article:modified_time\" content=\"2024-08-05T20:03:13+00:00\" \/>\n<meta name=\"author\" content=\"Cindy Lugo\" \/>\n<meta name=\"twitter:card\" content=\"summary_large_image\" \/>\n<meta name=\"twitter:creator\" content=\"@UCatolicaCol\" \/>\n<meta name=\"twitter:site\" content=\"@UCatolicaCol\" \/>\n<meta name=\"twitter:label1\" content=\"Escrito por\" \/>\n\t<meta name=\"twitter:data1\" content=\"Cindy Lugo\" \/>\n\t<meta name=\"twitter:label2\" content=\"Tiempo de lectura\" \/>\n\t<meta name=\"twitter:data2\" content=\"1 minuto\" \/>\n<script type=\"application\/ld+json\" class=\"yoast-schema-graph\">{\"@context\":\"https:\/\/schema.org\",\"@graph\":[{\"@type\":\"Article\",\"@id\":\"https:\/\/www.ucatolica.edu.co\/portal\/agendate-con-la-charla-introductoria-en-derecho-notarial\/#article\",\"isPartOf\":{\"@id\":\"https:\/\/www.ucatolica.edu.co\/portal\/agendate-con-la-charla-introductoria-en-derecho-notarial\/\"},\"author\":{\"name\":\"Cindy Lugo\",\"@id\":\"https:\/\/www.ucatolica.edu.co\/portal\/#\/schema\/person\/a7469afff252fba81c6cdc40c80f00b6\"},\"headline\":\"\u00a1Ag\u00e9ndate con la charla introductoria en Derecho Notarial!\",\"datePublished\":\"2024-08-05T17:44:52+00:00\",\"dateModified\":\"2024-08-05T20:03:13+00:00\",\"mainEntityOfPage\":{\"@id\":\"https:\/\/www.ucatolica.edu.co\/portal\/agendate-con-la-charla-introductoria-en-derecho-notarial\/\"},\"wordCount\":163,\"commentCount\":0,\"publisher\":{\"@id\":\"https:\/\/www.ucatolica.edu.co\/portal\/#organization\"},\"keywords\":[\"Derecho Notarial\",\"Educaci\u00f3n Continuada\"],\"articleSection\":[\"Actividades\"],\"inLanguage\":\"es-CO\"},{\"@type\":\"WebPage\",\"@id\":\"https:\/\/www.ucatolica.edu.co\/portal\/agendate-con-la-charla-introductoria-en-derecho-notarial\/\",\"url\":\"https:\/\/www.ucatolica.edu.co\/portal\/agendate-con-la-charla-introductoria-en-derecho-notarial\/\",\"name\":\"\u00a1Ag\u00e9ndate con la charla introductoria en Derecho Notarial! - Universidad Cat\u00f3lica De Colombia\",\"isPartOf\":{\"@id\":\"https:\/\/www.ucatolica.edu.co\/portal\/#website\"},\"datePublished\":\"2024-08-05T17:44:52+00:00\",\"dateModified\":\"2024-08-05T20:03:13+00:00\",\"breadcrumb\":{\"@id\":\"https:\/\/www.ucatolica.edu.co\/portal\/agendate-con-la-charla-introductoria-en-derecho-notarial\/#breadcrumb\"},\"inLanguage\":\"es-CO\",\"potentialAction\":[{\"@type\":\"ReadAction\",\"target\":[\"https:\/\/www.ucatolica.edu.co\/portal\/agendate-con-la-charla-introductoria-en-derecho-notarial\/\"]}]},{\"@type\":\"BreadcrumbList\",\"@id\":\"https:\/\/www.ucatolica.edu.co\/portal\/agendate-con-la-charla-introductoria-en-derecho-notarial\/#breadcrumb\",\"itemListElement\":[{\"@type\":\"ListItem\",\"position\":1,\"name\":\"Inicio\",\"item\":\"https:\/\/www.ucatolica.edu.co\/portal\/\"},{\"@type\":\"ListItem\",\"position\":2,\"name\":\"\u00a1Ag\u00e9ndate con la charla introductoria en Derecho Notarial!\"}]},{\"@type\":\"WebSite\",\"@id\":\"https:\/\/www.ucatolica.edu.co\/portal\/#website\",\"url\":\"https:\/\/www.ucatolica.edu.co\/portal\/\",\"name\":\"Universidad Cat\u00f3lica De Colombia\",\"description\":\"Universidad Cat\u00f3lica De Colombia\",\"publisher\":{\"@id\":\"https:\/\/www.ucatolica.edu.co\/portal\/#organization\"},\"potentialAction\":[{\"@type\":\"SearchAction\",\"target\":{\"@type\":\"EntryPoint\",\"urlTemplate\":\"https:\/\/www.ucatolica.edu.co\/portal\/?s={search_term_string}\"},\"query-input\":{\"@type\":\"PropertyValueSpecification\",\"valueRequired\":true,\"valueName\":\"search_term_string\"}}],\"inLanguage\":\"es-CO\"},{\"@type\":\"Organization\",\"@id\":\"https:\/\/www.ucatolica.edu.co\/portal\/#organization\",\"name\":\"Universidad Cat\u00f3lica de Colombia\",\"url\":\"https:\/\/www.ucatolica.edu.co\/portal\/\",\"logo\":{\"@type\":\"ImageObject\",\"inLanguage\":\"es-CO\",\"@id\":\"https:\/\/www.ucatolica.edu.co\/portal\/#\/schema\/logo\/image\/\",\"url\":\"https:\/\/www.ucatolica.edu.co\/portal\/wp-content\/uploads\/2021\/06\/logo-header-ho-1.svg\",\"contentUrl\":\"https:\/\/www.ucatolica.edu.co\/portal\/wp-content\/uploads\/2021\/06\/logo-header-ho-1.svg\",\"width\":1,\"height\":1,\"caption\":\"Universidad Cat\u00f3lica de Colombia\"},\"image\":{\"@id\":\"https:\/\/www.ucatolica.edu.co\/portal\/#\/schema\/logo\/image\/\"},\"sameAs\":[\"https:\/\/www.facebook.com\/ucatolicacolombia\",\"https:\/\/x.com\/UCatolicaCol\",\"https:\/\/www.instagram.com\/universidadcatolicadecolombia\/\",\"https:\/\/www.linkedin.com\/company\/universidadcatolicadecolombia\/\",\"https:\/\/www.youtube.com\/user\/UCatolicaCo\"]},{\"@type\":\"Person\",\"@id\":\"https:\/\/www.ucatolica.edu.co\/portal\/#\/schema\/person\/a7469afff252fba81c6cdc40c80f00b6\",\"name\":\"Cindy Lugo\",\"url\":\"https:\/\/www.ucatolica.edu.co\/portal\/author\/cindy\/\"}]}<\/script>\n<!-- \/ Yoast SEO plugin. -->","yoast_head_json":{"title":"\u00a1Ag\u00e9ndate con la charla introductoria en Derecho Notarial! - Universidad Cat\u00f3lica De Colombia","robots":{"index":"index","follow":"follow","max-snippet":"max-snippet:-1","max-image-preview":"max-image-preview:large","max-video-preview":"max-video-preview:-1"},"canonical":"https:\/\/www.ucatolica.edu.co\/portal\/agendate-con-la-charla-introductoria-en-derecho-notarial\/","og_locale":"es_ES","og_type":"article","og_title":"\u00a1Ag\u00e9ndate con la charla introductoria en Derecho Notarial! - Universidad Cat\u00f3lica De Colombia","og_description":"La Coordinaci\u00f3n de Educaci\u00f3n Continuada de la Universidad Cat\u00f3lica de Colombia, invita a la comunidad acad\u00e9mica y administrativa de la Facultad de Derecho, a participar en la charla que se va a realizar en agosto. Este espacio es creado para resolver dudas e inquietudes, que les ayudar\u00e1 a los interesados a tomar la decisi\u00f3n de [&hellip;]","og_url":"https:\/\/www.ucatolica.edu.co\/portal\/agendate-con-la-charla-introductoria-en-derecho-notarial\/","og_site_name":"Universidad Cat\u00f3lica De Colombia","article_publisher":"https:\/\/www.facebook.com\/ucatolicacolombia","article_published_time":"2024-08-05T17:44:52+00:00","article_modified_time":"2024-08-05T20:03:13+00:00","author":"Cindy Lugo","twitter_card":"summary_large_image","twitter_creator":"@UCatolicaCol","twitter_site":"@UCatolicaCol","twitter_misc":{"Escrito por":"Cindy Lugo","Tiempo de lectura":"1 minuto"},"schema":{"@context":"https:\/\/schema.org","@graph":[{"@type":"Article","@id":"https:\/\/www.ucatolica.edu.co\/portal\/agendate-con-la-charla-introductoria-en-derecho-notarial\/#article","isPartOf":{"@id":"https:\/\/www.ucatolica.edu.co\/portal\/agendate-con-la-charla-introductoria-en-derecho-notarial\/"},"author":{"name":"Cindy Lugo","@id":"https:\/\/www.ucatolica.edu.co\/portal\/#\/schema\/person\/a7469afff252fba81c6cdc40c80f00b6"},"headline":"\u00a1Ag\u00e9ndate con la charla introductoria en Derecho Notarial!","datePublished":"2024-08-05T17:44:52+00:00","dateModified":"2024-08-05T20:03:13+00:00","mainEntityOfPage":{"@id":"https:\/\/www.ucatolica.edu.co\/portal\/agendate-con-la-charla-introductoria-en-derecho-notarial\/"},"wordCount":163,"commentCount":0,"publisher":{"@id":"https:\/\/www.ucatolica.edu.co\/portal\/#organization"},"keywords":["Derecho Notarial","Educaci\u00f3n Continuada"],"articleSection":["Actividades"],"inLanguage":"es-CO"},{"@type":"WebPage","@id":"https:\/\/www.ucatolica.edu.co\/portal\/agendate-con-la-charla-introductoria-en-derecho-notarial\/","url":"https:\/\/www.ucatolica.edu.co\/portal\/agendate-con-la-charla-introductoria-en-derecho-notarial\/","name":"\u00a1Ag\u00e9ndate con la charla introductoria en Derecho Notarial! - Universidad Cat\u00f3lica De Colombia","isPartOf":{"@id":"https:\/\/www.ucatolica.edu.co\/portal\/#website"},"datePublished":"2024-08-05T17:44:52+00:00","dateModified":"2024-08-05T20:03:13+00:00","breadcrumb":{"@id":"https:\/\/www.ucatolica.edu.co\/portal\/agendate-con-la-charla-introductoria-en-derecho-notarial\/#breadcrumb"},"inLanguage":"es-CO","potentialAction":[{"@type":"ReadAction","target":["https:\/\/www.ucatolica.edu.co\/portal\/agendate-con-la-charla-introductoria-en-derecho-notarial\/"]}]},{"@type":"BreadcrumbList","@id":"https:\/\/www.ucatolica.edu.co\/portal\/agendate-con-la-charla-introductoria-en-derecho-notarial\/#breadcrumb","itemListElement":[{"@type":"ListItem","position":1,"name":"Inicio","item":"https:\/\/www.ucatolica.edu.co\/portal\/"},{"@type":"ListItem","position":2,"name":"\u00a1Ag\u00e9ndate con la charla introductoria en Derecho Notarial!"}]},{"@type":"WebSite","@id":"https:\/\/www.ucatolica.edu.co\/portal\/#website","url":"https:\/\/www.ucatolica.edu.co\/portal\/","name":"Universidad Cat\u00f3lica De Colombia","description":"Universidad Cat\u00f3lica De Colombia","publisher":{"@id":"https:\/\/www.ucatolica.edu.co\/portal\/#organization"},"potentialAction":[{"@type":"SearchAction","target":{"@type":"EntryPoint","urlTemplate":"https:\/\/www.ucatolica.edu.co\/portal\/?s={search_term_string}"},"query-input":{"@type":"PropertyValueSpecification","valueRequired":true,"valueName":"search_term_string"}}],"inLanguage":"es-CO"},{"@type":"Organization","@id":"https:\/\/www.ucatolica.edu.co\/portal\/#organization","name":"Universidad Cat\u00f3lica de Colombia","url":"https:\/\/www.ucatolica.edu.co\/portal\/","logo":{"@type":"ImageObject","inLanguage":"es-CO","@id":"https:\/\/www.ucatolica.edu.co\/portal\/#\/schema\/logo\/image\/","url":"https:\/\/www.ucatolica.edu.co\/portal\/wp-content\/uploads\/2021\/06\/logo-header-ho-1.svg","contentUrl":"https:\/\/www.ucatolica.edu.co\/portal\/wp-content\/uploads\/2021\/06\/logo-header-ho-1.svg","width":1,"height":1,"caption":"Universidad Cat\u00f3lica de Colombia"},"image":{"@id":"https:\/\/www.ucatolica.edu.co\/portal\/#\/schema\/logo\/image\/"},"sameAs":["https:\/\/www.facebook.com\/ucatolicacolombia","https:\/\/x.com\/UCatolicaCol","https:\/\/www.instagram.com\/universidadcatolicadecolombia\/","https:\/\/www.linkedin.com\/company\/universidadcatolicadecolombia\/","https:\/\/www.youtube.com\/user\/UCatolicaCo"]},{"@type":"Person","@id":"https:\/\/www.ucatolica.edu.co\/portal\/#\/schema\/person\/a7469afff252fba81c6cdc40c80f00b6","name":"Cindy Lugo","url":"https:\/\/www.ucatolica.edu.co\/portal\/author\/cindy\/"}]}},"author_meta":{"display_name":"Cindy Lugo","author_link":"https:\/\/www.ucatolica.edu.co\/portal\/author\/cindy\/"},"featured_img":null,"coauthors":[],"tax_additional":{"categories":{"linked":["<a href=\"https:\/\/www.ucatolica.edu.co\/portal\/category\/actividades\/\" class=\"advgb-post-tax-term\">Actividades<\/a>"],"unlinked":["<span class=\"advgb-post-tax-term\">Actividades<\/span>"]},"tags":{"linked":["<a href=\"https:\/\/www.ucatolica.edu.co\/portal\/category\/actividades\/\" class=\"advgb-post-tax-term\">Derecho Notarial<\/a>","<a href=\"https:\/\/www.ucatolica.edu.co\/portal\/category\/actividades\/\" class=\"advgb-post-tax-term\">Educaci\u00f3n Continuada<\/a>"],"unlinked":["<span class=\"advgb-post-tax-term\">Derecho Notarial<\/span>","<span class=\"advgb-post-tax-term\">Educaci\u00f3n Continuada<\/span>"]}},"comment_count":"0","relative_dates":{"created":"Posted 2 a\u00f1os ago","modified":"Updated 2 a\u00f1os ago"},"absolute_dates":{"created":"Posted on 5 agosto, 2024","modified":"Updated on 5 agosto, 2024"},"absolute_dates_time":{"created":"Posted on 5 agosto, 2024 12:44 pm","modified":"Updated on 5 agosto, 2024 3:03 pm"},"featured_img_caption":"","series_order":"","_links":{"self":[{"href":"https:\/\/www.ucatolica.edu.co\/portal\/wp-json\/wp\/v2\/posts\/110686","targetHints":{"allow":["GET"]}}],"collection":[{"href":"https:\/\/www.ucatolica.edu.co\/portal\/wp-json\/wp\/v2\/posts"}],"about":[{"href":"https:\/\/www.ucatolica.edu.co\/portal\/wp-json\/wp\/v2\/types\/post"}],"author":[{"embeddable":true,"href":"https:\/\/www.ucatolica.edu.co\/portal\/wp-json\/wp\/v2\/users\/4"}],"replies":[{"embeddable":true,"href":"https:\/\/www.ucatolica.edu.co\/portal\/wp-json\/wp\/v2\/comments?post=110686"}],"version-history":[{"count":6,"href":"https:\/\/www.ucatolica.edu.co\/portal\/wp-json\/wp\/v2\/posts\/110686\/revisions"}],"predecessor-version":[{"id":110693,"href":"https:\/\/www.ucatolica.edu.co\/portal\/wp-json\/wp\/v2\/posts\/110686\/revisions\/110693"}],"wp:attachment":[{"href":"https:\/\/www.ucatolica.edu.co\/portal\/wp-json\/wp\/v2\/media?parent=110686"}],"wp:term":[{"taxonomy":"category","embeddable":true,"href":"https:\/\/www.ucatolica.edu.co\/portal\/wp-json\/wp\/v2\/categories?post=110686"},{"taxonomy":"post_tag","embeddable":true,"href":"https:\/\/www.ucatolica.edu.co\/portal\/wp-json\/wp\/v2\/tags?post=110686"}],"curies":[{"name":"wp","href":"https:\/\/api.w.org\/{rel}","templated":true}]}}