{"id":110759,"date":"2024-08-09T14:40:44","date_gmt":"2024-08-09T19:40:44","guid":{"rendered":"https:\/\/www.ucatolica.edu.co\/portal\/?p=110759"},"modified":"2024-08-09T14:55:15","modified_gmt":"2024-08-09T19:55:15","slug":"convocatoria-programa-de-becas-para-estancias-de-investigacion-en-alemania","status":"publish","type":"post","link":"https:\/\/www.ucatolica.edu.co\/portal\/convocatoria-programa-de-becas-para-estancias-de-investigacion-en-alemania\/","title":{"rendered":"Convocatoria: Programa de Becas para Estancias de Investigaci\u00f3n en Alemania"},"content":{"rendered":"\n<p>La Universidad Cat\u00f3lica de Colombia abre la convocatoria para profesores que est\u00e9n interesados en realizar estancias de investigaci\u00f3n; esta iniciativa ofrece a investigadores y profesores colombianos, con t\u00edtulo de doctorado, la oportunidad de vincularse a una universidad o centro de investigaci\u00f3n en Alemania, durante un mes en periodo intersemestral (2025), con el fin de realizar investigaci\u00f3n avanzada. Consulta la convocatoria completa\u00a0<a href=\"https:\/\/www.ucatolica.edu.co\/portal\/wp-content\/uploads\/2024\/08\/Programa-de-becas-para-realizar-estancias-de-investigacion-en-Alemania-para-profesores-universitarios-y-cientificos-de-cualquier-area-del-conocimiento.pdf\">aqu\u00ed.<\/a><\/p>\n\n\n\n<p><strong>Cronograma de la convocatoria:<\/strong><\/p>\n\n\n\n<figure class=\"wp-block-table\"><table class=\"has-fixed-layout\"><tbody><tr><td><strong>Fecha<\/strong><\/td><td><strong>Proceso<\/strong><\/td><\/tr><tr><td>26 de agosto a las 6:00 p.m.<\/td><td>Plazo m\u00e1ximo para recepci\u00f3n de documentos por parte del Coordinador de Internacionalizaci\u00f3n, en el correo <a href=\"mailto:coopinternacional@ucatolica.edu.co\">coopinternacional@ucatolica.edu.co<\/a><\/td><\/tr><tr><td>27 de agosto al 03 de septiembre<\/td><td>Selecci\u00f3n de candidatos por parte del Comit\u00e9 de Asuntos Profesorales<\/td><\/tr><tr><td>10 de septiembre<\/td><td>Plazo m\u00e1ximo para que el profesor finalice la postulaci\u00f3n al DAAD<\/td><\/tr><tr><td>Febrero de 2025<\/td><td>Notificaci\u00f3n de resultados por el DAAD<\/td><\/tr><\/tbody><\/table><\/figure>\n\n\n\n<p>Nota: En caso de que el profesor seleccionado, ya no se encuentre vinculado con la Universidad Cat\u00f3lica de Colombia, esta informar\u00e1 al DAAD.<\/p>\n\n\n\n<p><strong>Fecha L\u00edmite de Postulaci\u00f3n<\/strong>: Hasta el lunes 26 de agosto a las 18:00. Los interesados deben enviar su documentaci\u00f3n al correo <a href=\"mailto:coopinternacional@ucatolica.edu.co\">coopinternacional@ucatolica.edu.co<\/a><\/p>\n\n\n\n<p><strong>Beneficios<\/strong><\/p>\n\n\n\n<ul class=\"wp-block-list\">\n<li>Estipendio mensual entre 2000 y 2150 euros, dependiendo del estatus del docente.<\/li>\n\n\n\n<li>Tiquetes a\u00e9reos ida y vuelta (en modalidad de reembolso).<\/li>\n\n\n\n<li>Seguro m\u00e9dico internacional (deducido del estipendio).<\/li>\n<\/ul>\n\n\n\n<p><strong>Requisitos<\/strong>:<\/p>\n\n\n\n<ul class=\"wp-block-list\">\n<li>Ciudadano colombiano.<\/li>\n\n\n\n<li>T\u00edtulo de doctorado.<\/li>\n\n\n\n<li>Descripci\u00f3n del proyecto de investigaci\u00f3n aprobado por el supervisor en Alemania (m\u00e1x. 10 p\u00e1ginas en ingl\u00e9s).<\/li>\n\n\n\n<li>Completar el formulario de postulaci\u00f3n en el DAAD Portal.<\/li>\n\n\n\n<li>Hoja de vida en ingl\u00e9s (m\u00e1x. 3 p\u00e1ginas).<\/li>\n\n\n\n<li>Cronograma e itinerario del proyecto (m\u00e1x. 5 p\u00e1ginas).<\/li>\n\n\n\n<li>Certificado de idiomas (ingl\u00e9s o alem\u00e1n).<\/li>\n\n\n\n<li>Carta de invitaci\u00f3n de la universidad de destino.<\/li>\n\n\n\n<li>Carta de apoyo institucional emitida por el Comit\u00e9 de Asuntos Profesorales.<\/li>\n<\/ul>\n\n\n\n<p><strong>Proceso de Selecci\u00f3n<\/strong><\/p>\n\n\n\n<ol start=\"1\" class=\"wp-block-list\">\n<li>El Comit\u00e9 de Asuntos Profesorales revisar\u00e1 la documentaci\u00f3n y seleccionar\u00e1 a los candidatos.<\/li>\n\n\n\n<li>Los candidatos seleccionados recibir\u00e1n una carta de apoyo institucional para su postulaci\u00f3n al DAAD.<\/li>\n\n\n\n<li>Los seleccionados deber\u00e1n completar su postulaci\u00f3n en el DAAD Portal y seguir el proceso indicado.<\/li>\n<\/ol>\n\n\n\n<p>Para m\u00e1s informaci\u00f3n, contactar a Heidy Johana Quintero Pati\u00f1o, Coordinadora de Cooperaci\u00f3n Internacional, al tel\u00e9fono 433700 Ext. 3287 o al correo coopinternacional@ucatolica.edu.co.<\/p>\n\n\n\n<p><strong>M\u00e1s informaci\u00f3n:<\/strong><\/p>\n\n\n\n<p>Heidy Johana Quintero Pati\u00f1o<\/p>\n\n\n\n<p>Coordinadora de Cooperaci\u00f3n Internacional<\/p>\n\n\n\n<p>Oficina de Relaciones Internacionales e Interinstitucionales<\/p>\n\n\n\n<p>Tel\u00e9fono: 433700 Ext. 3287<\/p>\n\n\n\n<p><a href=\"mailto:cooperacioninternacional@ucatolica.edu.co\">coopinternacional@ucatolica.edu.co<\/a><\/p>\n","protected":false},"excerpt":{"rendered":"<p>La Universidad Cat\u00f3lica de Colombia abre la convocatoria para profesores que est\u00e9n interesados en realizar estancias de investigaci\u00f3n; esta iniciativa ofrece a investigadores y profesores colombianos, con t\u00edtulo de doctorado, la oportunidad de vincularse a una universidad o centro de investigaci\u00f3n en Alemania, durante un mes en periodo intersemestral (2025), con el fin de realizar [&hellip;]<\/p>\n","protected":false},"author":61,"featured_media":110763,"comment_status":"open","ping_status":"open","sticky":false,"template":"","format":"standard","meta":{"_acf_changed":false,"advgb_blocks_editor_width":"","advgb_blocks_columns_visual_guide":"","footnotes":""},"categories":[93,531],"tags":[2779,2778,479],"class_list":["post-110759","post","type-post","status-publish","format-standard","has-post-thumbnail","hentry","category-noticias-principales","category-orii","tag-becas-en-alemania","tag-estancias-de-investigacion-en-alemania","tag-orii"],"acf":[],"yoast_head":"<!-- This site is optimized with the Yoast SEO plugin v26.7 - https:\/\/yoast.com\/wordpress\/plugins\/seo\/ -->\n<title>Convocatoria: Programa de Becas para Estancias de Investigaci\u00f3n en Alemania - Universidad Cat\u00f3lica De Colombia<\/title>\n<meta name=\"robots\" content=\"index, follow, max-snippet:-1, max-image-preview:large, max-video-preview:-1\" \/>\n<link rel=\"canonical\" href=\"https:\/\/www.ucatolica.edu.co\/portal\/convocatoria-programa-de-becas-para-estancias-de-investigacion-en-alemania\/\" \/>\n<meta property=\"og:locale\" content=\"es_ES\" \/>\n<meta property=\"og:type\" content=\"article\" \/>\n<meta property=\"og:title\" content=\"Convocatoria: Programa de Becas para Estancias de Investigaci\u00f3n en Alemania - Universidad Cat\u00f3lica De Colombia\" \/>\n<meta property=\"og:description\" content=\"La Universidad Cat\u00f3lica de Colombia abre la convocatoria para profesores que est\u00e9n interesados en realizar estancias de investigaci\u00f3n; esta iniciativa ofrece a investigadores y profesores colombianos, con t\u00edtulo de doctorado, la oportunidad de vincularse a una universidad o centro de investigaci\u00f3n en Alemania, durante un mes en periodo intersemestral (2025), con el fin de realizar [&hellip;]\" \/>\n<meta property=\"og:url\" content=\"https:\/\/www.ucatolica.edu.co\/portal\/convocatoria-programa-de-becas-para-estancias-de-investigacion-en-alemania\/\" \/>\n<meta property=\"og:site_name\" content=\"Universidad Cat\u00f3lica De Colombia\" \/>\n<meta property=\"article:publisher\" content=\"https:\/\/www.facebook.com\/ucatolicacolombia\" \/>\n<meta property=\"article:published_time\" content=\"2024-08-09T19:40:44+00:00\" \/>\n<meta property=\"article:modified_time\" content=\"2024-08-09T19:55:15+00:00\" \/>\n<meta property=\"og:image\" content=\"https:\/\/www.ucatolica.edu.co\/portal\/wp-content\/uploads\/2024\/08\/Estancia-Alemania.jpg\" \/>\n\t<meta property=\"og:image:width\" content=\"870\" \/>\n\t<meta property=\"og:image:height\" content=\"522\" \/>\n\t<meta property=\"og:image:type\" content=\"image\/jpeg\" \/>\n<meta name=\"author\" content=\"Leidy Dayanna Jaramillo Tavera\" \/>\n<meta name=\"twitter:card\" content=\"summary_large_image\" \/>\n<meta name=\"twitter:creator\" content=\"@UCatolicaCol\" \/>\n<meta name=\"twitter:site\" content=\"@UCatolicaCol\" \/>\n<meta name=\"twitter:label1\" content=\"Escrito por\" \/>\n\t<meta name=\"twitter:data1\" content=\"Leidy Dayanna Jaramillo Tavera\" \/>\n\t<meta name=\"twitter:label2\" content=\"Tiempo de lectura\" \/>\n\t<meta name=\"twitter:data2\" content=\"2 minutos\" \/>\n<script type=\"application\/ld+json\" class=\"yoast-schema-graph\">{\"@context\":\"https:\/\/schema.org\",\"@graph\":[{\"@type\":\"Article\",\"@id\":\"https:\/\/www.ucatolica.edu.co\/portal\/convocatoria-programa-de-becas-para-estancias-de-investigacion-en-alemania\/#article\",\"isPartOf\":{\"@id\":\"https:\/\/www.ucatolica.edu.co\/portal\/convocatoria-programa-de-becas-para-estancias-de-investigacion-en-alemania\/\"},\"author\":{\"name\":\"Leidy Dayanna Jaramillo Tavera\",\"@id\":\"https:\/\/www.ucatolica.edu.co\/portal\/#\/schema\/person\/c03ebc5b4f80ce7b8947aa9ddece408a\"},\"headline\":\"Convocatoria: Programa de Becas para Estancias de Investigaci\u00f3n en Alemania\",\"datePublished\":\"2024-08-09T19:40:44+00:00\",\"dateModified\":\"2024-08-09T19:55:15+00:00\",\"mainEntityOfPage\":{\"@id\":\"https:\/\/www.ucatolica.edu.co\/portal\/convocatoria-programa-de-becas-para-estancias-de-investigacion-en-alemania\/\"},\"wordCount\":420,\"commentCount\":0,\"publisher\":{\"@id\":\"https:\/\/www.ucatolica.edu.co\/portal\/#organization\"},\"image\":{\"@id\":\"https:\/\/www.ucatolica.edu.co\/portal\/convocatoria-programa-de-becas-para-estancias-de-investigacion-en-alemania\/#primaryimage\"},\"thumbnailUrl\":\"https:\/\/www.ucatolica.edu.co\/portal\/wp-content\/uploads\/2024\/08\/Estancia-Alemania.jpg\",\"keywords\":[\"Becas en Alemania\",\"Estancias de Investigaci\u00f3n en Alemania\",\"ORII\"],\"articleSection\":[\"Noticias Principales\",\"ORII\"],\"inLanguage\":\"es-CO\"},{\"@type\":\"WebPage\",\"@id\":\"https:\/\/www.ucatolica.edu.co\/portal\/convocatoria-programa-de-becas-para-estancias-de-investigacion-en-alemania\/\",\"url\":\"https:\/\/www.ucatolica.edu.co\/portal\/convocatoria-programa-de-becas-para-estancias-de-investigacion-en-alemania\/\",\"name\":\"Convocatoria: Programa de Becas para Estancias de Investigaci\u00f3n en Alemania - Universidad Cat\u00f3lica De Colombia\",\"isPartOf\":{\"@id\":\"https:\/\/www.ucatolica.edu.co\/portal\/#website\"},\"primaryImageOfPage\":{\"@id\":\"https:\/\/www.ucatolica.edu.co\/portal\/convocatoria-programa-de-becas-para-estancias-de-investigacion-en-alemania\/#primaryimage\"},\"image\":{\"@id\":\"https:\/\/www.ucatolica.edu.co\/portal\/convocatoria-programa-de-becas-para-estancias-de-investigacion-en-alemania\/#primaryimage\"},\"thumbnailUrl\":\"https:\/\/www.ucatolica.edu.co\/portal\/wp-content\/uploads\/2024\/08\/Estancia-Alemania.jpg\",\"datePublished\":\"2024-08-09T19:40:44+00:00\",\"dateModified\":\"2024-08-09T19:55:15+00:00\",\"breadcrumb\":{\"@id\":\"https:\/\/www.ucatolica.edu.co\/portal\/convocatoria-programa-de-becas-para-estancias-de-investigacion-en-alemania\/#breadcrumb\"},\"inLanguage\":\"es-CO\",\"potentialAction\":[{\"@type\":\"ReadAction\",\"target\":[\"https:\/\/www.ucatolica.edu.co\/portal\/convocatoria-programa-de-becas-para-estancias-de-investigacion-en-alemania\/\"]}]},{\"@type\":\"ImageObject\",\"inLanguage\":\"es-CO\",\"@id\":\"https:\/\/www.ucatolica.edu.co\/portal\/convocatoria-programa-de-becas-para-estancias-de-investigacion-en-alemania\/#primaryimage\",\"url\":\"https:\/\/www.ucatolica.edu.co\/portal\/wp-content\/uploads\/2024\/08\/Estancia-Alemania.jpg\",\"contentUrl\":\"https:\/\/www.ucatolica.edu.co\/portal\/wp-content\/uploads\/2024\/08\/Estancia-Alemania.jpg\",\"width\":870,\"height\":522,\"caption\":\"Bandera de Alemania\"},{\"@type\":\"BreadcrumbList\",\"@id\":\"https:\/\/www.ucatolica.edu.co\/portal\/convocatoria-programa-de-becas-para-estancias-de-investigacion-en-alemania\/#breadcrumb\",\"itemListElement\":[{\"@type\":\"ListItem\",\"position\":1,\"name\":\"Inicio\",\"item\":\"https:\/\/www.ucatolica.edu.co\/portal\/\"},{\"@type\":\"ListItem\",\"position\":2,\"name\":\"Convocatoria: Programa de Becas para Estancias de Investigaci\u00f3n en Alemania\"}]},{\"@type\":\"WebSite\",\"@id\":\"https:\/\/www.ucatolica.edu.co\/portal\/#website\",\"url\":\"https:\/\/www.ucatolica.edu.co\/portal\/\",\"name\":\"Universidad Cat\u00f3lica De Colombia\",\"description\":\"Universidad Cat\u00f3lica De Colombia\",\"publisher\":{\"@id\":\"https:\/\/www.ucatolica.edu.co\/portal\/#organization\"},\"potentialAction\":[{\"@type\":\"SearchAction\",\"target\":{\"@type\":\"EntryPoint\",\"urlTemplate\":\"https:\/\/www.ucatolica.edu.co\/portal\/?s={search_term_string}\"},\"query-input\":{\"@type\":\"PropertyValueSpecification\",\"valueRequired\":true,\"valueName\":\"search_term_string\"}}],\"inLanguage\":\"es-CO\"},{\"@type\":\"Organization\",\"@id\":\"https:\/\/www.ucatolica.edu.co\/portal\/#organization\",\"name\":\"Universidad Cat\u00f3lica de Colombia\",\"url\":\"https:\/\/www.ucatolica.edu.co\/portal\/\",\"logo\":{\"@type\":\"ImageObject\",\"inLanguage\":\"es-CO\",\"@id\":\"https:\/\/www.ucatolica.edu.co\/portal\/#\/schema\/logo\/image\/\",\"url\":\"https:\/\/www.ucatolica.edu.co\/portal\/wp-content\/uploads\/2021\/06\/logo-header-ho-1.svg\",\"contentUrl\":\"https:\/\/www.ucatolica.edu.co\/portal\/wp-content\/uploads\/2021\/06\/logo-header-ho-1.svg\",\"width\":1,\"height\":1,\"caption\":\"Universidad Cat\u00f3lica de Colombia\"},\"image\":{\"@id\":\"https:\/\/www.ucatolica.edu.co\/portal\/#\/schema\/logo\/image\/\"},\"sameAs\":[\"https:\/\/www.facebook.com\/ucatolicacolombia\",\"https:\/\/x.com\/UCatolicaCol\",\"https:\/\/www.instagram.com\/universidadcatolicadecolombia\/\",\"https:\/\/www.linkedin.com\/company\/universidadcatolicadecolombia\/\",\"https:\/\/www.youtube.com\/user\/UCatolicaCo\"]},{\"@type\":\"Person\",\"@id\":\"https:\/\/www.ucatolica.edu.co\/portal\/#\/schema\/person\/c03ebc5b4f80ce7b8947aa9ddece408a\",\"name\":\"Leidy Dayanna Jaramillo Tavera\",\"url\":\"https:\/\/www.ucatolica.edu.co\/portal\/author\/dayana\/\"}]}<\/script>\n<!-- \/ Yoast SEO plugin. -->","yoast_head_json":{"title":"Convocatoria: Programa de Becas para Estancias de Investigaci\u00f3n en Alemania - Universidad Cat\u00f3lica De Colombia","robots":{"index":"index","follow":"follow","max-snippet":"max-snippet:-1","max-image-preview":"max-image-preview:large","max-video-preview":"max-video-preview:-1"},"canonical":"https:\/\/www.ucatolica.edu.co\/portal\/convocatoria-programa-de-becas-para-estancias-de-investigacion-en-alemania\/","og_locale":"es_ES","og_type":"article","og_title":"Convocatoria: Programa de Becas para Estancias de Investigaci\u00f3n en Alemania - Universidad Cat\u00f3lica De Colombia","og_description":"La Universidad Cat\u00f3lica de Colombia abre la convocatoria para profesores que est\u00e9n interesados en realizar estancias de investigaci\u00f3n; esta iniciativa ofrece a investigadores y profesores colombianos, con t\u00edtulo de doctorado, la oportunidad de vincularse a una universidad o centro de investigaci\u00f3n en Alemania, durante un mes en periodo intersemestral (2025), con el fin de realizar [&hellip;]","og_url":"https:\/\/www.ucatolica.edu.co\/portal\/convocatoria-programa-de-becas-para-estancias-de-investigacion-en-alemania\/","og_site_name":"Universidad Cat\u00f3lica De Colombia","article_publisher":"https:\/\/www.facebook.com\/ucatolicacolombia","article_published_time":"2024-08-09T19:40:44+00:00","article_modified_time":"2024-08-09T19:55:15+00:00","og_image":[{"width":870,"height":522,"url":"https:\/\/www.ucatolica.edu.co\/portal\/wp-content\/uploads\/2024\/08\/Estancia-Alemania.jpg","type":"image\/jpeg"}],"author":"Leidy Dayanna Jaramillo Tavera","twitter_card":"summary_large_image","twitter_creator":"@UCatolicaCol","twitter_site":"@UCatolicaCol","twitter_misc":{"Escrito por":"Leidy Dayanna Jaramillo Tavera","Tiempo de lectura":"2 minutos"},"schema":{"@context":"https:\/\/schema.org","@graph":[{"@type":"Article","@id":"https:\/\/www.ucatolica.edu.co\/portal\/convocatoria-programa-de-becas-para-estancias-de-investigacion-en-alemania\/#article","isPartOf":{"@id":"https:\/\/www.ucatolica.edu.co\/portal\/convocatoria-programa-de-becas-para-estancias-de-investigacion-en-alemania\/"},"author":{"name":"Leidy Dayanna Jaramillo Tavera","@id":"https:\/\/www.ucatolica.edu.co\/portal\/#\/schema\/person\/c03ebc5b4f80ce7b8947aa9ddece408a"},"headline":"Convocatoria: Programa de Becas para Estancias de Investigaci\u00f3n en Alemania","datePublished":"2024-08-09T19:40:44+00:00","dateModified":"2024-08-09T19:55:15+00:00","mainEntityOfPage":{"@id":"https:\/\/www.ucatolica.edu.co\/portal\/convocatoria-programa-de-becas-para-estancias-de-investigacion-en-alemania\/"},"wordCount":420,"commentCount":0,"publisher":{"@id":"https:\/\/www.ucatolica.edu.co\/portal\/#organization"},"image":{"@id":"https:\/\/www.ucatolica.edu.co\/portal\/convocatoria-programa-de-becas-para-estancias-de-investigacion-en-alemania\/#primaryimage"},"thumbnailUrl":"https:\/\/www.ucatolica.edu.co\/portal\/wp-content\/uploads\/2024\/08\/Estancia-Alemania.jpg","keywords":["Becas en Alemania","Estancias de Investigaci\u00f3n en Alemania","ORII"],"articleSection":["Noticias Principales","ORII"],"inLanguage":"es-CO"},{"@type":"WebPage","@id":"https:\/\/www.ucatolica.edu.co\/portal\/convocatoria-programa-de-becas-para-estancias-de-investigacion-en-alemania\/","url":"https:\/\/www.ucatolica.edu.co\/portal\/convocatoria-programa-de-becas-para-estancias-de-investigacion-en-alemania\/","name":"Convocatoria: Programa de Becas para Estancias de Investigaci\u00f3n en Alemania - Universidad Cat\u00f3lica De Colombia","isPartOf":{"@id":"https:\/\/www.ucatolica.edu.co\/portal\/#website"},"primaryImageOfPage":{"@id":"https:\/\/www.ucatolica.edu.co\/portal\/convocatoria-programa-de-becas-para-estancias-de-investigacion-en-alemania\/#primaryimage"},"image":{"@id":"https:\/\/www.ucatolica.edu.co\/portal\/convocatoria-programa-de-becas-para-estancias-de-investigacion-en-alemania\/#primaryimage"},"thumbnailUrl":"https:\/\/www.ucatolica.edu.co\/portal\/wp-content\/uploads\/2024\/08\/Estancia-Alemania.jpg","datePublished":"2024-08-09T19:40:44+00:00","dateModified":"2024-08-09T19:55:15+00:00","breadcrumb":{"@id":"https:\/\/www.ucatolica.edu.co\/portal\/convocatoria-programa-de-becas-para-estancias-de-investigacion-en-alemania\/#breadcrumb"},"inLanguage":"es-CO","potentialAction":[{"@type":"ReadAction","target":["https:\/\/www.ucatolica.edu.co\/portal\/convocatoria-programa-de-becas-para-estancias-de-investigacion-en-alemania\/"]}]},{"@type":"ImageObject","inLanguage":"es-CO","@id":"https:\/\/www.ucatolica.edu.co\/portal\/convocatoria-programa-de-becas-para-estancias-de-investigacion-en-alemania\/#primaryimage","url":"https:\/\/www.ucatolica.edu.co\/portal\/wp-content\/uploads\/2024\/08\/Estancia-Alemania.jpg","contentUrl":"https:\/\/www.ucatolica.edu.co\/portal\/wp-content\/uploads\/2024\/08\/Estancia-Alemania.jpg","width":870,"height":522,"caption":"Bandera de Alemania"},{"@type":"BreadcrumbList","@id":"https:\/\/www.ucatolica.edu.co\/portal\/convocatoria-programa-de-becas-para-estancias-de-investigacion-en-alemania\/#breadcrumb","itemListElement":[{"@type":"ListItem","position":1,"name":"Inicio","item":"https:\/\/www.ucatolica.edu.co\/portal\/"},{"@type":"ListItem","position":2,"name":"Convocatoria: Programa de Becas para Estancias de Investigaci\u00f3n en Alemania"}]},{"@type":"WebSite","@id":"https:\/\/www.ucatolica.edu.co\/portal\/#website","url":"https:\/\/www.ucatolica.edu.co\/portal\/","name":"Universidad Cat\u00f3lica De Colombia","description":"Universidad Cat\u00f3lica De Colombia","publisher":{"@id":"https:\/\/www.ucatolica.edu.co\/portal\/#organization"},"potentialAction":[{"@type":"SearchAction","target":{"@type":"EntryPoint","urlTemplate":"https:\/\/www.ucatolica.edu.co\/portal\/?s={search_term_string}"},"query-input":{"@type":"PropertyValueSpecification","valueRequired":true,"valueName":"search_term_string"}}],"inLanguage":"es-CO"},{"@type":"Organization","@id":"https:\/\/www.ucatolica.edu.co\/portal\/#organization","name":"Universidad Cat\u00f3lica de Colombia","url":"https:\/\/www.ucatolica.edu.co\/portal\/","logo":{"@type":"ImageObject","inLanguage":"es-CO","@id":"https:\/\/www.ucatolica.edu.co\/portal\/#\/schema\/logo\/image\/","url":"https:\/\/www.ucatolica.edu.co\/portal\/wp-content\/uploads\/2021\/06\/logo-header-ho-1.svg","contentUrl":"https:\/\/www.ucatolica.edu.co\/portal\/wp-content\/uploads\/2021\/06\/logo-header-ho-1.svg","width":1,"height":1,"caption":"Universidad Cat\u00f3lica de Colombia"},"image":{"@id":"https:\/\/www.ucatolica.edu.co\/portal\/#\/schema\/logo\/image\/"},"sameAs":["https:\/\/www.facebook.com\/ucatolicacolombia","https:\/\/x.com\/UCatolicaCol","https:\/\/www.instagram.com\/universidadcatolicadecolombia\/","https:\/\/www.linkedin.com\/company\/universidadcatolicadecolombia\/","https:\/\/www.youtube.com\/user\/UCatolicaCo"]},{"@type":"Person","@id":"https:\/\/www.ucatolica.edu.co\/portal\/#\/schema\/person\/c03ebc5b4f80ce7b8947aa9ddece408a","name":"Leidy Dayanna Jaramillo Tavera","url":"https:\/\/www.ucatolica.edu.co\/portal\/author\/dayana\/"}]}},"author_meta":{"display_name":"Leidy Dayanna Jaramillo Tavera","author_link":"https:\/\/www.ucatolica.edu.co\/portal\/author\/dayana\/"},"featured_img":"https:\/\/www.ucatolica.edu.co\/portal\/wp-content\/uploads\/2024\/08\/Estancia-Alemania.jpg","coauthors":[],"tax_additional":{"categories":{"linked":["<a href=\"https:\/\/www.ucatolica.edu.co\/portal\/category\/noticias-principales\/\" class=\"advgb-post-tax-term\">Noticias Principales<\/a>","<a href=\"https:\/\/www.ucatolica.edu.co\/portal\/category\/orii\/\" class=\"advgb-post-tax-term\">ORII<\/a>"],"unlinked":["<span class=\"advgb-post-tax-term\">Noticias Principales<\/span>","<span class=\"advgb-post-tax-term\">ORII<\/span>"]},"tags":{"linked":["<a href=\"https:\/\/www.ucatolica.edu.co\/portal\/category\/orii\/\" class=\"advgb-post-tax-term\">Becas en Alemania<\/a>","<a href=\"https:\/\/www.ucatolica.edu.co\/portal\/category\/orii\/\" class=\"advgb-post-tax-term\">Estancias de Investigaci\u00f3n en Alemania<\/a>","<a href=\"https:\/\/www.ucatolica.edu.co\/portal\/category\/orii\/\" class=\"advgb-post-tax-term\">ORII<\/a>"],"unlinked":["<span class=\"advgb-post-tax-term\">Becas en Alemania<\/span>","<span class=\"advgb-post-tax-term\">Estancias de Investigaci\u00f3n en Alemania<\/span>","<span class=\"advgb-post-tax-term\">ORII<\/span>"]}},"comment_count":"0","relative_dates":{"created":"Posted 2 a\u00f1os ago","modified":"Updated 2 a\u00f1os ago"},"absolute_dates":{"created":"Posted on 9 agosto, 2024","modified":"Updated on 9 agosto, 2024"},"absolute_dates_time":{"created":"Posted on 9 agosto, 2024 2:40 pm","modified":"Updated on 9 agosto, 2024 2:55 pm"},"featured_img_caption":"","series_order":"","_links":{"self":[{"href":"https:\/\/www.ucatolica.edu.co\/portal\/wp-json\/wp\/v2\/posts\/110759","targetHints":{"allow":["GET"]}}],"collection":[{"href":"https:\/\/www.ucatolica.edu.co\/portal\/wp-json\/wp\/v2\/posts"}],"about":[{"href":"https:\/\/www.ucatolica.edu.co\/portal\/wp-json\/wp\/v2\/types\/post"}],"author":[{"embeddable":true,"href":"https:\/\/www.ucatolica.edu.co\/portal\/wp-json\/wp\/v2\/users\/61"}],"replies":[{"embeddable":true,"href":"https:\/\/www.ucatolica.edu.co\/portal\/wp-json\/wp\/v2\/comments?post=110759"}],"version-history":[{"count":2,"href":"https:\/\/www.ucatolica.edu.co\/portal\/wp-json\/wp\/v2\/posts\/110759\/revisions"}],"predecessor-version":[{"id":110768,"href":"https:\/\/www.ucatolica.edu.co\/portal\/wp-json\/wp\/v2\/posts\/110759\/revisions\/110768"}],"wp:featuredmedia":[{"embeddable":true,"href":"https:\/\/www.ucatolica.edu.co\/portal\/wp-json\/wp\/v2\/media\/110763"}],"wp:attachment":[{"href":"https:\/\/www.ucatolica.edu.co\/portal\/wp-json\/wp\/v2\/media?parent=110759"}],"wp:term":[{"taxonomy":"category","embeddable":true,"href":"https:\/\/www.ucatolica.edu.co\/portal\/wp-json\/wp\/v2\/categories?post=110759"},{"taxonomy":"post_tag","embeddable":true,"href":"https:\/\/www.ucatolica.edu.co\/portal\/wp-json\/wp\/v2\/tags?post=110759"}],"curies":[{"name":"wp","href":"https:\/\/api.w.org\/{rel}","templated":true}]}}