{"id":110870,"date":"2024-08-16T15:15:13","date_gmt":"2024-08-16T20:15:13","guid":{"rendered":"https:\/\/www.ucatolica.edu.co\/portal\/?p=110870"},"modified":"2024-08-16T15:16:16","modified_gmt":"2024-08-16T20:16:16","slug":"ii-encuentro-universitario-del-programa-de-intercambio-academico-latinoamericano-pila-en-la-universidad-catolica-de-colombia","status":"publish","type":"post","link":"https:\/\/www.ucatolica.edu.co\/portal\/ii-encuentro-universitario-del-programa-de-intercambio-academico-latinoamericano-pila-en-la-universidad-catolica-de-colombia\/","title":{"rendered":"II Encuentro Universitario del Programa de Intercambio Acad\u00e9mico Latinoamericano (PILA) en la Universidad Cat\u00f3lica de Colombia"},"content":{"rendered":"\n<p>La Universidad Cat\u00f3lica de Colombia fue el escenario del II Encuentro Universitario del Programa de Intercambio Acad\u00e9mico Latinoamericano (PILA), celebrado los d\u00edas 12 y 13 de agosto. Este evento reuni\u00f3 a 154 participantes provenientes de 110 instituciones educativas de Am\u00e9rica Latina, incluyendo pa\u00edses como Brasil, M\u00e9xico, Uruguay, Cuba, Argentina, Chile y Colombia; y tuvo como objetivo fortalecer las redes de colaboraci\u00f3n acad\u00e9mica y explorar nuevas oportunidades de movilidad estudiantil en la regi\u00f3n.<\/p>\n\n\n\n<p>Adem\u00e1s de esto, contamos con la presencia del Dr. \u00d3scar Dom\u00ednguez, director ejecutivo de la Asociaci\u00f3n Colombiana de Universidades (ASCUN), Dra. Mar\u00eda Victoria Villavicencio, directora de Relaciones Internacionales del Ministerio de Educaci\u00f3n Superior de Cuba, Dr. Andr\u00e9s Sabella, rector de la Universidad Nacional de Entre R\u00edos\u00a0representante del Consejo Interuniversitario Nacional de Argentina, Dra. Stephanie Cabana Romero, Directora General de Relaciones y Cooperaci\u00f3n de la Universidad de la Rep\u00fablica en Uruguay, Dra. Renata Morales de la Asociaci\u00f3n Nacional de Dirigentes de las Instituciones Federales de Educaci\u00f3n Superior de Brasil, Dr. C\u00e9sar Guti\u00e9rrez y Dra. Brenda Galaviz\u00a0de la Asociaci\u00f3n Nacional de Universidades e Instituciones de Educaci\u00f3n Superior de M\u00e9xico y el Dr. Felipe Herrera, del Consejo de Rectoras y Rectores de las Universidades Chilenas, quienes nos acompa\u00f1aron y compartieron sus opiniones durante el evento.<\/p>\n\n\n<div class=\"wp-block-image\">\n<figure class=\"aligncenter size-full is-resized\"><img fetchpriority=\"high\" decoding=\"async\" width=\"870\" height=\"522\" src=\"https:\/\/www.ucatolica.edu.co\/portal\/wp-content\/uploads\/2024\/08\/Noticia-8.jpg\" alt=\"\" class=\"wp-image-110877\" style=\"width:811px;height:auto\"\/><\/figure>\n<\/div>\n\n\n<p><\/p>\n\n\n\n<p>El encuentro fue punto focal para compartir experiencias entre las Instituciones de Educaci\u00f3n Superior e incluy\u00f3 un seminario con AFS, una sesi\u00f3n plenaria, conversatorio de buenas pr\u00e1cticas y mesas de trabajo, en donde los asistentes pudieron conversar, fortalecer lazos de cooperaci\u00f3n y dar su perspectiva sobre el futuro de PILA. Igualmente, se realiz\u00f3 una muestra de folclore colombiano, con presentaciones a cargo del Grupo de Danza Folcl\u00f3rica de la universidad anfitriona, ofreciendo a los asistentes una inmersi\u00f3n cultural que destac\u00f3 la riqueza del patrimonio colombiano.<\/p>\n\n\n\n<p>Este encuentro no solo destac\u00f3 el compromiso de la Universidad Cat\u00f3lica de Colombia con la internacionalizaci\u00f3n y la cooperaci\u00f3n acad\u00e9mica, sino que tambi\u00e9n proporcion\u00f3 un espacio de di\u00e1logo a los asistentes. La universidad agradece a todos los participantes y organizadores, as\u00ed como a las organizaciones coordinadoras del programa PILA, por su valiosa contribuci\u00f3n al \u00e9xito de este evento y por su continuo esfuerzo en promover la movilidad acad\u00e9mica en la regi\u00f3n.<\/p>\n","protected":false},"excerpt":{"rendered":"<p>La Universidad Cat\u00f3lica de Colombia fue el escenario del II Encuentro Universitario del Programa de Intercambio Acad\u00e9mico Latinoamericano (PILA), celebrado los d\u00edas 12 y 13 de agosto. Este evento reuni\u00f3 a 154 participantes provenientes de 110 instituciones educativas de Am\u00e9rica Latina, incluyendo pa\u00edses como Brasil, M\u00e9xico, Uruguay, Cuba, Argentina, Chile y Colombia; y tuvo como [&hellip;]<\/p>\n","protected":false},"author":61,"featured_media":110871,"comment_status":"open","ping_status":"open","sticky":false,"template":"","format":"standard","meta":{"_acf_changed":false,"advgb_blocks_editor_width":"","advgb_blocks_columns_visual_guide":"","footnotes":""},"categories":[93,531],"tags":[190,479,2783],"class_list":["post-110870","post","type-post","status-publish","format-standard","has-post-thumbnail","hentry","category-noticias-principales","category-orii","tag-ascun","tag-orii","tag-programa-de-intercambio-academico-latinoamericano"],"acf":[],"yoast_head":"<!-- This site is optimized with the Yoast SEO plugin v26.7 - https:\/\/yoast.com\/wordpress\/plugins\/seo\/ -->\n<title>II Encuentro Universitario del Programa de Intercambio Acad\u00e9mico Latinoamericano (PILA) en la Universidad Cat\u00f3lica de Colombia - Universidad Cat\u00f3lica De Colombia<\/title>\n<meta name=\"robots\" content=\"index, follow, max-snippet:-1, max-image-preview:large, max-video-preview:-1\" \/>\n<link rel=\"canonical\" href=\"https:\/\/www.ucatolica.edu.co\/portal\/ii-encuentro-universitario-del-programa-de-intercambio-academico-latinoamericano-pila-en-la-universidad-catolica-de-colombia\/\" \/>\n<meta property=\"og:locale\" content=\"es_ES\" \/>\n<meta property=\"og:type\" content=\"article\" \/>\n<meta property=\"og:title\" content=\"II Encuentro Universitario del Programa de Intercambio Acad\u00e9mico Latinoamericano (PILA) en la Universidad Cat\u00f3lica de Colombia - Universidad Cat\u00f3lica De Colombia\" \/>\n<meta property=\"og:description\" content=\"La Universidad Cat\u00f3lica de Colombia fue el escenario del II Encuentro Universitario del Programa de Intercambio Acad\u00e9mico Latinoamericano (PILA), celebrado los d\u00edas 12 y 13 de agosto. Este evento reuni\u00f3 a 154 participantes provenientes de 110 instituciones educativas de Am\u00e9rica Latina, incluyendo pa\u00edses como Brasil, M\u00e9xico, Uruguay, Cuba, Argentina, Chile y Colombia; y tuvo como [&hellip;]\" \/>\n<meta property=\"og:url\" content=\"https:\/\/www.ucatolica.edu.co\/portal\/ii-encuentro-universitario-del-programa-de-intercambio-academico-latinoamericano-pila-en-la-universidad-catolica-de-colombia\/\" \/>\n<meta property=\"og:site_name\" content=\"Universidad Cat\u00f3lica De Colombia\" \/>\n<meta property=\"article:publisher\" content=\"https:\/\/www.facebook.com\/ucatolicacolombia\" \/>\n<meta property=\"article:published_time\" content=\"2024-08-16T20:15:13+00:00\" \/>\n<meta property=\"article:modified_time\" content=\"2024-08-16T20:16:16+00:00\" \/>\n<meta property=\"og:image\" content=\"https:\/\/www.ucatolica.edu.co\/portal\/wp-content\/uploads\/2024\/08\/noticia.jpg\" \/>\n\t<meta property=\"og:image:width\" content=\"870\" \/>\n\t<meta property=\"og:image:height\" content=\"522\" \/>\n\t<meta property=\"og:image:type\" content=\"image\/jpeg\" \/>\n<meta name=\"author\" content=\"Leidy Dayanna Jaramillo Tavera\" \/>\n<meta name=\"twitter:card\" content=\"summary_large_image\" \/>\n<meta name=\"twitter:creator\" content=\"@UCatolicaCol\" \/>\n<meta name=\"twitter:site\" content=\"@UCatolicaCol\" \/>\n<meta name=\"twitter:label1\" content=\"Escrito por\" \/>\n\t<meta name=\"twitter:data1\" content=\"Leidy Dayanna Jaramillo Tavera\" \/>\n\t<meta name=\"twitter:label2\" content=\"Tiempo de lectura\" \/>\n\t<meta name=\"twitter:data2\" content=\"2 minutos\" \/>\n<script type=\"application\/ld+json\" class=\"yoast-schema-graph\">{\"@context\":\"https:\/\/schema.org\",\"@graph\":[{\"@type\":\"Article\",\"@id\":\"https:\/\/www.ucatolica.edu.co\/portal\/ii-encuentro-universitario-del-programa-de-intercambio-academico-latinoamericano-pila-en-la-universidad-catolica-de-colombia\/#article\",\"isPartOf\":{\"@id\":\"https:\/\/www.ucatolica.edu.co\/portal\/ii-encuentro-universitario-del-programa-de-intercambio-academico-latinoamericano-pila-en-la-universidad-catolica-de-colombia\/\"},\"author\":{\"name\":\"Leidy Dayanna Jaramillo Tavera\",\"@id\":\"https:\/\/www.ucatolica.edu.co\/portal\/#\/schema\/person\/c03ebc5b4f80ce7b8947aa9ddece408a\"},\"headline\":\"II Encuentro Universitario del Programa de Intercambio Acad\u00e9mico Latinoamericano (PILA) en la Universidad Cat\u00f3lica de Colombia\",\"datePublished\":\"2024-08-16T20:15:13+00:00\",\"dateModified\":\"2024-08-16T20:16:16+00:00\",\"mainEntityOfPage\":{\"@id\":\"https:\/\/www.ucatolica.edu.co\/portal\/ii-encuentro-universitario-del-programa-de-intercambio-academico-latinoamericano-pila-en-la-universidad-catolica-de-colombia\/\"},\"wordCount\":417,\"commentCount\":0,\"publisher\":{\"@id\":\"https:\/\/www.ucatolica.edu.co\/portal\/#organization\"},\"image\":{\"@id\":\"https:\/\/www.ucatolica.edu.co\/portal\/ii-encuentro-universitario-del-programa-de-intercambio-academico-latinoamericano-pila-en-la-universidad-catolica-de-colombia\/#primaryimage\"},\"thumbnailUrl\":\"https:\/\/www.ucatolica.edu.co\/portal\/wp-content\/uploads\/2024\/08\/noticia.jpg\",\"keywords\":[\"ASCUN\",\"ORII\",\"Programa de Intercambio Acad\u00e9mico Latinoamericano\"],\"articleSection\":[\"Noticias Principales\",\"ORII\"],\"inLanguage\":\"es-CO\"},{\"@type\":\"WebPage\",\"@id\":\"https:\/\/www.ucatolica.edu.co\/portal\/ii-encuentro-universitario-del-programa-de-intercambio-academico-latinoamericano-pila-en-la-universidad-catolica-de-colombia\/\",\"url\":\"https:\/\/www.ucatolica.edu.co\/portal\/ii-encuentro-universitario-del-programa-de-intercambio-academico-latinoamericano-pila-en-la-universidad-catolica-de-colombia\/\",\"name\":\"II Encuentro Universitario del Programa de Intercambio Acad\u00e9mico Latinoamericano (PILA) en la Universidad Cat\u00f3lica de Colombia - Universidad Cat\u00f3lica De Colombia\",\"isPartOf\":{\"@id\":\"https:\/\/www.ucatolica.edu.co\/portal\/#website\"},\"primaryImageOfPage\":{\"@id\":\"https:\/\/www.ucatolica.edu.co\/portal\/ii-encuentro-universitario-del-programa-de-intercambio-academico-latinoamericano-pila-en-la-universidad-catolica-de-colombia\/#primaryimage\"},\"image\":{\"@id\":\"https:\/\/www.ucatolica.edu.co\/portal\/ii-encuentro-universitario-del-programa-de-intercambio-academico-latinoamericano-pila-en-la-universidad-catolica-de-colombia\/#primaryimage\"},\"thumbnailUrl\":\"https:\/\/www.ucatolica.edu.co\/portal\/wp-content\/uploads\/2024\/08\/noticia.jpg\",\"datePublished\":\"2024-08-16T20:15:13+00:00\",\"dateModified\":\"2024-08-16T20:16:16+00:00\",\"breadcrumb\":{\"@id\":\"https:\/\/www.ucatolica.edu.co\/portal\/ii-encuentro-universitario-del-programa-de-intercambio-academico-latinoamericano-pila-en-la-universidad-catolica-de-colombia\/#breadcrumb\"},\"inLanguage\":\"es-CO\",\"potentialAction\":[{\"@type\":\"ReadAction\",\"target\":[\"https:\/\/www.ucatolica.edu.co\/portal\/ii-encuentro-universitario-del-programa-de-intercambio-academico-latinoamericano-pila-en-la-universidad-catolica-de-colombia\/\"]}]},{\"@type\":\"ImageObject\",\"inLanguage\":\"es-CO\",\"@id\":\"https:\/\/www.ucatolica.edu.co\/portal\/ii-encuentro-universitario-del-programa-de-intercambio-academico-latinoamericano-pila-en-la-universidad-catolica-de-colombia\/#primaryimage\",\"url\":\"https:\/\/www.ucatolica.edu.co\/portal\/wp-content\/uploads\/2024\/08\/noticia.jpg\",\"contentUrl\":\"https:\/\/www.ucatolica.edu.co\/portal\/wp-content\/uploads\/2024\/08\/noticia.jpg\",\"width\":870,\"height\":522,\"caption\":\"grupo de personas de pie sonriendo\"},{\"@type\":\"BreadcrumbList\",\"@id\":\"https:\/\/www.ucatolica.edu.co\/portal\/ii-encuentro-universitario-del-programa-de-intercambio-academico-latinoamericano-pila-en-la-universidad-catolica-de-colombia\/#breadcrumb\",\"itemListElement\":[{\"@type\":\"ListItem\",\"position\":1,\"name\":\"Inicio\",\"item\":\"https:\/\/www.ucatolica.edu.co\/portal\/\"},{\"@type\":\"ListItem\",\"position\":2,\"name\":\"II Encuentro Universitario del Programa de Intercambio Acad\u00e9mico Latinoamericano (PILA) en la Universidad Cat\u00f3lica de Colombia\"}]},{\"@type\":\"WebSite\",\"@id\":\"https:\/\/www.ucatolica.edu.co\/portal\/#website\",\"url\":\"https:\/\/www.ucatolica.edu.co\/portal\/\",\"name\":\"Universidad Cat\u00f3lica De Colombia\",\"description\":\"Universidad Cat\u00f3lica De Colombia\",\"publisher\":{\"@id\":\"https:\/\/www.ucatolica.edu.co\/portal\/#organization\"},\"potentialAction\":[{\"@type\":\"SearchAction\",\"target\":{\"@type\":\"EntryPoint\",\"urlTemplate\":\"https:\/\/www.ucatolica.edu.co\/portal\/?s={search_term_string}\"},\"query-input\":{\"@type\":\"PropertyValueSpecification\",\"valueRequired\":true,\"valueName\":\"search_term_string\"}}],\"inLanguage\":\"es-CO\"},{\"@type\":\"Organization\",\"@id\":\"https:\/\/www.ucatolica.edu.co\/portal\/#organization\",\"name\":\"Universidad Cat\u00f3lica de Colombia\",\"url\":\"https:\/\/www.ucatolica.edu.co\/portal\/\",\"logo\":{\"@type\":\"ImageObject\",\"inLanguage\":\"es-CO\",\"@id\":\"https:\/\/www.ucatolica.edu.co\/portal\/#\/schema\/logo\/image\/\",\"url\":\"https:\/\/www.ucatolica.edu.co\/portal\/wp-content\/uploads\/2021\/06\/logo-header-ho-1.svg\",\"contentUrl\":\"https:\/\/www.ucatolica.edu.co\/portal\/wp-content\/uploads\/2021\/06\/logo-header-ho-1.svg\",\"width\":1,\"height\":1,\"caption\":\"Universidad Cat\u00f3lica de Colombia\"},\"image\":{\"@id\":\"https:\/\/www.ucatolica.edu.co\/portal\/#\/schema\/logo\/image\/\"},\"sameAs\":[\"https:\/\/www.facebook.com\/ucatolicacolombia\",\"https:\/\/x.com\/UCatolicaCol\",\"https:\/\/www.instagram.com\/universidadcatolicadecolombia\/\",\"https:\/\/www.linkedin.com\/company\/universidadcatolicadecolombia\/\",\"https:\/\/www.youtube.com\/user\/UCatolicaCo\"]},{\"@type\":\"Person\",\"@id\":\"https:\/\/www.ucatolica.edu.co\/portal\/#\/schema\/person\/c03ebc5b4f80ce7b8947aa9ddece408a\",\"name\":\"Leidy Dayanna Jaramillo Tavera\",\"url\":\"https:\/\/www.ucatolica.edu.co\/portal\/author\/dayana\/\"}]}<\/script>\n<!-- \/ Yoast SEO plugin. -->","yoast_head_json":{"title":"II Encuentro Universitario del Programa de Intercambio Acad\u00e9mico Latinoamericano (PILA) en la Universidad Cat\u00f3lica de Colombia - Universidad Cat\u00f3lica De Colombia","robots":{"index":"index","follow":"follow","max-snippet":"max-snippet:-1","max-image-preview":"max-image-preview:large","max-video-preview":"max-video-preview:-1"},"canonical":"https:\/\/www.ucatolica.edu.co\/portal\/ii-encuentro-universitario-del-programa-de-intercambio-academico-latinoamericano-pila-en-la-universidad-catolica-de-colombia\/","og_locale":"es_ES","og_type":"article","og_title":"II Encuentro Universitario del Programa de Intercambio Acad\u00e9mico Latinoamericano (PILA) en la Universidad Cat\u00f3lica de Colombia - Universidad Cat\u00f3lica De Colombia","og_description":"La Universidad Cat\u00f3lica de Colombia fue el escenario del II Encuentro Universitario del Programa de Intercambio Acad\u00e9mico Latinoamericano (PILA), celebrado los d\u00edas 12 y 13 de agosto. Este evento reuni\u00f3 a 154 participantes provenientes de 110 instituciones educativas de Am\u00e9rica Latina, incluyendo pa\u00edses como Brasil, M\u00e9xico, Uruguay, Cuba, Argentina, Chile y Colombia; y tuvo como [&hellip;]","og_url":"https:\/\/www.ucatolica.edu.co\/portal\/ii-encuentro-universitario-del-programa-de-intercambio-academico-latinoamericano-pila-en-la-universidad-catolica-de-colombia\/","og_site_name":"Universidad Cat\u00f3lica De Colombia","article_publisher":"https:\/\/www.facebook.com\/ucatolicacolombia","article_published_time":"2024-08-16T20:15:13+00:00","article_modified_time":"2024-08-16T20:16:16+00:00","og_image":[{"width":870,"height":522,"url":"https:\/\/www.ucatolica.edu.co\/portal\/wp-content\/uploads\/2024\/08\/noticia.jpg","type":"image\/jpeg"}],"author":"Leidy Dayanna Jaramillo Tavera","twitter_card":"summary_large_image","twitter_creator":"@UCatolicaCol","twitter_site":"@UCatolicaCol","twitter_misc":{"Escrito por":"Leidy Dayanna Jaramillo Tavera","Tiempo de lectura":"2 minutos"},"schema":{"@context":"https:\/\/schema.org","@graph":[{"@type":"Article","@id":"https:\/\/www.ucatolica.edu.co\/portal\/ii-encuentro-universitario-del-programa-de-intercambio-academico-latinoamericano-pila-en-la-universidad-catolica-de-colombia\/#article","isPartOf":{"@id":"https:\/\/www.ucatolica.edu.co\/portal\/ii-encuentro-universitario-del-programa-de-intercambio-academico-latinoamericano-pila-en-la-universidad-catolica-de-colombia\/"},"author":{"name":"Leidy Dayanna Jaramillo Tavera","@id":"https:\/\/www.ucatolica.edu.co\/portal\/#\/schema\/person\/c03ebc5b4f80ce7b8947aa9ddece408a"},"headline":"II Encuentro Universitario del Programa de Intercambio Acad\u00e9mico Latinoamericano (PILA) en la Universidad Cat\u00f3lica de Colombia","datePublished":"2024-08-16T20:15:13+00:00","dateModified":"2024-08-16T20:16:16+00:00","mainEntityOfPage":{"@id":"https:\/\/www.ucatolica.edu.co\/portal\/ii-encuentro-universitario-del-programa-de-intercambio-academico-latinoamericano-pila-en-la-universidad-catolica-de-colombia\/"},"wordCount":417,"commentCount":0,"publisher":{"@id":"https:\/\/www.ucatolica.edu.co\/portal\/#organization"},"image":{"@id":"https:\/\/www.ucatolica.edu.co\/portal\/ii-encuentro-universitario-del-programa-de-intercambio-academico-latinoamericano-pila-en-la-universidad-catolica-de-colombia\/#primaryimage"},"thumbnailUrl":"https:\/\/www.ucatolica.edu.co\/portal\/wp-content\/uploads\/2024\/08\/noticia.jpg","keywords":["ASCUN","ORII","Programa de Intercambio Acad\u00e9mico Latinoamericano"],"articleSection":["Noticias Principales","ORII"],"inLanguage":"es-CO"},{"@type":"WebPage","@id":"https:\/\/www.ucatolica.edu.co\/portal\/ii-encuentro-universitario-del-programa-de-intercambio-academico-latinoamericano-pila-en-la-universidad-catolica-de-colombia\/","url":"https:\/\/www.ucatolica.edu.co\/portal\/ii-encuentro-universitario-del-programa-de-intercambio-academico-latinoamericano-pila-en-la-universidad-catolica-de-colombia\/","name":"II Encuentro Universitario del Programa de Intercambio Acad\u00e9mico Latinoamericano (PILA) en la Universidad Cat\u00f3lica de Colombia - Universidad Cat\u00f3lica De Colombia","isPartOf":{"@id":"https:\/\/www.ucatolica.edu.co\/portal\/#website"},"primaryImageOfPage":{"@id":"https:\/\/www.ucatolica.edu.co\/portal\/ii-encuentro-universitario-del-programa-de-intercambio-academico-latinoamericano-pila-en-la-universidad-catolica-de-colombia\/#primaryimage"},"image":{"@id":"https:\/\/www.ucatolica.edu.co\/portal\/ii-encuentro-universitario-del-programa-de-intercambio-academico-latinoamericano-pila-en-la-universidad-catolica-de-colombia\/#primaryimage"},"thumbnailUrl":"https:\/\/www.ucatolica.edu.co\/portal\/wp-content\/uploads\/2024\/08\/noticia.jpg","datePublished":"2024-08-16T20:15:13+00:00","dateModified":"2024-08-16T20:16:16+00:00","breadcrumb":{"@id":"https:\/\/www.ucatolica.edu.co\/portal\/ii-encuentro-universitario-del-programa-de-intercambio-academico-latinoamericano-pila-en-la-universidad-catolica-de-colombia\/#breadcrumb"},"inLanguage":"es-CO","potentialAction":[{"@type":"ReadAction","target":["https:\/\/www.ucatolica.edu.co\/portal\/ii-encuentro-universitario-del-programa-de-intercambio-academico-latinoamericano-pila-en-la-universidad-catolica-de-colombia\/"]}]},{"@type":"ImageObject","inLanguage":"es-CO","@id":"https:\/\/www.ucatolica.edu.co\/portal\/ii-encuentro-universitario-del-programa-de-intercambio-academico-latinoamericano-pila-en-la-universidad-catolica-de-colombia\/#primaryimage","url":"https:\/\/www.ucatolica.edu.co\/portal\/wp-content\/uploads\/2024\/08\/noticia.jpg","contentUrl":"https:\/\/www.ucatolica.edu.co\/portal\/wp-content\/uploads\/2024\/08\/noticia.jpg","width":870,"height":522,"caption":"grupo de personas de pie sonriendo"},{"@type":"BreadcrumbList","@id":"https:\/\/www.ucatolica.edu.co\/portal\/ii-encuentro-universitario-del-programa-de-intercambio-academico-latinoamericano-pila-en-la-universidad-catolica-de-colombia\/#breadcrumb","itemListElement":[{"@type":"ListItem","position":1,"name":"Inicio","item":"https:\/\/www.ucatolica.edu.co\/portal\/"},{"@type":"ListItem","position":2,"name":"II Encuentro Universitario del Programa de Intercambio Acad\u00e9mico Latinoamericano (PILA) en la Universidad Cat\u00f3lica de Colombia"}]},{"@type":"WebSite","@id":"https:\/\/www.ucatolica.edu.co\/portal\/#website","url":"https:\/\/www.ucatolica.edu.co\/portal\/","name":"Universidad Cat\u00f3lica De Colombia","description":"Universidad Cat\u00f3lica De Colombia","publisher":{"@id":"https:\/\/www.ucatolica.edu.co\/portal\/#organization"},"potentialAction":[{"@type":"SearchAction","target":{"@type":"EntryPoint","urlTemplate":"https:\/\/www.ucatolica.edu.co\/portal\/?s={search_term_string}"},"query-input":{"@type":"PropertyValueSpecification","valueRequired":true,"valueName":"search_term_string"}}],"inLanguage":"es-CO"},{"@type":"Organization","@id":"https:\/\/www.ucatolica.edu.co\/portal\/#organization","name":"Universidad Cat\u00f3lica de Colombia","url":"https:\/\/www.ucatolica.edu.co\/portal\/","logo":{"@type":"ImageObject","inLanguage":"es-CO","@id":"https:\/\/www.ucatolica.edu.co\/portal\/#\/schema\/logo\/image\/","url":"https:\/\/www.ucatolica.edu.co\/portal\/wp-content\/uploads\/2021\/06\/logo-header-ho-1.svg","contentUrl":"https:\/\/www.ucatolica.edu.co\/portal\/wp-content\/uploads\/2021\/06\/logo-header-ho-1.svg","width":1,"height":1,"caption":"Universidad Cat\u00f3lica de Colombia"},"image":{"@id":"https:\/\/www.ucatolica.edu.co\/portal\/#\/schema\/logo\/image\/"},"sameAs":["https:\/\/www.facebook.com\/ucatolicacolombia","https:\/\/x.com\/UCatolicaCol","https:\/\/www.instagram.com\/universidadcatolicadecolombia\/","https:\/\/www.linkedin.com\/company\/universidadcatolicadecolombia\/","https:\/\/www.youtube.com\/user\/UCatolicaCo"]},{"@type":"Person","@id":"https:\/\/www.ucatolica.edu.co\/portal\/#\/schema\/person\/c03ebc5b4f80ce7b8947aa9ddece408a","name":"Leidy Dayanna Jaramillo Tavera","url":"https:\/\/www.ucatolica.edu.co\/portal\/author\/dayana\/"}]}},"author_meta":{"display_name":"Leidy Dayanna Jaramillo Tavera","author_link":"https:\/\/www.ucatolica.edu.co\/portal\/author\/dayana\/"},"featured_img":"https:\/\/www.ucatolica.edu.co\/portal\/wp-content\/uploads\/2024\/08\/noticia.jpg","coauthors":[],"tax_additional":{"categories":{"linked":["<a href=\"https:\/\/www.ucatolica.edu.co\/portal\/category\/noticias-principales\/\" class=\"advgb-post-tax-term\">Noticias Principales<\/a>","<a href=\"https:\/\/www.ucatolica.edu.co\/portal\/category\/orii\/\" class=\"advgb-post-tax-term\">ORII<\/a>"],"unlinked":["<span class=\"advgb-post-tax-term\">Noticias Principales<\/span>","<span class=\"advgb-post-tax-term\">ORII<\/span>"]},"tags":{"linked":["<a href=\"https:\/\/www.ucatolica.edu.co\/portal\/category\/orii\/\" class=\"advgb-post-tax-term\">ASCUN<\/a>","<a href=\"https:\/\/www.ucatolica.edu.co\/portal\/category\/orii\/\" class=\"advgb-post-tax-term\">ORII<\/a>","<a href=\"https:\/\/www.ucatolica.edu.co\/portal\/category\/orii\/\" class=\"advgb-post-tax-term\">Programa de Intercambio Acad\u00e9mico Latinoamericano<\/a>"],"unlinked":["<span class=\"advgb-post-tax-term\">ASCUN<\/span>","<span class=\"advgb-post-tax-term\">ORII<\/span>","<span class=\"advgb-post-tax-term\">Programa de Intercambio Acad\u00e9mico Latinoamericano<\/span>"]}},"comment_count":"0","relative_dates":{"created":"Posted 2 a\u00f1os ago","modified":"Updated 2 a\u00f1os ago"},"absolute_dates":{"created":"Posted on 16 agosto, 2024","modified":"Updated on 16 agosto, 2024"},"absolute_dates_time":{"created":"Posted on 16 agosto, 2024 3:15 pm","modified":"Updated on 16 agosto, 2024 3:16 pm"},"featured_img_caption":"","series_order":"","_links":{"self":[{"href":"https:\/\/www.ucatolica.edu.co\/portal\/wp-json\/wp\/v2\/posts\/110870","targetHints":{"allow":["GET"]}}],"collection":[{"href":"https:\/\/www.ucatolica.edu.co\/portal\/wp-json\/wp\/v2\/posts"}],"about":[{"href":"https:\/\/www.ucatolica.edu.co\/portal\/wp-json\/wp\/v2\/types\/post"}],"author":[{"embeddable":true,"href":"https:\/\/www.ucatolica.edu.co\/portal\/wp-json\/wp\/v2\/users\/61"}],"replies":[{"embeddable":true,"href":"https:\/\/www.ucatolica.edu.co\/portal\/wp-json\/wp\/v2\/comments?post=110870"}],"version-history":[{"count":2,"href":"https:\/\/www.ucatolica.edu.co\/portal\/wp-json\/wp\/v2\/posts\/110870\/revisions"}],"predecessor-version":[{"id":110879,"href":"https:\/\/www.ucatolica.edu.co\/portal\/wp-json\/wp\/v2\/posts\/110870\/revisions\/110879"}],"wp:featuredmedia":[{"embeddable":true,"href":"https:\/\/www.ucatolica.edu.co\/portal\/wp-json\/wp\/v2\/media\/110871"}],"wp:attachment":[{"href":"https:\/\/www.ucatolica.edu.co\/portal\/wp-json\/wp\/v2\/media?parent=110870"}],"wp:term":[{"taxonomy":"category","embeddable":true,"href":"https:\/\/www.ucatolica.edu.co\/portal\/wp-json\/wp\/v2\/categories?post=110870"},{"taxonomy":"post_tag","embeddable":true,"href":"https:\/\/www.ucatolica.edu.co\/portal\/wp-json\/wp\/v2\/tags?post=110870"}],"curies":[{"name":"wp","href":"https:\/\/api.w.org\/{rel}","templated":true}]}}