{"id":110957,"date":"2024-09-05T15:59:19","date_gmt":"2024-09-05T20:59:19","guid":{"rendered":"https:\/\/www.ucatolica.edu.co\/portal\/?p=110957"},"modified":"2024-12-11T17:09:22","modified_gmt":"2024-12-11T22:09:22","slug":"participa-en-la-convocatoria-abierta-conexiones-lusofonas","status":"publish","type":"post","link":"https:\/\/www.ucatolica.edu.co\/portal\/participa-en-la-convocatoria-abierta-conexiones-lusofonas\/","title":{"rendered":"Participa en la convocatoria Abierta: Conexiones Lus\u00f3fonas"},"content":{"rendered":"\n<p>La Universidad Cat\u00f3lica de Colombia invita a estudiantes, profesores y funcionarios administrativos a participar en el curso \u201cConexiones Lus\u00f3fonas: Fortalecimiento de v\u00ednculos culturales entre Colombia, Brasil y Angola a trav\u00e9s del portugu\u00e9s y la cultura africana\u201d. Este curso es parte de un proyecto en colaboraci\u00f3n con la Universidad Cat\u00f3lica de Angola y la Universidad de Minas Gerais, con el respaldo de ICETEX bajo el programa Ense\u00f1anza y Protecci\u00f3n de Lenguas 2024.<\/p>\n\n\n\n<p>Convocatoria completa <a href=\"https:\/\/www.ucatolica.edu.co\/portal\/wp-content\/uploads\/2024\/09\/Convocatoria-Lusofonia-2.pdf\">aqu\u00ed<\/a><\/p>\n\n\n\n<p><strong>Fases del Proyecto:<\/strong><\/p>\n\n\n\n<ol start=\"1\" class=\"wp-block-list\">\n<li><strong>Webinarios<\/strong> en portugu\u00e9s sobre historia africana, cultura y sostenibilidad (septiembre-octubre).<\/li>\n\n\n\n<li><strong>Curso Presencial<\/strong> en dos fases:\n<ul class=\"wp-block-list\">\n<li><strong>Universidad Cat\u00f3lica de Angola:<\/strong> 2 semanas en octubre 2024.<\/li>\n\n\n\n<li><strong>Universidad de Minas Gerais:<\/strong> 2 semanas en octubre-noviembre 2024.<\/li>\n<\/ul>\n<\/li>\n<\/ol>\n\n\n\n<p><strong>Cupos disponibles:<\/strong> 30<\/p>\n\n\n\n<p><strong>Criterios de Participaci\u00f3n:<\/strong><\/p>\n\n\n\n<ul class=\"wp-block-list\">\n<li><strong>Estudiantes:<\/strong> Deben estar activos en pregrado o posgrado con un promedio acumulado superior a 8.0. Se prioriza a aquellos con conocimientos b\u00e1sicos de portugu\u00e9s y experiencia en grupos institucionales.<\/li>\n\n\n\n<li><strong>Profesores:<\/strong> Deben tener al menos un a\u00f1o de antig\u00fcedad y autorizaci\u00f3n de su jefe inmediato. Se prioriza a quienes han colaborado con pa\u00edses lus\u00f3fonos.<\/li>\n\n\n\n<li><strong>Funcionarios Administrativos:<\/strong> Deben tener al menos un a\u00f1o de vinculaci\u00f3n con la universidad. Se prioriza a los roles relacionados con procesos de internacionalizaci\u00f3n.<\/li>\n<\/ul>\n\n\n\n<p><strong><a href=\"https:\/\/forms.office.com\/r\/2srijRSc4x?origin=lprLink\">Inscr\u00edbete aqu\u00ed<\/a><\/strong><\/p>\n\n\n\n<p><strong>M\u00e1s informaci\u00f3n:<\/strong><\/p>\n\n\n\n<p>Heidy Johana Quintero<\/p>\n\n\n\n<p>Coordinadora de Cooperaci\u00f3n Internacional<\/p>\n\n\n\n<p><a href=\"mailto:coopinternacional@ucatolica.edu.co\">coopinternacional@ucatolica.edu.co<\/a><br>Coordinadora de Cooperaci\u00f3n Internacional<br><strong>Email:<\/strong> coopinternacional@ucatolica.edu.co<\/p>\n\n\n\n<p><\/p>\n\n\n\n<p>La implementaci\u00f3n del proyecto &#8220;Conexiones Lus\u00f3fonas: Fortalecimiento de v\u00ednculos culturales entre Colombia, Brasil y Angola a trav\u00e9s del portugu\u00e9s y la cultura africana&#8221; ha sido posible gracias al apoyo y financiaci\u00f3n por parte de la convocatoria &#8220;Ense\u00f1anza y Protecci\u00f3n de Lenguas&#8221; de ICETEX.<\/p>\n\n\n\n<figure class=\"wp-block-image size-full is-resized\"><img fetchpriority=\"high\" decoding=\"async\" width=\"1071\" height=\"278\" src=\"https:\/\/www.ucatolica.edu.co\/portal\/wp-content\/uploads\/2023\/07\/logo-manejo-02.png\" alt=\"Logo horizontal icetex\" class=\"wp-image-95981\" style=\"width:303px;height:auto\"\/><\/figure>\n","protected":false},"excerpt":{"rendered":"<p>La Universidad Cat\u00f3lica de Colombia invita a estudiantes, profesores y funcionarios administrativos a participar en el curso \u201cConexiones Lus\u00f3fonas: Fortalecimiento de v\u00ednculos culturales entre Colombia, Brasil y Angola a trav\u00e9s del portugu\u00e9s y la cultura africana\u201d. Este curso es parte de un proyecto en colaboraci\u00f3n con la Universidad Cat\u00f3lica de Angola y la Universidad de [&hellip;]<\/p>\n","protected":false},"author":61,"featured_media":111133,"comment_status":"open","ping_status":"open","sticky":false,"template":"","format":"standard","meta":{"_acf_changed":false,"advgb_blocks_editor_width":"","advgb_blocks_columns_visual_guide":"","footnotes":""},"categories":[93,531],"tags":[2797,479],"class_list":["post-110957","post","type-post","status-publish","format-standard","has-post-thumbnail","hentry","category-noticias-principales","category-orii","tag-conexiones-lusofonas","tag-orii"],"acf":[],"yoast_head":"<!-- This site is optimized with the Yoast SEO plugin v26.7 - https:\/\/yoast.com\/wordpress\/plugins\/seo\/ -->\n<title>Participa en la convocatoria Abierta: Conexiones Lus\u00f3fonas - Universidad Cat\u00f3lica De Colombia<\/title>\n<meta name=\"robots\" content=\"index, follow, max-snippet:-1, max-image-preview:large, max-video-preview:-1\" \/>\n<link rel=\"canonical\" href=\"https:\/\/www.ucatolica.edu.co\/portal\/participa-en-la-convocatoria-abierta-conexiones-lusofonas\/\" \/>\n<meta property=\"og:locale\" content=\"es_ES\" \/>\n<meta property=\"og:type\" content=\"article\" \/>\n<meta property=\"og:title\" content=\"Participa en la convocatoria Abierta: Conexiones Lus\u00f3fonas - Universidad Cat\u00f3lica De Colombia\" \/>\n<meta property=\"og:description\" content=\"La Universidad Cat\u00f3lica de Colombia invita a estudiantes, profesores y funcionarios administrativos a participar en el curso \u201cConexiones Lus\u00f3fonas: Fortalecimiento de v\u00ednculos culturales entre Colombia, Brasil y Angola a trav\u00e9s del portugu\u00e9s y la cultura africana\u201d. Este curso es parte de un proyecto en colaboraci\u00f3n con la Universidad Cat\u00f3lica de Angola y la Universidad de [&hellip;]\" \/>\n<meta property=\"og:url\" content=\"https:\/\/www.ucatolica.edu.co\/portal\/participa-en-la-convocatoria-abierta-conexiones-lusofonas\/\" \/>\n<meta property=\"og:site_name\" content=\"Universidad Cat\u00f3lica De Colombia\" \/>\n<meta property=\"article:publisher\" content=\"https:\/\/www.facebook.com\/ucatolicacolombia\" \/>\n<meta property=\"article:published_time\" content=\"2024-09-05T20:59:19+00:00\" \/>\n<meta property=\"article:modified_time\" content=\"2024-12-11T22:09:22+00:00\" \/>\n<meta property=\"og:image\" content=\"https:\/\/www.ucatolica.edu.co\/portal\/wp-content\/uploads\/2024\/09\/OP4155-Portugues_Noticia.jpg\" \/>\n\t<meta property=\"og:image:width\" content=\"870\" \/>\n\t<meta property=\"og:image:height\" content=\"522\" \/>\n\t<meta property=\"og:image:type\" content=\"image\/jpeg\" \/>\n<meta name=\"author\" content=\"Leidy Dayanna Jaramillo Tavera\" \/>\n<meta name=\"twitter:card\" content=\"summary_large_image\" \/>\n<meta name=\"twitter:creator\" content=\"@UCatolicaCol\" \/>\n<meta name=\"twitter:site\" content=\"@UCatolicaCol\" \/>\n<meta name=\"twitter:label1\" content=\"Escrito por\" \/>\n\t<meta name=\"twitter:data1\" content=\"Leidy Dayanna Jaramillo Tavera\" \/>\n\t<meta name=\"twitter:label2\" content=\"Tiempo de lectura\" \/>\n\t<meta name=\"twitter:data2\" content=\"1 minuto\" \/>\n<script type=\"application\/ld+json\" class=\"yoast-schema-graph\">{\"@context\":\"https:\/\/schema.org\",\"@graph\":[{\"@type\":\"Article\",\"@id\":\"https:\/\/www.ucatolica.edu.co\/portal\/participa-en-la-convocatoria-abierta-conexiones-lusofonas\/#article\",\"isPartOf\":{\"@id\":\"https:\/\/www.ucatolica.edu.co\/portal\/participa-en-la-convocatoria-abierta-conexiones-lusofonas\/\"},\"author\":{\"name\":\"Leidy Dayanna Jaramillo Tavera\",\"@id\":\"https:\/\/www.ucatolica.edu.co\/portal\/#\/schema\/person\/c03ebc5b4f80ce7b8947aa9ddece408a\"},\"headline\":\"Participa en la convocatoria Abierta: Conexiones Lus\u00f3fonas\",\"datePublished\":\"2024-09-05T20:59:19+00:00\",\"dateModified\":\"2024-12-11T22:09:22+00:00\",\"mainEntityOfPage\":{\"@id\":\"https:\/\/www.ucatolica.edu.co\/portal\/participa-en-la-convocatoria-abierta-conexiones-lusofonas\/\"},\"wordCount\":295,\"commentCount\":0,\"publisher\":{\"@id\":\"https:\/\/www.ucatolica.edu.co\/portal\/#organization\"},\"image\":{\"@id\":\"https:\/\/www.ucatolica.edu.co\/portal\/participa-en-la-convocatoria-abierta-conexiones-lusofonas\/#primaryimage\"},\"thumbnailUrl\":\"https:\/\/www.ucatolica.edu.co\/portal\/wp-content\/uploads\/2024\/09\/OP4155-Portugues_Noticia.jpg\",\"keywords\":[\"Conexiones Lus\u00f3fonas\",\"ORII\"],\"articleSection\":[\"Noticias Principales\",\"ORII\"],\"inLanguage\":\"es-CO\"},{\"@type\":\"WebPage\",\"@id\":\"https:\/\/www.ucatolica.edu.co\/portal\/participa-en-la-convocatoria-abierta-conexiones-lusofonas\/\",\"url\":\"https:\/\/www.ucatolica.edu.co\/portal\/participa-en-la-convocatoria-abierta-conexiones-lusofonas\/\",\"name\":\"Participa en la convocatoria Abierta: Conexiones Lus\u00f3fonas - Universidad Cat\u00f3lica De Colombia\",\"isPartOf\":{\"@id\":\"https:\/\/www.ucatolica.edu.co\/portal\/#website\"},\"primaryImageOfPage\":{\"@id\":\"https:\/\/www.ucatolica.edu.co\/portal\/participa-en-la-convocatoria-abierta-conexiones-lusofonas\/#primaryimage\"},\"image\":{\"@id\":\"https:\/\/www.ucatolica.edu.co\/portal\/participa-en-la-convocatoria-abierta-conexiones-lusofonas\/#primaryimage\"},\"thumbnailUrl\":\"https:\/\/www.ucatolica.edu.co\/portal\/wp-content\/uploads\/2024\/09\/OP4155-Portugues_Noticia.jpg\",\"datePublished\":\"2024-09-05T20:59:19+00:00\",\"dateModified\":\"2024-12-11T22:09:22+00:00\",\"breadcrumb\":{\"@id\":\"https:\/\/www.ucatolica.edu.co\/portal\/participa-en-la-convocatoria-abierta-conexiones-lusofonas\/#breadcrumb\"},\"inLanguage\":\"es-CO\",\"potentialAction\":[{\"@type\":\"ReadAction\",\"target\":[\"https:\/\/www.ucatolica.edu.co\/portal\/participa-en-la-convocatoria-abierta-conexiones-lusofonas\/\"]}]},{\"@type\":\"ImageObject\",\"inLanguage\":\"es-CO\",\"@id\":\"https:\/\/www.ucatolica.edu.co\/portal\/participa-en-la-convocatoria-abierta-conexiones-lusofonas\/#primaryimage\",\"url\":\"https:\/\/www.ucatolica.edu.co\/portal\/wp-content\/uploads\/2024\/09\/OP4155-Portugues_Noticia.jpg\",\"contentUrl\":\"https:\/\/www.ucatolica.edu.co\/portal\/wp-content\/uploads\/2024\/09\/OP4155-Portugues_Noticia.jpg\",\"width\":870,\"height\":522,\"caption\":\"Paisaje de la Ciudad de Angola\"},{\"@type\":\"BreadcrumbList\",\"@id\":\"https:\/\/www.ucatolica.edu.co\/portal\/participa-en-la-convocatoria-abierta-conexiones-lusofonas\/#breadcrumb\",\"itemListElement\":[{\"@type\":\"ListItem\",\"position\":1,\"name\":\"Inicio\",\"item\":\"https:\/\/www.ucatolica.edu.co\/portal\/\"},{\"@type\":\"ListItem\",\"position\":2,\"name\":\"Participa en la convocatoria Abierta: Conexiones Lus\u00f3fonas\"}]},{\"@type\":\"WebSite\",\"@id\":\"https:\/\/www.ucatolica.edu.co\/portal\/#website\",\"url\":\"https:\/\/www.ucatolica.edu.co\/portal\/\",\"name\":\"Universidad Cat\u00f3lica De Colombia\",\"description\":\"Universidad Cat\u00f3lica De Colombia\",\"publisher\":{\"@id\":\"https:\/\/www.ucatolica.edu.co\/portal\/#organization\"},\"potentialAction\":[{\"@type\":\"SearchAction\",\"target\":{\"@type\":\"EntryPoint\",\"urlTemplate\":\"https:\/\/www.ucatolica.edu.co\/portal\/?s={search_term_string}\"},\"query-input\":{\"@type\":\"PropertyValueSpecification\",\"valueRequired\":true,\"valueName\":\"search_term_string\"}}],\"inLanguage\":\"es-CO\"},{\"@type\":\"Organization\",\"@id\":\"https:\/\/www.ucatolica.edu.co\/portal\/#organization\",\"name\":\"Universidad Cat\u00f3lica de Colombia\",\"url\":\"https:\/\/www.ucatolica.edu.co\/portal\/\",\"logo\":{\"@type\":\"ImageObject\",\"inLanguage\":\"es-CO\",\"@id\":\"https:\/\/www.ucatolica.edu.co\/portal\/#\/schema\/logo\/image\/\",\"url\":\"https:\/\/www.ucatolica.edu.co\/portal\/wp-content\/uploads\/2021\/06\/logo-header-ho-1.svg\",\"contentUrl\":\"https:\/\/www.ucatolica.edu.co\/portal\/wp-content\/uploads\/2021\/06\/logo-header-ho-1.svg\",\"width\":1,\"height\":1,\"caption\":\"Universidad Cat\u00f3lica de Colombia\"},\"image\":{\"@id\":\"https:\/\/www.ucatolica.edu.co\/portal\/#\/schema\/logo\/image\/\"},\"sameAs\":[\"https:\/\/www.facebook.com\/ucatolicacolombia\",\"https:\/\/x.com\/UCatolicaCol\",\"https:\/\/www.instagram.com\/universidadcatolicadecolombia\/\",\"https:\/\/www.linkedin.com\/company\/universidadcatolicadecolombia\/\",\"https:\/\/www.youtube.com\/user\/UCatolicaCo\"]},{\"@type\":\"Person\",\"@id\":\"https:\/\/www.ucatolica.edu.co\/portal\/#\/schema\/person\/c03ebc5b4f80ce7b8947aa9ddece408a\",\"name\":\"Leidy Dayanna Jaramillo Tavera\",\"url\":\"https:\/\/www.ucatolica.edu.co\/portal\/author\/dayana\/\"}]}<\/script>\n<!-- \/ Yoast SEO plugin. -->","yoast_head_json":{"title":"Participa en la convocatoria Abierta: Conexiones Lus\u00f3fonas - Universidad Cat\u00f3lica De Colombia","robots":{"index":"index","follow":"follow","max-snippet":"max-snippet:-1","max-image-preview":"max-image-preview:large","max-video-preview":"max-video-preview:-1"},"canonical":"https:\/\/www.ucatolica.edu.co\/portal\/participa-en-la-convocatoria-abierta-conexiones-lusofonas\/","og_locale":"es_ES","og_type":"article","og_title":"Participa en la convocatoria Abierta: Conexiones Lus\u00f3fonas - Universidad Cat\u00f3lica De Colombia","og_description":"La Universidad Cat\u00f3lica de Colombia invita a estudiantes, profesores y funcionarios administrativos a participar en el curso \u201cConexiones Lus\u00f3fonas: Fortalecimiento de v\u00ednculos culturales entre Colombia, Brasil y Angola a trav\u00e9s del portugu\u00e9s y la cultura africana\u201d. Este curso es parte de un proyecto en colaboraci\u00f3n con la Universidad Cat\u00f3lica de Angola y la Universidad de [&hellip;]","og_url":"https:\/\/www.ucatolica.edu.co\/portal\/participa-en-la-convocatoria-abierta-conexiones-lusofonas\/","og_site_name":"Universidad Cat\u00f3lica De Colombia","article_publisher":"https:\/\/www.facebook.com\/ucatolicacolombia","article_published_time":"2024-09-05T20:59:19+00:00","article_modified_time":"2024-12-11T22:09:22+00:00","og_image":[{"width":870,"height":522,"url":"https:\/\/www.ucatolica.edu.co\/portal\/wp-content\/uploads\/2024\/09\/OP4155-Portugues_Noticia.jpg","type":"image\/jpeg"}],"author":"Leidy Dayanna Jaramillo Tavera","twitter_card":"summary_large_image","twitter_creator":"@UCatolicaCol","twitter_site":"@UCatolicaCol","twitter_misc":{"Escrito por":"Leidy Dayanna Jaramillo Tavera","Tiempo de lectura":"1 minuto"},"schema":{"@context":"https:\/\/schema.org","@graph":[{"@type":"Article","@id":"https:\/\/www.ucatolica.edu.co\/portal\/participa-en-la-convocatoria-abierta-conexiones-lusofonas\/#article","isPartOf":{"@id":"https:\/\/www.ucatolica.edu.co\/portal\/participa-en-la-convocatoria-abierta-conexiones-lusofonas\/"},"author":{"name":"Leidy Dayanna Jaramillo Tavera","@id":"https:\/\/www.ucatolica.edu.co\/portal\/#\/schema\/person\/c03ebc5b4f80ce7b8947aa9ddece408a"},"headline":"Participa en la convocatoria Abierta: Conexiones Lus\u00f3fonas","datePublished":"2024-09-05T20:59:19+00:00","dateModified":"2024-12-11T22:09:22+00:00","mainEntityOfPage":{"@id":"https:\/\/www.ucatolica.edu.co\/portal\/participa-en-la-convocatoria-abierta-conexiones-lusofonas\/"},"wordCount":295,"commentCount":0,"publisher":{"@id":"https:\/\/www.ucatolica.edu.co\/portal\/#organization"},"image":{"@id":"https:\/\/www.ucatolica.edu.co\/portal\/participa-en-la-convocatoria-abierta-conexiones-lusofonas\/#primaryimage"},"thumbnailUrl":"https:\/\/www.ucatolica.edu.co\/portal\/wp-content\/uploads\/2024\/09\/OP4155-Portugues_Noticia.jpg","keywords":["Conexiones Lus\u00f3fonas","ORII"],"articleSection":["Noticias Principales","ORII"],"inLanguage":"es-CO"},{"@type":"WebPage","@id":"https:\/\/www.ucatolica.edu.co\/portal\/participa-en-la-convocatoria-abierta-conexiones-lusofonas\/","url":"https:\/\/www.ucatolica.edu.co\/portal\/participa-en-la-convocatoria-abierta-conexiones-lusofonas\/","name":"Participa en la convocatoria Abierta: Conexiones Lus\u00f3fonas - Universidad Cat\u00f3lica De Colombia","isPartOf":{"@id":"https:\/\/www.ucatolica.edu.co\/portal\/#website"},"primaryImageOfPage":{"@id":"https:\/\/www.ucatolica.edu.co\/portal\/participa-en-la-convocatoria-abierta-conexiones-lusofonas\/#primaryimage"},"image":{"@id":"https:\/\/www.ucatolica.edu.co\/portal\/participa-en-la-convocatoria-abierta-conexiones-lusofonas\/#primaryimage"},"thumbnailUrl":"https:\/\/www.ucatolica.edu.co\/portal\/wp-content\/uploads\/2024\/09\/OP4155-Portugues_Noticia.jpg","datePublished":"2024-09-05T20:59:19+00:00","dateModified":"2024-12-11T22:09:22+00:00","breadcrumb":{"@id":"https:\/\/www.ucatolica.edu.co\/portal\/participa-en-la-convocatoria-abierta-conexiones-lusofonas\/#breadcrumb"},"inLanguage":"es-CO","potentialAction":[{"@type":"ReadAction","target":["https:\/\/www.ucatolica.edu.co\/portal\/participa-en-la-convocatoria-abierta-conexiones-lusofonas\/"]}]},{"@type":"ImageObject","inLanguage":"es-CO","@id":"https:\/\/www.ucatolica.edu.co\/portal\/participa-en-la-convocatoria-abierta-conexiones-lusofonas\/#primaryimage","url":"https:\/\/www.ucatolica.edu.co\/portal\/wp-content\/uploads\/2024\/09\/OP4155-Portugues_Noticia.jpg","contentUrl":"https:\/\/www.ucatolica.edu.co\/portal\/wp-content\/uploads\/2024\/09\/OP4155-Portugues_Noticia.jpg","width":870,"height":522,"caption":"Paisaje de la Ciudad de Angola"},{"@type":"BreadcrumbList","@id":"https:\/\/www.ucatolica.edu.co\/portal\/participa-en-la-convocatoria-abierta-conexiones-lusofonas\/#breadcrumb","itemListElement":[{"@type":"ListItem","position":1,"name":"Inicio","item":"https:\/\/www.ucatolica.edu.co\/portal\/"},{"@type":"ListItem","position":2,"name":"Participa en la convocatoria Abierta: Conexiones Lus\u00f3fonas"}]},{"@type":"WebSite","@id":"https:\/\/www.ucatolica.edu.co\/portal\/#website","url":"https:\/\/www.ucatolica.edu.co\/portal\/","name":"Universidad Cat\u00f3lica De Colombia","description":"Universidad Cat\u00f3lica De Colombia","publisher":{"@id":"https:\/\/www.ucatolica.edu.co\/portal\/#organization"},"potentialAction":[{"@type":"SearchAction","target":{"@type":"EntryPoint","urlTemplate":"https:\/\/www.ucatolica.edu.co\/portal\/?s={search_term_string}"},"query-input":{"@type":"PropertyValueSpecification","valueRequired":true,"valueName":"search_term_string"}}],"inLanguage":"es-CO"},{"@type":"Organization","@id":"https:\/\/www.ucatolica.edu.co\/portal\/#organization","name":"Universidad Cat\u00f3lica de Colombia","url":"https:\/\/www.ucatolica.edu.co\/portal\/","logo":{"@type":"ImageObject","inLanguage":"es-CO","@id":"https:\/\/www.ucatolica.edu.co\/portal\/#\/schema\/logo\/image\/","url":"https:\/\/www.ucatolica.edu.co\/portal\/wp-content\/uploads\/2021\/06\/logo-header-ho-1.svg","contentUrl":"https:\/\/www.ucatolica.edu.co\/portal\/wp-content\/uploads\/2021\/06\/logo-header-ho-1.svg","width":1,"height":1,"caption":"Universidad Cat\u00f3lica de Colombia"},"image":{"@id":"https:\/\/www.ucatolica.edu.co\/portal\/#\/schema\/logo\/image\/"},"sameAs":["https:\/\/www.facebook.com\/ucatolicacolombia","https:\/\/x.com\/UCatolicaCol","https:\/\/www.instagram.com\/universidadcatolicadecolombia\/","https:\/\/www.linkedin.com\/company\/universidadcatolicadecolombia\/","https:\/\/www.youtube.com\/user\/UCatolicaCo"]},{"@type":"Person","@id":"https:\/\/www.ucatolica.edu.co\/portal\/#\/schema\/person\/c03ebc5b4f80ce7b8947aa9ddece408a","name":"Leidy Dayanna Jaramillo Tavera","url":"https:\/\/www.ucatolica.edu.co\/portal\/author\/dayana\/"}]}},"author_meta":{"display_name":"Leidy Dayanna Jaramillo Tavera","author_link":"https:\/\/www.ucatolica.edu.co\/portal\/author\/dayana\/"},"featured_img":"https:\/\/www.ucatolica.edu.co\/portal\/wp-content\/uploads\/2024\/09\/OP4155-Portugues_Noticia.jpg","coauthors":[],"tax_additional":{"categories":{"linked":["<a href=\"https:\/\/www.ucatolica.edu.co\/portal\/category\/noticias-principales\/\" class=\"advgb-post-tax-term\">Noticias Principales<\/a>","<a href=\"https:\/\/www.ucatolica.edu.co\/portal\/category\/orii\/\" class=\"advgb-post-tax-term\">ORII<\/a>"],"unlinked":["<span class=\"advgb-post-tax-term\">Noticias Principales<\/span>","<span class=\"advgb-post-tax-term\">ORII<\/span>"]},"tags":{"linked":["<a href=\"https:\/\/www.ucatolica.edu.co\/portal\/category\/orii\/\" class=\"advgb-post-tax-term\">Conexiones Lus\u00f3fonas<\/a>","<a href=\"https:\/\/www.ucatolica.edu.co\/portal\/category\/orii\/\" class=\"advgb-post-tax-term\">ORII<\/a>"],"unlinked":["<span class=\"advgb-post-tax-term\">Conexiones Lus\u00f3fonas<\/span>","<span class=\"advgb-post-tax-term\">ORII<\/span>"]}},"comment_count":"0","relative_dates":{"created":"Posted 2 a\u00f1os ago","modified":"Updated 1 a\u00f1o ago"},"absolute_dates":{"created":"Posted on 5 septiembre, 2024","modified":"Updated on 11 diciembre, 2024"},"absolute_dates_time":{"created":"Posted on 5 septiembre, 2024 3:59 pm","modified":"Updated on 11 diciembre, 2024 5:09 pm"},"featured_img_caption":"","series_order":"","_links":{"self":[{"href":"https:\/\/www.ucatolica.edu.co\/portal\/wp-json\/wp\/v2\/posts\/110957","targetHints":{"allow":["GET"]}}],"collection":[{"href":"https:\/\/www.ucatolica.edu.co\/portal\/wp-json\/wp\/v2\/posts"}],"about":[{"href":"https:\/\/www.ucatolica.edu.co\/portal\/wp-json\/wp\/v2\/types\/post"}],"author":[{"embeddable":true,"href":"https:\/\/www.ucatolica.edu.co\/portal\/wp-json\/wp\/v2\/users\/61"}],"replies":[{"embeddable":true,"href":"https:\/\/www.ucatolica.edu.co\/portal\/wp-json\/wp\/v2\/comments?post=110957"}],"version-history":[{"count":5,"href":"https:\/\/www.ucatolica.edu.co\/portal\/wp-json\/wp\/v2\/posts\/110957\/revisions"}],"predecessor-version":[{"id":114172,"href":"https:\/\/www.ucatolica.edu.co\/portal\/wp-json\/wp\/v2\/posts\/110957\/revisions\/114172"}],"wp:featuredmedia":[{"embeddable":true,"href":"https:\/\/www.ucatolica.edu.co\/portal\/wp-json\/wp\/v2\/media\/111133"}],"wp:attachment":[{"href":"https:\/\/www.ucatolica.edu.co\/portal\/wp-json\/wp\/v2\/media?parent=110957"}],"wp:term":[{"taxonomy":"category","embeddable":true,"href":"https:\/\/www.ucatolica.edu.co\/portal\/wp-json\/wp\/v2\/categories?post=110957"},{"taxonomy":"post_tag","embeddable":true,"href":"https:\/\/www.ucatolica.edu.co\/portal\/wp-json\/wp\/v2\/tags?post=110957"}],"curies":[{"name":"wp","href":"https:\/\/api.w.org\/{rel}","templated":true}]}}