{"id":111065,"date":"2024-09-05T16:01:10","date_gmt":"2024-09-05T21:01:10","guid":{"rendered":"https:\/\/www.ucatolica.edu.co\/portal\/?p=111065"},"modified":"2024-09-05T16:01:12","modified_gmt":"2024-09-05T21:01:12","slug":"participa-en-las-capacitaciones-virtuales-en-recursos-de-investigacion-que-tenemos-para-ti","status":"publish","type":"post","link":"https:\/\/www.ucatolica.edu.co\/portal\/participa-en-las-capacitaciones-virtuales-en-recursos-de-investigacion-que-tenemos-para-ti\/","title":{"rendered":"\u00a1Participa en las capacitaciones virtuales en recursos de investigaci\u00f3n que tenemos para ti!"},"content":{"rendered":"\n<p>La Biblioteca de la Universidad Cat\u00f3lica de Colombia invita a estudiantes, profesores y administrativos a participar  en las capacitaciones virtuales que se realizar\u00e1n en recursos de investigaci\u00f3n, con el objetivo de  actualizar a la comunidad  en las herramientas digitales de investigaci\u00f3n y docencia.<\/p>\n\n\n\n<p><strong>Agenda:<\/strong><\/p>\n\n\n\n<p><strong>Mendeley<\/strong><\/p>\n\n\n\n<ul class=\"wp-block-list\">\n<li><strong>12 de septiembre<\/strong><br><strong>Gesti\u00f3n de la informaci\u00f3n con Mendeley\u00a0<\/strong><br>Conoce las capacidades del gestor de informaci\u00f3n Mendeley y aprende c\u00f3mo gestionar de manera eficiente una colecci\u00f3n digital.<br><a href=\"https:\/\/events.teams.microsoft.com\/event\/009e48c5-a1e8-42a5-b761-54130589f55f@449988ad-bc94-4b3c-bce0-4a57da430394\"><strong>Inscr\u00edbete aqu\u00ed <\/strong><\/a><\/li>\n<\/ul>\n\n\n\n<p><strong>Scopus<\/strong><\/p>\n\n\n\n<ul class=\"wp-block-list\">\n<li><strong>19 de septiembre<\/strong><br><strong>Taller: optimizando el uso de Scopus<\/strong><br>A trav\u00e9s de diferentes ejercicios y casos de uso, trabajaremos contigo en la resoluci\u00f3n de estos poniendo a prueba la apropiaci\u00f3n de los conocimientos en el uso de Scopus.<br><a href=\"https:\/\/events.teams.microsoft.com\/event\/2bf7dc90-d482-4cf9-a7de-d55211320760@449988ad-bc94-4b3c-bce0-4a57da430394\"><strong>Inscr\u00edbete aqu\u00ed <\/strong><\/a><\/li>\n\n\n\n<li><strong>24 de octubre<\/strong><br><strong>\u00bfC\u00f3mo utilizar SCOPUS en el d\u00eda a d\u00eda del investigador?<\/strong><br>Conoce c\u00f3mo implementar Scopus en el proceso de investigaci\u00f3n, desde el conocimiento del estado del arte hasta la publicaci\u00f3n de un art\u00edculo. <br><a href=\"https:\/\/events.teams.microsoft.com\/event\/d7f4e06f-4e42-4af5-b77b-989bf9918634@449988ad-bc94-4b3c-bce0-4a57da430394\"><strong>Inscr\u00edbete aqu\u00ed <\/strong><\/a><\/li>\n<\/ul>\n\n\n\n<p><strong>Science Direct<\/strong><\/p>\n\n\n\n<ul class=\"wp-block-list\">\n<li><strong>10 de octubre<\/strong><br><strong>Investigaci\u00f3n interconectada con Science Direct<\/strong><br>A trav\u00e9s de identificaci\u00f3n de la revista m\u00e1s adecuada para publicar tu investigaci\u00f3n y el uso de funciones avanzadas, aprende c\u00f3mo la plataforma conecta diferentes fases de tu proceso investigativo.<br><a href=\"https:\/\/events.teams.microsoft.com\/event\/61129867-1521-4b6d-8017-6b8c9741791a@449988ad-bc94-4b3c-bce0-4a57da430394\"><strong>Inscr\u00edbete aqu\u00ed <\/strong><\/a><\/li>\n\n\n\n<li><strong>14 de noviembre<\/strong><br><strong>Conoce las ocho principales m\u00e9tricas en investigaci\u00f3n<\/strong><br>Identifica los factores que afectan las m\u00e9tricas en investigaci\u00f3n y c\u00f3mo entender las principales m\u00e9tricas para un uso responsable de estas. <br><a href=\"https:\/\/events.teams.microsoft.com\/event\/71f48940-50aa-4b45-9443-ed9e55da416e@449988ad-bc94-4b3c-bce0-4a57da430394\"><strong>Inscr\u00edbete aqu\u00ed <\/strong><\/a><\/li>\n<\/ul>\n\n\n\n<p><em>Importante: todas las capacitaciones son en&nbsp;<\/em><strong><em>modalidad remota a las 3:00 p.m.<\/em><\/strong><\/p>\n\n\n\n<p>Con el apoyo de: Elsevier-Publiciencia-Biblioteca<\/p>\n","protected":false},"excerpt":{"rendered":"<p>La Biblioteca de la Universidad Cat\u00f3lica de Colombia invita a estudiantes, profesores y administrativos a participar en las capacitaciones virtuales que se realizar\u00e1n en recursos de investigaci\u00f3n, con el objetivo de actualizar a la comunidad en las herramientas digitales de investigaci\u00f3n y docencia. Agenda: Mendeley Scopus Science Direct Importante: todas las capacitaciones son en&nbsp;modalidad remota [&hellip;]<\/p>\n","protected":false},"author":4,"featured_media":111137,"comment_status":"open","ping_status":"open","sticky":false,"template":"","format":"standard","meta":{"_acf_changed":false,"advgb_blocks_editor_width":"","advgb_blocks_columns_visual_guide":"","footnotes":""},"categories":[93],"tags":[770,2777,2571,2795,2796,2676],"class_list":["post-111065","post","type-post","status-publish","format-standard","has-post-thumbnail","hentry","category-noticias-principales","tag-biblioteca","tag-capacitaciones","tag-mendeley","tag-recursos-de-investigacion","tag-science-direct","tag-scopus"],"acf":[],"yoast_head":"<!-- This site is optimized with the Yoast SEO plugin v26.7 - https:\/\/yoast.com\/wordpress\/plugins\/seo\/ -->\n<title>\u00a1Participa en las capacitaciones virtuales en recursos de investigaci\u00f3n que tenemos para ti! - Universidad Cat\u00f3lica De Colombia<\/title>\n<meta name=\"robots\" content=\"index, follow, max-snippet:-1, max-image-preview:large, max-video-preview:-1\" \/>\n<link rel=\"canonical\" href=\"https:\/\/www.ucatolica.edu.co\/portal\/participa-en-las-capacitaciones-virtuales-en-recursos-de-investigacion-que-tenemos-para-ti\/\" \/>\n<meta property=\"og:locale\" content=\"es_ES\" \/>\n<meta property=\"og:type\" content=\"article\" \/>\n<meta property=\"og:title\" content=\"\u00a1Participa en las capacitaciones virtuales en recursos de investigaci\u00f3n que tenemos para ti! - Universidad Cat\u00f3lica De Colombia\" \/>\n<meta property=\"og:description\" content=\"La Biblioteca de la Universidad Cat\u00f3lica de Colombia invita a estudiantes, profesores y administrativos a participar en las capacitaciones virtuales que se realizar\u00e1n en recursos de investigaci\u00f3n, con el objetivo de actualizar a la comunidad en las herramientas digitales de investigaci\u00f3n y docencia. Agenda: Mendeley Scopus Science Direct Importante: todas las capacitaciones son en&nbsp;modalidad remota [&hellip;]\" \/>\n<meta property=\"og:url\" content=\"https:\/\/www.ucatolica.edu.co\/portal\/participa-en-las-capacitaciones-virtuales-en-recursos-de-investigacion-que-tenemos-para-ti\/\" \/>\n<meta property=\"og:site_name\" content=\"Universidad Cat\u00f3lica De Colombia\" \/>\n<meta property=\"article:publisher\" content=\"https:\/\/www.facebook.com\/ucatolicacolombia\" \/>\n<meta property=\"article:published_time\" content=\"2024-09-05T21:01:10+00:00\" \/>\n<meta property=\"article:modified_time\" content=\"2024-09-05T21:01:12+00:00\" \/>\n<meta property=\"og:image\" content=\"https:\/\/www.ucatolica.edu.co\/portal\/wp-content\/uploads\/2024\/09\/Mujerenlabiblioteca.jpg\" \/>\n\t<meta property=\"og:image:width\" content=\"870\" \/>\n\t<meta property=\"og:image:height\" content=\"522\" \/>\n\t<meta property=\"og:image:type\" content=\"image\/jpeg\" \/>\n<meta name=\"author\" content=\"Cindy Lugo\" \/>\n<meta name=\"twitter:card\" content=\"summary_large_image\" \/>\n<meta name=\"twitter:creator\" content=\"@UCatolicaCol\" \/>\n<meta name=\"twitter:site\" content=\"@UCatolicaCol\" \/>\n<meta name=\"twitter:label1\" content=\"Escrito por\" \/>\n\t<meta name=\"twitter:data1\" content=\"Cindy Lugo\" \/>\n\t<meta name=\"twitter:label2\" content=\"Tiempo de lectura\" \/>\n\t<meta name=\"twitter:data2\" content=\"1 minuto\" \/>\n<script type=\"application\/ld+json\" class=\"yoast-schema-graph\">{\"@context\":\"https:\/\/schema.org\",\"@graph\":[{\"@type\":\"Article\",\"@id\":\"https:\/\/www.ucatolica.edu.co\/portal\/participa-en-las-capacitaciones-virtuales-en-recursos-de-investigacion-que-tenemos-para-ti\/#article\",\"isPartOf\":{\"@id\":\"https:\/\/www.ucatolica.edu.co\/portal\/participa-en-las-capacitaciones-virtuales-en-recursos-de-investigacion-que-tenemos-para-ti\/\"},\"author\":{\"name\":\"Cindy Lugo\",\"@id\":\"https:\/\/www.ucatolica.edu.co\/portal\/#\/schema\/person\/a7469afff252fba81c6cdc40c80f00b6\"},\"headline\":\"\u00a1Participa en las capacitaciones virtuales en recursos de investigaci\u00f3n que tenemos para ti!\",\"datePublished\":\"2024-09-05T21:01:10+00:00\",\"dateModified\":\"2024-09-05T21:01:12+00:00\",\"mainEntityOfPage\":{\"@id\":\"https:\/\/www.ucatolica.edu.co\/portal\/participa-en-las-capacitaciones-virtuales-en-recursos-de-investigacion-que-tenemos-para-ti\/\"},\"wordCount\":290,\"commentCount\":0,\"publisher\":{\"@id\":\"https:\/\/www.ucatolica.edu.co\/portal\/#organization\"},\"image\":{\"@id\":\"https:\/\/www.ucatolica.edu.co\/portal\/participa-en-las-capacitaciones-virtuales-en-recursos-de-investigacion-que-tenemos-para-ti\/#primaryimage\"},\"thumbnailUrl\":\"https:\/\/www.ucatolica.edu.co\/portal\/wp-content\/uploads\/2024\/09\/Mujerenlabiblioteca.jpg\",\"keywords\":[\"Biblioteca\",\"Capacitaciones\",\"Mendeley\",\"Recursos de investigaci\u00f3n\",\"Science Direct\",\"Scopus\"],\"articleSection\":[\"Noticias Principales\"],\"inLanguage\":\"es-CO\"},{\"@type\":\"WebPage\",\"@id\":\"https:\/\/www.ucatolica.edu.co\/portal\/participa-en-las-capacitaciones-virtuales-en-recursos-de-investigacion-que-tenemos-para-ti\/\",\"url\":\"https:\/\/www.ucatolica.edu.co\/portal\/participa-en-las-capacitaciones-virtuales-en-recursos-de-investigacion-que-tenemos-para-ti\/\",\"name\":\"\u00a1Participa en las capacitaciones virtuales en recursos de investigaci\u00f3n que tenemos para ti! - Universidad Cat\u00f3lica De Colombia\",\"isPartOf\":{\"@id\":\"https:\/\/www.ucatolica.edu.co\/portal\/#website\"},\"primaryImageOfPage\":{\"@id\":\"https:\/\/www.ucatolica.edu.co\/portal\/participa-en-las-capacitaciones-virtuales-en-recursos-de-investigacion-que-tenemos-para-ti\/#primaryimage\"},\"image\":{\"@id\":\"https:\/\/www.ucatolica.edu.co\/portal\/participa-en-las-capacitaciones-virtuales-en-recursos-de-investigacion-que-tenemos-para-ti\/#primaryimage\"},\"thumbnailUrl\":\"https:\/\/www.ucatolica.edu.co\/portal\/wp-content\/uploads\/2024\/09\/Mujerenlabiblioteca.jpg\",\"datePublished\":\"2024-09-05T21:01:10+00:00\",\"dateModified\":\"2024-09-05T21:01:12+00:00\",\"breadcrumb\":{\"@id\":\"https:\/\/www.ucatolica.edu.co\/portal\/participa-en-las-capacitaciones-virtuales-en-recursos-de-investigacion-que-tenemos-para-ti\/#breadcrumb\"},\"inLanguage\":\"es-CO\",\"potentialAction\":[{\"@type\":\"ReadAction\",\"target\":[\"https:\/\/www.ucatolica.edu.co\/portal\/participa-en-las-capacitaciones-virtuales-en-recursos-de-investigacion-que-tenemos-para-ti\/\"]}]},{\"@type\":\"ImageObject\",\"inLanguage\":\"es-CO\",\"@id\":\"https:\/\/www.ucatolica.edu.co\/portal\/participa-en-las-capacitaciones-virtuales-en-recursos-de-investigacion-que-tenemos-para-ti\/#primaryimage\",\"url\":\"https:\/\/www.ucatolica.edu.co\/portal\/wp-content\/uploads\/2024\/09\/Mujerenlabiblioteca.jpg\",\"contentUrl\":\"https:\/\/www.ucatolica.edu.co\/portal\/wp-content\/uploads\/2024\/09\/Mujerenlabiblioteca.jpg\",\"width\":870,\"height\":522,\"caption\":\"Mujerenlabiblioteca\"},{\"@type\":\"BreadcrumbList\",\"@id\":\"https:\/\/www.ucatolica.edu.co\/portal\/participa-en-las-capacitaciones-virtuales-en-recursos-de-investigacion-que-tenemos-para-ti\/#breadcrumb\",\"itemListElement\":[{\"@type\":\"ListItem\",\"position\":1,\"name\":\"Inicio\",\"item\":\"https:\/\/www.ucatolica.edu.co\/portal\/\"},{\"@type\":\"ListItem\",\"position\":2,\"name\":\"\u00a1Participa en las capacitaciones virtuales en recursos de investigaci\u00f3n que tenemos para ti!\"}]},{\"@type\":\"WebSite\",\"@id\":\"https:\/\/www.ucatolica.edu.co\/portal\/#website\",\"url\":\"https:\/\/www.ucatolica.edu.co\/portal\/\",\"name\":\"Universidad Cat\u00f3lica De Colombia\",\"description\":\"Universidad Cat\u00f3lica De Colombia\",\"publisher\":{\"@id\":\"https:\/\/www.ucatolica.edu.co\/portal\/#organization\"},\"potentialAction\":[{\"@type\":\"SearchAction\",\"target\":{\"@type\":\"EntryPoint\",\"urlTemplate\":\"https:\/\/www.ucatolica.edu.co\/portal\/?s={search_term_string}\"},\"query-input\":{\"@type\":\"PropertyValueSpecification\",\"valueRequired\":true,\"valueName\":\"search_term_string\"}}],\"inLanguage\":\"es-CO\"},{\"@type\":\"Organization\",\"@id\":\"https:\/\/www.ucatolica.edu.co\/portal\/#organization\",\"name\":\"Universidad Cat\u00f3lica de Colombia\",\"url\":\"https:\/\/www.ucatolica.edu.co\/portal\/\",\"logo\":{\"@type\":\"ImageObject\",\"inLanguage\":\"es-CO\",\"@id\":\"https:\/\/www.ucatolica.edu.co\/portal\/#\/schema\/logo\/image\/\",\"url\":\"https:\/\/www.ucatolica.edu.co\/portal\/wp-content\/uploads\/2021\/06\/logo-header-ho-1.svg\",\"contentUrl\":\"https:\/\/www.ucatolica.edu.co\/portal\/wp-content\/uploads\/2021\/06\/logo-header-ho-1.svg\",\"width\":1,\"height\":1,\"caption\":\"Universidad Cat\u00f3lica de Colombia\"},\"image\":{\"@id\":\"https:\/\/www.ucatolica.edu.co\/portal\/#\/schema\/logo\/image\/\"},\"sameAs\":[\"https:\/\/www.facebook.com\/ucatolicacolombia\",\"https:\/\/x.com\/UCatolicaCol\",\"https:\/\/www.instagram.com\/universidadcatolicadecolombia\/\",\"https:\/\/www.linkedin.com\/company\/universidadcatolicadecolombia\/\",\"https:\/\/www.youtube.com\/user\/UCatolicaCo\"]},{\"@type\":\"Person\",\"@id\":\"https:\/\/www.ucatolica.edu.co\/portal\/#\/schema\/person\/a7469afff252fba81c6cdc40c80f00b6\",\"name\":\"Cindy Lugo\",\"url\":\"https:\/\/www.ucatolica.edu.co\/portal\/author\/cindy\/\"}]}<\/script>\n<!-- \/ Yoast SEO plugin. -->","yoast_head_json":{"title":"\u00a1Participa en las capacitaciones virtuales en recursos de investigaci\u00f3n que tenemos para ti! - Universidad Cat\u00f3lica De Colombia","robots":{"index":"index","follow":"follow","max-snippet":"max-snippet:-1","max-image-preview":"max-image-preview:large","max-video-preview":"max-video-preview:-1"},"canonical":"https:\/\/www.ucatolica.edu.co\/portal\/participa-en-las-capacitaciones-virtuales-en-recursos-de-investigacion-que-tenemos-para-ti\/","og_locale":"es_ES","og_type":"article","og_title":"\u00a1Participa en las capacitaciones virtuales en recursos de investigaci\u00f3n que tenemos para ti! - Universidad Cat\u00f3lica De Colombia","og_description":"La Biblioteca de la Universidad Cat\u00f3lica de Colombia invita a estudiantes, profesores y administrativos a participar en las capacitaciones virtuales que se realizar\u00e1n en recursos de investigaci\u00f3n, con el objetivo de actualizar a la comunidad en las herramientas digitales de investigaci\u00f3n y docencia. Agenda: Mendeley Scopus Science Direct Importante: todas las capacitaciones son en&nbsp;modalidad remota [&hellip;]","og_url":"https:\/\/www.ucatolica.edu.co\/portal\/participa-en-las-capacitaciones-virtuales-en-recursos-de-investigacion-que-tenemos-para-ti\/","og_site_name":"Universidad Cat\u00f3lica De Colombia","article_publisher":"https:\/\/www.facebook.com\/ucatolicacolombia","article_published_time":"2024-09-05T21:01:10+00:00","article_modified_time":"2024-09-05T21:01:12+00:00","og_image":[{"width":870,"height":522,"url":"https:\/\/www.ucatolica.edu.co\/portal\/wp-content\/uploads\/2024\/09\/Mujerenlabiblioteca.jpg","type":"image\/jpeg"}],"author":"Cindy Lugo","twitter_card":"summary_large_image","twitter_creator":"@UCatolicaCol","twitter_site":"@UCatolicaCol","twitter_misc":{"Escrito por":"Cindy Lugo","Tiempo de lectura":"1 minuto"},"schema":{"@context":"https:\/\/schema.org","@graph":[{"@type":"Article","@id":"https:\/\/www.ucatolica.edu.co\/portal\/participa-en-las-capacitaciones-virtuales-en-recursos-de-investigacion-que-tenemos-para-ti\/#article","isPartOf":{"@id":"https:\/\/www.ucatolica.edu.co\/portal\/participa-en-las-capacitaciones-virtuales-en-recursos-de-investigacion-que-tenemos-para-ti\/"},"author":{"name":"Cindy Lugo","@id":"https:\/\/www.ucatolica.edu.co\/portal\/#\/schema\/person\/a7469afff252fba81c6cdc40c80f00b6"},"headline":"\u00a1Participa en las capacitaciones virtuales en recursos de investigaci\u00f3n que tenemos para ti!","datePublished":"2024-09-05T21:01:10+00:00","dateModified":"2024-09-05T21:01:12+00:00","mainEntityOfPage":{"@id":"https:\/\/www.ucatolica.edu.co\/portal\/participa-en-las-capacitaciones-virtuales-en-recursos-de-investigacion-que-tenemos-para-ti\/"},"wordCount":290,"commentCount":0,"publisher":{"@id":"https:\/\/www.ucatolica.edu.co\/portal\/#organization"},"image":{"@id":"https:\/\/www.ucatolica.edu.co\/portal\/participa-en-las-capacitaciones-virtuales-en-recursos-de-investigacion-que-tenemos-para-ti\/#primaryimage"},"thumbnailUrl":"https:\/\/www.ucatolica.edu.co\/portal\/wp-content\/uploads\/2024\/09\/Mujerenlabiblioteca.jpg","keywords":["Biblioteca","Capacitaciones","Mendeley","Recursos de investigaci\u00f3n","Science Direct","Scopus"],"articleSection":["Noticias Principales"],"inLanguage":"es-CO"},{"@type":"WebPage","@id":"https:\/\/www.ucatolica.edu.co\/portal\/participa-en-las-capacitaciones-virtuales-en-recursos-de-investigacion-que-tenemos-para-ti\/","url":"https:\/\/www.ucatolica.edu.co\/portal\/participa-en-las-capacitaciones-virtuales-en-recursos-de-investigacion-que-tenemos-para-ti\/","name":"\u00a1Participa en las capacitaciones virtuales en recursos de investigaci\u00f3n que tenemos para ti! - Universidad Cat\u00f3lica De Colombia","isPartOf":{"@id":"https:\/\/www.ucatolica.edu.co\/portal\/#website"},"primaryImageOfPage":{"@id":"https:\/\/www.ucatolica.edu.co\/portal\/participa-en-las-capacitaciones-virtuales-en-recursos-de-investigacion-que-tenemos-para-ti\/#primaryimage"},"image":{"@id":"https:\/\/www.ucatolica.edu.co\/portal\/participa-en-las-capacitaciones-virtuales-en-recursos-de-investigacion-que-tenemos-para-ti\/#primaryimage"},"thumbnailUrl":"https:\/\/www.ucatolica.edu.co\/portal\/wp-content\/uploads\/2024\/09\/Mujerenlabiblioteca.jpg","datePublished":"2024-09-05T21:01:10+00:00","dateModified":"2024-09-05T21:01:12+00:00","breadcrumb":{"@id":"https:\/\/www.ucatolica.edu.co\/portal\/participa-en-las-capacitaciones-virtuales-en-recursos-de-investigacion-que-tenemos-para-ti\/#breadcrumb"},"inLanguage":"es-CO","potentialAction":[{"@type":"ReadAction","target":["https:\/\/www.ucatolica.edu.co\/portal\/participa-en-las-capacitaciones-virtuales-en-recursos-de-investigacion-que-tenemos-para-ti\/"]}]},{"@type":"ImageObject","inLanguage":"es-CO","@id":"https:\/\/www.ucatolica.edu.co\/portal\/participa-en-las-capacitaciones-virtuales-en-recursos-de-investigacion-que-tenemos-para-ti\/#primaryimage","url":"https:\/\/www.ucatolica.edu.co\/portal\/wp-content\/uploads\/2024\/09\/Mujerenlabiblioteca.jpg","contentUrl":"https:\/\/www.ucatolica.edu.co\/portal\/wp-content\/uploads\/2024\/09\/Mujerenlabiblioteca.jpg","width":870,"height":522,"caption":"Mujerenlabiblioteca"},{"@type":"BreadcrumbList","@id":"https:\/\/www.ucatolica.edu.co\/portal\/participa-en-las-capacitaciones-virtuales-en-recursos-de-investigacion-que-tenemos-para-ti\/#breadcrumb","itemListElement":[{"@type":"ListItem","position":1,"name":"Inicio","item":"https:\/\/www.ucatolica.edu.co\/portal\/"},{"@type":"ListItem","position":2,"name":"\u00a1Participa en las capacitaciones virtuales en recursos de investigaci\u00f3n que tenemos para ti!"}]},{"@type":"WebSite","@id":"https:\/\/www.ucatolica.edu.co\/portal\/#website","url":"https:\/\/www.ucatolica.edu.co\/portal\/","name":"Universidad Cat\u00f3lica De Colombia","description":"Universidad Cat\u00f3lica De Colombia","publisher":{"@id":"https:\/\/www.ucatolica.edu.co\/portal\/#organization"},"potentialAction":[{"@type":"SearchAction","target":{"@type":"EntryPoint","urlTemplate":"https:\/\/www.ucatolica.edu.co\/portal\/?s={search_term_string}"},"query-input":{"@type":"PropertyValueSpecification","valueRequired":true,"valueName":"search_term_string"}}],"inLanguage":"es-CO"},{"@type":"Organization","@id":"https:\/\/www.ucatolica.edu.co\/portal\/#organization","name":"Universidad Cat\u00f3lica de Colombia","url":"https:\/\/www.ucatolica.edu.co\/portal\/","logo":{"@type":"ImageObject","inLanguage":"es-CO","@id":"https:\/\/www.ucatolica.edu.co\/portal\/#\/schema\/logo\/image\/","url":"https:\/\/www.ucatolica.edu.co\/portal\/wp-content\/uploads\/2021\/06\/logo-header-ho-1.svg","contentUrl":"https:\/\/www.ucatolica.edu.co\/portal\/wp-content\/uploads\/2021\/06\/logo-header-ho-1.svg","width":1,"height":1,"caption":"Universidad Cat\u00f3lica de Colombia"},"image":{"@id":"https:\/\/www.ucatolica.edu.co\/portal\/#\/schema\/logo\/image\/"},"sameAs":["https:\/\/www.facebook.com\/ucatolicacolombia","https:\/\/x.com\/UCatolicaCol","https:\/\/www.instagram.com\/universidadcatolicadecolombia\/","https:\/\/www.linkedin.com\/company\/universidadcatolicadecolombia\/","https:\/\/www.youtube.com\/user\/UCatolicaCo"]},{"@type":"Person","@id":"https:\/\/www.ucatolica.edu.co\/portal\/#\/schema\/person\/a7469afff252fba81c6cdc40c80f00b6","name":"Cindy Lugo","url":"https:\/\/www.ucatolica.edu.co\/portal\/author\/cindy\/"}]}},"author_meta":{"display_name":"Cindy Lugo","author_link":"https:\/\/www.ucatolica.edu.co\/portal\/author\/cindy\/"},"featured_img":"https:\/\/www.ucatolica.edu.co\/portal\/wp-content\/uploads\/2024\/09\/Mujerenlabiblioteca.jpg","coauthors":[],"tax_additional":{"categories":{"linked":["<a href=\"https:\/\/www.ucatolica.edu.co\/portal\/category\/noticias-principales\/\" class=\"advgb-post-tax-term\">Noticias Principales<\/a>"],"unlinked":["<span class=\"advgb-post-tax-term\">Noticias Principales<\/span>"]},"tags":{"linked":["<a href=\"https:\/\/www.ucatolica.edu.co\/portal\/category\/noticias-principales\/\" class=\"advgb-post-tax-term\">Biblioteca<\/a>","<a href=\"https:\/\/www.ucatolica.edu.co\/portal\/category\/noticias-principales\/\" class=\"advgb-post-tax-term\">Capacitaciones<\/a>","<a href=\"https:\/\/www.ucatolica.edu.co\/portal\/category\/noticias-principales\/\" class=\"advgb-post-tax-term\">Mendeley<\/a>","<a href=\"https:\/\/www.ucatolica.edu.co\/portal\/category\/noticias-principales\/\" class=\"advgb-post-tax-term\">Recursos de investigaci\u00f3n<\/a>","<a href=\"https:\/\/www.ucatolica.edu.co\/portal\/category\/noticias-principales\/\" class=\"advgb-post-tax-term\">Science Direct<\/a>","<a href=\"https:\/\/www.ucatolica.edu.co\/portal\/category\/noticias-principales\/\" class=\"advgb-post-tax-term\">Scopus<\/a>"],"unlinked":["<span class=\"advgb-post-tax-term\">Biblioteca<\/span>","<span class=\"advgb-post-tax-term\">Capacitaciones<\/span>","<span class=\"advgb-post-tax-term\">Mendeley<\/span>","<span class=\"advgb-post-tax-term\">Recursos de investigaci\u00f3n<\/span>","<span class=\"advgb-post-tax-term\">Science Direct<\/span>","<span class=\"advgb-post-tax-term\">Scopus<\/span>"]}},"comment_count":"0","relative_dates":{"created":"Posted 2 a\u00f1os ago","modified":"Updated 2 a\u00f1os ago"},"absolute_dates":{"created":"Posted on 5 septiembre, 2024","modified":"Updated on 5 septiembre, 2024"},"absolute_dates_time":{"created":"Posted on 5 septiembre, 2024 4:01 pm","modified":"Updated on 5 septiembre, 2024 4:01 pm"},"featured_img_caption":"","series_order":"","_links":{"self":[{"href":"https:\/\/www.ucatolica.edu.co\/portal\/wp-json\/wp\/v2\/posts\/111065","targetHints":{"allow":["GET"]}}],"collection":[{"href":"https:\/\/www.ucatolica.edu.co\/portal\/wp-json\/wp\/v2\/posts"}],"about":[{"href":"https:\/\/www.ucatolica.edu.co\/portal\/wp-json\/wp\/v2\/types\/post"}],"author":[{"embeddable":true,"href":"https:\/\/www.ucatolica.edu.co\/portal\/wp-json\/wp\/v2\/users\/4"}],"replies":[{"embeddable":true,"href":"https:\/\/www.ucatolica.edu.co\/portal\/wp-json\/wp\/v2\/comments?post=111065"}],"version-history":[{"count":2,"href":"https:\/\/www.ucatolica.edu.co\/portal\/wp-json\/wp\/v2\/posts\/111065\/revisions"}],"predecessor-version":[{"id":111067,"href":"https:\/\/www.ucatolica.edu.co\/portal\/wp-json\/wp\/v2\/posts\/111065\/revisions\/111067"}],"wp:featuredmedia":[{"embeddable":true,"href":"https:\/\/www.ucatolica.edu.co\/portal\/wp-json\/wp\/v2\/media\/111137"}],"wp:attachment":[{"href":"https:\/\/www.ucatolica.edu.co\/portal\/wp-json\/wp\/v2\/media?parent=111065"}],"wp:term":[{"taxonomy":"category","embeddable":true,"href":"https:\/\/www.ucatolica.edu.co\/portal\/wp-json\/wp\/v2\/categories?post=111065"},{"taxonomy":"post_tag","embeddable":true,"href":"https:\/\/www.ucatolica.edu.co\/portal\/wp-json\/wp\/v2\/tags?post=111065"}],"curies":[{"name":"wp","href":"https:\/\/api.w.org\/{rel}","templated":true}]}}