{"id":111159,"date":"2024-09-18T16:21:28","date_gmt":"2024-09-18T21:21:28","guid":{"rendered":"https:\/\/www.ucatolica.edu.co\/portal\/?p=111159"},"modified":"2024-09-18T16:21:30","modified_gmt":"2024-09-18T21:21:30","slug":"se-aproxima-el-ix-simposio-internacional-de-psicologia-neurociencias-del-comportamiento","status":"publish","type":"post","link":"https:\/\/www.ucatolica.edu.co\/portal\/se-aproxima-el-ix-simposio-internacional-de-psicologia-neurociencias-del-comportamiento\/","title":{"rendered":"\u00a1Inicia el IX Simposio Internacional de Psicolog\u00eda: Neurociencias del comportamiento!"},"content":{"rendered":"\n<p>Del <strong>19 al 21 de septiembre de 2024<\/strong>&nbsp;en el Centro de Convenciones de la Universidad Cat\u00f3lica de Colombia, se llevar\u00e1 a cabo la novena edici\u00f3n del Simposio Internacional de Psicolog\u00eda, el cual tiene como tema central este a\u00f1o &#8220;Neurociencias del comportamiento&#8221;.<\/p>\n\n\n\n<p>En estos 3 d\u00edas se desarrollar\u00e1 un espacio acad\u00e9mico, el cual tiene como prop\u00f3sito presentar y conocer los avances que las l\u00edneas de investigaci\u00f3n e integraci\u00f3n curricular han desarrollado en los diferentes niveles de formaci\u00f3n, as\u00ed como las experiencias y avances de pares y actores a nivel nacional e internacional dando cabida a un encuentro &nbsp;de reflexi\u00f3n, cr\u00edtica e intercambio de conocimiento.<\/p>\n\n\n\n<p><strong>L\u00edneas tem\u00e1ticas:<\/strong><\/p>\n\n\n\n<ul class=\"wp-block-list\">\n<li>Psicolog\u00eda social, pol\u00edtica y comunitaria.<\/li>\n\n\n\n<li>Psicolog\u00eda cl\u00ednica, de la salud y las adicciones.<\/li>\n\n\n\n<li>Procesos psicol\u00f3gicos b\u00e1sicos y del comportamiento.<\/li>\n\n\n\n<li>M\u00e9todos de investigaci\u00f3n aplicados de las ciencias del comportamiento.<\/li>\n\n\n\n<li>Psicolog\u00eda organizacional.<\/li>\n\n\n\n<li>Psicolog\u00eda educativa.<\/li>\n\n\n\n<li>Psicolog\u00eda jur\u00eddica y criminol\u00f3gica.<br><\/li>\n<\/ul>\n\n\n\n<p><\/p>\n\n\n\n<p>Los asistentes podr\u00e1n disfrutar de diferentes conferencias, conversatorios, ponencias y talleres a cargo de invitados nacionales e internacionales, destacando la presencia de <strong>Noa Ofen Ph.D<br>University of Texas at Dallas<\/strong>, quien realizar\u00e1 la C\u00e1tedra Internacional: <em>CURRENT AND FUTURE PERSPECTIVES IN NEUROSCIENCE RESEARCH . Cognitive Neuroscience of Memory in the Developing Brain<\/em>, el pr\u00f3ximo <strong>19 de septiembre a las 6:00 p.m.<\/strong> en el Auditorio General, del Centro de Convenciones. Para asistir a esta conferencia, se debe realizar una <strong>inscripci\u00f3n previa <a href=\"https:\/\/forms.office.com\/pages\/responsepage.aspx?id=SHEi1DBJBk-LqghF_1flQRaRTcr5KoJIoXiBc_rPrFBUNUJRMjhDNlFKRFlGRzRBREZDNFBKSEZJRi4u&amp;route=shorturl\" target=\"_blank\" rel=\"noreferrer noopener\">aqu\u00ed<\/a> (cupos limitados).<\/strong><\/p>\n\n\n\n<p><strong>Los interesados pueden conocer el <em>perfil completo de los conferencistas<\/em><\/strong><em> <strong><a href=\"https:\/\/www.ucatolica.edu.co\/portal\/wp-content\/uploads\/2024\/09\/Perfiles-invitados_30082024.pdf\" target=\"_blank\" rel=\"noreferrer noopener\">aqu\u00ed <\/a><\/strong><\/em>y <strong>la <em>agenda la pueden <\/em><\/strong><a href=\"https:\/\/www.ucatolica.edu.co\/portal\/wp-content\/uploads\/2024\/09\/Simposioagendafinal.pdf\" target=\"_blank\" rel=\"noreferrer noopener\"><strong><em>descargar<\/em><\/strong> <\/a>para conocer ampliamente las actividades a las cuales quieren asistir.<\/p>\n\n\n\n<p>Dentro del marco del Simposio, el<em> 20 de septiembre se realizar\u00e1 como de costumbre <strong>Expopsicolog\u00eda<\/strong><\/em>, un espacio en el cual se presentar\u00e1n posters resultado de procesos de investigaci\u00f3n de temas como salud mental, inteligencia emocional y decisiones econ\u00f3micas, modelaje webcam, micromachismo, tabaquismo; entre otros. Para consultar la agenda completa,<strong><a href=\"https:\/\/www.ucatolica.edu.co\/portal\/wp-content\/uploads\/2024\/09\/Agenda_IX-SimposioInternacional13sept.pdf\" target=\"_blank\" rel=\"noreferrer noopener\"> <\/a><a href=\"https:\/\/www.ucatolica.edu.co\/portal\/wp-content\/uploads\/2024\/09\/AgendaExpopsicologiafinal.pdf\" target=\"_blank\" rel=\"noreferrer noopener\">clic aqu\u00ed.<\/a><\/strong><\/p>\n\n\n\n<p><em>Las personas que a\u00fan no se han inscrito para participar como asistentes, a\u00fan lo pueden hacer <strong><a href=\"https:\/\/forms.office.com\/pages\/responsepage.aspx?id=SHEi1DBJBk-LqghF_1flQRaRTcr5KoJIoXiBc_rPrFBUMUNPRkFCTEdISkJPVlpWTTBCR1JQSTExRy4u\" target=\"_blank\" rel=\"noreferrer noopener\">aqu\u00ed<\/a><\/strong> . <\/em>Si es un asistente externo a la Universidad Cat\u00f3lica de Colombia, tiene un valor de $127.000. Para la comunidad interna la participaci\u00f3n no tiene costo, si requiere constancia de asistencia, tiene un valor&nbsp;de&nbsp;$80.000.<\/p>\n\n\n\n<p>\u00a1Les esperamos!<\/p>\n\n\n\n<p><strong>Datos de contacto:<\/strong><\/p>\n\n\n\n<p><strong>Facultad de Psicolog\u00eda<br>simposiopsicologia@ucatolica.edu.co<br>Avenida Caracas No. 46-22 (Bogot\u00e1 D.C.) Sede Psicolog\u00eda<\/strong><\/p>\n\n\n\n<p><br><\/p>\n","protected":false},"excerpt":{"rendered":"<p>Del 19 al 21 de septiembre de 2024&nbsp;en el Centro de Convenciones de la Universidad Cat\u00f3lica de Colombia, se llevar\u00e1 a cabo la novena edici\u00f3n del Simposio Internacional de Psicolog\u00eda, el cual tiene como tema central este a\u00f1o &#8220;Neurociencias del comportamiento&#8221;. En estos 3 d\u00edas se desarrollar\u00e1 un espacio acad\u00e9mico, el cual tiene como prop\u00f3sito [&hellip;]<\/p>\n","protected":false},"author":4,"featured_media":111164,"comment_status":"open","ping_status":"open","sticky":false,"template":"","format":"standard","meta":{"_acf_changed":false,"advgb_blocks_editor_width":"","advgb_blocks_columns_visual_guide":"","footnotes":""},"categories":[85,93],"tags":[2799,497,2801,2798,2509,2800,1745],"class_list":["post-111159","post","type-post","status-publish","format-standard","has-post-thumbnail","hentry","category-facultad-de-psicologia","category-noticias-principales","tag-expopsicologia","tag-facultad-de-psicologia","tag-inteligencia-emocional","tag-ix-simposio-de-psicologia","tag-neurociencias-del-comportamiento","tag-noa-ofen","tag-salud-mental"],"acf":[],"yoast_head":"<!-- This site is optimized with the Yoast SEO plugin v26.7 - https:\/\/yoast.com\/wordpress\/plugins\/seo\/ -->\n<title>\u00a1Inicia el IX Simposio Internacional de Psicolog\u00eda: Neurociencias del comportamiento! - Universidad Cat\u00f3lica De Colombia<\/title>\n<meta name=\"robots\" content=\"index, follow, max-snippet:-1, max-image-preview:large, max-video-preview:-1\" \/>\n<link rel=\"canonical\" href=\"https:\/\/www.ucatolica.edu.co\/portal\/se-aproxima-el-ix-simposio-internacional-de-psicologia-neurociencias-del-comportamiento\/\" \/>\n<meta property=\"og:locale\" content=\"es_ES\" \/>\n<meta property=\"og:type\" content=\"article\" \/>\n<meta property=\"og:title\" content=\"\u00a1Inicia el IX Simposio Internacional de Psicolog\u00eda: Neurociencias del comportamiento! - Universidad Cat\u00f3lica De Colombia\" \/>\n<meta property=\"og:description\" content=\"Del 19 al 21 de septiembre de 2024&nbsp;en el Centro de Convenciones de la Universidad Cat\u00f3lica de Colombia, se llevar\u00e1 a cabo la novena edici\u00f3n del Simposio Internacional de Psicolog\u00eda, el cual tiene como tema central este a\u00f1o &#8220;Neurociencias del comportamiento&#8221;. En estos 3 d\u00edas se desarrollar\u00e1 un espacio acad\u00e9mico, el cual tiene como prop\u00f3sito [&hellip;]\" \/>\n<meta property=\"og:url\" content=\"https:\/\/www.ucatolica.edu.co\/portal\/se-aproxima-el-ix-simposio-internacional-de-psicologia-neurociencias-del-comportamiento\/\" \/>\n<meta property=\"og:site_name\" content=\"Universidad Cat\u00f3lica De Colombia\" \/>\n<meta property=\"article:publisher\" content=\"https:\/\/www.facebook.com\/ucatolicacolombia\" \/>\n<meta property=\"article:published_time\" content=\"2024-09-18T21:21:28+00:00\" \/>\n<meta property=\"article:modified_time\" content=\"2024-09-18T21:21:30+00:00\" \/>\n<meta property=\"og:image\" content=\"https:\/\/www.ucatolica.edu.co\/portal\/wp-content\/uploads\/2024\/09\/OP4174-SimposioNeurociencia-Noticia.jpg\" \/>\n\t<meta property=\"og:image:width\" content=\"870\" \/>\n\t<meta property=\"og:image:height\" content=\"522\" \/>\n\t<meta property=\"og:image:type\" content=\"image\/jpeg\" \/>\n<meta name=\"author\" content=\"Cindy Lugo\" \/>\n<meta name=\"twitter:card\" content=\"summary_large_image\" \/>\n<meta name=\"twitter:creator\" content=\"@UCatolicaCol\" \/>\n<meta name=\"twitter:site\" content=\"@UCatolicaCol\" \/>\n<meta name=\"twitter:label1\" content=\"Escrito por\" \/>\n\t<meta name=\"twitter:data1\" content=\"Cindy Lugo\" \/>\n\t<meta name=\"twitter:label2\" content=\"Tiempo de lectura\" \/>\n\t<meta name=\"twitter:data2\" content=\"2 minutos\" \/>\n<script type=\"application\/ld+json\" class=\"yoast-schema-graph\">{\"@context\":\"https:\/\/schema.org\",\"@graph\":[{\"@type\":\"Article\",\"@id\":\"https:\/\/www.ucatolica.edu.co\/portal\/se-aproxima-el-ix-simposio-internacional-de-psicologia-neurociencias-del-comportamiento\/#article\",\"isPartOf\":{\"@id\":\"https:\/\/www.ucatolica.edu.co\/portal\/se-aproxima-el-ix-simposio-internacional-de-psicologia-neurociencias-del-comportamiento\/\"},\"author\":{\"name\":\"Cindy Lugo\",\"@id\":\"https:\/\/www.ucatolica.edu.co\/portal\/#\/schema\/person\/a7469afff252fba81c6cdc40c80f00b6\"},\"headline\":\"\u00a1Inicia el IX Simposio Internacional de Psicolog\u00eda: Neurociencias del comportamiento!\",\"datePublished\":\"2024-09-18T21:21:28+00:00\",\"dateModified\":\"2024-09-18T21:21:30+00:00\",\"mainEntityOfPage\":{\"@id\":\"https:\/\/www.ucatolica.edu.co\/portal\/se-aproxima-el-ix-simposio-internacional-de-psicologia-neurociencias-del-comportamiento\/\"},\"wordCount\":421,\"commentCount\":0,\"publisher\":{\"@id\":\"https:\/\/www.ucatolica.edu.co\/portal\/#organization\"},\"image\":{\"@id\":\"https:\/\/www.ucatolica.edu.co\/portal\/se-aproxima-el-ix-simposio-internacional-de-psicologia-neurociencias-del-comportamiento\/#primaryimage\"},\"thumbnailUrl\":\"https:\/\/www.ucatolica.edu.co\/portal\/wp-content\/uploads\/2024\/09\/OP4174-SimposioNeurociencia-Noticia.jpg\",\"keywords\":[\"Expopsicolog\u00eda\",\"Facultad de Psicolog\u00eda\",\"Inteligencia emocional\",\"IX Simposio de psicolog\u00eda\",\"Neurociencias del comportamiento\",\"Noa Ofen\",\"Salud Mental\"],\"articleSection\":[\"Facultad de Psicolog\u00eda\",\"Noticias Principales\"],\"inLanguage\":\"es-CO\"},{\"@type\":\"WebPage\",\"@id\":\"https:\/\/www.ucatolica.edu.co\/portal\/se-aproxima-el-ix-simposio-internacional-de-psicologia-neurociencias-del-comportamiento\/\",\"url\":\"https:\/\/www.ucatolica.edu.co\/portal\/se-aproxima-el-ix-simposio-internacional-de-psicologia-neurociencias-del-comportamiento\/\",\"name\":\"\u00a1Inicia el IX Simposio Internacional de Psicolog\u00eda: Neurociencias del comportamiento! - Universidad Cat\u00f3lica De Colombia\",\"isPartOf\":{\"@id\":\"https:\/\/www.ucatolica.edu.co\/portal\/#website\"},\"primaryImageOfPage\":{\"@id\":\"https:\/\/www.ucatolica.edu.co\/portal\/se-aproxima-el-ix-simposio-internacional-de-psicologia-neurociencias-del-comportamiento\/#primaryimage\"},\"image\":{\"@id\":\"https:\/\/www.ucatolica.edu.co\/portal\/se-aproxima-el-ix-simposio-internacional-de-psicologia-neurociencias-del-comportamiento\/#primaryimage\"},\"thumbnailUrl\":\"https:\/\/www.ucatolica.edu.co\/portal\/wp-content\/uploads\/2024\/09\/OP4174-SimposioNeurociencia-Noticia.jpg\",\"datePublished\":\"2024-09-18T21:21:28+00:00\",\"dateModified\":\"2024-09-18T21:21:30+00:00\",\"breadcrumb\":{\"@id\":\"https:\/\/www.ucatolica.edu.co\/portal\/se-aproxima-el-ix-simposio-internacional-de-psicologia-neurociencias-del-comportamiento\/#breadcrumb\"},\"inLanguage\":\"es-CO\",\"potentialAction\":[{\"@type\":\"ReadAction\",\"target\":[\"https:\/\/www.ucatolica.edu.co\/portal\/se-aproxima-el-ix-simposio-internacional-de-psicologia-neurociencias-del-comportamiento\/\"]}]},{\"@type\":\"ImageObject\",\"inLanguage\":\"es-CO\",\"@id\":\"https:\/\/www.ucatolica.edu.co\/portal\/se-aproxima-el-ix-simposio-internacional-de-psicologia-neurociencias-del-comportamiento\/#primaryimage\",\"url\":\"https:\/\/www.ucatolica.edu.co\/portal\/wp-content\/uploads\/2024\/09\/OP4174-SimposioNeurociencia-Noticia.jpg\",\"contentUrl\":\"https:\/\/www.ucatolica.edu.co\/portal\/wp-content\/uploads\/2024\/09\/OP4174-SimposioNeurociencia-Noticia.jpg\",\"width\":870,\"height\":522,\"caption\":\"Cerebro como imagen del evento IX simposio de psicolog\u00eda\"},{\"@type\":\"BreadcrumbList\",\"@id\":\"https:\/\/www.ucatolica.edu.co\/portal\/se-aproxima-el-ix-simposio-internacional-de-psicologia-neurociencias-del-comportamiento\/#breadcrumb\",\"itemListElement\":[{\"@type\":\"ListItem\",\"position\":1,\"name\":\"Inicio\",\"item\":\"https:\/\/www.ucatolica.edu.co\/portal\/\"},{\"@type\":\"ListItem\",\"position\":2,\"name\":\"\u00a1Inicia el IX Simposio Internacional de Psicolog\u00eda: Neurociencias del comportamiento!\"}]},{\"@type\":\"WebSite\",\"@id\":\"https:\/\/www.ucatolica.edu.co\/portal\/#website\",\"url\":\"https:\/\/www.ucatolica.edu.co\/portal\/\",\"name\":\"Universidad Cat\u00f3lica De Colombia\",\"description\":\"Universidad Cat\u00f3lica De Colombia\",\"publisher\":{\"@id\":\"https:\/\/www.ucatolica.edu.co\/portal\/#organization\"},\"potentialAction\":[{\"@type\":\"SearchAction\",\"target\":{\"@type\":\"EntryPoint\",\"urlTemplate\":\"https:\/\/www.ucatolica.edu.co\/portal\/?s={search_term_string}\"},\"query-input\":{\"@type\":\"PropertyValueSpecification\",\"valueRequired\":true,\"valueName\":\"search_term_string\"}}],\"inLanguage\":\"es-CO\"},{\"@type\":\"Organization\",\"@id\":\"https:\/\/www.ucatolica.edu.co\/portal\/#organization\",\"name\":\"Universidad Cat\u00f3lica de Colombia\",\"url\":\"https:\/\/www.ucatolica.edu.co\/portal\/\",\"logo\":{\"@type\":\"ImageObject\",\"inLanguage\":\"es-CO\",\"@id\":\"https:\/\/www.ucatolica.edu.co\/portal\/#\/schema\/logo\/image\/\",\"url\":\"https:\/\/www.ucatolica.edu.co\/portal\/wp-content\/uploads\/2021\/06\/logo-header-ho-1.svg\",\"contentUrl\":\"https:\/\/www.ucatolica.edu.co\/portal\/wp-content\/uploads\/2021\/06\/logo-header-ho-1.svg\",\"width\":1,\"height\":1,\"caption\":\"Universidad Cat\u00f3lica de Colombia\"},\"image\":{\"@id\":\"https:\/\/www.ucatolica.edu.co\/portal\/#\/schema\/logo\/image\/\"},\"sameAs\":[\"https:\/\/www.facebook.com\/ucatolicacolombia\",\"https:\/\/x.com\/UCatolicaCol\",\"https:\/\/www.instagram.com\/universidadcatolicadecolombia\/\",\"https:\/\/www.linkedin.com\/company\/universidadcatolicadecolombia\/\",\"https:\/\/www.youtube.com\/user\/UCatolicaCo\"]},{\"@type\":\"Person\",\"@id\":\"https:\/\/www.ucatolica.edu.co\/portal\/#\/schema\/person\/a7469afff252fba81c6cdc40c80f00b6\",\"name\":\"Cindy Lugo\",\"url\":\"https:\/\/www.ucatolica.edu.co\/portal\/author\/cindy\/\"}]}<\/script>\n<!-- \/ Yoast SEO plugin. -->","yoast_head_json":{"title":"\u00a1Inicia el IX Simposio Internacional de Psicolog\u00eda: Neurociencias del comportamiento! - Universidad Cat\u00f3lica De Colombia","robots":{"index":"index","follow":"follow","max-snippet":"max-snippet:-1","max-image-preview":"max-image-preview:large","max-video-preview":"max-video-preview:-1"},"canonical":"https:\/\/www.ucatolica.edu.co\/portal\/se-aproxima-el-ix-simposio-internacional-de-psicologia-neurociencias-del-comportamiento\/","og_locale":"es_ES","og_type":"article","og_title":"\u00a1Inicia el IX Simposio Internacional de Psicolog\u00eda: Neurociencias del comportamiento! - Universidad Cat\u00f3lica De Colombia","og_description":"Del 19 al 21 de septiembre de 2024&nbsp;en el Centro de Convenciones de la Universidad Cat\u00f3lica de Colombia, se llevar\u00e1 a cabo la novena edici\u00f3n del Simposio Internacional de Psicolog\u00eda, el cual tiene como tema central este a\u00f1o &#8220;Neurociencias del comportamiento&#8221;. En estos 3 d\u00edas se desarrollar\u00e1 un espacio acad\u00e9mico, el cual tiene como prop\u00f3sito [&hellip;]","og_url":"https:\/\/www.ucatolica.edu.co\/portal\/se-aproxima-el-ix-simposio-internacional-de-psicologia-neurociencias-del-comportamiento\/","og_site_name":"Universidad Cat\u00f3lica De Colombia","article_publisher":"https:\/\/www.facebook.com\/ucatolicacolombia","article_published_time":"2024-09-18T21:21:28+00:00","article_modified_time":"2024-09-18T21:21:30+00:00","og_image":[{"width":870,"height":522,"url":"https:\/\/www.ucatolica.edu.co\/portal\/wp-content\/uploads\/2024\/09\/OP4174-SimposioNeurociencia-Noticia.jpg","type":"image\/jpeg"}],"author":"Cindy Lugo","twitter_card":"summary_large_image","twitter_creator":"@UCatolicaCol","twitter_site":"@UCatolicaCol","twitter_misc":{"Escrito por":"Cindy Lugo","Tiempo de lectura":"2 minutos"},"schema":{"@context":"https:\/\/schema.org","@graph":[{"@type":"Article","@id":"https:\/\/www.ucatolica.edu.co\/portal\/se-aproxima-el-ix-simposio-internacional-de-psicologia-neurociencias-del-comportamiento\/#article","isPartOf":{"@id":"https:\/\/www.ucatolica.edu.co\/portal\/se-aproxima-el-ix-simposio-internacional-de-psicologia-neurociencias-del-comportamiento\/"},"author":{"name":"Cindy Lugo","@id":"https:\/\/www.ucatolica.edu.co\/portal\/#\/schema\/person\/a7469afff252fba81c6cdc40c80f00b6"},"headline":"\u00a1Inicia el IX Simposio Internacional de Psicolog\u00eda: Neurociencias del comportamiento!","datePublished":"2024-09-18T21:21:28+00:00","dateModified":"2024-09-18T21:21:30+00:00","mainEntityOfPage":{"@id":"https:\/\/www.ucatolica.edu.co\/portal\/se-aproxima-el-ix-simposio-internacional-de-psicologia-neurociencias-del-comportamiento\/"},"wordCount":421,"commentCount":0,"publisher":{"@id":"https:\/\/www.ucatolica.edu.co\/portal\/#organization"},"image":{"@id":"https:\/\/www.ucatolica.edu.co\/portal\/se-aproxima-el-ix-simposio-internacional-de-psicologia-neurociencias-del-comportamiento\/#primaryimage"},"thumbnailUrl":"https:\/\/www.ucatolica.edu.co\/portal\/wp-content\/uploads\/2024\/09\/OP4174-SimposioNeurociencia-Noticia.jpg","keywords":["Expopsicolog\u00eda","Facultad de Psicolog\u00eda","Inteligencia emocional","IX Simposio de psicolog\u00eda","Neurociencias del comportamiento","Noa Ofen","Salud Mental"],"articleSection":["Facultad de Psicolog\u00eda","Noticias Principales"],"inLanguage":"es-CO"},{"@type":"WebPage","@id":"https:\/\/www.ucatolica.edu.co\/portal\/se-aproxima-el-ix-simposio-internacional-de-psicologia-neurociencias-del-comportamiento\/","url":"https:\/\/www.ucatolica.edu.co\/portal\/se-aproxima-el-ix-simposio-internacional-de-psicologia-neurociencias-del-comportamiento\/","name":"\u00a1Inicia el IX Simposio Internacional de Psicolog\u00eda: Neurociencias del comportamiento! - Universidad Cat\u00f3lica De Colombia","isPartOf":{"@id":"https:\/\/www.ucatolica.edu.co\/portal\/#website"},"primaryImageOfPage":{"@id":"https:\/\/www.ucatolica.edu.co\/portal\/se-aproxima-el-ix-simposio-internacional-de-psicologia-neurociencias-del-comportamiento\/#primaryimage"},"image":{"@id":"https:\/\/www.ucatolica.edu.co\/portal\/se-aproxima-el-ix-simposio-internacional-de-psicologia-neurociencias-del-comportamiento\/#primaryimage"},"thumbnailUrl":"https:\/\/www.ucatolica.edu.co\/portal\/wp-content\/uploads\/2024\/09\/OP4174-SimposioNeurociencia-Noticia.jpg","datePublished":"2024-09-18T21:21:28+00:00","dateModified":"2024-09-18T21:21:30+00:00","breadcrumb":{"@id":"https:\/\/www.ucatolica.edu.co\/portal\/se-aproxima-el-ix-simposio-internacional-de-psicologia-neurociencias-del-comportamiento\/#breadcrumb"},"inLanguage":"es-CO","potentialAction":[{"@type":"ReadAction","target":["https:\/\/www.ucatolica.edu.co\/portal\/se-aproxima-el-ix-simposio-internacional-de-psicologia-neurociencias-del-comportamiento\/"]}]},{"@type":"ImageObject","inLanguage":"es-CO","@id":"https:\/\/www.ucatolica.edu.co\/portal\/se-aproxima-el-ix-simposio-internacional-de-psicologia-neurociencias-del-comportamiento\/#primaryimage","url":"https:\/\/www.ucatolica.edu.co\/portal\/wp-content\/uploads\/2024\/09\/OP4174-SimposioNeurociencia-Noticia.jpg","contentUrl":"https:\/\/www.ucatolica.edu.co\/portal\/wp-content\/uploads\/2024\/09\/OP4174-SimposioNeurociencia-Noticia.jpg","width":870,"height":522,"caption":"Cerebro como imagen del evento IX simposio de psicolog\u00eda"},{"@type":"BreadcrumbList","@id":"https:\/\/www.ucatolica.edu.co\/portal\/se-aproxima-el-ix-simposio-internacional-de-psicologia-neurociencias-del-comportamiento\/#breadcrumb","itemListElement":[{"@type":"ListItem","position":1,"name":"Inicio","item":"https:\/\/www.ucatolica.edu.co\/portal\/"},{"@type":"ListItem","position":2,"name":"\u00a1Inicia el IX Simposio Internacional de Psicolog\u00eda: Neurociencias del comportamiento!"}]},{"@type":"WebSite","@id":"https:\/\/www.ucatolica.edu.co\/portal\/#website","url":"https:\/\/www.ucatolica.edu.co\/portal\/","name":"Universidad Cat\u00f3lica De Colombia","description":"Universidad Cat\u00f3lica De Colombia","publisher":{"@id":"https:\/\/www.ucatolica.edu.co\/portal\/#organization"},"potentialAction":[{"@type":"SearchAction","target":{"@type":"EntryPoint","urlTemplate":"https:\/\/www.ucatolica.edu.co\/portal\/?s={search_term_string}"},"query-input":{"@type":"PropertyValueSpecification","valueRequired":true,"valueName":"search_term_string"}}],"inLanguage":"es-CO"},{"@type":"Organization","@id":"https:\/\/www.ucatolica.edu.co\/portal\/#organization","name":"Universidad Cat\u00f3lica de Colombia","url":"https:\/\/www.ucatolica.edu.co\/portal\/","logo":{"@type":"ImageObject","inLanguage":"es-CO","@id":"https:\/\/www.ucatolica.edu.co\/portal\/#\/schema\/logo\/image\/","url":"https:\/\/www.ucatolica.edu.co\/portal\/wp-content\/uploads\/2021\/06\/logo-header-ho-1.svg","contentUrl":"https:\/\/www.ucatolica.edu.co\/portal\/wp-content\/uploads\/2021\/06\/logo-header-ho-1.svg","width":1,"height":1,"caption":"Universidad Cat\u00f3lica de Colombia"},"image":{"@id":"https:\/\/www.ucatolica.edu.co\/portal\/#\/schema\/logo\/image\/"},"sameAs":["https:\/\/www.facebook.com\/ucatolicacolombia","https:\/\/x.com\/UCatolicaCol","https:\/\/www.instagram.com\/universidadcatolicadecolombia\/","https:\/\/www.linkedin.com\/company\/universidadcatolicadecolombia\/","https:\/\/www.youtube.com\/user\/UCatolicaCo"]},{"@type":"Person","@id":"https:\/\/www.ucatolica.edu.co\/portal\/#\/schema\/person\/a7469afff252fba81c6cdc40c80f00b6","name":"Cindy Lugo","url":"https:\/\/www.ucatolica.edu.co\/portal\/author\/cindy\/"}]}},"author_meta":{"display_name":"Cindy Lugo","author_link":"https:\/\/www.ucatolica.edu.co\/portal\/author\/cindy\/"},"featured_img":"https:\/\/www.ucatolica.edu.co\/portal\/wp-content\/uploads\/2024\/09\/OP4174-SimposioNeurociencia-Noticia.jpg","coauthors":[],"tax_additional":{"categories":{"linked":["<a href=\"https:\/\/www.ucatolica.edu.co\/portal\/category\/facultad-de-psicologia\/\" class=\"advgb-post-tax-term\">Facultad de Psicolog\u00eda<\/a>","<a href=\"https:\/\/www.ucatolica.edu.co\/portal\/category\/noticias-principales\/\" class=\"advgb-post-tax-term\">Noticias Principales<\/a>"],"unlinked":["<span class=\"advgb-post-tax-term\">Facultad de Psicolog\u00eda<\/span>","<span class=\"advgb-post-tax-term\">Noticias Principales<\/span>"]},"tags":{"linked":["<a href=\"https:\/\/www.ucatolica.edu.co\/portal\/category\/noticias-principales\/\" class=\"advgb-post-tax-term\">Expopsicolog\u00eda<\/a>","<a href=\"https:\/\/www.ucatolica.edu.co\/portal\/category\/noticias-principales\/\" class=\"advgb-post-tax-term\">Facultad de Psicolog\u00eda<\/a>","<a href=\"https:\/\/www.ucatolica.edu.co\/portal\/category\/noticias-principales\/\" class=\"advgb-post-tax-term\">Inteligencia emocional<\/a>","<a href=\"https:\/\/www.ucatolica.edu.co\/portal\/category\/noticias-principales\/\" class=\"advgb-post-tax-term\">IX Simposio de psicolog\u00eda<\/a>","<a href=\"https:\/\/www.ucatolica.edu.co\/portal\/category\/noticias-principales\/\" class=\"advgb-post-tax-term\">Neurociencias del comportamiento<\/a>","<a href=\"https:\/\/www.ucatolica.edu.co\/portal\/category\/noticias-principales\/\" class=\"advgb-post-tax-term\">Noa Ofen<\/a>","<a href=\"https:\/\/www.ucatolica.edu.co\/portal\/category\/noticias-principales\/\" class=\"advgb-post-tax-term\">Salud Mental<\/a>"],"unlinked":["<span class=\"advgb-post-tax-term\">Expopsicolog\u00eda<\/span>","<span class=\"advgb-post-tax-term\">Facultad de Psicolog\u00eda<\/span>","<span class=\"advgb-post-tax-term\">Inteligencia emocional<\/span>","<span class=\"advgb-post-tax-term\">IX Simposio de psicolog\u00eda<\/span>","<span class=\"advgb-post-tax-term\">Neurociencias del comportamiento<\/span>","<span class=\"advgb-post-tax-term\">Noa Ofen<\/span>","<span class=\"advgb-post-tax-term\">Salud Mental<\/span>"]}},"comment_count":"0","relative_dates":{"created":"Posted 2 a\u00f1os ago","modified":"Updated 2 a\u00f1os ago"},"absolute_dates":{"created":"Posted on 18 septiembre, 2024","modified":"Updated on 18 septiembre, 2024"},"absolute_dates_time":{"created":"Posted on 18 septiembre, 2024 4:21 pm","modified":"Updated on 18 septiembre, 2024 4:21 pm"},"featured_img_caption":"","series_order":"","_links":{"self":[{"href":"https:\/\/www.ucatolica.edu.co\/portal\/wp-json\/wp\/v2\/posts\/111159","targetHints":{"allow":["GET"]}}],"collection":[{"href":"https:\/\/www.ucatolica.edu.co\/portal\/wp-json\/wp\/v2\/posts"}],"about":[{"href":"https:\/\/www.ucatolica.edu.co\/portal\/wp-json\/wp\/v2\/types\/post"}],"author":[{"embeddable":true,"href":"https:\/\/www.ucatolica.edu.co\/portal\/wp-json\/wp\/v2\/users\/4"}],"replies":[{"embeddable":true,"href":"https:\/\/www.ucatolica.edu.co\/portal\/wp-json\/wp\/v2\/comments?post=111159"}],"version-history":[{"count":15,"href":"https:\/\/www.ucatolica.edu.co\/portal\/wp-json\/wp\/v2\/posts\/111159\/revisions"}],"predecessor-version":[{"id":111348,"href":"https:\/\/www.ucatolica.edu.co\/portal\/wp-json\/wp\/v2\/posts\/111159\/revisions\/111348"}],"wp:featuredmedia":[{"embeddable":true,"href":"https:\/\/www.ucatolica.edu.co\/portal\/wp-json\/wp\/v2\/media\/111164"}],"wp:attachment":[{"href":"https:\/\/www.ucatolica.edu.co\/portal\/wp-json\/wp\/v2\/media?parent=111159"}],"wp:term":[{"taxonomy":"category","embeddable":true,"href":"https:\/\/www.ucatolica.edu.co\/portal\/wp-json\/wp\/v2\/categories?post=111159"},{"taxonomy":"post_tag","embeddable":true,"href":"https:\/\/www.ucatolica.edu.co\/portal\/wp-json\/wp\/v2\/tags?post=111159"}],"curies":[{"name":"wp","href":"https:\/\/api.w.org\/{rel}","templated":true}]}}