{"id":112169,"date":"2024-10-03T16:18:32","date_gmt":"2024-10-03T21:18:32","guid":{"rendered":"https:\/\/www.ucatolica.edu.co\/portal\/?p=112169"},"modified":"2024-10-03T16:24:49","modified_gmt":"2024-10-03T21:24:49","slug":"inicio-con-exito-la-x-version-de-coniiti-2024","status":"publish","type":"post","link":"https:\/\/www.ucatolica.edu.co\/portal\/inicio-con-exito-la-x-version-de-coniiti-2024\/","title":{"rendered":"\u00a1Inici\u00f3 con \u00e9xito la X versi\u00f3n de Coniiti 2024!"},"content":{"rendered":"\n<p>El Centro de Convenciones de la Universidad Cat\u00f3lica de Colombia fue el lugar donde acudieron estudiantes, profesores, administrativos, investigadores, ingenieros, egresados e invitados para conmemorar la X versi\u00f3n del Congreso Internacional de Innovaci\u00f3n y Tendencias en Ingenier\u00eda -Coniiti, el cual tiene como pa\u00eds invitado este a\u00f1o a Argentina y durante sus 3 d\u00edas contar\u00e1 con la presencia de conferencistas nacionales e internacionales que realizar\u00e1n ponencias en modalidad h\u00edbrida,\u00a0se realizar\u00e1n workshops y presentaci\u00f3n de art\u00edculos.<\/p>\n\n\n\n<p>Este espacio de interacci\u00f3n de conferencistas, investigadores, emprendedores y empresarios expertos en liderar iniciativas de transformaci\u00f3n en ingenier\u00eda, inici\u00f3 con un video conmemorativo mostrando las memorias fotogr\u00e1ficas del Congreso a lo largo de estos 10 a\u00f1os; posterior a ello el Ingeniero Jaime Diaz Ortiz, Decano de la Facultad de Ingenier\u00eda de la Universidad Cat\u00f3lica de Colombia realiz\u00f3 las palabras de apertura donde enfatiz\u00f3 que Coniiti a trav\u00e9s de su trayectoria ha nutrido los programas de pregrado y posgrado de Ingenier\u00eda de la Instituci\u00f3n; habl\u00f3 de hitos colaborativos como la participaci\u00f3n de las ponencias  que se han hecho a lo largo del 2017-2023, resaltando que 485 memorias han sido indexadas en Scoups en estos 7 a\u00f1os, demostrando la calidad investigativa. <\/p>\n\n\n\n<p>En su discurso tambi\u00e9n fue tema central, la inteligencia artificial (IA) ya que ha contribuido al desarrollo tecnol\u00f3gico del mundo y trae grandes oportunidades y desaf\u00edos porque el 65% de los empleos van a\u00a0 cambiar, por eso invit\u00f3 a seguir trabajando desde la ingenier\u00eda para seguir apoyando la iniciativa de que Colombia es el pa\u00eds de Am\u00e9rica Latina que m\u00e1s est\u00e1 formando personas en IA, iniciando con el estudio de datos, la anal\u00edtica de datos , la ciencia de los datos porque sin datos no hay IA.<\/p>\n\n\n\n<p>Despu\u00e9s de realizarse este acto inaugural, comenz\u00f3 la tercera versi\u00f3n del\u00a0<strong>Panel \u201cel Protagonismo de la mujer en la Ingenier\u00eda\u201d<\/strong>, en donde estuvo presente la ingeniera Lizeth Serrano como moderadora, la cual se\u00f1al\u00f3 que, <em>&#8220;se necesitan que m\u00e1s ni\u00f1as y mujeres se apasionen por estudiar ingenier\u00eda y por hacer de la ingenier\u00eda una forma de transformar la sociedad&#8221;<\/em>, luego de ello procedi\u00f3 a presentar a la Dra. Silvia Caro Spinel, quien es un referente como mujer en la ingenier\u00eda; tiene m\u00e1s de 20 a\u00f1os de experiencia como profesora en ingenier\u00eda civil y de temas ambientales, ha liderado investigaciones innovadoras en infraestructura vial, y su trabajo aborda temas como la innovaci\u00f3n, la sostenibilidad, la cuantificaci\u00f3n de la incertidumbre, entre otros, a lo largo de su trayectoria ha recibido m\u00faltiples reconocimientos nacionales e internacionales por su aporte a la sociedad.<\/p>\n\n\n\n<figure class=\"wp-block-image size-full\"><img fetchpriority=\"high\" decoding=\"async\" width=\"870\" height=\"522\" src=\"https:\/\/www.ucatolica.edu.co\/portal\/wp-content\/uploads\/2024\/10\/Fotos-Noticia-Coniiti-3.jpg\" alt=\"\" class=\"wp-image-112181\"\/><\/figure>\n\n\n\n<p>La ingeniera Silvia inici\u00f3 con su intervenci\u00f3n hablando de su vida, sus estudios, de por qu\u00e9 termin\u00f3 estudiando ingenier\u00eda civil, siendo una carrera tan masculina y todo tiene que ver porque en su familia hay una fuerte influencia hacia las carreras de ciencia y de ingenier\u00eda. En su charla con el auditorio enfatiz\u00f3 en que siempre se debe poder hacer lo  mejor en cada cosa y que siempre hay mucho por hacer, en pensar la responsabilidad como ingenieros en un mundo que cada vez es m\u00e1s incierto y que por ello se tiene que seguir estudiando y aprendiendo para poderle aportar a este pa\u00eds<\/p>\n\n\n\n<p>Al finalizar el panel, la Universidad le otorg\u00f3 el reconocimiento\u00a0<strong>\u201cMujer protagonista de la Ingenier\u00eda 2024\u201d<\/strong>\u00a0<strong>a la Dra. Silvia Caro Spinel,<\/strong> quien comparti\u00f3 su historia de vida con el Auditorio, reflejando c\u00f3mo desde su profesi\u00f3n ha aportado a la sociedad. <\/p>\n\n\n\n<p><em>Le invitamos a ver la entrevista posterior a la entrega de este premio a la Dra. Silvia, haciendo clic <strong><a href=\"https:\/\/www.youtube.com\/watch?v=A6PKYLAwl7g\" target=\"_blank\" rel=\"noreferrer noopener\">aqu\u00ed.<\/a><\/strong><\/em><\/p>\n\n\n\n<p>Despu\u00e9s de este panel, siguieron dos conferencias principales y la noche culmin\u00f3 con la entrega de los premios a los estudiantes que hab\u00edan participado en los diversos concursos que se realizaron en la semana de la ingenier\u00eda, entre los que se destacataron: hackat\u00f3n, programaci\u00f3n, videojuegos y cohetes con propulsi\u00f3n de agua.<\/p>\n\n\n\n<figure class=\"wp-block-image size-full\"><img decoding=\"async\" width=\"870\" height=\"522\" src=\"https:\/\/www.ucatolica.edu.co\/portal\/wp-content\/uploads\/2024\/10\/Fotos-Noticia-Coniiti-2.jpg\" alt=\"\" class=\"wp-image-112180\"\/><\/figure>\n\n\n\n<p>Sin duda, fue una jornada llena de aprendizajes y relacionamiento con expertos en el campo profesional para nuestra comunidad universitaria.<\/p>\n\n\n\n<p>Coniiti finaliza el 4 de octubre, las personas interesadas en asistir, pueden obtener su\u00a0<strong>ticket de entrada<\/strong>\u00a0<strong>ingresando\u00a0<a href=\"https:\/\/www.ticketcode.co\/eventos\/coniiti-2024-acto-de-apertura\">aq<\/a><a href=\"https:\/\/www.ticketcode.co\/eventos\/coniiti-2024-acto-de-apertura\" target=\"_blank\" rel=\"noreferrer noopener\">u<\/a><a href=\"https:\/\/www.ticketcode.co\/eventos\/coniiti-2024-acto-de-apertura\">\u00ed.<\/a><\/strong><\/p>\n\n\n\n<p>Para m\u00e1s informaci\u00f3n,&nbsp;<em>conocer los conferencistas invitados y la agenda de Coniiti 202<\/em>4,&nbsp;<strong>clic&nbsp;<a href=\"https:\/\/coniiti.com\/\" target=\"_blank\" rel=\"noreferrer noopener\">aqu\u00ed.<\/a><\/strong><\/p>\n\n\n\n<p>\u00a1Les esperamos!<\/p>\n\n\n\n<p>Datos de contacto:<\/p>\n\n\n\n<p><strong>Universidad Cat\u00f3lica de Colombia<\/strong><br>Facultad de Ingenier\u00eda<br>PBX: (601) 443 37 00 Ext. 3130\/32\/60\/90<\/p>\n\n\n\n<p><\/p>\n\n\n\n<p><\/p>\n\n\n\n<p><\/p>\n","protected":false},"excerpt":{"rendered":"<p>El Centro de Convenciones de la Universidad Cat\u00f3lica de Colombia fue el lugar donde acudieron estudiantes, profesores, administrativos, investigadores, ingenieros, egresados e invitados para conmemorar la X versi\u00f3n del Congreso Internacional de Innovaci\u00f3n y Tendencias en Ingenier\u00eda -Coniiti, el cual tiene como pa\u00eds invitado este a\u00f1o a Argentina y durante sus 3 d\u00edas contar\u00e1 con [&hellip;]<\/p>\n","protected":false},"author":4,"featured_media":112179,"comment_status":"open","ping_status":"open","sticky":false,"template":"","format":"standard","meta":{"_acf_changed":false,"advgb_blocks_editor_width":"","advgb_blocks_columns_visual_guide":"","footnotes":""},"categories":[84,93],"tags":[278,269,1451,2831,286,287,2832,2830],"class_list":["post-112169","post","type-post","status-publish","format-standard","has-post-thumbnail","hentry","category-facultad-de-ingenieria","category-noticias-principales","tag-creatividad","tag-innovacion","tag-inteligencia-artificial","tag-panel-de-la-mujer-en-la-ingenieria","tag-programacion","tag-semana-de-la-ingenieria","tag-silvia-caro-spinel","tag-x-coniiti"],"acf":[],"yoast_head":"<!-- This site is optimized with the Yoast SEO plugin v26.7 - https:\/\/yoast.com\/wordpress\/plugins\/seo\/ -->\n<title>\u00a1Inici\u00f3 con \u00e9xito la X versi\u00f3n de Coniiti 2024! - Universidad Cat\u00f3lica De Colombia<\/title>\n<meta name=\"robots\" content=\"index, follow, max-snippet:-1, max-image-preview:large, max-video-preview:-1\" \/>\n<link rel=\"canonical\" href=\"https:\/\/www.ucatolica.edu.co\/portal\/inicio-con-exito-la-x-version-de-coniiti-2024\/\" \/>\n<meta property=\"og:locale\" content=\"es_ES\" \/>\n<meta property=\"og:type\" content=\"article\" \/>\n<meta property=\"og:title\" content=\"\u00a1Inici\u00f3 con \u00e9xito la X versi\u00f3n de Coniiti 2024! - Universidad Cat\u00f3lica De Colombia\" \/>\n<meta property=\"og:description\" content=\"El Centro de Convenciones de la Universidad Cat\u00f3lica de Colombia fue el lugar donde acudieron estudiantes, profesores, administrativos, investigadores, ingenieros, egresados e invitados para conmemorar la X versi\u00f3n del Congreso Internacional de Innovaci\u00f3n y Tendencias en Ingenier\u00eda -Coniiti, el cual tiene como pa\u00eds invitado este a\u00f1o a Argentina y durante sus 3 d\u00edas contar\u00e1 con [&hellip;]\" \/>\n<meta property=\"og:url\" content=\"https:\/\/www.ucatolica.edu.co\/portal\/inicio-con-exito-la-x-version-de-coniiti-2024\/\" \/>\n<meta property=\"og:site_name\" content=\"Universidad Cat\u00f3lica De Colombia\" \/>\n<meta property=\"article:publisher\" content=\"https:\/\/www.facebook.com\/ucatolicacolombia\" \/>\n<meta property=\"article:published_time\" content=\"2024-10-03T21:18:32+00:00\" \/>\n<meta property=\"article:modified_time\" content=\"2024-10-03T21:24:49+00:00\" \/>\n<meta property=\"og:image\" content=\"https:\/\/www.ucatolica.edu.co\/portal\/wp-content\/uploads\/2024\/10\/Fotos-Noticia-Coniiti-1.jpg\" \/>\n\t<meta property=\"og:image:width\" content=\"870\" \/>\n\t<meta property=\"og:image:height\" content=\"522\" \/>\n\t<meta property=\"og:image:type\" content=\"image\/jpeg\" \/>\n<meta name=\"author\" content=\"Cindy Lugo\" \/>\n<meta name=\"twitter:card\" content=\"summary_large_image\" \/>\n<meta name=\"twitter:creator\" content=\"@UCatolicaCol\" \/>\n<meta name=\"twitter:site\" content=\"@UCatolicaCol\" \/>\n<meta name=\"twitter:label1\" content=\"Escrito por\" \/>\n\t<meta name=\"twitter:data1\" content=\"Cindy Lugo\" \/>\n\t<meta name=\"twitter:label2\" content=\"Tiempo de lectura\" \/>\n\t<meta name=\"twitter:data2\" content=\"4 minutos\" \/>\n<script type=\"application\/ld+json\" class=\"yoast-schema-graph\">{\"@context\":\"https:\/\/schema.org\",\"@graph\":[{\"@type\":\"Article\",\"@id\":\"https:\/\/www.ucatolica.edu.co\/portal\/inicio-con-exito-la-x-version-de-coniiti-2024\/#article\",\"isPartOf\":{\"@id\":\"https:\/\/www.ucatolica.edu.co\/portal\/inicio-con-exito-la-x-version-de-coniiti-2024\/\"},\"author\":{\"name\":\"Cindy Lugo\",\"@id\":\"https:\/\/www.ucatolica.edu.co\/portal\/#\/schema\/person\/a7469afff252fba81c6cdc40c80f00b6\"},\"headline\":\"\u00a1Inici\u00f3 con \u00e9xito la X versi\u00f3n de Coniiti 2024!\",\"datePublished\":\"2024-10-03T21:18:32+00:00\",\"dateModified\":\"2024-10-03T21:24:49+00:00\",\"mainEntityOfPage\":{\"@id\":\"https:\/\/www.ucatolica.edu.co\/portal\/inicio-con-exito-la-x-version-de-coniiti-2024\/\"},\"wordCount\":770,\"commentCount\":0,\"publisher\":{\"@id\":\"https:\/\/www.ucatolica.edu.co\/portal\/#organization\"},\"image\":{\"@id\":\"https:\/\/www.ucatolica.edu.co\/portal\/inicio-con-exito-la-x-version-de-coniiti-2024\/#primaryimage\"},\"thumbnailUrl\":\"https:\/\/www.ucatolica.edu.co\/portal\/wp-content\/uploads\/2024\/10\/Fotos-Noticia-Coniiti-1.jpg\",\"keywords\":[\"Creatividad\",\"Innovaci\u00f3n\",\"Inteligencia Artificial\",\"Panel de la mujer en la ingenier\u00eda\",\"Programaci\u00f3n\",\"Semana de la Ingenier\u00eda\",\"Silvia Caro Spinel\",\"X Coniiti\"],\"articleSection\":[\"Facultad de Ingenier\u00eda\",\"Noticias Principales\"],\"inLanguage\":\"es-CO\"},{\"@type\":\"WebPage\",\"@id\":\"https:\/\/www.ucatolica.edu.co\/portal\/inicio-con-exito-la-x-version-de-coniiti-2024\/\",\"url\":\"https:\/\/www.ucatolica.edu.co\/portal\/inicio-con-exito-la-x-version-de-coniiti-2024\/\",\"name\":\"\u00a1Inici\u00f3 con \u00e9xito la X versi\u00f3n de Coniiti 2024! - Universidad Cat\u00f3lica De Colombia\",\"isPartOf\":{\"@id\":\"https:\/\/www.ucatolica.edu.co\/portal\/#website\"},\"primaryImageOfPage\":{\"@id\":\"https:\/\/www.ucatolica.edu.co\/portal\/inicio-con-exito-la-x-version-de-coniiti-2024\/#primaryimage\"},\"image\":{\"@id\":\"https:\/\/www.ucatolica.edu.co\/portal\/inicio-con-exito-la-x-version-de-coniiti-2024\/#primaryimage\"},\"thumbnailUrl\":\"https:\/\/www.ucatolica.edu.co\/portal\/wp-content\/uploads\/2024\/10\/Fotos-Noticia-Coniiti-1.jpg\",\"datePublished\":\"2024-10-03T21:18:32+00:00\",\"dateModified\":\"2024-10-03T21:24:49+00:00\",\"breadcrumb\":{\"@id\":\"https:\/\/www.ucatolica.edu.co\/portal\/inicio-con-exito-la-x-version-de-coniiti-2024\/#breadcrumb\"},\"inLanguage\":\"es-CO\",\"potentialAction\":[{\"@type\":\"ReadAction\",\"target\":[\"https:\/\/www.ucatolica.edu.co\/portal\/inicio-con-exito-la-x-version-de-coniiti-2024\/\"]}]},{\"@type\":\"ImageObject\",\"inLanguage\":\"es-CO\",\"@id\":\"https:\/\/www.ucatolica.edu.co\/portal\/inicio-con-exito-la-x-version-de-coniiti-2024\/#primaryimage\",\"url\":\"https:\/\/www.ucatolica.edu.co\/portal\/wp-content\/uploads\/2024\/10\/Fotos-Noticia-Coniiti-1.jpg\",\"contentUrl\":\"https:\/\/www.ucatolica.edu.co\/portal\/wp-content\/uploads\/2024\/10\/Fotos-Noticia-Coniiti-1.jpg\",\"width\":870,\"height\":522,\"caption\":\"Evento de apertura de la d\u00e9cima versi\u00f3n de Coniiti\"},{\"@type\":\"BreadcrumbList\",\"@id\":\"https:\/\/www.ucatolica.edu.co\/portal\/inicio-con-exito-la-x-version-de-coniiti-2024\/#breadcrumb\",\"itemListElement\":[{\"@type\":\"ListItem\",\"position\":1,\"name\":\"Inicio\",\"item\":\"https:\/\/www.ucatolica.edu.co\/portal\/\"},{\"@type\":\"ListItem\",\"position\":2,\"name\":\"\u00a1Inici\u00f3 con \u00e9xito la X versi\u00f3n de Coniiti 2024!\"}]},{\"@type\":\"WebSite\",\"@id\":\"https:\/\/www.ucatolica.edu.co\/portal\/#website\",\"url\":\"https:\/\/www.ucatolica.edu.co\/portal\/\",\"name\":\"Universidad Cat\u00f3lica De Colombia\",\"description\":\"Universidad Cat\u00f3lica De Colombia\",\"publisher\":{\"@id\":\"https:\/\/www.ucatolica.edu.co\/portal\/#organization\"},\"potentialAction\":[{\"@type\":\"SearchAction\",\"target\":{\"@type\":\"EntryPoint\",\"urlTemplate\":\"https:\/\/www.ucatolica.edu.co\/portal\/?s={search_term_string}\"},\"query-input\":{\"@type\":\"PropertyValueSpecification\",\"valueRequired\":true,\"valueName\":\"search_term_string\"}}],\"inLanguage\":\"es-CO\"},{\"@type\":\"Organization\",\"@id\":\"https:\/\/www.ucatolica.edu.co\/portal\/#organization\",\"name\":\"Universidad Cat\u00f3lica de Colombia\",\"url\":\"https:\/\/www.ucatolica.edu.co\/portal\/\",\"logo\":{\"@type\":\"ImageObject\",\"inLanguage\":\"es-CO\",\"@id\":\"https:\/\/www.ucatolica.edu.co\/portal\/#\/schema\/logo\/image\/\",\"url\":\"https:\/\/www.ucatolica.edu.co\/portal\/wp-content\/uploads\/2021\/06\/logo-header-ho-1.svg\",\"contentUrl\":\"https:\/\/www.ucatolica.edu.co\/portal\/wp-content\/uploads\/2021\/06\/logo-header-ho-1.svg\",\"width\":1,\"height\":1,\"caption\":\"Universidad Cat\u00f3lica de Colombia\"},\"image\":{\"@id\":\"https:\/\/www.ucatolica.edu.co\/portal\/#\/schema\/logo\/image\/\"},\"sameAs\":[\"https:\/\/www.facebook.com\/ucatolicacolombia\",\"https:\/\/x.com\/UCatolicaCol\",\"https:\/\/www.instagram.com\/universidadcatolicadecolombia\/\",\"https:\/\/www.linkedin.com\/company\/universidadcatolicadecolombia\/\",\"https:\/\/www.youtube.com\/user\/UCatolicaCo\"]},{\"@type\":\"Person\",\"@id\":\"https:\/\/www.ucatolica.edu.co\/portal\/#\/schema\/person\/a7469afff252fba81c6cdc40c80f00b6\",\"name\":\"Cindy Lugo\",\"url\":\"https:\/\/www.ucatolica.edu.co\/portal\/author\/cindy\/\"}]}<\/script>\n<!-- \/ Yoast SEO plugin. -->","yoast_head_json":{"title":"\u00a1Inici\u00f3 con \u00e9xito la X versi\u00f3n de Coniiti 2024! - Universidad Cat\u00f3lica De Colombia","robots":{"index":"index","follow":"follow","max-snippet":"max-snippet:-1","max-image-preview":"max-image-preview:large","max-video-preview":"max-video-preview:-1"},"canonical":"https:\/\/www.ucatolica.edu.co\/portal\/inicio-con-exito-la-x-version-de-coniiti-2024\/","og_locale":"es_ES","og_type":"article","og_title":"\u00a1Inici\u00f3 con \u00e9xito la X versi\u00f3n de Coniiti 2024! - Universidad Cat\u00f3lica De Colombia","og_description":"El Centro de Convenciones de la Universidad Cat\u00f3lica de Colombia fue el lugar donde acudieron estudiantes, profesores, administrativos, investigadores, ingenieros, egresados e invitados para conmemorar la X versi\u00f3n del Congreso Internacional de Innovaci\u00f3n y Tendencias en Ingenier\u00eda -Coniiti, el cual tiene como pa\u00eds invitado este a\u00f1o a Argentina y durante sus 3 d\u00edas contar\u00e1 con [&hellip;]","og_url":"https:\/\/www.ucatolica.edu.co\/portal\/inicio-con-exito-la-x-version-de-coniiti-2024\/","og_site_name":"Universidad Cat\u00f3lica De Colombia","article_publisher":"https:\/\/www.facebook.com\/ucatolicacolombia","article_published_time":"2024-10-03T21:18:32+00:00","article_modified_time":"2024-10-03T21:24:49+00:00","og_image":[{"width":870,"height":522,"url":"https:\/\/www.ucatolica.edu.co\/portal\/wp-content\/uploads\/2024\/10\/Fotos-Noticia-Coniiti-1.jpg","type":"image\/jpeg"}],"author":"Cindy Lugo","twitter_card":"summary_large_image","twitter_creator":"@UCatolicaCol","twitter_site":"@UCatolicaCol","twitter_misc":{"Escrito por":"Cindy Lugo","Tiempo de lectura":"4 minutos"},"schema":{"@context":"https:\/\/schema.org","@graph":[{"@type":"Article","@id":"https:\/\/www.ucatolica.edu.co\/portal\/inicio-con-exito-la-x-version-de-coniiti-2024\/#article","isPartOf":{"@id":"https:\/\/www.ucatolica.edu.co\/portal\/inicio-con-exito-la-x-version-de-coniiti-2024\/"},"author":{"name":"Cindy Lugo","@id":"https:\/\/www.ucatolica.edu.co\/portal\/#\/schema\/person\/a7469afff252fba81c6cdc40c80f00b6"},"headline":"\u00a1Inici\u00f3 con \u00e9xito la X versi\u00f3n de Coniiti 2024!","datePublished":"2024-10-03T21:18:32+00:00","dateModified":"2024-10-03T21:24:49+00:00","mainEntityOfPage":{"@id":"https:\/\/www.ucatolica.edu.co\/portal\/inicio-con-exito-la-x-version-de-coniiti-2024\/"},"wordCount":770,"commentCount":0,"publisher":{"@id":"https:\/\/www.ucatolica.edu.co\/portal\/#organization"},"image":{"@id":"https:\/\/www.ucatolica.edu.co\/portal\/inicio-con-exito-la-x-version-de-coniiti-2024\/#primaryimage"},"thumbnailUrl":"https:\/\/www.ucatolica.edu.co\/portal\/wp-content\/uploads\/2024\/10\/Fotos-Noticia-Coniiti-1.jpg","keywords":["Creatividad","Innovaci\u00f3n","Inteligencia Artificial","Panel de la mujer en la ingenier\u00eda","Programaci\u00f3n","Semana de la Ingenier\u00eda","Silvia Caro Spinel","X Coniiti"],"articleSection":["Facultad de Ingenier\u00eda","Noticias Principales"],"inLanguage":"es-CO"},{"@type":"WebPage","@id":"https:\/\/www.ucatolica.edu.co\/portal\/inicio-con-exito-la-x-version-de-coniiti-2024\/","url":"https:\/\/www.ucatolica.edu.co\/portal\/inicio-con-exito-la-x-version-de-coniiti-2024\/","name":"\u00a1Inici\u00f3 con \u00e9xito la X versi\u00f3n de Coniiti 2024! - Universidad Cat\u00f3lica De Colombia","isPartOf":{"@id":"https:\/\/www.ucatolica.edu.co\/portal\/#website"},"primaryImageOfPage":{"@id":"https:\/\/www.ucatolica.edu.co\/portal\/inicio-con-exito-la-x-version-de-coniiti-2024\/#primaryimage"},"image":{"@id":"https:\/\/www.ucatolica.edu.co\/portal\/inicio-con-exito-la-x-version-de-coniiti-2024\/#primaryimage"},"thumbnailUrl":"https:\/\/www.ucatolica.edu.co\/portal\/wp-content\/uploads\/2024\/10\/Fotos-Noticia-Coniiti-1.jpg","datePublished":"2024-10-03T21:18:32+00:00","dateModified":"2024-10-03T21:24:49+00:00","breadcrumb":{"@id":"https:\/\/www.ucatolica.edu.co\/portal\/inicio-con-exito-la-x-version-de-coniiti-2024\/#breadcrumb"},"inLanguage":"es-CO","potentialAction":[{"@type":"ReadAction","target":["https:\/\/www.ucatolica.edu.co\/portal\/inicio-con-exito-la-x-version-de-coniiti-2024\/"]}]},{"@type":"ImageObject","inLanguage":"es-CO","@id":"https:\/\/www.ucatolica.edu.co\/portal\/inicio-con-exito-la-x-version-de-coniiti-2024\/#primaryimage","url":"https:\/\/www.ucatolica.edu.co\/portal\/wp-content\/uploads\/2024\/10\/Fotos-Noticia-Coniiti-1.jpg","contentUrl":"https:\/\/www.ucatolica.edu.co\/portal\/wp-content\/uploads\/2024\/10\/Fotos-Noticia-Coniiti-1.jpg","width":870,"height":522,"caption":"Evento de apertura de la d\u00e9cima versi\u00f3n de Coniiti"},{"@type":"BreadcrumbList","@id":"https:\/\/www.ucatolica.edu.co\/portal\/inicio-con-exito-la-x-version-de-coniiti-2024\/#breadcrumb","itemListElement":[{"@type":"ListItem","position":1,"name":"Inicio","item":"https:\/\/www.ucatolica.edu.co\/portal\/"},{"@type":"ListItem","position":2,"name":"\u00a1Inici\u00f3 con \u00e9xito la X versi\u00f3n de Coniiti 2024!"}]},{"@type":"WebSite","@id":"https:\/\/www.ucatolica.edu.co\/portal\/#website","url":"https:\/\/www.ucatolica.edu.co\/portal\/","name":"Universidad Cat\u00f3lica De Colombia","description":"Universidad Cat\u00f3lica De Colombia","publisher":{"@id":"https:\/\/www.ucatolica.edu.co\/portal\/#organization"},"potentialAction":[{"@type":"SearchAction","target":{"@type":"EntryPoint","urlTemplate":"https:\/\/www.ucatolica.edu.co\/portal\/?s={search_term_string}"},"query-input":{"@type":"PropertyValueSpecification","valueRequired":true,"valueName":"search_term_string"}}],"inLanguage":"es-CO"},{"@type":"Organization","@id":"https:\/\/www.ucatolica.edu.co\/portal\/#organization","name":"Universidad Cat\u00f3lica de Colombia","url":"https:\/\/www.ucatolica.edu.co\/portal\/","logo":{"@type":"ImageObject","inLanguage":"es-CO","@id":"https:\/\/www.ucatolica.edu.co\/portal\/#\/schema\/logo\/image\/","url":"https:\/\/www.ucatolica.edu.co\/portal\/wp-content\/uploads\/2021\/06\/logo-header-ho-1.svg","contentUrl":"https:\/\/www.ucatolica.edu.co\/portal\/wp-content\/uploads\/2021\/06\/logo-header-ho-1.svg","width":1,"height":1,"caption":"Universidad Cat\u00f3lica de Colombia"},"image":{"@id":"https:\/\/www.ucatolica.edu.co\/portal\/#\/schema\/logo\/image\/"},"sameAs":["https:\/\/www.facebook.com\/ucatolicacolombia","https:\/\/x.com\/UCatolicaCol","https:\/\/www.instagram.com\/universidadcatolicadecolombia\/","https:\/\/www.linkedin.com\/company\/universidadcatolicadecolombia\/","https:\/\/www.youtube.com\/user\/UCatolicaCo"]},{"@type":"Person","@id":"https:\/\/www.ucatolica.edu.co\/portal\/#\/schema\/person\/a7469afff252fba81c6cdc40c80f00b6","name":"Cindy Lugo","url":"https:\/\/www.ucatolica.edu.co\/portal\/author\/cindy\/"}]}},"author_meta":{"display_name":"Cindy Lugo","author_link":"https:\/\/www.ucatolica.edu.co\/portal\/author\/cindy\/"},"featured_img":"https:\/\/www.ucatolica.edu.co\/portal\/wp-content\/uploads\/2024\/10\/Fotos-Noticia-Coniiti-1.jpg","coauthors":[],"tax_additional":{"categories":{"linked":["<a href=\"https:\/\/www.ucatolica.edu.co\/portal\/category\/facultad-de-ingenieria\/\" class=\"advgb-post-tax-term\">Facultad de Ingenier\u00eda<\/a>","<a href=\"https:\/\/www.ucatolica.edu.co\/portal\/category\/noticias-principales\/\" class=\"advgb-post-tax-term\">Noticias Principales<\/a>"],"unlinked":["<span class=\"advgb-post-tax-term\">Facultad de Ingenier\u00eda<\/span>","<span class=\"advgb-post-tax-term\">Noticias Principales<\/span>"]},"tags":{"linked":["<a href=\"https:\/\/www.ucatolica.edu.co\/portal\/category\/noticias-principales\/\" class=\"advgb-post-tax-term\">Creatividad<\/a>","<a href=\"https:\/\/www.ucatolica.edu.co\/portal\/category\/noticias-principales\/\" class=\"advgb-post-tax-term\">Innovaci\u00f3n<\/a>","<a href=\"https:\/\/www.ucatolica.edu.co\/portal\/category\/noticias-principales\/\" class=\"advgb-post-tax-term\">Inteligencia Artificial<\/a>","<a href=\"https:\/\/www.ucatolica.edu.co\/portal\/category\/noticias-principales\/\" class=\"advgb-post-tax-term\">Panel de la mujer en la ingenier\u00eda<\/a>","<a href=\"https:\/\/www.ucatolica.edu.co\/portal\/category\/noticias-principales\/\" class=\"advgb-post-tax-term\">Programaci\u00f3n<\/a>","<a href=\"https:\/\/www.ucatolica.edu.co\/portal\/category\/noticias-principales\/\" class=\"advgb-post-tax-term\">Semana de la Ingenier\u00eda<\/a>","<a href=\"https:\/\/www.ucatolica.edu.co\/portal\/category\/noticias-principales\/\" class=\"advgb-post-tax-term\">Silvia Caro Spinel<\/a>","<a href=\"https:\/\/www.ucatolica.edu.co\/portal\/category\/noticias-principales\/\" class=\"advgb-post-tax-term\">X Coniiti<\/a>"],"unlinked":["<span class=\"advgb-post-tax-term\">Creatividad<\/span>","<span class=\"advgb-post-tax-term\">Innovaci\u00f3n<\/span>","<span class=\"advgb-post-tax-term\">Inteligencia Artificial<\/span>","<span class=\"advgb-post-tax-term\">Panel de la mujer en la ingenier\u00eda<\/span>","<span class=\"advgb-post-tax-term\">Programaci\u00f3n<\/span>","<span class=\"advgb-post-tax-term\">Semana de la Ingenier\u00eda<\/span>","<span class=\"advgb-post-tax-term\">Silvia Caro Spinel<\/span>","<span class=\"advgb-post-tax-term\">X Coniiti<\/span>"]}},"comment_count":"0","relative_dates":{"created":"Posted 2 a\u00f1os ago","modified":"Updated 2 a\u00f1os ago"},"absolute_dates":{"created":"Posted on 3 octubre, 2024","modified":"Updated on 3 octubre, 2024"},"absolute_dates_time":{"created":"Posted on 3 octubre, 2024 4:18 pm","modified":"Updated on 3 octubre, 2024 4:24 pm"},"featured_img_caption":"","series_order":"","_links":{"self":[{"href":"https:\/\/www.ucatolica.edu.co\/portal\/wp-json\/wp\/v2\/posts\/112169","targetHints":{"allow":["GET"]}}],"collection":[{"href":"https:\/\/www.ucatolica.edu.co\/portal\/wp-json\/wp\/v2\/posts"}],"about":[{"href":"https:\/\/www.ucatolica.edu.co\/portal\/wp-json\/wp\/v2\/types\/post"}],"author":[{"embeddable":true,"href":"https:\/\/www.ucatolica.edu.co\/portal\/wp-json\/wp\/v2\/users\/4"}],"replies":[{"embeddable":true,"href":"https:\/\/www.ucatolica.edu.co\/portal\/wp-json\/wp\/v2\/comments?post=112169"}],"version-history":[{"count":8,"href":"https:\/\/www.ucatolica.edu.co\/portal\/wp-json\/wp\/v2\/posts\/112169\/revisions"}],"predecessor-version":[{"id":112184,"href":"https:\/\/www.ucatolica.edu.co\/portal\/wp-json\/wp\/v2\/posts\/112169\/revisions\/112184"}],"wp:featuredmedia":[{"embeddable":true,"href":"https:\/\/www.ucatolica.edu.co\/portal\/wp-json\/wp\/v2\/media\/112179"}],"wp:attachment":[{"href":"https:\/\/www.ucatolica.edu.co\/portal\/wp-json\/wp\/v2\/media?parent=112169"}],"wp:term":[{"taxonomy":"category","embeddable":true,"href":"https:\/\/www.ucatolica.edu.co\/portal\/wp-json\/wp\/v2\/categories?post=112169"},{"taxonomy":"post_tag","embeddable":true,"href":"https:\/\/www.ucatolica.edu.co\/portal\/wp-json\/wp\/v2\/tags?post=112169"}],"curies":[{"name":"wp","href":"https:\/\/api.w.org\/{rel}","templated":true}]}}