{"id":112674,"date":"2024-10-28T16:11:57","date_gmt":"2024-10-28T21:11:57","guid":{"rendered":"https:\/\/www.ucatolica.edu.co\/portal\/?p=112674"},"modified":"2024-10-28T16:11:59","modified_gmt":"2024-10-28T21:11:59","slug":"postulate-en-la-convocatoria-para-mentores-estudiantiles-y-monitores-academicos-2025-1","status":"publish","type":"post","link":"https:\/\/www.ucatolica.edu.co\/portal\/postulate-en-la-convocatoria-para-mentores-estudiantiles-y-monitores-academicos-2025-1\/","title":{"rendered":"\u00a1Post\u00falate en la convocatoria para Mentores Estudiantiles y Monitores Acad\u00e9micos 2025-1!"},"content":{"rendered":"\n<p>La Vicerrector\u00eda Acad\u00e9mica a trav\u00e9s de la Coordinaci\u00f3n de Permanencia Estudiantil, invita a todos los estudiantes, que cumplan con los requisitos establecidos por la Universidad, a postularse en la convocatorias para Mentores Estudiantiles y Monitores Acad\u00e9micos, periodo 2025-1.<br><br>Si quieres hacer parte del grupo de monitores o mentores debes contar con suficiente tiempo para desempe\u00f1ar tu labor (3 a 6 horas presenciales semanales) y disponibilidad para asistencia a reuniones y capacitaciones.<\/p>\n\n\n\n<p><strong><em>Beneficios por ser Monitor Acad\u00e9mico o Mentor Estudiantil:<\/em><\/strong><\/p>\n\n\n\n<ul class=\"wp-block-list\">\n<li>Podr\u00e1s recibir un apoyo econ\u00f3mico en la matr\u00edcula del siguiente semestre.<br><em>Desde el 2017, 571 monitores y 178 mentores se han beneficiado de auxilios financieros en sus matr\u00edculas gracias a los apoyos econ\u00f3micos de excelencia estudiantil.<\/em><\/li>\n\n\n\n<li>Har\u00e1s parte del grupo de estudiantes m\u00e1s destacados de la Universidad. Adem\u00e1s, recibir\u00e1s una constancia que puedes usar en tu hoja de vida como evidencia de haber participado en el programa.<\/li>\n\n\n\n<li>Podr\u00e1s ense\u00f1ar, apoyar y compartir tus conocimientos con otros estudiantes que necesitan tu ayuda.<\/li>\n\n\n\n<li>Lograr\u00e1s mejorar tus habilidades acad\u00e9micas y personales: ser monitor o mentor te ayudar\u00e1 a reforzar lo que has aprendido, a mejorar tus habilidades de comunicaci\u00f3n, liderazgo y ampliar tu red de contactos.<\/li>\n<\/ul>\n\n\n\n<p><em><strong>\u00bfCu\u00e1l es la funci\u00f3n de un Monitor Acad\u00e9mico?<\/strong><\/em><br>Es el estudiante de pregrado con alto rendimiento acad\u00e9mico que apoya a sus compa\u00f1eros en las asignaturas con mayor p\u00e9rdida y repitencia.<\/p>\n\n\n\n<p><strong><em>\u00bfQu\u00e9 requisitos debes cumplir?<\/em><\/strong><\/p>\n\n\n\n<ul class=\"wp-block-list\">\n<li>Ser estudiante regular, matriculado en el per\u00edodo acad\u00e9mico respectivo.<\/li>\n\n\n\n<li>Tener promedio ponderado de programa m\u00ednimo de 8.0.<\/li>\n\n\n\n<li>Haber cursado y aprobado al menos 64 cr\u00e9ditos acad\u00e9micos.<\/li>\n\n\n\n<li>No haber estado en periodo de gracia, ni haber sido sancionado disciplinariamente.<\/li>\n\n\n\n<li>En caso de haber sido anteriormente monitor acad\u00e9mico o mentor, es necesario tener una evaluaci\u00f3n satisfactoria.<\/li>\n\n\n\n<li>Haber aprobado la asignatura a la que se postula con una calificaci\u00f3n superior a ocho punto cero (8.0) y no haberla cursado m\u00e1s de una vez.<br><a href=\"https:\/\/www.ucatolica.edu.co\/portal\/wp-content\/uploads\/2024\/10\/Listadodeasignaturas2025-1.pdf\" target=\"_blank\" rel=\"noreferrer noopener\">Consulta las asignaturas a las que puedes postular haciendo clic aqu\u00ed.<\/a><br><br><em>Nota: Los cupos para monitores estar\u00e1n sujetos a la apertura de cursos en el periodo 202<\/em>5-1<br><br><strong><em>\u00bfCu\u00e1l es la funci\u00f3n del mentor estudiantil?<\/em><\/strong><br><br>Es el estudiante de pregrado que apoya a los estudiantes de primer semestre en su proceso de adaptaci\u00f3n a la vida universitaria.<br><br><strong><em>\u00bfQu\u00e9 requisitos debes cumplir?<\/em><\/strong><\/li>\n\n\n\n<li>Ser estudiante regular matriculado en el per\u00edodo acad\u00e9mico respectivo.<\/li>\n\n\n\n<li>Tener promedio ponderado de programa m\u00ednimo de 8.0.<\/li>\n\n\n\n<li>Haber cursado y aprobado al menos 64 cr\u00e9ditos acad\u00e9micos.<\/li>\n\n\n\n<li>No haber estado en periodo de gracia, ni haber sido sancionado disciplinariamente.<\/li>\n\n\n\n<li>En caso de haber sido anteriormente mentor, es necesario tener una evaluaci\u00f3n satisfactoria.<\/li>\n\n\n\n<li>Presentaci\u00f3n de entrevista de selecci\u00f3n.<br><br><em>Nota: Los cupos para mentores estar\u00e1n sujetos a la apertura de grupos en primer semestre.<\/em><br>Es imprescindible que antes de presentarte a la convocatoria, conozcas las funciones y dem\u00e1s informaci\u00f3n pertinente, como tambi\u00e9n, verificar que cumplas con los requisitos de promedio (8.0) y n\u00famero de cr\u00e9ditos acad\u00e9micos cursados (m\u00ednimo 64), establecidos en el art\u00edculo cuarto del Acuerdo 245 de 2016 haciendo clic&nbsp;<a href=\"https:\/\/www.ucatolica.edu.co\/portal\/wp-content\/uploads\/2017\/02\/acuerdo-245-reglamentacion-monitorias-y-mentoring.pdf\">aqu\u00ed.<\/a><br><br><a href=\"https:\/\/forms.office.com\/pages\/responsepage.aspx?id=SHEi1DBJBk-LqghF_1flQXPbruH5qu1BsOPGuKEtZc1UNVlHVVFNMjBZWFdFNlNHMzVINzc1UTRKWC4u&amp;route=shorturl\" target=\"_blank\" rel=\"noreferrer noopener\">Para inscribirte, haz clic aqu\u00ed.&nbsp;<\/a><br><br><strong><em>\u00bfC\u00f3mo es el proceso de selecci\u00f3n?<\/em><\/strong><br><br>Solo se tendr\u00e1n en cuenta para el proceso, los estudiantes que:<\/li>\n\n\n\n<li>Hayan realizado la inscripci\u00f3n.<br>(Inscripci\u00f3n en l\u00ednea: del <strong>23 de octubre al 5 de noviembre de 2024)<\/strong><\/li>\n\n\n\n<li>Asistan a la reuni\u00f3n informativa en una de las dos franjas <br>(estudiantes que se postulan por primera vez).<br>Opci\u00f3n 1: jueves 7 de noviembre 5:00 p.m. a 6:00 p.m.<br>Opci\u00f3n 2: viernes 8 de noviembre 11:00 a.m. a 12:00 p.m.<br><br><em>Nota: Por favor inscribirse a una de las dos franjas programadas, seg\u00fan su disponibilidad de tiempo, el enlace de la reuni\u00f3n se enviar\u00e1 a los estudiantes que se encuentren inscritos en la convocatoria.<\/em><br><\/li>\n\n\n\n<li><strong>Hayan enviado la carta seg\u00fan el rol:<\/strong><br><strong>Monitores:<\/strong><em> del 7 al 15 de noviembre del 2024<\/em> deben solicitar una carta de recomendaci\u00f3n al correo del Coordinador de Permanencia de la unidad acad\u00e9mica en la cual se oferta la asignatura a la que quieren postularte como monitor. Pueden encontrar el nombre y el correo de los coordinadores de permanencia haciendo clic\u202faqu\u00ed.<br><strong>Mentores:<\/strong> <em>del 7 al 23 de noviembre del 2024<\/em> deben enviar una carta de intenci\u00f3n al correo de Consejer\u00eda Estudiantil: consejer\u00edaestudiantil@ucatolica.edu.co<\/li>\n\n\n\n<li>Se verifica el cumplimiento de requisitos acad\u00e9micos (nota, promedio y cr\u00e9ditos).<\/li>\n\n\n\n<li>Los estudiantes inscritos que cumplan con los requisitos para ser <strong>mentores<\/strong> se citan a entrevista de selecci\u00f3n que ser\u00e1 el 12 de diciembre de 2024.<\/li>\n\n\n\n<li>Se asignan los puntajes de cada criterio y se publica la lista de preseleccionados el 17 de diciembre de 2024:<br><strong>Monitores nuevos:<\/strong> 50% nota de asignatura y 50% promedio.<br><strong>Monitores antiguos:<\/strong> 20% promedio y 80% resultado de la evaluaci\u00f3n de rendimiento.<br><strong>Mentores nuevos:<\/strong> 20% promedio, 70% entrevista y 10 % carta de intenci\u00f3n.<br><strong>Mentores antiguos:<\/strong> 20% promedio y 80% resultado de la evaluaci\u00f3n de rendimiento.<\/li>\n\n\n\n<li>Se cita a Inducci\u00f3n\u202f<em>(quien no asista a la misma no puede pertenecer al programa).<\/em><br><strong>Mentores: <\/strong>23 enero de 2025<br><strong>Monitores:\u202f<\/strong> 30 de enero de 2025<\/li>\n\n\n\n<li>Se firma acta de inicio con los estudiantes que hayan cumplido todo el proceso.<br><br><strong>Inicio de actividades:<\/strong><br><br><strong>Mentores\u202f:<\/strong> 27 de enero de 2025<br><strong>Monitores:<\/strong> 3 de febrero de 2025<br><br>\u00a1Post\u00falate!<br><br><strong>Mayor Informaci\u00f3n:<\/strong><br><br>Vicerrector\u00eda Acad\u00e9mica <br>Coordinaci\u00f3n de Permanencia Estudiantil <br>consejeriaestudiantil@ucatolica.edu.co <br>Pbx: 4433700. Ext 1304<br><\/li>\n<\/ul>\n","protected":false},"excerpt":{"rendered":"<p>La Vicerrector\u00eda Acad\u00e9mica a trav\u00e9s de la Coordinaci\u00f3n de Permanencia Estudiantil, invita a todos los estudiantes, que cumplan con los requisitos establecidos por la Universidad, a postularse en la convocatorias para Mentores Estudiantiles y Monitores Acad\u00e9micos, periodo 2025-1. Si quieres hacer parte del grupo de monitores o mentores debes contar con suficiente tiempo para desempe\u00f1ar [&hellip;]<\/p>\n","protected":false},"author":4,"featured_media":112780,"comment_status":"open","ping_status":"open","sticky":false,"template":"","format":"standard","meta":{"_acf_changed":false,"advgb_blocks_editor_width":"","advgb_blocks_columns_visual_guide":"","footnotes":""},"categories":[93],"tags":[2787,706,2852,707,634],"class_list":["post-112674","post","type-post","status-publish","format-standard","has-post-thumbnail","hentry","category-noticias-principales","tag-convocatoria-2025","tag-mentor-estudiantil","tag-mentores-y-monitores-2025","tag-monitor-academico","tag-permanencia-estuadiantil"],"acf":[],"yoast_head":"<!-- This site is optimized with the Yoast SEO plugin v26.7 - https:\/\/yoast.com\/wordpress\/plugins\/seo\/ -->\n<title>\u00a1Post\u00falate en la convocatoria para Mentores Estudiantiles y Monitores Acad\u00e9micos 2025-1! - Universidad Cat\u00f3lica De Colombia<\/title>\n<meta name=\"robots\" content=\"index, follow, max-snippet:-1, max-image-preview:large, max-video-preview:-1\" \/>\n<link rel=\"canonical\" href=\"https:\/\/www.ucatolica.edu.co\/portal\/postulate-en-la-convocatoria-para-mentores-estudiantiles-y-monitores-academicos-2025-1\/\" \/>\n<meta property=\"og:locale\" content=\"es_ES\" \/>\n<meta property=\"og:type\" content=\"article\" \/>\n<meta property=\"og:title\" content=\"\u00a1Post\u00falate en la convocatoria para Mentores Estudiantiles y Monitores Acad\u00e9micos 2025-1! - Universidad Cat\u00f3lica De Colombia\" \/>\n<meta property=\"og:description\" content=\"La Vicerrector\u00eda Acad\u00e9mica a trav\u00e9s de la Coordinaci\u00f3n de Permanencia Estudiantil, invita a todos los estudiantes, que cumplan con los requisitos establecidos por la Universidad, a postularse en la convocatorias para Mentores Estudiantiles y Monitores Acad\u00e9micos, periodo 2025-1. Si quieres hacer parte del grupo de monitores o mentores debes contar con suficiente tiempo para desempe\u00f1ar [&hellip;]\" \/>\n<meta property=\"og:url\" content=\"https:\/\/www.ucatolica.edu.co\/portal\/postulate-en-la-convocatoria-para-mentores-estudiantiles-y-monitores-academicos-2025-1\/\" \/>\n<meta property=\"og:site_name\" content=\"Universidad Cat\u00f3lica De Colombia\" \/>\n<meta property=\"article:publisher\" content=\"https:\/\/www.facebook.com\/ucatolicacolombia\" \/>\n<meta property=\"article:published_time\" content=\"2024-10-28T21:11:57+00:00\" \/>\n<meta property=\"article:modified_time\" content=\"2024-10-28T21:11:59+00:00\" \/>\n<meta property=\"og:image\" content=\"https:\/\/www.ucatolica.edu.co\/portal\/wp-content\/uploads\/2024\/10\/OP4331-Monitoress_Noticia.jpg\" \/>\n\t<meta property=\"og:image:width\" content=\"870\" \/>\n\t<meta property=\"og:image:height\" content=\"522\" \/>\n\t<meta property=\"og:image:type\" content=\"image\/jpeg\" \/>\n<meta name=\"author\" content=\"Cindy Lugo\" \/>\n<meta name=\"twitter:card\" content=\"summary_large_image\" \/>\n<meta name=\"twitter:creator\" content=\"@UCatolicaCol\" \/>\n<meta name=\"twitter:site\" content=\"@UCatolicaCol\" \/>\n<meta name=\"twitter:label1\" content=\"Escrito por\" \/>\n\t<meta name=\"twitter:data1\" content=\"Cindy Lugo\" \/>\n\t<meta name=\"twitter:label2\" content=\"Tiempo de lectura\" \/>\n\t<meta name=\"twitter:data2\" content=\"4 minutos\" \/>\n<script type=\"application\/ld+json\" class=\"yoast-schema-graph\">{\"@context\":\"https:\/\/schema.org\",\"@graph\":[{\"@type\":\"Article\",\"@id\":\"https:\/\/www.ucatolica.edu.co\/portal\/postulate-en-la-convocatoria-para-mentores-estudiantiles-y-monitores-academicos-2025-1\/#article\",\"isPartOf\":{\"@id\":\"https:\/\/www.ucatolica.edu.co\/portal\/postulate-en-la-convocatoria-para-mentores-estudiantiles-y-monitores-academicos-2025-1\/\"},\"author\":{\"name\":\"Cindy Lugo\",\"@id\":\"https:\/\/www.ucatolica.edu.co\/portal\/#\/schema\/person\/a7469afff252fba81c6cdc40c80f00b6\"},\"headline\":\"\u00a1Post\u00falate en la convocatoria para Mentores Estudiantiles y Monitores Acad\u00e9micos 2025-1!\",\"datePublished\":\"2024-10-28T21:11:57+00:00\",\"dateModified\":\"2024-10-28T21:11:59+00:00\",\"mainEntityOfPage\":{\"@id\":\"https:\/\/www.ucatolica.edu.co\/portal\/postulate-en-la-convocatoria-para-mentores-estudiantiles-y-monitores-academicos-2025-1\/\"},\"wordCount\":905,\"commentCount\":0,\"publisher\":{\"@id\":\"https:\/\/www.ucatolica.edu.co\/portal\/#organization\"},\"image\":{\"@id\":\"https:\/\/www.ucatolica.edu.co\/portal\/postulate-en-la-convocatoria-para-mentores-estudiantiles-y-monitores-academicos-2025-1\/#primaryimage\"},\"thumbnailUrl\":\"https:\/\/www.ucatolica.edu.co\/portal\/wp-content\/uploads\/2024\/10\/OP4331-Monitoress_Noticia.jpg\",\"keywords\":[\"Convocatoria 2025\",\"Mentor Estudiantil\",\"Mentores y Monitores 2025\",\"Monitor Acad\u00e9mico\",\"Permanencia Estuadiantil\"],\"articleSection\":[\"Noticias Principales\"],\"inLanguage\":\"es-CO\"},{\"@type\":\"WebPage\",\"@id\":\"https:\/\/www.ucatolica.edu.co\/portal\/postulate-en-la-convocatoria-para-mentores-estudiantiles-y-monitores-academicos-2025-1\/\",\"url\":\"https:\/\/www.ucatolica.edu.co\/portal\/postulate-en-la-convocatoria-para-mentores-estudiantiles-y-monitores-academicos-2025-1\/\",\"name\":\"\u00a1Post\u00falate en la convocatoria para Mentores Estudiantiles y Monitores Acad\u00e9micos 2025-1! - Universidad Cat\u00f3lica De Colombia\",\"isPartOf\":{\"@id\":\"https:\/\/www.ucatolica.edu.co\/portal\/#website\"},\"primaryImageOfPage\":{\"@id\":\"https:\/\/www.ucatolica.edu.co\/portal\/postulate-en-la-convocatoria-para-mentores-estudiantiles-y-monitores-academicos-2025-1\/#primaryimage\"},\"image\":{\"@id\":\"https:\/\/www.ucatolica.edu.co\/portal\/postulate-en-la-convocatoria-para-mentores-estudiantiles-y-monitores-academicos-2025-1\/#primaryimage\"},\"thumbnailUrl\":\"https:\/\/www.ucatolica.edu.co\/portal\/wp-content\/uploads\/2024\/10\/OP4331-Monitoress_Noticia.jpg\",\"datePublished\":\"2024-10-28T21:11:57+00:00\",\"dateModified\":\"2024-10-28T21:11:59+00:00\",\"breadcrumb\":{\"@id\":\"https:\/\/www.ucatolica.edu.co\/portal\/postulate-en-la-convocatoria-para-mentores-estudiantiles-y-monitores-academicos-2025-1\/#breadcrumb\"},\"inLanguage\":\"es-CO\",\"potentialAction\":[{\"@type\":\"ReadAction\",\"target\":[\"https:\/\/www.ucatolica.edu.co\/portal\/postulate-en-la-convocatoria-para-mentores-estudiantiles-y-monitores-academicos-2025-1\/\"]}]},{\"@type\":\"ImageObject\",\"inLanguage\":\"es-CO\",\"@id\":\"https:\/\/www.ucatolica.edu.co\/portal\/postulate-en-la-convocatoria-para-mentores-estudiantiles-y-monitores-academicos-2025-1\/#primaryimage\",\"url\":\"https:\/\/www.ucatolica.edu.co\/portal\/wp-content\/uploads\/2024\/10\/OP4331-Monitoress_Noticia.jpg\",\"contentUrl\":\"https:\/\/www.ucatolica.edu.co\/portal\/wp-content\/uploads\/2024\/10\/OP4331-Monitoress_Noticia.jpg\",\"width\":870,\"height\":522,\"caption\":\"Estudiantes reunidos frente a un computador\"},{\"@type\":\"BreadcrumbList\",\"@id\":\"https:\/\/www.ucatolica.edu.co\/portal\/postulate-en-la-convocatoria-para-mentores-estudiantiles-y-monitores-academicos-2025-1\/#breadcrumb\",\"itemListElement\":[{\"@type\":\"ListItem\",\"position\":1,\"name\":\"Inicio\",\"item\":\"https:\/\/www.ucatolica.edu.co\/portal\/\"},{\"@type\":\"ListItem\",\"position\":2,\"name\":\"\u00a1Post\u00falate en la convocatoria para Mentores Estudiantiles y Monitores Acad\u00e9micos 2025-1!\"}]},{\"@type\":\"WebSite\",\"@id\":\"https:\/\/www.ucatolica.edu.co\/portal\/#website\",\"url\":\"https:\/\/www.ucatolica.edu.co\/portal\/\",\"name\":\"Universidad Cat\u00f3lica De Colombia\",\"description\":\"Universidad Cat\u00f3lica De Colombia\",\"publisher\":{\"@id\":\"https:\/\/www.ucatolica.edu.co\/portal\/#organization\"},\"potentialAction\":[{\"@type\":\"SearchAction\",\"target\":{\"@type\":\"EntryPoint\",\"urlTemplate\":\"https:\/\/www.ucatolica.edu.co\/portal\/?s={search_term_string}\"},\"query-input\":{\"@type\":\"PropertyValueSpecification\",\"valueRequired\":true,\"valueName\":\"search_term_string\"}}],\"inLanguage\":\"es-CO\"},{\"@type\":\"Organization\",\"@id\":\"https:\/\/www.ucatolica.edu.co\/portal\/#organization\",\"name\":\"Universidad Cat\u00f3lica de Colombia\",\"url\":\"https:\/\/www.ucatolica.edu.co\/portal\/\",\"logo\":{\"@type\":\"ImageObject\",\"inLanguage\":\"es-CO\",\"@id\":\"https:\/\/www.ucatolica.edu.co\/portal\/#\/schema\/logo\/image\/\",\"url\":\"https:\/\/www.ucatolica.edu.co\/portal\/wp-content\/uploads\/2021\/06\/logo-header-ho-1.svg\",\"contentUrl\":\"https:\/\/www.ucatolica.edu.co\/portal\/wp-content\/uploads\/2021\/06\/logo-header-ho-1.svg\",\"width\":1,\"height\":1,\"caption\":\"Universidad Cat\u00f3lica de Colombia\"},\"image\":{\"@id\":\"https:\/\/www.ucatolica.edu.co\/portal\/#\/schema\/logo\/image\/\"},\"sameAs\":[\"https:\/\/www.facebook.com\/ucatolicacolombia\",\"https:\/\/x.com\/UCatolicaCol\",\"https:\/\/www.instagram.com\/universidadcatolicadecolombia\/\",\"https:\/\/www.linkedin.com\/company\/universidadcatolicadecolombia\/\",\"https:\/\/www.youtube.com\/user\/UCatolicaCo\"]},{\"@type\":\"Person\",\"@id\":\"https:\/\/www.ucatolica.edu.co\/portal\/#\/schema\/person\/a7469afff252fba81c6cdc40c80f00b6\",\"name\":\"Cindy Lugo\",\"url\":\"https:\/\/www.ucatolica.edu.co\/portal\/author\/cindy\/\"}]}<\/script>\n<!-- \/ Yoast SEO plugin. -->","yoast_head_json":{"title":"\u00a1Post\u00falate en la convocatoria para Mentores Estudiantiles y Monitores Acad\u00e9micos 2025-1! - Universidad Cat\u00f3lica De Colombia","robots":{"index":"index","follow":"follow","max-snippet":"max-snippet:-1","max-image-preview":"max-image-preview:large","max-video-preview":"max-video-preview:-1"},"canonical":"https:\/\/www.ucatolica.edu.co\/portal\/postulate-en-la-convocatoria-para-mentores-estudiantiles-y-monitores-academicos-2025-1\/","og_locale":"es_ES","og_type":"article","og_title":"\u00a1Post\u00falate en la convocatoria para Mentores Estudiantiles y Monitores Acad\u00e9micos 2025-1! - Universidad Cat\u00f3lica De Colombia","og_description":"La Vicerrector\u00eda Acad\u00e9mica a trav\u00e9s de la Coordinaci\u00f3n de Permanencia Estudiantil, invita a todos los estudiantes, que cumplan con los requisitos establecidos por la Universidad, a postularse en la convocatorias para Mentores Estudiantiles y Monitores Acad\u00e9micos, periodo 2025-1. Si quieres hacer parte del grupo de monitores o mentores debes contar con suficiente tiempo para desempe\u00f1ar [&hellip;]","og_url":"https:\/\/www.ucatolica.edu.co\/portal\/postulate-en-la-convocatoria-para-mentores-estudiantiles-y-monitores-academicos-2025-1\/","og_site_name":"Universidad Cat\u00f3lica De Colombia","article_publisher":"https:\/\/www.facebook.com\/ucatolicacolombia","article_published_time":"2024-10-28T21:11:57+00:00","article_modified_time":"2024-10-28T21:11:59+00:00","og_image":[{"width":870,"height":522,"url":"https:\/\/www.ucatolica.edu.co\/portal\/wp-content\/uploads\/2024\/10\/OP4331-Monitoress_Noticia.jpg","type":"image\/jpeg"}],"author":"Cindy Lugo","twitter_card":"summary_large_image","twitter_creator":"@UCatolicaCol","twitter_site":"@UCatolicaCol","twitter_misc":{"Escrito por":"Cindy Lugo","Tiempo de lectura":"4 minutos"},"schema":{"@context":"https:\/\/schema.org","@graph":[{"@type":"Article","@id":"https:\/\/www.ucatolica.edu.co\/portal\/postulate-en-la-convocatoria-para-mentores-estudiantiles-y-monitores-academicos-2025-1\/#article","isPartOf":{"@id":"https:\/\/www.ucatolica.edu.co\/portal\/postulate-en-la-convocatoria-para-mentores-estudiantiles-y-monitores-academicos-2025-1\/"},"author":{"name":"Cindy Lugo","@id":"https:\/\/www.ucatolica.edu.co\/portal\/#\/schema\/person\/a7469afff252fba81c6cdc40c80f00b6"},"headline":"\u00a1Post\u00falate en la convocatoria para Mentores Estudiantiles y Monitores Acad\u00e9micos 2025-1!","datePublished":"2024-10-28T21:11:57+00:00","dateModified":"2024-10-28T21:11:59+00:00","mainEntityOfPage":{"@id":"https:\/\/www.ucatolica.edu.co\/portal\/postulate-en-la-convocatoria-para-mentores-estudiantiles-y-monitores-academicos-2025-1\/"},"wordCount":905,"commentCount":0,"publisher":{"@id":"https:\/\/www.ucatolica.edu.co\/portal\/#organization"},"image":{"@id":"https:\/\/www.ucatolica.edu.co\/portal\/postulate-en-la-convocatoria-para-mentores-estudiantiles-y-monitores-academicos-2025-1\/#primaryimage"},"thumbnailUrl":"https:\/\/www.ucatolica.edu.co\/portal\/wp-content\/uploads\/2024\/10\/OP4331-Monitoress_Noticia.jpg","keywords":["Convocatoria 2025","Mentor Estudiantil","Mentores y Monitores 2025","Monitor Acad\u00e9mico","Permanencia Estuadiantil"],"articleSection":["Noticias Principales"],"inLanguage":"es-CO"},{"@type":"WebPage","@id":"https:\/\/www.ucatolica.edu.co\/portal\/postulate-en-la-convocatoria-para-mentores-estudiantiles-y-monitores-academicos-2025-1\/","url":"https:\/\/www.ucatolica.edu.co\/portal\/postulate-en-la-convocatoria-para-mentores-estudiantiles-y-monitores-academicos-2025-1\/","name":"\u00a1Post\u00falate en la convocatoria para Mentores Estudiantiles y Monitores Acad\u00e9micos 2025-1! - Universidad Cat\u00f3lica De Colombia","isPartOf":{"@id":"https:\/\/www.ucatolica.edu.co\/portal\/#website"},"primaryImageOfPage":{"@id":"https:\/\/www.ucatolica.edu.co\/portal\/postulate-en-la-convocatoria-para-mentores-estudiantiles-y-monitores-academicos-2025-1\/#primaryimage"},"image":{"@id":"https:\/\/www.ucatolica.edu.co\/portal\/postulate-en-la-convocatoria-para-mentores-estudiantiles-y-monitores-academicos-2025-1\/#primaryimage"},"thumbnailUrl":"https:\/\/www.ucatolica.edu.co\/portal\/wp-content\/uploads\/2024\/10\/OP4331-Monitoress_Noticia.jpg","datePublished":"2024-10-28T21:11:57+00:00","dateModified":"2024-10-28T21:11:59+00:00","breadcrumb":{"@id":"https:\/\/www.ucatolica.edu.co\/portal\/postulate-en-la-convocatoria-para-mentores-estudiantiles-y-monitores-academicos-2025-1\/#breadcrumb"},"inLanguage":"es-CO","potentialAction":[{"@type":"ReadAction","target":["https:\/\/www.ucatolica.edu.co\/portal\/postulate-en-la-convocatoria-para-mentores-estudiantiles-y-monitores-academicos-2025-1\/"]}]},{"@type":"ImageObject","inLanguage":"es-CO","@id":"https:\/\/www.ucatolica.edu.co\/portal\/postulate-en-la-convocatoria-para-mentores-estudiantiles-y-monitores-academicos-2025-1\/#primaryimage","url":"https:\/\/www.ucatolica.edu.co\/portal\/wp-content\/uploads\/2024\/10\/OP4331-Monitoress_Noticia.jpg","contentUrl":"https:\/\/www.ucatolica.edu.co\/portal\/wp-content\/uploads\/2024\/10\/OP4331-Monitoress_Noticia.jpg","width":870,"height":522,"caption":"Estudiantes reunidos frente a un computador"},{"@type":"BreadcrumbList","@id":"https:\/\/www.ucatolica.edu.co\/portal\/postulate-en-la-convocatoria-para-mentores-estudiantiles-y-monitores-academicos-2025-1\/#breadcrumb","itemListElement":[{"@type":"ListItem","position":1,"name":"Inicio","item":"https:\/\/www.ucatolica.edu.co\/portal\/"},{"@type":"ListItem","position":2,"name":"\u00a1Post\u00falate en la convocatoria para Mentores Estudiantiles y Monitores Acad\u00e9micos 2025-1!"}]},{"@type":"WebSite","@id":"https:\/\/www.ucatolica.edu.co\/portal\/#website","url":"https:\/\/www.ucatolica.edu.co\/portal\/","name":"Universidad Cat\u00f3lica De Colombia","description":"Universidad Cat\u00f3lica De Colombia","publisher":{"@id":"https:\/\/www.ucatolica.edu.co\/portal\/#organization"},"potentialAction":[{"@type":"SearchAction","target":{"@type":"EntryPoint","urlTemplate":"https:\/\/www.ucatolica.edu.co\/portal\/?s={search_term_string}"},"query-input":{"@type":"PropertyValueSpecification","valueRequired":true,"valueName":"search_term_string"}}],"inLanguage":"es-CO"},{"@type":"Organization","@id":"https:\/\/www.ucatolica.edu.co\/portal\/#organization","name":"Universidad Cat\u00f3lica de Colombia","url":"https:\/\/www.ucatolica.edu.co\/portal\/","logo":{"@type":"ImageObject","inLanguage":"es-CO","@id":"https:\/\/www.ucatolica.edu.co\/portal\/#\/schema\/logo\/image\/","url":"https:\/\/www.ucatolica.edu.co\/portal\/wp-content\/uploads\/2021\/06\/logo-header-ho-1.svg","contentUrl":"https:\/\/www.ucatolica.edu.co\/portal\/wp-content\/uploads\/2021\/06\/logo-header-ho-1.svg","width":1,"height":1,"caption":"Universidad Cat\u00f3lica de Colombia"},"image":{"@id":"https:\/\/www.ucatolica.edu.co\/portal\/#\/schema\/logo\/image\/"},"sameAs":["https:\/\/www.facebook.com\/ucatolicacolombia","https:\/\/x.com\/UCatolicaCol","https:\/\/www.instagram.com\/universidadcatolicadecolombia\/","https:\/\/www.linkedin.com\/company\/universidadcatolicadecolombia\/","https:\/\/www.youtube.com\/user\/UCatolicaCo"]},{"@type":"Person","@id":"https:\/\/www.ucatolica.edu.co\/portal\/#\/schema\/person\/a7469afff252fba81c6cdc40c80f00b6","name":"Cindy Lugo","url":"https:\/\/www.ucatolica.edu.co\/portal\/author\/cindy\/"}]}},"author_meta":{"display_name":"Cindy Lugo","author_link":"https:\/\/www.ucatolica.edu.co\/portal\/author\/cindy\/"},"featured_img":"https:\/\/www.ucatolica.edu.co\/portal\/wp-content\/uploads\/2024\/10\/OP4331-Monitoress_Noticia.jpg","coauthors":[],"tax_additional":{"categories":{"linked":["<a href=\"https:\/\/www.ucatolica.edu.co\/portal\/category\/noticias-principales\/\" class=\"advgb-post-tax-term\">Noticias Principales<\/a>"],"unlinked":["<span class=\"advgb-post-tax-term\">Noticias Principales<\/span>"]},"tags":{"linked":["<a href=\"https:\/\/www.ucatolica.edu.co\/portal\/category\/noticias-principales\/\" class=\"advgb-post-tax-term\">Convocatoria 2025<\/a>","<a href=\"https:\/\/www.ucatolica.edu.co\/portal\/category\/noticias-principales\/\" class=\"advgb-post-tax-term\">Mentor Estudiantil<\/a>","<a href=\"https:\/\/www.ucatolica.edu.co\/portal\/category\/noticias-principales\/\" class=\"advgb-post-tax-term\">Mentores y Monitores 2025<\/a>","<a href=\"https:\/\/www.ucatolica.edu.co\/portal\/category\/noticias-principales\/\" class=\"advgb-post-tax-term\">Monitor Acad\u00e9mico<\/a>","<a href=\"https:\/\/www.ucatolica.edu.co\/portal\/category\/noticias-principales\/\" class=\"advgb-post-tax-term\">Permanencia Estuadiantil<\/a>"],"unlinked":["<span class=\"advgb-post-tax-term\">Convocatoria 2025<\/span>","<span class=\"advgb-post-tax-term\">Mentor Estudiantil<\/span>","<span class=\"advgb-post-tax-term\">Mentores y Monitores 2025<\/span>","<span class=\"advgb-post-tax-term\">Monitor Acad\u00e9mico<\/span>","<span class=\"advgb-post-tax-term\">Permanencia Estuadiantil<\/span>"]}},"comment_count":"0","relative_dates":{"created":"Posted 2 a\u00f1os ago","modified":"Updated 2 a\u00f1os ago"},"absolute_dates":{"created":"Posted on 28 octubre, 2024","modified":"Updated on 28 octubre, 2024"},"absolute_dates_time":{"created":"Posted on 28 octubre, 2024 4:11 pm","modified":"Updated on 28 octubre, 2024 4:11 pm"},"featured_img_caption":"","series_order":"","_links":{"self":[{"href":"https:\/\/www.ucatolica.edu.co\/portal\/wp-json\/wp\/v2\/posts\/112674","targetHints":{"allow":["GET"]}}],"collection":[{"href":"https:\/\/www.ucatolica.edu.co\/portal\/wp-json\/wp\/v2\/posts"}],"about":[{"href":"https:\/\/www.ucatolica.edu.co\/portal\/wp-json\/wp\/v2\/types\/post"}],"author":[{"embeddable":true,"href":"https:\/\/www.ucatolica.edu.co\/portal\/wp-json\/wp\/v2\/users\/4"}],"replies":[{"embeddable":true,"href":"https:\/\/www.ucatolica.edu.co\/portal\/wp-json\/wp\/v2\/comments?post=112674"}],"version-history":[{"count":8,"href":"https:\/\/www.ucatolica.edu.co\/portal\/wp-json\/wp\/v2\/posts\/112674\/revisions"}],"predecessor-version":[{"id":112790,"href":"https:\/\/www.ucatolica.edu.co\/portal\/wp-json\/wp\/v2\/posts\/112674\/revisions\/112790"}],"wp:featuredmedia":[{"embeddable":true,"href":"https:\/\/www.ucatolica.edu.co\/portal\/wp-json\/wp\/v2\/media\/112780"}],"wp:attachment":[{"href":"https:\/\/www.ucatolica.edu.co\/portal\/wp-json\/wp\/v2\/media?parent=112674"}],"wp:term":[{"taxonomy":"category","embeddable":true,"href":"https:\/\/www.ucatolica.edu.co\/portal\/wp-json\/wp\/v2\/categories?post=112674"},{"taxonomy":"post_tag","embeddable":true,"href":"https:\/\/www.ucatolica.edu.co\/portal\/wp-json\/wp\/v2\/tags?post=112674"}],"curies":[{"name":"wp","href":"https:\/\/api.w.org\/{rel}","templated":true}]}}