{"id":112718,"date":"2024-10-31T14:55:11","date_gmt":"2024-10-31T19:55:11","guid":{"rendered":"https:\/\/www.ucatolica.edu.co\/portal\/?p=112718"},"modified":"2024-10-31T14:55:13","modified_gmt":"2024-10-31T19:55:13","slug":"participa-en-los-cursos-de-verano-de-la-facultad-de-ingenieria-2024-iv","status":"publish","type":"post","link":"https:\/\/www.ucatolica.edu.co\/portal\/participa-en-los-cursos-de-verano-de-la-facultad-de-ingenieria-2024-iv\/","title":{"rendered":"\u00a1Participa en los Cursos de Verano de la Facultad de Ingenier\u00eda 2024-IV!"},"content":{"rendered":"\n<p>La Coordinaci\u00f3n de Educaci\u00f3n Continuada y la Facultad de Ingenier\u00eda de la Universidad Cat\u00f3lica de Colombia invitan a la comunidad acad\u00e9mica a participar en los Cursos de Verano que se ofertan en el periodo de <strong>noviembre de 2024.<\/strong> Estos cursos son de modalidad online y presencial para estudiantes, profesores, administrativos y egresados de la Instituci\u00f3n y , en el evento de requerir constancia de asistencia, deben preguntar por los costos de inversi\u00f3n al tel\u00e9fono 4433700 Exts: 1089- 3292 WhatsApp 3183240520 o escribir al correo educacion_continuada@ucatolica.edu.co.<\/p>\n\n\n\n<p><em>Lo anterior, no es v\u00e1lido para particulares a quienes se les expedir\u00e1 recibo de pago acorde con los costos de inversi\u00f3n.\u201cEstos costos no est\u00e1n sujetos a la aplicaci\u00f3n de descuentos por tratarse de tarifas \u00fanicas para la comunidad interna y externa\u201d<\/em><\/p>\n\n\n\n<p>La oferta acad\u00e9mica es la siguiente:<\/p>\n\n\n\n<figure class=\"wp-block-table\"><table><tbody><tr><td><strong>Nombre del curso<\/strong><\/td><td><strong>N\u00famero de horas<\/strong><\/td><td><strong>Fecha de inicio<\/strong><\/td><td><strong>Fecha de finalizaci\u00f3n<\/strong><\/td><td><strong>Horario<\/strong>           <\/td><td><strong>Franja<\/strong><\/td><td><strong>Modalidad<\/strong><\/td><\/tr><tr><td>An\u00e1lisis y dise\u00f1o b\u00e1sico de edificios de concreto reforzado en SAP2000<\/td><td>16<\/td><td>25 de noviembre<\/td><td>28 de noviembre<\/td><td>6:00 p.m.               a 10:00 p.m. <\/td><td>Lunes a viernes<\/td><td>Presencial<\/td><\/tr><tr><td>Introducci\u00f3n a la metodolog\u00eda de la investigaci\u00f3n<\/td><td>16<\/td><td>18 de noviembre<\/td><td>27 de noviembre<\/td><td>7:00 a.m. a 9:00 a.m.<\/td><td>Lunes a viernes<\/td><td>Virtual<\/td><\/tr><tr><td>Internet de las cosas IoT<\/td><td>24<\/td><td>9 de diciembre<\/td><td>16 de diciembre<\/td><td>5:00 p.m. a 8:00 p.m.<\/td><td>Lunes a viernes<\/td><td><br>Presencial<\/td><\/tr><tr><td>Gesti\u00f3n Estrat\u00e9gica de Costos<\/td><td>24<\/td><td>18 de noviembre<\/td><td>29 de noviembre<\/td><td>7:00 a.m. a 9:00 a.m.<\/td><td>Lunes a viernes<\/td><td>Presencial<\/td><\/tr><tr><td>Python<\/td><td>15<\/td><td>2 de diciembre<\/td><td>6 de diciembre<\/td><td>6:00 p.m. a 9:00 p.m.<\/td><td>Lunes a viernes<\/td><td>Presencial o PMT<\/td><\/tr><tr><td>Dise\u00f1o de Pavimentos Flexibles para Carreteras<\/td><td>15<\/td><td>2 de diciembre<\/td><td>6 de diciembre<\/td><td>6:00 p.m. a 9:00 p.m.<\/td><td>Lunes a viernes<\/td><td>Virtual<\/td><\/tr><tr><td>Fundamentos de Seguridad CID<\/td><td>14<\/td><td>13 enero de 2025<\/td><td>21 de enero de 2025<\/td><td>9:00 a.m. a 11:00 a.m.<\/td><td>Lunes a viernes<\/td><td>Virtual<\/td><\/tr><tr><td>Metodolog\u00eda de la Investigaci\u00f3n.<\/td><td>15<\/td><td>9 de diciembre<\/td><td>13 de diciembre<\/td><td>6:00 p.m. a 9:00 p.m.<\/td><td>Lunes a viernes<\/td><td>Presencial o PMT<\/td><\/tr><tr><td>Modelaci\u00f3n hidr\u00e1ulica a superficie libre y socavaci\u00f3n con Hec \u2013 Ras.<\/td><td>15<\/td><td>16 enero de 2025<\/td><td>22 de enero de 2025<\/td><td>6:00 p.m. a 9:00 p.m.<\/td><td>Lunes a viernes<\/td><td>Virtual<\/td><\/tr><\/tbody><\/table><\/figure>\n\n\n\n<p><strong><a href=\"https:\/\/forms.office.com\/r\/v8hzXRNGWg\" target=\"_blank\" rel=\"noreferrer noopener\">Las personas interesadas, pueden inscribirse\u00a0aqu\u00ed.<\/a><\/strong><\/p>\n\n\n\n<p><strong><em>La Universidad Cat\u00f3lica de Colombia podr\u00e1 cancelar o posponer la realizaci\u00f3n del evento cuando no haya el n\u00famero m\u00ednimo de participantes<\/em><\/strong><em>.<\/em><\/p>\n\n\n\n<p><strong>Informes:<\/strong><\/p>\n\n\n\n<p>Direcci\u00f3n de Extensi\u00f3n<br>Coordinaci\u00f3n de Educaci\u00f3n Continuada<br>(601) 4433700 Ext. 3292 -1089 \u2013 1090 \u2013 Cel. 3183240520 WhatsApp<br>Diagonal 46 No. 15B \u2013 18. Bogot\u00e1, Colombia<\/p>\n","protected":false},"excerpt":{"rendered":"<p>La Coordinaci\u00f3n de Educaci\u00f3n Continuada y la Facultad de Ingenier\u00eda de la Universidad Cat\u00f3lica de Colombia invitan a la comunidad acad\u00e9mica a participar en los Cursos de Verano que se ofertan en el periodo de noviembre de 2024. Estos cursos son de modalidad online y presencial para estudiantes, profesores, administrativos y egresados de la Instituci\u00f3n [&hellip;]<\/p>\n","protected":false},"author":4,"featured_media":113186,"comment_status":"open","ping_status":"open","sticky":false,"template":"","format":"standard","meta":{"_acf_changed":false,"advgb_blocks_editor_width":"","advgb_blocks_columns_visual_guide":"","footnotes":""},"categories":[84,93],"tags":[2843,1217,1100,483,959,2864],"class_list":["post-112718","post","type-post","status-publish","format-standard","has-post-thumbnail","hentry","category-facultad-de-ingenieria","category-noticias-principales","tag-constancia","tag-cursos-de-verano","tag-educacion-continuada","tag-facultad-de-ingenieria","tag-investigacion","tag-python"],"acf":[],"yoast_head":"<!-- This site is optimized with the Yoast SEO plugin v26.7 - https:\/\/yoast.com\/wordpress\/plugins\/seo\/ -->\n<title>\u00a1Participa en los Cursos de Verano de la Facultad de Ingenier\u00eda 2024-IV! - Universidad Cat\u00f3lica De Colombia<\/title>\n<meta name=\"robots\" content=\"index, follow, max-snippet:-1, max-image-preview:large, max-video-preview:-1\" \/>\n<link rel=\"canonical\" href=\"https:\/\/www.ucatolica.edu.co\/portal\/participa-en-los-cursos-de-verano-de-la-facultad-de-ingenieria-2024-iv\/\" \/>\n<meta property=\"og:locale\" content=\"es_ES\" \/>\n<meta property=\"og:type\" content=\"article\" \/>\n<meta property=\"og:title\" content=\"\u00a1Participa en los Cursos de Verano de la Facultad de Ingenier\u00eda 2024-IV! - Universidad Cat\u00f3lica De Colombia\" \/>\n<meta property=\"og:description\" content=\"La Coordinaci\u00f3n de Educaci\u00f3n Continuada y la Facultad de Ingenier\u00eda de la Universidad Cat\u00f3lica de Colombia invitan a la comunidad acad\u00e9mica a participar en los Cursos de Verano que se ofertan en el periodo de noviembre de 2024. Estos cursos son de modalidad online y presencial para estudiantes, profesores, administrativos y egresados de la Instituci\u00f3n [&hellip;]\" \/>\n<meta property=\"og:url\" content=\"https:\/\/www.ucatolica.edu.co\/portal\/participa-en-los-cursos-de-verano-de-la-facultad-de-ingenieria-2024-iv\/\" \/>\n<meta property=\"og:site_name\" content=\"Universidad Cat\u00f3lica De Colombia\" \/>\n<meta property=\"article:publisher\" content=\"https:\/\/www.facebook.com\/ucatolicacolombia\" \/>\n<meta property=\"article:published_time\" content=\"2024-10-31T19:55:11+00:00\" \/>\n<meta property=\"article:modified_time\" content=\"2024-10-31T19:55:13+00:00\" \/>\n<meta property=\"og:image\" content=\"https:\/\/www.ucatolica.edu.co\/portal\/wp-content\/uploads\/2024\/10\/Elementos-de-ingenieria.jpg\" \/>\n\t<meta property=\"og:image:width\" content=\"870\" \/>\n\t<meta property=\"og:image:height\" content=\"522\" \/>\n\t<meta property=\"og:image:type\" content=\"image\/jpeg\" \/>\n<meta name=\"author\" content=\"Cindy Lugo\" \/>\n<meta name=\"twitter:card\" content=\"summary_large_image\" \/>\n<meta name=\"twitter:creator\" content=\"@UCatolicaCol\" \/>\n<meta name=\"twitter:site\" content=\"@UCatolicaCol\" \/>\n<meta name=\"twitter:label1\" content=\"Escrito por\" \/>\n\t<meta name=\"twitter:data1\" content=\"Cindy Lugo\" \/>\n\t<meta name=\"twitter:label2\" content=\"Tiempo de lectura\" \/>\n\t<meta name=\"twitter:data2\" content=\"2 minutos\" \/>\n<script type=\"application\/ld+json\" class=\"yoast-schema-graph\">{\"@context\":\"https:\/\/schema.org\",\"@graph\":[{\"@type\":\"Article\",\"@id\":\"https:\/\/www.ucatolica.edu.co\/portal\/participa-en-los-cursos-de-verano-de-la-facultad-de-ingenieria-2024-iv\/#article\",\"isPartOf\":{\"@id\":\"https:\/\/www.ucatolica.edu.co\/portal\/participa-en-los-cursos-de-verano-de-la-facultad-de-ingenieria-2024-iv\/\"},\"author\":{\"name\":\"Cindy Lugo\",\"@id\":\"https:\/\/www.ucatolica.edu.co\/portal\/#\/schema\/person\/a7469afff252fba81c6cdc40c80f00b6\"},\"headline\":\"\u00a1Participa en los Cursos de Verano de la Facultad de Ingenier\u00eda 2024-IV!\",\"datePublished\":\"2024-10-31T19:55:11+00:00\",\"dateModified\":\"2024-10-31T19:55:13+00:00\",\"mainEntityOfPage\":{\"@id\":\"https:\/\/www.ucatolica.edu.co\/portal\/participa-en-los-cursos-de-verano-de-la-facultad-de-ingenieria-2024-iv\/\"},\"wordCount\":414,\"commentCount\":0,\"publisher\":{\"@id\":\"https:\/\/www.ucatolica.edu.co\/portal\/#organization\"},\"image\":{\"@id\":\"https:\/\/www.ucatolica.edu.co\/portal\/participa-en-los-cursos-de-verano-de-la-facultad-de-ingenieria-2024-iv\/#primaryimage\"},\"thumbnailUrl\":\"https:\/\/www.ucatolica.edu.co\/portal\/wp-content\/uploads\/2024\/10\/Elementos-de-ingenieria.jpg\",\"keywords\":[\"Constancia\",\"Cursos de Verano\",\"Educaci\u00f3n Continuada\",\"Facultad de Ingenier\u00eda\",\"Investigaci\u00f3n\",\"Python\"],\"articleSection\":[\"Facultad de Ingenier\u00eda\",\"Noticias Principales\"],\"inLanguage\":\"es-CO\"},{\"@type\":\"WebPage\",\"@id\":\"https:\/\/www.ucatolica.edu.co\/portal\/participa-en-los-cursos-de-verano-de-la-facultad-de-ingenieria-2024-iv\/\",\"url\":\"https:\/\/www.ucatolica.edu.co\/portal\/participa-en-los-cursos-de-verano-de-la-facultad-de-ingenieria-2024-iv\/\",\"name\":\"\u00a1Participa en los Cursos de Verano de la Facultad de Ingenier\u00eda 2024-IV! - Universidad Cat\u00f3lica De Colombia\",\"isPartOf\":{\"@id\":\"https:\/\/www.ucatolica.edu.co\/portal\/#website\"},\"primaryImageOfPage\":{\"@id\":\"https:\/\/www.ucatolica.edu.co\/portal\/participa-en-los-cursos-de-verano-de-la-facultad-de-ingenieria-2024-iv\/#primaryimage\"},\"image\":{\"@id\":\"https:\/\/www.ucatolica.edu.co\/portal\/participa-en-los-cursos-de-verano-de-la-facultad-de-ingenieria-2024-iv\/#primaryimage\"},\"thumbnailUrl\":\"https:\/\/www.ucatolica.edu.co\/portal\/wp-content\/uploads\/2024\/10\/Elementos-de-ingenieria.jpg\",\"datePublished\":\"2024-10-31T19:55:11+00:00\",\"dateModified\":\"2024-10-31T19:55:13+00:00\",\"breadcrumb\":{\"@id\":\"https:\/\/www.ucatolica.edu.co\/portal\/participa-en-los-cursos-de-verano-de-la-facultad-de-ingenieria-2024-iv\/#breadcrumb\"},\"inLanguage\":\"es-CO\",\"potentialAction\":[{\"@type\":\"ReadAction\",\"target\":[\"https:\/\/www.ucatolica.edu.co\/portal\/participa-en-los-cursos-de-verano-de-la-facultad-de-ingenieria-2024-iv\/\"]}]},{\"@type\":\"ImageObject\",\"inLanguage\":\"es-CO\",\"@id\":\"https:\/\/www.ucatolica.edu.co\/portal\/participa-en-los-cursos-de-verano-de-la-facultad-de-ingenieria-2024-iv\/#primaryimage\",\"url\":\"https:\/\/www.ucatolica.edu.co\/portal\/wp-content\/uploads\/2024\/10\/Elementos-de-ingenieria.jpg\",\"contentUrl\":\"https:\/\/www.ucatolica.edu.co\/portal\/wp-content\/uploads\/2024\/10\/Elementos-de-ingenieria.jpg\",\"width\":870,\"height\":522,\"caption\":\"Elementos de ingenieria\"},{\"@type\":\"BreadcrumbList\",\"@id\":\"https:\/\/www.ucatolica.edu.co\/portal\/participa-en-los-cursos-de-verano-de-la-facultad-de-ingenieria-2024-iv\/#breadcrumb\",\"itemListElement\":[{\"@type\":\"ListItem\",\"position\":1,\"name\":\"Inicio\",\"item\":\"https:\/\/www.ucatolica.edu.co\/portal\/\"},{\"@type\":\"ListItem\",\"position\":2,\"name\":\"\u00a1Participa en los Cursos de Verano de la Facultad de Ingenier\u00eda 2024-IV!\"}]},{\"@type\":\"WebSite\",\"@id\":\"https:\/\/www.ucatolica.edu.co\/portal\/#website\",\"url\":\"https:\/\/www.ucatolica.edu.co\/portal\/\",\"name\":\"Universidad Cat\u00f3lica De Colombia\",\"description\":\"Universidad Cat\u00f3lica De Colombia\",\"publisher\":{\"@id\":\"https:\/\/www.ucatolica.edu.co\/portal\/#organization\"},\"potentialAction\":[{\"@type\":\"SearchAction\",\"target\":{\"@type\":\"EntryPoint\",\"urlTemplate\":\"https:\/\/www.ucatolica.edu.co\/portal\/?s={search_term_string}\"},\"query-input\":{\"@type\":\"PropertyValueSpecification\",\"valueRequired\":true,\"valueName\":\"search_term_string\"}}],\"inLanguage\":\"es-CO\"},{\"@type\":\"Organization\",\"@id\":\"https:\/\/www.ucatolica.edu.co\/portal\/#organization\",\"name\":\"Universidad Cat\u00f3lica de Colombia\",\"url\":\"https:\/\/www.ucatolica.edu.co\/portal\/\",\"logo\":{\"@type\":\"ImageObject\",\"inLanguage\":\"es-CO\",\"@id\":\"https:\/\/www.ucatolica.edu.co\/portal\/#\/schema\/logo\/image\/\",\"url\":\"https:\/\/www.ucatolica.edu.co\/portal\/wp-content\/uploads\/2021\/06\/logo-header-ho-1.svg\",\"contentUrl\":\"https:\/\/www.ucatolica.edu.co\/portal\/wp-content\/uploads\/2021\/06\/logo-header-ho-1.svg\",\"width\":1,\"height\":1,\"caption\":\"Universidad Cat\u00f3lica de Colombia\"},\"image\":{\"@id\":\"https:\/\/www.ucatolica.edu.co\/portal\/#\/schema\/logo\/image\/\"},\"sameAs\":[\"https:\/\/www.facebook.com\/ucatolicacolombia\",\"https:\/\/x.com\/UCatolicaCol\",\"https:\/\/www.instagram.com\/universidadcatolicadecolombia\/\",\"https:\/\/www.linkedin.com\/company\/universidadcatolicadecolombia\/\",\"https:\/\/www.youtube.com\/user\/UCatolicaCo\"]},{\"@type\":\"Person\",\"@id\":\"https:\/\/www.ucatolica.edu.co\/portal\/#\/schema\/person\/a7469afff252fba81c6cdc40c80f00b6\",\"name\":\"Cindy Lugo\",\"url\":\"https:\/\/www.ucatolica.edu.co\/portal\/author\/cindy\/\"}]}<\/script>\n<!-- \/ Yoast SEO plugin. -->","yoast_head_json":{"title":"\u00a1Participa en los Cursos de Verano de la Facultad de Ingenier\u00eda 2024-IV! - Universidad Cat\u00f3lica De Colombia","robots":{"index":"index","follow":"follow","max-snippet":"max-snippet:-1","max-image-preview":"max-image-preview:large","max-video-preview":"max-video-preview:-1"},"canonical":"https:\/\/www.ucatolica.edu.co\/portal\/participa-en-los-cursos-de-verano-de-la-facultad-de-ingenieria-2024-iv\/","og_locale":"es_ES","og_type":"article","og_title":"\u00a1Participa en los Cursos de Verano de la Facultad de Ingenier\u00eda 2024-IV! - Universidad Cat\u00f3lica De Colombia","og_description":"La Coordinaci\u00f3n de Educaci\u00f3n Continuada y la Facultad de Ingenier\u00eda de la Universidad Cat\u00f3lica de Colombia invitan a la comunidad acad\u00e9mica a participar en los Cursos de Verano que se ofertan en el periodo de noviembre de 2024. Estos cursos son de modalidad online y presencial para estudiantes, profesores, administrativos y egresados de la Instituci\u00f3n [&hellip;]","og_url":"https:\/\/www.ucatolica.edu.co\/portal\/participa-en-los-cursos-de-verano-de-la-facultad-de-ingenieria-2024-iv\/","og_site_name":"Universidad Cat\u00f3lica De Colombia","article_publisher":"https:\/\/www.facebook.com\/ucatolicacolombia","article_published_time":"2024-10-31T19:55:11+00:00","article_modified_time":"2024-10-31T19:55:13+00:00","og_image":[{"width":870,"height":522,"url":"https:\/\/www.ucatolica.edu.co\/portal\/wp-content\/uploads\/2024\/10\/Elementos-de-ingenieria.jpg","type":"image\/jpeg"}],"author":"Cindy Lugo","twitter_card":"summary_large_image","twitter_creator":"@UCatolicaCol","twitter_site":"@UCatolicaCol","twitter_misc":{"Escrito por":"Cindy Lugo","Tiempo de lectura":"2 minutos"},"schema":{"@context":"https:\/\/schema.org","@graph":[{"@type":"Article","@id":"https:\/\/www.ucatolica.edu.co\/portal\/participa-en-los-cursos-de-verano-de-la-facultad-de-ingenieria-2024-iv\/#article","isPartOf":{"@id":"https:\/\/www.ucatolica.edu.co\/portal\/participa-en-los-cursos-de-verano-de-la-facultad-de-ingenieria-2024-iv\/"},"author":{"name":"Cindy Lugo","@id":"https:\/\/www.ucatolica.edu.co\/portal\/#\/schema\/person\/a7469afff252fba81c6cdc40c80f00b6"},"headline":"\u00a1Participa en los Cursos de Verano de la Facultad de Ingenier\u00eda 2024-IV!","datePublished":"2024-10-31T19:55:11+00:00","dateModified":"2024-10-31T19:55:13+00:00","mainEntityOfPage":{"@id":"https:\/\/www.ucatolica.edu.co\/portal\/participa-en-los-cursos-de-verano-de-la-facultad-de-ingenieria-2024-iv\/"},"wordCount":414,"commentCount":0,"publisher":{"@id":"https:\/\/www.ucatolica.edu.co\/portal\/#organization"},"image":{"@id":"https:\/\/www.ucatolica.edu.co\/portal\/participa-en-los-cursos-de-verano-de-la-facultad-de-ingenieria-2024-iv\/#primaryimage"},"thumbnailUrl":"https:\/\/www.ucatolica.edu.co\/portal\/wp-content\/uploads\/2024\/10\/Elementos-de-ingenieria.jpg","keywords":["Constancia","Cursos de Verano","Educaci\u00f3n Continuada","Facultad de Ingenier\u00eda","Investigaci\u00f3n","Python"],"articleSection":["Facultad de Ingenier\u00eda","Noticias Principales"],"inLanguage":"es-CO"},{"@type":"WebPage","@id":"https:\/\/www.ucatolica.edu.co\/portal\/participa-en-los-cursos-de-verano-de-la-facultad-de-ingenieria-2024-iv\/","url":"https:\/\/www.ucatolica.edu.co\/portal\/participa-en-los-cursos-de-verano-de-la-facultad-de-ingenieria-2024-iv\/","name":"\u00a1Participa en los Cursos de Verano de la Facultad de Ingenier\u00eda 2024-IV! - Universidad Cat\u00f3lica De Colombia","isPartOf":{"@id":"https:\/\/www.ucatolica.edu.co\/portal\/#website"},"primaryImageOfPage":{"@id":"https:\/\/www.ucatolica.edu.co\/portal\/participa-en-los-cursos-de-verano-de-la-facultad-de-ingenieria-2024-iv\/#primaryimage"},"image":{"@id":"https:\/\/www.ucatolica.edu.co\/portal\/participa-en-los-cursos-de-verano-de-la-facultad-de-ingenieria-2024-iv\/#primaryimage"},"thumbnailUrl":"https:\/\/www.ucatolica.edu.co\/portal\/wp-content\/uploads\/2024\/10\/Elementos-de-ingenieria.jpg","datePublished":"2024-10-31T19:55:11+00:00","dateModified":"2024-10-31T19:55:13+00:00","breadcrumb":{"@id":"https:\/\/www.ucatolica.edu.co\/portal\/participa-en-los-cursos-de-verano-de-la-facultad-de-ingenieria-2024-iv\/#breadcrumb"},"inLanguage":"es-CO","potentialAction":[{"@type":"ReadAction","target":["https:\/\/www.ucatolica.edu.co\/portal\/participa-en-los-cursos-de-verano-de-la-facultad-de-ingenieria-2024-iv\/"]}]},{"@type":"ImageObject","inLanguage":"es-CO","@id":"https:\/\/www.ucatolica.edu.co\/portal\/participa-en-los-cursos-de-verano-de-la-facultad-de-ingenieria-2024-iv\/#primaryimage","url":"https:\/\/www.ucatolica.edu.co\/portal\/wp-content\/uploads\/2024\/10\/Elementos-de-ingenieria.jpg","contentUrl":"https:\/\/www.ucatolica.edu.co\/portal\/wp-content\/uploads\/2024\/10\/Elementos-de-ingenieria.jpg","width":870,"height":522,"caption":"Elementos de ingenieria"},{"@type":"BreadcrumbList","@id":"https:\/\/www.ucatolica.edu.co\/portal\/participa-en-los-cursos-de-verano-de-la-facultad-de-ingenieria-2024-iv\/#breadcrumb","itemListElement":[{"@type":"ListItem","position":1,"name":"Inicio","item":"https:\/\/www.ucatolica.edu.co\/portal\/"},{"@type":"ListItem","position":2,"name":"\u00a1Participa en los Cursos de Verano de la Facultad de Ingenier\u00eda 2024-IV!"}]},{"@type":"WebSite","@id":"https:\/\/www.ucatolica.edu.co\/portal\/#website","url":"https:\/\/www.ucatolica.edu.co\/portal\/","name":"Universidad Cat\u00f3lica De Colombia","description":"Universidad Cat\u00f3lica De Colombia","publisher":{"@id":"https:\/\/www.ucatolica.edu.co\/portal\/#organization"},"potentialAction":[{"@type":"SearchAction","target":{"@type":"EntryPoint","urlTemplate":"https:\/\/www.ucatolica.edu.co\/portal\/?s={search_term_string}"},"query-input":{"@type":"PropertyValueSpecification","valueRequired":true,"valueName":"search_term_string"}}],"inLanguage":"es-CO"},{"@type":"Organization","@id":"https:\/\/www.ucatolica.edu.co\/portal\/#organization","name":"Universidad Cat\u00f3lica de Colombia","url":"https:\/\/www.ucatolica.edu.co\/portal\/","logo":{"@type":"ImageObject","inLanguage":"es-CO","@id":"https:\/\/www.ucatolica.edu.co\/portal\/#\/schema\/logo\/image\/","url":"https:\/\/www.ucatolica.edu.co\/portal\/wp-content\/uploads\/2021\/06\/logo-header-ho-1.svg","contentUrl":"https:\/\/www.ucatolica.edu.co\/portal\/wp-content\/uploads\/2021\/06\/logo-header-ho-1.svg","width":1,"height":1,"caption":"Universidad Cat\u00f3lica de Colombia"},"image":{"@id":"https:\/\/www.ucatolica.edu.co\/portal\/#\/schema\/logo\/image\/"},"sameAs":["https:\/\/www.facebook.com\/ucatolicacolombia","https:\/\/x.com\/UCatolicaCol","https:\/\/www.instagram.com\/universidadcatolicadecolombia\/","https:\/\/www.linkedin.com\/company\/universidadcatolicadecolombia\/","https:\/\/www.youtube.com\/user\/UCatolicaCo"]},{"@type":"Person","@id":"https:\/\/www.ucatolica.edu.co\/portal\/#\/schema\/person\/a7469afff252fba81c6cdc40c80f00b6","name":"Cindy Lugo","url":"https:\/\/www.ucatolica.edu.co\/portal\/author\/cindy\/"}]}},"author_meta":{"display_name":"Cindy Lugo","author_link":"https:\/\/www.ucatolica.edu.co\/portal\/author\/cindy\/"},"featured_img":"https:\/\/www.ucatolica.edu.co\/portal\/wp-content\/uploads\/2024\/10\/Elementos-de-ingenieria.jpg","coauthors":[],"tax_additional":{"categories":{"linked":["<a href=\"https:\/\/www.ucatolica.edu.co\/portal\/category\/facultad-de-ingenieria\/\" class=\"advgb-post-tax-term\">Facultad de Ingenier\u00eda<\/a>","<a href=\"https:\/\/www.ucatolica.edu.co\/portal\/category\/noticias-principales\/\" class=\"advgb-post-tax-term\">Noticias Principales<\/a>"],"unlinked":["<span class=\"advgb-post-tax-term\">Facultad de Ingenier\u00eda<\/span>","<span class=\"advgb-post-tax-term\">Noticias Principales<\/span>"]},"tags":{"linked":["<a href=\"https:\/\/www.ucatolica.edu.co\/portal\/category\/noticias-principales\/\" class=\"advgb-post-tax-term\">Constancia<\/a>","<a href=\"https:\/\/www.ucatolica.edu.co\/portal\/category\/noticias-principales\/\" class=\"advgb-post-tax-term\">Cursos de Verano<\/a>","<a href=\"https:\/\/www.ucatolica.edu.co\/portal\/category\/noticias-principales\/\" class=\"advgb-post-tax-term\">Educaci\u00f3n Continuada<\/a>","<a href=\"https:\/\/www.ucatolica.edu.co\/portal\/category\/noticias-principales\/\" class=\"advgb-post-tax-term\">Facultad de Ingenier\u00eda<\/a>","<a href=\"https:\/\/www.ucatolica.edu.co\/portal\/category\/noticias-principales\/\" class=\"advgb-post-tax-term\">Investigaci\u00f3n<\/a>","<a href=\"https:\/\/www.ucatolica.edu.co\/portal\/category\/noticias-principales\/\" class=\"advgb-post-tax-term\">Python<\/a>"],"unlinked":["<span class=\"advgb-post-tax-term\">Constancia<\/span>","<span class=\"advgb-post-tax-term\">Cursos de Verano<\/span>","<span class=\"advgb-post-tax-term\">Educaci\u00f3n Continuada<\/span>","<span class=\"advgb-post-tax-term\">Facultad de Ingenier\u00eda<\/span>","<span class=\"advgb-post-tax-term\">Investigaci\u00f3n<\/span>","<span class=\"advgb-post-tax-term\">Python<\/span>"]}},"comment_count":"0","relative_dates":{"created":"Posted 1 a\u00f1o ago","modified":"Updated 1 a\u00f1o ago"},"absolute_dates":{"created":"Posted on 31 octubre, 2024","modified":"Updated on 31 octubre, 2024"},"absolute_dates_time":{"created":"Posted on 31 octubre, 2024 2:55 pm","modified":"Updated on 31 octubre, 2024 2:55 pm"},"featured_img_caption":"","series_order":"","_links":{"self":[{"href":"https:\/\/www.ucatolica.edu.co\/portal\/wp-json\/wp\/v2\/posts\/112718","targetHints":{"allow":["GET"]}}],"collection":[{"href":"https:\/\/www.ucatolica.edu.co\/portal\/wp-json\/wp\/v2\/posts"}],"about":[{"href":"https:\/\/www.ucatolica.edu.co\/portal\/wp-json\/wp\/v2\/types\/post"}],"author":[{"embeddable":true,"href":"https:\/\/www.ucatolica.edu.co\/portal\/wp-json\/wp\/v2\/users\/4"}],"replies":[{"embeddable":true,"href":"https:\/\/www.ucatolica.edu.co\/portal\/wp-json\/wp\/v2\/comments?post=112718"}],"version-history":[{"count":7,"href":"https:\/\/www.ucatolica.edu.co\/portal\/wp-json\/wp\/v2\/posts\/112718\/revisions"}],"predecessor-version":[{"id":112727,"href":"https:\/\/www.ucatolica.edu.co\/portal\/wp-json\/wp\/v2\/posts\/112718\/revisions\/112727"}],"wp:featuredmedia":[{"embeddable":true,"href":"https:\/\/www.ucatolica.edu.co\/portal\/wp-json\/wp\/v2\/media\/113186"}],"wp:attachment":[{"href":"https:\/\/www.ucatolica.edu.co\/portal\/wp-json\/wp\/v2\/media?parent=112718"}],"wp:term":[{"taxonomy":"category","embeddable":true,"href":"https:\/\/www.ucatolica.edu.co\/portal\/wp-json\/wp\/v2\/categories?post=112718"},{"taxonomy":"post_tag","embeddable":true,"href":"https:\/\/www.ucatolica.edu.co\/portal\/wp-json\/wp\/v2\/tags?post=112718"}],"curies":[{"name":"wp","href":"https:\/\/api.w.org\/{rel}","templated":true}]}}