{"id":112871,"date":"2024-10-25T15:05:00","date_gmt":"2024-10-25T20:05:00","guid":{"rendered":"https:\/\/www.ucatolica.edu.co\/portal\/?p=112871"},"modified":"2024-10-25T15:05:01","modified_gmt":"2024-10-25T20:05:01","slug":"encuentro-de-la-red-de-universidades-catolicas-de-colombia-rucc","status":"publish","type":"post","link":"https:\/\/www.ucatolica.edu.co\/portal\/encuentro-de-la-red-de-universidades-catolicas-de-colombia-rucc\/","title":{"rendered":"Encuentro de la Red de Universidades Cat\u00f3licas de Colombia RUCC"},"content":{"rendered":"\n<p>Durante el 23 de octubre, se celebr\u00f3 la Junta Nacional de Rectores de la Red de Universidades Cat\u00f3licas de Colombia (RUCC) en la Universidad Cat\u00f3lica de Colombia, un evento crucial para definir el futuro de esta red educativa en el pa\u00eds. La reuni\u00f3n, cont\u00f3 con la presencia de rectores y directivos de las principales instituciones cat\u00f3licas del pa\u00eds, quienes conversaron acerca de los desaf\u00edos y oportunidades que enfrentan en el contexto actual.<\/p>\n\n\n\n<p>El Padre Diego Alonso Marulanda D\u00edaz, Rector General de la Universidad Pontificia Bolivariana y Presidente de la RUCC, explic\u00f3 que el principal objetivo del encuentro fue consolidar el nuevo plan estrat\u00e9gico de la red de universidades cat\u00f3licas. Este plan se centrar\u00e1 en tres \u00e1reas clave: fortalecer la identidad cat\u00f3lica de las instituciones, establecer un mapa de capacidades y definir indicadores de impacto para medir los logros alcanzados.<\/p>\n\n\n\n<p>Durante su intervenci\u00f3n, el Padre Marulanda destac\u00f3 la importancia de la identidad de las universidades cat\u00f3licas, subrayando que la pastoral universitaria es el n\u00facleo que cohesiona a las instituciones de la red. Adem\u00e1s, se habl\u00f3 sobre la creaci\u00f3n de un mapa que permita visibilizar las capacidades de cada universidad, con el fin de generar una sinergia que responda a las necesidades del pa\u00eds. En este sentido, la articulaci\u00f3n y la colaboraci\u00f3n se perfilan como elementos fundamentales para el \u00e9xito de la Red de Universidades Cat\u00f3licas de Colombia (RUCC).<\/p>\n\n\n\n<p>El segundo pilar del plan estrat\u00e9gico es la colaboraci\u00f3n regional, a trav\u00e9s de los diferentes nodos que componen la RUCC. Cada nodo representa una regi\u00f3n del pa\u00eds y tiene sus propios retos y avances que se integran al trabajo nacional. Por su parte el Padre Marulanda resalt\u00f3 la necesidad de fortalecer la sinergia entre las universidades para actuar como una sola instituci\u00f3n que comparte un prop\u00f3sito com\u00fan sin salirse del marco de actuaci\u00f3n estrat\u00e9gico.<\/p>\n\n\n\n<p>Finalmente, el tercer objetivo es la visibilidad de la RUCC a nivel nacional. \u201cQueremos que la red sea visible, no solo dentro de la Iglesia, sino tambi\u00e9n en el pa\u00eds\u201d, afirm\u00f3 el Presidente de la RUCC. Para ello, se discuti\u00f3 la creaci\u00f3n de una plataforma que facilite la comunicaci\u00f3n y la difusi\u00f3n de los logros de la red en todo el territorio nacional.<\/p>\n\n\n\n<figure class=\"wp-block-image size-full is-resized\"><img fetchpriority=\"high\" decoding=\"async\" width=\"870\" height=\"522\" src=\"https:\/\/www.ucatolica.edu.co\/portal\/wp-content\/uploads\/2024\/10\/Rectores-sentados-hablando-en-reunion.jpg\" alt=\"Rectores sentados hablando en reuni\u00f3n\" class=\"wp-image-112873\" style=\"width:840px;height:auto\"\/><\/figure>\n\n\n\n<p>A este encuentro participaron 28 universidad y es visible que cada regi\u00f3n tiene necesidades y retos particulares, por su parte el Padre Elkin Narv\u00e1ez G\u00f3mez, Rector de la Universidad Cat\u00f3lica de Oriente y l\u00edder del Nodo Antioquia-Choc\u00f3, comparti\u00f3 algunos de los desaf\u00edos que enfrenta; uno de ellos es coordinar el trabajo de las diez universidades que conforman este nodo, lo cual requiere un esfuerzo constante de colaboraci\u00f3n y confianza. &#8220;Es fundamental concentrar las iniciativas y unificar los esfuerzos para alcanzar los objetivos comunes&#8221;, puntualiz\u00f3 el Padre Elkin.<\/p>\n\n\n\n<p>A nivel nacional, el Padre Narv\u00e1ez G\u00f3mez se\u00f1al\u00f3 que la visibilidad de la RUCC es un reto compartido por todos los nodos. &#8220;Aunque es necesario consolidarnos como red, no todos debemos trabajar en lo mismo. Debemos impulsar proyectos nacionales liderados por algunas universidades, en los que otras puedan sumarse para generar un impacto a nivel pa\u00eds&#8221;, concluy\u00f3.<\/p>\n\n\n\n<p>Por su parte, la Dra. Martha Liliana Mar\u00edn Cano, Rectora de la Universidad Cat\u00f3lica de Manizales y Vicepresidenta de la RUCC, subray\u00f3 la importancia de implementar las acciones colaborativas acordadas en los talleres previos. Estas acciones, vinculadas al trabajo de los nodos, buscan priorizar las propuestas m\u00e1s relevantes y asegurar una ejecuci\u00f3n efectiva. Para ello, es crucial organizar los equipos de trabajo a nivel institucional y generar un compromiso corresponsable entre las universidades.<\/p>\n\n\n\n<p>Uno de las metas m\u00e1s mencionadas fue la visibilidad de la RUCC, raz\u00f3n por la cual la Dra. Mar\u00edn Cano explic\u00f3 que la mesa de comunicaci\u00f3n de la red debe generar estrategias contundentes encaminadas a la comunicaci\u00f3n efectiva, incluyendo incluyen acciones concretas como la creaci\u00f3n de una p\u00e1gina web, la socializaci\u00f3n de proyectos y la difusi\u00f3n del plan estrat\u00e9gico. Adem\u00e1s, propuso que la informaci\u00f3n se comparta con los Consejos Superiores de las universidades para implicar a todos los actores institucionales en el proceso.<\/p>\n\n\n\n<p>La Junta Nacional de Rectores de la RUCC dej\u00f3 claro que las universidades cat\u00f3licas de Colombia est\u00e1n comprometidas en fortalecer su identidad, colaborar en la soluci\u00f3n de los problemas del pa\u00eds y hacer visible su impacto. Con un plan estrat\u00e9gico bien definido y la colaboraci\u00f3n entre las instituciones, la RUCC busca ser un referente en la educaci\u00f3n superior y en la transformaci\u00f3n social de Colombia.<\/p>\n","protected":false},"excerpt":{"rendered":"<p>Durante el 23 de octubre, se celebr\u00f3 la Junta Nacional de Rectores de la Red de Universidades Cat\u00f3licas de Colombia (RUCC) en la Universidad Cat\u00f3lica de Colombia, un evento crucial para definir el futuro de esta red educativa en el pa\u00eds. La reuni\u00f3n, cont\u00f3 con la presencia de rectores y directivos de las principales instituciones [&hellip;]<\/p>\n","protected":false},"author":61,"featured_media":112872,"comment_status":"open","ping_status":"open","sticky":false,"template":"","format":"standard","meta":{"_acf_changed":false,"advgb_blocks_editor_width":"","advgb_blocks_columns_visual_guide":"","footnotes":""},"categories":[93,531],"tags":[2855,479,1356],"class_list":["post-112871","post","type-post","status-publish","format-standard","has-post-thumbnail","hentry","category-noticias-principales","category-orii","tag-encuentro-de-la-red-de-universidades-catolicas-de-colombia-rucc","tag-orii","tag-rucc"],"acf":[],"yoast_head":"<!-- This site is optimized with the Yoast SEO plugin v26.7 - https:\/\/yoast.com\/wordpress\/plugins\/seo\/ -->\n<title>Encuentro de la Red de Universidades Cat\u00f3licas de Colombia RUCC - Universidad Cat\u00f3lica De Colombia<\/title>\n<meta name=\"robots\" content=\"index, follow, max-snippet:-1, max-image-preview:large, max-video-preview:-1\" \/>\n<link rel=\"canonical\" href=\"https:\/\/www.ucatolica.edu.co\/portal\/encuentro-de-la-red-de-universidades-catolicas-de-colombia-rucc\/\" \/>\n<meta property=\"og:locale\" content=\"es_ES\" \/>\n<meta property=\"og:type\" content=\"article\" \/>\n<meta property=\"og:title\" content=\"Encuentro de la Red de Universidades Cat\u00f3licas de Colombia RUCC - Universidad Cat\u00f3lica De Colombia\" \/>\n<meta property=\"og:description\" content=\"Durante el 23 de octubre, se celebr\u00f3 la Junta Nacional de Rectores de la Red de Universidades Cat\u00f3licas de Colombia (RUCC) en la Universidad Cat\u00f3lica de Colombia, un evento crucial para definir el futuro de esta red educativa en el pa\u00eds. La reuni\u00f3n, cont\u00f3 con la presencia de rectores y directivos de las principales instituciones [&hellip;]\" \/>\n<meta property=\"og:url\" content=\"https:\/\/www.ucatolica.edu.co\/portal\/encuentro-de-la-red-de-universidades-catolicas-de-colombia-rucc\/\" \/>\n<meta property=\"og:site_name\" content=\"Universidad Cat\u00f3lica De Colombia\" \/>\n<meta property=\"article:publisher\" content=\"https:\/\/www.facebook.com\/ucatolicacolombia\" \/>\n<meta property=\"article:published_time\" content=\"2024-10-25T20:05:00+00:00\" \/>\n<meta property=\"article:modified_time\" content=\"2024-10-25T20:05:01+00:00\" \/>\n<meta property=\"og:image\" content=\"https:\/\/www.ucatolica.edu.co\/portal\/wp-content\/uploads\/2024\/10\/Grupo-de-rectores-de-la-RUCC-de-pie-y-sonriendo.jpg\" \/>\n\t<meta property=\"og:image:width\" content=\"870\" \/>\n\t<meta property=\"og:image:height\" content=\"522\" \/>\n\t<meta property=\"og:image:type\" content=\"image\/jpeg\" \/>\n<meta name=\"author\" content=\"Leidy Dayanna Jaramillo Tavera\" \/>\n<meta name=\"twitter:card\" content=\"summary_large_image\" \/>\n<meta name=\"twitter:creator\" content=\"@UCatolicaCol\" \/>\n<meta name=\"twitter:site\" content=\"@UCatolicaCol\" \/>\n<meta name=\"twitter:label1\" content=\"Escrito por\" \/>\n\t<meta name=\"twitter:data1\" content=\"Leidy Dayanna Jaramillo Tavera\" \/>\n\t<meta name=\"twitter:label2\" content=\"Tiempo de lectura\" \/>\n\t<meta name=\"twitter:data2\" content=\"4 minutos\" \/>\n<script type=\"application\/ld+json\" class=\"yoast-schema-graph\">{\"@context\":\"https:\/\/schema.org\",\"@graph\":[{\"@type\":\"Article\",\"@id\":\"https:\/\/www.ucatolica.edu.co\/portal\/encuentro-de-la-red-de-universidades-catolicas-de-colombia-rucc\/#article\",\"isPartOf\":{\"@id\":\"https:\/\/www.ucatolica.edu.co\/portal\/encuentro-de-la-red-de-universidades-catolicas-de-colombia-rucc\/\"},\"author\":{\"name\":\"Leidy Dayanna Jaramillo Tavera\",\"@id\":\"https:\/\/www.ucatolica.edu.co\/portal\/#\/schema\/person\/c03ebc5b4f80ce7b8947aa9ddece408a\"},\"headline\":\"Encuentro de la Red de Universidades Cat\u00f3licas de Colombia RUCC\",\"datePublished\":\"2024-10-25T20:05:00+00:00\",\"dateModified\":\"2024-10-25T20:05:01+00:00\",\"mainEntityOfPage\":{\"@id\":\"https:\/\/www.ucatolica.edu.co\/portal\/encuentro-de-la-red-de-universidades-catolicas-de-colombia-rucc\/\"},\"wordCount\":808,\"commentCount\":0,\"publisher\":{\"@id\":\"https:\/\/www.ucatolica.edu.co\/portal\/#organization\"},\"image\":{\"@id\":\"https:\/\/www.ucatolica.edu.co\/portal\/encuentro-de-la-red-de-universidades-catolicas-de-colombia-rucc\/#primaryimage\"},\"thumbnailUrl\":\"https:\/\/www.ucatolica.edu.co\/portal\/wp-content\/uploads\/2024\/10\/Grupo-de-rectores-de-la-RUCC-de-pie-y-sonriendo.jpg\",\"keywords\":[\"Encuentro de la Red de Universidades Cat\u00f3licas de Colombia RUCC\",\"ORII\",\"RUCC\"],\"articleSection\":[\"Noticias Principales\",\"ORII\"],\"inLanguage\":\"es-CO\"},{\"@type\":\"WebPage\",\"@id\":\"https:\/\/www.ucatolica.edu.co\/portal\/encuentro-de-la-red-de-universidades-catolicas-de-colombia-rucc\/\",\"url\":\"https:\/\/www.ucatolica.edu.co\/portal\/encuentro-de-la-red-de-universidades-catolicas-de-colombia-rucc\/\",\"name\":\"Encuentro de la Red de Universidades Cat\u00f3licas de Colombia RUCC - Universidad Cat\u00f3lica De Colombia\",\"isPartOf\":{\"@id\":\"https:\/\/www.ucatolica.edu.co\/portal\/#website\"},\"primaryImageOfPage\":{\"@id\":\"https:\/\/www.ucatolica.edu.co\/portal\/encuentro-de-la-red-de-universidades-catolicas-de-colombia-rucc\/#primaryimage\"},\"image\":{\"@id\":\"https:\/\/www.ucatolica.edu.co\/portal\/encuentro-de-la-red-de-universidades-catolicas-de-colombia-rucc\/#primaryimage\"},\"thumbnailUrl\":\"https:\/\/www.ucatolica.edu.co\/portal\/wp-content\/uploads\/2024\/10\/Grupo-de-rectores-de-la-RUCC-de-pie-y-sonriendo.jpg\",\"datePublished\":\"2024-10-25T20:05:00+00:00\",\"dateModified\":\"2024-10-25T20:05:01+00:00\",\"breadcrumb\":{\"@id\":\"https:\/\/www.ucatolica.edu.co\/portal\/encuentro-de-la-red-de-universidades-catolicas-de-colombia-rucc\/#breadcrumb\"},\"inLanguage\":\"es-CO\",\"potentialAction\":[{\"@type\":\"ReadAction\",\"target\":[\"https:\/\/www.ucatolica.edu.co\/portal\/encuentro-de-la-red-de-universidades-catolicas-de-colombia-rucc\/\"]}]},{\"@type\":\"ImageObject\",\"inLanguage\":\"es-CO\",\"@id\":\"https:\/\/www.ucatolica.edu.co\/portal\/encuentro-de-la-red-de-universidades-catolicas-de-colombia-rucc\/#primaryimage\",\"url\":\"https:\/\/www.ucatolica.edu.co\/portal\/wp-content\/uploads\/2024\/10\/Grupo-de-rectores-de-la-RUCC-de-pie-y-sonriendo.jpg\",\"contentUrl\":\"https:\/\/www.ucatolica.edu.co\/portal\/wp-content\/uploads\/2024\/10\/Grupo-de-rectores-de-la-RUCC-de-pie-y-sonriendo.jpg\",\"width\":870,\"height\":522,\"caption\":\"Grupo de rectores de la RUCC de pie y sonriendo\"},{\"@type\":\"BreadcrumbList\",\"@id\":\"https:\/\/www.ucatolica.edu.co\/portal\/encuentro-de-la-red-de-universidades-catolicas-de-colombia-rucc\/#breadcrumb\",\"itemListElement\":[{\"@type\":\"ListItem\",\"position\":1,\"name\":\"Inicio\",\"item\":\"https:\/\/www.ucatolica.edu.co\/portal\/\"},{\"@type\":\"ListItem\",\"position\":2,\"name\":\"Encuentro de la Red de Universidades Cat\u00f3licas de Colombia RUCC\"}]},{\"@type\":\"WebSite\",\"@id\":\"https:\/\/www.ucatolica.edu.co\/portal\/#website\",\"url\":\"https:\/\/www.ucatolica.edu.co\/portal\/\",\"name\":\"Universidad Cat\u00f3lica De Colombia\",\"description\":\"Universidad Cat\u00f3lica De Colombia\",\"publisher\":{\"@id\":\"https:\/\/www.ucatolica.edu.co\/portal\/#organization\"},\"potentialAction\":[{\"@type\":\"SearchAction\",\"target\":{\"@type\":\"EntryPoint\",\"urlTemplate\":\"https:\/\/www.ucatolica.edu.co\/portal\/?s={search_term_string}\"},\"query-input\":{\"@type\":\"PropertyValueSpecification\",\"valueRequired\":true,\"valueName\":\"search_term_string\"}}],\"inLanguage\":\"es-CO\"},{\"@type\":\"Organization\",\"@id\":\"https:\/\/www.ucatolica.edu.co\/portal\/#organization\",\"name\":\"Universidad Cat\u00f3lica de Colombia\",\"url\":\"https:\/\/www.ucatolica.edu.co\/portal\/\",\"logo\":{\"@type\":\"ImageObject\",\"inLanguage\":\"es-CO\",\"@id\":\"https:\/\/www.ucatolica.edu.co\/portal\/#\/schema\/logo\/image\/\",\"url\":\"https:\/\/www.ucatolica.edu.co\/portal\/wp-content\/uploads\/2021\/06\/logo-header-ho-1.svg\",\"contentUrl\":\"https:\/\/www.ucatolica.edu.co\/portal\/wp-content\/uploads\/2021\/06\/logo-header-ho-1.svg\",\"width\":1,\"height\":1,\"caption\":\"Universidad Cat\u00f3lica de Colombia\"},\"image\":{\"@id\":\"https:\/\/www.ucatolica.edu.co\/portal\/#\/schema\/logo\/image\/\"},\"sameAs\":[\"https:\/\/www.facebook.com\/ucatolicacolombia\",\"https:\/\/x.com\/UCatolicaCol\",\"https:\/\/www.instagram.com\/universidadcatolicadecolombia\/\",\"https:\/\/www.linkedin.com\/company\/universidadcatolicadecolombia\/\",\"https:\/\/www.youtube.com\/user\/UCatolicaCo\"]},{\"@type\":\"Person\",\"@id\":\"https:\/\/www.ucatolica.edu.co\/portal\/#\/schema\/person\/c03ebc5b4f80ce7b8947aa9ddece408a\",\"name\":\"Leidy Dayanna Jaramillo Tavera\",\"url\":\"https:\/\/www.ucatolica.edu.co\/portal\/author\/dayana\/\"}]}<\/script>\n<!-- \/ Yoast SEO plugin. -->","yoast_head_json":{"title":"Encuentro de la Red de Universidades Cat\u00f3licas de Colombia RUCC - Universidad Cat\u00f3lica De Colombia","robots":{"index":"index","follow":"follow","max-snippet":"max-snippet:-1","max-image-preview":"max-image-preview:large","max-video-preview":"max-video-preview:-1"},"canonical":"https:\/\/www.ucatolica.edu.co\/portal\/encuentro-de-la-red-de-universidades-catolicas-de-colombia-rucc\/","og_locale":"es_ES","og_type":"article","og_title":"Encuentro de la Red de Universidades Cat\u00f3licas de Colombia RUCC - Universidad Cat\u00f3lica De Colombia","og_description":"Durante el 23 de octubre, se celebr\u00f3 la Junta Nacional de Rectores de la Red de Universidades Cat\u00f3licas de Colombia (RUCC) en la Universidad Cat\u00f3lica de Colombia, un evento crucial para definir el futuro de esta red educativa en el pa\u00eds. La reuni\u00f3n, cont\u00f3 con la presencia de rectores y directivos de las principales instituciones [&hellip;]","og_url":"https:\/\/www.ucatolica.edu.co\/portal\/encuentro-de-la-red-de-universidades-catolicas-de-colombia-rucc\/","og_site_name":"Universidad Cat\u00f3lica De Colombia","article_publisher":"https:\/\/www.facebook.com\/ucatolicacolombia","article_published_time":"2024-10-25T20:05:00+00:00","article_modified_time":"2024-10-25T20:05:01+00:00","og_image":[{"width":870,"height":522,"url":"https:\/\/www.ucatolica.edu.co\/portal\/wp-content\/uploads\/2024\/10\/Grupo-de-rectores-de-la-RUCC-de-pie-y-sonriendo.jpg","type":"image\/jpeg"}],"author":"Leidy Dayanna Jaramillo Tavera","twitter_card":"summary_large_image","twitter_creator":"@UCatolicaCol","twitter_site":"@UCatolicaCol","twitter_misc":{"Escrito por":"Leidy Dayanna Jaramillo Tavera","Tiempo de lectura":"4 minutos"},"schema":{"@context":"https:\/\/schema.org","@graph":[{"@type":"Article","@id":"https:\/\/www.ucatolica.edu.co\/portal\/encuentro-de-la-red-de-universidades-catolicas-de-colombia-rucc\/#article","isPartOf":{"@id":"https:\/\/www.ucatolica.edu.co\/portal\/encuentro-de-la-red-de-universidades-catolicas-de-colombia-rucc\/"},"author":{"name":"Leidy Dayanna Jaramillo Tavera","@id":"https:\/\/www.ucatolica.edu.co\/portal\/#\/schema\/person\/c03ebc5b4f80ce7b8947aa9ddece408a"},"headline":"Encuentro de la Red de Universidades Cat\u00f3licas de Colombia RUCC","datePublished":"2024-10-25T20:05:00+00:00","dateModified":"2024-10-25T20:05:01+00:00","mainEntityOfPage":{"@id":"https:\/\/www.ucatolica.edu.co\/portal\/encuentro-de-la-red-de-universidades-catolicas-de-colombia-rucc\/"},"wordCount":808,"commentCount":0,"publisher":{"@id":"https:\/\/www.ucatolica.edu.co\/portal\/#organization"},"image":{"@id":"https:\/\/www.ucatolica.edu.co\/portal\/encuentro-de-la-red-de-universidades-catolicas-de-colombia-rucc\/#primaryimage"},"thumbnailUrl":"https:\/\/www.ucatolica.edu.co\/portal\/wp-content\/uploads\/2024\/10\/Grupo-de-rectores-de-la-RUCC-de-pie-y-sonriendo.jpg","keywords":["Encuentro de la Red de Universidades Cat\u00f3licas de Colombia RUCC","ORII","RUCC"],"articleSection":["Noticias Principales","ORII"],"inLanguage":"es-CO"},{"@type":"WebPage","@id":"https:\/\/www.ucatolica.edu.co\/portal\/encuentro-de-la-red-de-universidades-catolicas-de-colombia-rucc\/","url":"https:\/\/www.ucatolica.edu.co\/portal\/encuentro-de-la-red-de-universidades-catolicas-de-colombia-rucc\/","name":"Encuentro de la Red de Universidades Cat\u00f3licas de Colombia RUCC - Universidad Cat\u00f3lica De Colombia","isPartOf":{"@id":"https:\/\/www.ucatolica.edu.co\/portal\/#website"},"primaryImageOfPage":{"@id":"https:\/\/www.ucatolica.edu.co\/portal\/encuentro-de-la-red-de-universidades-catolicas-de-colombia-rucc\/#primaryimage"},"image":{"@id":"https:\/\/www.ucatolica.edu.co\/portal\/encuentro-de-la-red-de-universidades-catolicas-de-colombia-rucc\/#primaryimage"},"thumbnailUrl":"https:\/\/www.ucatolica.edu.co\/portal\/wp-content\/uploads\/2024\/10\/Grupo-de-rectores-de-la-RUCC-de-pie-y-sonriendo.jpg","datePublished":"2024-10-25T20:05:00+00:00","dateModified":"2024-10-25T20:05:01+00:00","breadcrumb":{"@id":"https:\/\/www.ucatolica.edu.co\/portal\/encuentro-de-la-red-de-universidades-catolicas-de-colombia-rucc\/#breadcrumb"},"inLanguage":"es-CO","potentialAction":[{"@type":"ReadAction","target":["https:\/\/www.ucatolica.edu.co\/portal\/encuentro-de-la-red-de-universidades-catolicas-de-colombia-rucc\/"]}]},{"@type":"ImageObject","inLanguage":"es-CO","@id":"https:\/\/www.ucatolica.edu.co\/portal\/encuentro-de-la-red-de-universidades-catolicas-de-colombia-rucc\/#primaryimage","url":"https:\/\/www.ucatolica.edu.co\/portal\/wp-content\/uploads\/2024\/10\/Grupo-de-rectores-de-la-RUCC-de-pie-y-sonriendo.jpg","contentUrl":"https:\/\/www.ucatolica.edu.co\/portal\/wp-content\/uploads\/2024\/10\/Grupo-de-rectores-de-la-RUCC-de-pie-y-sonriendo.jpg","width":870,"height":522,"caption":"Grupo de rectores de la RUCC de pie y sonriendo"},{"@type":"BreadcrumbList","@id":"https:\/\/www.ucatolica.edu.co\/portal\/encuentro-de-la-red-de-universidades-catolicas-de-colombia-rucc\/#breadcrumb","itemListElement":[{"@type":"ListItem","position":1,"name":"Inicio","item":"https:\/\/www.ucatolica.edu.co\/portal\/"},{"@type":"ListItem","position":2,"name":"Encuentro de la Red de Universidades Cat\u00f3licas de Colombia RUCC"}]},{"@type":"WebSite","@id":"https:\/\/www.ucatolica.edu.co\/portal\/#website","url":"https:\/\/www.ucatolica.edu.co\/portal\/","name":"Universidad Cat\u00f3lica De Colombia","description":"Universidad Cat\u00f3lica De Colombia","publisher":{"@id":"https:\/\/www.ucatolica.edu.co\/portal\/#organization"},"potentialAction":[{"@type":"SearchAction","target":{"@type":"EntryPoint","urlTemplate":"https:\/\/www.ucatolica.edu.co\/portal\/?s={search_term_string}"},"query-input":{"@type":"PropertyValueSpecification","valueRequired":true,"valueName":"search_term_string"}}],"inLanguage":"es-CO"},{"@type":"Organization","@id":"https:\/\/www.ucatolica.edu.co\/portal\/#organization","name":"Universidad Cat\u00f3lica de Colombia","url":"https:\/\/www.ucatolica.edu.co\/portal\/","logo":{"@type":"ImageObject","inLanguage":"es-CO","@id":"https:\/\/www.ucatolica.edu.co\/portal\/#\/schema\/logo\/image\/","url":"https:\/\/www.ucatolica.edu.co\/portal\/wp-content\/uploads\/2021\/06\/logo-header-ho-1.svg","contentUrl":"https:\/\/www.ucatolica.edu.co\/portal\/wp-content\/uploads\/2021\/06\/logo-header-ho-1.svg","width":1,"height":1,"caption":"Universidad Cat\u00f3lica de Colombia"},"image":{"@id":"https:\/\/www.ucatolica.edu.co\/portal\/#\/schema\/logo\/image\/"},"sameAs":["https:\/\/www.facebook.com\/ucatolicacolombia","https:\/\/x.com\/UCatolicaCol","https:\/\/www.instagram.com\/universidadcatolicadecolombia\/","https:\/\/www.linkedin.com\/company\/universidadcatolicadecolombia\/","https:\/\/www.youtube.com\/user\/UCatolicaCo"]},{"@type":"Person","@id":"https:\/\/www.ucatolica.edu.co\/portal\/#\/schema\/person\/c03ebc5b4f80ce7b8947aa9ddece408a","name":"Leidy Dayanna Jaramillo Tavera","url":"https:\/\/www.ucatolica.edu.co\/portal\/author\/dayana\/"}]}},"author_meta":{"display_name":"Leidy Dayanna Jaramillo Tavera","author_link":"https:\/\/www.ucatolica.edu.co\/portal\/author\/dayana\/"},"featured_img":"https:\/\/www.ucatolica.edu.co\/portal\/wp-content\/uploads\/2024\/10\/Grupo-de-rectores-de-la-RUCC-de-pie-y-sonriendo.jpg","coauthors":[],"tax_additional":{"categories":{"linked":["<a href=\"https:\/\/www.ucatolica.edu.co\/portal\/category\/noticias-principales\/\" class=\"advgb-post-tax-term\">Noticias Principales<\/a>","<a href=\"https:\/\/www.ucatolica.edu.co\/portal\/category\/orii\/\" class=\"advgb-post-tax-term\">ORII<\/a>"],"unlinked":["<span class=\"advgb-post-tax-term\">Noticias Principales<\/span>","<span class=\"advgb-post-tax-term\">ORII<\/span>"]},"tags":{"linked":["<a href=\"https:\/\/www.ucatolica.edu.co\/portal\/category\/orii\/\" class=\"advgb-post-tax-term\">Encuentro de la Red de Universidades Cat\u00f3licas de Colombia RUCC<\/a>","<a href=\"https:\/\/www.ucatolica.edu.co\/portal\/category\/orii\/\" class=\"advgb-post-tax-term\">ORII<\/a>","<a href=\"https:\/\/www.ucatolica.edu.co\/portal\/category\/orii\/\" class=\"advgb-post-tax-term\">RUCC<\/a>"],"unlinked":["<span class=\"advgb-post-tax-term\">Encuentro de la Red de Universidades Cat\u00f3licas de Colombia RUCC<\/span>","<span class=\"advgb-post-tax-term\">ORII<\/span>","<span class=\"advgb-post-tax-term\">RUCC<\/span>"]}},"comment_count":"0","relative_dates":{"created":"Posted 2 a\u00f1os ago","modified":"Updated 2 a\u00f1os ago"},"absolute_dates":{"created":"Posted on 25 octubre, 2024","modified":"Updated on 25 octubre, 2024"},"absolute_dates_time":{"created":"Posted on 25 octubre, 2024 3:05 pm","modified":"Updated on 25 octubre, 2024 3:05 pm"},"featured_img_caption":"","series_order":"","_links":{"self":[{"href":"https:\/\/www.ucatolica.edu.co\/portal\/wp-json\/wp\/v2\/posts\/112871","targetHints":{"allow":["GET"]}}],"collection":[{"href":"https:\/\/www.ucatolica.edu.co\/portal\/wp-json\/wp\/v2\/posts"}],"about":[{"href":"https:\/\/www.ucatolica.edu.co\/portal\/wp-json\/wp\/v2\/types\/post"}],"author":[{"embeddable":true,"href":"https:\/\/www.ucatolica.edu.co\/portal\/wp-json\/wp\/v2\/users\/61"}],"replies":[{"embeddable":true,"href":"https:\/\/www.ucatolica.edu.co\/portal\/wp-json\/wp\/v2\/comments?post=112871"}],"version-history":[{"count":1,"href":"https:\/\/www.ucatolica.edu.co\/portal\/wp-json\/wp\/v2\/posts\/112871\/revisions"}],"predecessor-version":[{"id":112874,"href":"https:\/\/www.ucatolica.edu.co\/portal\/wp-json\/wp\/v2\/posts\/112871\/revisions\/112874"}],"wp:featuredmedia":[{"embeddable":true,"href":"https:\/\/www.ucatolica.edu.co\/portal\/wp-json\/wp\/v2\/media\/112872"}],"wp:attachment":[{"href":"https:\/\/www.ucatolica.edu.co\/portal\/wp-json\/wp\/v2\/media?parent=112871"}],"wp:term":[{"taxonomy":"category","embeddable":true,"href":"https:\/\/www.ucatolica.edu.co\/portal\/wp-json\/wp\/v2\/categories?post=112871"},{"taxonomy":"post_tag","embeddable":true,"href":"https:\/\/www.ucatolica.edu.co\/portal\/wp-json\/wp\/v2\/tags?post=112871"}],"curies":[{"name":"wp","href":"https:\/\/api.w.org\/{rel}","templated":true}]}}