{"id":113848,"date":"2024-11-28T15:03:31","date_gmt":"2024-11-28T20:03:31","guid":{"rendered":"https:\/\/www.ucatolica.edu.co\/portal\/?p=113848"},"modified":"2024-11-28T15:04:09","modified_gmt":"2024-11-28T20:04:09","slug":"conmemoramos-el-dia-del-psicologo-con-nuestros-estudiantes-profesores-y-egresados","status":"publish","type":"post","link":"https:\/\/www.ucatolica.edu.co\/portal\/conmemoramos-el-dia-del-psicologo-con-nuestros-estudiantes-profesores-y-egresados\/","title":{"rendered":"\u00a1Conmemoramos el D\u00eda del Psic\u00f3logo con nuestros estudiantes, profesores y egresados!"},"content":{"rendered":"\n<p>El 20 de noviembre celebramos a los psic\u00f3logos de la Universidad Cat\u00f3lica de Colombia, una fecha en la que destacamos su esfuerzo y dedicaci\u00f3n. Son ellos quienes se encargan de cuidar la salud mental, guiarnos para fortalecer nuestras relaciones, calidad de vida&nbsp;y&nbsp;bienestar.<\/p>\n\n\n\n<p>En la celebraci\u00f3n se convocaron estudiantes, egresados y profesores de la facultad, esto facilit\u00f3 el reencuentro entre colegas para compartir experiencias alrededor del quehacer de los psic\u00f3logos desde sus diferentes roles y campos aplicados de acci\u00f3n.<\/p>\n\n\n\n<p>En este d\u00eda tan emotivo la Dra. Iliana Quintana, Decana de la Facultad de Psicolog\u00eda de la Universidad Cat\u00f3lica de Colombia tuvo la oportunidad de resaltar algunos logros que tuvo la Facultad en este trimestre del a\u00f1o como:<\/p>\n\n\n\n<ul class=\"wp-block-list\">\n<li>La recertificaci\u00f3n de los laboratorios de Psicolog\u00eda en la norma ISO 9001:2015 en los relacionado con los servicios para la docencia, investigaci\u00f3n y extensi\u00f3n de los programas de pregrado y posgrado de la Facultad de Psicolog\u00eda de la Universidad Cat\u00f3lica de Colombia por parte del Instituto Colombiano de Normas T\u00e9cnicas y Certificaci\u00f3n &#8211; INCONTEC &#8211; con vigencia 2024 \u2013 2027. En esta oportunidad se resalt\u00f3 la labor de la coordinadora Sonia Gisela R\u00edos Cruz y la de su equipo de trabajo, dentro de los cuales se cuentan con docentes, investigadores y personal t\u00e9cnico que hacen posible la consecuci\u00f3n de estos logros.<\/li>\n\n\n\n<li>Por otra parte, se dio reconocimiento al egresado Wilmer Yamid Gonz\u00e1lez y a la profesora Mar\u00eda del Pilar Santacruz Ortega por ganar el primer puesto en la categor\u00eda de investigaci\u00f3n en el I Concurso Nacional Feria de Laboratorios de Psicolog\u00eda, realizado el pasado 7 de noviembre en la Universidad de la Costa, con el trabajo de grado de la Maestr\u00eda en Psicolog\u00eda \u201cEfectos de la nicotina en la conducta materna y teratogenia en la conducta emocional en ratas\u201d; en representaci\u00f3n del Laboratorio de la Universidad Cat\u00f3lica de Colombia. Lo que a su vez evidencia la calidad de los recursos con los que cuenta el laboratorio para el desarrollo de proyectos de investigaci\u00f3n.<\/li>\n\n\n\n<li>Adicionalmente, se hizo un reconocimiento a la profesora Eliana Ivette Ortiz Garz\u00f3n por su destacada trayectoria en la investigaci\u00f3n entregada por la Benem\u00e9rita Universidad Aut\u00f3noma de Puebla, M\u00e9xico y la Red Internacional de Mujeres Cient\u00edficas.<br><\/li>\n<\/ul>\n\n\n\n<figure class=\"wp-block-image size-full\"><img fetchpriority=\"high\" decoding=\"async\" width=\"870\" height=\"522\" src=\"https:\/\/www.ucatolica.edu.co\/portal\/wp-content\/uploads\/2024\/11\/OP4372-FotosNoticia-2.jpg\" alt=\"\" class=\"wp-image-113852\"\/><\/figure>\n\n\n\n<p>Estos premios son una forma de resaltar el compromiso y la dedicaci\u00f3n de los psic\u00f3logos en su labor diaria, as\u00ed como su impacto positivo en la comunidad.<\/p>\n\n\n\n<p>El evento conto con la participaci\u00f3n de Juan Pablo P\u00e1ez, Psic\u00f3logo egresado de la Instituci\u00f3n, encargado de realizar la conferencia principal \u201cEl mundo de los perros: neurociencias, aprendizaje y etolog\u00eda: una propuesta integrativa\u201d. En esta charla, se destac\u00f3 la importancia de comprender el comportamiento canino desde una perspectiva cient\u00edfica, integrando conocimientos de neurociencias, aprendizaje y etolog\u00eda. Su enfoque no solo enriqueci\u00f3 la comprensi\u00f3n de la relaci\u00f3n entre humanos y perros, sino que tambi\u00e9n ofreci\u00f3 herramientas pr\u00e1cticas para mejorar la convivencia y el bienestar de nuestras mascotas.<\/p>\n\n\n\n<p>El aporte de Juan Pablo P\u00e1ez resalta el compromiso de la Universidad Cat\u00f3lica de Colombia en formar profesionales que no solo est\u00e1n capacitados en su \u00e1rea de estudio, sino que tambi\u00e9n impactan de manera positiva la vida de las personas y contribuyen activamente al desarrollo social del pa\u00eds.<\/p>\n\n\n\n<figure class=\"wp-block-image size-full\"><img decoding=\"async\" width=\"870\" height=\"522\" src=\"https:\/\/www.ucatolica.edu.co\/portal\/wp-content\/uploads\/2024\/11\/OP4372-FotosNoticia-3.jpg\" alt=\"\" class=\"wp-image-113853\"\/><\/figure>\n\n\n\n<p>La Facultad de Psicolog\u00eda de la Universidad Cat\u00f3lica de Colombia es un referente en investigaci\u00f3n, docencia y extensi\u00f3n, con programas de alta calidad que se evidencian con los logros de sus estudiantes, profesores y egresados en sus campos de acci\u00f3n.<\/p>\n\n\n\n<p><\/p>\n","protected":false},"excerpt":{"rendered":"<p>El 20 de noviembre celebramos a los psic\u00f3logos de la Universidad Cat\u00f3lica de Colombia, una fecha en la que destacamos su esfuerzo y dedicaci\u00f3n. Son ellos quienes se encargan de cuidar la salud mental, guiarnos para fortalecer nuestras relaciones, calidad de vida&nbsp;y&nbsp;bienestar. En la celebraci\u00f3n se convocaron estudiantes, egresados y profesores de la facultad, esto [&hellip;]<\/p>\n","protected":false},"author":4,"featured_media":113851,"comment_status":"open","ping_status":"open","sticky":false,"template":"","format":"standard","meta":{"_acf_changed":false,"advgb_blocks_editor_width":"","advgb_blocks_columns_visual_guide":"","footnotes":""},"categories":[85,93],"tags":[2479,2895,497,2894,959,2896,2013,2556],"class_list":["post-113848","post","type-post","status-publish","format-standard","has-post-thumbnail","hentry","category-facultad-de-psicologia","category-noticias-principales","tag-dia-del-psicologo","tag-el-mundo-de-los-perros","tag-facultad-de-psicologia","tag-icontect","tag-investigacion","tag-juan-pablo-paez","tag-laboratorios-de-psicologia","tag-lapsucc"],"acf":[],"yoast_head":"<!-- This site is optimized with the Yoast SEO plugin v26.7 - https:\/\/yoast.com\/wordpress\/plugins\/seo\/ -->\n<title>\u00a1Conmemoramos el D\u00eda del Psic\u00f3logo con nuestros estudiantes, profesores y egresados! - Universidad Cat\u00f3lica De Colombia<\/title>\n<meta name=\"robots\" content=\"index, follow, max-snippet:-1, max-image-preview:large, max-video-preview:-1\" \/>\n<link rel=\"canonical\" href=\"https:\/\/www.ucatolica.edu.co\/portal\/conmemoramos-el-dia-del-psicologo-con-nuestros-estudiantes-profesores-y-egresados\/\" \/>\n<meta property=\"og:locale\" content=\"es_ES\" \/>\n<meta property=\"og:type\" content=\"article\" \/>\n<meta property=\"og:title\" content=\"\u00a1Conmemoramos el D\u00eda del Psic\u00f3logo con nuestros estudiantes, profesores y egresados! - Universidad Cat\u00f3lica De Colombia\" \/>\n<meta property=\"og:description\" content=\"El 20 de noviembre celebramos a los psic\u00f3logos de la Universidad Cat\u00f3lica de Colombia, una fecha en la que destacamos su esfuerzo y dedicaci\u00f3n. Son ellos quienes se encargan de cuidar la salud mental, guiarnos para fortalecer nuestras relaciones, calidad de vida&nbsp;y&nbsp;bienestar. En la celebraci\u00f3n se convocaron estudiantes, egresados y profesores de la facultad, esto [&hellip;]\" \/>\n<meta property=\"og:url\" content=\"https:\/\/www.ucatolica.edu.co\/portal\/conmemoramos-el-dia-del-psicologo-con-nuestros-estudiantes-profesores-y-egresados\/\" \/>\n<meta property=\"og:site_name\" content=\"Universidad Cat\u00f3lica De Colombia\" \/>\n<meta property=\"article:publisher\" content=\"https:\/\/www.facebook.com\/ucatolicacolombia\" \/>\n<meta property=\"article:published_time\" content=\"2024-11-28T20:03:31+00:00\" \/>\n<meta property=\"article:modified_time\" content=\"2024-11-28T20:04:09+00:00\" \/>\n<meta property=\"og:image\" content=\"https:\/\/www.ucatolica.edu.co\/portal\/wp-content\/uploads\/2024\/11\/OP4372-FotosNoticia-Portada.jpg\" \/>\n\t<meta property=\"og:image:width\" content=\"870\" \/>\n\t<meta property=\"og:image:height\" content=\"522\" \/>\n\t<meta property=\"og:image:type\" content=\"image\/jpeg\" \/>\n<meta name=\"author\" content=\"Cindy Lugo\" \/>\n<meta name=\"twitter:card\" content=\"summary_large_image\" \/>\n<meta name=\"twitter:creator\" content=\"@UCatolicaCol\" \/>\n<meta name=\"twitter:site\" content=\"@UCatolicaCol\" \/>\n<meta name=\"twitter:label1\" content=\"Escrito por\" \/>\n\t<meta name=\"twitter:data1\" content=\"Cindy Lugo\" \/>\n\t<meta name=\"twitter:label2\" content=\"Tiempo de lectura\" \/>\n\t<meta name=\"twitter:data2\" content=\"3 minutos\" \/>\n<script type=\"application\/ld+json\" class=\"yoast-schema-graph\">{\"@context\":\"https:\/\/schema.org\",\"@graph\":[{\"@type\":\"Article\",\"@id\":\"https:\/\/www.ucatolica.edu.co\/portal\/conmemoramos-el-dia-del-psicologo-con-nuestros-estudiantes-profesores-y-egresados\/#article\",\"isPartOf\":{\"@id\":\"https:\/\/www.ucatolica.edu.co\/portal\/conmemoramos-el-dia-del-psicologo-con-nuestros-estudiantes-profesores-y-egresados\/\"},\"author\":{\"name\":\"Cindy Lugo\",\"@id\":\"https:\/\/www.ucatolica.edu.co\/portal\/#\/schema\/person\/a7469afff252fba81c6cdc40c80f00b6\"},\"headline\":\"\u00a1Conmemoramos el D\u00eda del Psic\u00f3logo con nuestros estudiantes, profesores y egresados!\",\"datePublished\":\"2024-11-28T20:03:31+00:00\",\"dateModified\":\"2024-11-28T20:04:09+00:00\",\"mainEntityOfPage\":{\"@id\":\"https:\/\/www.ucatolica.edu.co\/portal\/conmemoramos-el-dia-del-psicologo-con-nuestros-estudiantes-profesores-y-egresados\/\"},\"wordCount\":636,\"commentCount\":0,\"publisher\":{\"@id\":\"https:\/\/www.ucatolica.edu.co\/portal\/#organization\"},\"image\":{\"@id\":\"https:\/\/www.ucatolica.edu.co\/portal\/conmemoramos-el-dia-del-psicologo-con-nuestros-estudiantes-profesores-y-egresados\/#primaryimage\"},\"thumbnailUrl\":\"https:\/\/www.ucatolica.edu.co\/portal\/wp-content\/uploads\/2024\/11\/OP4372-FotosNoticia-Portada.jpg\",\"keywords\":[\"D\u00eda del Psic\u00f3logo\",\"El mundo de los perros\",\"Facultad de Psicolog\u00eda\",\"Icontect\",\"Investigaci\u00f3n\",\"Juan Pablo P\u00e1ez\",\"Laboratorios de Psicolog\u00eda\",\"LAPSUCC\"],\"articleSection\":[\"Facultad de Psicolog\u00eda\",\"Noticias Principales\"],\"inLanguage\":\"es-CO\"},{\"@type\":\"WebPage\",\"@id\":\"https:\/\/www.ucatolica.edu.co\/portal\/conmemoramos-el-dia-del-psicologo-con-nuestros-estudiantes-profesores-y-egresados\/\",\"url\":\"https:\/\/www.ucatolica.edu.co\/portal\/conmemoramos-el-dia-del-psicologo-con-nuestros-estudiantes-profesores-y-egresados\/\",\"name\":\"\u00a1Conmemoramos el D\u00eda del Psic\u00f3logo con nuestros estudiantes, profesores y egresados! - Universidad Cat\u00f3lica De Colombia\",\"isPartOf\":{\"@id\":\"https:\/\/www.ucatolica.edu.co\/portal\/#website\"},\"primaryImageOfPage\":{\"@id\":\"https:\/\/www.ucatolica.edu.co\/portal\/conmemoramos-el-dia-del-psicologo-con-nuestros-estudiantes-profesores-y-egresados\/#primaryimage\"},\"image\":{\"@id\":\"https:\/\/www.ucatolica.edu.co\/portal\/conmemoramos-el-dia-del-psicologo-con-nuestros-estudiantes-profesores-y-egresados\/#primaryimage\"},\"thumbnailUrl\":\"https:\/\/www.ucatolica.edu.co\/portal\/wp-content\/uploads\/2024\/11\/OP4372-FotosNoticia-Portada.jpg\",\"datePublished\":\"2024-11-28T20:03:31+00:00\",\"dateModified\":\"2024-11-28T20:04:09+00:00\",\"breadcrumb\":{\"@id\":\"https:\/\/www.ucatolica.edu.co\/portal\/conmemoramos-el-dia-del-psicologo-con-nuestros-estudiantes-profesores-y-egresados\/#breadcrumb\"},\"inLanguage\":\"es-CO\",\"potentialAction\":[{\"@type\":\"ReadAction\",\"target\":[\"https:\/\/www.ucatolica.edu.co\/portal\/conmemoramos-el-dia-del-psicologo-con-nuestros-estudiantes-profesores-y-egresados\/\"]}]},{\"@type\":\"ImageObject\",\"inLanguage\":\"es-CO\",\"@id\":\"https:\/\/www.ucatolica.edu.co\/portal\/conmemoramos-el-dia-del-psicologo-con-nuestros-estudiantes-profesores-y-egresados\/#primaryimage\",\"url\":\"https:\/\/www.ucatolica.edu.co\/portal\/wp-content\/uploads\/2024\/11\/OP4372-FotosNoticia-Portada.jpg\",\"contentUrl\":\"https:\/\/www.ucatolica.edu.co\/portal\/wp-content\/uploads\/2024\/11\/OP4372-FotosNoticia-Portada.jpg\",\"width\":870,\"height\":522,\"caption\":\"Administrativos Facultad de Psicolog\u00eda\"},{\"@type\":\"BreadcrumbList\",\"@id\":\"https:\/\/www.ucatolica.edu.co\/portal\/conmemoramos-el-dia-del-psicologo-con-nuestros-estudiantes-profesores-y-egresados\/#breadcrumb\",\"itemListElement\":[{\"@type\":\"ListItem\",\"position\":1,\"name\":\"Inicio\",\"item\":\"https:\/\/www.ucatolica.edu.co\/portal\/\"},{\"@type\":\"ListItem\",\"position\":2,\"name\":\"\u00a1Conmemoramos el D\u00eda del Psic\u00f3logo con nuestros estudiantes, profesores y egresados!\"}]},{\"@type\":\"WebSite\",\"@id\":\"https:\/\/www.ucatolica.edu.co\/portal\/#website\",\"url\":\"https:\/\/www.ucatolica.edu.co\/portal\/\",\"name\":\"Universidad Cat\u00f3lica De Colombia\",\"description\":\"Universidad Cat\u00f3lica De Colombia\",\"publisher\":{\"@id\":\"https:\/\/www.ucatolica.edu.co\/portal\/#organization\"},\"potentialAction\":[{\"@type\":\"SearchAction\",\"target\":{\"@type\":\"EntryPoint\",\"urlTemplate\":\"https:\/\/www.ucatolica.edu.co\/portal\/?s={search_term_string}\"},\"query-input\":{\"@type\":\"PropertyValueSpecification\",\"valueRequired\":true,\"valueName\":\"search_term_string\"}}],\"inLanguage\":\"es-CO\"},{\"@type\":\"Organization\",\"@id\":\"https:\/\/www.ucatolica.edu.co\/portal\/#organization\",\"name\":\"Universidad Cat\u00f3lica de Colombia\",\"url\":\"https:\/\/www.ucatolica.edu.co\/portal\/\",\"logo\":{\"@type\":\"ImageObject\",\"inLanguage\":\"es-CO\",\"@id\":\"https:\/\/www.ucatolica.edu.co\/portal\/#\/schema\/logo\/image\/\",\"url\":\"https:\/\/www.ucatolica.edu.co\/portal\/wp-content\/uploads\/2021\/06\/logo-header-ho-1.svg\",\"contentUrl\":\"https:\/\/www.ucatolica.edu.co\/portal\/wp-content\/uploads\/2021\/06\/logo-header-ho-1.svg\",\"width\":1,\"height\":1,\"caption\":\"Universidad Cat\u00f3lica de Colombia\"},\"image\":{\"@id\":\"https:\/\/www.ucatolica.edu.co\/portal\/#\/schema\/logo\/image\/\"},\"sameAs\":[\"https:\/\/www.facebook.com\/ucatolicacolombia\",\"https:\/\/x.com\/UCatolicaCol\",\"https:\/\/www.instagram.com\/universidadcatolicadecolombia\/\",\"https:\/\/www.linkedin.com\/company\/universidadcatolicadecolombia\/\",\"https:\/\/www.youtube.com\/user\/UCatolicaCo\"]},{\"@type\":\"Person\",\"@id\":\"https:\/\/www.ucatolica.edu.co\/portal\/#\/schema\/person\/a7469afff252fba81c6cdc40c80f00b6\",\"name\":\"Cindy Lugo\",\"url\":\"https:\/\/www.ucatolica.edu.co\/portal\/author\/cindy\/\"}]}<\/script>\n<!-- \/ Yoast SEO plugin. -->","yoast_head_json":{"title":"\u00a1Conmemoramos el D\u00eda del Psic\u00f3logo con nuestros estudiantes, profesores y egresados! - Universidad Cat\u00f3lica De Colombia","robots":{"index":"index","follow":"follow","max-snippet":"max-snippet:-1","max-image-preview":"max-image-preview:large","max-video-preview":"max-video-preview:-1"},"canonical":"https:\/\/www.ucatolica.edu.co\/portal\/conmemoramos-el-dia-del-psicologo-con-nuestros-estudiantes-profesores-y-egresados\/","og_locale":"es_ES","og_type":"article","og_title":"\u00a1Conmemoramos el D\u00eda del Psic\u00f3logo con nuestros estudiantes, profesores y egresados! - Universidad Cat\u00f3lica De Colombia","og_description":"El 20 de noviembre celebramos a los psic\u00f3logos de la Universidad Cat\u00f3lica de Colombia, una fecha en la que destacamos su esfuerzo y dedicaci\u00f3n. Son ellos quienes se encargan de cuidar la salud mental, guiarnos para fortalecer nuestras relaciones, calidad de vida&nbsp;y&nbsp;bienestar. En la celebraci\u00f3n se convocaron estudiantes, egresados y profesores de la facultad, esto [&hellip;]","og_url":"https:\/\/www.ucatolica.edu.co\/portal\/conmemoramos-el-dia-del-psicologo-con-nuestros-estudiantes-profesores-y-egresados\/","og_site_name":"Universidad Cat\u00f3lica De Colombia","article_publisher":"https:\/\/www.facebook.com\/ucatolicacolombia","article_published_time":"2024-11-28T20:03:31+00:00","article_modified_time":"2024-11-28T20:04:09+00:00","og_image":[{"width":870,"height":522,"url":"https:\/\/www.ucatolica.edu.co\/portal\/wp-content\/uploads\/2024\/11\/OP4372-FotosNoticia-Portada.jpg","type":"image\/jpeg"}],"author":"Cindy Lugo","twitter_card":"summary_large_image","twitter_creator":"@UCatolicaCol","twitter_site":"@UCatolicaCol","twitter_misc":{"Escrito por":"Cindy Lugo","Tiempo de lectura":"3 minutos"},"schema":{"@context":"https:\/\/schema.org","@graph":[{"@type":"Article","@id":"https:\/\/www.ucatolica.edu.co\/portal\/conmemoramos-el-dia-del-psicologo-con-nuestros-estudiantes-profesores-y-egresados\/#article","isPartOf":{"@id":"https:\/\/www.ucatolica.edu.co\/portal\/conmemoramos-el-dia-del-psicologo-con-nuestros-estudiantes-profesores-y-egresados\/"},"author":{"name":"Cindy Lugo","@id":"https:\/\/www.ucatolica.edu.co\/portal\/#\/schema\/person\/a7469afff252fba81c6cdc40c80f00b6"},"headline":"\u00a1Conmemoramos el D\u00eda del Psic\u00f3logo con nuestros estudiantes, profesores y egresados!","datePublished":"2024-11-28T20:03:31+00:00","dateModified":"2024-11-28T20:04:09+00:00","mainEntityOfPage":{"@id":"https:\/\/www.ucatolica.edu.co\/portal\/conmemoramos-el-dia-del-psicologo-con-nuestros-estudiantes-profesores-y-egresados\/"},"wordCount":636,"commentCount":0,"publisher":{"@id":"https:\/\/www.ucatolica.edu.co\/portal\/#organization"},"image":{"@id":"https:\/\/www.ucatolica.edu.co\/portal\/conmemoramos-el-dia-del-psicologo-con-nuestros-estudiantes-profesores-y-egresados\/#primaryimage"},"thumbnailUrl":"https:\/\/www.ucatolica.edu.co\/portal\/wp-content\/uploads\/2024\/11\/OP4372-FotosNoticia-Portada.jpg","keywords":["D\u00eda del Psic\u00f3logo","El mundo de los perros","Facultad de Psicolog\u00eda","Icontect","Investigaci\u00f3n","Juan Pablo P\u00e1ez","Laboratorios de Psicolog\u00eda","LAPSUCC"],"articleSection":["Facultad de Psicolog\u00eda","Noticias Principales"],"inLanguage":"es-CO"},{"@type":"WebPage","@id":"https:\/\/www.ucatolica.edu.co\/portal\/conmemoramos-el-dia-del-psicologo-con-nuestros-estudiantes-profesores-y-egresados\/","url":"https:\/\/www.ucatolica.edu.co\/portal\/conmemoramos-el-dia-del-psicologo-con-nuestros-estudiantes-profesores-y-egresados\/","name":"\u00a1Conmemoramos el D\u00eda del Psic\u00f3logo con nuestros estudiantes, profesores y egresados! - Universidad Cat\u00f3lica De Colombia","isPartOf":{"@id":"https:\/\/www.ucatolica.edu.co\/portal\/#website"},"primaryImageOfPage":{"@id":"https:\/\/www.ucatolica.edu.co\/portal\/conmemoramos-el-dia-del-psicologo-con-nuestros-estudiantes-profesores-y-egresados\/#primaryimage"},"image":{"@id":"https:\/\/www.ucatolica.edu.co\/portal\/conmemoramos-el-dia-del-psicologo-con-nuestros-estudiantes-profesores-y-egresados\/#primaryimage"},"thumbnailUrl":"https:\/\/www.ucatolica.edu.co\/portal\/wp-content\/uploads\/2024\/11\/OP4372-FotosNoticia-Portada.jpg","datePublished":"2024-11-28T20:03:31+00:00","dateModified":"2024-11-28T20:04:09+00:00","breadcrumb":{"@id":"https:\/\/www.ucatolica.edu.co\/portal\/conmemoramos-el-dia-del-psicologo-con-nuestros-estudiantes-profesores-y-egresados\/#breadcrumb"},"inLanguage":"es-CO","potentialAction":[{"@type":"ReadAction","target":["https:\/\/www.ucatolica.edu.co\/portal\/conmemoramos-el-dia-del-psicologo-con-nuestros-estudiantes-profesores-y-egresados\/"]}]},{"@type":"ImageObject","inLanguage":"es-CO","@id":"https:\/\/www.ucatolica.edu.co\/portal\/conmemoramos-el-dia-del-psicologo-con-nuestros-estudiantes-profesores-y-egresados\/#primaryimage","url":"https:\/\/www.ucatolica.edu.co\/portal\/wp-content\/uploads\/2024\/11\/OP4372-FotosNoticia-Portada.jpg","contentUrl":"https:\/\/www.ucatolica.edu.co\/portal\/wp-content\/uploads\/2024\/11\/OP4372-FotosNoticia-Portada.jpg","width":870,"height":522,"caption":"Administrativos Facultad de Psicolog\u00eda"},{"@type":"BreadcrumbList","@id":"https:\/\/www.ucatolica.edu.co\/portal\/conmemoramos-el-dia-del-psicologo-con-nuestros-estudiantes-profesores-y-egresados\/#breadcrumb","itemListElement":[{"@type":"ListItem","position":1,"name":"Inicio","item":"https:\/\/www.ucatolica.edu.co\/portal\/"},{"@type":"ListItem","position":2,"name":"\u00a1Conmemoramos el D\u00eda del Psic\u00f3logo con nuestros estudiantes, profesores y egresados!"}]},{"@type":"WebSite","@id":"https:\/\/www.ucatolica.edu.co\/portal\/#website","url":"https:\/\/www.ucatolica.edu.co\/portal\/","name":"Universidad Cat\u00f3lica De Colombia","description":"Universidad Cat\u00f3lica De Colombia","publisher":{"@id":"https:\/\/www.ucatolica.edu.co\/portal\/#organization"},"potentialAction":[{"@type":"SearchAction","target":{"@type":"EntryPoint","urlTemplate":"https:\/\/www.ucatolica.edu.co\/portal\/?s={search_term_string}"},"query-input":{"@type":"PropertyValueSpecification","valueRequired":true,"valueName":"search_term_string"}}],"inLanguage":"es-CO"},{"@type":"Organization","@id":"https:\/\/www.ucatolica.edu.co\/portal\/#organization","name":"Universidad Cat\u00f3lica de Colombia","url":"https:\/\/www.ucatolica.edu.co\/portal\/","logo":{"@type":"ImageObject","inLanguage":"es-CO","@id":"https:\/\/www.ucatolica.edu.co\/portal\/#\/schema\/logo\/image\/","url":"https:\/\/www.ucatolica.edu.co\/portal\/wp-content\/uploads\/2021\/06\/logo-header-ho-1.svg","contentUrl":"https:\/\/www.ucatolica.edu.co\/portal\/wp-content\/uploads\/2021\/06\/logo-header-ho-1.svg","width":1,"height":1,"caption":"Universidad Cat\u00f3lica de Colombia"},"image":{"@id":"https:\/\/www.ucatolica.edu.co\/portal\/#\/schema\/logo\/image\/"},"sameAs":["https:\/\/www.facebook.com\/ucatolicacolombia","https:\/\/x.com\/UCatolicaCol","https:\/\/www.instagram.com\/universidadcatolicadecolombia\/","https:\/\/www.linkedin.com\/company\/universidadcatolicadecolombia\/","https:\/\/www.youtube.com\/user\/UCatolicaCo"]},{"@type":"Person","@id":"https:\/\/www.ucatolica.edu.co\/portal\/#\/schema\/person\/a7469afff252fba81c6cdc40c80f00b6","name":"Cindy Lugo","url":"https:\/\/www.ucatolica.edu.co\/portal\/author\/cindy\/"}]}},"author_meta":{"display_name":"Cindy Lugo","author_link":"https:\/\/www.ucatolica.edu.co\/portal\/author\/cindy\/"},"featured_img":"https:\/\/www.ucatolica.edu.co\/portal\/wp-content\/uploads\/2024\/11\/OP4372-FotosNoticia-Portada.jpg","coauthors":[],"tax_additional":{"categories":{"linked":["<a href=\"https:\/\/www.ucatolica.edu.co\/portal\/category\/facultad-de-psicologia\/\" class=\"advgb-post-tax-term\">Facultad de Psicolog\u00eda<\/a>","<a href=\"https:\/\/www.ucatolica.edu.co\/portal\/category\/noticias-principales\/\" class=\"advgb-post-tax-term\">Noticias Principales<\/a>"],"unlinked":["<span class=\"advgb-post-tax-term\">Facultad de Psicolog\u00eda<\/span>","<span class=\"advgb-post-tax-term\">Noticias Principales<\/span>"]},"tags":{"linked":["<a href=\"https:\/\/www.ucatolica.edu.co\/portal\/category\/noticias-principales\/\" class=\"advgb-post-tax-term\">D\u00eda del Psic\u00f3logo<\/a>","<a href=\"https:\/\/www.ucatolica.edu.co\/portal\/category\/noticias-principales\/\" class=\"advgb-post-tax-term\">El mundo de los perros<\/a>","<a href=\"https:\/\/www.ucatolica.edu.co\/portal\/category\/noticias-principales\/\" class=\"advgb-post-tax-term\">Facultad de Psicolog\u00eda<\/a>","<a href=\"https:\/\/www.ucatolica.edu.co\/portal\/category\/noticias-principales\/\" class=\"advgb-post-tax-term\">Icontect<\/a>","<a href=\"https:\/\/www.ucatolica.edu.co\/portal\/category\/noticias-principales\/\" class=\"advgb-post-tax-term\">Investigaci\u00f3n<\/a>","<a href=\"https:\/\/www.ucatolica.edu.co\/portal\/category\/noticias-principales\/\" class=\"advgb-post-tax-term\">Juan Pablo P\u00e1ez<\/a>","<a href=\"https:\/\/www.ucatolica.edu.co\/portal\/category\/noticias-principales\/\" class=\"advgb-post-tax-term\">Laboratorios de Psicolog\u00eda<\/a>","<a href=\"https:\/\/www.ucatolica.edu.co\/portal\/category\/noticias-principales\/\" class=\"advgb-post-tax-term\">LAPSUCC<\/a>"],"unlinked":["<span class=\"advgb-post-tax-term\">D\u00eda del Psic\u00f3logo<\/span>","<span class=\"advgb-post-tax-term\">El mundo de los perros<\/span>","<span class=\"advgb-post-tax-term\">Facultad de Psicolog\u00eda<\/span>","<span class=\"advgb-post-tax-term\">Icontect<\/span>","<span class=\"advgb-post-tax-term\">Investigaci\u00f3n<\/span>","<span class=\"advgb-post-tax-term\">Juan Pablo P\u00e1ez<\/span>","<span class=\"advgb-post-tax-term\">Laboratorios de Psicolog\u00eda<\/span>","<span class=\"advgb-post-tax-term\">LAPSUCC<\/span>"]}},"comment_count":"0","relative_dates":{"created":"Posted 1 a\u00f1o ago","modified":"Updated 1 a\u00f1o ago"},"absolute_dates":{"created":"Posted on 28 noviembre, 2024","modified":"Updated on 28 noviembre, 2024"},"absolute_dates_time":{"created":"Posted on 28 noviembre, 2024 3:03 pm","modified":"Updated on 28 noviembre, 2024 3:04 pm"},"featured_img_caption":"","series_order":"","_links":{"self":[{"href":"https:\/\/www.ucatolica.edu.co\/portal\/wp-json\/wp\/v2\/posts\/113848","targetHints":{"allow":["GET"]}}],"collection":[{"href":"https:\/\/www.ucatolica.edu.co\/portal\/wp-json\/wp\/v2\/posts"}],"about":[{"href":"https:\/\/www.ucatolica.edu.co\/portal\/wp-json\/wp\/v2\/types\/post"}],"author":[{"embeddable":true,"href":"https:\/\/www.ucatolica.edu.co\/portal\/wp-json\/wp\/v2\/users\/4"}],"replies":[{"embeddable":true,"href":"https:\/\/www.ucatolica.edu.co\/portal\/wp-json\/wp\/v2\/comments?post=113848"}],"version-history":[{"count":1,"href":"https:\/\/www.ucatolica.edu.co\/portal\/wp-json\/wp\/v2\/posts\/113848\/revisions"}],"predecessor-version":[{"id":113854,"href":"https:\/\/www.ucatolica.edu.co\/portal\/wp-json\/wp\/v2\/posts\/113848\/revisions\/113854"}],"wp:featuredmedia":[{"embeddable":true,"href":"https:\/\/www.ucatolica.edu.co\/portal\/wp-json\/wp\/v2\/media\/113851"}],"wp:attachment":[{"href":"https:\/\/www.ucatolica.edu.co\/portal\/wp-json\/wp\/v2\/media?parent=113848"}],"wp:term":[{"taxonomy":"category","embeddable":true,"href":"https:\/\/www.ucatolica.edu.co\/portal\/wp-json\/wp\/v2\/categories?post=113848"},{"taxonomy":"post_tag","embeddable":true,"href":"https:\/\/www.ucatolica.edu.co\/portal\/wp-json\/wp\/v2\/tags?post=113848"}],"curies":[{"name":"wp","href":"https:\/\/api.w.org\/{rel}","templated":true}]}}