{"id":114917,"date":"2025-01-31T16:23:30","date_gmt":"2025-01-31T21:23:30","guid":{"rendered":"https:\/\/www.ucatolica.edu.co\/portal\/?p=114917"},"modified":"2025-02-04T09:10:03","modified_gmt":"2025-02-04T14:10:03","slug":"profundiza-las-conexiones-lusofonas-con-el-curso-corto-de-la-cultura-angolena","status":"publish","type":"post","link":"https:\/\/www.ucatolica.edu.co\/portal\/profundiza-las-conexiones-lusofonas-con-el-curso-corto-de-la-cultura-angolena\/","title":{"rendered":"Profundiza las conexiones lus\u00f3fonas con el curso corto de la Cultura Angole\u00f1a"},"content":{"rendered":"\n<p>La Universidad Cat\u00f3lica de Colombia, en colaboraci\u00f3n con la Universidad Federal de Minas Gerais \ud83c\udde7\ud83c\uddf7 y la Universidad Cat\u00f3lica de Angola \ud83c\udde6\ud83c\uddf4, llevar\u00e1 a cabo la segunda fase del proyecto <strong>Conexiones Lus\u00f3fonas<\/strong>: <strong>Fortalecimiento de v\u00ednculos culturales entre Colombia, Brasil y Angola a trav\u00e9s del portugu\u00e9s y la cultura africana<\/strong>. En esta fase, se ofrecer\u00e1 un curso corto de la cultura angole\u00f1a dise\u00f1ado para promover el intercambio cultural y fortalecer los lazos entre estos tres pa\u00edses.<\/p>\n\n\n\n<p><strong>\ud83d\uddd3 Fechas del curso:<\/strong> Del 17 al 28 de febrero de 2025.<br><strong>\u23f3 Duraci\u00f3n:<\/strong> 20 horas.<br><strong>\u23f0 Horario:<\/strong> Se definir\u00e1 al cierre de las inscripciones.<\/p>\n\n\n\n<p><strong>\ud83d\udcc5<\/strong><strong> Inscripciones abiertas hasta el lunes 10 de febrero de 2025<\/strong>. \u00a1No te lo pierdas!<br><strong>\ud83d\udd17<\/strong><strong> <\/strong><a href=\"https:\/\/forms.office.com\/r\/2srijRSc4x\">https:\/\/forms.office.com\/r\/2srijRSc4x<\/a><\/p>\n\n\n\n<p>Este curso no requiere conocimientos previos de portugu\u00e9s \ud83c\uddf5\ud83c\uddf9. Durante las sesiones, los participantes tendr\u00e1n la oportunidad de explorar diversos temas relacionados con la cultura angole\u00f1a, como la <strong>realidad socio-antropol\u00f3gica<\/strong> del pa\u00eds, su <strong>diversidad ling\u00fc\u00edstica<\/strong>, su rica <strong>gastronom\u00eda<\/strong>, <strong>m\u00fasica<\/strong>, <strong>danzas<\/strong>, y mucho m\u00e1s.<\/p>\n\n\n\n<p><strong>\ud83d\udcdd Contenidos del mini curso (20 horas totales)<\/strong><br><strong>M\u00f3dulo 1:<\/strong> Realidad socio-antropol\u00f3gica e hist\u00f3rica de Angola (2 horas)<br><strong>M\u00f3dulo 2:<\/strong> Pueblo y lenguas de Angola \u2013 situaci\u00f3n etnolingu\u00edstica (2 horas)<br><strong>M\u00f3dulo 3:<\/strong> La lengua portuguesa (LP) en Angola (2 horas)<br><strong>M\u00f3dulo 4:<\/strong> Din\u00e1mica variacionista de la LP en Angola \u2013 variedad del portugu\u00e9s de Angola (2 horas)<br><strong>M\u00f3dulo 5:<\/strong> Subs\u00eddios de la literatura angolana en LP \u2013 tradici\u00f3n oral y modernidad (2 horas)<br><strong>M\u00f3dulo 6:<\/strong> Potencial tur\u00edstico de Angola: sitios y monumentos angolanos, reservas y parques naturales, las siete maravillas de Angola (2 horas)<br><strong>M\u00f3dulo 7:<\/strong> Diversidad y riqueza gastron\u00f3mica de Angola (2 horas)<br><strong>M\u00f3dulo 8:<\/strong> M\u00fasica y danzas de Angola \u2013 la tradici\u00f3n folcl\u00f3rica y los estilos modernos (2 horas)<br><strong>M\u00f3dulo 9:<\/strong> Cinema angolano \u2013 proyecci\u00f3n del filme <em>O Comboio da Canhoca<\/em> (1989)  (1h30 horas)<\/p>\n\n\n\n<p><strong>\ud83d\udcca<\/strong><strong> Evaluaci\u00f3n del mini-curso:<\/strong> 30 minutos.<\/p>\n\n\n\n<p><strong>Invitado especial:<\/strong> <strong>No\u00e9 Francisco Da Costa<\/strong>, profesor de la Universidad Cat\u00f3lica de Angola, ser\u00e1 el encargado de guiar este fascinante recorrido por la cultura de Angola. \ud83c\udf0d\ud83d\udcda<\/p>\n\n\n\n<p><strong>M\u00e1s informaci\u00f3n:<\/strong><\/p>\n\n\n\n<p><a href=\"mailto:relacionesinternacionales@ucatolica.edu.co%20%0b\">relacionesinternacionales@ucatolica.edu.co<br><\/a>Tel\u00e9fono: (601) 443 37 00 Ext: 3283<\/p>\n\n\n\n<figure class=\"wp-block-image size-full is-resized\"><img fetchpriority=\"high\" decoding=\"async\" width=\"1071\" height=\"278\" src=\"https:\/\/www.ucatolica.edu.co\/portal\/wp-content\/uploads\/2023\/07\/logo-manejo-02.png\" alt=\"Logo horizontal icetex\" class=\"wp-image-95981\" style=\"width:257px;height:auto\"\/><\/figure>\n","protected":false},"excerpt":{"rendered":"<p>La Universidad Cat\u00f3lica de Colombia, en colaboraci\u00f3n con la Universidad Federal de Minas Gerais \ud83c\udde7\ud83c\uddf7 y la Universidad Cat\u00f3lica de Angola \ud83c\udde6\ud83c\uddf4, llevar\u00e1 a cabo la segunda fase del proyecto Conexiones Lus\u00f3fonas: Fortalecimiento de v\u00ednculos culturales entre Colombia, Brasil y Angola a trav\u00e9s del portugu\u00e9s y la cultura africana. En esta fase, se ofrecer\u00e1 un [&hellip;]<\/p>\n","protected":false},"author":61,"featured_media":115072,"comment_status":"open","ping_status":"open","sticky":false,"template":"","format":"standard","meta":{"_acf_changed":false,"advgb_blocks_editor_width":"","advgb_blocks_columns_visual_guide":"","footnotes":""},"categories":[93,531],"tags":[2978,479],"class_list":["post-114917","post","type-post","status-publish","format-standard","has-post-thumbnail","hentry","category-noticias-principales","category-orii","tag-cultura-angolena","tag-orii"],"acf":[],"yoast_head":"<!-- This site is optimized with the Yoast SEO plugin v26.7 - https:\/\/yoast.com\/wordpress\/plugins\/seo\/ -->\n<title>Profundiza las conexiones lus\u00f3fonas con el curso corto de la Cultura Angole\u00f1a - Universidad Cat\u00f3lica De Colombia<\/title>\n<meta name=\"robots\" content=\"index, follow, max-snippet:-1, max-image-preview:large, max-video-preview:-1\" \/>\n<link rel=\"canonical\" href=\"https:\/\/www.ucatolica.edu.co\/portal\/profundiza-las-conexiones-lusofonas-con-el-curso-corto-de-la-cultura-angolena\/\" \/>\n<meta property=\"og:locale\" content=\"es_ES\" \/>\n<meta property=\"og:type\" content=\"article\" \/>\n<meta property=\"og:title\" content=\"Profundiza las conexiones lus\u00f3fonas con el curso corto de la Cultura Angole\u00f1a - Universidad Cat\u00f3lica De Colombia\" \/>\n<meta property=\"og:description\" content=\"La Universidad Cat\u00f3lica de Colombia, en colaboraci\u00f3n con la Universidad Federal de Minas Gerais \ud83c\udde7\ud83c\uddf7 y la Universidad Cat\u00f3lica de Angola \ud83c\udde6\ud83c\uddf4, llevar\u00e1 a cabo la segunda fase del proyecto Conexiones Lus\u00f3fonas: Fortalecimiento de v\u00ednculos culturales entre Colombia, Brasil y Angola a trav\u00e9s del portugu\u00e9s y la cultura africana. En esta fase, se ofrecer\u00e1 un [&hellip;]\" \/>\n<meta property=\"og:url\" content=\"https:\/\/www.ucatolica.edu.co\/portal\/profundiza-las-conexiones-lusofonas-con-el-curso-corto-de-la-cultura-angolena\/\" \/>\n<meta property=\"og:site_name\" content=\"Universidad Cat\u00f3lica De Colombia\" \/>\n<meta property=\"article:publisher\" content=\"https:\/\/www.facebook.com\/ucatolicacolombia\" \/>\n<meta property=\"article:published_time\" content=\"2025-01-31T21:23:30+00:00\" \/>\n<meta property=\"article:modified_time\" content=\"2025-02-04T14:10:03+00:00\" \/>\n<meta property=\"og:image\" content=\"https:\/\/www.ucatolica.edu.co\/portal\/wp-content\/uploads\/2025\/01\/bandera-de-paises-lusofonos.jpg\" \/>\n\t<meta property=\"og:image:width\" content=\"870\" \/>\n\t<meta property=\"og:image:height\" content=\"522\" \/>\n\t<meta property=\"og:image:type\" content=\"image\/jpeg\" \/>\n<meta name=\"author\" content=\"Leidy Dayanna Jaramillo Tavera\" \/>\n<meta name=\"twitter:card\" content=\"summary_large_image\" \/>\n<meta name=\"twitter:creator\" content=\"@UCatolicaCol\" \/>\n<meta name=\"twitter:site\" content=\"@UCatolicaCol\" \/>\n<meta name=\"twitter:label1\" content=\"Escrito por\" \/>\n\t<meta name=\"twitter:data1\" content=\"Leidy Dayanna Jaramillo Tavera\" \/>\n\t<meta name=\"twitter:label2\" content=\"Tiempo de lectura\" \/>\n\t<meta name=\"twitter:data2\" content=\"2 minutos\" \/>\n<script type=\"application\/ld+json\" class=\"yoast-schema-graph\">{\"@context\":\"https:\/\/schema.org\",\"@graph\":[{\"@type\":\"Article\",\"@id\":\"https:\/\/www.ucatolica.edu.co\/portal\/profundiza-las-conexiones-lusofonas-con-el-curso-corto-de-la-cultura-angolena\/#article\",\"isPartOf\":{\"@id\":\"https:\/\/www.ucatolica.edu.co\/portal\/profundiza-las-conexiones-lusofonas-con-el-curso-corto-de-la-cultura-angolena\/\"},\"author\":{\"name\":\"Leidy Dayanna Jaramillo Tavera\",\"@id\":\"https:\/\/www.ucatolica.edu.co\/portal\/#\/schema\/person\/c03ebc5b4f80ce7b8947aa9ddece408a\"},\"headline\":\"Profundiza las conexiones lus\u00f3fonas con el curso corto de la Cultura Angole\u00f1a\",\"datePublished\":\"2025-01-31T21:23:30+00:00\",\"dateModified\":\"2025-02-04T14:10:03+00:00\",\"mainEntityOfPage\":{\"@id\":\"https:\/\/www.ucatolica.edu.co\/portal\/profundiza-las-conexiones-lusofonas-con-el-curso-corto-de-la-cultura-angolena\/\"},\"wordCount\":363,\"commentCount\":0,\"publisher\":{\"@id\":\"https:\/\/www.ucatolica.edu.co\/portal\/#organization\"},\"image\":{\"@id\":\"https:\/\/www.ucatolica.edu.co\/portal\/profundiza-las-conexiones-lusofonas-con-el-curso-corto-de-la-cultura-angolena\/#primaryimage\"},\"thumbnailUrl\":\"https:\/\/www.ucatolica.edu.co\/portal\/wp-content\/uploads\/2025\/01\/bandera-de-paises-lusofonos.jpg\",\"keywords\":[\"Cultura Angole\u00f1a\",\"ORII\"],\"articleSection\":[\"Noticias Principales\",\"ORII\"],\"inLanguage\":\"es-CO\"},{\"@type\":\"WebPage\",\"@id\":\"https:\/\/www.ucatolica.edu.co\/portal\/profundiza-las-conexiones-lusofonas-con-el-curso-corto-de-la-cultura-angolena\/\",\"url\":\"https:\/\/www.ucatolica.edu.co\/portal\/profundiza-las-conexiones-lusofonas-con-el-curso-corto-de-la-cultura-angolena\/\",\"name\":\"Profundiza las conexiones lus\u00f3fonas con el curso corto de la Cultura Angole\u00f1a - Universidad Cat\u00f3lica De Colombia\",\"isPartOf\":{\"@id\":\"https:\/\/www.ucatolica.edu.co\/portal\/#website\"},\"primaryImageOfPage\":{\"@id\":\"https:\/\/www.ucatolica.edu.co\/portal\/profundiza-las-conexiones-lusofonas-con-el-curso-corto-de-la-cultura-angolena\/#primaryimage\"},\"image\":{\"@id\":\"https:\/\/www.ucatolica.edu.co\/portal\/profundiza-las-conexiones-lusofonas-con-el-curso-corto-de-la-cultura-angolena\/#primaryimage\"},\"thumbnailUrl\":\"https:\/\/www.ucatolica.edu.co\/portal\/wp-content\/uploads\/2025\/01\/bandera-de-paises-lusofonos.jpg\",\"datePublished\":\"2025-01-31T21:23:30+00:00\",\"dateModified\":\"2025-02-04T14:10:03+00:00\",\"breadcrumb\":{\"@id\":\"https:\/\/www.ucatolica.edu.co\/portal\/profundiza-las-conexiones-lusofonas-con-el-curso-corto-de-la-cultura-angolena\/#breadcrumb\"},\"inLanguage\":\"es-CO\",\"potentialAction\":[{\"@type\":\"ReadAction\",\"target\":[\"https:\/\/www.ucatolica.edu.co\/portal\/profundiza-las-conexiones-lusofonas-con-el-curso-corto-de-la-cultura-angolena\/\"]}]},{\"@type\":\"ImageObject\",\"inLanguage\":\"es-CO\",\"@id\":\"https:\/\/www.ucatolica.edu.co\/portal\/profundiza-las-conexiones-lusofonas-con-el-curso-corto-de-la-cultura-angolena\/#primaryimage\",\"url\":\"https:\/\/www.ucatolica.edu.co\/portal\/wp-content\/uploads\/2025\/01\/bandera-de-paises-lusofonos.jpg\",\"contentUrl\":\"https:\/\/www.ucatolica.edu.co\/portal\/wp-content\/uploads\/2025\/01\/bandera-de-paises-lusofonos.jpg\",\"width\":870,\"height\":522,\"caption\":\"bandera-de-paises-lusofonos\"},{\"@type\":\"BreadcrumbList\",\"@id\":\"https:\/\/www.ucatolica.edu.co\/portal\/profundiza-las-conexiones-lusofonas-con-el-curso-corto-de-la-cultura-angolena\/#breadcrumb\",\"itemListElement\":[{\"@type\":\"ListItem\",\"position\":1,\"name\":\"Inicio\",\"item\":\"https:\/\/www.ucatolica.edu.co\/portal\/\"},{\"@type\":\"ListItem\",\"position\":2,\"name\":\"Profundiza las conexiones lus\u00f3fonas con el curso corto de la Cultura Angole\u00f1a\"}]},{\"@type\":\"WebSite\",\"@id\":\"https:\/\/www.ucatolica.edu.co\/portal\/#website\",\"url\":\"https:\/\/www.ucatolica.edu.co\/portal\/\",\"name\":\"Universidad Cat\u00f3lica De Colombia\",\"description\":\"Universidad Cat\u00f3lica De Colombia\",\"publisher\":{\"@id\":\"https:\/\/www.ucatolica.edu.co\/portal\/#organization\"},\"potentialAction\":[{\"@type\":\"SearchAction\",\"target\":{\"@type\":\"EntryPoint\",\"urlTemplate\":\"https:\/\/www.ucatolica.edu.co\/portal\/?s={search_term_string}\"},\"query-input\":{\"@type\":\"PropertyValueSpecification\",\"valueRequired\":true,\"valueName\":\"search_term_string\"}}],\"inLanguage\":\"es-CO\"},{\"@type\":\"Organization\",\"@id\":\"https:\/\/www.ucatolica.edu.co\/portal\/#organization\",\"name\":\"Universidad Cat\u00f3lica de Colombia\",\"url\":\"https:\/\/www.ucatolica.edu.co\/portal\/\",\"logo\":{\"@type\":\"ImageObject\",\"inLanguage\":\"es-CO\",\"@id\":\"https:\/\/www.ucatolica.edu.co\/portal\/#\/schema\/logo\/image\/\",\"url\":\"https:\/\/www.ucatolica.edu.co\/portal\/wp-content\/uploads\/2021\/06\/logo-header-ho-1.svg\",\"contentUrl\":\"https:\/\/www.ucatolica.edu.co\/portal\/wp-content\/uploads\/2021\/06\/logo-header-ho-1.svg\",\"width\":1,\"height\":1,\"caption\":\"Universidad Cat\u00f3lica de Colombia\"},\"image\":{\"@id\":\"https:\/\/www.ucatolica.edu.co\/portal\/#\/schema\/logo\/image\/\"},\"sameAs\":[\"https:\/\/www.facebook.com\/ucatolicacolombia\",\"https:\/\/x.com\/UCatolicaCol\",\"https:\/\/www.instagram.com\/universidadcatolicadecolombia\/\",\"https:\/\/www.linkedin.com\/company\/universidadcatolicadecolombia\/\",\"https:\/\/www.youtube.com\/user\/UCatolicaCo\"]},{\"@type\":\"Person\",\"@id\":\"https:\/\/www.ucatolica.edu.co\/portal\/#\/schema\/person\/c03ebc5b4f80ce7b8947aa9ddece408a\",\"name\":\"Leidy Dayanna Jaramillo Tavera\",\"url\":\"https:\/\/www.ucatolica.edu.co\/portal\/author\/dayana\/\"}]}<\/script>\n<!-- \/ Yoast SEO plugin. -->","yoast_head_json":{"title":"Profundiza las conexiones lus\u00f3fonas con el curso corto de la Cultura Angole\u00f1a - Universidad Cat\u00f3lica De Colombia","robots":{"index":"index","follow":"follow","max-snippet":"max-snippet:-1","max-image-preview":"max-image-preview:large","max-video-preview":"max-video-preview:-1"},"canonical":"https:\/\/www.ucatolica.edu.co\/portal\/profundiza-las-conexiones-lusofonas-con-el-curso-corto-de-la-cultura-angolena\/","og_locale":"es_ES","og_type":"article","og_title":"Profundiza las conexiones lus\u00f3fonas con el curso corto de la Cultura Angole\u00f1a - Universidad Cat\u00f3lica De Colombia","og_description":"La Universidad Cat\u00f3lica de Colombia, en colaboraci\u00f3n con la Universidad Federal de Minas Gerais \ud83c\udde7\ud83c\uddf7 y la Universidad Cat\u00f3lica de Angola \ud83c\udde6\ud83c\uddf4, llevar\u00e1 a cabo la segunda fase del proyecto Conexiones Lus\u00f3fonas: Fortalecimiento de v\u00ednculos culturales entre Colombia, Brasil y Angola a trav\u00e9s del portugu\u00e9s y la cultura africana. En esta fase, se ofrecer\u00e1 un [&hellip;]","og_url":"https:\/\/www.ucatolica.edu.co\/portal\/profundiza-las-conexiones-lusofonas-con-el-curso-corto-de-la-cultura-angolena\/","og_site_name":"Universidad Cat\u00f3lica De Colombia","article_publisher":"https:\/\/www.facebook.com\/ucatolicacolombia","article_published_time":"2025-01-31T21:23:30+00:00","article_modified_time":"2025-02-04T14:10:03+00:00","og_image":[{"width":870,"height":522,"url":"https:\/\/www.ucatolica.edu.co\/portal\/wp-content\/uploads\/2025\/01\/bandera-de-paises-lusofonos.jpg","type":"image\/jpeg"}],"author":"Leidy Dayanna Jaramillo Tavera","twitter_card":"summary_large_image","twitter_creator":"@UCatolicaCol","twitter_site":"@UCatolicaCol","twitter_misc":{"Escrito por":"Leidy Dayanna Jaramillo Tavera","Tiempo de lectura":"2 minutos"},"schema":{"@context":"https:\/\/schema.org","@graph":[{"@type":"Article","@id":"https:\/\/www.ucatolica.edu.co\/portal\/profundiza-las-conexiones-lusofonas-con-el-curso-corto-de-la-cultura-angolena\/#article","isPartOf":{"@id":"https:\/\/www.ucatolica.edu.co\/portal\/profundiza-las-conexiones-lusofonas-con-el-curso-corto-de-la-cultura-angolena\/"},"author":{"name":"Leidy Dayanna Jaramillo Tavera","@id":"https:\/\/www.ucatolica.edu.co\/portal\/#\/schema\/person\/c03ebc5b4f80ce7b8947aa9ddece408a"},"headline":"Profundiza las conexiones lus\u00f3fonas con el curso corto de la Cultura Angole\u00f1a","datePublished":"2025-01-31T21:23:30+00:00","dateModified":"2025-02-04T14:10:03+00:00","mainEntityOfPage":{"@id":"https:\/\/www.ucatolica.edu.co\/portal\/profundiza-las-conexiones-lusofonas-con-el-curso-corto-de-la-cultura-angolena\/"},"wordCount":363,"commentCount":0,"publisher":{"@id":"https:\/\/www.ucatolica.edu.co\/portal\/#organization"},"image":{"@id":"https:\/\/www.ucatolica.edu.co\/portal\/profundiza-las-conexiones-lusofonas-con-el-curso-corto-de-la-cultura-angolena\/#primaryimage"},"thumbnailUrl":"https:\/\/www.ucatolica.edu.co\/portal\/wp-content\/uploads\/2025\/01\/bandera-de-paises-lusofonos.jpg","keywords":["Cultura Angole\u00f1a","ORII"],"articleSection":["Noticias Principales","ORII"],"inLanguage":"es-CO"},{"@type":"WebPage","@id":"https:\/\/www.ucatolica.edu.co\/portal\/profundiza-las-conexiones-lusofonas-con-el-curso-corto-de-la-cultura-angolena\/","url":"https:\/\/www.ucatolica.edu.co\/portal\/profundiza-las-conexiones-lusofonas-con-el-curso-corto-de-la-cultura-angolena\/","name":"Profundiza las conexiones lus\u00f3fonas con el curso corto de la Cultura Angole\u00f1a - Universidad Cat\u00f3lica De Colombia","isPartOf":{"@id":"https:\/\/www.ucatolica.edu.co\/portal\/#website"},"primaryImageOfPage":{"@id":"https:\/\/www.ucatolica.edu.co\/portal\/profundiza-las-conexiones-lusofonas-con-el-curso-corto-de-la-cultura-angolena\/#primaryimage"},"image":{"@id":"https:\/\/www.ucatolica.edu.co\/portal\/profundiza-las-conexiones-lusofonas-con-el-curso-corto-de-la-cultura-angolena\/#primaryimage"},"thumbnailUrl":"https:\/\/www.ucatolica.edu.co\/portal\/wp-content\/uploads\/2025\/01\/bandera-de-paises-lusofonos.jpg","datePublished":"2025-01-31T21:23:30+00:00","dateModified":"2025-02-04T14:10:03+00:00","breadcrumb":{"@id":"https:\/\/www.ucatolica.edu.co\/portal\/profundiza-las-conexiones-lusofonas-con-el-curso-corto-de-la-cultura-angolena\/#breadcrumb"},"inLanguage":"es-CO","potentialAction":[{"@type":"ReadAction","target":["https:\/\/www.ucatolica.edu.co\/portal\/profundiza-las-conexiones-lusofonas-con-el-curso-corto-de-la-cultura-angolena\/"]}]},{"@type":"ImageObject","inLanguage":"es-CO","@id":"https:\/\/www.ucatolica.edu.co\/portal\/profundiza-las-conexiones-lusofonas-con-el-curso-corto-de-la-cultura-angolena\/#primaryimage","url":"https:\/\/www.ucatolica.edu.co\/portal\/wp-content\/uploads\/2025\/01\/bandera-de-paises-lusofonos.jpg","contentUrl":"https:\/\/www.ucatolica.edu.co\/portal\/wp-content\/uploads\/2025\/01\/bandera-de-paises-lusofonos.jpg","width":870,"height":522,"caption":"bandera-de-paises-lusofonos"},{"@type":"BreadcrumbList","@id":"https:\/\/www.ucatolica.edu.co\/portal\/profundiza-las-conexiones-lusofonas-con-el-curso-corto-de-la-cultura-angolena\/#breadcrumb","itemListElement":[{"@type":"ListItem","position":1,"name":"Inicio","item":"https:\/\/www.ucatolica.edu.co\/portal\/"},{"@type":"ListItem","position":2,"name":"Profundiza las conexiones lus\u00f3fonas con el curso corto de la Cultura Angole\u00f1a"}]},{"@type":"WebSite","@id":"https:\/\/www.ucatolica.edu.co\/portal\/#website","url":"https:\/\/www.ucatolica.edu.co\/portal\/","name":"Universidad Cat\u00f3lica De Colombia","description":"Universidad Cat\u00f3lica De Colombia","publisher":{"@id":"https:\/\/www.ucatolica.edu.co\/portal\/#organization"},"potentialAction":[{"@type":"SearchAction","target":{"@type":"EntryPoint","urlTemplate":"https:\/\/www.ucatolica.edu.co\/portal\/?s={search_term_string}"},"query-input":{"@type":"PropertyValueSpecification","valueRequired":true,"valueName":"search_term_string"}}],"inLanguage":"es-CO"},{"@type":"Organization","@id":"https:\/\/www.ucatolica.edu.co\/portal\/#organization","name":"Universidad Cat\u00f3lica de Colombia","url":"https:\/\/www.ucatolica.edu.co\/portal\/","logo":{"@type":"ImageObject","inLanguage":"es-CO","@id":"https:\/\/www.ucatolica.edu.co\/portal\/#\/schema\/logo\/image\/","url":"https:\/\/www.ucatolica.edu.co\/portal\/wp-content\/uploads\/2021\/06\/logo-header-ho-1.svg","contentUrl":"https:\/\/www.ucatolica.edu.co\/portal\/wp-content\/uploads\/2021\/06\/logo-header-ho-1.svg","width":1,"height":1,"caption":"Universidad Cat\u00f3lica de Colombia"},"image":{"@id":"https:\/\/www.ucatolica.edu.co\/portal\/#\/schema\/logo\/image\/"},"sameAs":["https:\/\/www.facebook.com\/ucatolicacolombia","https:\/\/x.com\/UCatolicaCol","https:\/\/www.instagram.com\/universidadcatolicadecolombia\/","https:\/\/www.linkedin.com\/company\/universidadcatolicadecolombia\/","https:\/\/www.youtube.com\/user\/UCatolicaCo"]},{"@type":"Person","@id":"https:\/\/www.ucatolica.edu.co\/portal\/#\/schema\/person\/c03ebc5b4f80ce7b8947aa9ddece408a","name":"Leidy Dayanna Jaramillo Tavera","url":"https:\/\/www.ucatolica.edu.co\/portal\/author\/dayana\/"}]}},"author_meta":{"display_name":"Leidy Dayanna Jaramillo Tavera","author_link":"https:\/\/www.ucatolica.edu.co\/portal\/author\/dayana\/"},"featured_img":"https:\/\/www.ucatolica.edu.co\/portal\/wp-content\/uploads\/2025\/01\/bandera-de-paises-lusofonos.jpg","coauthors":[],"tax_additional":{"categories":{"linked":["<a href=\"https:\/\/www.ucatolica.edu.co\/portal\/category\/noticias-principales\/\" class=\"advgb-post-tax-term\">Noticias Principales<\/a>","<a href=\"https:\/\/www.ucatolica.edu.co\/portal\/category\/orii\/\" class=\"advgb-post-tax-term\">ORII<\/a>"],"unlinked":["<span class=\"advgb-post-tax-term\">Noticias Principales<\/span>","<span class=\"advgb-post-tax-term\">ORII<\/span>"]},"tags":{"linked":["<a href=\"https:\/\/www.ucatolica.edu.co\/portal\/category\/orii\/\" class=\"advgb-post-tax-term\">Cultura Angole\u00f1a<\/a>","<a href=\"https:\/\/www.ucatolica.edu.co\/portal\/category\/orii\/\" class=\"advgb-post-tax-term\">ORII<\/a>"],"unlinked":["<span class=\"advgb-post-tax-term\">Cultura Angole\u00f1a<\/span>","<span class=\"advgb-post-tax-term\">ORII<\/span>"]}},"comment_count":"0","relative_dates":{"created":"Posted 1 a\u00f1o ago","modified":"Updated 1 a\u00f1o ago"},"absolute_dates":{"created":"Posted on 31 enero, 2025","modified":"Updated on 4 febrero, 2025"},"absolute_dates_time":{"created":"Posted on 31 enero, 2025 4:23 pm","modified":"Updated on 4 febrero, 2025 9:10 am"},"featured_img_caption":"","series_order":"","_links":{"self":[{"href":"https:\/\/www.ucatolica.edu.co\/portal\/wp-json\/wp\/v2\/posts\/114917","targetHints":{"allow":["GET"]}}],"collection":[{"href":"https:\/\/www.ucatolica.edu.co\/portal\/wp-json\/wp\/v2\/posts"}],"about":[{"href":"https:\/\/www.ucatolica.edu.co\/portal\/wp-json\/wp\/v2\/types\/post"}],"author":[{"embeddable":true,"href":"https:\/\/www.ucatolica.edu.co\/portal\/wp-json\/wp\/v2\/users\/61"}],"replies":[{"embeddable":true,"href":"https:\/\/www.ucatolica.edu.co\/portal\/wp-json\/wp\/v2\/comments?post=114917"}],"version-history":[{"count":4,"href":"https:\/\/www.ucatolica.edu.co\/portal\/wp-json\/wp\/v2\/posts\/114917\/revisions"}],"predecessor-version":[{"id":115106,"href":"https:\/\/www.ucatolica.edu.co\/portal\/wp-json\/wp\/v2\/posts\/114917\/revisions\/115106"}],"wp:featuredmedia":[{"embeddable":true,"href":"https:\/\/www.ucatolica.edu.co\/portal\/wp-json\/wp\/v2\/media\/115072"}],"wp:attachment":[{"href":"https:\/\/www.ucatolica.edu.co\/portal\/wp-json\/wp\/v2\/media?parent=114917"}],"wp:term":[{"taxonomy":"category","embeddable":true,"href":"https:\/\/www.ucatolica.edu.co\/portal\/wp-json\/wp\/v2\/categories?post=114917"},{"taxonomy":"post_tag","embeddable":true,"href":"https:\/\/www.ucatolica.edu.co\/portal\/wp-json\/wp\/v2\/tags?post=114917"}],"curies":[{"name":"wp","href":"https:\/\/api.w.org\/{rel}","templated":true}]}}