{"id":114923,"date":"2025-01-22T16:41:14","date_gmt":"2025-01-22T21:41:14","guid":{"rendered":"https:\/\/www.ucatolica.edu.co\/portal\/?p=114923"},"modified":"2025-01-22T16:41:45","modified_gmt":"2025-01-22T21:41:45","slug":"bienvenida-a-nuestros-estudiantes-foraneos-recorrido-por-el-centro-historico-de-bogota","status":"publish","type":"post","link":"https:\/\/www.ucatolica.edu.co\/portal\/bienvenida-a-nuestros-estudiantes-foraneos-recorrido-por-el-centro-historico-de-bogota\/","title":{"rendered":"Bienvenida a nuestros estudiantes for\u00e1neos: Recorrido por el Centro Hist\u00f3rico de Bogot\u00e1"},"content":{"rendered":"\n<p>La <strong>Universidad Cat\u00f3lica de Colombia<\/strong> le da la bienvenida a todos los estudiantes for\u00e1neos y extranjeros que han llegado para iniciar su vida acad\u00e9mica en este semestre 2025-1. Para hacer m\u00e1s ameno su inicio en la ciudad y en nuestra Instituci\u00f3n, la <strong>Coordinaci\u00f3n de Permanencia Estudiantil<\/strong> tiene preparada una actividad especial: un recorrido guiado por el <strong>Centro Hist\u00f3rico de Bogot\u00e1<\/strong>.<\/p>\n\n\n\n<p><strong>Una experiencia \u00fanica para conocer Bogot\u00e1<\/strong><\/p>\n\n\n\n<p>Este recorrido es la oportunidad perfecta para descubrir los lugares m\u00e1s emblem\u00e1ticos de la capital, mientras se comparten experiencias con compa\u00f1eros de diversas regiones del pa\u00eds. Adem\u00e1s, te daremos recomendaciones clave sobre el transporte p\u00fablico, actividades para el fin de semana y consejos \u00fatiles que te van a permitir adaptarte r\u00e1pidamente a la vida en Bogot\u00e1 y a nuestra Universidad.<\/p>\n\n\n\n<p>Durante el recorrido, podr\u00e1s visitar sitios ic\u00f3nicos como:<\/p>\n\n\n\n<ul class=\"wp-block-list\">\n<li>Iglesia del Carmen<\/li>\n\n\n\n<li>Museo de Botero<\/li>\n\n\n\n<li>Casa de los 7 Balcones<\/li>\n\n\n\n<li>Plaza de Bol\u00edvar<\/li>\n\n\n\n<li>Plazoleta N\u00fa\u00f1ez<\/li>\n\n\n\n<li>Centro Cultural Gabriel Garc\u00eda M\u00e1rquez<\/li>\n\n\n\n<li>Chorro de Quevedo<\/li>\n\n\n\n<li>Plaza de Mercado La Concordia<br><br><br><\/li>\n<\/ul>\n\n\n\n<figure class=\"wp-block-image size-full\"><img fetchpriority=\"high\" decoding=\"async\" width=\"870\" height=\"522\" src=\"https:\/\/www.ucatolica.edu.co\/portal\/wp-content\/uploads\/2025\/01\/OP4546-Foraneos-Noticia2.jpg\" alt=\"\" class=\"wp-image-114956\"\/><\/figure>\n\n\n\n<p><strong>Detalles importantes de la salida:<\/strong><\/p>\n\n\n\n<ul class=\"wp-block-list\">\n<li><strong>Fecha:<\/strong> S\u00e1bado 1 de febrero de 2025<\/li>\n\n\n\n<li><strong>Hora de encuentro:<\/strong> 8:00 a.m.<\/li>\n\n\n\n<li><strong>Punto de encuentro:<\/strong> Carrera 15 con Diagonal 46 A, esquina paralela a la sede <strong>El Claustro<\/strong>.<\/li>\n\n\n\n<li><strong>Hora de regreso:<\/strong> Aproximadamente a las 12:00 m., en el mismo punto de encuentro.<\/li>\n<\/ul>\n\n\n\n<p>Este recorrido es una excelente oportunidad para conocer la historia, cultura y tradiciones de nuestra ciudad, mientras haces nuevos amigos. <\/p>\n\n\n\n<p><strong>\u00a1No faltes a esta bienvenida que hemos preparado para ti!<\/strong><\/p>\n\n\n\n<p><\/p>\n","protected":false},"excerpt":{"rendered":"<p>La Universidad Cat\u00f3lica de Colombia le da la bienvenida a todos los estudiantes for\u00e1neos y extranjeros que han llegado para iniciar su vida acad\u00e9mica en este semestre 2025-1. Para hacer m\u00e1s ameno su inicio en la ciudad y en nuestra Instituci\u00f3n, la Coordinaci\u00f3n de Permanencia Estudiantil tiene preparada una actividad especial: un recorrido guiado por [&hellip;]<\/p>\n","protected":false},"author":4,"featured_media":114955,"comment_status":"open","ping_status":"open","sticky":false,"template":"","format":"standard","meta":{"_acf_changed":false,"advgb_blocks_editor_width":"","advgb_blocks_columns_visual_guide":"","footnotes":""},"categories":[93],"tags":[2753,175,103],"class_list":["post-114923","post","type-post","status-publish","format-standard","has-post-thumbnail","hentry","category-noticias-principales","tag-centro-historico-de-bogota","tag-estudiantes-foraneos","tag-permanencia-estudiantil"],"acf":[],"yoast_head":"<!-- This site is optimized with the Yoast SEO plugin v26.7 - https:\/\/yoast.com\/wordpress\/plugins\/seo\/ -->\n<title>Bienvenida a nuestros estudiantes for\u00e1neos: Recorrido por el Centro Hist\u00f3rico de Bogot\u00e1 - Universidad Cat\u00f3lica De Colombia<\/title>\n<meta name=\"robots\" content=\"index, follow, max-snippet:-1, max-image-preview:large, max-video-preview:-1\" \/>\n<link rel=\"canonical\" href=\"https:\/\/www.ucatolica.edu.co\/portal\/bienvenida-a-nuestros-estudiantes-foraneos-recorrido-por-el-centro-historico-de-bogota\/\" \/>\n<meta property=\"og:locale\" content=\"es_ES\" \/>\n<meta property=\"og:type\" content=\"article\" \/>\n<meta property=\"og:title\" content=\"Bienvenida a nuestros estudiantes for\u00e1neos: Recorrido por el Centro Hist\u00f3rico de Bogot\u00e1 - Universidad Cat\u00f3lica De Colombia\" \/>\n<meta property=\"og:description\" content=\"La Universidad Cat\u00f3lica de Colombia le da la bienvenida a todos los estudiantes for\u00e1neos y extranjeros que han llegado para iniciar su vida acad\u00e9mica en este semestre 2025-1. Para hacer m\u00e1s ameno su inicio en la ciudad y en nuestra Instituci\u00f3n, la Coordinaci\u00f3n de Permanencia Estudiantil tiene preparada una actividad especial: un recorrido guiado por [&hellip;]\" \/>\n<meta property=\"og:url\" content=\"https:\/\/www.ucatolica.edu.co\/portal\/bienvenida-a-nuestros-estudiantes-foraneos-recorrido-por-el-centro-historico-de-bogota\/\" \/>\n<meta property=\"og:site_name\" content=\"Universidad Cat\u00f3lica De Colombia\" \/>\n<meta property=\"article:publisher\" content=\"https:\/\/www.facebook.com\/ucatolicacolombia\" \/>\n<meta property=\"article:published_time\" content=\"2025-01-22T21:41:14+00:00\" \/>\n<meta property=\"article:modified_time\" content=\"2025-01-22T21:41:45+00:00\" \/>\n<meta property=\"og:image\" content=\"https:\/\/www.ucatolica.edu.co\/portal\/wp-content\/uploads\/2025\/01\/OP4546-Foraneos-Noticia1.jpg\" \/>\n\t<meta property=\"og:image:width\" content=\"870\" \/>\n\t<meta property=\"og:image:height\" content=\"522\" \/>\n\t<meta property=\"og:image:type\" content=\"image\/jpeg\" \/>\n<meta name=\"author\" content=\"Cindy Lugo\" \/>\n<meta name=\"twitter:card\" content=\"summary_large_image\" \/>\n<meta name=\"twitter:creator\" content=\"@UCatolicaCol\" \/>\n<meta name=\"twitter:site\" content=\"@UCatolicaCol\" \/>\n<meta name=\"twitter:label1\" content=\"Escrito por\" \/>\n\t<meta name=\"twitter:data1\" content=\"Cindy Lugo\" \/>\n\t<meta name=\"twitter:label2\" content=\"Tiempo de lectura\" \/>\n\t<meta name=\"twitter:data2\" content=\"1 minuto\" \/>\n<script type=\"application\/ld+json\" class=\"yoast-schema-graph\">{\"@context\":\"https:\/\/schema.org\",\"@graph\":[{\"@type\":\"Article\",\"@id\":\"https:\/\/www.ucatolica.edu.co\/portal\/bienvenida-a-nuestros-estudiantes-foraneos-recorrido-por-el-centro-historico-de-bogota\/#article\",\"isPartOf\":{\"@id\":\"https:\/\/www.ucatolica.edu.co\/portal\/bienvenida-a-nuestros-estudiantes-foraneos-recorrido-por-el-centro-historico-de-bogota\/\"},\"author\":{\"name\":\"Cindy Lugo\",\"@id\":\"https:\/\/www.ucatolica.edu.co\/portal\/#\/schema\/person\/a7469afff252fba81c6cdc40c80f00b6\"},\"headline\":\"Bienvenida a nuestros estudiantes for\u00e1neos: Recorrido por el Centro Hist\u00f3rico de Bogot\u00e1\",\"datePublished\":\"2025-01-22T21:41:14+00:00\",\"dateModified\":\"2025-01-22T21:41:45+00:00\",\"mainEntityOfPage\":{\"@id\":\"https:\/\/www.ucatolica.edu.co\/portal\/bienvenida-a-nuestros-estudiantes-foraneos-recorrido-por-el-centro-historico-de-bogota\/\"},\"wordCount\":269,\"commentCount\":0,\"publisher\":{\"@id\":\"https:\/\/www.ucatolica.edu.co\/portal\/#organization\"},\"image\":{\"@id\":\"https:\/\/www.ucatolica.edu.co\/portal\/bienvenida-a-nuestros-estudiantes-foraneos-recorrido-por-el-centro-historico-de-bogota\/#primaryimage\"},\"thumbnailUrl\":\"https:\/\/www.ucatolica.edu.co\/portal\/wp-content\/uploads\/2025\/01\/OP4546-Foraneos-Noticia1.jpg\",\"keywords\":[\"Centro Hist\u00f3rico de Bogot\u00e1\",\"estudiantes for\u00e1neos\",\"Permanencia Estudiantil\"],\"articleSection\":[\"Noticias Principales\"],\"inLanguage\":\"es-CO\"},{\"@type\":\"WebPage\",\"@id\":\"https:\/\/www.ucatolica.edu.co\/portal\/bienvenida-a-nuestros-estudiantes-foraneos-recorrido-por-el-centro-historico-de-bogota\/\",\"url\":\"https:\/\/www.ucatolica.edu.co\/portal\/bienvenida-a-nuestros-estudiantes-foraneos-recorrido-por-el-centro-historico-de-bogota\/\",\"name\":\"Bienvenida a nuestros estudiantes for\u00e1neos: Recorrido por el Centro Hist\u00f3rico de Bogot\u00e1 - Universidad Cat\u00f3lica De Colombia\",\"isPartOf\":{\"@id\":\"https:\/\/www.ucatolica.edu.co\/portal\/#website\"},\"primaryImageOfPage\":{\"@id\":\"https:\/\/www.ucatolica.edu.co\/portal\/bienvenida-a-nuestros-estudiantes-foraneos-recorrido-por-el-centro-historico-de-bogota\/#primaryimage\"},\"image\":{\"@id\":\"https:\/\/www.ucatolica.edu.co\/portal\/bienvenida-a-nuestros-estudiantes-foraneos-recorrido-por-el-centro-historico-de-bogota\/#primaryimage\"},\"thumbnailUrl\":\"https:\/\/www.ucatolica.edu.co\/portal\/wp-content\/uploads\/2025\/01\/OP4546-Foraneos-Noticia1.jpg\",\"datePublished\":\"2025-01-22T21:41:14+00:00\",\"dateModified\":\"2025-01-22T21:41:45+00:00\",\"breadcrumb\":{\"@id\":\"https:\/\/www.ucatolica.edu.co\/portal\/bienvenida-a-nuestros-estudiantes-foraneos-recorrido-por-el-centro-historico-de-bogota\/#breadcrumb\"},\"inLanguage\":\"es-CO\",\"potentialAction\":[{\"@type\":\"ReadAction\",\"target\":[\"https:\/\/www.ucatolica.edu.co\/portal\/bienvenida-a-nuestros-estudiantes-foraneos-recorrido-por-el-centro-historico-de-bogota\/\"]}]},{\"@type\":\"ImageObject\",\"inLanguage\":\"es-CO\",\"@id\":\"https:\/\/www.ucatolica.edu.co\/portal\/bienvenida-a-nuestros-estudiantes-foraneos-recorrido-por-el-centro-historico-de-bogota\/#primaryimage\",\"url\":\"https:\/\/www.ucatolica.edu.co\/portal\/wp-content\/uploads\/2025\/01\/OP4546-Foraneos-Noticia1.jpg\",\"contentUrl\":\"https:\/\/www.ucatolica.edu.co\/portal\/wp-content\/uploads\/2025\/01\/OP4546-Foraneos-Noticia1.jpg\",\"width\":870,\"height\":522,\"caption\":\"Estudiantes foraneos en el centro historico de Bogota\"},{\"@type\":\"BreadcrumbList\",\"@id\":\"https:\/\/www.ucatolica.edu.co\/portal\/bienvenida-a-nuestros-estudiantes-foraneos-recorrido-por-el-centro-historico-de-bogota\/#breadcrumb\",\"itemListElement\":[{\"@type\":\"ListItem\",\"position\":1,\"name\":\"Inicio\",\"item\":\"https:\/\/www.ucatolica.edu.co\/portal\/\"},{\"@type\":\"ListItem\",\"position\":2,\"name\":\"Bienvenida a nuestros estudiantes for\u00e1neos: Recorrido por el Centro Hist\u00f3rico de Bogot\u00e1\"}]},{\"@type\":\"WebSite\",\"@id\":\"https:\/\/www.ucatolica.edu.co\/portal\/#website\",\"url\":\"https:\/\/www.ucatolica.edu.co\/portal\/\",\"name\":\"Universidad Cat\u00f3lica De Colombia\",\"description\":\"Universidad Cat\u00f3lica De Colombia\",\"publisher\":{\"@id\":\"https:\/\/www.ucatolica.edu.co\/portal\/#organization\"},\"potentialAction\":[{\"@type\":\"SearchAction\",\"target\":{\"@type\":\"EntryPoint\",\"urlTemplate\":\"https:\/\/www.ucatolica.edu.co\/portal\/?s={search_term_string}\"},\"query-input\":{\"@type\":\"PropertyValueSpecification\",\"valueRequired\":true,\"valueName\":\"search_term_string\"}}],\"inLanguage\":\"es-CO\"},{\"@type\":\"Organization\",\"@id\":\"https:\/\/www.ucatolica.edu.co\/portal\/#organization\",\"name\":\"Universidad Cat\u00f3lica de Colombia\",\"url\":\"https:\/\/www.ucatolica.edu.co\/portal\/\",\"logo\":{\"@type\":\"ImageObject\",\"inLanguage\":\"es-CO\",\"@id\":\"https:\/\/www.ucatolica.edu.co\/portal\/#\/schema\/logo\/image\/\",\"url\":\"https:\/\/www.ucatolica.edu.co\/portal\/wp-content\/uploads\/2021\/06\/logo-header-ho-1.svg\",\"contentUrl\":\"https:\/\/www.ucatolica.edu.co\/portal\/wp-content\/uploads\/2021\/06\/logo-header-ho-1.svg\",\"width\":1,\"height\":1,\"caption\":\"Universidad Cat\u00f3lica de Colombia\"},\"image\":{\"@id\":\"https:\/\/www.ucatolica.edu.co\/portal\/#\/schema\/logo\/image\/\"},\"sameAs\":[\"https:\/\/www.facebook.com\/ucatolicacolombia\",\"https:\/\/x.com\/UCatolicaCol\",\"https:\/\/www.instagram.com\/universidadcatolicadecolombia\/\",\"https:\/\/www.linkedin.com\/company\/universidadcatolicadecolombia\/\",\"https:\/\/www.youtube.com\/user\/UCatolicaCo\"]},{\"@type\":\"Person\",\"@id\":\"https:\/\/www.ucatolica.edu.co\/portal\/#\/schema\/person\/a7469afff252fba81c6cdc40c80f00b6\",\"name\":\"Cindy Lugo\",\"url\":\"https:\/\/www.ucatolica.edu.co\/portal\/author\/cindy\/\"}]}<\/script>\n<!-- \/ Yoast SEO plugin. -->","yoast_head_json":{"title":"Bienvenida a nuestros estudiantes for\u00e1neos: Recorrido por el Centro Hist\u00f3rico de Bogot\u00e1 - Universidad Cat\u00f3lica De Colombia","robots":{"index":"index","follow":"follow","max-snippet":"max-snippet:-1","max-image-preview":"max-image-preview:large","max-video-preview":"max-video-preview:-1"},"canonical":"https:\/\/www.ucatolica.edu.co\/portal\/bienvenida-a-nuestros-estudiantes-foraneos-recorrido-por-el-centro-historico-de-bogota\/","og_locale":"es_ES","og_type":"article","og_title":"Bienvenida a nuestros estudiantes for\u00e1neos: Recorrido por el Centro Hist\u00f3rico de Bogot\u00e1 - Universidad Cat\u00f3lica De Colombia","og_description":"La Universidad Cat\u00f3lica de Colombia le da la bienvenida a todos los estudiantes for\u00e1neos y extranjeros que han llegado para iniciar su vida acad\u00e9mica en este semestre 2025-1. Para hacer m\u00e1s ameno su inicio en la ciudad y en nuestra Instituci\u00f3n, la Coordinaci\u00f3n de Permanencia Estudiantil tiene preparada una actividad especial: un recorrido guiado por [&hellip;]","og_url":"https:\/\/www.ucatolica.edu.co\/portal\/bienvenida-a-nuestros-estudiantes-foraneos-recorrido-por-el-centro-historico-de-bogota\/","og_site_name":"Universidad Cat\u00f3lica De Colombia","article_publisher":"https:\/\/www.facebook.com\/ucatolicacolombia","article_published_time":"2025-01-22T21:41:14+00:00","article_modified_time":"2025-01-22T21:41:45+00:00","og_image":[{"width":870,"height":522,"url":"https:\/\/www.ucatolica.edu.co\/portal\/wp-content\/uploads\/2025\/01\/OP4546-Foraneos-Noticia1.jpg","type":"image\/jpeg"}],"author":"Cindy Lugo","twitter_card":"summary_large_image","twitter_creator":"@UCatolicaCol","twitter_site":"@UCatolicaCol","twitter_misc":{"Escrito por":"Cindy Lugo","Tiempo de lectura":"1 minuto"},"schema":{"@context":"https:\/\/schema.org","@graph":[{"@type":"Article","@id":"https:\/\/www.ucatolica.edu.co\/portal\/bienvenida-a-nuestros-estudiantes-foraneos-recorrido-por-el-centro-historico-de-bogota\/#article","isPartOf":{"@id":"https:\/\/www.ucatolica.edu.co\/portal\/bienvenida-a-nuestros-estudiantes-foraneos-recorrido-por-el-centro-historico-de-bogota\/"},"author":{"name":"Cindy Lugo","@id":"https:\/\/www.ucatolica.edu.co\/portal\/#\/schema\/person\/a7469afff252fba81c6cdc40c80f00b6"},"headline":"Bienvenida a nuestros estudiantes for\u00e1neos: Recorrido por el Centro Hist\u00f3rico de Bogot\u00e1","datePublished":"2025-01-22T21:41:14+00:00","dateModified":"2025-01-22T21:41:45+00:00","mainEntityOfPage":{"@id":"https:\/\/www.ucatolica.edu.co\/portal\/bienvenida-a-nuestros-estudiantes-foraneos-recorrido-por-el-centro-historico-de-bogota\/"},"wordCount":269,"commentCount":0,"publisher":{"@id":"https:\/\/www.ucatolica.edu.co\/portal\/#organization"},"image":{"@id":"https:\/\/www.ucatolica.edu.co\/portal\/bienvenida-a-nuestros-estudiantes-foraneos-recorrido-por-el-centro-historico-de-bogota\/#primaryimage"},"thumbnailUrl":"https:\/\/www.ucatolica.edu.co\/portal\/wp-content\/uploads\/2025\/01\/OP4546-Foraneos-Noticia1.jpg","keywords":["Centro Hist\u00f3rico de Bogot\u00e1","estudiantes for\u00e1neos","Permanencia Estudiantil"],"articleSection":["Noticias Principales"],"inLanguage":"es-CO"},{"@type":"WebPage","@id":"https:\/\/www.ucatolica.edu.co\/portal\/bienvenida-a-nuestros-estudiantes-foraneos-recorrido-por-el-centro-historico-de-bogota\/","url":"https:\/\/www.ucatolica.edu.co\/portal\/bienvenida-a-nuestros-estudiantes-foraneos-recorrido-por-el-centro-historico-de-bogota\/","name":"Bienvenida a nuestros estudiantes for\u00e1neos: Recorrido por el Centro Hist\u00f3rico de Bogot\u00e1 - Universidad Cat\u00f3lica De Colombia","isPartOf":{"@id":"https:\/\/www.ucatolica.edu.co\/portal\/#website"},"primaryImageOfPage":{"@id":"https:\/\/www.ucatolica.edu.co\/portal\/bienvenida-a-nuestros-estudiantes-foraneos-recorrido-por-el-centro-historico-de-bogota\/#primaryimage"},"image":{"@id":"https:\/\/www.ucatolica.edu.co\/portal\/bienvenida-a-nuestros-estudiantes-foraneos-recorrido-por-el-centro-historico-de-bogota\/#primaryimage"},"thumbnailUrl":"https:\/\/www.ucatolica.edu.co\/portal\/wp-content\/uploads\/2025\/01\/OP4546-Foraneos-Noticia1.jpg","datePublished":"2025-01-22T21:41:14+00:00","dateModified":"2025-01-22T21:41:45+00:00","breadcrumb":{"@id":"https:\/\/www.ucatolica.edu.co\/portal\/bienvenida-a-nuestros-estudiantes-foraneos-recorrido-por-el-centro-historico-de-bogota\/#breadcrumb"},"inLanguage":"es-CO","potentialAction":[{"@type":"ReadAction","target":["https:\/\/www.ucatolica.edu.co\/portal\/bienvenida-a-nuestros-estudiantes-foraneos-recorrido-por-el-centro-historico-de-bogota\/"]}]},{"@type":"ImageObject","inLanguage":"es-CO","@id":"https:\/\/www.ucatolica.edu.co\/portal\/bienvenida-a-nuestros-estudiantes-foraneos-recorrido-por-el-centro-historico-de-bogota\/#primaryimage","url":"https:\/\/www.ucatolica.edu.co\/portal\/wp-content\/uploads\/2025\/01\/OP4546-Foraneos-Noticia1.jpg","contentUrl":"https:\/\/www.ucatolica.edu.co\/portal\/wp-content\/uploads\/2025\/01\/OP4546-Foraneos-Noticia1.jpg","width":870,"height":522,"caption":"Estudiantes foraneos en el centro historico de Bogota"},{"@type":"BreadcrumbList","@id":"https:\/\/www.ucatolica.edu.co\/portal\/bienvenida-a-nuestros-estudiantes-foraneos-recorrido-por-el-centro-historico-de-bogota\/#breadcrumb","itemListElement":[{"@type":"ListItem","position":1,"name":"Inicio","item":"https:\/\/www.ucatolica.edu.co\/portal\/"},{"@type":"ListItem","position":2,"name":"Bienvenida a nuestros estudiantes for\u00e1neos: Recorrido por el Centro Hist\u00f3rico de Bogot\u00e1"}]},{"@type":"WebSite","@id":"https:\/\/www.ucatolica.edu.co\/portal\/#website","url":"https:\/\/www.ucatolica.edu.co\/portal\/","name":"Universidad Cat\u00f3lica De Colombia","description":"Universidad Cat\u00f3lica De Colombia","publisher":{"@id":"https:\/\/www.ucatolica.edu.co\/portal\/#organization"},"potentialAction":[{"@type":"SearchAction","target":{"@type":"EntryPoint","urlTemplate":"https:\/\/www.ucatolica.edu.co\/portal\/?s={search_term_string}"},"query-input":{"@type":"PropertyValueSpecification","valueRequired":true,"valueName":"search_term_string"}}],"inLanguage":"es-CO"},{"@type":"Organization","@id":"https:\/\/www.ucatolica.edu.co\/portal\/#organization","name":"Universidad Cat\u00f3lica de Colombia","url":"https:\/\/www.ucatolica.edu.co\/portal\/","logo":{"@type":"ImageObject","inLanguage":"es-CO","@id":"https:\/\/www.ucatolica.edu.co\/portal\/#\/schema\/logo\/image\/","url":"https:\/\/www.ucatolica.edu.co\/portal\/wp-content\/uploads\/2021\/06\/logo-header-ho-1.svg","contentUrl":"https:\/\/www.ucatolica.edu.co\/portal\/wp-content\/uploads\/2021\/06\/logo-header-ho-1.svg","width":1,"height":1,"caption":"Universidad Cat\u00f3lica de Colombia"},"image":{"@id":"https:\/\/www.ucatolica.edu.co\/portal\/#\/schema\/logo\/image\/"},"sameAs":["https:\/\/www.facebook.com\/ucatolicacolombia","https:\/\/x.com\/UCatolicaCol","https:\/\/www.instagram.com\/universidadcatolicadecolombia\/","https:\/\/www.linkedin.com\/company\/universidadcatolicadecolombia\/","https:\/\/www.youtube.com\/user\/UCatolicaCo"]},{"@type":"Person","@id":"https:\/\/www.ucatolica.edu.co\/portal\/#\/schema\/person\/a7469afff252fba81c6cdc40c80f00b6","name":"Cindy Lugo","url":"https:\/\/www.ucatolica.edu.co\/portal\/author\/cindy\/"}]}},"author_meta":{"display_name":"Cindy Lugo","author_link":"https:\/\/www.ucatolica.edu.co\/portal\/author\/cindy\/"},"featured_img":"https:\/\/www.ucatolica.edu.co\/portal\/wp-content\/uploads\/2025\/01\/OP4546-Foraneos-Noticia1.jpg","coauthors":[],"tax_additional":{"categories":{"linked":["<a href=\"https:\/\/www.ucatolica.edu.co\/portal\/category\/noticias-principales\/\" class=\"advgb-post-tax-term\">Noticias Principales<\/a>"],"unlinked":["<span class=\"advgb-post-tax-term\">Noticias Principales<\/span>"]},"tags":{"linked":["<a href=\"https:\/\/www.ucatolica.edu.co\/portal\/category\/noticias-principales\/\" class=\"advgb-post-tax-term\">Centro Hist\u00f3rico de Bogot\u00e1<\/a>","<a href=\"https:\/\/www.ucatolica.edu.co\/portal\/category\/noticias-principales\/\" class=\"advgb-post-tax-term\">estudiantes for\u00e1neos<\/a>","<a href=\"https:\/\/www.ucatolica.edu.co\/portal\/category\/noticias-principales\/\" class=\"advgb-post-tax-term\">Permanencia Estudiantil<\/a>"],"unlinked":["<span class=\"advgb-post-tax-term\">Centro Hist\u00f3rico de Bogot\u00e1<\/span>","<span class=\"advgb-post-tax-term\">estudiantes for\u00e1neos<\/span>","<span class=\"advgb-post-tax-term\">Permanencia Estudiantil<\/span>"]}},"comment_count":"0","relative_dates":{"created":"Posted 1 a\u00f1o ago","modified":"Updated 1 a\u00f1o ago"},"absolute_dates":{"created":"Posted on 22 enero, 2025","modified":"Updated on 22 enero, 2025"},"absolute_dates_time":{"created":"Posted on 22 enero, 2025 4:41 pm","modified":"Updated on 22 enero, 2025 4:41 pm"},"featured_img_caption":"","series_order":"","_links":{"self":[{"href":"https:\/\/www.ucatolica.edu.co\/portal\/wp-json\/wp\/v2\/posts\/114923","targetHints":{"allow":["GET"]}}],"collection":[{"href":"https:\/\/www.ucatolica.edu.co\/portal\/wp-json\/wp\/v2\/posts"}],"about":[{"href":"https:\/\/www.ucatolica.edu.co\/portal\/wp-json\/wp\/v2\/types\/post"}],"author":[{"embeddable":true,"href":"https:\/\/www.ucatolica.edu.co\/portal\/wp-json\/wp\/v2\/users\/4"}],"replies":[{"embeddable":true,"href":"https:\/\/www.ucatolica.edu.co\/portal\/wp-json\/wp\/v2\/comments?post=114923"}],"version-history":[{"count":4,"href":"https:\/\/www.ucatolica.edu.co\/portal\/wp-json\/wp\/v2\/posts\/114923\/revisions"}],"predecessor-version":[{"id":114957,"href":"https:\/\/www.ucatolica.edu.co\/portal\/wp-json\/wp\/v2\/posts\/114923\/revisions\/114957"}],"wp:featuredmedia":[{"embeddable":true,"href":"https:\/\/www.ucatolica.edu.co\/portal\/wp-json\/wp\/v2\/media\/114955"}],"wp:attachment":[{"href":"https:\/\/www.ucatolica.edu.co\/portal\/wp-json\/wp\/v2\/media?parent=114923"}],"wp:term":[{"taxonomy":"category","embeddable":true,"href":"https:\/\/www.ucatolica.edu.co\/portal\/wp-json\/wp\/v2\/categories?post=114923"},{"taxonomy":"post_tag","embeddable":true,"href":"https:\/\/www.ucatolica.edu.co\/portal\/wp-json\/wp\/v2\/tags?post=114923"}],"curies":[{"name":"wp","href":"https:\/\/api.w.org\/{rel}","templated":true}]}}