{"id":115436,"date":"2025-02-20T12:30:29","date_gmt":"2025-02-20T17:30:29","guid":{"rendered":"https:\/\/www.ucatolica.edu.co\/portal\/?p=115436"},"modified":"2025-02-20T12:30:30","modified_gmt":"2025-02-20T17:30:30","slug":"consejeria-estudiantil-esta-para-apoyarte-en-tu-camino-academico-y-personal","status":"publish","type":"post","link":"https:\/\/www.ucatolica.edu.co\/portal\/consejeria-estudiantil-esta-para-apoyarte-en-tu-camino-academico-y-personal\/","title":{"rendered":"\u00a1Consejer\u00eda Estudiantil est\u00e1 para apoyarte en tu camino acad\u00e9mico y personal!"},"content":{"rendered":"\n<p>La vida universitaria puede presentar desaf\u00edos, tanto acad\u00e9micos como personales. Es por eso que el <strong>servicio de Consejer\u00eda Estudiantil de la Coordinaci\u00f3n de Permanencia Estudiantil<\/strong> est\u00e1 aqu\u00ed para apoyarte en todo momento.<\/p>\n\n\n\n<p>Contamos con un equipo de psic\u00f3logos expertos que te ofrecen un espacio seguro, confidencial y personalizado para que puedas superar cualquier obst\u00e1culo y alcanzar tus metas.<\/p>\n\n\n\n<p><strong>\u00bfQu\u00e9 podemos ofrecerte?<\/strong><\/p>\n\n\n\n<ul class=\"wp-block-list\">\n<li><strong>Sesiones individuales<\/strong> con profesionales calificados.<\/li>\n\n\n\n<li>Estrategias personalizadas para manejar tus dificultades.<\/li>\n\n\n\n<li>T\u00e9cnicas de estudio y organizaci\u00f3n para mejorar tu rendimiento acad\u00e9mico.<\/li>\n\n\n\n<li>Apoyo emocional para superar retos personales.<\/li>\n<\/ul>\n\n\n\n<p><strong>Nuestro objetivo es proporcionarte las herramientas necesarias para que te sientas seguro, motivado y capaz de afrontar todo lo que la vida universitaria trae consigo.<\/strong><\/p>\n\n\n\n<p><strong>\u00bfC\u00f3mo solicitar tu cita?<\/strong> <\/p>\n\n\n\n<p>Es muy f\u00e1cil. Solo debes hacer <a href=\"https:\/\/adviser.ucatolica.edu.co\/Adviser\/app\/login.php\"><strong>clic aqu\u00ed<\/strong><\/a><a href=\"https:\/\/adviser.ucatolica.edu.co\/Adviser\/app\/login.php\" target=\"_blank\" rel=\"noreferrer noopener\"><strong> <\/strong><\/a>y elegir el horario que m\u00e1s te convenga.<\/p>\n\n\n\n<p><strong>Atenci\u00f3n disponible<\/strong> en modalidad remota o presencial, en jornada continua:<\/p>\n\n\n\n<ul class=\"wp-block-list\">\n<li><strong>Lunes a viernes<\/strong>: 7:00 a.m. a 8:00 p.m.<\/li>\n\n\n\n<li><strong>S\u00e1bados<\/strong>: 8:00 a.m. a 12:00 m.<\/li>\n<\/ul>\n\n\n\n<p>Si no necesitas el servicio ahora, \u00a1no te preocupes! Puedes agendar tu cita cuando lo necesites.<\/p>\n\n\n\n<p><strong>\u00bfTienes dudas?<\/strong><br>Escr\u00edbenos al correo: <strong><a>consejeriaestudiantil@catolica.edu.co<\/a><\/strong><br>O comun\u00edcate con nosotros al PBX: <strong>3277330 Ext. 1304<\/strong><\/p>\n\n\n\n<p>Estamos aqu\u00ed para ayudarte a seguir adelante con confianza y \u00e9xito.<\/p>\n\n\n\n<p>\u00a1Esperamos verte pronto!<\/p>\n","protected":false},"excerpt":{"rendered":"<p>La vida universitaria puede presentar desaf\u00edos, tanto acad\u00e9micos como personales. Es por eso que el servicio de Consejer\u00eda Estudiantil de la Coordinaci\u00f3n de Permanencia Estudiantil est\u00e1 aqu\u00ed para apoyarte en todo momento. Contamos con un equipo de psic\u00f3logos expertos que te ofrecen un espacio seguro, confidencial y personalizado para que puedas superar cualquier obst\u00e1culo y [&hellip;]<\/p>\n","protected":false},"author":4,"featured_media":115669,"comment_status":"open","ping_status":"open","sticky":false,"template":"","format":"standard","meta":{"_acf_changed":false,"advgb_blocks_editor_width":"","advgb_blocks_columns_visual_guide":"","footnotes":""},"categories":[93],"tags":[2151,103,3004],"class_list":["post-115436","post","type-post","status-publish","format-standard","has-post-thumbnail","hentry","category-noticias-principales","tag-consejeria-estudiantil","tag-permanencia-estudiantil","tag-sesiones-individiaules"],"acf":[],"yoast_head":"<!-- This site is optimized with the Yoast SEO plugin v26.7 - https:\/\/yoast.com\/wordpress\/plugins\/seo\/ -->\n<title>\u00a1Consejer\u00eda Estudiantil est\u00e1 para apoyarte en tu camino acad\u00e9mico y personal! - Universidad Cat\u00f3lica De Colombia<\/title>\n<meta name=\"robots\" content=\"index, follow, max-snippet:-1, max-image-preview:large, max-video-preview:-1\" \/>\n<link rel=\"canonical\" href=\"https:\/\/www.ucatolica.edu.co\/portal\/consejeria-estudiantil-esta-para-apoyarte-en-tu-camino-academico-y-personal\/\" \/>\n<meta property=\"og:locale\" content=\"es_ES\" \/>\n<meta property=\"og:type\" content=\"article\" \/>\n<meta property=\"og:title\" content=\"\u00a1Consejer\u00eda Estudiantil est\u00e1 para apoyarte en tu camino acad\u00e9mico y personal! - Universidad Cat\u00f3lica De Colombia\" \/>\n<meta property=\"og:description\" content=\"La vida universitaria puede presentar desaf\u00edos, tanto acad\u00e9micos como personales. Es por eso que el servicio de Consejer\u00eda Estudiantil de la Coordinaci\u00f3n de Permanencia Estudiantil est\u00e1 aqu\u00ed para apoyarte en todo momento. Contamos con un equipo de psic\u00f3logos expertos que te ofrecen un espacio seguro, confidencial y personalizado para que puedas superar cualquier obst\u00e1culo y [&hellip;]\" \/>\n<meta property=\"og:url\" content=\"https:\/\/www.ucatolica.edu.co\/portal\/consejeria-estudiantil-esta-para-apoyarte-en-tu-camino-academico-y-personal\/\" \/>\n<meta property=\"og:site_name\" content=\"Universidad Cat\u00f3lica De Colombia\" \/>\n<meta property=\"article:publisher\" content=\"https:\/\/www.facebook.com\/ucatolicacolombia\" \/>\n<meta property=\"article:published_time\" content=\"2025-02-20T17:30:29+00:00\" \/>\n<meta property=\"article:modified_time\" content=\"2025-02-20T17:30:30+00:00\" \/>\n<meta property=\"og:image\" content=\"https:\/\/www.ucatolica.edu.co\/portal\/wp-content\/uploads\/2025\/02\/OP4622-Noticia.jpg\" \/>\n\t<meta property=\"og:image:width\" content=\"870\" \/>\n\t<meta property=\"og:image:height\" content=\"522\" \/>\n\t<meta property=\"og:image:type\" content=\"image\/jpeg\" \/>\n<meta name=\"author\" content=\"Cindy Lugo\" \/>\n<meta name=\"twitter:card\" content=\"summary_large_image\" \/>\n<meta name=\"twitter:creator\" content=\"@UCatolicaCol\" \/>\n<meta name=\"twitter:site\" content=\"@UCatolicaCol\" \/>\n<meta name=\"twitter:label1\" content=\"Escrito por\" \/>\n\t<meta name=\"twitter:data1\" content=\"Cindy Lugo\" \/>\n\t<meta name=\"twitter:label2\" content=\"Tiempo de lectura\" \/>\n\t<meta name=\"twitter:data2\" content=\"1 minuto\" \/>\n<script type=\"application\/ld+json\" class=\"yoast-schema-graph\">{\"@context\":\"https:\/\/schema.org\",\"@graph\":[{\"@type\":\"Article\",\"@id\":\"https:\/\/www.ucatolica.edu.co\/portal\/consejeria-estudiantil-esta-para-apoyarte-en-tu-camino-academico-y-personal\/#article\",\"isPartOf\":{\"@id\":\"https:\/\/www.ucatolica.edu.co\/portal\/consejeria-estudiantil-esta-para-apoyarte-en-tu-camino-academico-y-personal\/\"},\"author\":{\"name\":\"Cindy Lugo\",\"@id\":\"https:\/\/www.ucatolica.edu.co\/portal\/#\/schema\/person\/a7469afff252fba81c6cdc40c80f00b6\"},\"headline\":\"\u00a1Consejer\u00eda Estudiantil est\u00e1 para apoyarte en tu camino acad\u00e9mico y personal!\",\"datePublished\":\"2025-02-20T17:30:29+00:00\",\"dateModified\":\"2025-02-20T17:30:30+00:00\",\"mainEntityOfPage\":{\"@id\":\"https:\/\/www.ucatolica.edu.co\/portal\/consejeria-estudiantil-esta-para-apoyarte-en-tu-camino-academico-y-personal\/\"},\"wordCount\":231,\"commentCount\":0,\"publisher\":{\"@id\":\"https:\/\/www.ucatolica.edu.co\/portal\/#organization\"},\"image\":{\"@id\":\"https:\/\/www.ucatolica.edu.co\/portal\/consejeria-estudiantil-esta-para-apoyarte-en-tu-camino-academico-y-personal\/#primaryimage\"},\"thumbnailUrl\":\"https:\/\/www.ucatolica.edu.co\/portal\/wp-content\/uploads\/2025\/02\/OP4622-Noticia.jpg\",\"keywords\":[\"Consejer\u00eda Estudiantil\",\"Permanencia Estudiantil\",\"Sesiones individiaules\"],\"articleSection\":[\"Noticias Principales\"],\"inLanguage\":\"es-CO\"},{\"@type\":\"WebPage\",\"@id\":\"https:\/\/www.ucatolica.edu.co\/portal\/consejeria-estudiantil-esta-para-apoyarte-en-tu-camino-academico-y-personal\/\",\"url\":\"https:\/\/www.ucatolica.edu.co\/portal\/consejeria-estudiantil-esta-para-apoyarte-en-tu-camino-academico-y-personal\/\",\"name\":\"\u00a1Consejer\u00eda Estudiantil est\u00e1 para apoyarte en tu camino acad\u00e9mico y personal! - Universidad Cat\u00f3lica De Colombia\",\"isPartOf\":{\"@id\":\"https:\/\/www.ucatolica.edu.co\/portal\/#website\"},\"primaryImageOfPage\":{\"@id\":\"https:\/\/www.ucatolica.edu.co\/portal\/consejeria-estudiantil-esta-para-apoyarte-en-tu-camino-academico-y-personal\/#primaryimage\"},\"image\":{\"@id\":\"https:\/\/www.ucatolica.edu.co\/portal\/consejeria-estudiantil-esta-para-apoyarte-en-tu-camino-academico-y-personal\/#primaryimage\"},\"thumbnailUrl\":\"https:\/\/www.ucatolica.edu.co\/portal\/wp-content\/uploads\/2025\/02\/OP4622-Noticia.jpg\",\"datePublished\":\"2025-02-20T17:30:29+00:00\",\"dateModified\":\"2025-02-20T17:30:30+00:00\",\"breadcrumb\":{\"@id\":\"https:\/\/www.ucatolica.edu.co\/portal\/consejeria-estudiantil-esta-para-apoyarte-en-tu-camino-academico-y-personal\/#breadcrumb\"},\"inLanguage\":\"es-CO\",\"potentialAction\":[{\"@type\":\"ReadAction\",\"target\":[\"https:\/\/www.ucatolica.edu.co\/portal\/consejeria-estudiantil-esta-para-apoyarte-en-tu-camino-academico-y-personal\/\"]}]},{\"@type\":\"ImageObject\",\"inLanguage\":\"es-CO\",\"@id\":\"https:\/\/www.ucatolica.edu.co\/portal\/consejeria-estudiantil-esta-para-apoyarte-en-tu-camino-academico-y-personal\/#primaryimage\",\"url\":\"https:\/\/www.ucatolica.edu.co\/portal\/wp-content\/uploads\/2025\/02\/OP4622-Noticia.jpg\",\"contentUrl\":\"https:\/\/www.ucatolica.edu.co\/portal\/wp-content\/uploads\/2025\/02\/OP4622-Noticia.jpg\",\"width\":870,\"height\":522,\"caption\":\"Hombre hablando con una mujer\"},{\"@type\":\"BreadcrumbList\",\"@id\":\"https:\/\/www.ucatolica.edu.co\/portal\/consejeria-estudiantil-esta-para-apoyarte-en-tu-camino-academico-y-personal\/#breadcrumb\",\"itemListElement\":[{\"@type\":\"ListItem\",\"position\":1,\"name\":\"Inicio\",\"item\":\"https:\/\/www.ucatolica.edu.co\/portal\/\"},{\"@type\":\"ListItem\",\"position\":2,\"name\":\"\u00a1Consejer\u00eda Estudiantil est\u00e1 para apoyarte en tu camino acad\u00e9mico y personal!\"}]},{\"@type\":\"WebSite\",\"@id\":\"https:\/\/www.ucatolica.edu.co\/portal\/#website\",\"url\":\"https:\/\/www.ucatolica.edu.co\/portal\/\",\"name\":\"Universidad Cat\u00f3lica De Colombia\",\"description\":\"Universidad Cat\u00f3lica De Colombia\",\"publisher\":{\"@id\":\"https:\/\/www.ucatolica.edu.co\/portal\/#organization\"},\"potentialAction\":[{\"@type\":\"SearchAction\",\"target\":{\"@type\":\"EntryPoint\",\"urlTemplate\":\"https:\/\/www.ucatolica.edu.co\/portal\/?s={search_term_string}\"},\"query-input\":{\"@type\":\"PropertyValueSpecification\",\"valueRequired\":true,\"valueName\":\"search_term_string\"}}],\"inLanguage\":\"es-CO\"},{\"@type\":\"Organization\",\"@id\":\"https:\/\/www.ucatolica.edu.co\/portal\/#organization\",\"name\":\"Universidad Cat\u00f3lica de Colombia\",\"url\":\"https:\/\/www.ucatolica.edu.co\/portal\/\",\"logo\":{\"@type\":\"ImageObject\",\"inLanguage\":\"es-CO\",\"@id\":\"https:\/\/www.ucatolica.edu.co\/portal\/#\/schema\/logo\/image\/\",\"url\":\"https:\/\/www.ucatolica.edu.co\/portal\/wp-content\/uploads\/2021\/06\/logo-header-ho-1.svg\",\"contentUrl\":\"https:\/\/www.ucatolica.edu.co\/portal\/wp-content\/uploads\/2021\/06\/logo-header-ho-1.svg\",\"width\":1,\"height\":1,\"caption\":\"Universidad Cat\u00f3lica de Colombia\"},\"image\":{\"@id\":\"https:\/\/www.ucatolica.edu.co\/portal\/#\/schema\/logo\/image\/\"},\"sameAs\":[\"https:\/\/www.facebook.com\/ucatolicacolombia\",\"https:\/\/x.com\/UCatolicaCol\",\"https:\/\/www.instagram.com\/universidadcatolicadecolombia\/\",\"https:\/\/www.linkedin.com\/company\/universidadcatolicadecolombia\/\",\"https:\/\/www.youtube.com\/user\/UCatolicaCo\"]},{\"@type\":\"Person\",\"@id\":\"https:\/\/www.ucatolica.edu.co\/portal\/#\/schema\/person\/a7469afff252fba81c6cdc40c80f00b6\",\"name\":\"Cindy Lugo\",\"url\":\"https:\/\/www.ucatolica.edu.co\/portal\/author\/cindy\/\"}]}<\/script>\n<!-- \/ Yoast SEO plugin. -->","yoast_head_json":{"title":"\u00a1Consejer\u00eda Estudiantil est\u00e1 para apoyarte en tu camino acad\u00e9mico y personal! - Universidad Cat\u00f3lica De Colombia","robots":{"index":"index","follow":"follow","max-snippet":"max-snippet:-1","max-image-preview":"max-image-preview:large","max-video-preview":"max-video-preview:-1"},"canonical":"https:\/\/www.ucatolica.edu.co\/portal\/consejeria-estudiantil-esta-para-apoyarte-en-tu-camino-academico-y-personal\/","og_locale":"es_ES","og_type":"article","og_title":"\u00a1Consejer\u00eda Estudiantil est\u00e1 para apoyarte en tu camino acad\u00e9mico y personal! - Universidad Cat\u00f3lica De Colombia","og_description":"La vida universitaria puede presentar desaf\u00edos, tanto acad\u00e9micos como personales. Es por eso que el servicio de Consejer\u00eda Estudiantil de la Coordinaci\u00f3n de Permanencia Estudiantil est\u00e1 aqu\u00ed para apoyarte en todo momento. Contamos con un equipo de psic\u00f3logos expertos que te ofrecen un espacio seguro, confidencial y personalizado para que puedas superar cualquier obst\u00e1culo y [&hellip;]","og_url":"https:\/\/www.ucatolica.edu.co\/portal\/consejeria-estudiantil-esta-para-apoyarte-en-tu-camino-academico-y-personal\/","og_site_name":"Universidad Cat\u00f3lica De Colombia","article_publisher":"https:\/\/www.facebook.com\/ucatolicacolombia","article_published_time":"2025-02-20T17:30:29+00:00","article_modified_time":"2025-02-20T17:30:30+00:00","og_image":[{"width":870,"height":522,"url":"https:\/\/www.ucatolica.edu.co\/portal\/wp-content\/uploads\/2025\/02\/OP4622-Noticia.jpg","type":"image\/jpeg"}],"author":"Cindy Lugo","twitter_card":"summary_large_image","twitter_creator":"@UCatolicaCol","twitter_site":"@UCatolicaCol","twitter_misc":{"Escrito por":"Cindy Lugo","Tiempo de lectura":"1 minuto"},"schema":{"@context":"https:\/\/schema.org","@graph":[{"@type":"Article","@id":"https:\/\/www.ucatolica.edu.co\/portal\/consejeria-estudiantil-esta-para-apoyarte-en-tu-camino-academico-y-personal\/#article","isPartOf":{"@id":"https:\/\/www.ucatolica.edu.co\/portal\/consejeria-estudiantil-esta-para-apoyarte-en-tu-camino-academico-y-personal\/"},"author":{"name":"Cindy Lugo","@id":"https:\/\/www.ucatolica.edu.co\/portal\/#\/schema\/person\/a7469afff252fba81c6cdc40c80f00b6"},"headline":"\u00a1Consejer\u00eda Estudiantil est\u00e1 para apoyarte en tu camino acad\u00e9mico y personal!","datePublished":"2025-02-20T17:30:29+00:00","dateModified":"2025-02-20T17:30:30+00:00","mainEntityOfPage":{"@id":"https:\/\/www.ucatolica.edu.co\/portal\/consejeria-estudiantil-esta-para-apoyarte-en-tu-camino-academico-y-personal\/"},"wordCount":231,"commentCount":0,"publisher":{"@id":"https:\/\/www.ucatolica.edu.co\/portal\/#organization"},"image":{"@id":"https:\/\/www.ucatolica.edu.co\/portal\/consejeria-estudiantil-esta-para-apoyarte-en-tu-camino-academico-y-personal\/#primaryimage"},"thumbnailUrl":"https:\/\/www.ucatolica.edu.co\/portal\/wp-content\/uploads\/2025\/02\/OP4622-Noticia.jpg","keywords":["Consejer\u00eda Estudiantil","Permanencia Estudiantil","Sesiones individiaules"],"articleSection":["Noticias Principales"],"inLanguage":"es-CO"},{"@type":"WebPage","@id":"https:\/\/www.ucatolica.edu.co\/portal\/consejeria-estudiantil-esta-para-apoyarte-en-tu-camino-academico-y-personal\/","url":"https:\/\/www.ucatolica.edu.co\/portal\/consejeria-estudiantil-esta-para-apoyarte-en-tu-camino-academico-y-personal\/","name":"\u00a1Consejer\u00eda Estudiantil est\u00e1 para apoyarte en tu camino acad\u00e9mico y personal! - Universidad Cat\u00f3lica De Colombia","isPartOf":{"@id":"https:\/\/www.ucatolica.edu.co\/portal\/#website"},"primaryImageOfPage":{"@id":"https:\/\/www.ucatolica.edu.co\/portal\/consejeria-estudiantil-esta-para-apoyarte-en-tu-camino-academico-y-personal\/#primaryimage"},"image":{"@id":"https:\/\/www.ucatolica.edu.co\/portal\/consejeria-estudiantil-esta-para-apoyarte-en-tu-camino-academico-y-personal\/#primaryimage"},"thumbnailUrl":"https:\/\/www.ucatolica.edu.co\/portal\/wp-content\/uploads\/2025\/02\/OP4622-Noticia.jpg","datePublished":"2025-02-20T17:30:29+00:00","dateModified":"2025-02-20T17:30:30+00:00","breadcrumb":{"@id":"https:\/\/www.ucatolica.edu.co\/portal\/consejeria-estudiantil-esta-para-apoyarte-en-tu-camino-academico-y-personal\/#breadcrumb"},"inLanguage":"es-CO","potentialAction":[{"@type":"ReadAction","target":["https:\/\/www.ucatolica.edu.co\/portal\/consejeria-estudiantil-esta-para-apoyarte-en-tu-camino-academico-y-personal\/"]}]},{"@type":"ImageObject","inLanguage":"es-CO","@id":"https:\/\/www.ucatolica.edu.co\/portal\/consejeria-estudiantil-esta-para-apoyarte-en-tu-camino-academico-y-personal\/#primaryimage","url":"https:\/\/www.ucatolica.edu.co\/portal\/wp-content\/uploads\/2025\/02\/OP4622-Noticia.jpg","contentUrl":"https:\/\/www.ucatolica.edu.co\/portal\/wp-content\/uploads\/2025\/02\/OP4622-Noticia.jpg","width":870,"height":522,"caption":"Hombre hablando con una mujer"},{"@type":"BreadcrumbList","@id":"https:\/\/www.ucatolica.edu.co\/portal\/consejeria-estudiantil-esta-para-apoyarte-en-tu-camino-academico-y-personal\/#breadcrumb","itemListElement":[{"@type":"ListItem","position":1,"name":"Inicio","item":"https:\/\/www.ucatolica.edu.co\/portal\/"},{"@type":"ListItem","position":2,"name":"\u00a1Consejer\u00eda Estudiantil est\u00e1 para apoyarte en tu camino acad\u00e9mico y personal!"}]},{"@type":"WebSite","@id":"https:\/\/www.ucatolica.edu.co\/portal\/#website","url":"https:\/\/www.ucatolica.edu.co\/portal\/","name":"Universidad Cat\u00f3lica De Colombia","description":"Universidad Cat\u00f3lica De Colombia","publisher":{"@id":"https:\/\/www.ucatolica.edu.co\/portal\/#organization"},"potentialAction":[{"@type":"SearchAction","target":{"@type":"EntryPoint","urlTemplate":"https:\/\/www.ucatolica.edu.co\/portal\/?s={search_term_string}"},"query-input":{"@type":"PropertyValueSpecification","valueRequired":true,"valueName":"search_term_string"}}],"inLanguage":"es-CO"},{"@type":"Organization","@id":"https:\/\/www.ucatolica.edu.co\/portal\/#organization","name":"Universidad Cat\u00f3lica de Colombia","url":"https:\/\/www.ucatolica.edu.co\/portal\/","logo":{"@type":"ImageObject","inLanguage":"es-CO","@id":"https:\/\/www.ucatolica.edu.co\/portal\/#\/schema\/logo\/image\/","url":"https:\/\/www.ucatolica.edu.co\/portal\/wp-content\/uploads\/2021\/06\/logo-header-ho-1.svg","contentUrl":"https:\/\/www.ucatolica.edu.co\/portal\/wp-content\/uploads\/2021\/06\/logo-header-ho-1.svg","width":1,"height":1,"caption":"Universidad Cat\u00f3lica de Colombia"},"image":{"@id":"https:\/\/www.ucatolica.edu.co\/portal\/#\/schema\/logo\/image\/"},"sameAs":["https:\/\/www.facebook.com\/ucatolicacolombia","https:\/\/x.com\/UCatolicaCol","https:\/\/www.instagram.com\/universidadcatolicadecolombia\/","https:\/\/www.linkedin.com\/company\/universidadcatolicadecolombia\/","https:\/\/www.youtube.com\/user\/UCatolicaCo"]},{"@type":"Person","@id":"https:\/\/www.ucatolica.edu.co\/portal\/#\/schema\/person\/a7469afff252fba81c6cdc40c80f00b6","name":"Cindy Lugo","url":"https:\/\/www.ucatolica.edu.co\/portal\/author\/cindy\/"}]}},"author_meta":{"display_name":"Cindy Lugo","author_link":"https:\/\/www.ucatolica.edu.co\/portal\/author\/cindy\/"},"featured_img":"https:\/\/www.ucatolica.edu.co\/portal\/wp-content\/uploads\/2025\/02\/OP4622-Noticia.jpg","coauthors":[],"tax_additional":{"categories":{"linked":["<a href=\"https:\/\/www.ucatolica.edu.co\/portal\/category\/noticias-principales\/\" class=\"advgb-post-tax-term\">Noticias Principales<\/a>"],"unlinked":["<span class=\"advgb-post-tax-term\">Noticias Principales<\/span>"]},"tags":{"linked":["<a href=\"https:\/\/www.ucatolica.edu.co\/portal\/category\/noticias-principales\/\" class=\"advgb-post-tax-term\">Consejer\u00eda Estudiantil<\/a>","<a href=\"https:\/\/www.ucatolica.edu.co\/portal\/category\/noticias-principales\/\" class=\"advgb-post-tax-term\">Permanencia Estudiantil<\/a>","<a href=\"https:\/\/www.ucatolica.edu.co\/portal\/category\/noticias-principales\/\" class=\"advgb-post-tax-term\">Sesiones individiaules<\/a>"],"unlinked":["<span class=\"advgb-post-tax-term\">Consejer\u00eda Estudiantil<\/span>","<span class=\"advgb-post-tax-term\">Permanencia Estudiantil<\/span>","<span class=\"advgb-post-tax-term\">Sesiones individiaules<\/span>"]}},"comment_count":"0","relative_dates":{"created":"Posted 1 a\u00f1o ago","modified":"Updated 1 a\u00f1o ago"},"absolute_dates":{"created":"Posted on 20 febrero, 2025","modified":"Updated on 20 febrero, 2025"},"absolute_dates_time":{"created":"Posted on 20 febrero, 2025 12:30 pm","modified":"Updated on 20 febrero, 2025 12:30 pm"},"featured_img_caption":"","series_order":"","_links":{"self":[{"href":"https:\/\/www.ucatolica.edu.co\/portal\/wp-json\/wp\/v2\/posts\/115436","targetHints":{"allow":["GET"]}}],"collection":[{"href":"https:\/\/www.ucatolica.edu.co\/portal\/wp-json\/wp\/v2\/posts"}],"about":[{"href":"https:\/\/www.ucatolica.edu.co\/portal\/wp-json\/wp\/v2\/types\/post"}],"author":[{"embeddable":true,"href":"https:\/\/www.ucatolica.edu.co\/portal\/wp-json\/wp\/v2\/users\/4"}],"replies":[{"embeddable":true,"href":"https:\/\/www.ucatolica.edu.co\/portal\/wp-json\/wp\/v2\/comments?post=115436"}],"version-history":[{"count":1,"href":"https:\/\/www.ucatolica.edu.co\/portal\/wp-json\/wp\/v2\/posts\/115436\/revisions"}],"predecessor-version":[{"id":115438,"href":"https:\/\/www.ucatolica.edu.co\/portal\/wp-json\/wp\/v2\/posts\/115436\/revisions\/115438"}],"wp:featuredmedia":[{"embeddable":true,"href":"https:\/\/www.ucatolica.edu.co\/portal\/wp-json\/wp\/v2\/media\/115669"}],"wp:attachment":[{"href":"https:\/\/www.ucatolica.edu.co\/portal\/wp-json\/wp\/v2\/media?parent=115436"}],"wp:term":[{"taxonomy":"category","embeddable":true,"href":"https:\/\/www.ucatolica.edu.co\/portal\/wp-json\/wp\/v2\/categories?post=115436"},{"taxonomy":"post_tag","embeddable":true,"href":"https:\/\/www.ucatolica.edu.co\/portal\/wp-json\/wp\/v2\/tags?post=115436"}],"curies":[{"name":"wp","href":"https:\/\/api.w.org\/{rel}","templated":true}]}}