{"id":115557,"date":"2025-02-17T11:36:24","date_gmt":"2025-02-17T16:36:24","guid":{"rendered":"https:\/\/www.ucatolica.edu.co\/portal\/?p=115557"},"modified":"2025-02-17T11:37:22","modified_gmt":"2025-02-17T16:37:22","slug":"encuentro-de-la-mesa-de-investigaciones-del-nodo-centro-rucc-fortaleciendo-la-colaboracion-academica","status":"publish","type":"post","link":"https:\/\/www.ucatolica.edu.co\/portal\/encuentro-de-la-mesa-de-investigaciones-del-nodo-centro-rucc-fortaleciendo-la-colaboracion-academica\/","title":{"rendered":"Encuentro de la Mesa de Investigaciones del Nodo Centro &#8211; RUCC: fortaleciendo la colaboraci\u00f3n acad\u00e9mica"},"content":{"rendered":"\n<p>El pasado 12 de febrero, en el Centro de Convenciones de la Universidad Cat\u00f3lica de Colombia, se llev\u00f3 a cabo el Encuentro de la Mesa de Investigaciones del Nodo Centro de la Red de Universidades Cat\u00f3licas de Colombia (RUCC). Este evento, presidido por el, Dr. Francisco G\u00f3mez Ortiz, Rector de la Universidad Cat\u00f3lica de Colombia y actual Coordinador del Nodo Centro, reuni\u00f3 a representantes de importantes instituciones acad\u00e9micas para fortalecer la colaboraci\u00f3n en la investigaci\u00f3n y aunar esfuerzos para alcanzar objetivos en las nuevas l\u00edneas estrat\u00e9gicas de la RUCC.<\/p>\n\n\n\n<p>Entre las universidades participantes estuvieron la Unicervantes, Fundaci\u00f3n Universitaria Juan de Castellanos, Unimonserrate, Pontificia Universidad Javeriana, Fundaci\u00f3n Universitaria San Alfonso, Uniagustiniana, Uniminuto, Universidad de La Sabana, Universidad de La Salle, Universidad San Buenaventura, Universidad La Gran Colombia, Universidad Santo Tom\u00e1s y la Universidad Cat\u00f3lica de Colombia.<\/p>\n\n\n\n<p><strong>Objetivos del encuentro<\/strong><\/p>\n\n\n\n<p>Este evento tuvo dos prop\u00f3sitos fundamentales:<\/p>\n\n\n\n<ol start=\"1\" class=\"wp-block-list\">\n<li><strong>Alinear el trabajo de la Mesa de Investigaciones con los nuevos lineamientos estrat\u00e9gicos de la RUCC<\/strong>, los cuales buscan fortalecer la identidad cat\u00f3lica, la investigaci\u00f3n interinstitucional y el impacto territorial.<\/li>\n\n\n\n<li><strong>Desarrollar un plan de trabajo efectivo<\/strong> que consolide el compromiso de las universidades participantes y fomente el crecimiento de la investigaci\u00f3n acad\u00e9mica en red.<\/li>\n<\/ol>\n\n\n\n<figure class=\"wp-block-image size-full\"><img fetchpriority=\"high\" decoding=\"async\" width=\"870\" height=\"522\" src=\"https:\/\/www.ucatolica.edu.co\/portal\/wp-content\/uploads\/2025\/02\/ParticipantesdelaRucc1.jpg\" alt=\"\" class=\"wp-image-115559\"\/><\/figure>\n\n\n\n<p><strong>Cambio en la coordinaci\u00f3n de la Mesa de Investigaciones<\/strong><\/p>\n\n\n\n<p>Durante la sesi\u00f3n, se llev\u00f3 a cabo la transici\u00f3n en la coordinaci\u00f3n de la Mesa de Investigaciones. El Padre Jos\u00e9 Carvajal Director de Investigaciones de la Fundaci\u00f3n Universitaria Juan de Castellanos, quien lider\u00f3 este espacio durante un per\u00edodo significativo, cedi\u00f3 su puesto al Dr. Juan Fernando C\u00f3rdoba, Vicerrector de Profesores e Investigaci\u00f3n de la Universidad de La Sabana.<\/p>\n\n\n\n<p>El Dr. C\u00f3rdoba asumir\u00e1 el reto de continuar fortaleciendo este espacio de colaboraci\u00f3n acad\u00e9mica, promoviendo iniciativas que beneficien a todas las instituciones miembros.<\/p>\n\n\n\n<p><strong>Planificaci\u00f3n y l\u00edneas estrat\u00e9gicas de la RUCC<\/strong><\/p>\n\n\n\n<p>En la jornada, la Dra. Patricia Serrano Esguerra Directora de la Oficina de Relaciones Internacionales e Interinstitucionales y el Dr. Alberto Gonz\u00e1lez Achury, Director de Planeaci\u00f3n de la Universidad Cat\u00f3lica de Colombia, lideraron un taller en el que se identificaron las l\u00edneas estrat\u00e9gicas prioritarias para el Nodo Centro:<\/p>\n\n\n\n<ul class=\"wp-block-list\">\n<li>Evangelizaci\u00f3n de la cultura y bienestar universitario.<\/li>\n<\/ul>\n\n\n\n<ul class=\"wp-block-list\">\n<li>Fortalecimiento de las capacidades investigativas y transferencia del conocimiento.<\/li>\n\n\n\n<li>Impacto de la universidad cat\u00f3lica en la transformaci\u00f3n social y territorial.<\/li>\n<\/ul>\n\n\n\n<p><strong>Compromiso con la investigaci\u00f3n y el desarrollo acad\u00e9mico<\/strong><\/p>\n\n\n\n<p>Este encuentro marca un paso importante en la consolidaci\u00f3n de la colaboraci\u00f3n interinstitucional dentro de la RUCC. Como resultado, se trabajar\u00e1 en un plan de acci\u00f3n que permitir\u00e1 aplicar los lineamientos estrat\u00e9gicos de manera efectiva, promoviendo proyectos de investigaci\u00f3n conjunta con impacto real en la sociedad.<\/p>\n\n\n\n<p>Para conocer m\u00e1s sobre las perspectivas de los participantes, accede al siguiente enlace: <a href=\"https:\/\/www.youtube.com\/watch?v=-7taj6o77T8\" target=\"_blank\" rel=\"noreferrer noopener\">Ver video<\/a><\/p>\n\n\n\n<p>Este evento reafirma el compromiso de las universidades cat\u00f3licas con la innovaci\u00f3n, la cooperaci\u00f3n y el desarrollo del conocimiento, garantizando su contribuci\u00f3n a la educaci\u00f3n superior y la transformaci\u00f3n social.<\/p>\n","protected":false},"excerpt":{"rendered":"<p>El pasado 12 de febrero, en el Centro de Convenciones de la Universidad Cat\u00f3lica de Colombia, se llev\u00f3 a cabo el Encuentro de la Mesa de Investigaciones del Nodo Centro de la Red de Universidades Cat\u00f3licas de Colombia (RUCC). Este evento, presidido por el, Dr. Francisco G\u00f3mez Ortiz, Rector de la Universidad Cat\u00f3lica de Colombia [&hellip;]<\/p>\n","protected":false},"author":4,"featured_media":115558,"comment_status":"open","ping_status":"open","sticky":false,"template":"","format":"standard","meta":{"_acf_changed":false,"advgb_blocks_editor_width":"","advgb_blocks_columns_visual_guide":"","footnotes":""},"categories":[93,531],"tags":[720,3009,3008,3007],"class_list":["post-115557","post","type-post","status-publish","format-standard","has-post-thumbnail","hentry","category-noticias-principales","category-orii","tag-identidad-catolica","tag-investigacion-interinstitucional","tag-lineas-estrategicas-de-la-rucc","tag-mesa-de-investigaciones-del-nodo-centro-rucc"],"acf":[],"yoast_head":"<!-- This site is optimized with the Yoast SEO plugin v26.7 - https:\/\/yoast.com\/wordpress\/plugins\/seo\/ -->\n<title>Encuentro de la Mesa de Investigaciones del Nodo Centro - RUCC: fortaleciendo la colaboraci\u00f3n acad\u00e9mica - Universidad Cat\u00f3lica De Colombia<\/title>\n<meta name=\"robots\" content=\"index, follow, max-snippet:-1, max-image-preview:large, max-video-preview:-1\" \/>\n<link rel=\"canonical\" href=\"https:\/\/www.ucatolica.edu.co\/portal\/encuentro-de-la-mesa-de-investigaciones-del-nodo-centro-rucc-fortaleciendo-la-colaboracion-academica\/\" \/>\n<meta property=\"og:locale\" content=\"es_ES\" \/>\n<meta property=\"og:type\" content=\"article\" \/>\n<meta property=\"og:title\" content=\"Encuentro de la Mesa de Investigaciones del Nodo Centro - RUCC: fortaleciendo la colaboraci\u00f3n acad\u00e9mica - Universidad Cat\u00f3lica De Colombia\" \/>\n<meta property=\"og:description\" content=\"El pasado 12 de febrero, en el Centro de Convenciones de la Universidad Cat\u00f3lica de Colombia, se llev\u00f3 a cabo el Encuentro de la Mesa de Investigaciones del Nodo Centro de la Red de Universidades Cat\u00f3licas de Colombia (RUCC). Este evento, presidido por el, Dr. Francisco G\u00f3mez Ortiz, Rector de la Universidad Cat\u00f3lica de Colombia [&hellip;]\" \/>\n<meta property=\"og:url\" content=\"https:\/\/www.ucatolica.edu.co\/portal\/encuentro-de-la-mesa-de-investigaciones-del-nodo-centro-rucc-fortaleciendo-la-colaboracion-academica\/\" \/>\n<meta property=\"og:site_name\" content=\"Universidad Cat\u00f3lica De Colombia\" \/>\n<meta property=\"article:publisher\" content=\"https:\/\/www.facebook.com\/ucatolicacolombia\" \/>\n<meta property=\"article:published_time\" content=\"2025-02-17T16:36:24+00:00\" \/>\n<meta property=\"article:modified_time\" content=\"2025-02-17T16:37:22+00:00\" \/>\n<meta property=\"og:image\" content=\"https:\/\/www.ucatolica.edu.co\/portal\/wp-content\/uploads\/2025\/02\/Participantes-de-la-RUCC.jpg\" \/>\n\t<meta property=\"og:image:width\" content=\"870\" \/>\n\t<meta property=\"og:image:height\" content=\"522\" \/>\n\t<meta property=\"og:image:type\" content=\"image\/jpeg\" \/>\n<meta name=\"author\" content=\"Cindy Lugo\" \/>\n<meta name=\"twitter:card\" content=\"summary_large_image\" \/>\n<meta name=\"twitter:creator\" content=\"@UCatolicaCol\" \/>\n<meta name=\"twitter:site\" content=\"@UCatolicaCol\" \/>\n<meta name=\"twitter:label1\" content=\"Escrito por\" \/>\n\t<meta name=\"twitter:data1\" content=\"Cindy Lugo\" \/>\n\t<meta name=\"twitter:label2\" content=\"Tiempo de lectura\" \/>\n\t<meta name=\"twitter:data2\" content=\"3 minutos\" \/>\n<script type=\"application\/ld+json\" class=\"yoast-schema-graph\">{\"@context\":\"https:\/\/schema.org\",\"@graph\":[{\"@type\":\"Article\",\"@id\":\"https:\/\/www.ucatolica.edu.co\/portal\/encuentro-de-la-mesa-de-investigaciones-del-nodo-centro-rucc-fortaleciendo-la-colaboracion-academica\/#article\",\"isPartOf\":{\"@id\":\"https:\/\/www.ucatolica.edu.co\/portal\/encuentro-de-la-mesa-de-investigaciones-del-nodo-centro-rucc-fortaleciendo-la-colaboracion-academica\/\"},\"author\":{\"name\":\"Cindy Lugo\",\"@id\":\"https:\/\/www.ucatolica.edu.co\/portal\/#\/schema\/person\/a7469afff252fba81c6cdc40c80f00b6\"},\"headline\":\"Encuentro de la Mesa de Investigaciones del Nodo Centro &#8211; RUCC: fortaleciendo la colaboraci\u00f3n acad\u00e9mica\",\"datePublished\":\"2025-02-17T16:36:24+00:00\",\"dateModified\":\"2025-02-17T16:37:22+00:00\",\"mainEntityOfPage\":{\"@id\":\"https:\/\/www.ucatolica.edu.co\/portal\/encuentro-de-la-mesa-de-investigaciones-del-nodo-centro-rucc-fortaleciendo-la-colaboracion-academica\/\"},\"wordCount\":540,\"commentCount\":0,\"publisher\":{\"@id\":\"https:\/\/www.ucatolica.edu.co\/portal\/#organization\"},\"image\":{\"@id\":\"https:\/\/www.ucatolica.edu.co\/portal\/encuentro-de-la-mesa-de-investigaciones-del-nodo-centro-rucc-fortaleciendo-la-colaboracion-academica\/#primaryimage\"},\"thumbnailUrl\":\"https:\/\/www.ucatolica.edu.co\/portal\/wp-content\/uploads\/2025\/02\/Participantes-de-la-RUCC.jpg\",\"keywords\":[\"Identidad Cat\u00f3lica\",\"Investigaci\u00f3n interinstitucional\",\"L\u00edneas estrat\u00e9gicas de la RUCC\",\"Mesa de investigaciones del Nodo Centro RUCC\"],\"articleSection\":[\"Noticias Principales\",\"ORII\"],\"inLanguage\":\"es-CO\"},{\"@type\":\"WebPage\",\"@id\":\"https:\/\/www.ucatolica.edu.co\/portal\/encuentro-de-la-mesa-de-investigaciones-del-nodo-centro-rucc-fortaleciendo-la-colaboracion-academica\/\",\"url\":\"https:\/\/www.ucatolica.edu.co\/portal\/encuentro-de-la-mesa-de-investigaciones-del-nodo-centro-rucc-fortaleciendo-la-colaboracion-academica\/\",\"name\":\"Encuentro de la Mesa de Investigaciones del Nodo Centro - RUCC: fortaleciendo la colaboraci\u00f3n acad\u00e9mica - Universidad Cat\u00f3lica De Colombia\",\"isPartOf\":{\"@id\":\"https:\/\/www.ucatolica.edu.co\/portal\/#website\"},\"primaryImageOfPage\":{\"@id\":\"https:\/\/www.ucatolica.edu.co\/portal\/encuentro-de-la-mesa-de-investigaciones-del-nodo-centro-rucc-fortaleciendo-la-colaboracion-academica\/#primaryimage\"},\"image\":{\"@id\":\"https:\/\/www.ucatolica.edu.co\/portal\/encuentro-de-la-mesa-de-investigaciones-del-nodo-centro-rucc-fortaleciendo-la-colaboracion-academica\/#primaryimage\"},\"thumbnailUrl\":\"https:\/\/www.ucatolica.edu.co\/portal\/wp-content\/uploads\/2025\/02\/Participantes-de-la-RUCC.jpg\",\"datePublished\":\"2025-02-17T16:36:24+00:00\",\"dateModified\":\"2025-02-17T16:37:22+00:00\",\"breadcrumb\":{\"@id\":\"https:\/\/www.ucatolica.edu.co\/portal\/encuentro-de-la-mesa-de-investigaciones-del-nodo-centro-rucc-fortaleciendo-la-colaboracion-academica\/#breadcrumb\"},\"inLanguage\":\"es-CO\",\"potentialAction\":[{\"@type\":\"ReadAction\",\"target\":[\"https:\/\/www.ucatolica.edu.co\/portal\/encuentro-de-la-mesa-de-investigaciones-del-nodo-centro-rucc-fortaleciendo-la-colaboracion-academica\/\"]}]},{\"@type\":\"ImageObject\",\"inLanguage\":\"es-CO\",\"@id\":\"https:\/\/www.ucatolica.edu.co\/portal\/encuentro-de-la-mesa-de-investigaciones-del-nodo-centro-rucc-fortaleciendo-la-colaboracion-academica\/#primaryimage\",\"url\":\"https:\/\/www.ucatolica.edu.co\/portal\/wp-content\/uploads\/2025\/02\/Participantes-de-la-RUCC.jpg\",\"contentUrl\":\"https:\/\/www.ucatolica.edu.co\/portal\/wp-content\/uploads\/2025\/02\/Participantes-de-la-RUCC.jpg\",\"width\":870,\"height\":522,\"caption\":\"Participantes de la RUCC\"},{\"@type\":\"BreadcrumbList\",\"@id\":\"https:\/\/www.ucatolica.edu.co\/portal\/encuentro-de-la-mesa-de-investigaciones-del-nodo-centro-rucc-fortaleciendo-la-colaboracion-academica\/#breadcrumb\",\"itemListElement\":[{\"@type\":\"ListItem\",\"position\":1,\"name\":\"Inicio\",\"item\":\"https:\/\/www.ucatolica.edu.co\/portal\/\"},{\"@type\":\"ListItem\",\"position\":2,\"name\":\"Encuentro de la Mesa de Investigaciones del Nodo Centro &#8211; RUCC: fortaleciendo la colaboraci\u00f3n acad\u00e9mica\"}]},{\"@type\":\"WebSite\",\"@id\":\"https:\/\/www.ucatolica.edu.co\/portal\/#website\",\"url\":\"https:\/\/www.ucatolica.edu.co\/portal\/\",\"name\":\"Universidad Cat\u00f3lica De Colombia\",\"description\":\"Universidad Cat\u00f3lica De Colombia\",\"publisher\":{\"@id\":\"https:\/\/www.ucatolica.edu.co\/portal\/#organization\"},\"potentialAction\":[{\"@type\":\"SearchAction\",\"target\":{\"@type\":\"EntryPoint\",\"urlTemplate\":\"https:\/\/www.ucatolica.edu.co\/portal\/?s={search_term_string}\"},\"query-input\":{\"@type\":\"PropertyValueSpecification\",\"valueRequired\":true,\"valueName\":\"search_term_string\"}}],\"inLanguage\":\"es-CO\"},{\"@type\":\"Organization\",\"@id\":\"https:\/\/www.ucatolica.edu.co\/portal\/#organization\",\"name\":\"Universidad Cat\u00f3lica de Colombia\",\"url\":\"https:\/\/www.ucatolica.edu.co\/portal\/\",\"logo\":{\"@type\":\"ImageObject\",\"inLanguage\":\"es-CO\",\"@id\":\"https:\/\/www.ucatolica.edu.co\/portal\/#\/schema\/logo\/image\/\",\"url\":\"https:\/\/www.ucatolica.edu.co\/portal\/wp-content\/uploads\/2021\/06\/logo-header-ho-1.svg\",\"contentUrl\":\"https:\/\/www.ucatolica.edu.co\/portal\/wp-content\/uploads\/2021\/06\/logo-header-ho-1.svg\",\"width\":1,\"height\":1,\"caption\":\"Universidad Cat\u00f3lica de Colombia\"},\"image\":{\"@id\":\"https:\/\/www.ucatolica.edu.co\/portal\/#\/schema\/logo\/image\/\"},\"sameAs\":[\"https:\/\/www.facebook.com\/ucatolicacolombia\",\"https:\/\/x.com\/UCatolicaCol\",\"https:\/\/www.instagram.com\/universidadcatolicadecolombia\/\",\"https:\/\/www.linkedin.com\/company\/universidadcatolicadecolombia\/\",\"https:\/\/www.youtube.com\/user\/UCatolicaCo\"]},{\"@type\":\"Person\",\"@id\":\"https:\/\/www.ucatolica.edu.co\/portal\/#\/schema\/person\/a7469afff252fba81c6cdc40c80f00b6\",\"name\":\"Cindy Lugo\",\"url\":\"https:\/\/www.ucatolica.edu.co\/portal\/author\/cindy\/\"}]}<\/script>\n<!-- \/ Yoast SEO plugin. -->","yoast_head_json":{"title":"Encuentro de la Mesa de Investigaciones del Nodo Centro - RUCC: fortaleciendo la colaboraci\u00f3n acad\u00e9mica - Universidad Cat\u00f3lica De Colombia","robots":{"index":"index","follow":"follow","max-snippet":"max-snippet:-1","max-image-preview":"max-image-preview:large","max-video-preview":"max-video-preview:-1"},"canonical":"https:\/\/www.ucatolica.edu.co\/portal\/encuentro-de-la-mesa-de-investigaciones-del-nodo-centro-rucc-fortaleciendo-la-colaboracion-academica\/","og_locale":"es_ES","og_type":"article","og_title":"Encuentro de la Mesa de Investigaciones del Nodo Centro - RUCC: fortaleciendo la colaboraci\u00f3n acad\u00e9mica - Universidad Cat\u00f3lica De Colombia","og_description":"El pasado 12 de febrero, en el Centro de Convenciones de la Universidad Cat\u00f3lica de Colombia, se llev\u00f3 a cabo el Encuentro de la Mesa de Investigaciones del Nodo Centro de la Red de Universidades Cat\u00f3licas de Colombia (RUCC). Este evento, presidido por el, Dr. Francisco G\u00f3mez Ortiz, Rector de la Universidad Cat\u00f3lica de Colombia [&hellip;]","og_url":"https:\/\/www.ucatolica.edu.co\/portal\/encuentro-de-la-mesa-de-investigaciones-del-nodo-centro-rucc-fortaleciendo-la-colaboracion-academica\/","og_site_name":"Universidad Cat\u00f3lica De Colombia","article_publisher":"https:\/\/www.facebook.com\/ucatolicacolombia","article_published_time":"2025-02-17T16:36:24+00:00","article_modified_time":"2025-02-17T16:37:22+00:00","og_image":[{"width":870,"height":522,"url":"https:\/\/www.ucatolica.edu.co\/portal\/wp-content\/uploads\/2025\/02\/Participantes-de-la-RUCC.jpg","type":"image\/jpeg"}],"author":"Cindy Lugo","twitter_card":"summary_large_image","twitter_creator":"@UCatolicaCol","twitter_site":"@UCatolicaCol","twitter_misc":{"Escrito por":"Cindy Lugo","Tiempo de lectura":"3 minutos"},"schema":{"@context":"https:\/\/schema.org","@graph":[{"@type":"Article","@id":"https:\/\/www.ucatolica.edu.co\/portal\/encuentro-de-la-mesa-de-investigaciones-del-nodo-centro-rucc-fortaleciendo-la-colaboracion-academica\/#article","isPartOf":{"@id":"https:\/\/www.ucatolica.edu.co\/portal\/encuentro-de-la-mesa-de-investigaciones-del-nodo-centro-rucc-fortaleciendo-la-colaboracion-academica\/"},"author":{"name":"Cindy Lugo","@id":"https:\/\/www.ucatolica.edu.co\/portal\/#\/schema\/person\/a7469afff252fba81c6cdc40c80f00b6"},"headline":"Encuentro de la Mesa de Investigaciones del Nodo Centro &#8211; RUCC: fortaleciendo la colaboraci\u00f3n acad\u00e9mica","datePublished":"2025-02-17T16:36:24+00:00","dateModified":"2025-02-17T16:37:22+00:00","mainEntityOfPage":{"@id":"https:\/\/www.ucatolica.edu.co\/portal\/encuentro-de-la-mesa-de-investigaciones-del-nodo-centro-rucc-fortaleciendo-la-colaboracion-academica\/"},"wordCount":540,"commentCount":0,"publisher":{"@id":"https:\/\/www.ucatolica.edu.co\/portal\/#organization"},"image":{"@id":"https:\/\/www.ucatolica.edu.co\/portal\/encuentro-de-la-mesa-de-investigaciones-del-nodo-centro-rucc-fortaleciendo-la-colaboracion-academica\/#primaryimage"},"thumbnailUrl":"https:\/\/www.ucatolica.edu.co\/portal\/wp-content\/uploads\/2025\/02\/Participantes-de-la-RUCC.jpg","keywords":["Identidad Cat\u00f3lica","Investigaci\u00f3n interinstitucional","L\u00edneas estrat\u00e9gicas de la RUCC","Mesa de investigaciones del Nodo Centro RUCC"],"articleSection":["Noticias Principales","ORII"],"inLanguage":"es-CO"},{"@type":"WebPage","@id":"https:\/\/www.ucatolica.edu.co\/portal\/encuentro-de-la-mesa-de-investigaciones-del-nodo-centro-rucc-fortaleciendo-la-colaboracion-academica\/","url":"https:\/\/www.ucatolica.edu.co\/portal\/encuentro-de-la-mesa-de-investigaciones-del-nodo-centro-rucc-fortaleciendo-la-colaboracion-academica\/","name":"Encuentro de la Mesa de Investigaciones del Nodo Centro - RUCC: fortaleciendo la colaboraci\u00f3n acad\u00e9mica - Universidad Cat\u00f3lica De Colombia","isPartOf":{"@id":"https:\/\/www.ucatolica.edu.co\/portal\/#website"},"primaryImageOfPage":{"@id":"https:\/\/www.ucatolica.edu.co\/portal\/encuentro-de-la-mesa-de-investigaciones-del-nodo-centro-rucc-fortaleciendo-la-colaboracion-academica\/#primaryimage"},"image":{"@id":"https:\/\/www.ucatolica.edu.co\/portal\/encuentro-de-la-mesa-de-investigaciones-del-nodo-centro-rucc-fortaleciendo-la-colaboracion-academica\/#primaryimage"},"thumbnailUrl":"https:\/\/www.ucatolica.edu.co\/portal\/wp-content\/uploads\/2025\/02\/Participantes-de-la-RUCC.jpg","datePublished":"2025-02-17T16:36:24+00:00","dateModified":"2025-02-17T16:37:22+00:00","breadcrumb":{"@id":"https:\/\/www.ucatolica.edu.co\/portal\/encuentro-de-la-mesa-de-investigaciones-del-nodo-centro-rucc-fortaleciendo-la-colaboracion-academica\/#breadcrumb"},"inLanguage":"es-CO","potentialAction":[{"@type":"ReadAction","target":["https:\/\/www.ucatolica.edu.co\/portal\/encuentro-de-la-mesa-de-investigaciones-del-nodo-centro-rucc-fortaleciendo-la-colaboracion-academica\/"]}]},{"@type":"ImageObject","inLanguage":"es-CO","@id":"https:\/\/www.ucatolica.edu.co\/portal\/encuentro-de-la-mesa-de-investigaciones-del-nodo-centro-rucc-fortaleciendo-la-colaboracion-academica\/#primaryimage","url":"https:\/\/www.ucatolica.edu.co\/portal\/wp-content\/uploads\/2025\/02\/Participantes-de-la-RUCC.jpg","contentUrl":"https:\/\/www.ucatolica.edu.co\/portal\/wp-content\/uploads\/2025\/02\/Participantes-de-la-RUCC.jpg","width":870,"height":522,"caption":"Participantes de la RUCC"},{"@type":"BreadcrumbList","@id":"https:\/\/www.ucatolica.edu.co\/portal\/encuentro-de-la-mesa-de-investigaciones-del-nodo-centro-rucc-fortaleciendo-la-colaboracion-academica\/#breadcrumb","itemListElement":[{"@type":"ListItem","position":1,"name":"Inicio","item":"https:\/\/www.ucatolica.edu.co\/portal\/"},{"@type":"ListItem","position":2,"name":"Encuentro de la Mesa de Investigaciones del Nodo Centro &#8211; RUCC: fortaleciendo la colaboraci\u00f3n acad\u00e9mica"}]},{"@type":"WebSite","@id":"https:\/\/www.ucatolica.edu.co\/portal\/#website","url":"https:\/\/www.ucatolica.edu.co\/portal\/","name":"Universidad Cat\u00f3lica De Colombia","description":"Universidad Cat\u00f3lica De Colombia","publisher":{"@id":"https:\/\/www.ucatolica.edu.co\/portal\/#organization"},"potentialAction":[{"@type":"SearchAction","target":{"@type":"EntryPoint","urlTemplate":"https:\/\/www.ucatolica.edu.co\/portal\/?s={search_term_string}"},"query-input":{"@type":"PropertyValueSpecification","valueRequired":true,"valueName":"search_term_string"}}],"inLanguage":"es-CO"},{"@type":"Organization","@id":"https:\/\/www.ucatolica.edu.co\/portal\/#organization","name":"Universidad Cat\u00f3lica de Colombia","url":"https:\/\/www.ucatolica.edu.co\/portal\/","logo":{"@type":"ImageObject","inLanguage":"es-CO","@id":"https:\/\/www.ucatolica.edu.co\/portal\/#\/schema\/logo\/image\/","url":"https:\/\/www.ucatolica.edu.co\/portal\/wp-content\/uploads\/2021\/06\/logo-header-ho-1.svg","contentUrl":"https:\/\/www.ucatolica.edu.co\/portal\/wp-content\/uploads\/2021\/06\/logo-header-ho-1.svg","width":1,"height":1,"caption":"Universidad Cat\u00f3lica de Colombia"},"image":{"@id":"https:\/\/www.ucatolica.edu.co\/portal\/#\/schema\/logo\/image\/"},"sameAs":["https:\/\/www.facebook.com\/ucatolicacolombia","https:\/\/x.com\/UCatolicaCol","https:\/\/www.instagram.com\/universidadcatolicadecolombia\/","https:\/\/www.linkedin.com\/company\/universidadcatolicadecolombia\/","https:\/\/www.youtube.com\/user\/UCatolicaCo"]},{"@type":"Person","@id":"https:\/\/www.ucatolica.edu.co\/portal\/#\/schema\/person\/a7469afff252fba81c6cdc40c80f00b6","name":"Cindy Lugo","url":"https:\/\/www.ucatolica.edu.co\/portal\/author\/cindy\/"}]}},"author_meta":{"display_name":"Cindy Lugo","author_link":"https:\/\/www.ucatolica.edu.co\/portal\/author\/cindy\/"},"featured_img":"https:\/\/www.ucatolica.edu.co\/portal\/wp-content\/uploads\/2025\/02\/Participantes-de-la-RUCC.jpg","coauthors":[],"tax_additional":{"categories":{"linked":["<a href=\"https:\/\/www.ucatolica.edu.co\/portal\/category\/noticias-principales\/\" class=\"advgb-post-tax-term\">Noticias Principales<\/a>","<a href=\"https:\/\/www.ucatolica.edu.co\/portal\/category\/orii\/\" class=\"advgb-post-tax-term\">ORII<\/a>"],"unlinked":["<span class=\"advgb-post-tax-term\">Noticias Principales<\/span>","<span class=\"advgb-post-tax-term\">ORII<\/span>"]},"tags":{"linked":["<a href=\"https:\/\/www.ucatolica.edu.co\/portal\/category\/orii\/\" class=\"advgb-post-tax-term\">Identidad Cat\u00f3lica<\/a>","<a href=\"https:\/\/www.ucatolica.edu.co\/portal\/category\/orii\/\" class=\"advgb-post-tax-term\">Investigaci\u00f3n interinstitucional<\/a>","<a href=\"https:\/\/www.ucatolica.edu.co\/portal\/category\/orii\/\" class=\"advgb-post-tax-term\">L\u00edneas estrat\u00e9gicas de la RUCC<\/a>","<a href=\"https:\/\/www.ucatolica.edu.co\/portal\/category\/orii\/\" class=\"advgb-post-tax-term\">Mesa de investigaciones del Nodo Centro RUCC<\/a>"],"unlinked":["<span class=\"advgb-post-tax-term\">Identidad Cat\u00f3lica<\/span>","<span class=\"advgb-post-tax-term\">Investigaci\u00f3n interinstitucional<\/span>","<span class=\"advgb-post-tax-term\">L\u00edneas estrat\u00e9gicas de la RUCC<\/span>","<span class=\"advgb-post-tax-term\">Mesa de investigaciones del Nodo Centro RUCC<\/span>"]}},"comment_count":"0","relative_dates":{"created":"Posted 1 a\u00f1o ago","modified":"Updated 1 a\u00f1o ago"},"absolute_dates":{"created":"Posted on 17 febrero, 2025","modified":"Updated on 17 febrero, 2025"},"absolute_dates_time":{"created":"Posted on 17 febrero, 2025 11:36 am","modified":"Updated on 17 febrero, 2025 11:37 am"},"featured_img_caption":"","series_order":"","_links":{"self":[{"href":"https:\/\/www.ucatolica.edu.co\/portal\/wp-json\/wp\/v2\/posts\/115557","targetHints":{"allow":["GET"]}}],"collection":[{"href":"https:\/\/www.ucatolica.edu.co\/portal\/wp-json\/wp\/v2\/posts"}],"about":[{"href":"https:\/\/www.ucatolica.edu.co\/portal\/wp-json\/wp\/v2\/types\/post"}],"author":[{"embeddable":true,"href":"https:\/\/www.ucatolica.edu.co\/portal\/wp-json\/wp\/v2\/users\/4"}],"replies":[{"embeddable":true,"href":"https:\/\/www.ucatolica.edu.co\/portal\/wp-json\/wp\/v2\/comments?post=115557"}],"version-history":[{"count":2,"href":"https:\/\/www.ucatolica.edu.co\/portal\/wp-json\/wp\/v2\/posts\/115557\/revisions"}],"predecessor-version":[{"id":115561,"href":"https:\/\/www.ucatolica.edu.co\/portal\/wp-json\/wp\/v2\/posts\/115557\/revisions\/115561"}],"wp:featuredmedia":[{"embeddable":true,"href":"https:\/\/www.ucatolica.edu.co\/portal\/wp-json\/wp\/v2\/media\/115558"}],"wp:attachment":[{"href":"https:\/\/www.ucatolica.edu.co\/portal\/wp-json\/wp\/v2\/media?parent=115557"}],"wp:term":[{"taxonomy":"category","embeddable":true,"href":"https:\/\/www.ucatolica.edu.co\/portal\/wp-json\/wp\/v2\/categories?post=115557"},{"taxonomy":"post_tag","embeddable":true,"href":"https:\/\/www.ucatolica.edu.co\/portal\/wp-json\/wp\/v2\/tags?post=115557"}],"curies":[{"name":"wp","href":"https:\/\/api.w.org\/{rel}","templated":true}]}}