{"id":115937,"date":"2025-03-05T16:33:47","date_gmt":"2025-03-05T21:33:47","guid":{"rendered":"https:\/\/www.ucatolica.edu.co\/portal\/?p=115937"},"modified":"2025-03-05T16:33:49","modified_gmt":"2025-03-05T21:33:49","slug":"llega-el-club-de-conversacion-en-portugues-a-la-universidad-catolica-de-colombia","status":"publish","type":"post","link":"https:\/\/www.ucatolica.edu.co\/portal\/llega-el-club-de-conversacion-en-portugues-a-la-universidad-catolica-de-colombia\/","title":{"rendered":"Llega el Club de Conversaci\u00f3n en Portugu\u00e9s a la Universidad Cat\u00f3lica de Colombia"},"content":{"rendered":"\n<p>Si quieres mejorar tu portugu\u00e9s y sumergirte en la cultura brasile\u00f1a, esta es tu oportunidad. El Instituto de Lenguas y la Oficina de Relaciones Internacionales de la Universidad Cat\u00f3lica de Colombia te invitan a participar en el <strong>Club de Conversaci\u00f3n en Portugu\u00e9s<\/strong>, un espacio din\u00e1mico donde podr\u00e1s practicar el idioma de manera divertida y efectiva.<\/p>\n\n\n\n<p><strong>Detalles del Club de Conversaci\u00f3n<\/strong><\/p>\n\n\n\n<ul class=\"wp-block-list\">\n<li><strong>D\u00eda:<\/strong> Todos los lunes<\/li>\n\n\n\n<li><strong>Hora:<\/strong> 11:00 a. m. y 5:00 p. m.<\/li>\n\n\n\n<li><strong>Lugar:<\/strong> Instituto de Lenguas, Sal\u00f3n 202<\/li>\n<\/ul>\n\n\n\n<p><strong>Consulta el cronograma <a href=\"https:\/\/www.ucatolica.edu.co\/portal\/wp-content\/uploads\/2025\/02\/OP4644-ClubPortugues.pdf\">aqu\u00ed<\/a><\/strong><\/p>\n\n\n\n<p><strong>\u00bfPor qu\u00e9 unirte al Club?<\/strong><\/p>\n\n\n\n<ul class=\"wp-block-list\">\n<li>Mejora tu portugu\u00e9s con conversaciones reales.<\/li>\n\n\n\n<li>Aprende sobre la cultura brasile\u00f1a de forma interactiva.<\/li>\n\n\n\n<li>Disfruta de un ambiente relajado y amigable.<\/li>\n\n\n\n<li>Con\u00e9ctate con otros estudiantes interesados en el idioma.<\/li>\n\n\n\n<li>Prep\u00e1rate para futuras oportunidades de intercambio acad\u00e9mico.<\/li>\n<\/ul>\n\n\n\n<p><strong>Guiado por Profesores Nativos<\/strong><\/p>\n\n\n\n<p>Tendremos la participaci\u00f3n de profesores nativos que te ayudar\u00e1n a mejorar tu fluidez y comprensi\u00f3n del idioma.<\/p>\n\n\n\n<p>\u00a1No dejes pasar esta oportunidad para perfeccionar tu portugu\u00e9s y conocer m\u00e1s sobre Brasil!<br><br><\/p>\n","protected":false},"excerpt":{"rendered":"<p>Si quieres mejorar tu portugu\u00e9s y sumergirte en la cultura brasile\u00f1a, esta es tu oportunidad. El Instituto de Lenguas y la Oficina de Relaciones Internacionales de la Universidad Cat\u00f3lica de Colombia te invitan a participar en el Club de Conversaci\u00f3n en Portugu\u00e9s, un espacio din\u00e1mico donde podr\u00e1s practicar el idioma de manera divertida y efectiva. [&hellip;]<\/p>\n","protected":false},"author":61,"featured_media":115938,"comment_status":"open","ping_status":"open","sticky":false,"template":"","format":"standard","meta":{"_acf_changed":false,"advgb_blocks_editor_width":"","advgb_blocks_columns_visual_guide":"","footnotes":""},"categories":[595,93],"tags":[3034],"class_list":["post-115937","post","type-post","status-publish","format-standard","has-post-thumbnail","hentry","category-instituto-de-lenguas","category-noticias-principales","tag-club-de-conversacion-en-portugues"],"acf":[],"yoast_head":"<!-- This site is optimized with the Yoast SEO plugin v26.7 - https:\/\/yoast.com\/wordpress\/plugins\/seo\/ -->\n<title>Llega el Club de Conversaci\u00f3n en Portugu\u00e9s a la Universidad Cat\u00f3lica de Colombia - Universidad Cat\u00f3lica De Colombia<\/title>\n<meta name=\"robots\" content=\"index, follow, max-snippet:-1, max-image-preview:large, max-video-preview:-1\" \/>\n<link rel=\"canonical\" href=\"https:\/\/www.ucatolica.edu.co\/portal\/llega-el-club-de-conversacion-en-portugues-a-la-universidad-catolica-de-colombia\/\" \/>\n<meta property=\"og:locale\" content=\"es_ES\" \/>\n<meta property=\"og:type\" content=\"article\" \/>\n<meta property=\"og:title\" content=\"Llega el Club de Conversaci\u00f3n en Portugu\u00e9s a la Universidad Cat\u00f3lica de Colombia - Universidad Cat\u00f3lica De Colombia\" \/>\n<meta property=\"og:description\" content=\"Si quieres mejorar tu portugu\u00e9s y sumergirte en la cultura brasile\u00f1a, esta es tu oportunidad. El Instituto de Lenguas y la Oficina de Relaciones Internacionales de la Universidad Cat\u00f3lica de Colombia te invitan a participar en el Club de Conversaci\u00f3n en Portugu\u00e9s, un espacio din\u00e1mico donde podr\u00e1s practicar el idioma de manera divertida y efectiva. [&hellip;]\" \/>\n<meta property=\"og:url\" content=\"https:\/\/www.ucatolica.edu.co\/portal\/llega-el-club-de-conversacion-en-portugues-a-la-universidad-catolica-de-colombia\/\" \/>\n<meta property=\"og:site_name\" content=\"Universidad Cat\u00f3lica De Colombia\" \/>\n<meta property=\"article:publisher\" content=\"https:\/\/www.facebook.com\/ucatolicacolombia\" \/>\n<meta property=\"article:published_time\" content=\"2025-03-05T21:33:47+00:00\" \/>\n<meta property=\"article:modified_time\" content=\"2025-03-05T21:33:49+00:00\" \/>\n<meta property=\"og:image\" content=\"https:\/\/www.ucatolica.edu.co\/portal\/wp-content\/uploads\/2025\/02\/OP4644-ClubPortugues-Noticia.jpg\" \/>\n\t<meta property=\"og:image:width\" content=\"870\" \/>\n\t<meta property=\"og:image:height\" content=\"522\" \/>\n\t<meta property=\"og:image:type\" content=\"image\/jpeg\" \/>\n<meta name=\"author\" content=\"Leidy Dayanna Jaramillo Tavera\" \/>\n<meta name=\"twitter:card\" content=\"summary_large_image\" \/>\n<meta name=\"twitter:creator\" content=\"@UCatolicaCol\" \/>\n<meta name=\"twitter:site\" content=\"@UCatolicaCol\" \/>\n<meta name=\"twitter:label1\" content=\"Escrito por\" \/>\n\t<meta name=\"twitter:data1\" content=\"Leidy Dayanna Jaramillo Tavera\" \/>\n\t<meta name=\"twitter:label2\" content=\"Tiempo de lectura\" \/>\n\t<meta name=\"twitter:data2\" content=\"1 minuto\" \/>\n<script type=\"application\/ld+json\" class=\"yoast-schema-graph\">{\"@context\":\"https:\/\/schema.org\",\"@graph\":[{\"@type\":\"Article\",\"@id\":\"https:\/\/www.ucatolica.edu.co\/portal\/llega-el-club-de-conversacion-en-portugues-a-la-universidad-catolica-de-colombia\/#article\",\"isPartOf\":{\"@id\":\"https:\/\/www.ucatolica.edu.co\/portal\/llega-el-club-de-conversacion-en-portugues-a-la-universidad-catolica-de-colombia\/\"},\"author\":{\"name\":\"Leidy Dayanna Jaramillo Tavera\",\"@id\":\"https:\/\/www.ucatolica.edu.co\/portal\/#\/schema\/person\/c03ebc5b4f80ce7b8947aa9ddece408a\"},\"headline\":\"Llega el Club de Conversaci\u00f3n en Portugu\u00e9s a la Universidad Cat\u00f3lica de Colombia\",\"datePublished\":\"2025-03-05T21:33:47+00:00\",\"dateModified\":\"2025-03-05T21:33:49+00:00\",\"mainEntityOfPage\":{\"@id\":\"https:\/\/www.ucatolica.edu.co\/portal\/llega-el-club-de-conversacion-en-portugues-a-la-universidad-catolica-de-colombia\/\"},\"wordCount\":191,\"commentCount\":0,\"publisher\":{\"@id\":\"https:\/\/www.ucatolica.edu.co\/portal\/#organization\"},\"image\":{\"@id\":\"https:\/\/www.ucatolica.edu.co\/portal\/llega-el-club-de-conversacion-en-portugues-a-la-universidad-catolica-de-colombia\/#primaryimage\"},\"thumbnailUrl\":\"https:\/\/www.ucatolica.edu.co\/portal\/wp-content\/uploads\/2025\/02\/OP4644-ClubPortugues-Noticia.jpg\",\"keywords\":[\"Club de Conversaci\u00f3n en Portugu\u00e9s\"],\"articleSection\":[\"Instituto de Lenguas\",\"Noticias Principales\"],\"inLanguage\":\"es-CO\"},{\"@type\":\"WebPage\",\"@id\":\"https:\/\/www.ucatolica.edu.co\/portal\/llega-el-club-de-conversacion-en-portugues-a-la-universidad-catolica-de-colombia\/\",\"url\":\"https:\/\/www.ucatolica.edu.co\/portal\/llega-el-club-de-conversacion-en-portugues-a-la-universidad-catolica-de-colombia\/\",\"name\":\"Llega el Club de Conversaci\u00f3n en Portugu\u00e9s a la Universidad Cat\u00f3lica de Colombia - Universidad Cat\u00f3lica De Colombia\",\"isPartOf\":{\"@id\":\"https:\/\/www.ucatolica.edu.co\/portal\/#website\"},\"primaryImageOfPage\":{\"@id\":\"https:\/\/www.ucatolica.edu.co\/portal\/llega-el-club-de-conversacion-en-portugues-a-la-universidad-catolica-de-colombia\/#primaryimage\"},\"image\":{\"@id\":\"https:\/\/www.ucatolica.edu.co\/portal\/llega-el-club-de-conversacion-en-portugues-a-la-universidad-catolica-de-colombia\/#primaryimage\"},\"thumbnailUrl\":\"https:\/\/www.ucatolica.edu.co\/portal\/wp-content\/uploads\/2025\/02\/OP4644-ClubPortugues-Noticia.jpg\",\"datePublished\":\"2025-03-05T21:33:47+00:00\",\"dateModified\":\"2025-03-05T21:33:49+00:00\",\"breadcrumb\":{\"@id\":\"https:\/\/www.ucatolica.edu.co\/portal\/llega-el-club-de-conversacion-en-portugues-a-la-universidad-catolica-de-colombia\/#breadcrumb\"},\"inLanguage\":\"es-CO\",\"potentialAction\":[{\"@type\":\"ReadAction\",\"target\":[\"https:\/\/www.ucatolica.edu.co\/portal\/llega-el-club-de-conversacion-en-portugues-a-la-universidad-catolica-de-colombia\/\"]}]},{\"@type\":\"ImageObject\",\"inLanguage\":\"es-CO\",\"@id\":\"https:\/\/www.ucatolica.edu.co\/portal\/llega-el-club-de-conversacion-en-portugues-a-la-universidad-catolica-de-colombia\/#primaryimage\",\"url\":\"https:\/\/www.ucatolica.edu.co\/portal\/wp-content\/uploads\/2025\/02\/OP4644-ClubPortugues-Noticia.jpg\",\"contentUrl\":\"https:\/\/www.ucatolica.edu.co\/portal\/wp-content\/uploads\/2025\/02\/OP4644-ClubPortugues-Noticia.jpg\",\"width\":870,\"height\":522,\"caption\":\"Grupo de personas sonriendo en la biblioteca\"},{\"@type\":\"BreadcrumbList\",\"@id\":\"https:\/\/www.ucatolica.edu.co\/portal\/llega-el-club-de-conversacion-en-portugues-a-la-universidad-catolica-de-colombia\/#breadcrumb\",\"itemListElement\":[{\"@type\":\"ListItem\",\"position\":1,\"name\":\"Inicio\",\"item\":\"https:\/\/www.ucatolica.edu.co\/portal\/\"},{\"@type\":\"ListItem\",\"position\":2,\"name\":\"Llega el Club de Conversaci\u00f3n en Portugu\u00e9s a la Universidad Cat\u00f3lica de Colombia\"}]},{\"@type\":\"WebSite\",\"@id\":\"https:\/\/www.ucatolica.edu.co\/portal\/#website\",\"url\":\"https:\/\/www.ucatolica.edu.co\/portal\/\",\"name\":\"Universidad Cat\u00f3lica De Colombia\",\"description\":\"Universidad Cat\u00f3lica De Colombia\",\"publisher\":{\"@id\":\"https:\/\/www.ucatolica.edu.co\/portal\/#organization\"},\"potentialAction\":[{\"@type\":\"SearchAction\",\"target\":{\"@type\":\"EntryPoint\",\"urlTemplate\":\"https:\/\/www.ucatolica.edu.co\/portal\/?s={search_term_string}\"},\"query-input\":{\"@type\":\"PropertyValueSpecification\",\"valueRequired\":true,\"valueName\":\"search_term_string\"}}],\"inLanguage\":\"es-CO\"},{\"@type\":\"Organization\",\"@id\":\"https:\/\/www.ucatolica.edu.co\/portal\/#organization\",\"name\":\"Universidad Cat\u00f3lica de Colombia\",\"url\":\"https:\/\/www.ucatolica.edu.co\/portal\/\",\"logo\":{\"@type\":\"ImageObject\",\"inLanguage\":\"es-CO\",\"@id\":\"https:\/\/www.ucatolica.edu.co\/portal\/#\/schema\/logo\/image\/\",\"url\":\"https:\/\/www.ucatolica.edu.co\/portal\/wp-content\/uploads\/2021\/06\/logo-header-ho-1.svg\",\"contentUrl\":\"https:\/\/www.ucatolica.edu.co\/portal\/wp-content\/uploads\/2021\/06\/logo-header-ho-1.svg\",\"width\":1,\"height\":1,\"caption\":\"Universidad Cat\u00f3lica de Colombia\"},\"image\":{\"@id\":\"https:\/\/www.ucatolica.edu.co\/portal\/#\/schema\/logo\/image\/\"},\"sameAs\":[\"https:\/\/www.facebook.com\/ucatolicacolombia\",\"https:\/\/x.com\/UCatolicaCol\",\"https:\/\/www.instagram.com\/universidadcatolicadecolombia\/\",\"https:\/\/www.linkedin.com\/company\/universidadcatolicadecolombia\/\",\"https:\/\/www.youtube.com\/user\/UCatolicaCo\"]},{\"@type\":\"Person\",\"@id\":\"https:\/\/www.ucatolica.edu.co\/portal\/#\/schema\/person\/c03ebc5b4f80ce7b8947aa9ddece408a\",\"name\":\"Leidy Dayanna Jaramillo Tavera\",\"url\":\"https:\/\/www.ucatolica.edu.co\/portal\/author\/dayana\/\"}]}<\/script>\n<!-- \/ Yoast SEO plugin. -->","yoast_head_json":{"title":"Llega el Club de Conversaci\u00f3n en Portugu\u00e9s a la Universidad Cat\u00f3lica de Colombia - Universidad Cat\u00f3lica De Colombia","robots":{"index":"index","follow":"follow","max-snippet":"max-snippet:-1","max-image-preview":"max-image-preview:large","max-video-preview":"max-video-preview:-1"},"canonical":"https:\/\/www.ucatolica.edu.co\/portal\/llega-el-club-de-conversacion-en-portugues-a-la-universidad-catolica-de-colombia\/","og_locale":"es_ES","og_type":"article","og_title":"Llega el Club de Conversaci\u00f3n en Portugu\u00e9s a la Universidad Cat\u00f3lica de Colombia - Universidad Cat\u00f3lica De Colombia","og_description":"Si quieres mejorar tu portugu\u00e9s y sumergirte en la cultura brasile\u00f1a, esta es tu oportunidad. El Instituto de Lenguas y la Oficina de Relaciones Internacionales de la Universidad Cat\u00f3lica de Colombia te invitan a participar en el Club de Conversaci\u00f3n en Portugu\u00e9s, un espacio din\u00e1mico donde podr\u00e1s practicar el idioma de manera divertida y efectiva. [&hellip;]","og_url":"https:\/\/www.ucatolica.edu.co\/portal\/llega-el-club-de-conversacion-en-portugues-a-la-universidad-catolica-de-colombia\/","og_site_name":"Universidad Cat\u00f3lica De Colombia","article_publisher":"https:\/\/www.facebook.com\/ucatolicacolombia","article_published_time":"2025-03-05T21:33:47+00:00","article_modified_time":"2025-03-05T21:33:49+00:00","og_image":[{"width":870,"height":522,"url":"https:\/\/www.ucatolica.edu.co\/portal\/wp-content\/uploads\/2025\/02\/OP4644-ClubPortugues-Noticia.jpg","type":"image\/jpeg"}],"author":"Leidy Dayanna Jaramillo Tavera","twitter_card":"summary_large_image","twitter_creator":"@UCatolicaCol","twitter_site":"@UCatolicaCol","twitter_misc":{"Escrito por":"Leidy Dayanna Jaramillo Tavera","Tiempo de lectura":"1 minuto"},"schema":{"@context":"https:\/\/schema.org","@graph":[{"@type":"Article","@id":"https:\/\/www.ucatolica.edu.co\/portal\/llega-el-club-de-conversacion-en-portugues-a-la-universidad-catolica-de-colombia\/#article","isPartOf":{"@id":"https:\/\/www.ucatolica.edu.co\/portal\/llega-el-club-de-conversacion-en-portugues-a-la-universidad-catolica-de-colombia\/"},"author":{"name":"Leidy Dayanna Jaramillo Tavera","@id":"https:\/\/www.ucatolica.edu.co\/portal\/#\/schema\/person\/c03ebc5b4f80ce7b8947aa9ddece408a"},"headline":"Llega el Club de Conversaci\u00f3n en Portugu\u00e9s a la Universidad Cat\u00f3lica de Colombia","datePublished":"2025-03-05T21:33:47+00:00","dateModified":"2025-03-05T21:33:49+00:00","mainEntityOfPage":{"@id":"https:\/\/www.ucatolica.edu.co\/portal\/llega-el-club-de-conversacion-en-portugues-a-la-universidad-catolica-de-colombia\/"},"wordCount":191,"commentCount":0,"publisher":{"@id":"https:\/\/www.ucatolica.edu.co\/portal\/#organization"},"image":{"@id":"https:\/\/www.ucatolica.edu.co\/portal\/llega-el-club-de-conversacion-en-portugues-a-la-universidad-catolica-de-colombia\/#primaryimage"},"thumbnailUrl":"https:\/\/www.ucatolica.edu.co\/portal\/wp-content\/uploads\/2025\/02\/OP4644-ClubPortugues-Noticia.jpg","keywords":["Club de Conversaci\u00f3n en Portugu\u00e9s"],"articleSection":["Instituto de Lenguas","Noticias Principales"],"inLanguage":"es-CO"},{"@type":"WebPage","@id":"https:\/\/www.ucatolica.edu.co\/portal\/llega-el-club-de-conversacion-en-portugues-a-la-universidad-catolica-de-colombia\/","url":"https:\/\/www.ucatolica.edu.co\/portal\/llega-el-club-de-conversacion-en-portugues-a-la-universidad-catolica-de-colombia\/","name":"Llega el Club de Conversaci\u00f3n en Portugu\u00e9s a la Universidad Cat\u00f3lica de Colombia - Universidad Cat\u00f3lica De Colombia","isPartOf":{"@id":"https:\/\/www.ucatolica.edu.co\/portal\/#website"},"primaryImageOfPage":{"@id":"https:\/\/www.ucatolica.edu.co\/portal\/llega-el-club-de-conversacion-en-portugues-a-la-universidad-catolica-de-colombia\/#primaryimage"},"image":{"@id":"https:\/\/www.ucatolica.edu.co\/portal\/llega-el-club-de-conversacion-en-portugues-a-la-universidad-catolica-de-colombia\/#primaryimage"},"thumbnailUrl":"https:\/\/www.ucatolica.edu.co\/portal\/wp-content\/uploads\/2025\/02\/OP4644-ClubPortugues-Noticia.jpg","datePublished":"2025-03-05T21:33:47+00:00","dateModified":"2025-03-05T21:33:49+00:00","breadcrumb":{"@id":"https:\/\/www.ucatolica.edu.co\/portal\/llega-el-club-de-conversacion-en-portugues-a-la-universidad-catolica-de-colombia\/#breadcrumb"},"inLanguage":"es-CO","potentialAction":[{"@type":"ReadAction","target":["https:\/\/www.ucatolica.edu.co\/portal\/llega-el-club-de-conversacion-en-portugues-a-la-universidad-catolica-de-colombia\/"]}]},{"@type":"ImageObject","inLanguage":"es-CO","@id":"https:\/\/www.ucatolica.edu.co\/portal\/llega-el-club-de-conversacion-en-portugues-a-la-universidad-catolica-de-colombia\/#primaryimage","url":"https:\/\/www.ucatolica.edu.co\/portal\/wp-content\/uploads\/2025\/02\/OP4644-ClubPortugues-Noticia.jpg","contentUrl":"https:\/\/www.ucatolica.edu.co\/portal\/wp-content\/uploads\/2025\/02\/OP4644-ClubPortugues-Noticia.jpg","width":870,"height":522,"caption":"Grupo de personas sonriendo en la biblioteca"},{"@type":"BreadcrumbList","@id":"https:\/\/www.ucatolica.edu.co\/portal\/llega-el-club-de-conversacion-en-portugues-a-la-universidad-catolica-de-colombia\/#breadcrumb","itemListElement":[{"@type":"ListItem","position":1,"name":"Inicio","item":"https:\/\/www.ucatolica.edu.co\/portal\/"},{"@type":"ListItem","position":2,"name":"Llega el Club de Conversaci\u00f3n en Portugu\u00e9s a la Universidad Cat\u00f3lica de Colombia"}]},{"@type":"WebSite","@id":"https:\/\/www.ucatolica.edu.co\/portal\/#website","url":"https:\/\/www.ucatolica.edu.co\/portal\/","name":"Universidad Cat\u00f3lica De Colombia","description":"Universidad Cat\u00f3lica De Colombia","publisher":{"@id":"https:\/\/www.ucatolica.edu.co\/portal\/#organization"},"potentialAction":[{"@type":"SearchAction","target":{"@type":"EntryPoint","urlTemplate":"https:\/\/www.ucatolica.edu.co\/portal\/?s={search_term_string}"},"query-input":{"@type":"PropertyValueSpecification","valueRequired":true,"valueName":"search_term_string"}}],"inLanguage":"es-CO"},{"@type":"Organization","@id":"https:\/\/www.ucatolica.edu.co\/portal\/#organization","name":"Universidad Cat\u00f3lica de Colombia","url":"https:\/\/www.ucatolica.edu.co\/portal\/","logo":{"@type":"ImageObject","inLanguage":"es-CO","@id":"https:\/\/www.ucatolica.edu.co\/portal\/#\/schema\/logo\/image\/","url":"https:\/\/www.ucatolica.edu.co\/portal\/wp-content\/uploads\/2021\/06\/logo-header-ho-1.svg","contentUrl":"https:\/\/www.ucatolica.edu.co\/portal\/wp-content\/uploads\/2021\/06\/logo-header-ho-1.svg","width":1,"height":1,"caption":"Universidad Cat\u00f3lica de Colombia"},"image":{"@id":"https:\/\/www.ucatolica.edu.co\/portal\/#\/schema\/logo\/image\/"},"sameAs":["https:\/\/www.facebook.com\/ucatolicacolombia","https:\/\/x.com\/UCatolicaCol","https:\/\/www.instagram.com\/universidadcatolicadecolombia\/","https:\/\/www.linkedin.com\/company\/universidadcatolicadecolombia\/","https:\/\/www.youtube.com\/user\/UCatolicaCo"]},{"@type":"Person","@id":"https:\/\/www.ucatolica.edu.co\/portal\/#\/schema\/person\/c03ebc5b4f80ce7b8947aa9ddece408a","name":"Leidy Dayanna Jaramillo Tavera","url":"https:\/\/www.ucatolica.edu.co\/portal\/author\/dayana\/"}]}},"author_meta":{"display_name":"Leidy Dayanna Jaramillo Tavera","author_link":"https:\/\/www.ucatolica.edu.co\/portal\/author\/dayana\/"},"featured_img":"https:\/\/www.ucatolica.edu.co\/portal\/wp-content\/uploads\/2025\/02\/OP4644-ClubPortugues-Noticia.jpg","coauthors":[],"tax_additional":{"categories":{"linked":["<a href=\"https:\/\/www.ucatolica.edu.co\/portal\/category\/instituto-de-lenguas\/\" class=\"advgb-post-tax-term\">Instituto de Lenguas<\/a>","<a href=\"https:\/\/www.ucatolica.edu.co\/portal\/category\/noticias-principales\/\" class=\"advgb-post-tax-term\">Noticias Principales<\/a>"],"unlinked":["<span class=\"advgb-post-tax-term\">Instituto de Lenguas<\/span>","<span class=\"advgb-post-tax-term\">Noticias Principales<\/span>"]},"tags":{"linked":["<a href=\"https:\/\/www.ucatolica.edu.co\/portal\/category\/noticias-principales\/\" class=\"advgb-post-tax-term\">Club de Conversaci\u00f3n en Portugu\u00e9s<\/a>"],"unlinked":["<span class=\"advgb-post-tax-term\">Club de Conversaci\u00f3n en Portugu\u00e9s<\/span>"]}},"comment_count":"0","relative_dates":{"created":"Posted 1 a\u00f1o ago","modified":"Updated 1 a\u00f1o ago"},"absolute_dates":{"created":"Posted on 5 marzo, 2025","modified":"Updated on 5 marzo, 2025"},"absolute_dates_time":{"created":"Posted on 5 marzo, 2025 4:33 pm","modified":"Updated on 5 marzo, 2025 4:33 pm"},"featured_img_caption":"","series_order":"","_links":{"self":[{"href":"https:\/\/www.ucatolica.edu.co\/portal\/wp-json\/wp\/v2\/posts\/115937","targetHints":{"allow":["GET"]}}],"collection":[{"href":"https:\/\/www.ucatolica.edu.co\/portal\/wp-json\/wp\/v2\/posts"}],"about":[{"href":"https:\/\/www.ucatolica.edu.co\/portal\/wp-json\/wp\/v2\/types\/post"}],"author":[{"embeddable":true,"href":"https:\/\/www.ucatolica.edu.co\/portal\/wp-json\/wp\/v2\/users\/61"}],"replies":[{"embeddable":true,"href":"https:\/\/www.ucatolica.edu.co\/portal\/wp-json\/wp\/v2\/comments?post=115937"}],"version-history":[{"count":1,"href":"https:\/\/www.ucatolica.edu.co\/portal\/wp-json\/wp\/v2\/posts\/115937\/revisions"}],"predecessor-version":[{"id":115940,"href":"https:\/\/www.ucatolica.edu.co\/portal\/wp-json\/wp\/v2\/posts\/115937\/revisions\/115940"}],"wp:featuredmedia":[{"embeddable":true,"href":"https:\/\/www.ucatolica.edu.co\/portal\/wp-json\/wp\/v2\/media\/115938"}],"wp:attachment":[{"href":"https:\/\/www.ucatolica.edu.co\/portal\/wp-json\/wp\/v2\/media?parent=115937"}],"wp:term":[{"taxonomy":"category","embeddable":true,"href":"https:\/\/www.ucatolica.edu.co\/portal\/wp-json\/wp\/v2\/categories?post=115937"},{"taxonomy":"post_tag","embeddable":true,"href":"https:\/\/www.ucatolica.edu.co\/portal\/wp-json\/wp\/v2\/tags?post=115937"}],"curies":[{"name":"wp","href":"https:\/\/api.w.org\/{rel}","templated":true}]}}