{"id":116553,"date":"2025-04-01T17:16:39","date_gmt":"2025-04-01T22:16:39","guid":{"rendered":"https:\/\/www.ucatolica.edu.co\/portal\/?p=116553"},"modified":"2025-04-04T13:03:42","modified_gmt":"2025-04-04T18:03:42","slug":"agendate-con-el-foro-catastro-multiproposito-2025-impacto-innovacion-y-retos-de-la-gestion-territorial","status":"publish","type":"post","link":"https:\/\/www.ucatolica.edu.co\/portal\/agendate-con-el-foro-catastro-multiproposito-2025-impacto-innovacion-y-retos-de-la-gestion-territorial\/","title":{"rendered":"Ag\u00e9ndate con el Foro Catastro Multiprop\u00f3sito 2025: Impacto, Innovaci\u00f3n y Retos de la Gesti\u00f3n Territorial"},"content":{"rendered":"\n<p>La Universidad Cat\u00f3lica de Colombia, a trav\u00e9s de la Direcci\u00f3n de Extensi\u00f3n y la Facultad de Derecho, invita a participar a la comunidad interna y externa a participar en el  <strong>Foro Catastro Multiprop\u00f3sito Visi\u00f3n 360: Impacto, Innovaci\u00f3n y Retos de la Gesti\u00f3n Territorial<\/strong>, que se llevar\u00e1 a cabo el pr\u00f3ximo <strong>8 de abril de 2025<\/strong> en nuestras instalaciones. Este evento representa una oportunidad \u00fanica para reflexionar sobre el futuro del Catastro en Colombia y su impacto en la gesti\u00f3n del territorio a nivel nacional.<\/p>\n\n\n\n<h3 class=\"wp-block-heading\">\u00bfPor qu\u00e9 es importante este Foro?<\/h3>\n\n\n\n<p>El Catastro Multiprop\u00f3sito ha evolucionado m\u00e1s all\u00e1 de su funci\u00f3n tradicional y se ha convertido en una herramienta clave para la planificaci\u00f3n y el desarrollo territorial. En este foro, abordaremos los <strong>avances, oportunidades y desaf\u00edos<\/strong> del Catastro en Colombia, desde una perspectiva integral que incluye aspectos t\u00e9cnicos, legales y sociales. El evento ser\u00e1 el espacio ideal para conocer c\u00f3mo esta herramienta se est\u00e1 adaptando a las nuevas demandas del pa\u00eds y c\u00f3mo est\u00e1 transformando la forma en que entendemos y gestionamos nuestro territorio.<\/p>\n\n\n\n<h3 class=\"wp-block-heading\">Datos Relevantes: El avance catastral en Colombia<\/h3>\n\n\n\n<p>Seg\u00fan el <strong>Instituto Geogr\u00e1fico Agust\u00edn Codazzi (IGAC)<\/strong>, para enero de 2025, el <strong>26.8% del territorio nacional ha sido actualizado catastralmente<\/strong>, lo que equivale a m\u00e1s de <strong>30.5 millones de hect\u00e1reas<\/strong>. Este importante avance refleja el esfuerzo conjunto entre el gobierno y las entidades encargadas de la gesti\u00f3n territorial, subrayando la relevancia de contar con una infraestructura de informaci\u00f3n actualizada y eficiente. Sin embargo, este proceso tambi\u00e9n presenta una serie de retos legales y t\u00e9cnicos que requieren una reflexi\u00f3n profunda sobre su impacto en las comunidades y en el marco normativo que regula el uso del suelo en Colombia.<\/p>\n\n\n\n<h3 class=\"wp-block-heading\">Temas Principales del Foro<\/h3>\n\n\n\n<p>Durante este foro, expertos de los sectores p\u00fablico y privado, as\u00ed como autoridades del \u00e1rea, compartir\u00e1n sus conocimientos sobre:<\/p>\n\n\n\n<ul class=\"wp-block-list\">\n<li><strong>El futuro de la gesti\u00f3n territorial<\/strong> y la importancia del Catastro Multiprop\u00f3sito en el desarrollo sostenible.<\/li>\n\n\n\n<li><strong>Innovaciones en la implementaci\u00f3n catastral<\/strong> y su impacto en la planificaci\u00f3n urbana y rural.<\/li>\n\n\n\n<li><strong>Retos legales y t\u00e9cnicos<\/strong> asociados con la actualizaci\u00f3n catastral en Colombia.<\/li>\n\n\n\n<li><strong>La equidad territorial<\/strong>: C\u00f3mo garantizar un acceso justo a la informaci\u00f3n catastral para todos los ciudadanos.<\/li>\n\n\n\n<li><strong>Oportunidades para mejorar la transparencia<\/strong> en la gesti\u00f3n del territorio y su impacto social.<\/li>\n<\/ul>\n\n\n\n<h3 class=\"wp-block-heading\">Un evento crucial para la Universidad Cat\u00f3lica de Colombia<\/h3>\n\n\n\n<p>Este foro no solo tiene relevancia para los estudiantes y profesionales del Derecho, sino tambi\u00e9n para todos aquellos interesados en la gesti\u00f3n p\u00fablica, la planificaci\u00f3n urbana y la equidad territorial. La Universidad Cat\u00f3lica de Colombia, con su compromiso con la excelencia acad\u00e9mica y el desarrollo social, se posiciona como un referente en el an\u00e1lisis y la propuesta de soluciones para los desaf\u00edos actuales de la gesti\u00f3n territorial.<\/p>\n\n\n\n<p>La <strong>Facultad de Derecho<\/strong>, en particular, desempe\u00f1a un papel fundamental en este evento, ya que el Catastro Multiprop\u00f3sito no solo tiene un impacto t\u00e9cnico, sino tambi\u00e9n <strong>jur\u00eddico y social<\/strong>. Analizaremos c\u00f3mo la actualizaci\u00f3n catastral puede influir en los derechos de propiedad, la distribuci\u00f3n de recursos y el acceso equitativo al territorio.<\/p>\n\n\n\n<p>Este foro es una invitaci\u00f3n abierta a estudiantes, acad\u00e9micos, profesionales del derecho y de \u00e1reas relacionadas, as\u00ed como a todos los interesados en conocer m\u00e1s sobre el <strong>Catastro Multiprop\u00f3sito<\/strong> y su papel en la <strong>gesti\u00f3n territorial del futuro<\/strong>.<\/p>\n\n\n\n<p><strong>No pierdas la oportunidad de ser parte de este espacio \u00fanico de reflexi\u00f3n y aprendizaje.<\/strong> <strong><a href=\"https:\/\/forms.office.com\/pages\/responsepage.aspx?id=SHEi1DBJBk-LqghF_1flQV4-jWM4_CVHjCe3fjFqLRVUN0JXTjlBOVJOMFM2Vk1LTjhLRlZWODFPMS4u&amp;origin=lprLink&amp;route=shorturl\" target=\"_blank\" rel=\"noreferrer noopener\">Confirma tu asistencia aqu\u00ed.<\/a><\/strong><\/p>\n\n\n\n<h3 class=\"wp-block-heading\">Informaci\u00f3n del Evento:<\/h3>\n\n\n\n<ul class=\"wp-block-list\">\n<li><strong>Fecha:<\/strong> 8 de abril de 2025<\/li>\n\n\n\n<li><strong>Hora:<\/strong> 8:00 a.m. &#8211; 5:00 p.m.<\/li>\n\n\n\n<li><strong>Lugar:<\/strong> Universidad Cat\u00f3lica de Colombia, Bogot\u00e1. Auditorio sede Las Torres. (Av. Caracas #46-72)<br><br><a href=\"https:\/\/www.ucatolica.edu.co\/portal\/wp-content\/uploads\/2025\/04\/Agenda_ForoCatastroFF.pdf\" target=\"_blank\" rel=\"noreferrer noopener\"><strong>Consulta la agenda y sus ponentes aqu\u00ed.<\/strong><\/a><br><br><em>Si no puedes asistir de manera presencial, te invitamos a unirte a trav\u00e9s de nuestro canal de YouTube: UCatolicaCo, o accediendo directamente <strong>desde este <a class=\"\" href=\"https:\/\/www.youtube.com\/live\/Mqt19nw3dm0\">enlace<\/a><\/strong>.<\/em><\/li>\n<\/ul>\n\n\n\n<p><strong>\u00a1Te esperamos!<\/strong><\/p>\n","protected":false},"excerpt":{"rendered":"<p>La Universidad Cat\u00f3lica de Colombia, a trav\u00e9s de la Direcci\u00f3n de Extensi\u00f3n y la Facultad de Derecho, invita a participar a la comunidad interna y externa a participar en el Foro Catastro Multiprop\u00f3sito Visi\u00f3n 360: Impacto, Innovaci\u00f3n y Retos de la Gesti\u00f3n Territorial, que se llevar\u00e1 a cabo el pr\u00f3ximo 8 de abril de 2025 [&hellip;]<\/p>\n","protected":false},"author":4,"featured_media":116554,"comment_status":"open","ping_status":"open","sticky":false,"template":"","format":"standard","meta":{"_acf_changed":false,"advgb_blocks_editor_width":"","advgb_blocks_columns_visual_guide":"","footnotes":""},"categories":[1816],"tags":[3072,3070,3075,3071,3074,3073],"class_list":["post-116553","post","type-post","status-publish","format-standard","has-post-thumbnail","hentry","category-noticias-destacadas","tag-avance-catastral","tag-catastro-multiproposito","tag-equidad-territorial","tag-gestion-territorial","tag-implementacion-catastral","tag-suelo"],"acf":[],"yoast_head":"<!-- This site is optimized with the Yoast SEO plugin v26.7 - https:\/\/yoast.com\/wordpress\/plugins\/seo\/ -->\n<title>Ag\u00e9ndate con el Foro Catastro Multiprop\u00f3sito 2025: Impacto, Innovaci\u00f3n y Retos de la Gesti\u00f3n Territorial - Universidad Cat\u00f3lica De Colombia<\/title>\n<meta name=\"robots\" content=\"index, follow, max-snippet:-1, max-image-preview:large, max-video-preview:-1\" \/>\n<link rel=\"canonical\" href=\"https:\/\/www.ucatolica.edu.co\/portal\/agendate-con-el-foro-catastro-multiproposito-2025-impacto-innovacion-y-retos-de-la-gestion-territorial\/\" \/>\n<meta property=\"og:locale\" content=\"es_ES\" \/>\n<meta property=\"og:type\" content=\"article\" \/>\n<meta property=\"og:title\" content=\"Ag\u00e9ndate con el Foro Catastro Multiprop\u00f3sito 2025: Impacto, Innovaci\u00f3n y Retos de la Gesti\u00f3n Territorial - Universidad Cat\u00f3lica De Colombia\" \/>\n<meta property=\"og:description\" content=\"La Universidad Cat\u00f3lica de Colombia, a trav\u00e9s de la Direcci\u00f3n de Extensi\u00f3n y la Facultad de Derecho, invita a participar a la comunidad interna y externa a participar en el Foro Catastro Multiprop\u00f3sito Visi\u00f3n 360: Impacto, Innovaci\u00f3n y Retos de la Gesti\u00f3n Territorial, que se llevar\u00e1 a cabo el pr\u00f3ximo 8 de abril de 2025 [&hellip;]\" \/>\n<meta property=\"og:url\" content=\"https:\/\/www.ucatolica.edu.co\/portal\/agendate-con-el-foro-catastro-multiproposito-2025-impacto-innovacion-y-retos-de-la-gestion-territorial\/\" \/>\n<meta property=\"og:site_name\" content=\"Universidad Cat\u00f3lica De Colombia\" \/>\n<meta property=\"article:publisher\" content=\"https:\/\/www.facebook.com\/ucatolicacolombia\" \/>\n<meta property=\"article:published_time\" content=\"2025-04-01T22:16:39+00:00\" \/>\n<meta property=\"article:modified_time\" content=\"2025-04-04T18:03:42+00:00\" \/>\n<meta property=\"og:image\" content=\"https:\/\/www.ucatolica.edu.co\/portal\/wp-content\/uploads\/2025\/04\/FotoCatastro_Noticia.jpg\" \/>\n\t<meta property=\"og:image:width\" content=\"870\" \/>\n\t<meta property=\"og:image:height\" content=\"522\" \/>\n\t<meta property=\"og:image:type\" content=\"image\/jpeg\" \/>\n<meta name=\"author\" content=\"Cindy Lugo\" \/>\n<meta name=\"twitter:card\" content=\"summary_large_image\" \/>\n<meta name=\"twitter:creator\" content=\"@UCatolicaCol\" \/>\n<meta name=\"twitter:site\" content=\"@UCatolicaCol\" \/>\n<meta name=\"twitter:label1\" content=\"Escrito por\" \/>\n\t<meta name=\"twitter:data1\" content=\"Cindy Lugo\" \/>\n\t<meta name=\"twitter:label2\" content=\"Tiempo de lectura\" \/>\n\t<meta name=\"twitter:data2\" content=\"3 minutos\" \/>\n<script type=\"application\/ld+json\" class=\"yoast-schema-graph\">{\"@context\":\"https:\/\/schema.org\",\"@graph\":[{\"@type\":\"Article\",\"@id\":\"https:\/\/www.ucatolica.edu.co\/portal\/agendate-con-el-foro-catastro-multiproposito-2025-impacto-innovacion-y-retos-de-la-gestion-territorial\/#article\",\"isPartOf\":{\"@id\":\"https:\/\/www.ucatolica.edu.co\/portal\/agendate-con-el-foro-catastro-multiproposito-2025-impacto-innovacion-y-retos-de-la-gestion-territorial\/\"},\"author\":{\"name\":\"Cindy Lugo\",\"@id\":\"https:\/\/www.ucatolica.edu.co\/portal\/#\/schema\/person\/a7469afff252fba81c6cdc40c80f00b6\"},\"headline\":\"Ag\u00e9ndate con el Foro Catastro Multiprop\u00f3sito 2025: Impacto, Innovaci\u00f3n y Retos de la Gesti\u00f3n Territorial\",\"datePublished\":\"2025-04-01T22:16:39+00:00\",\"dateModified\":\"2025-04-04T18:03:42+00:00\",\"mainEntityOfPage\":{\"@id\":\"https:\/\/www.ucatolica.edu.co\/portal\/agendate-con-el-foro-catastro-multiproposito-2025-impacto-innovacion-y-retos-de-la-gestion-territorial\/\"},\"wordCount\":695,\"commentCount\":0,\"publisher\":{\"@id\":\"https:\/\/www.ucatolica.edu.co\/portal\/#organization\"},\"image\":{\"@id\":\"https:\/\/www.ucatolica.edu.co\/portal\/agendate-con-el-foro-catastro-multiproposito-2025-impacto-innovacion-y-retos-de-la-gestion-territorial\/#primaryimage\"},\"thumbnailUrl\":\"https:\/\/www.ucatolica.edu.co\/portal\/wp-content\/uploads\/2025\/04\/FotoCatastro_Noticia.jpg\",\"keywords\":[\"Avance catastral\",\"Catastro Multiprop\u00f3sito\",\"Equidad territorial\",\"Gesti\u00f3n territorial\",\"Implementaci\u00f3n catastral\",\"Suelo\"],\"articleSection\":[\"Noticias Destacadas\"],\"inLanguage\":\"es-CO\"},{\"@type\":\"WebPage\",\"@id\":\"https:\/\/www.ucatolica.edu.co\/portal\/agendate-con-el-foro-catastro-multiproposito-2025-impacto-innovacion-y-retos-de-la-gestion-territorial\/\",\"url\":\"https:\/\/www.ucatolica.edu.co\/portal\/agendate-con-el-foro-catastro-multiproposito-2025-impacto-innovacion-y-retos-de-la-gestion-territorial\/\",\"name\":\"Ag\u00e9ndate con el Foro Catastro Multiprop\u00f3sito 2025: Impacto, Innovaci\u00f3n y Retos de la Gesti\u00f3n Territorial - Universidad Cat\u00f3lica De Colombia\",\"isPartOf\":{\"@id\":\"https:\/\/www.ucatolica.edu.co\/portal\/#website\"},\"primaryImageOfPage\":{\"@id\":\"https:\/\/www.ucatolica.edu.co\/portal\/agendate-con-el-foro-catastro-multiproposito-2025-impacto-innovacion-y-retos-de-la-gestion-territorial\/#primaryimage\"},\"image\":{\"@id\":\"https:\/\/www.ucatolica.edu.co\/portal\/agendate-con-el-foro-catastro-multiproposito-2025-impacto-innovacion-y-retos-de-la-gestion-territorial\/#primaryimage\"},\"thumbnailUrl\":\"https:\/\/www.ucatolica.edu.co\/portal\/wp-content\/uploads\/2025\/04\/FotoCatastro_Noticia.jpg\",\"datePublished\":\"2025-04-01T22:16:39+00:00\",\"dateModified\":\"2025-04-04T18:03:42+00:00\",\"breadcrumb\":{\"@id\":\"https:\/\/www.ucatolica.edu.co\/portal\/agendate-con-el-foro-catastro-multiproposito-2025-impacto-innovacion-y-retos-de-la-gestion-territorial\/#breadcrumb\"},\"inLanguage\":\"es-CO\",\"potentialAction\":[{\"@type\":\"ReadAction\",\"target\":[\"https:\/\/www.ucatolica.edu.co\/portal\/agendate-con-el-foro-catastro-multiproposito-2025-impacto-innovacion-y-retos-de-la-gestion-territorial\/\"]}]},{\"@type\":\"ImageObject\",\"inLanguage\":\"es-CO\",\"@id\":\"https:\/\/www.ucatolica.edu.co\/portal\/agendate-con-el-foro-catastro-multiproposito-2025-impacto-innovacion-y-retos-de-la-gestion-territorial\/#primaryimage\",\"url\":\"https:\/\/www.ucatolica.edu.co\/portal\/wp-content\/uploads\/2025\/04\/FotoCatastro_Noticia.jpg\",\"contentUrl\":\"https:\/\/www.ucatolica.edu.co\/portal\/wp-content\/uploads\/2025\/04\/FotoCatastro_Noticia.jpg\",\"width\":870,\"height\":522,\"caption\":\"Foto Catastro\"},{\"@type\":\"BreadcrumbList\",\"@id\":\"https:\/\/www.ucatolica.edu.co\/portal\/agendate-con-el-foro-catastro-multiproposito-2025-impacto-innovacion-y-retos-de-la-gestion-territorial\/#breadcrumb\",\"itemListElement\":[{\"@type\":\"ListItem\",\"position\":1,\"name\":\"Inicio\",\"item\":\"https:\/\/www.ucatolica.edu.co\/portal\/\"},{\"@type\":\"ListItem\",\"position\":2,\"name\":\"Ag\u00e9ndate con el Foro Catastro Multiprop\u00f3sito 2025: Impacto, Innovaci\u00f3n y Retos de la Gesti\u00f3n Territorial\"}]},{\"@type\":\"WebSite\",\"@id\":\"https:\/\/www.ucatolica.edu.co\/portal\/#website\",\"url\":\"https:\/\/www.ucatolica.edu.co\/portal\/\",\"name\":\"Universidad Cat\u00f3lica De Colombia\",\"description\":\"Universidad Cat\u00f3lica De Colombia\",\"publisher\":{\"@id\":\"https:\/\/www.ucatolica.edu.co\/portal\/#organization\"},\"potentialAction\":[{\"@type\":\"SearchAction\",\"target\":{\"@type\":\"EntryPoint\",\"urlTemplate\":\"https:\/\/www.ucatolica.edu.co\/portal\/?s={search_term_string}\"},\"query-input\":{\"@type\":\"PropertyValueSpecification\",\"valueRequired\":true,\"valueName\":\"search_term_string\"}}],\"inLanguage\":\"es-CO\"},{\"@type\":\"Organization\",\"@id\":\"https:\/\/www.ucatolica.edu.co\/portal\/#organization\",\"name\":\"Universidad Cat\u00f3lica de Colombia\",\"url\":\"https:\/\/www.ucatolica.edu.co\/portal\/\",\"logo\":{\"@type\":\"ImageObject\",\"inLanguage\":\"es-CO\",\"@id\":\"https:\/\/www.ucatolica.edu.co\/portal\/#\/schema\/logo\/image\/\",\"url\":\"https:\/\/www.ucatolica.edu.co\/portal\/wp-content\/uploads\/2021\/06\/logo-header-ho-1.svg\",\"contentUrl\":\"https:\/\/www.ucatolica.edu.co\/portal\/wp-content\/uploads\/2021\/06\/logo-header-ho-1.svg\",\"width\":1,\"height\":1,\"caption\":\"Universidad Cat\u00f3lica de Colombia\"},\"image\":{\"@id\":\"https:\/\/www.ucatolica.edu.co\/portal\/#\/schema\/logo\/image\/\"},\"sameAs\":[\"https:\/\/www.facebook.com\/ucatolicacolombia\",\"https:\/\/x.com\/UCatolicaCol\",\"https:\/\/www.instagram.com\/universidadcatolicadecolombia\/\",\"https:\/\/www.linkedin.com\/company\/universidadcatolicadecolombia\/\",\"https:\/\/www.youtube.com\/user\/UCatolicaCo\"]},{\"@type\":\"Person\",\"@id\":\"https:\/\/www.ucatolica.edu.co\/portal\/#\/schema\/person\/a7469afff252fba81c6cdc40c80f00b6\",\"name\":\"Cindy Lugo\",\"url\":\"https:\/\/www.ucatolica.edu.co\/portal\/author\/cindy\/\"}]}<\/script>\n<!-- \/ Yoast SEO plugin. -->","yoast_head_json":{"title":"Ag\u00e9ndate con el Foro Catastro Multiprop\u00f3sito 2025: Impacto, Innovaci\u00f3n y Retos de la Gesti\u00f3n Territorial - Universidad Cat\u00f3lica De Colombia","robots":{"index":"index","follow":"follow","max-snippet":"max-snippet:-1","max-image-preview":"max-image-preview:large","max-video-preview":"max-video-preview:-1"},"canonical":"https:\/\/www.ucatolica.edu.co\/portal\/agendate-con-el-foro-catastro-multiproposito-2025-impacto-innovacion-y-retos-de-la-gestion-territorial\/","og_locale":"es_ES","og_type":"article","og_title":"Ag\u00e9ndate con el Foro Catastro Multiprop\u00f3sito 2025: Impacto, Innovaci\u00f3n y Retos de la Gesti\u00f3n Territorial - Universidad Cat\u00f3lica De Colombia","og_description":"La Universidad Cat\u00f3lica de Colombia, a trav\u00e9s de la Direcci\u00f3n de Extensi\u00f3n y la Facultad de Derecho, invita a participar a la comunidad interna y externa a participar en el Foro Catastro Multiprop\u00f3sito Visi\u00f3n 360: Impacto, Innovaci\u00f3n y Retos de la Gesti\u00f3n Territorial, que se llevar\u00e1 a cabo el pr\u00f3ximo 8 de abril de 2025 [&hellip;]","og_url":"https:\/\/www.ucatolica.edu.co\/portal\/agendate-con-el-foro-catastro-multiproposito-2025-impacto-innovacion-y-retos-de-la-gestion-territorial\/","og_site_name":"Universidad Cat\u00f3lica De Colombia","article_publisher":"https:\/\/www.facebook.com\/ucatolicacolombia","article_published_time":"2025-04-01T22:16:39+00:00","article_modified_time":"2025-04-04T18:03:42+00:00","og_image":[{"width":870,"height":522,"url":"https:\/\/www.ucatolica.edu.co\/portal\/wp-content\/uploads\/2025\/04\/FotoCatastro_Noticia.jpg","type":"image\/jpeg"}],"author":"Cindy Lugo","twitter_card":"summary_large_image","twitter_creator":"@UCatolicaCol","twitter_site":"@UCatolicaCol","twitter_misc":{"Escrito por":"Cindy Lugo","Tiempo de lectura":"3 minutos"},"schema":{"@context":"https:\/\/schema.org","@graph":[{"@type":"Article","@id":"https:\/\/www.ucatolica.edu.co\/portal\/agendate-con-el-foro-catastro-multiproposito-2025-impacto-innovacion-y-retos-de-la-gestion-territorial\/#article","isPartOf":{"@id":"https:\/\/www.ucatolica.edu.co\/portal\/agendate-con-el-foro-catastro-multiproposito-2025-impacto-innovacion-y-retos-de-la-gestion-territorial\/"},"author":{"name":"Cindy Lugo","@id":"https:\/\/www.ucatolica.edu.co\/portal\/#\/schema\/person\/a7469afff252fba81c6cdc40c80f00b6"},"headline":"Ag\u00e9ndate con el Foro Catastro Multiprop\u00f3sito 2025: Impacto, Innovaci\u00f3n y Retos de la Gesti\u00f3n Territorial","datePublished":"2025-04-01T22:16:39+00:00","dateModified":"2025-04-04T18:03:42+00:00","mainEntityOfPage":{"@id":"https:\/\/www.ucatolica.edu.co\/portal\/agendate-con-el-foro-catastro-multiproposito-2025-impacto-innovacion-y-retos-de-la-gestion-territorial\/"},"wordCount":695,"commentCount":0,"publisher":{"@id":"https:\/\/www.ucatolica.edu.co\/portal\/#organization"},"image":{"@id":"https:\/\/www.ucatolica.edu.co\/portal\/agendate-con-el-foro-catastro-multiproposito-2025-impacto-innovacion-y-retos-de-la-gestion-territorial\/#primaryimage"},"thumbnailUrl":"https:\/\/www.ucatolica.edu.co\/portal\/wp-content\/uploads\/2025\/04\/FotoCatastro_Noticia.jpg","keywords":["Avance catastral","Catastro Multiprop\u00f3sito","Equidad territorial","Gesti\u00f3n territorial","Implementaci\u00f3n catastral","Suelo"],"articleSection":["Noticias Destacadas"],"inLanguage":"es-CO"},{"@type":"WebPage","@id":"https:\/\/www.ucatolica.edu.co\/portal\/agendate-con-el-foro-catastro-multiproposito-2025-impacto-innovacion-y-retos-de-la-gestion-territorial\/","url":"https:\/\/www.ucatolica.edu.co\/portal\/agendate-con-el-foro-catastro-multiproposito-2025-impacto-innovacion-y-retos-de-la-gestion-territorial\/","name":"Ag\u00e9ndate con el Foro Catastro Multiprop\u00f3sito 2025: Impacto, Innovaci\u00f3n y Retos de la Gesti\u00f3n Territorial - Universidad Cat\u00f3lica De Colombia","isPartOf":{"@id":"https:\/\/www.ucatolica.edu.co\/portal\/#website"},"primaryImageOfPage":{"@id":"https:\/\/www.ucatolica.edu.co\/portal\/agendate-con-el-foro-catastro-multiproposito-2025-impacto-innovacion-y-retos-de-la-gestion-territorial\/#primaryimage"},"image":{"@id":"https:\/\/www.ucatolica.edu.co\/portal\/agendate-con-el-foro-catastro-multiproposito-2025-impacto-innovacion-y-retos-de-la-gestion-territorial\/#primaryimage"},"thumbnailUrl":"https:\/\/www.ucatolica.edu.co\/portal\/wp-content\/uploads\/2025\/04\/FotoCatastro_Noticia.jpg","datePublished":"2025-04-01T22:16:39+00:00","dateModified":"2025-04-04T18:03:42+00:00","breadcrumb":{"@id":"https:\/\/www.ucatolica.edu.co\/portal\/agendate-con-el-foro-catastro-multiproposito-2025-impacto-innovacion-y-retos-de-la-gestion-territorial\/#breadcrumb"},"inLanguage":"es-CO","potentialAction":[{"@type":"ReadAction","target":["https:\/\/www.ucatolica.edu.co\/portal\/agendate-con-el-foro-catastro-multiproposito-2025-impacto-innovacion-y-retos-de-la-gestion-territorial\/"]}]},{"@type":"ImageObject","inLanguage":"es-CO","@id":"https:\/\/www.ucatolica.edu.co\/portal\/agendate-con-el-foro-catastro-multiproposito-2025-impacto-innovacion-y-retos-de-la-gestion-territorial\/#primaryimage","url":"https:\/\/www.ucatolica.edu.co\/portal\/wp-content\/uploads\/2025\/04\/FotoCatastro_Noticia.jpg","contentUrl":"https:\/\/www.ucatolica.edu.co\/portal\/wp-content\/uploads\/2025\/04\/FotoCatastro_Noticia.jpg","width":870,"height":522,"caption":"Foto Catastro"},{"@type":"BreadcrumbList","@id":"https:\/\/www.ucatolica.edu.co\/portal\/agendate-con-el-foro-catastro-multiproposito-2025-impacto-innovacion-y-retos-de-la-gestion-territorial\/#breadcrumb","itemListElement":[{"@type":"ListItem","position":1,"name":"Inicio","item":"https:\/\/www.ucatolica.edu.co\/portal\/"},{"@type":"ListItem","position":2,"name":"Ag\u00e9ndate con el Foro Catastro Multiprop\u00f3sito 2025: Impacto, Innovaci\u00f3n y Retos de la Gesti\u00f3n Territorial"}]},{"@type":"WebSite","@id":"https:\/\/www.ucatolica.edu.co\/portal\/#website","url":"https:\/\/www.ucatolica.edu.co\/portal\/","name":"Universidad Cat\u00f3lica De Colombia","description":"Universidad Cat\u00f3lica De Colombia","publisher":{"@id":"https:\/\/www.ucatolica.edu.co\/portal\/#organization"},"potentialAction":[{"@type":"SearchAction","target":{"@type":"EntryPoint","urlTemplate":"https:\/\/www.ucatolica.edu.co\/portal\/?s={search_term_string}"},"query-input":{"@type":"PropertyValueSpecification","valueRequired":true,"valueName":"search_term_string"}}],"inLanguage":"es-CO"},{"@type":"Organization","@id":"https:\/\/www.ucatolica.edu.co\/portal\/#organization","name":"Universidad Cat\u00f3lica de Colombia","url":"https:\/\/www.ucatolica.edu.co\/portal\/","logo":{"@type":"ImageObject","inLanguage":"es-CO","@id":"https:\/\/www.ucatolica.edu.co\/portal\/#\/schema\/logo\/image\/","url":"https:\/\/www.ucatolica.edu.co\/portal\/wp-content\/uploads\/2021\/06\/logo-header-ho-1.svg","contentUrl":"https:\/\/www.ucatolica.edu.co\/portal\/wp-content\/uploads\/2021\/06\/logo-header-ho-1.svg","width":1,"height":1,"caption":"Universidad Cat\u00f3lica de Colombia"},"image":{"@id":"https:\/\/www.ucatolica.edu.co\/portal\/#\/schema\/logo\/image\/"},"sameAs":["https:\/\/www.facebook.com\/ucatolicacolombia","https:\/\/x.com\/UCatolicaCol","https:\/\/www.instagram.com\/universidadcatolicadecolombia\/","https:\/\/www.linkedin.com\/company\/universidadcatolicadecolombia\/","https:\/\/www.youtube.com\/user\/UCatolicaCo"]},{"@type":"Person","@id":"https:\/\/www.ucatolica.edu.co\/portal\/#\/schema\/person\/a7469afff252fba81c6cdc40c80f00b6","name":"Cindy Lugo","url":"https:\/\/www.ucatolica.edu.co\/portal\/author\/cindy\/"}]}},"author_meta":{"display_name":"Cindy Lugo","author_link":"https:\/\/www.ucatolica.edu.co\/portal\/author\/cindy\/"},"featured_img":"https:\/\/www.ucatolica.edu.co\/portal\/wp-content\/uploads\/2025\/04\/FotoCatastro_Noticia.jpg","coauthors":[],"tax_additional":{"categories":{"linked":["<a href=\"https:\/\/www.ucatolica.edu.co\/portal\/category\/noticias-destacadas\/\" class=\"advgb-post-tax-term\">Noticias Destacadas<\/a>"],"unlinked":["<span class=\"advgb-post-tax-term\">Noticias Destacadas<\/span>"]},"tags":{"linked":["<a href=\"https:\/\/www.ucatolica.edu.co\/portal\/category\/noticias-destacadas\/\" class=\"advgb-post-tax-term\">Avance catastral<\/a>","<a href=\"https:\/\/www.ucatolica.edu.co\/portal\/category\/noticias-destacadas\/\" class=\"advgb-post-tax-term\">Catastro Multiprop\u00f3sito<\/a>","<a href=\"https:\/\/www.ucatolica.edu.co\/portal\/category\/noticias-destacadas\/\" class=\"advgb-post-tax-term\">Equidad territorial<\/a>","<a href=\"https:\/\/www.ucatolica.edu.co\/portal\/category\/noticias-destacadas\/\" class=\"advgb-post-tax-term\">Gesti\u00f3n territorial<\/a>","<a href=\"https:\/\/www.ucatolica.edu.co\/portal\/category\/noticias-destacadas\/\" class=\"advgb-post-tax-term\">Implementaci\u00f3n catastral<\/a>","<a href=\"https:\/\/www.ucatolica.edu.co\/portal\/category\/noticias-destacadas\/\" class=\"advgb-post-tax-term\">Suelo<\/a>"],"unlinked":["<span class=\"advgb-post-tax-term\">Avance catastral<\/span>","<span class=\"advgb-post-tax-term\">Catastro Multiprop\u00f3sito<\/span>","<span class=\"advgb-post-tax-term\">Equidad territorial<\/span>","<span class=\"advgb-post-tax-term\">Gesti\u00f3n territorial<\/span>","<span class=\"advgb-post-tax-term\">Implementaci\u00f3n catastral<\/span>","<span class=\"advgb-post-tax-term\">Suelo<\/span>"]}},"comment_count":"0","relative_dates":{"created":"Posted 1 a\u00f1o ago","modified":"Updated 1 a\u00f1o ago"},"absolute_dates":{"created":"Posted on 1 abril, 2025","modified":"Updated on 4 abril, 2025"},"absolute_dates_time":{"created":"Posted on 1 abril, 2025 5:16 pm","modified":"Updated on 4 abril, 2025 1:03 pm"},"featured_img_caption":"","series_order":"","_links":{"self":[{"href":"https:\/\/www.ucatolica.edu.co\/portal\/wp-json\/wp\/v2\/posts\/116553","targetHints":{"allow":["GET"]}}],"collection":[{"href":"https:\/\/www.ucatolica.edu.co\/portal\/wp-json\/wp\/v2\/posts"}],"about":[{"href":"https:\/\/www.ucatolica.edu.co\/portal\/wp-json\/wp\/v2\/types\/post"}],"author":[{"embeddable":true,"href":"https:\/\/www.ucatolica.edu.co\/portal\/wp-json\/wp\/v2\/users\/4"}],"replies":[{"embeddable":true,"href":"https:\/\/www.ucatolica.edu.co\/portal\/wp-json\/wp\/v2\/comments?post=116553"}],"version-history":[{"count":3,"href":"https:\/\/www.ucatolica.edu.co\/portal\/wp-json\/wp\/v2\/posts\/116553\/revisions"}],"predecessor-version":[{"id":116654,"href":"https:\/\/www.ucatolica.edu.co\/portal\/wp-json\/wp\/v2\/posts\/116553\/revisions\/116654"}],"wp:featuredmedia":[{"embeddable":true,"href":"https:\/\/www.ucatolica.edu.co\/portal\/wp-json\/wp\/v2\/media\/116554"}],"wp:attachment":[{"href":"https:\/\/www.ucatolica.edu.co\/portal\/wp-json\/wp\/v2\/media?parent=116553"}],"wp:term":[{"taxonomy":"category","embeddable":true,"href":"https:\/\/www.ucatolica.edu.co\/portal\/wp-json\/wp\/v2\/categories?post=116553"},{"taxonomy":"post_tag","embeddable":true,"href":"https:\/\/www.ucatolica.edu.co\/portal\/wp-json\/wp\/v2\/tags?post=116553"}],"curies":[{"name":"wp","href":"https:\/\/api.w.org\/{rel}","templated":true}]}}