{"id":116918,"date":"2025-04-22T14:45:23","date_gmt":"2025-04-22T19:45:23","guid":{"rendered":"https:\/\/www.ucatolica.edu.co\/portal\/?p=116918"},"modified":"2025-04-22T14:45:24","modified_gmt":"2025-04-22T19:45:24","slug":"celebremos-juntos-el-mes-del-idioma-2025","status":"publish","type":"post","link":"https:\/\/www.ucatolica.edu.co\/portal\/celebremos-juntos-el-mes-del-idioma-2025\/","title":{"rendered":"\u00a1Celebremos juntos el Mes del Idioma 2025!"},"content":{"rendered":"\n<p><em>&#8220;La ignorancia les tiene miedo a las bibliotecas&#8221;<\/em><\/p>\n\n\n\n<p>La Universidad Cat\u00f3lica de Colombia, a trav\u00e9s de su Biblioteca y el Departamento de Humanidades, invita a toda la comunidad universitaria a ser parte de una experiencia que exalta el poder transformador de las palabras y la riqueza de nuestra lengua.<\/p>\n\n\n\n<p>Durante el Mes del Idioma 2025, celebraremos con una agenda llena de actividades culturales, acad\u00e9micas y participativas que giran en torno al idioma como herramienta de conocimiento, identidad y libertad.<\/p>\n\n\n\n<h2 class=\"wp-block-heading\">\ud83d\udcc5 <strong>D\u00eda del Idioma<\/strong><\/h2>\n\n\n\n<p><strong>\ud83d\uddd3\ufe0f Fecha:<\/strong> 23 de abril de 2025<br><strong>\ud83d\udccd Lugar:<\/strong> Sede 4 \u2013 Biblioteca y Sal\u00f3n 813AA<br><strong>\ud83d\udd58 Hora:<\/strong> De 9:00 a.m. a 6:00 p.m.<\/p>\n\n\n\n<p>Disfruta de una jornada con:<\/p>\n\n\n\n<ul class=\"wp-block-list\">\n<li><strong>Acto de apertura institucional<\/strong><\/li>\n\n\n\n<li><strong>Lectura colectiva<\/strong> del libro <em>\u201cPlegarias nocturnas\u201d<\/em> de Santiago Gamboa<\/li>\n\n\n\n<li><strong>Proyecci\u00f3n y conversatorio:<\/strong> <em>El origen de los cantos ind\u00edgenas<\/em><\/li>\n\n\n\n<li><strong>Actividades itinerantes:<\/strong> trivias, trueque literario, premios y muchas sorpresas m\u00e1s<\/li>\n<\/ul>\n\n\n\n<h2 class=\"wp-block-heading\">\ud83d\udcda <strong>Club de Lectura en Filbo 2025<\/strong><\/h2>\n\n\n\n<p><strong>\ud83d\uddd3\ufe0f Fecha:<\/strong> 30 de abril de 2025<br><strong>\ud83d\udccd Lugar:<\/strong> Corferias \u2013 Pabell\u00f3n 8, Nivel 1, Stand 2<br><strong>\ud83d\udd53 Hora:<\/strong> 4:00 p.m. a 6:00 p.m.<br><strong>Modalidad:<\/strong> H\u00edbrida (presencial y virtual)<\/p>\n\n\n\n<p>Con\u00e9ctate con la magia de la lectura participando en nuestro club literario, donde conversaremos en torno al libro <em>\u201cEl peligro de estar cuerda\u201d<\/em> de Rosa Montero.<br>Una tarde para compartir ideas, reflexionar, crear y dejarse inspirar por la literatura.<\/p>\n\n\n\n<p><strong>Consulta <a href=\"https:\/\/img.masterbase.com\/v2\/1\/5033\/b\/1\/Agenda_MesIdioma.pdf\" target=\"_blank\" rel=\"noreferrer noopener\">aqu\u00ed <\/a>la agenda completa del Mes del Idioma 2025<\/strong>.<br><\/p>\n\n\n\n<p><\/p>\n","protected":false},"excerpt":{"rendered":"<p>&#8220;La ignorancia les tiene miedo a las bibliotecas&#8221; La Universidad Cat\u00f3lica de Colombia, a trav\u00e9s de su Biblioteca y el Departamento de Humanidades, invita a toda la comunidad universitaria a ser parte de una experiencia que exalta el poder transformador de las palabras y la riqueza de nuestra lengua. Durante el Mes del Idioma 2025, [&hellip;]<\/p>\n","protected":false},"author":4,"featured_media":116919,"comment_status":"open","ping_status":"open","sticky":false,"template":"","format":"standard","meta":{"_acf_changed":false,"advgb_blocks_editor_width":"","advgb_blocks_columns_visual_guide":"","footnotes":""},"categories":[93],"tags":[770,1090,2164,3095],"class_list":["post-116918","post","type-post","status-publish","format-standard","has-post-thumbnail","hentry","category-noticias-principales","tag-biblioteca","tag-dia-del-idioma","tag-feria-del-libro","tag-mes-del-idioma"],"acf":[],"yoast_head":"<!-- This site is optimized with the Yoast SEO plugin v26.7 - https:\/\/yoast.com\/wordpress\/plugins\/seo\/ -->\n<title>\u00a1Celebremos juntos el Mes del Idioma 2025! - Universidad Cat\u00f3lica De Colombia<\/title>\n<meta name=\"robots\" content=\"index, follow, max-snippet:-1, max-image-preview:large, max-video-preview:-1\" \/>\n<link rel=\"canonical\" href=\"https:\/\/www.ucatolica.edu.co\/portal\/celebremos-juntos-el-mes-del-idioma-2025\/\" \/>\n<meta property=\"og:locale\" content=\"es_ES\" \/>\n<meta property=\"og:type\" content=\"article\" \/>\n<meta property=\"og:title\" content=\"\u00a1Celebremos juntos el Mes del Idioma 2025! - Universidad Cat\u00f3lica De Colombia\" \/>\n<meta property=\"og:description\" content=\"&#8220;La ignorancia les tiene miedo a las bibliotecas&#8221; La Universidad Cat\u00f3lica de Colombia, a trav\u00e9s de su Biblioteca y el Departamento de Humanidades, invita a toda la comunidad universitaria a ser parte de una experiencia que exalta el poder transformador de las palabras y la riqueza de nuestra lengua. Durante el Mes del Idioma 2025, [&hellip;]\" \/>\n<meta property=\"og:url\" content=\"https:\/\/www.ucatolica.edu.co\/portal\/celebremos-juntos-el-mes-del-idioma-2025\/\" \/>\n<meta property=\"og:site_name\" content=\"Universidad Cat\u00f3lica De Colombia\" \/>\n<meta property=\"article:publisher\" content=\"https:\/\/www.facebook.com\/ucatolicacolombia\" \/>\n<meta property=\"article:published_time\" content=\"2025-04-22T19:45:23+00:00\" \/>\n<meta property=\"article:modified_time\" content=\"2025-04-22T19:45:24+00:00\" \/>\n<meta property=\"og:image\" content=\"https:\/\/www.ucatolica.edu.co\/portal\/wp-content\/uploads\/2025\/04\/Noticia.jpg\" \/>\n\t<meta property=\"og:image:width\" content=\"870\" \/>\n\t<meta property=\"og:image:height\" content=\"522\" \/>\n\t<meta property=\"og:image:type\" content=\"image\/jpeg\" \/>\n<meta name=\"author\" content=\"Cindy Lugo\" \/>\n<meta name=\"twitter:card\" content=\"summary_large_image\" \/>\n<meta name=\"twitter:creator\" content=\"@UCatolicaCol\" \/>\n<meta name=\"twitter:site\" content=\"@UCatolicaCol\" \/>\n<meta name=\"twitter:label1\" content=\"Escrito por\" \/>\n\t<meta name=\"twitter:data1\" content=\"Cindy Lugo\" \/>\n\t<meta name=\"twitter:label2\" content=\"Tiempo de lectura\" \/>\n\t<meta name=\"twitter:data2\" content=\"1 minuto\" \/>\n<script type=\"application\/ld+json\" class=\"yoast-schema-graph\">{\"@context\":\"https:\/\/schema.org\",\"@graph\":[{\"@type\":\"Article\",\"@id\":\"https:\/\/www.ucatolica.edu.co\/portal\/celebremos-juntos-el-mes-del-idioma-2025\/#article\",\"isPartOf\":{\"@id\":\"https:\/\/www.ucatolica.edu.co\/portal\/celebremos-juntos-el-mes-del-idioma-2025\/\"},\"author\":{\"name\":\"Cindy Lugo\",\"@id\":\"https:\/\/www.ucatolica.edu.co\/portal\/#\/schema\/person\/a7469afff252fba81c6cdc40c80f00b6\"},\"headline\":\"\u00a1Celebremos juntos el Mes del Idioma 2025!\",\"datePublished\":\"2025-04-22T19:45:23+00:00\",\"dateModified\":\"2025-04-22T19:45:24+00:00\",\"mainEntityOfPage\":{\"@id\":\"https:\/\/www.ucatolica.edu.co\/portal\/celebremos-juntos-el-mes-del-idioma-2025\/\"},\"wordCount\":225,\"commentCount\":0,\"publisher\":{\"@id\":\"https:\/\/www.ucatolica.edu.co\/portal\/#organization\"},\"image\":{\"@id\":\"https:\/\/www.ucatolica.edu.co\/portal\/celebremos-juntos-el-mes-del-idioma-2025\/#primaryimage\"},\"thumbnailUrl\":\"https:\/\/www.ucatolica.edu.co\/portal\/wp-content\/uploads\/2025\/04\/Noticia.jpg\",\"keywords\":[\"Biblioteca\",\"D\u00eda del Idioma\",\"Feria del Libro\",\"Mes del Idioma\"],\"articleSection\":[\"Noticias Principales\"],\"inLanguage\":\"es-CO\"},{\"@type\":\"WebPage\",\"@id\":\"https:\/\/www.ucatolica.edu.co\/portal\/celebremos-juntos-el-mes-del-idioma-2025\/\",\"url\":\"https:\/\/www.ucatolica.edu.co\/portal\/celebremos-juntos-el-mes-del-idioma-2025\/\",\"name\":\"\u00a1Celebremos juntos el Mes del Idioma 2025! - Universidad Cat\u00f3lica De Colombia\",\"isPartOf\":{\"@id\":\"https:\/\/www.ucatolica.edu.co\/portal\/#website\"},\"primaryImageOfPage\":{\"@id\":\"https:\/\/www.ucatolica.edu.co\/portal\/celebremos-juntos-el-mes-del-idioma-2025\/#primaryimage\"},\"image\":{\"@id\":\"https:\/\/www.ucatolica.edu.co\/portal\/celebremos-juntos-el-mes-del-idioma-2025\/#primaryimage\"},\"thumbnailUrl\":\"https:\/\/www.ucatolica.edu.co\/portal\/wp-content\/uploads\/2025\/04\/Noticia.jpg\",\"datePublished\":\"2025-04-22T19:45:23+00:00\",\"dateModified\":\"2025-04-22T19:45:24+00:00\",\"breadcrumb\":{\"@id\":\"https:\/\/www.ucatolica.edu.co\/portal\/celebremos-juntos-el-mes-del-idioma-2025\/#breadcrumb\"},\"inLanguage\":\"es-CO\",\"potentialAction\":[{\"@type\":\"ReadAction\",\"target\":[\"https:\/\/www.ucatolica.edu.co\/portal\/celebremos-juntos-el-mes-del-idioma-2025\/\"]}]},{\"@type\":\"ImageObject\",\"inLanguage\":\"es-CO\",\"@id\":\"https:\/\/www.ucatolica.edu.co\/portal\/celebremos-juntos-el-mes-del-idioma-2025\/#primaryimage\",\"url\":\"https:\/\/www.ucatolica.edu.co\/portal\/wp-content\/uploads\/2025\/04\/Noticia.jpg\",\"contentUrl\":\"https:\/\/www.ucatolica.edu.co\/portal\/wp-content\/uploads\/2025\/04\/Noticia.jpg\",\"width\":870,\"height\":522,\"caption\":\"Libros en biblioteca\"},{\"@type\":\"BreadcrumbList\",\"@id\":\"https:\/\/www.ucatolica.edu.co\/portal\/celebremos-juntos-el-mes-del-idioma-2025\/#breadcrumb\",\"itemListElement\":[{\"@type\":\"ListItem\",\"position\":1,\"name\":\"Inicio\",\"item\":\"https:\/\/www.ucatolica.edu.co\/portal\/\"},{\"@type\":\"ListItem\",\"position\":2,\"name\":\"\u00a1Celebremos juntos el Mes del Idioma 2025!\"}]},{\"@type\":\"WebSite\",\"@id\":\"https:\/\/www.ucatolica.edu.co\/portal\/#website\",\"url\":\"https:\/\/www.ucatolica.edu.co\/portal\/\",\"name\":\"Universidad Cat\u00f3lica De Colombia\",\"description\":\"Universidad Cat\u00f3lica De Colombia\",\"publisher\":{\"@id\":\"https:\/\/www.ucatolica.edu.co\/portal\/#organization\"},\"potentialAction\":[{\"@type\":\"SearchAction\",\"target\":{\"@type\":\"EntryPoint\",\"urlTemplate\":\"https:\/\/www.ucatolica.edu.co\/portal\/?s={search_term_string}\"},\"query-input\":{\"@type\":\"PropertyValueSpecification\",\"valueRequired\":true,\"valueName\":\"search_term_string\"}}],\"inLanguage\":\"es-CO\"},{\"@type\":\"Organization\",\"@id\":\"https:\/\/www.ucatolica.edu.co\/portal\/#organization\",\"name\":\"Universidad Cat\u00f3lica de Colombia\",\"url\":\"https:\/\/www.ucatolica.edu.co\/portal\/\",\"logo\":{\"@type\":\"ImageObject\",\"inLanguage\":\"es-CO\",\"@id\":\"https:\/\/www.ucatolica.edu.co\/portal\/#\/schema\/logo\/image\/\",\"url\":\"https:\/\/www.ucatolica.edu.co\/portal\/wp-content\/uploads\/2021\/06\/logo-header-ho-1.svg\",\"contentUrl\":\"https:\/\/www.ucatolica.edu.co\/portal\/wp-content\/uploads\/2021\/06\/logo-header-ho-1.svg\",\"width\":1,\"height\":1,\"caption\":\"Universidad Cat\u00f3lica de Colombia\"},\"image\":{\"@id\":\"https:\/\/www.ucatolica.edu.co\/portal\/#\/schema\/logo\/image\/\"},\"sameAs\":[\"https:\/\/www.facebook.com\/ucatolicacolombia\",\"https:\/\/x.com\/UCatolicaCol\",\"https:\/\/www.instagram.com\/universidadcatolicadecolombia\/\",\"https:\/\/www.linkedin.com\/company\/universidadcatolicadecolombia\/\",\"https:\/\/www.youtube.com\/user\/UCatolicaCo\"]},{\"@type\":\"Person\",\"@id\":\"https:\/\/www.ucatolica.edu.co\/portal\/#\/schema\/person\/a7469afff252fba81c6cdc40c80f00b6\",\"name\":\"Cindy Lugo\",\"url\":\"https:\/\/www.ucatolica.edu.co\/portal\/author\/cindy\/\"}]}<\/script>\n<!-- \/ Yoast SEO plugin. -->","yoast_head_json":{"title":"\u00a1Celebremos juntos el Mes del Idioma 2025! - Universidad Cat\u00f3lica De Colombia","robots":{"index":"index","follow":"follow","max-snippet":"max-snippet:-1","max-image-preview":"max-image-preview:large","max-video-preview":"max-video-preview:-1"},"canonical":"https:\/\/www.ucatolica.edu.co\/portal\/celebremos-juntos-el-mes-del-idioma-2025\/","og_locale":"es_ES","og_type":"article","og_title":"\u00a1Celebremos juntos el Mes del Idioma 2025! - Universidad Cat\u00f3lica De Colombia","og_description":"&#8220;La ignorancia les tiene miedo a las bibliotecas&#8221; La Universidad Cat\u00f3lica de Colombia, a trav\u00e9s de su Biblioteca y el Departamento de Humanidades, invita a toda la comunidad universitaria a ser parte de una experiencia que exalta el poder transformador de las palabras y la riqueza de nuestra lengua. Durante el Mes del Idioma 2025, [&hellip;]","og_url":"https:\/\/www.ucatolica.edu.co\/portal\/celebremos-juntos-el-mes-del-idioma-2025\/","og_site_name":"Universidad Cat\u00f3lica De Colombia","article_publisher":"https:\/\/www.facebook.com\/ucatolicacolombia","article_published_time":"2025-04-22T19:45:23+00:00","article_modified_time":"2025-04-22T19:45:24+00:00","og_image":[{"width":870,"height":522,"url":"https:\/\/www.ucatolica.edu.co\/portal\/wp-content\/uploads\/2025\/04\/Noticia.jpg","type":"image\/jpeg"}],"author":"Cindy Lugo","twitter_card":"summary_large_image","twitter_creator":"@UCatolicaCol","twitter_site":"@UCatolicaCol","twitter_misc":{"Escrito por":"Cindy Lugo","Tiempo de lectura":"1 minuto"},"schema":{"@context":"https:\/\/schema.org","@graph":[{"@type":"Article","@id":"https:\/\/www.ucatolica.edu.co\/portal\/celebremos-juntos-el-mes-del-idioma-2025\/#article","isPartOf":{"@id":"https:\/\/www.ucatolica.edu.co\/portal\/celebremos-juntos-el-mes-del-idioma-2025\/"},"author":{"name":"Cindy Lugo","@id":"https:\/\/www.ucatolica.edu.co\/portal\/#\/schema\/person\/a7469afff252fba81c6cdc40c80f00b6"},"headline":"\u00a1Celebremos juntos el Mes del Idioma 2025!","datePublished":"2025-04-22T19:45:23+00:00","dateModified":"2025-04-22T19:45:24+00:00","mainEntityOfPage":{"@id":"https:\/\/www.ucatolica.edu.co\/portal\/celebremos-juntos-el-mes-del-idioma-2025\/"},"wordCount":225,"commentCount":0,"publisher":{"@id":"https:\/\/www.ucatolica.edu.co\/portal\/#organization"},"image":{"@id":"https:\/\/www.ucatolica.edu.co\/portal\/celebremos-juntos-el-mes-del-idioma-2025\/#primaryimage"},"thumbnailUrl":"https:\/\/www.ucatolica.edu.co\/portal\/wp-content\/uploads\/2025\/04\/Noticia.jpg","keywords":["Biblioteca","D\u00eda del Idioma","Feria del Libro","Mes del Idioma"],"articleSection":["Noticias Principales"],"inLanguage":"es-CO"},{"@type":"WebPage","@id":"https:\/\/www.ucatolica.edu.co\/portal\/celebremos-juntos-el-mes-del-idioma-2025\/","url":"https:\/\/www.ucatolica.edu.co\/portal\/celebremos-juntos-el-mes-del-idioma-2025\/","name":"\u00a1Celebremos juntos el Mes del Idioma 2025! - Universidad Cat\u00f3lica De Colombia","isPartOf":{"@id":"https:\/\/www.ucatolica.edu.co\/portal\/#website"},"primaryImageOfPage":{"@id":"https:\/\/www.ucatolica.edu.co\/portal\/celebremos-juntos-el-mes-del-idioma-2025\/#primaryimage"},"image":{"@id":"https:\/\/www.ucatolica.edu.co\/portal\/celebremos-juntos-el-mes-del-idioma-2025\/#primaryimage"},"thumbnailUrl":"https:\/\/www.ucatolica.edu.co\/portal\/wp-content\/uploads\/2025\/04\/Noticia.jpg","datePublished":"2025-04-22T19:45:23+00:00","dateModified":"2025-04-22T19:45:24+00:00","breadcrumb":{"@id":"https:\/\/www.ucatolica.edu.co\/portal\/celebremos-juntos-el-mes-del-idioma-2025\/#breadcrumb"},"inLanguage":"es-CO","potentialAction":[{"@type":"ReadAction","target":["https:\/\/www.ucatolica.edu.co\/portal\/celebremos-juntos-el-mes-del-idioma-2025\/"]}]},{"@type":"ImageObject","inLanguage":"es-CO","@id":"https:\/\/www.ucatolica.edu.co\/portal\/celebremos-juntos-el-mes-del-idioma-2025\/#primaryimage","url":"https:\/\/www.ucatolica.edu.co\/portal\/wp-content\/uploads\/2025\/04\/Noticia.jpg","contentUrl":"https:\/\/www.ucatolica.edu.co\/portal\/wp-content\/uploads\/2025\/04\/Noticia.jpg","width":870,"height":522,"caption":"Libros en biblioteca"},{"@type":"BreadcrumbList","@id":"https:\/\/www.ucatolica.edu.co\/portal\/celebremos-juntos-el-mes-del-idioma-2025\/#breadcrumb","itemListElement":[{"@type":"ListItem","position":1,"name":"Inicio","item":"https:\/\/www.ucatolica.edu.co\/portal\/"},{"@type":"ListItem","position":2,"name":"\u00a1Celebremos juntos el Mes del Idioma 2025!"}]},{"@type":"WebSite","@id":"https:\/\/www.ucatolica.edu.co\/portal\/#website","url":"https:\/\/www.ucatolica.edu.co\/portal\/","name":"Universidad Cat\u00f3lica De Colombia","description":"Universidad Cat\u00f3lica De Colombia","publisher":{"@id":"https:\/\/www.ucatolica.edu.co\/portal\/#organization"},"potentialAction":[{"@type":"SearchAction","target":{"@type":"EntryPoint","urlTemplate":"https:\/\/www.ucatolica.edu.co\/portal\/?s={search_term_string}"},"query-input":{"@type":"PropertyValueSpecification","valueRequired":true,"valueName":"search_term_string"}}],"inLanguage":"es-CO"},{"@type":"Organization","@id":"https:\/\/www.ucatolica.edu.co\/portal\/#organization","name":"Universidad Cat\u00f3lica de Colombia","url":"https:\/\/www.ucatolica.edu.co\/portal\/","logo":{"@type":"ImageObject","inLanguage":"es-CO","@id":"https:\/\/www.ucatolica.edu.co\/portal\/#\/schema\/logo\/image\/","url":"https:\/\/www.ucatolica.edu.co\/portal\/wp-content\/uploads\/2021\/06\/logo-header-ho-1.svg","contentUrl":"https:\/\/www.ucatolica.edu.co\/portal\/wp-content\/uploads\/2021\/06\/logo-header-ho-1.svg","width":1,"height":1,"caption":"Universidad Cat\u00f3lica de Colombia"},"image":{"@id":"https:\/\/www.ucatolica.edu.co\/portal\/#\/schema\/logo\/image\/"},"sameAs":["https:\/\/www.facebook.com\/ucatolicacolombia","https:\/\/x.com\/UCatolicaCol","https:\/\/www.instagram.com\/universidadcatolicadecolombia\/","https:\/\/www.linkedin.com\/company\/universidadcatolicadecolombia\/","https:\/\/www.youtube.com\/user\/UCatolicaCo"]},{"@type":"Person","@id":"https:\/\/www.ucatolica.edu.co\/portal\/#\/schema\/person\/a7469afff252fba81c6cdc40c80f00b6","name":"Cindy Lugo","url":"https:\/\/www.ucatolica.edu.co\/portal\/author\/cindy\/"}]}},"author_meta":{"display_name":"Cindy Lugo","author_link":"https:\/\/www.ucatolica.edu.co\/portal\/author\/cindy\/"},"featured_img":"https:\/\/www.ucatolica.edu.co\/portal\/wp-content\/uploads\/2025\/04\/Noticia.jpg","coauthors":[],"tax_additional":{"categories":{"linked":["<a href=\"https:\/\/www.ucatolica.edu.co\/portal\/category\/noticias-principales\/\" class=\"advgb-post-tax-term\">Noticias Principales<\/a>"],"unlinked":["<span class=\"advgb-post-tax-term\">Noticias Principales<\/span>"]},"tags":{"linked":["<a href=\"https:\/\/www.ucatolica.edu.co\/portal\/category\/noticias-principales\/\" class=\"advgb-post-tax-term\">Biblioteca<\/a>","<a href=\"https:\/\/www.ucatolica.edu.co\/portal\/category\/noticias-principales\/\" class=\"advgb-post-tax-term\">D\u00eda del Idioma<\/a>","<a href=\"https:\/\/www.ucatolica.edu.co\/portal\/category\/noticias-principales\/\" class=\"advgb-post-tax-term\">Feria del Libro<\/a>","<a href=\"https:\/\/www.ucatolica.edu.co\/portal\/category\/noticias-principales\/\" class=\"advgb-post-tax-term\">Mes del Idioma<\/a>"],"unlinked":["<span class=\"advgb-post-tax-term\">Biblioteca<\/span>","<span class=\"advgb-post-tax-term\">D\u00eda del Idioma<\/span>","<span class=\"advgb-post-tax-term\">Feria del Libro<\/span>","<span class=\"advgb-post-tax-term\">Mes del Idioma<\/span>"]}},"comment_count":"0","relative_dates":{"created":"Posted 1 a\u00f1o ago","modified":"Updated 1 a\u00f1o ago"},"absolute_dates":{"created":"Posted on 22 abril, 2025","modified":"Updated on 22 abril, 2025"},"absolute_dates_time":{"created":"Posted on 22 abril, 2025 2:45 pm","modified":"Updated on 22 abril, 2025 2:45 pm"},"featured_img_caption":"","series_order":"","_links":{"self":[{"href":"https:\/\/www.ucatolica.edu.co\/portal\/wp-json\/wp\/v2\/posts\/116918","targetHints":{"allow":["GET"]}}],"collection":[{"href":"https:\/\/www.ucatolica.edu.co\/portal\/wp-json\/wp\/v2\/posts"}],"about":[{"href":"https:\/\/www.ucatolica.edu.co\/portal\/wp-json\/wp\/v2\/types\/post"}],"author":[{"embeddable":true,"href":"https:\/\/www.ucatolica.edu.co\/portal\/wp-json\/wp\/v2\/users\/4"}],"replies":[{"embeddable":true,"href":"https:\/\/www.ucatolica.edu.co\/portal\/wp-json\/wp\/v2\/comments?post=116918"}],"version-history":[{"count":1,"href":"https:\/\/www.ucatolica.edu.co\/portal\/wp-json\/wp\/v2\/posts\/116918\/revisions"}],"predecessor-version":[{"id":116920,"href":"https:\/\/www.ucatolica.edu.co\/portal\/wp-json\/wp\/v2\/posts\/116918\/revisions\/116920"}],"wp:featuredmedia":[{"embeddable":true,"href":"https:\/\/www.ucatolica.edu.co\/portal\/wp-json\/wp\/v2\/media\/116919"}],"wp:attachment":[{"href":"https:\/\/www.ucatolica.edu.co\/portal\/wp-json\/wp\/v2\/media?parent=116918"}],"wp:term":[{"taxonomy":"category","embeddable":true,"href":"https:\/\/www.ucatolica.edu.co\/portal\/wp-json\/wp\/v2\/categories?post=116918"},{"taxonomy":"post_tag","embeddable":true,"href":"https:\/\/www.ucatolica.edu.co\/portal\/wp-json\/wp\/v2\/tags?post=116918"}],"curies":[{"name":"wp","href":"https:\/\/api.w.org\/{rel}","templated":true}]}}