{"id":117087,"date":"2025-05-07T17:04:42","date_gmt":"2025-05-07T22:04:42","guid":{"rendered":"https:\/\/www.ucatolica.edu.co\/portal\/?p=117087"},"modified":"2025-05-07T17:04:43","modified_gmt":"2025-05-07T22:04:43","slug":"la-universidad-catolica-de-colombia-sera-sede-de-la-maraton-de-programacion-ccpl-icpc-r4","status":"publish","type":"post","link":"https:\/\/www.ucatolica.edu.co\/portal\/la-universidad-catolica-de-colombia-sera-sede-de-la-maraton-de-programacion-ccpl-icpc-r4\/","title":{"rendered":"La Universidad Cat\u00f3lica de Colombia ser\u00e1 sede de la Marat\u00f3n de Programaci\u00f3n CCPL\/ICPC \u2013 R4"},"content":{"rendered":"\n<p>El pr\u00f3ximo s\u00e1bado <strong>10 de mayo de 2025<\/strong>, la Universidad Cat\u00f3lica de Colombia abrir\u00e1 sus puertas a m\u00e1s de 300 estudiantes de todo el pa\u00eds para participar en una nueva edici\u00f3n de la Marat\u00f3n de Programaci\u00f3n CCPL\/ICPC \u2013 Ronda 4 (R4), un evento acad\u00e9mico de alto nivel que pondr\u00e1 a prueba las habilidades en l\u00f3gica, resoluci\u00f3n de problemas y trabajo en equipo.<\/p>\n\n\n\n<p>La competencia se llevar\u00e1 a cabo en la Sede El Claustro de la Universidad, en modalidad mixta (presencial y virtual), y contar\u00e1 con la participaci\u00f3n estimada de 150 estudiantes presenciales \u2014incluyendo representantes de instituciones como El Bosque, UDI, y Polit\u00e9cnico Grancolombiano\u2014 y otros 150 virtuales, de universidades como la Javeriana Cali, Universidad de la Amazon\u00eda y Polit\u00e9cnico Grancolombiano de Medell\u00edn, entre otras.<\/p>\n\n\n\n<p>Durante la jornada, los equipos de tres estudiantes deber\u00e1n resolver retos algor\u00edtmicos aplicando l\u00f3gica matem\u00e1tica, programaci\u00f3n y comprensi\u00f3n de ingl\u00e9s t\u00e9cnico, en niveles de dificultad <strong>inicial, intermedio y avanzado<\/strong>. El evento promueve la programaci\u00f3n competitiva como una herramienta de formaci\u00f3n t\u00e9cnica, acad\u00e9mica y colaborativa entre estudiantes universitarios.<\/p>\n\n\n\n<p><strong>Agenda del evento:<\/strong><\/p>\n\n\n\n<ul class=\"wp-block-list\">\n<li><strong>12:00 m. \u2013 1:00 p.m.<\/strong>: recepci\u00f3n, bienvenida y entrega del kit.<\/li>\n\n\n\n<li><strong>1:00 p.m. \u2013 3:30 p.m.<\/strong>: primera fase de la competencia.<\/li>\n\n\n\n<li><strong>3:00 p.m. \u2013 4:00 p.m.<\/strong>: espacio flexible para refrigerio (los participantes salen en turnos).<\/li>\n\n\n\n<li><strong>4:00 p.m. \u2013 5:00 p.m.<\/strong>: segunda fase de la competencia.<\/li>\n\n\n\n<li><strong>5:00 p.m. \u2013 6:00 p.m.<\/strong>: frozen board.<\/li>\n\n\n\n<li><strong>6:00 p.m. \u2013 7:00 p.m.<\/strong>: premiaci\u00f3n y cierre del evento.<\/li>\n<\/ul>\n\n\n\n<blockquote class=\"wp-block-quote is-layout-flow wp-block-quote-is-layout-flow\">\n<p>\u201cEste tipo de competencias impulsan el desarrollo de pensamiento l\u00f3gico, fortalecen la capacidad para resolver problemas complejos y preparan a nuestros estudiantes para escenarios de exigencia internacional como el ICPC,\u201d destac\u00f3 el comit\u00e9 organizador del evento.<\/p>\n<\/blockquote>\n\n\n\n<p><strong>Las personas interesadas  deben descargar el formulario de registro que encuentran <a href=\"https:\/\/ucatolicaeduco-my.sharepoint.com\/:x:\/g\/personal\/dioliveros_ucatolica_edu_co\/Ed3j23tvnABOgj0bCCSZ39MBou2LQQoyLj_iw2e96WEySQ?rtime=sVX-NQ-M3Ug\" target=\"_blank\" rel=\"noreferrer noopener\">aqu\u00ed<\/a> y enviarlo diligenciado a <strong>dioliveros@ucatolica.edu.co<\/strong><\/strong><\/p>\n\n\n\n<p>\u00a1Representa a tu Universidad y vive la experiencia ICPC con la Cat\u00f3lica!<\/p>\n\n\n\n<p><\/p>\n\n\n\n<p><\/p>\n","protected":false},"excerpt":{"rendered":"<p>El pr\u00f3ximo s\u00e1bado 10 de mayo de 2025, la Universidad Cat\u00f3lica de Colombia abrir\u00e1 sus puertas a m\u00e1s de 300 estudiantes de todo el pa\u00eds para participar en una nueva edici\u00f3n de la Marat\u00f3n de Programaci\u00f3n CCPL\/ICPC \u2013 Ronda 4 (R4), un evento acad\u00e9mico de alto nivel que pondr\u00e1 a prueba las habilidades en l\u00f3gica, [&hellip;]<\/p>\n","protected":false},"author":4,"featured_media":117199,"comment_status":"open","ping_status":"open","sticky":false,"template":"","format":"standard","meta":{"_acf_changed":false,"advgb_blocks_editor_width":"","advgb_blocks_columns_visual_guide":"","footnotes":""},"categories":[93],"tags":[268,2823,3105,3104],"class_list":["post-117087","post","type-post","status-publish","format-standard","has-post-thumbnail","hentry","category-noticias-principales","tag-ingenieria","tag-maraton-de-programacion","tag-pensamiento-logico","tag-retos-algoritmicos"],"acf":[],"yoast_head":"<!-- This site is optimized with the Yoast SEO plugin v26.7 - https:\/\/yoast.com\/wordpress\/plugins\/seo\/ -->\n<title>La Universidad Cat\u00f3lica de Colombia ser\u00e1 sede de la Marat\u00f3n de Programaci\u00f3n CCPL\/ICPC \u2013 R4 - Universidad Cat\u00f3lica De Colombia<\/title>\n<meta name=\"robots\" content=\"index, follow, max-snippet:-1, max-image-preview:large, max-video-preview:-1\" \/>\n<link rel=\"canonical\" href=\"https:\/\/www.ucatolica.edu.co\/portal\/la-universidad-catolica-de-colombia-sera-sede-de-la-maraton-de-programacion-ccpl-icpc-r4\/\" \/>\n<meta property=\"og:locale\" content=\"es_ES\" \/>\n<meta property=\"og:type\" content=\"article\" \/>\n<meta property=\"og:title\" content=\"La Universidad Cat\u00f3lica de Colombia ser\u00e1 sede de la Marat\u00f3n de Programaci\u00f3n CCPL\/ICPC \u2013 R4 - Universidad Cat\u00f3lica De Colombia\" \/>\n<meta property=\"og:description\" content=\"El pr\u00f3ximo s\u00e1bado 10 de mayo de 2025, la Universidad Cat\u00f3lica de Colombia abrir\u00e1 sus puertas a m\u00e1s de 300 estudiantes de todo el pa\u00eds para participar en una nueva edici\u00f3n de la Marat\u00f3n de Programaci\u00f3n CCPL\/ICPC \u2013 Ronda 4 (R4), un evento acad\u00e9mico de alto nivel que pondr\u00e1 a prueba las habilidades en l\u00f3gica, [&hellip;]\" \/>\n<meta property=\"og:url\" content=\"https:\/\/www.ucatolica.edu.co\/portal\/la-universidad-catolica-de-colombia-sera-sede-de-la-maraton-de-programacion-ccpl-icpc-r4\/\" \/>\n<meta property=\"og:site_name\" content=\"Universidad Cat\u00f3lica De Colombia\" \/>\n<meta property=\"article:publisher\" content=\"https:\/\/www.facebook.com\/ucatolicacolombia\" \/>\n<meta property=\"article:published_time\" content=\"2025-05-07T22:04:42+00:00\" \/>\n<meta property=\"article:modified_time\" content=\"2025-05-07T22:04:43+00:00\" \/>\n<meta property=\"og:image\" content=\"https:\/\/www.ucatolica.edu.co\/portal\/wp-content\/uploads\/2025\/04\/Maraton.jpg\" \/>\n\t<meta property=\"og:image:width\" content=\"870\" \/>\n\t<meta property=\"og:image:height\" content=\"522\" \/>\n\t<meta property=\"og:image:type\" content=\"image\/jpeg\" \/>\n<meta name=\"author\" content=\"Cindy Lugo\" \/>\n<meta name=\"twitter:card\" content=\"summary_large_image\" \/>\n<meta name=\"twitter:creator\" content=\"@UCatolicaCol\" \/>\n<meta name=\"twitter:site\" content=\"@UCatolicaCol\" \/>\n<meta name=\"twitter:label1\" content=\"Escrito por\" \/>\n\t<meta name=\"twitter:data1\" content=\"Cindy Lugo\" \/>\n\t<meta name=\"twitter:label2\" content=\"Tiempo de lectura\" \/>\n\t<meta name=\"twitter:data2\" content=\"2 minutos\" \/>\n<script type=\"application\/ld+json\" class=\"yoast-schema-graph\">{\"@context\":\"https:\/\/schema.org\",\"@graph\":[{\"@type\":\"Article\",\"@id\":\"https:\/\/www.ucatolica.edu.co\/portal\/la-universidad-catolica-de-colombia-sera-sede-de-la-maraton-de-programacion-ccpl-icpc-r4\/#article\",\"isPartOf\":{\"@id\":\"https:\/\/www.ucatolica.edu.co\/portal\/la-universidad-catolica-de-colombia-sera-sede-de-la-maraton-de-programacion-ccpl-icpc-r4\/\"},\"author\":{\"name\":\"Cindy Lugo\",\"@id\":\"https:\/\/www.ucatolica.edu.co\/portal\/#\/schema\/person\/a7469afff252fba81c6cdc40c80f00b6\"},\"headline\":\"La Universidad Cat\u00f3lica de Colombia ser\u00e1 sede de la Marat\u00f3n de Programaci\u00f3n CCPL\/ICPC \u2013 R4\",\"datePublished\":\"2025-05-07T22:04:42+00:00\",\"dateModified\":\"2025-05-07T22:04:43+00:00\",\"mainEntityOfPage\":{\"@id\":\"https:\/\/www.ucatolica.edu.co\/portal\/la-universidad-catolica-de-colombia-sera-sede-de-la-maraton-de-programacion-ccpl-icpc-r4\/\"},\"wordCount\":341,\"commentCount\":0,\"publisher\":{\"@id\":\"https:\/\/www.ucatolica.edu.co\/portal\/#organization\"},\"image\":{\"@id\":\"https:\/\/www.ucatolica.edu.co\/portal\/la-universidad-catolica-de-colombia-sera-sede-de-la-maraton-de-programacion-ccpl-icpc-r4\/#primaryimage\"},\"thumbnailUrl\":\"https:\/\/www.ucatolica.edu.co\/portal\/wp-content\/uploads\/2025\/04\/Maraton.jpg\",\"keywords\":[\"Ingenier\u00eda\",\"Marat\u00f3n de programaci\u00f3n\",\"Pensamiento l\u00f3gico\",\"Retos algor\u00edtmicos\"],\"articleSection\":[\"Noticias Principales\"],\"inLanguage\":\"es-CO\"},{\"@type\":\"WebPage\",\"@id\":\"https:\/\/www.ucatolica.edu.co\/portal\/la-universidad-catolica-de-colombia-sera-sede-de-la-maraton-de-programacion-ccpl-icpc-r4\/\",\"url\":\"https:\/\/www.ucatolica.edu.co\/portal\/la-universidad-catolica-de-colombia-sera-sede-de-la-maraton-de-programacion-ccpl-icpc-r4\/\",\"name\":\"La Universidad Cat\u00f3lica de Colombia ser\u00e1 sede de la Marat\u00f3n de Programaci\u00f3n CCPL\/ICPC \u2013 R4 - Universidad Cat\u00f3lica De Colombia\",\"isPartOf\":{\"@id\":\"https:\/\/www.ucatolica.edu.co\/portal\/#website\"},\"primaryImageOfPage\":{\"@id\":\"https:\/\/www.ucatolica.edu.co\/portal\/la-universidad-catolica-de-colombia-sera-sede-de-la-maraton-de-programacion-ccpl-icpc-r4\/#primaryimage\"},\"image\":{\"@id\":\"https:\/\/www.ucatolica.edu.co\/portal\/la-universidad-catolica-de-colombia-sera-sede-de-la-maraton-de-programacion-ccpl-icpc-r4\/#primaryimage\"},\"thumbnailUrl\":\"https:\/\/www.ucatolica.edu.co\/portal\/wp-content\/uploads\/2025\/04\/Maraton.jpg\",\"datePublished\":\"2025-05-07T22:04:42+00:00\",\"dateModified\":\"2025-05-07T22:04:43+00:00\",\"breadcrumb\":{\"@id\":\"https:\/\/www.ucatolica.edu.co\/portal\/la-universidad-catolica-de-colombia-sera-sede-de-la-maraton-de-programacion-ccpl-icpc-r4\/#breadcrumb\"},\"inLanguage\":\"es-CO\",\"potentialAction\":[{\"@type\":\"ReadAction\",\"target\":[\"https:\/\/www.ucatolica.edu.co\/portal\/la-universidad-catolica-de-colombia-sera-sede-de-la-maraton-de-programacion-ccpl-icpc-r4\/\"]}]},{\"@type\":\"ImageObject\",\"inLanguage\":\"es-CO\",\"@id\":\"https:\/\/www.ucatolica.edu.co\/portal\/la-universidad-catolica-de-colombia-sera-sede-de-la-maraton-de-programacion-ccpl-icpc-r4\/#primaryimage\",\"url\":\"https:\/\/www.ucatolica.edu.co\/portal\/wp-content\/uploads\/2025\/04\/Maraton.jpg\",\"contentUrl\":\"https:\/\/www.ucatolica.edu.co\/portal\/wp-content\/uploads\/2025\/04\/Maraton.jpg\",\"width\":870,\"height\":522,\"caption\":\"Programaci\u00f3n\"},{\"@type\":\"BreadcrumbList\",\"@id\":\"https:\/\/www.ucatolica.edu.co\/portal\/la-universidad-catolica-de-colombia-sera-sede-de-la-maraton-de-programacion-ccpl-icpc-r4\/#breadcrumb\",\"itemListElement\":[{\"@type\":\"ListItem\",\"position\":1,\"name\":\"Inicio\",\"item\":\"https:\/\/www.ucatolica.edu.co\/portal\/\"},{\"@type\":\"ListItem\",\"position\":2,\"name\":\"La Universidad Cat\u00f3lica de Colombia ser\u00e1 sede de la Marat\u00f3n de Programaci\u00f3n CCPL\/ICPC \u2013 R4\"}]},{\"@type\":\"WebSite\",\"@id\":\"https:\/\/www.ucatolica.edu.co\/portal\/#website\",\"url\":\"https:\/\/www.ucatolica.edu.co\/portal\/\",\"name\":\"Universidad Cat\u00f3lica De Colombia\",\"description\":\"Universidad Cat\u00f3lica De Colombia\",\"publisher\":{\"@id\":\"https:\/\/www.ucatolica.edu.co\/portal\/#organization\"},\"potentialAction\":[{\"@type\":\"SearchAction\",\"target\":{\"@type\":\"EntryPoint\",\"urlTemplate\":\"https:\/\/www.ucatolica.edu.co\/portal\/?s={search_term_string}\"},\"query-input\":{\"@type\":\"PropertyValueSpecification\",\"valueRequired\":true,\"valueName\":\"search_term_string\"}}],\"inLanguage\":\"es-CO\"},{\"@type\":\"Organization\",\"@id\":\"https:\/\/www.ucatolica.edu.co\/portal\/#organization\",\"name\":\"Universidad Cat\u00f3lica de Colombia\",\"url\":\"https:\/\/www.ucatolica.edu.co\/portal\/\",\"logo\":{\"@type\":\"ImageObject\",\"inLanguage\":\"es-CO\",\"@id\":\"https:\/\/www.ucatolica.edu.co\/portal\/#\/schema\/logo\/image\/\",\"url\":\"https:\/\/www.ucatolica.edu.co\/portal\/wp-content\/uploads\/2021\/06\/logo-header-ho-1.svg\",\"contentUrl\":\"https:\/\/www.ucatolica.edu.co\/portal\/wp-content\/uploads\/2021\/06\/logo-header-ho-1.svg\",\"width\":1,\"height\":1,\"caption\":\"Universidad Cat\u00f3lica de Colombia\"},\"image\":{\"@id\":\"https:\/\/www.ucatolica.edu.co\/portal\/#\/schema\/logo\/image\/\"},\"sameAs\":[\"https:\/\/www.facebook.com\/ucatolicacolombia\",\"https:\/\/x.com\/UCatolicaCol\",\"https:\/\/www.instagram.com\/universidadcatolicadecolombia\/\",\"https:\/\/www.linkedin.com\/company\/universidadcatolicadecolombia\/\",\"https:\/\/www.youtube.com\/user\/UCatolicaCo\"]},{\"@type\":\"Person\",\"@id\":\"https:\/\/www.ucatolica.edu.co\/portal\/#\/schema\/person\/a7469afff252fba81c6cdc40c80f00b6\",\"name\":\"Cindy Lugo\",\"url\":\"https:\/\/www.ucatolica.edu.co\/portal\/author\/cindy\/\"}]}<\/script>\n<!-- \/ Yoast SEO plugin. -->","yoast_head_json":{"title":"La Universidad Cat\u00f3lica de Colombia ser\u00e1 sede de la Marat\u00f3n de Programaci\u00f3n CCPL\/ICPC \u2013 R4 - Universidad Cat\u00f3lica De Colombia","robots":{"index":"index","follow":"follow","max-snippet":"max-snippet:-1","max-image-preview":"max-image-preview:large","max-video-preview":"max-video-preview:-1"},"canonical":"https:\/\/www.ucatolica.edu.co\/portal\/la-universidad-catolica-de-colombia-sera-sede-de-la-maraton-de-programacion-ccpl-icpc-r4\/","og_locale":"es_ES","og_type":"article","og_title":"La Universidad Cat\u00f3lica de Colombia ser\u00e1 sede de la Marat\u00f3n de Programaci\u00f3n CCPL\/ICPC \u2013 R4 - Universidad Cat\u00f3lica De Colombia","og_description":"El pr\u00f3ximo s\u00e1bado 10 de mayo de 2025, la Universidad Cat\u00f3lica de Colombia abrir\u00e1 sus puertas a m\u00e1s de 300 estudiantes de todo el pa\u00eds para participar en una nueva edici\u00f3n de la Marat\u00f3n de Programaci\u00f3n CCPL\/ICPC \u2013 Ronda 4 (R4), un evento acad\u00e9mico de alto nivel que pondr\u00e1 a prueba las habilidades en l\u00f3gica, [&hellip;]","og_url":"https:\/\/www.ucatolica.edu.co\/portal\/la-universidad-catolica-de-colombia-sera-sede-de-la-maraton-de-programacion-ccpl-icpc-r4\/","og_site_name":"Universidad Cat\u00f3lica De Colombia","article_publisher":"https:\/\/www.facebook.com\/ucatolicacolombia","article_published_time":"2025-05-07T22:04:42+00:00","article_modified_time":"2025-05-07T22:04:43+00:00","og_image":[{"width":870,"height":522,"url":"https:\/\/www.ucatolica.edu.co\/portal\/wp-content\/uploads\/2025\/04\/Maraton.jpg","type":"image\/jpeg"}],"author":"Cindy Lugo","twitter_card":"summary_large_image","twitter_creator":"@UCatolicaCol","twitter_site":"@UCatolicaCol","twitter_misc":{"Escrito por":"Cindy Lugo","Tiempo de lectura":"2 minutos"},"schema":{"@context":"https:\/\/schema.org","@graph":[{"@type":"Article","@id":"https:\/\/www.ucatolica.edu.co\/portal\/la-universidad-catolica-de-colombia-sera-sede-de-la-maraton-de-programacion-ccpl-icpc-r4\/#article","isPartOf":{"@id":"https:\/\/www.ucatolica.edu.co\/portal\/la-universidad-catolica-de-colombia-sera-sede-de-la-maraton-de-programacion-ccpl-icpc-r4\/"},"author":{"name":"Cindy Lugo","@id":"https:\/\/www.ucatolica.edu.co\/portal\/#\/schema\/person\/a7469afff252fba81c6cdc40c80f00b6"},"headline":"La Universidad Cat\u00f3lica de Colombia ser\u00e1 sede de la Marat\u00f3n de Programaci\u00f3n CCPL\/ICPC \u2013 R4","datePublished":"2025-05-07T22:04:42+00:00","dateModified":"2025-05-07T22:04:43+00:00","mainEntityOfPage":{"@id":"https:\/\/www.ucatolica.edu.co\/portal\/la-universidad-catolica-de-colombia-sera-sede-de-la-maraton-de-programacion-ccpl-icpc-r4\/"},"wordCount":341,"commentCount":0,"publisher":{"@id":"https:\/\/www.ucatolica.edu.co\/portal\/#organization"},"image":{"@id":"https:\/\/www.ucatolica.edu.co\/portal\/la-universidad-catolica-de-colombia-sera-sede-de-la-maraton-de-programacion-ccpl-icpc-r4\/#primaryimage"},"thumbnailUrl":"https:\/\/www.ucatolica.edu.co\/portal\/wp-content\/uploads\/2025\/04\/Maraton.jpg","keywords":["Ingenier\u00eda","Marat\u00f3n de programaci\u00f3n","Pensamiento l\u00f3gico","Retos algor\u00edtmicos"],"articleSection":["Noticias Principales"],"inLanguage":"es-CO"},{"@type":"WebPage","@id":"https:\/\/www.ucatolica.edu.co\/portal\/la-universidad-catolica-de-colombia-sera-sede-de-la-maraton-de-programacion-ccpl-icpc-r4\/","url":"https:\/\/www.ucatolica.edu.co\/portal\/la-universidad-catolica-de-colombia-sera-sede-de-la-maraton-de-programacion-ccpl-icpc-r4\/","name":"La Universidad Cat\u00f3lica de Colombia ser\u00e1 sede de la Marat\u00f3n de Programaci\u00f3n CCPL\/ICPC \u2013 R4 - Universidad Cat\u00f3lica De Colombia","isPartOf":{"@id":"https:\/\/www.ucatolica.edu.co\/portal\/#website"},"primaryImageOfPage":{"@id":"https:\/\/www.ucatolica.edu.co\/portal\/la-universidad-catolica-de-colombia-sera-sede-de-la-maraton-de-programacion-ccpl-icpc-r4\/#primaryimage"},"image":{"@id":"https:\/\/www.ucatolica.edu.co\/portal\/la-universidad-catolica-de-colombia-sera-sede-de-la-maraton-de-programacion-ccpl-icpc-r4\/#primaryimage"},"thumbnailUrl":"https:\/\/www.ucatolica.edu.co\/portal\/wp-content\/uploads\/2025\/04\/Maraton.jpg","datePublished":"2025-05-07T22:04:42+00:00","dateModified":"2025-05-07T22:04:43+00:00","breadcrumb":{"@id":"https:\/\/www.ucatolica.edu.co\/portal\/la-universidad-catolica-de-colombia-sera-sede-de-la-maraton-de-programacion-ccpl-icpc-r4\/#breadcrumb"},"inLanguage":"es-CO","potentialAction":[{"@type":"ReadAction","target":["https:\/\/www.ucatolica.edu.co\/portal\/la-universidad-catolica-de-colombia-sera-sede-de-la-maraton-de-programacion-ccpl-icpc-r4\/"]}]},{"@type":"ImageObject","inLanguage":"es-CO","@id":"https:\/\/www.ucatolica.edu.co\/portal\/la-universidad-catolica-de-colombia-sera-sede-de-la-maraton-de-programacion-ccpl-icpc-r4\/#primaryimage","url":"https:\/\/www.ucatolica.edu.co\/portal\/wp-content\/uploads\/2025\/04\/Maraton.jpg","contentUrl":"https:\/\/www.ucatolica.edu.co\/portal\/wp-content\/uploads\/2025\/04\/Maraton.jpg","width":870,"height":522,"caption":"Programaci\u00f3n"},{"@type":"BreadcrumbList","@id":"https:\/\/www.ucatolica.edu.co\/portal\/la-universidad-catolica-de-colombia-sera-sede-de-la-maraton-de-programacion-ccpl-icpc-r4\/#breadcrumb","itemListElement":[{"@type":"ListItem","position":1,"name":"Inicio","item":"https:\/\/www.ucatolica.edu.co\/portal\/"},{"@type":"ListItem","position":2,"name":"La Universidad Cat\u00f3lica de Colombia ser\u00e1 sede de la Marat\u00f3n de Programaci\u00f3n CCPL\/ICPC \u2013 R4"}]},{"@type":"WebSite","@id":"https:\/\/www.ucatolica.edu.co\/portal\/#website","url":"https:\/\/www.ucatolica.edu.co\/portal\/","name":"Universidad Cat\u00f3lica De Colombia","description":"Universidad Cat\u00f3lica De Colombia","publisher":{"@id":"https:\/\/www.ucatolica.edu.co\/portal\/#organization"},"potentialAction":[{"@type":"SearchAction","target":{"@type":"EntryPoint","urlTemplate":"https:\/\/www.ucatolica.edu.co\/portal\/?s={search_term_string}"},"query-input":{"@type":"PropertyValueSpecification","valueRequired":true,"valueName":"search_term_string"}}],"inLanguage":"es-CO"},{"@type":"Organization","@id":"https:\/\/www.ucatolica.edu.co\/portal\/#organization","name":"Universidad Cat\u00f3lica de Colombia","url":"https:\/\/www.ucatolica.edu.co\/portal\/","logo":{"@type":"ImageObject","inLanguage":"es-CO","@id":"https:\/\/www.ucatolica.edu.co\/portal\/#\/schema\/logo\/image\/","url":"https:\/\/www.ucatolica.edu.co\/portal\/wp-content\/uploads\/2021\/06\/logo-header-ho-1.svg","contentUrl":"https:\/\/www.ucatolica.edu.co\/portal\/wp-content\/uploads\/2021\/06\/logo-header-ho-1.svg","width":1,"height":1,"caption":"Universidad Cat\u00f3lica de Colombia"},"image":{"@id":"https:\/\/www.ucatolica.edu.co\/portal\/#\/schema\/logo\/image\/"},"sameAs":["https:\/\/www.facebook.com\/ucatolicacolombia","https:\/\/x.com\/UCatolicaCol","https:\/\/www.instagram.com\/universidadcatolicadecolombia\/","https:\/\/www.linkedin.com\/company\/universidadcatolicadecolombia\/","https:\/\/www.youtube.com\/user\/UCatolicaCo"]},{"@type":"Person","@id":"https:\/\/www.ucatolica.edu.co\/portal\/#\/schema\/person\/a7469afff252fba81c6cdc40c80f00b6","name":"Cindy Lugo","url":"https:\/\/www.ucatolica.edu.co\/portal\/author\/cindy\/"}]}},"author_meta":{"display_name":"Cindy Lugo","author_link":"https:\/\/www.ucatolica.edu.co\/portal\/author\/cindy\/"},"featured_img":"https:\/\/www.ucatolica.edu.co\/portal\/wp-content\/uploads\/2025\/04\/Maraton.jpg","coauthors":[],"tax_additional":{"categories":{"linked":["<a href=\"https:\/\/www.ucatolica.edu.co\/portal\/category\/noticias-principales\/\" class=\"advgb-post-tax-term\">Noticias Principales<\/a>"],"unlinked":["<span class=\"advgb-post-tax-term\">Noticias Principales<\/span>"]},"tags":{"linked":["<a href=\"https:\/\/www.ucatolica.edu.co\/portal\/category\/noticias-principales\/\" class=\"advgb-post-tax-term\">Ingenier\u00eda<\/a>","<a href=\"https:\/\/www.ucatolica.edu.co\/portal\/category\/noticias-principales\/\" class=\"advgb-post-tax-term\">Marat\u00f3n de programaci\u00f3n<\/a>","<a href=\"https:\/\/www.ucatolica.edu.co\/portal\/category\/noticias-principales\/\" class=\"advgb-post-tax-term\">Pensamiento l\u00f3gico<\/a>","<a href=\"https:\/\/www.ucatolica.edu.co\/portal\/category\/noticias-principales\/\" class=\"advgb-post-tax-term\">Retos algor\u00edtmicos<\/a>"],"unlinked":["<span class=\"advgb-post-tax-term\">Ingenier\u00eda<\/span>","<span class=\"advgb-post-tax-term\">Marat\u00f3n de programaci\u00f3n<\/span>","<span class=\"advgb-post-tax-term\">Pensamiento l\u00f3gico<\/span>","<span class=\"advgb-post-tax-term\">Retos algor\u00edtmicos<\/span>"]}},"comment_count":"0","relative_dates":{"created":"Posted 12 meses ago","modified":"Updated 12 meses ago"},"absolute_dates":{"created":"Posted on 7 mayo, 2025","modified":"Updated on 7 mayo, 2025"},"absolute_dates_time":{"created":"Posted on 7 mayo, 2025 5:04 pm","modified":"Updated on 7 mayo, 2025 5:04 pm"},"featured_img_caption":"","series_order":"","_links":{"self":[{"href":"https:\/\/www.ucatolica.edu.co\/portal\/wp-json\/wp\/v2\/posts\/117087","targetHints":{"allow":["GET"]}}],"collection":[{"href":"https:\/\/www.ucatolica.edu.co\/portal\/wp-json\/wp\/v2\/posts"}],"about":[{"href":"https:\/\/www.ucatolica.edu.co\/portal\/wp-json\/wp\/v2\/types\/post"}],"author":[{"embeddable":true,"href":"https:\/\/www.ucatolica.edu.co\/portal\/wp-json\/wp\/v2\/users\/4"}],"replies":[{"embeddable":true,"href":"https:\/\/www.ucatolica.edu.co\/portal\/wp-json\/wp\/v2\/comments?post=117087"}],"version-history":[{"count":4,"href":"https:\/\/www.ucatolica.edu.co\/portal\/wp-json\/wp\/v2\/posts\/117087\/revisions"}],"predecessor-version":[{"id":117203,"href":"https:\/\/www.ucatolica.edu.co\/portal\/wp-json\/wp\/v2\/posts\/117087\/revisions\/117203"}],"wp:featuredmedia":[{"embeddable":true,"href":"https:\/\/www.ucatolica.edu.co\/portal\/wp-json\/wp\/v2\/media\/117199"}],"wp:attachment":[{"href":"https:\/\/www.ucatolica.edu.co\/portal\/wp-json\/wp\/v2\/media?parent=117087"}],"wp:term":[{"taxonomy":"category","embeddable":true,"href":"https:\/\/www.ucatolica.edu.co\/portal\/wp-json\/wp\/v2\/categories?post=117087"},{"taxonomy":"post_tag","embeddable":true,"href":"https:\/\/www.ucatolica.edu.co\/portal\/wp-json\/wp\/v2\/tags?post=117087"}],"curies":[{"name":"wp","href":"https:\/\/api.w.org\/{rel}","templated":true}]}}