{"id":117089,"date":"2025-04-28T16:49:44","date_gmt":"2025-04-28T21:49:44","guid":{"rendered":"https:\/\/www.ucatolica.edu.co\/portal\/?p=117089"},"modified":"2025-04-28T16:49:44","modified_gmt":"2025-04-28T21:49:44","slug":"curso-de-portugues-fortalece-conexiones-culturales-entre-colombia-brasil-y-angola","status":"publish","type":"post","link":"https:\/\/www.ucatolica.edu.co\/portal\/curso-de-portugues-fortalece-conexiones-culturales-entre-colombia-brasil-y-angola\/","title":{"rendered":"Curso de portugu\u00e9s fortalece conexiones culturales entre Colombia, Brasil y Angola"},"content":{"rendered":"\n<p>El 28 de febrero concluy\u00f3 el <em>curso de portugu\u00e9s<\/em> desarrollado en el marco del proyecto \u201cConexiones Lus\u00f3fonas: Fortalecimiento de v\u00ednculos culturales entre Colombia, Brasil y Angola a trav\u00e9s del portugu\u00e9s y la cultura africana\u201d, impulsado por la Universidad Cat\u00f3lica de Colombia.<\/p>\n\n\n\n<p>El proyecto incluy\u00f3 una serie de <em>webinarios en portugu\u00e9s<\/em> sobre historia africana, cultura y sostenibilidad (septiembre-octubre), as\u00ed como un <em>curso presencial<\/em> dividido en dos fases:<\/p>\n\n\n\n<ul class=\"wp-block-list\">\n<li>En la Universidad Federal de Minas Gerais (Brasil) durante octubre de 2024.<\/li>\n\n\n\n<li>En la Universidad Cat\u00f3lica de Angola en febrero de 2025.<\/li>\n<\/ul>\n\n\n\n<p>El curso fue liderado por los profesores <em>Henrique Rodrigues Leroy<\/em> (Brasil) y <em>Noe Francisco da Costa Cardoso<\/em> (Angola), quienes ofrecieron a los estudiantes una experiencia acad\u00e9mica \u00fanica para profundizar en el idioma portugu\u00e9s y en las <em>relaciones culturales e hist\u00f3ricas entre los pa\u00edses lus\u00f3fonos<\/em>.<\/p>\n\n\n\n<p>Durante las clases, los participantes disfrutaron de actividades culturales e intercambios que promovieron el aprendizaje colaborativo y el entendimiento intercultural. La \u00faltima sesi\u00f3n del curso fue un espacio de reconocimiento a los estudiantes, quienes valoraron la oportunidad de formarse con expertos internacionales.<\/p>\n\n\n\n<p>La <em>Universidad Cat\u00f3lica de Colombia<\/em> agradece a los profesores Leroy y Cardoso por su compromiso y reafirma su inter\u00e9s en continuar fortaleciendo los lazos acad\u00e9micos con Brasil y Angola a trav\u00e9s de futuros proyectos de cooperaci\u00f3n internacional.<\/p>\n\n\n\n<p>La implementaci\u00f3n del proyecto \u201cConexiones Lus\u00f3fonas: Fortalecimiento de v\u00ednculos culturales entre Colombia, Brasil y Angola a trav\u00e9s del portugu\u00e9s y la cultura africana\u201d ha sido posible gracias al apoyo y financiaci\u00f3n por parte de la convocatoria \u201cEnse\u00f1anza y Protecci\u00f3n de Lenguas\u201d de ICETEX.<\/p>\n\n\n\n<figure class=\"wp-block-image size-full is-resized\"><img fetchpriority=\"high\" decoding=\"async\" width=\"1071\" height=\"278\" src=\"https:\/\/www.ucatolica.edu.co\/portal\/wp-content\/uploads\/2023\/07\/logo-manejo-02.png\" alt=\"Logo horizontal icetex\" class=\"wp-image-95981\" style=\"width:313px;height:auto\"\/><\/figure>\n\n\n\n<p><\/p>\n","protected":false},"excerpt":{"rendered":"<p>El 28 de febrero concluy\u00f3 el curso de portugu\u00e9s desarrollado en el marco del proyecto \u201cConexiones Lus\u00f3fonas: Fortalecimiento de v\u00ednculos culturales entre Colombia, Brasil y Angola a trav\u00e9s del portugu\u00e9s y la cultura africana\u201d, impulsado por la Universidad Cat\u00f3lica de Colombia. El proyecto incluy\u00f3 una serie de webinarios en portugu\u00e9s sobre historia africana, cultura y [&hellip;]<\/p>\n","protected":false},"author":61,"featured_media":117090,"comment_status":"open","ping_status":"open","sticky":false,"template":"","format":"standard","meta":{"_acf_changed":false,"advgb_blocks_editor_width":"","advgb_blocks_columns_visual_guide":"","footnotes":""},"categories":[93],"tags":[2797,479,3106],"class_list":["post-117089","post","type-post","status-publish","format-standard","has-post-thumbnail","hentry","category-noticias-principales","tag-conexiones-lusofonas","tag-orii","tag-portugues"],"acf":[],"yoast_head":"<!-- This site is optimized with the Yoast SEO plugin v26.7 - https:\/\/yoast.com\/wordpress\/plugins\/seo\/ -->\n<title>Curso de portugu\u00e9s fortalece conexiones culturales entre Colombia, Brasil y Angola - Universidad Cat\u00f3lica De Colombia<\/title>\n<meta name=\"robots\" content=\"index, follow, max-snippet:-1, max-image-preview:large, max-video-preview:-1\" \/>\n<link rel=\"canonical\" href=\"https:\/\/www.ucatolica.edu.co\/portal\/curso-de-portugues-fortalece-conexiones-culturales-entre-colombia-brasil-y-angola\/\" \/>\n<meta property=\"og:locale\" content=\"es_ES\" \/>\n<meta property=\"og:type\" content=\"article\" \/>\n<meta property=\"og:title\" content=\"Curso de portugu\u00e9s fortalece conexiones culturales entre Colombia, Brasil y Angola - Universidad Cat\u00f3lica De Colombia\" \/>\n<meta property=\"og:description\" content=\"El 28 de febrero concluy\u00f3 el curso de portugu\u00e9s desarrollado en el marco del proyecto \u201cConexiones Lus\u00f3fonas: Fortalecimiento de v\u00ednculos culturales entre Colombia, Brasil y Angola a trav\u00e9s del portugu\u00e9s y la cultura africana\u201d, impulsado por la Universidad Cat\u00f3lica de Colombia. El proyecto incluy\u00f3 una serie de webinarios en portugu\u00e9s sobre historia africana, cultura y [&hellip;]\" \/>\n<meta property=\"og:url\" content=\"https:\/\/www.ucatolica.edu.co\/portal\/curso-de-portugues-fortalece-conexiones-culturales-entre-colombia-brasil-y-angola\/\" \/>\n<meta property=\"og:site_name\" content=\"Universidad Cat\u00f3lica De Colombia\" \/>\n<meta property=\"article:publisher\" content=\"https:\/\/www.facebook.com\/ucatolicacolombia\" \/>\n<meta property=\"article:published_time\" content=\"2025-04-28T21:49:44+00:00\" \/>\n<meta property=\"og:image\" content=\"https:\/\/www.ucatolica.edu.co\/portal\/wp-content\/uploads\/2025\/04\/Grupo-de-personas-en-salon-de-clases.jpg\" \/>\n\t<meta property=\"og:image:width\" content=\"870\" \/>\n\t<meta property=\"og:image:height\" content=\"522\" \/>\n\t<meta property=\"og:image:type\" content=\"image\/jpeg\" \/>\n<meta name=\"author\" content=\"Leidy Dayanna Jaramillo Tavera\" \/>\n<meta name=\"twitter:card\" content=\"summary_large_image\" \/>\n<meta name=\"twitter:creator\" content=\"@UCatolicaCol\" \/>\n<meta name=\"twitter:site\" content=\"@UCatolicaCol\" \/>\n<meta name=\"twitter:label1\" content=\"Escrito por\" \/>\n\t<meta name=\"twitter:data1\" content=\"Leidy Dayanna Jaramillo Tavera\" \/>\n\t<meta name=\"twitter:label2\" content=\"Tiempo de lectura\" \/>\n\t<meta name=\"twitter:data2\" content=\"1 minuto\" \/>\n<script type=\"application\/ld+json\" class=\"yoast-schema-graph\">{\"@context\":\"https:\/\/schema.org\",\"@graph\":[{\"@type\":\"Article\",\"@id\":\"https:\/\/www.ucatolica.edu.co\/portal\/curso-de-portugues-fortalece-conexiones-culturales-entre-colombia-brasil-y-angola\/#article\",\"isPartOf\":{\"@id\":\"https:\/\/www.ucatolica.edu.co\/portal\/curso-de-portugues-fortalece-conexiones-culturales-entre-colombia-brasil-y-angola\/\"},\"author\":{\"name\":\"Leidy Dayanna Jaramillo Tavera\",\"@id\":\"https:\/\/www.ucatolica.edu.co\/portal\/#\/schema\/person\/c03ebc5b4f80ce7b8947aa9ddece408a\"},\"headline\":\"Curso de portugu\u00e9s fortalece conexiones culturales entre Colombia, Brasil y Angola\",\"datePublished\":\"2025-04-28T21:49:44+00:00\",\"mainEntityOfPage\":{\"@id\":\"https:\/\/www.ucatolica.edu.co\/portal\/curso-de-portugues-fortalece-conexiones-culturales-entre-colombia-brasil-y-angola\/\"},\"wordCount\":290,\"commentCount\":0,\"publisher\":{\"@id\":\"https:\/\/www.ucatolica.edu.co\/portal\/#organization\"},\"image\":{\"@id\":\"https:\/\/www.ucatolica.edu.co\/portal\/curso-de-portugues-fortalece-conexiones-culturales-entre-colombia-brasil-y-angola\/#primaryimage\"},\"thumbnailUrl\":\"https:\/\/www.ucatolica.edu.co\/portal\/wp-content\/uploads\/2025\/04\/Grupo-de-personas-en-salon-de-clases.jpg\",\"keywords\":[\"Conexiones Lus\u00f3fonas\",\"ORII\",\"Portugu\u00e9s\"],\"articleSection\":[\"Noticias Principales\"],\"inLanguage\":\"es-CO\"},{\"@type\":\"WebPage\",\"@id\":\"https:\/\/www.ucatolica.edu.co\/portal\/curso-de-portugues-fortalece-conexiones-culturales-entre-colombia-brasil-y-angola\/\",\"url\":\"https:\/\/www.ucatolica.edu.co\/portal\/curso-de-portugues-fortalece-conexiones-culturales-entre-colombia-brasil-y-angola\/\",\"name\":\"Curso de portugu\u00e9s fortalece conexiones culturales entre Colombia, Brasil y Angola - Universidad Cat\u00f3lica De Colombia\",\"isPartOf\":{\"@id\":\"https:\/\/www.ucatolica.edu.co\/portal\/#website\"},\"primaryImageOfPage\":{\"@id\":\"https:\/\/www.ucatolica.edu.co\/portal\/curso-de-portugues-fortalece-conexiones-culturales-entre-colombia-brasil-y-angola\/#primaryimage\"},\"image\":{\"@id\":\"https:\/\/www.ucatolica.edu.co\/portal\/curso-de-portugues-fortalece-conexiones-culturales-entre-colombia-brasil-y-angola\/#primaryimage\"},\"thumbnailUrl\":\"https:\/\/www.ucatolica.edu.co\/portal\/wp-content\/uploads\/2025\/04\/Grupo-de-personas-en-salon-de-clases.jpg\",\"datePublished\":\"2025-04-28T21:49:44+00:00\",\"breadcrumb\":{\"@id\":\"https:\/\/www.ucatolica.edu.co\/portal\/curso-de-portugues-fortalece-conexiones-culturales-entre-colombia-brasil-y-angola\/#breadcrumb\"},\"inLanguage\":\"es-CO\",\"potentialAction\":[{\"@type\":\"ReadAction\",\"target\":[\"https:\/\/www.ucatolica.edu.co\/portal\/curso-de-portugues-fortalece-conexiones-culturales-entre-colombia-brasil-y-angola\/\"]}]},{\"@type\":\"ImageObject\",\"inLanguage\":\"es-CO\",\"@id\":\"https:\/\/www.ucatolica.edu.co\/portal\/curso-de-portugues-fortalece-conexiones-culturales-entre-colombia-brasil-y-angola\/#primaryimage\",\"url\":\"https:\/\/www.ucatolica.edu.co\/portal\/wp-content\/uploads\/2025\/04\/Grupo-de-personas-en-salon-de-clases.jpg\",\"contentUrl\":\"https:\/\/www.ucatolica.edu.co\/portal\/wp-content\/uploads\/2025\/04\/Grupo-de-personas-en-salon-de-clases.jpg\",\"width\":870,\"height\":522,\"caption\":\"Grupo de personas en sal\u00f3n de clases\"},{\"@type\":\"BreadcrumbList\",\"@id\":\"https:\/\/www.ucatolica.edu.co\/portal\/curso-de-portugues-fortalece-conexiones-culturales-entre-colombia-brasil-y-angola\/#breadcrumb\",\"itemListElement\":[{\"@type\":\"ListItem\",\"position\":1,\"name\":\"Inicio\",\"item\":\"https:\/\/www.ucatolica.edu.co\/portal\/\"},{\"@type\":\"ListItem\",\"position\":2,\"name\":\"Curso de portugu\u00e9s fortalece conexiones culturales entre Colombia, Brasil y Angola\"}]},{\"@type\":\"WebSite\",\"@id\":\"https:\/\/www.ucatolica.edu.co\/portal\/#website\",\"url\":\"https:\/\/www.ucatolica.edu.co\/portal\/\",\"name\":\"Universidad Cat\u00f3lica De Colombia\",\"description\":\"Universidad Cat\u00f3lica De Colombia\",\"publisher\":{\"@id\":\"https:\/\/www.ucatolica.edu.co\/portal\/#organization\"},\"potentialAction\":[{\"@type\":\"SearchAction\",\"target\":{\"@type\":\"EntryPoint\",\"urlTemplate\":\"https:\/\/www.ucatolica.edu.co\/portal\/?s={search_term_string}\"},\"query-input\":{\"@type\":\"PropertyValueSpecification\",\"valueRequired\":true,\"valueName\":\"search_term_string\"}}],\"inLanguage\":\"es-CO\"},{\"@type\":\"Organization\",\"@id\":\"https:\/\/www.ucatolica.edu.co\/portal\/#organization\",\"name\":\"Universidad Cat\u00f3lica de Colombia\",\"url\":\"https:\/\/www.ucatolica.edu.co\/portal\/\",\"logo\":{\"@type\":\"ImageObject\",\"inLanguage\":\"es-CO\",\"@id\":\"https:\/\/www.ucatolica.edu.co\/portal\/#\/schema\/logo\/image\/\",\"url\":\"https:\/\/www.ucatolica.edu.co\/portal\/wp-content\/uploads\/2021\/06\/logo-header-ho-1.svg\",\"contentUrl\":\"https:\/\/www.ucatolica.edu.co\/portal\/wp-content\/uploads\/2021\/06\/logo-header-ho-1.svg\",\"width\":1,\"height\":1,\"caption\":\"Universidad Cat\u00f3lica de Colombia\"},\"image\":{\"@id\":\"https:\/\/www.ucatolica.edu.co\/portal\/#\/schema\/logo\/image\/\"},\"sameAs\":[\"https:\/\/www.facebook.com\/ucatolicacolombia\",\"https:\/\/x.com\/UCatolicaCol\",\"https:\/\/www.instagram.com\/universidadcatolicadecolombia\/\",\"https:\/\/www.linkedin.com\/company\/universidadcatolicadecolombia\/\",\"https:\/\/www.youtube.com\/user\/UCatolicaCo\"]},{\"@type\":\"Person\",\"@id\":\"https:\/\/www.ucatolica.edu.co\/portal\/#\/schema\/person\/c03ebc5b4f80ce7b8947aa9ddece408a\",\"name\":\"Leidy Dayanna Jaramillo Tavera\",\"url\":\"https:\/\/www.ucatolica.edu.co\/portal\/author\/dayana\/\"}]}<\/script>\n<!-- \/ Yoast SEO plugin. -->","yoast_head_json":{"title":"Curso de portugu\u00e9s fortalece conexiones culturales entre Colombia, Brasil y Angola - Universidad Cat\u00f3lica De Colombia","robots":{"index":"index","follow":"follow","max-snippet":"max-snippet:-1","max-image-preview":"max-image-preview:large","max-video-preview":"max-video-preview:-1"},"canonical":"https:\/\/www.ucatolica.edu.co\/portal\/curso-de-portugues-fortalece-conexiones-culturales-entre-colombia-brasil-y-angola\/","og_locale":"es_ES","og_type":"article","og_title":"Curso de portugu\u00e9s fortalece conexiones culturales entre Colombia, Brasil y Angola - Universidad Cat\u00f3lica De Colombia","og_description":"El 28 de febrero concluy\u00f3 el curso de portugu\u00e9s desarrollado en el marco del proyecto \u201cConexiones Lus\u00f3fonas: Fortalecimiento de v\u00ednculos culturales entre Colombia, Brasil y Angola a trav\u00e9s del portugu\u00e9s y la cultura africana\u201d, impulsado por la Universidad Cat\u00f3lica de Colombia. El proyecto incluy\u00f3 una serie de webinarios en portugu\u00e9s sobre historia africana, cultura y [&hellip;]","og_url":"https:\/\/www.ucatolica.edu.co\/portal\/curso-de-portugues-fortalece-conexiones-culturales-entre-colombia-brasil-y-angola\/","og_site_name":"Universidad Cat\u00f3lica De Colombia","article_publisher":"https:\/\/www.facebook.com\/ucatolicacolombia","article_published_time":"2025-04-28T21:49:44+00:00","og_image":[{"width":870,"height":522,"url":"https:\/\/www.ucatolica.edu.co\/portal\/wp-content\/uploads\/2025\/04\/Grupo-de-personas-en-salon-de-clases.jpg","type":"image\/jpeg"}],"author":"Leidy Dayanna Jaramillo Tavera","twitter_card":"summary_large_image","twitter_creator":"@UCatolicaCol","twitter_site":"@UCatolicaCol","twitter_misc":{"Escrito por":"Leidy Dayanna Jaramillo Tavera","Tiempo de lectura":"1 minuto"},"schema":{"@context":"https:\/\/schema.org","@graph":[{"@type":"Article","@id":"https:\/\/www.ucatolica.edu.co\/portal\/curso-de-portugues-fortalece-conexiones-culturales-entre-colombia-brasil-y-angola\/#article","isPartOf":{"@id":"https:\/\/www.ucatolica.edu.co\/portal\/curso-de-portugues-fortalece-conexiones-culturales-entre-colombia-brasil-y-angola\/"},"author":{"name":"Leidy Dayanna Jaramillo Tavera","@id":"https:\/\/www.ucatolica.edu.co\/portal\/#\/schema\/person\/c03ebc5b4f80ce7b8947aa9ddece408a"},"headline":"Curso de portugu\u00e9s fortalece conexiones culturales entre Colombia, Brasil y Angola","datePublished":"2025-04-28T21:49:44+00:00","mainEntityOfPage":{"@id":"https:\/\/www.ucatolica.edu.co\/portal\/curso-de-portugues-fortalece-conexiones-culturales-entre-colombia-brasil-y-angola\/"},"wordCount":290,"commentCount":0,"publisher":{"@id":"https:\/\/www.ucatolica.edu.co\/portal\/#organization"},"image":{"@id":"https:\/\/www.ucatolica.edu.co\/portal\/curso-de-portugues-fortalece-conexiones-culturales-entre-colombia-brasil-y-angola\/#primaryimage"},"thumbnailUrl":"https:\/\/www.ucatolica.edu.co\/portal\/wp-content\/uploads\/2025\/04\/Grupo-de-personas-en-salon-de-clases.jpg","keywords":["Conexiones Lus\u00f3fonas","ORII","Portugu\u00e9s"],"articleSection":["Noticias Principales"],"inLanguage":"es-CO"},{"@type":"WebPage","@id":"https:\/\/www.ucatolica.edu.co\/portal\/curso-de-portugues-fortalece-conexiones-culturales-entre-colombia-brasil-y-angola\/","url":"https:\/\/www.ucatolica.edu.co\/portal\/curso-de-portugues-fortalece-conexiones-culturales-entre-colombia-brasil-y-angola\/","name":"Curso de portugu\u00e9s fortalece conexiones culturales entre Colombia, Brasil y Angola - Universidad Cat\u00f3lica De Colombia","isPartOf":{"@id":"https:\/\/www.ucatolica.edu.co\/portal\/#website"},"primaryImageOfPage":{"@id":"https:\/\/www.ucatolica.edu.co\/portal\/curso-de-portugues-fortalece-conexiones-culturales-entre-colombia-brasil-y-angola\/#primaryimage"},"image":{"@id":"https:\/\/www.ucatolica.edu.co\/portal\/curso-de-portugues-fortalece-conexiones-culturales-entre-colombia-brasil-y-angola\/#primaryimage"},"thumbnailUrl":"https:\/\/www.ucatolica.edu.co\/portal\/wp-content\/uploads\/2025\/04\/Grupo-de-personas-en-salon-de-clases.jpg","datePublished":"2025-04-28T21:49:44+00:00","breadcrumb":{"@id":"https:\/\/www.ucatolica.edu.co\/portal\/curso-de-portugues-fortalece-conexiones-culturales-entre-colombia-brasil-y-angola\/#breadcrumb"},"inLanguage":"es-CO","potentialAction":[{"@type":"ReadAction","target":["https:\/\/www.ucatolica.edu.co\/portal\/curso-de-portugues-fortalece-conexiones-culturales-entre-colombia-brasil-y-angola\/"]}]},{"@type":"ImageObject","inLanguage":"es-CO","@id":"https:\/\/www.ucatolica.edu.co\/portal\/curso-de-portugues-fortalece-conexiones-culturales-entre-colombia-brasil-y-angola\/#primaryimage","url":"https:\/\/www.ucatolica.edu.co\/portal\/wp-content\/uploads\/2025\/04\/Grupo-de-personas-en-salon-de-clases.jpg","contentUrl":"https:\/\/www.ucatolica.edu.co\/portal\/wp-content\/uploads\/2025\/04\/Grupo-de-personas-en-salon-de-clases.jpg","width":870,"height":522,"caption":"Grupo de personas en sal\u00f3n de clases"},{"@type":"BreadcrumbList","@id":"https:\/\/www.ucatolica.edu.co\/portal\/curso-de-portugues-fortalece-conexiones-culturales-entre-colombia-brasil-y-angola\/#breadcrumb","itemListElement":[{"@type":"ListItem","position":1,"name":"Inicio","item":"https:\/\/www.ucatolica.edu.co\/portal\/"},{"@type":"ListItem","position":2,"name":"Curso de portugu\u00e9s fortalece conexiones culturales entre Colombia, Brasil y Angola"}]},{"@type":"WebSite","@id":"https:\/\/www.ucatolica.edu.co\/portal\/#website","url":"https:\/\/www.ucatolica.edu.co\/portal\/","name":"Universidad Cat\u00f3lica De Colombia","description":"Universidad Cat\u00f3lica De Colombia","publisher":{"@id":"https:\/\/www.ucatolica.edu.co\/portal\/#organization"},"potentialAction":[{"@type":"SearchAction","target":{"@type":"EntryPoint","urlTemplate":"https:\/\/www.ucatolica.edu.co\/portal\/?s={search_term_string}"},"query-input":{"@type":"PropertyValueSpecification","valueRequired":true,"valueName":"search_term_string"}}],"inLanguage":"es-CO"},{"@type":"Organization","@id":"https:\/\/www.ucatolica.edu.co\/portal\/#organization","name":"Universidad Cat\u00f3lica de Colombia","url":"https:\/\/www.ucatolica.edu.co\/portal\/","logo":{"@type":"ImageObject","inLanguage":"es-CO","@id":"https:\/\/www.ucatolica.edu.co\/portal\/#\/schema\/logo\/image\/","url":"https:\/\/www.ucatolica.edu.co\/portal\/wp-content\/uploads\/2021\/06\/logo-header-ho-1.svg","contentUrl":"https:\/\/www.ucatolica.edu.co\/portal\/wp-content\/uploads\/2021\/06\/logo-header-ho-1.svg","width":1,"height":1,"caption":"Universidad Cat\u00f3lica de Colombia"},"image":{"@id":"https:\/\/www.ucatolica.edu.co\/portal\/#\/schema\/logo\/image\/"},"sameAs":["https:\/\/www.facebook.com\/ucatolicacolombia","https:\/\/x.com\/UCatolicaCol","https:\/\/www.instagram.com\/universidadcatolicadecolombia\/","https:\/\/www.linkedin.com\/company\/universidadcatolicadecolombia\/","https:\/\/www.youtube.com\/user\/UCatolicaCo"]},{"@type":"Person","@id":"https:\/\/www.ucatolica.edu.co\/portal\/#\/schema\/person\/c03ebc5b4f80ce7b8947aa9ddece408a","name":"Leidy Dayanna Jaramillo Tavera","url":"https:\/\/www.ucatolica.edu.co\/portal\/author\/dayana\/"}]}},"author_meta":{"display_name":"Leidy Dayanna Jaramillo Tavera","author_link":"https:\/\/www.ucatolica.edu.co\/portal\/author\/dayana\/"},"featured_img":"https:\/\/www.ucatolica.edu.co\/portal\/wp-content\/uploads\/2025\/04\/Grupo-de-personas-en-salon-de-clases.jpg","coauthors":[],"tax_additional":{"categories":{"linked":["<a href=\"https:\/\/www.ucatolica.edu.co\/portal\/category\/noticias-principales\/\" class=\"advgb-post-tax-term\">Noticias Principales<\/a>"],"unlinked":["<span class=\"advgb-post-tax-term\">Noticias Principales<\/span>"]},"tags":{"linked":["<a href=\"https:\/\/www.ucatolica.edu.co\/portal\/category\/noticias-principales\/\" class=\"advgb-post-tax-term\">Conexiones Lus\u00f3fonas<\/a>","<a href=\"https:\/\/www.ucatolica.edu.co\/portal\/category\/noticias-principales\/\" class=\"advgb-post-tax-term\">ORII<\/a>","<a href=\"https:\/\/www.ucatolica.edu.co\/portal\/category\/noticias-principales\/\" class=\"advgb-post-tax-term\">Portugu\u00e9s<\/a>"],"unlinked":["<span class=\"advgb-post-tax-term\">Conexiones Lus\u00f3fonas<\/span>","<span class=\"advgb-post-tax-term\">ORII<\/span>","<span class=\"advgb-post-tax-term\">Portugu\u00e9s<\/span>"]}},"comment_count":"0","relative_dates":{"created":"Posted 1 a\u00f1o ago","modified":"Updated 1 a\u00f1o ago"},"absolute_dates":{"created":"Posted on 28 abril, 2025","modified":"Updated on 28 abril, 2025"},"absolute_dates_time":{"created":"Posted on 28 abril, 2025 4:49 pm","modified":"Updated on 28 abril, 2025 4:49 pm"},"featured_img_caption":"","series_order":"","_links":{"self":[{"href":"https:\/\/www.ucatolica.edu.co\/portal\/wp-json\/wp\/v2\/posts\/117089","targetHints":{"allow":["GET"]}}],"collection":[{"href":"https:\/\/www.ucatolica.edu.co\/portal\/wp-json\/wp\/v2\/posts"}],"about":[{"href":"https:\/\/www.ucatolica.edu.co\/portal\/wp-json\/wp\/v2\/types\/post"}],"author":[{"embeddable":true,"href":"https:\/\/www.ucatolica.edu.co\/portal\/wp-json\/wp\/v2\/users\/61"}],"replies":[{"embeddable":true,"href":"https:\/\/www.ucatolica.edu.co\/portal\/wp-json\/wp\/v2\/comments?post=117089"}],"version-history":[{"count":1,"href":"https:\/\/www.ucatolica.edu.co\/portal\/wp-json\/wp\/v2\/posts\/117089\/revisions"}],"predecessor-version":[{"id":117091,"href":"https:\/\/www.ucatolica.edu.co\/portal\/wp-json\/wp\/v2\/posts\/117089\/revisions\/117091"}],"wp:featuredmedia":[{"embeddable":true,"href":"https:\/\/www.ucatolica.edu.co\/portal\/wp-json\/wp\/v2\/media\/117090"}],"wp:attachment":[{"href":"https:\/\/www.ucatolica.edu.co\/portal\/wp-json\/wp\/v2\/media?parent=117089"}],"wp:term":[{"taxonomy":"category","embeddable":true,"href":"https:\/\/www.ucatolica.edu.co\/portal\/wp-json\/wp\/v2\/categories?post=117089"},{"taxonomy":"post_tag","embeddable":true,"href":"https:\/\/www.ucatolica.edu.co\/portal\/wp-json\/wp\/v2\/tags?post=117089"}],"curies":[{"name":"wp","href":"https:\/\/api.w.org\/{rel}","templated":true}]}}