{"id":117125,"date":"2025-04-29T16:50:47","date_gmt":"2025-04-29T21:50:47","guid":{"rendered":"https:\/\/www.ucatolica.edu.co\/portal\/?p=117125"},"modified":"2025-04-29T16:57:19","modified_gmt":"2025-04-29T21:57:19","slug":"estudiantes-de-la-universidad-catolica-de-colombia-nominados-al-premio-lapiz-de-acero-nt-2025-por-innovador-proyecto-urbano-arquitectonico","status":"publish","type":"post","link":"https:\/\/www.ucatolica.edu.co\/portal\/estudiantes-de-la-universidad-catolica-de-colombia-nominados-al-premio-lapiz-de-acero-nt-2025-por-innovador-proyecto-urbano-arquitectonico\/","title":{"rendered":"Estudiantes de la Universidad Cat\u00f3lica de Colombia nominados al Premio L\u00e1piz de Acero por innovador proyecto urbano-arquitect\u00f3nico"},"content":{"rendered":"\n<p>Los estudiantes Orlando Jos\u00e9 Estepa Hern\u00e1ndez e Iv\u00e1n Camilo Hern\u00e1ndez Mateus, del Programa de Arquitectura de la Universidad Cat\u00f3lica de Colombia, han sido nominados al prestigioso Premio L\u00e1piz de Acero NT 2025, en la categor\u00eda Espacio \u2013 Dise\u00f1o Arquitect\u00f3nico, gracias a su destacado proyecto &#8220;Integraci\u00f3n Arquitect\u00f3nica de un Nuevo Edificio Polifuncional en el Umbral del Metro \u2013 Estaci\u00f3n Calle 45&#8221;.<\/p>\n\n\n\n<p>Bajo la direcci\u00f3n del profesor Jos\u00e9 Orlando Mart\u00ednez Castro, el proyecto fue desarrollado en el noveno semestre del programa de Arquitectura, y se enmarca en la primera etapa del Metro de Bogot\u00e1, espec\u00edficamente en la estaci\u00f3n ubicada en la actual TransMilenio de la Calle 45. La propuesta busca cualificar el espacio p\u00fablico mediante una intervenci\u00f3n arquitect\u00f3nica que equilibre el impacto urbano generado por esta infraestructura de transporte masivo.<\/p>\n\n\n\n<p><strong>Un logro acad\u00e9mico y profesional de alto nivel<\/strong><\/p>\n\n\n\n<p>Este reconocimiento cobra especial relevancia al ser el Premio L\u00e1piz de Acero uno de los eventos m\u00e1s importantes del dise\u00f1o en Colombia, el cual visibiliza los mejores proyectos interdisciplinarios del pa\u00eds. La nominaci\u00f3n en la categor\u00eda Nuevos Talentos (NT), que agrupa proyectos estudiantiles o de reci\u00e9n egresados, resalta la excelencia acad\u00e9mica de la Facultad de Dise\u00f1o de la Universidad Cat\u00f3lica de Colombia, siendo esta una de las tres facultades de arquitectura nominadas a nivel nacional.<\/p>\n\n\n<div class=\"wp-block-image\">\n<figure class=\"aligncenter size-full\"><img fetchpriority=\"high\" decoding=\"async\" width=\"870\" height=\"522\" src=\"https:\/\/www.ucatolica.edu.co\/portal\/wp-content\/uploads\/2025\/04\/Estudiantes-de-Arquitectura-con-maquetas.jpg\" alt=\"Estudiantes de Arquitectura con maquetas\" class=\"wp-image-117126\"\/><\/figure>\n<\/div>\n\n\n<p><strong>Arquitectura con impacto social y urbano<\/strong><\/p>\n\n\n\n<p>El proyecto destaca por su enfoque urbano, ambiental y arquitect\u00f3nico, integrando conocimientos adquiridos en los n\u00facleos probl\u00e9micos del programa: dise\u00f1o b\u00e1sico, contexto, ecolog\u00eda humana y cualificaci\u00f3n profesional. Adem\u00e1s, surge como resultado del &#8220;Tercer Encuentro de Universidades&#8221; organizado en octubre de 2024 por la Universidad y Metro L\u00ednea 1, donde se comparti\u00f3 informaci\u00f3n clave sobre el desarrollo del metro de Bogot\u00e1.<\/p>\n\n\n\n<p><strong>Hacia el futuro: inspiraci\u00f3n y proyecci\u00f3n<\/strong><\/p>\n\n\n\n<p>La ceremonia de premiaci\u00f3n se llevar\u00e1 a cabo el pr\u00f3ximo 5 de junio de 2025, y representa una gran oportunidad de proyecci\u00f3n profesional para los estudiantes, as\u00ed como una motivaci\u00f3n para nuevas generaciones de arquitectos en formaci\u00f3n. Esta nominaci\u00f3n pone en evidencia el compromiso de los estudiantes con una arquitectura responsable, apasionada y socialmente comprometida.<\/p>\n\n\n\n<p>Conoce m\u00e1s acerca la experiencia que represent\u00f3 para los futuros profesionales hacer parte de este proyecto.<\/p>\n\n\n\n<figure class=\"wp-block-embed aligncenter is-type-video is-provider-youtube wp-block-embed-youtube wp-embed-aspect-16-9 wp-has-aspect-ratio\"><div class=\"wp-block-embed__wrapper\">\n<div class=\"video-container\"><iframe title=\"Nominacio\u0301n Lapi\u0301z de Acero\" width=\"500\" height=\"281\" src=\"https:\/\/www.youtube.com\/embed\/duJg6O14LyM?feature=oembed\" frameborder=\"0\" allow=\"accelerometer; autoplay; clipboard-write; encrypted-media; gyroscope; picture-in-picture; web-share\" referrerpolicy=\"strict-origin-when-cross-origin\" allowfullscreen><\/iframe><\/div>\n<\/div><\/figure>\n\n\n\n<p><\/p>\n","protected":false},"excerpt":{"rendered":"<p>Los estudiantes Orlando Jos\u00e9 Estepa Hern\u00e1ndez e Iv\u00e1n Camilo Hern\u00e1ndez Mateus, del Programa de Arquitectura de la Universidad Cat\u00f3lica de Colombia, han sido nominados al prestigioso Premio L\u00e1piz de Acero NT 2025, en la categor\u00eda Espacio \u2013 Dise\u00f1o Arquitect\u00f3nico, gracias a su destacado proyecto &#8220;Integraci\u00f3n Arquitect\u00f3nica de un Nuevo Edificio Polifuncional en el Umbral del [&hellip;]<\/p>\n","protected":false},"author":61,"featured_media":117127,"comment_status":"open","ping_status":"open","sticky":false,"template":"","format":"standard","meta":{"_acf_changed":false,"advgb_blocks_editor_width":"","advgb_blocks_columns_visual_guide":"","footnotes":""},"categories":[93],"tags":[105,106,3110],"class_list":["post-117125","post","type-post","status-publish","format-standard","has-post-thumbnail","hentry","category-noticias-principales","tag-arquitectura","tag-facultad-de-diseno","tag-premio-lapiz-de-acero"],"acf":[],"yoast_head":"<!-- This site is optimized with the Yoast SEO plugin v26.7 - https:\/\/yoast.com\/wordpress\/plugins\/seo\/ -->\n<title>Estudiantes de la Universidad Cat\u00f3lica de Colombia nominados al Premio L\u00e1piz de Acero por innovador proyecto urbano-arquitect\u00f3nico - Universidad Cat\u00f3lica De Colombia<\/title>\n<meta name=\"robots\" content=\"index, follow, max-snippet:-1, max-image-preview:large, max-video-preview:-1\" \/>\n<link rel=\"canonical\" href=\"https:\/\/www.ucatolica.edu.co\/portal\/estudiantes-de-la-universidad-catolica-de-colombia-nominados-al-premio-lapiz-de-acero-nt-2025-por-innovador-proyecto-urbano-arquitectonico\/\" \/>\n<meta property=\"og:locale\" content=\"es_ES\" \/>\n<meta property=\"og:type\" content=\"article\" \/>\n<meta property=\"og:title\" content=\"Estudiantes de la Universidad Cat\u00f3lica de Colombia nominados al Premio L\u00e1piz de Acero por innovador proyecto urbano-arquitect\u00f3nico - Universidad Cat\u00f3lica De Colombia\" \/>\n<meta property=\"og:description\" content=\"Los estudiantes Orlando Jos\u00e9 Estepa Hern\u00e1ndez e Iv\u00e1n Camilo Hern\u00e1ndez Mateus, del Programa de Arquitectura de la Universidad Cat\u00f3lica de Colombia, han sido nominados al prestigioso Premio L\u00e1piz de Acero NT 2025, en la categor\u00eda Espacio \u2013 Dise\u00f1o Arquitect\u00f3nico, gracias a su destacado proyecto &#8220;Integraci\u00f3n Arquitect\u00f3nica de un Nuevo Edificio Polifuncional en el Umbral del [&hellip;]\" \/>\n<meta property=\"og:url\" content=\"https:\/\/www.ucatolica.edu.co\/portal\/estudiantes-de-la-universidad-catolica-de-colombia-nominados-al-premio-lapiz-de-acero-nt-2025-por-innovador-proyecto-urbano-arquitectonico\/\" \/>\n<meta property=\"og:site_name\" content=\"Universidad Cat\u00f3lica De Colombia\" \/>\n<meta property=\"article:publisher\" content=\"https:\/\/www.facebook.com\/ucatolicacolombia\" \/>\n<meta property=\"article:published_time\" content=\"2025-04-29T21:50:47+00:00\" \/>\n<meta property=\"article:modified_time\" content=\"2025-04-29T21:57:19+00:00\" \/>\n<meta property=\"og:image\" content=\"https:\/\/www.ucatolica.edu.co\/portal\/wp-content\/uploads\/2025\/04\/Estudiantes-y-docente-de-Arquitectura.jpg\" \/>\n\t<meta property=\"og:image:width\" content=\"870\" \/>\n\t<meta property=\"og:image:height\" content=\"522\" \/>\n\t<meta property=\"og:image:type\" content=\"image\/jpeg\" \/>\n<meta name=\"author\" content=\"Leidy Dayanna Jaramillo Tavera\" \/>\n<meta name=\"twitter:card\" content=\"summary_large_image\" \/>\n<meta name=\"twitter:creator\" content=\"@UCatolicaCol\" \/>\n<meta name=\"twitter:site\" content=\"@UCatolicaCol\" \/>\n<meta name=\"twitter:label1\" content=\"Escrito por\" \/>\n\t<meta name=\"twitter:data1\" content=\"Leidy Dayanna Jaramillo Tavera\" \/>\n\t<meta name=\"twitter:label2\" content=\"Tiempo de lectura\" \/>\n\t<meta name=\"twitter:data2\" content=\"2 minutos\" \/>\n<script type=\"application\/ld+json\" class=\"yoast-schema-graph\">{\"@context\":\"https:\/\/schema.org\",\"@graph\":[{\"@type\":\"Article\",\"@id\":\"https:\/\/www.ucatolica.edu.co\/portal\/estudiantes-de-la-universidad-catolica-de-colombia-nominados-al-premio-lapiz-de-acero-nt-2025-por-innovador-proyecto-urbano-arquitectonico\/#article\",\"isPartOf\":{\"@id\":\"https:\/\/www.ucatolica.edu.co\/portal\/estudiantes-de-la-universidad-catolica-de-colombia-nominados-al-premio-lapiz-de-acero-nt-2025-por-innovador-proyecto-urbano-arquitectonico\/\"},\"author\":{\"name\":\"Leidy Dayanna Jaramillo Tavera\",\"@id\":\"https:\/\/www.ucatolica.edu.co\/portal\/#\/schema\/person\/c03ebc5b4f80ce7b8947aa9ddece408a\"},\"headline\":\"Estudiantes de la Universidad Cat\u00f3lica de Colombia nominados al Premio L\u00e1piz de Acero por innovador proyecto urbano-arquitect\u00f3nico\",\"datePublished\":\"2025-04-29T21:50:47+00:00\",\"dateModified\":\"2025-04-29T21:57:19+00:00\",\"mainEntityOfPage\":{\"@id\":\"https:\/\/www.ucatolica.edu.co\/portal\/estudiantes-de-la-universidad-catolica-de-colombia-nominados-al-premio-lapiz-de-acero-nt-2025-por-innovador-proyecto-urbano-arquitectonico\/\"},\"wordCount\":419,\"commentCount\":0,\"publisher\":{\"@id\":\"https:\/\/www.ucatolica.edu.co\/portal\/#organization\"},\"image\":{\"@id\":\"https:\/\/www.ucatolica.edu.co\/portal\/estudiantes-de-la-universidad-catolica-de-colombia-nominados-al-premio-lapiz-de-acero-nt-2025-por-innovador-proyecto-urbano-arquitectonico\/#primaryimage\"},\"thumbnailUrl\":\"https:\/\/www.ucatolica.edu.co\/portal\/wp-content\/uploads\/2025\/04\/Estudiantes-y-docente-de-Arquitectura.jpg\",\"keywords\":[\"Arquitectura\",\"Facultad de Dise\u00f1o\",\"Premio L\u00e1piz de Acero\"],\"articleSection\":[\"Noticias Principales\"],\"inLanguage\":\"es-CO\"},{\"@type\":\"WebPage\",\"@id\":\"https:\/\/www.ucatolica.edu.co\/portal\/estudiantes-de-la-universidad-catolica-de-colombia-nominados-al-premio-lapiz-de-acero-nt-2025-por-innovador-proyecto-urbano-arquitectonico\/\",\"url\":\"https:\/\/www.ucatolica.edu.co\/portal\/estudiantes-de-la-universidad-catolica-de-colombia-nominados-al-premio-lapiz-de-acero-nt-2025-por-innovador-proyecto-urbano-arquitectonico\/\",\"name\":\"Estudiantes de la Universidad Cat\u00f3lica de Colombia nominados al Premio L\u00e1piz de Acero por innovador proyecto urbano-arquitect\u00f3nico - Universidad Cat\u00f3lica De Colombia\",\"isPartOf\":{\"@id\":\"https:\/\/www.ucatolica.edu.co\/portal\/#website\"},\"primaryImageOfPage\":{\"@id\":\"https:\/\/www.ucatolica.edu.co\/portal\/estudiantes-de-la-universidad-catolica-de-colombia-nominados-al-premio-lapiz-de-acero-nt-2025-por-innovador-proyecto-urbano-arquitectonico\/#primaryimage\"},\"image\":{\"@id\":\"https:\/\/www.ucatolica.edu.co\/portal\/estudiantes-de-la-universidad-catolica-de-colombia-nominados-al-premio-lapiz-de-acero-nt-2025-por-innovador-proyecto-urbano-arquitectonico\/#primaryimage\"},\"thumbnailUrl\":\"https:\/\/www.ucatolica.edu.co\/portal\/wp-content\/uploads\/2025\/04\/Estudiantes-y-docente-de-Arquitectura.jpg\",\"datePublished\":\"2025-04-29T21:50:47+00:00\",\"dateModified\":\"2025-04-29T21:57:19+00:00\",\"breadcrumb\":{\"@id\":\"https:\/\/www.ucatolica.edu.co\/portal\/estudiantes-de-la-universidad-catolica-de-colombia-nominados-al-premio-lapiz-de-acero-nt-2025-por-innovador-proyecto-urbano-arquitectonico\/#breadcrumb\"},\"inLanguage\":\"es-CO\",\"potentialAction\":[{\"@type\":\"ReadAction\",\"target\":[\"https:\/\/www.ucatolica.edu.co\/portal\/estudiantes-de-la-universidad-catolica-de-colombia-nominados-al-premio-lapiz-de-acero-nt-2025-por-innovador-proyecto-urbano-arquitectonico\/\"]}]},{\"@type\":\"ImageObject\",\"inLanguage\":\"es-CO\",\"@id\":\"https:\/\/www.ucatolica.edu.co\/portal\/estudiantes-de-la-universidad-catolica-de-colombia-nominados-al-premio-lapiz-de-acero-nt-2025-por-innovador-proyecto-urbano-arquitectonico\/#primaryimage\",\"url\":\"https:\/\/www.ucatolica.edu.co\/portal\/wp-content\/uploads\/2025\/04\/Estudiantes-y-docente-de-Arquitectura.jpg\",\"contentUrl\":\"https:\/\/www.ucatolica.edu.co\/portal\/wp-content\/uploads\/2025\/04\/Estudiantes-y-docente-de-Arquitectura.jpg\",\"width\":870,\"height\":522,\"caption\":\"Estudiantes y docente de Arquitectura\"},{\"@type\":\"BreadcrumbList\",\"@id\":\"https:\/\/www.ucatolica.edu.co\/portal\/estudiantes-de-la-universidad-catolica-de-colombia-nominados-al-premio-lapiz-de-acero-nt-2025-por-innovador-proyecto-urbano-arquitectonico\/#breadcrumb\",\"itemListElement\":[{\"@type\":\"ListItem\",\"position\":1,\"name\":\"Inicio\",\"item\":\"https:\/\/www.ucatolica.edu.co\/portal\/\"},{\"@type\":\"ListItem\",\"position\":2,\"name\":\"Estudiantes de la Universidad Cat\u00f3lica de Colombia nominados al Premio L\u00e1piz de Acero por innovador proyecto urbano-arquitect\u00f3nico\"}]},{\"@type\":\"WebSite\",\"@id\":\"https:\/\/www.ucatolica.edu.co\/portal\/#website\",\"url\":\"https:\/\/www.ucatolica.edu.co\/portal\/\",\"name\":\"Universidad Cat\u00f3lica De Colombia\",\"description\":\"Universidad Cat\u00f3lica De Colombia\",\"publisher\":{\"@id\":\"https:\/\/www.ucatolica.edu.co\/portal\/#organization\"},\"potentialAction\":[{\"@type\":\"SearchAction\",\"target\":{\"@type\":\"EntryPoint\",\"urlTemplate\":\"https:\/\/www.ucatolica.edu.co\/portal\/?s={search_term_string}\"},\"query-input\":{\"@type\":\"PropertyValueSpecification\",\"valueRequired\":true,\"valueName\":\"search_term_string\"}}],\"inLanguage\":\"es-CO\"},{\"@type\":\"Organization\",\"@id\":\"https:\/\/www.ucatolica.edu.co\/portal\/#organization\",\"name\":\"Universidad Cat\u00f3lica de Colombia\",\"url\":\"https:\/\/www.ucatolica.edu.co\/portal\/\",\"logo\":{\"@type\":\"ImageObject\",\"inLanguage\":\"es-CO\",\"@id\":\"https:\/\/www.ucatolica.edu.co\/portal\/#\/schema\/logo\/image\/\",\"url\":\"https:\/\/www.ucatolica.edu.co\/portal\/wp-content\/uploads\/2021\/06\/logo-header-ho-1.svg\",\"contentUrl\":\"https:\/\/www.ucatolica.edu.co\/portal\/wp-content\/uploads\/2021\/06\/logo-header-ho-1.svg\",\"width\":1,\"height\":1,\"caption\":\"Universidad Cat\u00f3lica de Colombia\"},\"image\":{\"@id\":\"https:\/\/www.ucatolica.edu.co\/portal\/#\/schema\/logo\/image\/\"},\"sameAs\":[\"https:\/\/www.facebook.com\/ucatolicacolombia\",\"https:\/\/x.com\/UCatolicaCol\",\"https:\/\/www.instagram.com\/universidadcatolicadecolombia\/\",\"https:\/\/www.linkedin.com\/company\/universidadcatolicadecolombia\/\",\"https:\/\/www.youtube.com\/user\/UCatolicaCo\"]},{\"@type\":\"Person\",\"@id\":\"https:\/\/www.ucatolica.edu.co\/portal\/#\/schema\/person\/c03ebc5b4f80ce7b8947aa9ddece408a\",\"name\":\"Leidy Dayanna Jaramillo Tavera\",\"url\":\"https:\/\/www.ucatolica.edu.co\/portal\/author\/dayana\/\"}]}<\/script>\n<!-- \/ Yoast SEO plugin. -->","yoast_head_json":{"title":"Estudiantes de la Universidad Cat\u00f3lica de Colombia nominados al Premio L\u00e1piz de Acero por innovador proyecto urbano-arquitect\u00f3nico - Universidad Cat\u00f3lica De Colombia","robots":{"index":"index","follow":"follow","max-snippet":"max-snippet:-1","max-image-preview":"max-image-preview:large","max-video-preview":"max-video-preview:-1"},"canonical":"https:\/\/www.ucatolica.edu.co\/portal\/estudiantes-de-la-universidad-catolica-de-colombia-nominados-al-premio-lapiz-de-acero-nt-2025-por-innovador-proyecto-urbano-arquitectonico\/","og_locale":"es_ES","og_type":"article","og_title":"Estudiantes de la Universidad Cat\u00f3lica de Colombia nominados al Premio L\u00e1piz de Acero por innovador proyecto urbano-arquitect\u00f3nico - Universidad Cat\u00f3lica De Colombia","og_description":"Los estudiantes Orlando Jos\u00e9 Estepa Hern\u00e1ndez e Iv\u00e1n Camilo Hern\u00e1ndez Mateus, del Programa de Arquitectura de la Universidad Cat\u00f3lica de Colombia, han sido nominados al prestigioso Premio L\u00e1piz de Acero NT 2025, en la categor\u00eda Espacio \u2013 Dise\u00f1o Arquitect\u00f3nico, gracias a su destacado proyecto &#8220;Integraci\u00f3n Arquitect\u00f3nica de un Nuevo Edificio Polifuncional en el Umbral del [&hellip;]","og_url":"https:\/\/www.ucatolica.edu.co\/portal\/estudiantes-de-la-universidad-catolica-de-colombia-nominados-al-premio-lapiz-de-acero-nt-2025-por-innovador-proyecto-urbano-arquitectonico\/","og_site_name":"Universidad Cat\u00f3lica De Colombia","article_publisher":"https:\/\/www.facebook.com\/ucatolicacolombia","article_published_time":"2025-04-29T21:50:47+00:00","article_modified_time":"2025-04-29T21:57:19+00:00","og_image":[{"width":870,"height":522,"url":"https:\/\/www.ucatolica.edu.co\/portal\/wp-content\/uploads\/2025\/04\/Estudiantes-y-docente-de-Arquitectura.jpg","type":"image\/jpeg"}],"author":"Leidy Dayanna Jaramillo Tavera","twitter_card":"summary_large_image","twitter_creator":"@UCatolicaCol","twitter_site":"@UCatolicaCol","twitter_misc":{"Escrito por":"Leidy Dayanna Jaramillo Tavera","Tiempo de lectura":"2 minutos"},"schema":{"@context":"https:\/\/schema.org","@graph":[{"@type":"Article","@id":"https:\/\/www.ucatolica.edu.co\/portal\/estudiantes-de-la-universidad-catolica-de-colombia-nominados-al-premio-lapiz-de-acero-nt-2025-por-innovador-proyecto-urbano-arquitectonico\/#article","isPartOf":{"@id":"https:\/\/www.ucatolica.edu.co\/portal\/estudiantes-de-la-universidad-catolica-de-colombia-nominados-al-premio-lapiz-de-acero-nt-2025-por-innovador-proyecto-urbano-arquitectonico\/"},"author":{"name":"Leidy Dayanna Jaramillo Tavera","@id":"https:\/\/www.ucatolica.edu.co\/portal\/#\/schema\/person\/c03ebc5b4f80ce7b8947aa9ddece408a"},"headline":"Estudiantes de la Universidad Cat\u00f3lica de Colombia nominados al Premio L\u00e1piz de Acero por innovador proyecto urbano-arquitect\u00f3nico","datePublished":"2025-04-29T21:50:47+00:00","dateModified":"2025-04-29T21:57:19+00:00","mainEntityOfPage":{"@id":"https:\/\/www.ucatolica.edu.co\/portal\/estudiantes-de-la-universidad-catolica-de-colombia-nominados-al-premio-lapiz-de-acero-nt-2025-por-innovador-proyecto-urbano-arquitectonico\/"},"wordCount":419,"commentCount":0,"publisher":{"@id":"https:\/\/www.ucatolica.edu.co\/portal\/#organization"},"image":{"@id":"https:\/\/www.ucatolica.edu.co\/portal\/estudiantes-de-la-universidad-catolica-de-colombia-nominados-al-premio-lapiz-de-acero-nt-2025-por-innovador-proyecto-urbano-arquitectonico\/#primaryimage"},"thumbnailUrl":"https:\/\/www.ucatolica.edu.co\/portal\/wp-content\/uploads\/2025\/04\/Estudiantes-y-docente-de-Arquitectura.jpg","keywords":["Arquitectura","Facultad de Dise\u00f1o","Premio L\u00e1piz de Acero"],"articleSection":["Noticias Principales"],"inLanguage":"es-CO"},{"@type":"WebPage","@id":"https:\/\/www.ucatolica.edu.co\/portal\/estudiantes-de-la-universidad-catolica-de-colombia-nominados-al-premio-lapiz-de-acero-nt-2025-por-innovador-proyecto-urbano-arquitectonico\/","url":"https:\/\/www.ucatolica.edu.co\/portal\/estudiantes-de-la-universidad-catolica-de-colombia-nominados-al-premio-lapiz-de-acero-nt-2025-por-innovador-proyecto-urbano-arquitectonico\/","name":"Estudiantes de la Universidad Cat\u00f3lica de Colombia nominados al Premio L\u00e1piz de Acero por innovador proyecto urbano-arquitect\u00f3nico - Universidad Cat\u00f3lica De Colombia","isPartOf":{"@id":"https:\/\/www.ucatolica.edu.co\/portal\/#website"},"primaryImageOfPage":{"@id":"https:\/\/www.ucatolica.edu.co\/portal\/estudiantes-de-la-universidad-catolica-de-colombia-nominados-al-premio-lapiz-de-acero-nt-2025-por-innovador-proyecto-urbano-arquitectonico\/#primaryimage"},"image":{"@id":"https:\/\/www.ucatolica.edu.co\/portal\/estudiantes-de-la-universidad-catolica-de-colombia-nominados-al-premio-lapiz-de-acero-nt-2025-por-innovador-proyecto-urbano-arquitectonico\/#primaryimage"},"thumbnailUrl":"https:\/\/www.ucatolica.edu.co\/portal\/wp-content\/uploads\/2025\/04\/Estudiantes-y-docente-de-Arquitectura.jpg","datePublished":"2025-04-29T21:50:47+00:00","dateModified":"2025-04-29T21:57:19+00:00","breadcrumb":{"@id":"https:\/\/www.ucatolica.edu.co\/portal\/estudiantes-de-la-universidad-catolica-de-colombia-nominados-al-premio-lapiz-de-acero-nt-2025-por-innovador-proyecto-urbano-arquitectonico\/#breadcrumb"},"inLanguage":"es-CO","potentialAction":[{"@type":"ReadAction","target":["https:\/\/www.ucatolica.edu.co\/portal\/estudiantes-de-la-universidad-catolica-de-colombia-nominados-al-premio-lapiz-de-acero-nt-2025-por-innovador-proyecto-urbano-arquitectonico\/"]}]},{"@type":"ImageObject","inLanguage":"es-CO","@id":"https:\/\/www.ucatolica.edu.co\/portal\/estudiantes-de-la-universidad-catolica-de-colombia-nominados-al-premio-lapiz-de-acero-nt-2025-por-innovador-proyecto-urbano-arquitectonico\/#primaryimage","url":"https:\/\/www.ucatolica.edu.co\/portal\/wp-content\/uploads\/2025\/04\/Estudiantes-y-docente-de-Arquitectura.jpg","contentUrl":"https:\/\/www.ucatolica.edu.co\/portal\/wp-content\/uploads\/2025\/04\/Estudiantes-y-docente-de-Arquitectura.jpg","width":870,"height":522,"caption":"Estudiantes y docente de Arquitectura"},{"@type":"BreadcrumbList","@id":"https:\/\/www.ucatolica.edu.co\/portal\/estudiantes-de-la-universidad-catolica-de-colombia-nominados-al-premio-lapiz-de-acero-nt-2025-por-innovador-proyecto-urbano-arquitectonico\/#breadcrumb","itemListElement":[{"@type":"ListItem","position":1,"name":"Inicio","item":"https:\/\/www.ucatolica.edu.co\/portal\/"},{"@type":"ListItem","position":2,"name":"Estudiantes de la Universidad Cat\u00f3lica de Colombia nominados al Premio L\u00e1piz de Acero por innovador proyecto urbano-arquitect\u00f3nico"}]},{"@type":"WebSite","@id":"https:\/\/www.ucatolica.edu.co\/portal\/#website","url":"https:\/\/www.ucatolica.edu.co\/portal\/","name":"Universidad Cat\u00f3lica De Colombia","description":"Universidad Cat\u00f3lica De Colombia","publisher":{"@id":"https:\/\/www.ucatolica.edu.co\/portal\/#organization"},"potentialAction":[{"@type":"SearchAction","target":{"@type":"EntryPoint","urlTemplate":"https:\/\/www.ucatolica.edu.co\/portal\/?s={search_term_string}"},"query-input":{"@type":"PropertyValueSpecification","valueRequired":true,"valueName":"search_term_string"}}],"inLanguage":"es-CO"},{"@type":"Organization","@id":"https:\/\/www.ucatolica.edu.co\/portal\/#organization","name":"Universidad Cat\u00f3lica de Colombia","url":"https:\/\/www.ucatolica.edu.co\/portal\/","logo":{"@type":"ImageObject","inLanguage":"es-CO","@id":"https:\/\/www.ucatolica.edu.co\/portal\/#\/schema\/logo\/image\/","url":"https:\/\/www.ucatolica.edu.co\/portal\/wp-content\/uploads\/2021\/06\/logo-header-ho-1.svg","contentUrl":"https:\/\/www.ucatolica.edu.co\/portal\/wp-content\/uploads\/2021\/06\/logo-header-ho-1.svg","width":1,"height":1,"caption":"Universidad Cat\u00f3lica de Colombia"},"image":{"@id":"https:\/\/www.ucatolica.edu.co\/portal\/#\/schema\/logo\/image\/"},"sameAs":["https:\/\/www.facebook.com\/ucatolicacolombia","https:\/\/x.com\/UCatolicaCol","https:\/\/www.instagram.com\/universidadcatolicadecolombia\/","https:\/\/www.linkedin.com\/company\/universidadcatolicadecolombia\/","https:\/\/www.youtube.com\/user\/UCatolicaCo"]},{"@type":"Person","@id":"https:\/\/www.ucatolica.edu.co\/portal\/#\/schema\/person\/c03ebc5b4f80ce7b8947aa9ddece408a","name":"Leidy Dayanna Jaramillo Tavera","url":"https:\/\/www.ucatolica.edu.co\/portal\/author\/dayana\/"}]}},"author_meta":{"display_name":"Leidy Dayanna Jaramillo Tavera","author_link":"https:\/\/www.ucatolica.edu.co\/portal\/author\/dayana\/"},"featured_img":"https:\/\/www.ucatolica.edu.co\/portal\/wp-content\/uploads\/2025\/04\/Estudiantes-y-docente-de-Arquitectura.jpg","coauthors":[],"tax_additional":{"categories":{"linked":["<a href=\"https:\/\/www.ucatolica.edu.co\/portal\/category\/noticias-principales\/\" class=\"advgb-post-tax-term\">Noticias Principales<\/a>"],"unlinked":["<span class=\"advgb-post-tax-term\">Noticias Principales<\/span>"]},"tags":{"linked":["<a href=\"https:\/\/www.ucatolica.edu.co\/portal\/category\/noticias-principales\/\" class=\"advgb-post-tax-term\">Arquitectura<\/a>","<a href=\"https:\/\/www.ucatolica.edu.co\/portal\/category\/noticias-principales\/\" class=\"advgb-post-tax-term\">Facultad de Dise\u00f1o<\/a>","<a href=\"https:\/\/www.ucatolica.edu.co\/portal\/category\/noticias-principales\/\" class=\"advgb-post-tax-term\">Premio L\u00e1piz de Acero<\/a>"],"unlinked":["<span class=\"advgb-post-tax-term\">Arquitectura<\/span>","<span class=\"advgb-post-tax-term\">Facultad de Dise\u00f1o<\/span>","<span class=\"advgb-post-tax-term\">Premio L\u00e1piz de Acero<\/span>"]}},"comment_count":"0","relative_dates":{"created":"Posted 1 a\u00f1o ago","modified":"Updated 1 a\u00f1o ago"},"absolute_dates":{"created":"Posted on 29 abril, 2025","modified":"Updated on 29 abril, 2025"},"absolute_dates_time":{"created":"Posted on 29 abril, 2025 4:50 pm","modified":"Updated on 29 abril, 2025 4:57 pm"},"featured_img_caption":"","series_order":"","_links":{"self":[{"href":"https:\/\/www.ucatolica.edu.co\/portal\/wp-json\/wp\/v2\/posts\/117125","targetHints":{"allow":["GET"]}}],"collection":[{"href":"https:\/\/www.ucatolica.edu.co\/portal\/wp-json\/wp\/v2\/posts"}],"about":[{"href":"https:\/\/www.ucatolica.edu.co\/portal\/wp-json\/wp\/v2\/types\/post"}],"author":[{"embeddable":true,"href":"https:\/\/www.ucatolica.edu.co\/portal\/wp-json\/wp\/v2\/users\/61"}],"replies":[{"embeddable":true,"href":"https:\/\/www.ucatolica.edu.co\/portal\/wp-json\/wp\/v2\/comments?post=117125"}],"version-history":[{"count":4,"href":"https:\/\/www.ucatolica.edu.co\/portal\/wp-json\/wp\/v2\/posts\/117125\/revisions"}],"predecessor-version":[{"id":117131,"href":"https:\/\/www.ucatolica.edu.co\/portal\/wp-json\/wp\/v2\/posts\/117125\/revisions\/117131"}],"wp:featuredmedia":[{"embeddable":true,"href":"https:\/\/www.ucatolica.edu.co\/portal\/wp-json\/wp\/v2\/media\/117127"}],"wp:attachment":[{"href":"https:\/\/www.ucatolica.edu.co\/portal\/wp-json\/wp\/v2\/media?parent=117125"}],"wp:term":[{"taxonomy":"category","embeddable":true,"href":"https:\/\/www.ucatolica.edu.co\/portal\/wp-json\/wp\/v2\/categories?post=117125"},{"taxonomy":"post_tag","embeddable":true,"href":"https:\/\/www.ucatolica.edu.co\/portal\/wp-json\/wp\/v2\/tags?post=117125"}],"curies":[{"name":"wp","href":"https:\/\/api.w.org\/{rel}","templated":true}]}}