{"id":117309,"date":"2025-05-11T16:05:28","date_gmt":"2025-05-11T21:05:28","guid":{"rendered":"https:\/\/www.ucatolica.edu.co\/portal\/?p=117309"},"modified":"2025-05-11T16:05:30","modified_gmt":"2025-05-11T21:05:30","slug":"estudiantes-del-colegio-cristiano-integral-viven-una-jornada-inmersiva-en-la-universidad-catolica-de-colombia","status":"publish","type":"post","link":"https:\/\/www.ucatolica.edu.co\/portal\/estudiantes-del-colegio-cristiano-integral-viven-una-jornada-inmersiva-en-la-universidad-catolica-de-colombia\/","title":{"rendered":"Estudiantes del Colegio Cristiano Integral viven una jornada inmersiva en la Universidad Cat\u00f3lica de Colombia"},"content":{"rendered":"\n<p>Estudiantes del grado 11 del Colegio Cristiano Integral visitaron la Universidad Cat\u00f3lica de Colombia para participar en una experiencia inmersiva dise\u00f1ada para explorar su vocaci\u00f3n y habilidades, con el fin de tomar decisiones conscientes e informadas sobre su futuro profesional. Durante la jornada, los j\u00f3venes tuvieron la oportunidad de interactuar con diversas \u00e1reas del conocimiento a trav\u00e9s de actividades pr\u00e1cticas y din\u00e1micas que les brindaron una visi\u00f3n m\u00e1s clara de las posibilidades acad\u00e9micas y profesionales en la universidad.<\/p>\n\n\n\n<figure class=\"wp-block-image size-full\"><img fetchpriority=\"high\" decoding=\"async\" width=\"870\" height=\"522\" src=\"https:\/\/www.ucatolica.edu.co\/portal\/wp-content\/uploads\/2025\/05\/Actividestudcolegiocristiano.png\" alt=\"\" class=\"wp-image-117311\"\/><\/figure>\n\n\n\n<p><strong>Actividades destacadas:<\/strong><\/p>\n\n\n\n<ul class=\"wp-block-list\">\n<li>Pausa activa y cognitiva con Bienestar Universitario.<\/li>\n\n\n\n<li>Derecho y vocaci\u00f3n: construyendo tu camino.<\/li>\n\n\n\n<li>Taller de Ingenier\u00eda.<\/li>\n\n\n\n<li>La potencia del dise\u00f1o.<\/li>\n\n\n\n<li>Casos reales desde el rol del Psic\u00f3logo.<\/li>\n\n\n\n<li>CEO por un d\u00eda con Ciencias Econ\u00f3micas y Administrativas.<br><br>Estas actividades forman parte del compromiso de la Universidad Cat\u00f3lica de Colombia con la formaci\u00f3n integral de los j\u00f3venes, promoviendo una educaci\u00f3n que los prepare para ser profesionales comprometidos con el desarrollo social, econ\u00f3mico y cultural del pa\u00eds.<\/li>\n<\/ul>\n\n\n\n<figure class=\"wp-block-image size-full\"><img decoding=\"async\" width=\"870\" height=\"522\" src=\"https:\/\/www.ucatolica.edu.co\/portal\/wp-content\/uploads\/2025\/05\/Actividadescolegcristian2.png\" alt=\"\" class=\"wp-image-117312\"\/><\/figure>\n\n\n\n<p><strong>Testimonios:<\/strong><\/p>\n\n\n\n<ul class=\"wp-block-list\">\n<li><strong>Sara<\/strong>, estudiante: &#8220;Me pareci\u00f3 una actividad muy bonita, pues pude conocer la universidad y ampliar mi visi\u00f3n y conocimiento de lo que quiero.&#8221;<br>&#8220;Opino que la Universidad Cat\u00f3lica es una buena opci\u00f3n, pues presenta gran variedad de oportunidades. Me gust\u00f3 el campus y la Facultad de Psicolog\u00eda por sus amplios espacios para los laboratorios.&#8221;<\/li>\n\n\n\n<li><strong>Sim\u00f3n<\/strong> <strong>Torres,<\/strong> estudiante: &#8220;La Universidad Cat\u00f3lica me ofrece una gran variedad de ventajas. El respeto que se maneja entre los docentes y los estudiantes es algo que me llama la atenci\u00f3n. El ambiente y las instalaciones me parecen bastante confortables.&#8221;<br>&#8220;Me gust\u00f3 mucho que pudi\u00e9ramos tener estos espacios para el tema de la psicolog\u00eda y la econom\u00eda, poder conocer c\u00f3mo ser\u00eda estudiar en esta universidad como una prueba piloto.&#8221;<\/li>\n\n\n\n<li><strong>Gabriela Castilblanco<\/strong>, orientadora escolar: &#8220;Aceptamos esta invitaci\u00f3n porque queremos con nuestros estudiantes lograr tener un mejor proyecto de vida, que sea un poco m\u00e1s de tiempos, de espacios de calidad donde podamos fortalecer su toma de decisi\u00f3n, sus habilidades, competencias, lograr hacer con ellos una orientaci\u00f3n vocacional guiada y orientada a su proyecto de vida.&#8221;<\/li>\n\n\n\n<li><strong>Orientadora 2<\/strong>,  &#8220;La actividad estuvo s\u00faper interesante. Siento que nuestros estudiantes pudieron obtener informaci\u00f3n valiosa que los lleve a ellos a indagar e investigar un poco m\u00e1s a profundidad sobre las diferentes profesiones.&#8221;<br>&#8220;Conocemos de la Universidad Cat\u00f3lica de Colombia que es una instituci\u00f3n de alta calidad, muy reconocida, y realmente ofrece laboratorios y espacios, y un equipo capacitado para poder preparar a profundidad a nuestros estudiantes.&#8221;<\/li>\n<\/ul>\n\n\n\n<p>Estas visitas son parte del trabajo conjunto y articulado que la Universidad Cat\u00f3lica de Colombia viene desarrollando con los colegios, con el prop\u00f3sito de construir futuros promisorios y profesionales que aporten desde el compromiso con su disciplina al desarrollo del pa\u00eds.<\/p>\n\n\n\n<p>Si deseas hacer parte de estos programas, puedes comunicarte al correo <a href=\"mailto:mercadeo@ucatolica.edu.co\">mercadeo@ucatolica.edu.co<\/a>.<\/p>\n","protected":false},"excerpt":{"rendered":"<p>Estudiantes del grado 11 del Colegio Cristiano Integral visitaron la Universidad Cat\u00f3lica de Colombia para participar en una experiencia inmersiva dise\u00f1ada para explorar su vocaci\u00f3n y habilidades, con el fin de tomar decisiones conscientes e informadas sobre su futuro profesional. Durante la jornada, los j\u00f3venes tuvieron la oportunidad de interactuar con diversas \u00e1reas del conocimiento [&hellip;]<\/p>\n","protected":false},"author":4,"featured_media":117310,"comment_status":"open","ping_status":"open","sticky":false,"template":"","format":"standard","meta":{"_acf_changed":false,"advgb_blocks_editor_width":"","advgb_blocks_columns_visual_guide":"","footnotes":""},"categories":[93],"tags":[3116,3118,3119,1754],"class_list":["post-117309","post","type-post","status-publish","format-standard","has-post-thumbnail","hentry","category-noticias-principales","tag-colegio-cristiano-integral","tag-habilidades-academicas","tag-inmersion-universitaria","tag-vocacion"],"acf":[],"yoast_head":"<!-- This site is optimized with the Yoast SEO plugin v26.7 - https:\/\/yoast.com\/wordpress\/plugins\/seo\/ -->\n<title>Estudiantes del Colegio Cristiano Integral viven una jornada inmersiva en la Universidad Cat\u00f3lica de Colombia - Universidad Cat\u00f3lica De Colombia<\/title>\n<meta name=\"robots\" content=\"index, follow, max-snippet:-1, max-image-preview:large, max-video-preview:-1\" \/>\n<link rel=\"canonical\" href=\"https:\/\/www.ucatolica.edu.co\/portal\/estudiantes-del-colegio-cristiano-integral-viven-una-jornada-inmersiva-en-la-universidad-catolica-de-colombia\/\" \/>\n<meta property=\"og:locale\" content=\"es_ES\" \/>\n<meta property=\"og:type\" content=\"article\" \/>\n<meta property=\"og:title\" content=\"Estudiantes del Colegio Cristiano Integral viven una jornada inmersiva en la Universidad Cat\u00f3lica de Colombia - Universidad Cat\u00f3lica De Colombia\" \/>\n<meta property=\"og:description\" content=\"Estudiantes del grado 11 del Colegio Cristiano Integral visitaron la Universidad Cat\u00f3lica de Colombia para participar en una experiencia inmersiva dise\u00f1ada para explorar su vocaci\u00f3n y habilidades, con el fin de tomar decisiones conscientes e informadas sobre su futuro profesional. Durante la jornada, los j\u00f3venes tuvieron la oportunidad de interactuar con diversas \u00e1reas del conocimiento [&hellip;]\" \/>\n<meta property=\"og:url\" content=\"https:\/\/www.ucatolica.edu.co\/portal\/estudiantes-del-colegio-cristiano-integral-viven-una-jornada-inmersiva-en-la-universidad-catolica-de-colombia\/\" \/>\n<meta property=\"og:site_name\" content=\"Universidad Cat\u00f3lica De Colombia\" \/>\n<meta property=\"article:publisher\" content=\"https:\/\/www.facebook.com\/ucatolicacolombia\" \/>\n<meta property=\"article:published_time\" content=\"2025-05-11T21:05:28+00:00\" \/>\n<meta property=\"article:modified_time\" content=\"2025-05-11T21:05:30+00:00\" \/>\n<meta property=\"og:image\" content=\"https:\/\/www.ucatolica.edu.co\/portal\/wp-content\/uploads\/2025\/05\/Estudiantescolegiocristianointegral.png\" \/>\n\t<meta property=\"og:image:width\" content=\"870\" \/>\n\t<meta property=\"og:image:height\" content=\"522\" \/>\n\t<meta property=\"og:image:type\" content=\"image\/png\" \/>\n<meta name=\"author\" content=\"Cindy Lugo\" \/>\n<meta name=\"twitter:card\" content=\"summary_large_image\" \/>\n<meta name=\"twitter:creator\" content=\"@UCatolicaCol\" \/>\n<meta name=\"twitter:site\" content=\"@UCatolicaCol\" \/>\n<meta name=\"twitter:label1\" content=\"Escrito por\" \/>\n\t<meta name=\"twitter:data1\" content=\"Cindy Lugo\" \/>\n\t<meta name=\"twitter:label2\" content=\"Tiempo de lectura\" \/>\n\t<meta name=\"twitter:data2\" content=\"3 minutos\" \/>\n<script type=\"application\/ld+json\" class=\"yoast-schema-graph\">{\"@context\":\"https:\/\/schema.org\",\"@graph\":[{\"@type\":\"Article\",\"@id\":\"https:\/\/www.ucatolica.edu.co\/portal\/estudiantes-del-colegio-cristiano-integral-viven-una-jornada-inmersiva-en-la-universidad-catolica-de-colombia\/#article\",\"isPartOf\":{\"@id\":\"https:\/\/www.ucatolica.edu.co\/portal\/estudiantes-del-colegio-cristiano-integral-viven-una-jornada-inmersiva-en-la-universidad-catolica-de-colombia\/\"},\"author\":{\"name\":\"Cindy Lugo\",\"@id\":\"https:\/\/www.ucatolica.edu.co\/portal\/#\/schema\/person\/a7469afff252fba81c6cdc40c80f00b6\"},\"headline\":\"Estudiantes del Colegio Cristiano Integral viven una jornada inmersiva en la Universidad Cat\u00f3lica de Colombia\",\"datePublished\":\"2025-05-11T21:05:28+00:00\",\"dateModified\":\"2025-05-11T21:05:30+00:00\",\"mainEntityOfPage\":{\"@id\":\"https:\/\/www.ucatolica.edu.co\/portal\/estudiantes-del-colegio-cristiano-integral-viven-una-jornada-inmersiva-en-la-universidad-catolica-de-colombia\/\"},\"wordCount\":516,\"commentCount\":0,\"publisher\":{\"@id\":\"https:\/\/www.ucatolica.edu.co\/portal\/#organization\"},\"image\":{\"@id\":\"https:\/\/www.ucatolica.edu.co\/portal\/estudiantes-del-colegio-cristiano-integral-viven-una-jornada-inmersiva-en-la-universidad-catolica-de-colombia\/#primaryimage\"},\"thumbnailUrl\":\"https:\/\/www.ucatolica.edu.co\/portal\/wp-content\/uploads\/2025\/05\/Estudiantescolegiocristianointegral.png\",\"keywords\":[\"Colegio Cristiano Integral\",\"Habilidades acad\u00e9micas\",\"Inmersi\u00f3n universitaria\",\"Vocaci\u00f3n\"],\"articleSection\":[\"Noticias Principales\"],\"inLanguage\":\"es-CO\"},{\"@type\":\"WebPage\",\"@id\":\"https:\/\/www.ucatolica.edu.co\/portal\/estudiantes-del-colegio-cristiano-integral-viven-una-jornada-inmersiva-en-la-universidad-catolica-de-colombia\/\",\"url\":\"https:\/\/www.ucatolica.edu.co\/portal\/estudiantes-del-colegio-cristiano-integral-viven-una-jornada-inmersiva-en-la-universidad-catolica-de-colombia\/\",\"name\":\"Estudiantes del Colegio Cristiano Integral viven una jornada inmersiva en la Universidad Cat\u00f3lica de Colombia - Universidad Cat\u00f3lica De Colombia\",\"isPartOf\":{\"@id\":\"https:\/\/www.ucatolica.edu.co\/portal\/#website\"},\"primaryImageOfPage\":{\"@id\":\"https:\/\/www.ucatolica.edu.co\/portal\/estudiantes-del-colegio-cristiano-integral-viven-una-jornada-inmersiva-en-la-universidad-catolica-de-colombia\/#primaryimage\"},\"image\":{\"@id\":\"https:\/\/www.ucatolica.edu.co\/portal\/estudiantes-del-colegio-cristiano-integral-viven-una-jornada-inmersiva-en-la-universidad-catolica-de-colombia\/#primaryimage\"},\"thumbnailUrl\":\"https:\/\/www.ucatolica.edu.co\/portal\/wp-content\/uploads\/2025\/05\/Estudiantescolegiocristianointegral.png\",\"datePublished\":\"2025-05-11T21:05:28+00:00\",\"dateModified\":\"2025-05-11T21:05:30+00:00\",\"breadcrumb\":{\"@id\":\"https:\/\/www.ucatolica.edu.co\/portal\/estudiantes-del-colegio-cristiano-integral-viven-una-jornada-inmersiva-en-la-universidad-catolica-de-colombia\/#breadcrumb\"},\"inLanguage\":\"es-CO\",\"potentialAction\":[{\"@type\":\"ReadAction\",\"target\":[\"https:\/\/www.ucatolica.edu.co\/portal\/estudiantes-del-colegio-cristiano-integral-viven-una-jornada-inmersiva-en-la-universidad-catolica-de-colombia\/\"]}]},{\"@type\":\"ImageObject\",\"inLanguage\":\"es-CO\",\"@id\":\"https:\/\/www.ucatolica.edu.co\/portal\/estudiantes-del-colegio-cristiano-integral-viven-una-jornada-inmersiva-en-la-universidad-catolica-de-colombia\/#primaryimage\",\"url\":\"https:\/\/www.ucatolica.edu.co\/portal\/wp-content\/uploads\/2025\/05\/Estudiantescolegiocristianointegral.png\",\"contentUrl\":\"https:\/\/www.ucatolica.edu.co\/portal\/wp-content\/uploads\/2025\/05\/Estudiantescolegiocristianointegral.png\",\"width\":870,\"height\":522,\"caption\":\"Estudiantes colegio cristiano integral\"},{\"@type\":\"BreadcrumbList\",\"@id\":\"https:\/\/www.ucatolica.edu.co\/portal\/estudiantes-del-colegio-cristiano-integral-viven-una-jornada-inmersiva-en-la-universidad-catolica-de-colombia\/#breadcrumb\",\"itemListElement\":[{\"@type\":\"ListItem\",\"position\":1,\"name\":\"Inicio\",\"item\":\"https:\/\/www.ucatolica.edu.co\/portal\/\"},{\"@type\":\"ListItem\",\"position\":2,\"name\":\"Estudiantes del Colegio Cristiano Integral viven una jornada inmersiva en la Universidad Cat\u00f3lica de Colombia\"}]},{\"@type\":\"WebSite\",\"@id\":\"https:\/\/www.ucatolica.edu.co\/portal\/#website\",\"url\":\"https:\/\/www.ucatolica.edu.co\/portal\/\",\"name\":\"Universidad Cat\u00f3lica De Colombia\",\"description\":\"Universidad Cat\u00f3lica De Colombia\",\"publisher\":{\"@id\":\"https:\/\/www.ucatolica.edu.co\/portal\/#organization\"},\"potentialAction\":[{\"@type\":\"SearchAction\",\"target\":{\"@type\":\"EntryPoint\",\"urlTemplate\":\"https:\/\/www.ucatolica.edu.co\/portal\/?s={search_term_string}\"},\"query-input\":{\"@type\":\"PropertyValueSpecification\",\"valueRequired\":true,\"valueName\":\"search_term_string\"}}],\"inLanguage\":\"es-CO\"},{\"@type\":\"Organization\",\"@id\":\"https:\/\/www.ucatolica.edu.co\/portal\/#organization\",\"name\":\"Universidad Cat\u00f3lica de Colombia\",\"url\":\"https:\/\/www.ucatolica.edu.co\/portal\/\",\"logo\":{\"@type\":\"ImageObject\",\"inLanguage\":\"es-CO\",\"@id\":\"https:\/\/www.ucatolica.edu.co\/portal\/#\/schema\/logo\/image\/\",\"url\":\"https:\/\/www.ucatolica.edu.co\/portal\/wp-content\/uploads\/2021\/06\/logo-header-ho-1.svg\",\"contentUrl\":\"https:\/\/www.ucatolica.edu.co\/portal\/wp-content\/uploads\/2021\/06\/logo-header-ho-1.svg\",\"width\":1,\"height\":1,\"caption\":\"Universidad Cat\u00f3lica de Colombia\"},\"image\":{\"@id\":\"https:\/\/www.ucatolica.edu.co\/portal\/#\/schema\/logo\/image\/\"},\"sameAs\":[\"https:\/\/www.facebook.com\/ucatolicacolombia\",\"https:\/\/x.com\/UCatolicaCol\",\"https:\/\/www.instagram.com\/universidadcatolicadecolombia\/\",\"https:\/\/www.linkedin.com\/company\/universidadcatolicadecolombia\/\",\"https:\/\/www.youtube.com\/user\/UCatolicaCo\"]},{\"@type\":\"Person\",\"@id\":\"https:\/\/www.ucatolica.edu.co\/portal\/#\/schema\/person\/a7469afff252fba81c6cdc40c80f00b6\",\"name\":\"Cindy Lugo\",\"url\":\"https:\/\/www.ucatolica.edu.co\/portal\/author\/cindy\/\"}]}<\/script>\n<!-- \/ Yoast SEO plugin. -->","yoast_head_json":{"title":"Estudiantes del Colegio Cristiano Integral viven una jornada inmersiva en la Universidad Cat\u00f3lica de Colombia - Universidad Cat\u00f3lica De Colombia","robots":{"index":"index","follow":"follow","max-snippet":"max-snippet:-1","max-image-preview":"max-image-preview:large","max-video-preview":"max-video-preview:-1"},"canonical":"https:\/\/www.ucatolica.edu.co\/portal\/estudiantes-del-colegio-cristiano-integral-viven-una-jornada-inmersiva-en-la-universidad-catolica-de-colombia\/","og_locale":"es_ES","og_type":"article","og_title":"Estudiantes del Colegio Cristiano Integral viven una jornada inmersiva en la Universidad Cat\u00f3lica de Colombia - Universidad Cat\u00f3lica De Colombia","og_description":"Estudiantes del grado 11 del Colegio Cristiano Integral visitaron la Universidad Cat\u00f3lica de Colombia para participar en una experiencia inmersiva dise\u00f1ada para explorar su vocaci\u00f3n y habilidades, con el fin de tomar decisiones conscientes e informadas sobre su futuro profesional. Durante la jornada, los j\u00f3venes tuvieron la oportunidad de interactuar con diversas \u00e1reas del conocimiento [&hellip;]","og_url":"https:\/\/www.ucatolica.edu.co\/portal\/estudiantes-del-colegio-cristiano-integral-viven-una-jornada-inmersiva-en-la-universidad-catolica-de-colombia\/","og_site_name":"Universidad Cat\u00f3lica De Colombia","article_publisher":"https:\/\/www.facebook.com\/ucatolicacolombia","article_published_time":"2025-05-11T21:05:28+00:00","article_modified_time":"2025-05-11T21:05:30+00:00","og_image":[{"width":870,"height":522,"url":"https:\/\/www.ucatolica.edu.co\/portal\/wp-content\/uploads\/2025\/05\/Estudiantescolegiocristianointegral.png","type":"image\/png"}],"author":"Cindy Lugo","twitter_card":"summary_large_image","twitter_creator":"@UCatolicaCol","twitter_site":"@UCatolicaCol","twitter_misc":{"Escrito por":"Cindy Lugo","Tiempo de lectura":"3 minutos"},"schema":{"@context":"https:\/\/schema.org","@graph":[{"@type":"Article","@id":"https:\/\/www.ucatolica.edu.co\/portal\/estudiantes-del-colegio-cristiano-integral-viven-una-jornada-inmersiva-en-la-universidad-catolica-de-colombia\/#article","isPartOf":{"@id":"https:\/\/www.ucatolica.edu.co\/portal\/estudiantes-del-colegio-cristiano-integral-viven-una-jornada-inmersiva-en-la-universidad-catolica-de-colombia\/"},"author":{"name":"Cindy Lugo","@id":"https:\/\/www.ucatolica.edu.co\/portal\/#\/schema\/person\/a7469afff252fba81c6cdc40c80f00b6"},"headline":"Estudiantes del Colegio Cristiano Integral viven una jornada inmersiva en la Universidad Cat\u00f3lica de Colombia","datePublished":"2025-05-11T21:05:28+00:00","dateModified":"2025-05-11T21:05:30+00:00","mainEntityOfPage":{"@id":"https:\/\/www.ucatolica.edu.co\/portal\/estudiantes-del-colegio-cristiano-integral-viven-una-jornada-inmersiva-en-la-universidad-catolica-de-colombia\/"},"wordCount":516,"commentCount":0,"publisher":{"@id":"https:\/\/www.ucatolica.edu.co\/portal\/#organization"},"image":{"@id":"https:\/\/www.ucatolica.edu.co\/portal\/estudiantes-del-colegio-cristiano-integral-viven-una-jornada-inmersiva-en-la-universidad-catolica-de-colombia\/#primaryimage"},"thumbnailUrl":"https:\/\/www.ucatolica.edu.co\/portal\/wp-content\/uploads\/2025\/05\/Estudiantescolegiocristianointegral.png","keywords":["Colegio Cristiano Integral","Habilidades acad\u00e9micas","Inmersi\u00f3n universitaria","Vocaci\u00f3n"],"articleSection":["Noticias Principales"],"inLanguage":"es-CO"},{"@type":"WebPage","@id":"https:\/\/www.ucatolica.edu.co\/portal\/estudiantes-del-colegio-cristiano-integral-viven-una-jornada-inmersiva-en-la-universidad-catolica-de-colombia\/","url":"https:\/\/www.ucatolica.edu.co\/portal\/estudiantes-del-colegio-cristiano-integral-viven-una-jornada-inmersiva-en-la-universidad-catolica-de-colombia\/","name":"Estudiantes del Colegio Cristiano Integral viven una jornada inmersiva en la Universidad Cat\u00f3lica de Colombia - Universidad Cat\u00f3lica De Colombia","isPartOf":{"@id":"https:\/\/www.ucatolica.edu.co\/portal\/#website"},"primaryImageOfPage":{"@id":"https:\/\/www.ucatolica.edu.co\/portal\/estudiantes-del-colegio-cristiano-integral-viven-una-jornada-inmersiva-en-la-universidad-catolica-de-colombia\/#primaryimage"},"image":{"@id":"https:\/\/www.ucatolica.edu.co\/portal\/estudiantes-del-colegio-cristiano-integral-viven-una-jornada-inmersiva-en-la-universidad-catolica-de-colombia\/#primaryimage"},"thumbnailUrl":"https:\/\/www.ucatolica.edu.co\/portal\/wp-content\/uploads\/2025\/05\/Estudiantescolegiocristianointegral.png","datePublished":"2025-05-11T21:05:28+00:00","dateModified":"2025-05-11T21:05:30+00:00","breadcrumb":{"@id":"https:\/\/www.ucatolica.edu.co\/portal\/estudiantes-del-colegio-cristiano-integral-viven-una-jornada-inmersiva-en-la-universidad-catolica-de-colombia\/#breadcrumb"},"inLanguage":"es-CO","potentialAction":[{"@type":"ReadAction","target":["https:\/\/www.ucatolica.edu.co\/portal\/estudiantes-del-colegio-cristiano-integral-viven-una-jornada-inmersiva-en-la-universidad-catolica-de-colombia\/"]}]},{"@type":"ImageObject","inLanguage":"es-CO","@id":"https:\/\/www.ucatolica.edu.co\/portal\/estudiantes-del-colegio-cristiano-integral-viven-una-jornada-inmersiva-en-la-universidad-catolica-de-colombia\/#primaryimage","url":"https:\/\/www.ucatolica.edu.co\/portal\/wp-content\/uploads\/2025\/05\/Estudiantescolegiocristianointegral.png","contentUrl":"https:\/\/www.ucatolica.edu.co\/portal\/wp-content\/uploads\/2025\/05\/Estudiantescolegiocristianointegral.png","width":870,"height":522,"caption":"Estudiantes colegio cristiano integral"},{"@type":"BreadcrumbList","@id":"https:\/\/www.ucatolica.edu.co\/portal\/estudiantes-del-colegio-cristiano-integral-viven-una-jornada-inmersiva-en-la-universidad-catolica-de-colombia\/#breadcrumb","itemListElement":[{"@type":"ListItem","position":1,"name":"Inicio","item":"https:\/\/www.ucatolica.edu.co\/portal\/"},{"@type":"ListItem","position":2,"name":"Estudiantes del Colegio Cristiano Integral viven una jornada inmersiva en la Universidad Cat\u00f3lica de Colombia"}]},{"@type":"WebSite","@id":"https:\/\/www.ucatolica.edu.co\/portal\/#website","url":"https:\/\/www.ucatolica.edu.co\/portal\/","name":"Universidad Cat\u00f3lica De Colombia","description":"Universidad Cat\u00f3lica De Colombia","publisher":{"@id":"https:\/\/www.ucatolica.edu.co\/portal\/#organization"},"potentialAction":[{"@type":"SearchAction","target":{"@type":"EntryPoint","urlTemplate":"https:\/\/www.ucatolica.edu.co\/portal\/?s={search_term_string}"},"query-input":{"@type":"PropertyValueSpecification","valueRequired":true,"valueName":"search_term_string"}}],"inLanguage":"es-CO"},{"@type":"Organization","@id":"https:\/\/www.ucatolica.edu.co\/portal\/#organization","name":"Universidad Cat\u00f3lica de Colombia","url":"https:\/\/www.ucatolica.edu.co\/portal\/","logo":{"@type":"ImageObject","inLanguage":"es-CO","@id":"https:\/\/www.ucatolica.edu.co\/portal\/#\/schema\/logo\/image\/","url":"https:\/\/www.ucatolica.edu.co\/portal\/wp-content\/uploads\/2021\/06\/logo-header-ho-1.svg","contentUrl":"https:\/\/www.ucatolica.edu.co\/portal\/wp-content\/uploads\/2021\/06\/logo-header-ho-1.svg","width":1,"height":1,"caption":"Universidad Cat\u00f3lica de Colombia"},"image":{"@id":"https:\/\/www.ucatolica.edu.co\/portal\/#\/schema\/logo\/image\/"},"sameAs":["https:\/\/www.facebook.com\/ucatolicacolombia","https:\/\/x.com\/UCatolicaCol","https:\/\/www.instagram.com\/universidadcatolicadecolombia\/","https:\/\/www.linkedin.com\/company\/universidadcatolicadecolombia\/","https:\/\/www.youtube.com\/user\/UCatolicaCo"]},{"@type":"Person","@id":"https:\/\/www.ucatolica.edu.co\/portal\/#\/schema\/person\/a7469afff252fba81c6cdc40c80f00b6","name":"Cindy Lugo","url":"https:\/\/www.ucatolica.edu.co\/portal\/author\/cindy\/"}]}},"author_meta":{"display_name":"Cindy Lugo","author_link":"https:\/\/www.ucatolica.edu.co\/portal\/author\/cindy\/"},"featured_img":"https:\/\/www.ucatolica.edu.co\/portal\/wp-content\/uploads\/2025\/05\/Estudiantescolegiocristianointegral.png","coauthors":[],"tax_additional":{"categories":{"linked":["<a href=\"https:\/\/www.ucatolica.edu.co\/portal\/category\/noticias-principales\/\" class=\"advgb-post-tax-term\">Noticias Principales<\/a>"],"unlinked":["<span class=\"advgb-post-tax-term\">Noticias Principales<\/span>"]},"tags":{"linked":["<a href=\"https:\/\/www.ucatolica.edu.co\/portal\/category\/noticias-principales\/\" class=\"advgb-post-tax-term\">Colegio Cristiano Integral<\/a>","<a href=\"https:\/\/www.ucatolica.edu.co\/portal\/category\/noticias-principales\/\" class=\"advgb-post-tax-term\">Habilidades acad\u00e9micas<\/a>","<a href=\"https:\/\/www.ucatolica.edu.co\/portal\/category\/noticias-principales\/\" class=\"advgb-post-tax-term\">Inmersi\u00f3n universitaria<\/a>","<a href=\"https:\/\/www.ucatolica.edu.co\/portal\/category\/noticias-principales\/\" class=\"advgb-post-tax-term\">Vocaci\u00f3n<\/a>"],"unlinked":["<span class=\"advgb-post-tax-term\">Colegio Cristiano Integral<\/span>","<span class=\"advgb-post-tax-term\">Habilidades acad\u00e9micas<\/span>","<span class=\"advgb-post-tax-term\">Inmersi\u00f3n universitaria<\/span>","<span class=\"advgb-post-tax-term\">Vocaci\u00f3n<\/span>"]}},"comment_count":"0","relative_dates":{"created":"Posted 12 meses ago","modified":"Updated 12 meses ago"},"absolute_dates":{"created":"Posted on 11 mayo, 2025","modified":"Updated on 11 mayo, 2025"},"absolute_dates_time":{"created":"Posted on 11 mayo, 2025 4:05 pm","modified":"Updated on 11 mayo, 2025 4:05 pm"},"featured_img_caption":"","series_order":"","_links":{"self":[{"href":"https:\/\/www.ucatolica.edu.co\/portal\/wp-json\/wp\/v2\/posts\/117309","targetHints":{"allow":["GET"]}}],"collection":[{"href":"https:\/\/www.ucatolica.edu.co\/portal\/wp-json\/wp\/v2\/posts"}],"about":[{"href":"https:\/\/www.ucatolica.edu.co\/portal\/wp-json\/wp\/v2\/types\/post"}],"author":[{"embeddable":true,"href":"https:\/\/www.ucatolica.edu.co\/portal\/wp-json\/wp\/v2\/users\/4"}],"replies":[{"embeddable":true,"href":"https:\/\/www.ucatolica.edu.co\/portal\/wp-json\/wp\/v2\/comments?post=117309"}],"version-history":[{"count":1,"href":"https:\/\/www.ucatolica.edu.co\/portal\/wp-json\/wp\/v2\/posts\/117309\/revisions"}],"predecessor-version":[{"id":117314,"href":"https:\/\/www.ucatolica.edu.co\/portal\/wp-json\/wp\/v2\/posts\/117309\/revisions\/117314"}],"wp:featuredmedia":[{"embeddable":true,"href":"https:\/\/www.ucatolica.edu.co\/portal\/wp-json\/wp\/v2\/media\/117310"}],"wp:attachment":[{"href":"https:\/\/www.ucatolica.edu.co\/portal\/wp-json\/wp\/v2\/media?parent=117309"}],"wp:term":[{"taxonomy":"category","embeddable":true,"href":"https:\/\/www.ucatolica.edu.co\/portal\/wp-json\/wp\/v2\/categories?post=117309"},{"taxonomy":"post_tag","embeddable":true,"href":"https:\/\/www.ucatolica.edu.co\/portal\/wp-json\/wp\/v2\/tags?post=117309"}],"curies":[{"name":"wp","href":"https:\/\/api.w.org\/{rel}","templated":true}]}}