{"id":117326,"date":"2025-05-13T17:16:17","date_gmt":"2025-05-13T22:16:17","guid":{"rendered":"https:\/\/www.ucatolica.edu.co\/portal\/?p=117326"},"modified":"2025-05-14T09:50:23","modified_gmt":"2025-05-14T14:50:23","slug":"academia-comunidad-y-sostenibilidad-asi-fue-la-presencia-de-nuestra-universidad-en-la-filbo-2025","status":"publish","type":"post","link":"https:\/\/www.ucatolica.edu.co\/portal\/academia-comunidad-y-sostenibilidad-asi-fue-la-presencia-de-nuestra-universidad-en-la-filbo-2025\/","title":{"rendered":"Academia, comunidad y sostenibilidad: as\u00ed fue la presencia de nuestra Universidad en la FILBo 2025"},"content":{"rendered":"\n<p>En una de las jornadas de su participaci\u00f3n en la <strong>Feria Internacional del Libro de Bogot\u00e1 \u2013 FILBo 2025<\/strong>, la Universidad Cat\u00f3lica de Colombia reafirm\u00f3 su compromiso con la investigaci\u00f3n, la producci\u00f3n intelectual y el trabajo colaborativo con las comunidades. Desde el stand institucional en Corferias, se desarrollaron actividades que dejaron en evidencia la <strong>calidad acad\u00e9mica y el impacto social<\/strong> de los proyectos que nacen desde nuestras aulas y laboratorios.<\/p>\n\n\n\n<p><strong>Lanzamiento del Podcast: Degradaci\u00f3n de r\u00edos tropicales y sus implicaciones para las comunidades pesqueras<\/strong><\/p>\n\n\n\n<p>En esta jornada se realiz\u00f3 el lanzamiento de este podcast, que explor\u00f3 c\u00f3mo fen\u00f3menos del <strong>cambio clim\u00e1tico<\/strong>, la <strong>disminuci\u00f3n de la calidad del agua<\/strong> y la <strong>transformaci\u00f3n del uso del suelo<\/strong> est\u00e1n afectando la seguridad alimentaria y los ingresos de comunidades pesqueras en regiones como San Rafael de Chucur\u00ed y Bocas del Carare.<\/p>\n\n\n\n<p>El podcast, que incluy\u00f3 voces de pescadores y mujeres de la regi\u00f3n, evidenci\u00f3 c\u00f3mo el trabajo conjunto entre la academia y las comunidades permite <strong>rescatar saberes ancestrales, promover la protecci\u00f3n del entorno y fortalecer la resiliencia cultural<\/strong>. La Universidad ha acompa\u00f1ado este proceso con iniciativas como la <strong>creaci\u00f3n de un museo comunitario<\/strong>, <strong>talleres educativos<\/strong> y <strong>proyectos de investigaci\u00f3n participativa<\/strong>, consolidando un modelo en el que aprender tambi\u00e9n implica escuchar y transformar.<\/p>\n\n\n\n<blockquote class=\"wp-block-quote is-layout-flow wp-block-quote-is-layout-flow\">\n<p>\u201cLa academia debe ir al territorio, no solo a ense\u00f1ar, sino tambi\u00e9n a aprender. La investigaci\u00f3n cobra verdadero sentido cuando las voces locales son protagonistas.\u201d a\u00f1adi\u00f3 una de las ingenieras, l\u00edderes del proyecto.<\/p>\n\n\n\n<figure class=\"wp-block-image size-full\"><img fetchpriority=\"high\" decoding=\"async\" width=\"870\" height=\"522\" src=\"https:\/\/www.ucatolica.edu.co\/portal\/wp-content\/uploads\/2025\/05\/Lanzamientopodcast.png\" alt=\"\" class=\"wp-image-117376\"\/><\/figure>\n<\/blockquote>\n\n\n\n<p><strong>Lanzamiento de libros: producci\u00f3n intelectual con impacto social<\/strong><\/p>\n\n\n\n<p>Durante la agenda tambi\u00e9n se presentaron varias publicaciones que reflejan el compromiso acad\u00e9mico con la transformaci\u00f3n del entorno:<\/p>\n\n\n\n<ul class=\"wp-block-list\">\n<li><strong>\u201cH\u00e1bitat, territorio y sostenibilidad\u201d<\/strong><br>Un trabajo liderado por los ingenieros Yelinka y Camilo Torres, profesores investigadores de la universidad, que analiza el caso de la <strong>Gran Yomasa<\/strong> en la localidad de Usme. El libro demuestra c\u00f3mo la articulaci\u00f3n entre investigaci\u00f3n acad\u00e9mica y participaci\u00f3n comunitaria puede generar cambios reales en sostenibilidad urbana, a pesar de desaf\u00edos como la seguridad ciudadana y las barreras de acceso territorial.<\/li>\n\n\n\n<li><strong>\u201cReconocimiento del territorio urbano\u201d<\/strong><br>Esta publicaci\u00f3n identifica y prioriza sectores cr\u00edticos para la seguridad ciudadana. Basado en el trabajo con comunidades vulnerables, el libro muestra c\u00f3mo sus habitantes expresaron temores, vivencias y necesidades, visibilizando fen\u00f3menos como la normalizaci\u00f3n del abuso y el estigma. A partir de ello, se dise\u00f1aron estrategias de mejora con la participaci\u00f3n activa de los propios ciudadanos.<\/li>\n<\/ul>\n\n\n\n<figure class=\"wp-block-image size-full\"><img decoding=\"async\" width=\"870\" height=\"522\" src=\"https:\/\/www.ucatolica.edu.co\/portal\/wp-content\/uploads\/2025\/05\/Lanzamientoingenieria.png\" alt=\"\" class=\"wp-image-117377\"\/><\/figure>\n\n\n\n<ul class=\"wp-block-list\">\n<li><strong>\u201cEnse\u00f1anza de las humanidades en la universidad\u201d<\/strong><br>Un texto profundo que invita a leer, pensar y cultivar la vida interior. Cada cap\u00edtulo explora la importancia de formar estudiantes que no solo adquieran conocimiento t\u00e9cnico, sino que desarrollen criterio propio, capacidad de reflexi\u00f3n y sensibilidad humana. La educaci\u00f3n, se plantea aqu\u00ed, como una experiencia que transforma desde el silencio, la introspecci\u00f3n y el sentido del servicio.<\/li>\n<\/ul>\n\n\n\n<figure class=\"wp-block-image size-full\"><img decoding=\"async\" width=\"870\" height=\"522\" src=\"https:\/\/www.ucatolica.edu.co\/portal\/wp-content\/uploads\/2025\/05\/Lanzamientohumanidades.png\" alt=\"\" class=\"wp-image-117378\"\/><\/figure>\n\n\n\n<ul class=\"wp-block-list\">\n<li><strong>\u201cAvances sobre la comprensi\u00f3n, evaluaci\u00f3n e intervenci\u00f3n de problemas psicosociales y de salud mental\u201d<\/strong><br>En coedici\u00f3n con ASCOFAPSI, este libro dirigido por el profesor Jaime Moreno recopila nueve investigaciones en psicolog\u00eda que abordan problem\u00e1ticas contempor\u00e1neas de salud mental y bienestar. Es un libro abierto, gratuito y comprometido con el acceso al conocimiento, reflejo del principio de que el saber debe compartirse para transformar.<\/li>\n<\/ul>\n\n\n\n<figure class=\"wp-block-image size-full\"><img loading=\"lazy\" decoding=\"async\" width=\"870\" height=\"522\" src=\"https:\/\/www.ucatolica.edu.co\/portal\/wp-content\/uploads\/2025\/05\/Lanzamientopsicologia.png\" alt=\"\" class=\"wp-image-117379\"\/><\/figure>\n\n\n\n<p><strong>Un proceso editorial con criterio y rigor acad\u00e9mico<\/strong><\/p>\n\n\n\n<p>Todas las publicaciones lanzadas han pasado por un proceso de selecci\u00f3n riguroso, garantizando la calidad investigativa y cient\u00edfica que caracteriza a la Editorial Universidad Cat\u00f3lica de Colombia. Estos libros no solo enriquecen el acervo acad\u00e9mico, sino que responden a los desaf\u00edos sociales, culturales y ambientales de nuestro pa\u00eds.<\/p>\n\n\n\n<p><strong>Conocimiento que transforma<\/strong><\/p>\n\n\n\n<p>La participaci\u00f3n de la Universidad Cat\u00f3lica de Colombia en la FILBo 2025 fue, sin duda, un espacio de encuentro entre la ciencia, la comunidad y la cultura. A trav\u00e9s de su stand, actividades, podcasts y publicaciones, la Universidad demostr\u00f3 que la academia est\u00e1 viva, se adapta, escucha y act\u00faa.<\/p>\n\n\n\n<p><\/p>\n","protected":false},"excerpt":{"rendered":"<p>En una de las jornadas de su participaci\u00f3n en la Feria Internacional del Libro de Bogot\u00e1 \u2013 FILBo 2025, la Universidad Cat\u00f3lica de Colombia reafirm\u00f3 su compromiso con la investigaci\u00f3n, la producci\u00f3n intelectual y el trabajo colaborativo con las comunidades. Desde el stand institucional en Corferias, se desarrollaron actividades que dejaron en evidencia la calidad [&hellip;]<\/p>\n","protected":false},"author":4,"featured_media":117375,"comment_status":"open","ping_status":"open","sticky":false,"template":"","format":"standard","meta":{"_acf_changed":false,"advgb_blocks_editor_width":"","advgb_blocks_columns_visual_guide":"","footnotes":""},"categories":[93],"tags":[3131,3133,623,528,2642,3132,564],"class_list":["post-117326","post","type-post","status-publish","format-standard","has-post-thumbnail","hentry","category-noticias-principales","tag-calidad-academica","tag-ediciones","tag-editorial","tag-editorial-de-la-universidad-catolica-de-colombia","tag-filbo","tag-impacto-social","tag-investigaciones"],"acf":[],"yoast_head":"<!-- This site is optimized with the Yoast SEO plugin v26.7 - https:\/\/yoast.com\/wordpress\/plugins\/seo\/ -->\n<title>Academia, comunidad y sostenibilidad: as\u00ed fue la presencia de nuestra Universidad en la FILBo 2025 - Universidad Cat\u00f3lica De Colombia<\/title>\n<meta name=\"robots\" content=\"index, follow, max-snippet:-1, max-image-preview:large, max-video-preview:-1\" \/>\n<link rel=\"canonical\" href=\"https:\/\/www.ucatolica.edu.co\/portal\/academia-comunidad-y-sostenibilidad-asi-fue-la-presencia-de-nuestra-universidad-en-la-filbo-2025\/\" \/>\n<meta property=\"og:locale\" content=\"es_ES\" \/>\n<meta property=\"og:type\" content=\"article\" \/>\n<meta property=\"og:title\" content=\"Academia, comunidad y sostenibilidad: as\u00ed fue la presencia de nuestra Universidad en la FILBo 2025 - Universidad Cat\u00f3lica De Colombia\" \/>\n<meta property=\"og:description\" content=\"En una de las jornadas de su participaci\u00f3n en la Feria Internacional del Libro de Bogot\u00e1 \u2013 FILBo 2025, la Universidad Cat\u00f3lica de Colombia reafirm\u00f3 su compromiso con la investigaci\u00f3n, la producci\u00f3n intelectual y el trabajo colaborativo con las comunidades. Desde el stand institucional en Corferias, se desarrollaron actividades que dejaron en evidencia la calidad [&hellip;]\" \/>\n<meta property=\"og:url\" content=\"https:\/\/www.ucatolica.edu.co\/portal\/academia-comunidad-y-sostenibilidad-asi-fue-la-presencia-de-nuestra-universidad-en-la-filbo-2025\/\" \/>\n<meta property=\"og:site_name\" content=\"Universidad Cat\u00f3lica De Colombia\" \/>\n<meta property=\"article:publisher\" content=\"https:\/\/www.facebook.com\/ucatolicacolombia\" \/>\n<meta property=\"article:published_time\" content=\"2025-05-13T22:16:17+00:00\" \/>\n<meta property=\"article:modified_time\" content=\"2025-05-14T14:50:23+00:00\" \/>\n<meta property=\"og:image\" content=\"https:\/\/www.ucatolica.edu.co\/portal\/wp-content\/uploads\/2025\/05\/Lanzamientos6mayo.png\" \/>\n\t<meta property=\"og:image:width\" content=\"870\" \/>\n\t<meta property=\"og:image:height\" content=\"522\" \/>\n\t<meta property=\"og:image:type\" content=\"image\/png\" \/>\n<meta name=\"author\" content=\"Cindy Lugo\" \/>\n<meta name=\"twitter:card\" content=\"summary_large_image\" \/>\n<meta name=\"twitter:creator\" content=\"@UCatolicaCol\" \/>\n<meta name=\"twitter:site\" content=\"@UCatolicaCol\" \/>\n<meta name=\"twitter:label1\" content=\"Escrito por\" \/>\n\t<meta name=\"twitter:data1\" content=\"Cindy Lugo\" \/>\n\t<meta name=\"twitter:label2\" content=\"Tiempo de lectura\" \/>\n\t<meta name=\"twitter:data2\" content=\"3 minutos\" \/>\n<script type=\"application\/ld+json\" class=\"yoast-schema-graph\">{\"@context\":\"https:\/\/schema.org\",\"@graph\":[{\"@type\":\"Article\",\"@id\":\"https:\/\/www.ucatolica.edu.co\/portal\/academia-comunidad-y-sostenibilidad-asi-fue-la-presencia-de-nuestra-universidad-en-la-filbo-2025\/#article\",\"isPartOf\":{\"@id\":\"https:\/\/www.ucatolica.edu.co\/portal\/academia-comunidad-y-sostenibilidad-asi-fue-la-presencia-de-nuestra-universidad-en-la-filbo-2025\/\"},\"author\":{\"name\":\"Cindy Lugo\",\"@id\":\"https:\/\/www.ucatolica.edu.co\/portal\/#\/schema\/person\/a7469afff252fba81c6cdc40c80f00b6\"},\"headline\":\"Academia, comunidad y sostenibilidad: as\u00ed fue la presencia de nuestra Universidad en la FILBo 2025\",\"datePublished\":\"2025-05-13T22:16:17+00:00\",\"dateModified\":\"2025-05-14T14:50:23+00:00\",\"mainEntityOfPage\":{\"@id\":\"https:\/\/www.ucatolica.edu.co\/portal\/academia-comunidad-y-sostenibilidad-asi-fue-la-presencia-de-nuestra-universidad-en-la-filbo-2025\/\"},\"wordCount\":706,\"commentCount\":0,\"publisher\":{\"@id\":\"https:\/\/www.ucatolica.edu.co\/portal\/#organization\"},\"image\":{\"@id\":\"https:\/\/www.ucatolica.edu.co\/portal\/academia-comunidad-y-sostenibilidad-asi-fue-la-presencia-de-nuestra-universidad-en-la-filbo-2025\/#primaryimage\"},\"thumbnailUrl\":\"https:\/\/www.ucatolica.edu.co\/portal\/wp-content\/uploads\/2025\/05\/Lanzamientos6mayo.png\",\"keywords\":[\"Calidad acad\u00e9mica\",\"Ediciones\",\"Editorial\",\"Editorial de la Universidad Cat\u00f3lica de Colombia\",\"FILBo\",\"Impacto social\",\"Investigaciones\"],\"articleSection\":[\"Noticias Principales\"],\"inLanguage\":\"es-CO\"},{\"@type\":\"WebPage\",\"@id\":\"https:\/\/www.ucatolica.edu.co\/portal\/academia-comunidad-y-sostenibilidad-asi-fue-la-presencia-de-nuestra-universidad-en-la-filbo-2025\/\",\"url\":\"https:\/\/www.ucatolica.edu.co\/portal\/academia-comunidad-y-sostenibilidad-asi-fue-la-presencia-de-nuestra-universidad-en-la-filbo-2025\/\",\"name\":\"Academia, comunidad y sostenibilidad: as\u00ed fue la presencia de nuestra Universidad en la FILBo 2025 - Universidad Cat\u00f3lica De Colombia\",\"isPartOf\":{\"@id\":\"https:\/\/www.ucatolica.edu.co\/portal\/#website\"},\"primaryImageOfPage\":{\"@id\":\"https:\/\/www.ucatolica.edu.co\/portal\/academia-comunidad-y-sostenibilidad-asi-fue-la-presencia-de-nuestra-universidad-en-la-filbo-2025\/#primaryimage\"},\"image\":{\"@id\":\"https:\/\/www.ucatolica.edu.co\/portal\/academia-comunidad-y-sostenibilidad-asi-fue-la-presencia-de-nuestra-universidad-en-la-filbo-2025\/#primaryimage\"},\"thumbnailUrl\":\"https:\/\/www.ucatolica.edu.co\/portal\/wp-content\/uploads\/2025\/05\/Lanzamientos6mayo.png\",\"datePublished\":\"2025-05-13T22:16:17+00:00\",\"dateModified\":\"2025-05-14T14:50:23+00:00\",\"breadcrumb\":{\"@id\":\"https:\/\/www.ucatolica.edu.co\/portal\/academia-comunidad-y-sostenibilidad-asi-fue-la-presencia-de-nuestra-universidad-en-la-filbo-2025\/#breadcrumb\"},\"inLanguage\":\"es-CO\",\"potentialAction\":[{\"@type\":\"ReadAction\",\"target\":[\"https:\/\/www.ucatolica.edu.co\/portal\/academia-comunidad-y-sostenibilidad-asi-fue-la-presencia-de-nuestra-universidad-en-la-filbo-2025\/\"]}]},{\"@type\":\"ImageObject\",\"inLanguage\":\"es-CO\",\"@id\":\"https:\/\/www.ucatolica.edu.co\/portal\/academia-comunidad-y-sostenibilidad-asi-fue-la-presencia-de-nuestra-universidad-en-la-filbo-2025\/#primaryimage\",\"url\":\"https:\/\/www.ucatolica.edu.co\/portal\/wp-content\/uploads\/2025\/05\/Lanzamientos6mayo.png\",\"contentUrl\":\"https:\/\/www.ucatolica.edu.co\/portal\/wp-content\/uploads\/2025\/05\/Lanzamientos6mayo.png\",\"width\":870,\"height\":522,\"caption\":\"Lanzamientos Filbo\"},{\"@type\":\"BreadcrumbList\",\"@id\":\"https:\/\/www.ucatolica.edu.co\/portal\/academia-comunidad-y-sostenibilidad-asi-fue-la-presencia-de-nuestra-universidad-en-la-filbo-2025\/#breadcrumb\",\"itemListElement\":[{\"@type\":\"ListItem\",\"position\":1,\"name\":\"Inicio\",\"item\":\"https:\/\/www.ucatolica.edu.co\/portal\/\"},{\"@type\":\"ListItem\",\"position\":2,\"name\":\"Academia, comunidad y sostenibilidad: as\u00ed fue la presencia de nuestra Universidad en la FILBo 2025\"}]},{\"@type\":\"WebSite\",\"@id\":\"https:\/\/www.ucatolica.edu.co\/portal\/#website\",\"url\":\"https:\/\/www.ucatolica.edu.co\/portal\/\",\"name\":\"Universidad Cat\u00f3lica De Colombia\",\"description\":\"Universidad Cat\u00f3lica De Colombia\",\"publisher\":{\"@id\":\"https:\/\/www.ucatolica.edu.co\/portal\/#organization\"},\"potentialAction\":[{\"@type\":\"SearchAction\",\"target\":{\"@type\":\"EntryPoint\",\"urlTemplate\":\"https:\/\/www.ucatolica.edu.co\/portal\/?s={search_term_string}\"},\"query-input\":{\"@type\":\"PropertyValueSpecification\",\"valueRequired\":true,\"valueName\":\"search_term_string\"}}],\"inLanguage\":\"es-CO\"},{\"@type\":\"Organization\",\"@id\":\"https:\/\/www.ucatolica.edu.co\/portal\/#organization\",\"name\":\"Universidad Cat\u00f3lica de Colombia\",\"url\":\"https:\/\/www.ucatolica.edu.co\/portal\/\",\"logo\":{\"@type\":\"ImageObject\",\"inLanguage\":\"es-CO\",\"@id\":\"https:\/\/www.ucatolica.edu.co\/portal\/#\/schema\/logo\/image\/\",\"url\":\"https:\/\/www.ucatolica.edu.co\/portal\/wp-content\/uploads\/2021\/06\/logo-header-ho-1.svg\",\"contentUrl\":\"https:\/\/www.ucatolica.edu.co\/portal\/wp-content\/uploads\/2021\/06\/logo-header-ho-1.svg\",\"width\":1,\"height\":1,\"caption\":\"Universidad Cat\u00f3lica de Colombia\"},\"image\":{\"@id\":\"https:\/\/www.ucatolica.edu.co\/portal\/#\/schema\/logo\/image\/\"},\"sameAs\":[\"https:\/\/www.facebook.com\/ucatolicacolombia\",\"https:\/\/x.com\/UCatolicaCol\",\"https:\/\/www.instagram.com\/universidadcatolicadecolombia\/\",\"https:\/\/www.linkedin.com\/company\/universidadcatolicadecolombia\/\",\"https:\/\/www.youtube.com\/user\/UCatolicaCo\"]},{\"@type\":\"Person\",\"@id\":\"https:\/\/www.ucatolica.edu.co\/portal\/#\/schema\/person\/a7469afff252fba81c6cdc40c80f00b6\",\"name\":\"Cindy Lugo\",\"url\":\"https:\/\/www.ucatolica.edu.co\/portal\/author\/cindy\/\"}]}<\/script>\n<!-- \/ Yoast SEO plugin. -->","yoast_head_json":{"title":"Academia, comunidad y sostenibilidad: as\u00ed fue la presencia de nuestra Universidad en la FILBo 2025 - Universidad Cat\u00f3lica De Colombia","robots":{"index":"index","follow":"follow","max-snippet":"max-snippet:-1","max-image-preview":"max-image-preview:large","max-video-preview":"max-video-preview:-1"},"canonical":"https:\/\/www.ucatolica.edu.co\/portal\/academia-comunidad-y-sostenibilidad-asi-fue-la-presencia-de-nuestra-universidad-en-la-filbo-2025\/","og_locale":"es_ES","og_type":"article","og_title":"Academia, comunidad y sostenibilidad: as\u00ed fue la presencia de nuestra Universidad en la FILBo 2025 - Universidad Cat\u00f3lica De Colombia","og_description":"En una de las jornadas de su participaci\u00f3n en la Feria Internacional del Libro de Bogot\u00e1 \u2013 FILBo 2025, la Universidad Cat\u00f3lica de Colombia reafirm\u00f3 su compromiso con la investigaci\u00f3n, la producci\u00f3n intelectual y el trabajo colaborativo con las comunidades. Desde el stand institucional en Corferias, se desarrollaron actividades que dejaron en evidencia la calidad [&hellip;]","og_url":"https:\/\/www.ucatolica.edu.co\/portal\/academia-comunidad-y-sostenibilidad-asi-fue-la-presencia-de-nuestra-universidad-en-la-filbo-2025\/","og_site_name":"Universidad Cat\u00f3lica De Colombia","article_publisher":"https:\/\/www.facebook.com\/ucatolicacolombia","article_published_time":"2025-05-13T22:16:17+00:00","article_modified_time":"2025-05-14T14:50:23+00:00","og_image":[{"width":870,"height":522,"url":"https:\/\/www.ucatolica.edu.co\/portal\/wp-content\/uploads\/2025\/05\/Lanzamientos6mayo.png","type":"image\/png"}],"author":"Cindy Lugo","twitter_card":"summary_large_image","twitter_creator":"@UCatolicaCol","twitter_site":"@UCatolicaCol","twitter_misc":{"Escrito por":"Cindy Lugo","Tiempo de lectura":"3 minutos"},"schema":{"@context":"https:\/\/schema.org","@graph":[{"@type":"Article","@id":"https:\/\/www.ucatolica.edu.co\/portal\/academia-comunidad-y-sostenibilidad-asi-fue-la-presencia-de-nuestra-universidad-en-la-filbo-2025\/#article","isPartOf":{"@id":"https:\/\/www.ucatolica.edu.co\/portal\/academia-comunidad-y-sostenibilidad-asi-fue-la-presencia-de-nuestra-universidad-en-la-filbo-2025\/"},"author":{"name":"Cindy Lugo","@id":"https:\/\/www.ucatolica.edu.co\/portal\/#\/schema\/person\/a7469afff252fba81c6cdc40c80f00b6"},"headline":"Academia, comunidad y sostenibilidad: as\u00ed fue la presencia de nuestra Universidad en la FILBo 2025","datePublished":"2025-05-13T22:16:17+00:00","dateModified":"2025-05-14T14:50:23+00:00","mainEntityOfPage":{"@id":"https:\/\/www.ucatolica.edu.co\/portal\/academia-comunidad-y-sostenibilidad-asi-fue-la-presencia-de-nuestra-universidad-en-la-filbo-2025\/"},"wordCount":706,"commentCount":0,"publisher":{"@id":"https:\/\/www.ucatolica.edu.co\/portal\/#organization"},"image":{"@id":"https:\/\/www.ucatolica.edu.co\/portal\/academia-comunidad-y-sostenibilidad-asi-fue-la-presencia-de-nuestra-universidad-en-la-filbo-2025\/#primaryimage"},"thumbnailUrl":"https:\/\/www.ucatolica.edu.co\/portal\/wp-content\/uploads\/2025\/05\/Lanzamientos6mayo.png","keywords":["Calidad acad\u00e9mica","Ediciones","Editorial","Editorial de la Universidad Cat\u00f3lica de Colombia","FILBo","Impacto social","Investigaciones"],"articleSection":["Noticias Principales"],"inLanguage":"es-CO"},{"@type":"WebPage","@id":"https:\/\/www.ucatolica.edu.co\/portal\/academia-comunidad-y-sostenibilidad-asi-fue-la-presencia-de-nuestra-universidad-en-la-filbo-2025\/","url":"https:\/\/www.ucatolica.edu.co\/portal\/academia-comunidad-y-sostenibilidad-asi-fue-la-presencia-de-nuestra-universidad-en-la-filbo-2025\/","name":"Academia, comunidad y sostenibilidad: as\u00ed fue la presencia de nuestra Universidad en la FILBo 2025 - Universidad Cat\u00f3lica De Colombia","isPartOf":{"@id":"https:\/\/www.ucatolica.edu.co\/portal\/#website"},"primaryImageOfPage":{"@id":"https:\/\/www.ucatolica.edu.co\/portal\/academia-comunidad-y-sostenibilidad-asi-fue-la-presencia-de-nuestra-universidad-en-la-filbo-2025\/#primaryimage"},"image":{"@id":"https:\/\/www.ucatolica.edu.co\/portal\/academia-comunidad-y-sostenibilidad-asi-fue-la-presencia-de-nuestra-universidad-en-la-filbo-2025\/#primaryimage"},"thumbnailUrl":"https:\/\/www.ucatolica.edu.co\/portal\/wp-content\/uploads\/2025\/05\/Lanzamientos6mayo.png","datePublished":"2025-05-13T22:16:17+00:00","dateModified":"2025-05-14T14:50:23+00:00","breadcrumb":{"@id":"https:\/\/www.ucatolica.edu.co\/portal\/academia-comunidad-y-sostenibilidad-asi-fue-la-presencia-de-nuestra-universidad-en-la-filbo-2025\/#breadcrumb"},"inLanguage":"es-CO","potentialAction":[{"@type":"ReadAction","target":["https:\/\/www.ucatolica.edu.co\/portal\/academia-comunidad-y-sostenibilidad-asi-fue-la-presencia-de-nuestra-universidad-en-la-filbo-2025\/"]}]},{"@type":"ImageObject","inLanguage":"es-CO","@id":"https:\/\/www.ucatolica.edu.co\/portal\/academia-comunidad-y-sostenibilidad-asi-fue-la-presencia-de-nuestra-universidad-en-la-filbo-2025\/#primaryimage","url":"https:\/\/www.ucatolica.edu.co\/portal\/wp-content\/uploads\/2025\/05\/Lanzamientos6mayo.png","contentUrl":"https:\/\/www.ucatolica.edu.co\/portal\/wp-content\/uploads\/2025\/05\/Lanzamientos6mayo.png","width":870,"height":522,"caption":"Lanzamientos Filbo"},{"@type":"BreadcrumbList","@id":"https:\/\/www.ucatolica.edu.co\/portal\/academia-comunidad-y-sostenibilidad-asi-fue-la-presencia-de-nuestra-universidad-en-la-filbo-2025\/#breadcrumb","itemListElement":[{"@type":"ListItem","position":1,"name":"Inicio","item":"https:\/\/www.ucatolica.edu.co\/portal\/"},{"@type":"ListItem","position":2,"name":"Academia, comunidad y sostenibilidad: as\u00ed fue la presencia de nuestra Universidad en la FILBo 2025"}]},{"@type":"WebSite","@id":"https:\/\/www.ucatolica.edu.co\/portal\/#website","url":"https:\/\/www.ucatolica.edu.co\/portal\/","name":"Universidad Cat\u00f3lica De Colombia","description":"Universidad Cat\u00f3lica De Colombia","publisher":{"@id":"https:\/\/www.ucatolica.edu.co\/portal\/#organization"},"potentialAction":[{"@type":"SearchAction","target":{"@type":"EntryPoint","urlTemplate":"https:\/\/www.ucatolica.edu.co\/portal\/?s={search_term_string}"},"query-input":{"@type":"PropertyValueSpecification","valueRequired":true,"valueName":"search_term_string"}}],"inLanguage":"es-CO"},{"@type":"Organization","@id":"https:\/\/www.ucatolica.edu.co\/portal\/#organization","name":"Universidad Cat\u00f3lica de Colombia","url":"https:\/\/www.ucatolica.edu.co\/portal\/","logo":{"@type":"ImageObject","inLanguage":"es-CO","@id":"https:\/\/www.ucatolica.edu.co\/portal\/#\/schema\/logo\/image\/","url":"https:\/\/www.ucatolica.edu.co\/portal\/wp-content\/uploads\/2021\/06\/logo-header-ho-1.svg","contentUrl":"https:\/\/www.ucatolica.edu.co\/portal\/wp-content\/uploads\/2021\/06\/logo-header-ho-1.svg","width":1,"height":1,"caption":"Universidad Cat\u00f3lica de Colombia"},"image":{"@id":"https:\/\/www.ucatolica.edu.co\/portal\/#\/schema\/logo\/image\/"},"sameAs":["https:\/\/www.facebook.com\/ucatolicacolombia","https:\/\/x.com\/UCatolicaCol","https:\/\/www.instagram.com\/universidadcatolicadecolombia\/","https:\/\/www.linkedin.com\/company\/universidadcatolicadecolombia\/","https:\/\/www.youtube.com\/user\/UCatolicaCo"]},{"@type":"Person","@id":"https:\/\/www.ucatolica.edu.co\/portal\/#\/schema\/person\/a7469afff252fba81c6cdc40c80f00b6","name":"Cindy Lugo","url":"https:\/\/www.ucatolica.edu.co\/portal\/author\/cindy\/"}]}},"author_meta":{"display_name":"Cindy Lugo","author_link":"https:\/\/www.ucatolica.edu.co\/portal\/author\/cindy\/"},"featured_img":"https:\/\/www.ucatolica.edu.co\/portal\/wp-content\/uploads\/2025\/05\/Lanzamientos6mayo.png","coauthors":[],"tax_additional":{"categories":{"linked":["<a href=\"https:\/\/www.ucatolica.edu.co\/portal\/category\/noticias-principales\/\" class=\"advgb-post-tax-term\">Noticias Principales<\/a>"],"unlinked":["<span class=\"advgb-post-tax-term\">Noticias Principales<\/span>"]},"tags":{"linked":["<a href=\"https:\/\/www.ucatolica.edu.co\/portal\/category\/noticias-principales\/\" class=\"advgb-post-tax-term\">Calidad acad\u00e9mica<\/a>","<a href=\"https:\/\/www.ucatolica.edu.co\/portal\/category\/noticias-principales\/\" class=\"advgb-post-tax-term\">Ediciones<\/a>","<a href=\"https:\/\/www.ucatolica.edu.co\/portal\/category\/noticias-principales\/\" class=\"advgb-post-tax-term\">Editorial<\/a>","<a href=\"https:\/\/www.ucatolica.edu.co\/portal\/category\/noticias-principales\/\" class=\"advgb-post-tax-term\">Editorial de la Universidad Cat\u00f3lica de Colombia<\/a>","<a href=\"https:\/\/www.ucatolica.edu.co\/portal\/category\/noticias-principales\/\" class=\"advgb-post-tax-term\">FILBo<\/a>","<a href=\"https:\/\/www.ucatolica.edu.co\/portal\/category\/noticias-principales\/\" class=\"advgb-post-tax-term\">Impacto social<\/a>","<a href=\"https:\/\/www.ucatolica.edu.co\/portal\/category\/noticias-principales\/\" class=\"advgb-post-tax-term\">Investigaciones<\/a>"],"unlinked":["<span class=\"advgb-post-tax-term\">Calidad acad\u00e9mica<\/span>","<span class=\"advgb-post-tax-term\">Ediciones<\/span>","<span class=\"advgb-post-tax-term\">Editorial<\/span>","<span class=\"advgb-post-tax-term\">Editorial de la Universidad Cat\u00f3lica de Colombia<\/span>","<span class=\"advgb-post-tax-term\">FILBo<\/span>","<span class=\"advgb-post-tax-term\">Impacto social<\/span>","<span class=\"advgb-post-tax-term\">Investigaciones<\/span>"]}},"comment_count":"0","relative_dates":{"created":"Posted 12 meses ago","modified":"Updated 12 meses ago"},"absolute_dates":{"created":"Posted on 13 mayo, 2025","modified":"Updated on 14 mayo, 2025"},"absolute_dates_time":{"created":"Posted on 13 mayo, 2025 5:16 pm","modified":"Updated on 14 mayo, 2025 9:50 am"},"featured_img_caption":"","series_order":"","_links":{"self":[{"href":"https:\/\/www.ucatolica.edu.co\/portal\/wp-json\/wp\/v2\/posts\/117326","targetHints":{"allow":["GET"]}}],"collection":[{"href":"https:\/\/www.ucatolica.edu.co\/portal\/wp-json\/wp\/v2\/posts"}],"about":[{"href":"https:\/\/www.ucatolica.edu.co\/portal\/wp-json\/wp\/v2\/types\/post"}],"author":[{"embeddable":true,"href":"https:\/\/www.ucatolica.edu.co\/portal\/wp-json\/wp\/v2\/users\/4"}],"replies":[{"embeddable":true,"href":"https:\/\/www.ucatolica.edu.co\/portal\/wp-json\/wp\/v2\/comments?post=117326"}],"version-history":[{"count":3,"href":"https:\/\/www.ucatolica.edu.co\/portal\/wp-json\/wp\/v2\/posts\/117326\/revisions"}],"predecessor-version":[{"id":117381,"href":"https:\/\/www.ucatolica.edu.co\/portal\/wp-json\/wp\/v2\/posts\/117326\/revisions\/117381"}],"wp:featuredmedia":[{"embeddable":true,"href":"https:\/\/www.ucatolica.edu.co\/portal\/wp-json\/wp\/v2\/media\/117375"}],"wp:attachment":[{"href":"https:\/\/www.ucatolica.edu.co\/portal\/wp-json\/wp\/v2\/media?parent=117326"}],"wp:term":[{"taxonomy":"category","embeddable":true,"href":"https:\/\/www.ucatolica.edu.co\/portal\/wp-json\/wp\/v2\/categories?post=117326"},{"taxonomy":"post_tag","embeddable":true,"href":"https:\/\/www.ucatolica.edu.co\/portal\/wp-json\/wp\/v2\/tags?post=117326"}],"curies":[{"name":"wp","href":"https:\/\/api.w.org\/{rel}","templated":true}]}}