{"id":117394,"date":"2025-05-14T11:02:07","date_gmt":"2025-05-14T16:02:07","guid":{"rendered":"https:\/\/www.ucatolica.edu.co\/portal\/?p=117394"},"modified":"2025-05-26T16:49:00","modified_gmt":"2025-05-26T21:49:00","slug":"haz-match-con-tu-carrera-en-el-dia-de-puertas-abiertas","status":"publish","type":"post","link":"https:\/\/www.ucatolica.edu.co\/portal\/haz-match-con-tu-carrera-en-el-dia-de-puertas-abiertas\/","title":{"rendered":"Haz match con tu carrera en el D\u00eda de Puertas Abiertas"},"content":{"rendered":"\n<p>En la Universidad Cat\u00f3lica de Colombia, creemos que la educaci\u00f3n es m\u00e1s que una carrera: es el camino para impulsar historias y transformar vidas. Por eso, te invitamos a nuestro <strong>D\u00eda de Puertas Abiertas<\/strong>, un espacio dise\u00f1ado para que explores, aprendas y te conectes con tu futuro profesional. Este evento est\u00e1 dirigido a quienes desean conocer nuestro campus, nuestros programas acad\u00e9micos, m\u00e9todos de financiaci\u00f3n y participar en talleres vocacionales e inmersivos que te ayudar\u00e1n a decidir tu camino.<\/p>\n\n\n\n<p><strong>\u00bfQu\u00e9 te ofrecemos?<\/strong><\/p>\n\n\n\n<ul class=\"wp-block-list\">\n<li><strong>Conoce nuestro campus:<\/strong> recorre nuestras instalaciones y descubre los espacios donde se forjan los futuros profesionales.<\/li>\n\n\n\n<li><strong>Explora nuestros programas acad\u00e9micos:<\/strong> inf\u00f3rmate sobre las diversas carreras que ofrecemos y c\u00f3mo se alinean con las tendencias del mercado laboral.<\/li>\n\n\n\n<li><strong>Participa en talleres inmersivos: <\/strong>nuestros talleres te ayudar\u00e1n a identificar tus intereses y habilidades.<\/li>\n\n\n\n<li><strong>Conoce nuestras opciones de financiaci\u00f3n:<\/strong> inf\u00f3rmate sobre los m\u00e9todos de financiaci\u00f3n disponibles para hacer realidad tu sue\u00f1o de estudiar.<br><\/li>\n<\/ul>\n\n\n\n<p><strong>Ag\u00e9ndate:<\/strong><br><strong>Fecha:<\/strong> <strong>s\u00e1bado, 24 de mayo de 2025.<\/strong><br><strong>Hora:<\/strong> de 9:00 a.m. a 1:00 p.m.<br><strong>Lugar:<\/strong> Universidad Cat\u00f3lica de Colombia, Carrera 13 # 47-30, Sede 4 \u2013 Sal\u00f3n 813.<br><strong>Entrada: <\/strong>Libre.<br><\/p>\n\n\n\n<p><strong>Talleres destacados<\/strong><br>Durante el evento, podr\u00e1s participar en talleres organizados por nuestras facultades:<\/p>\n\n\n\n<ul class=\"wp-block-list\">\n<li><strong>Ciencias Econ\u00f3micas y Administrativas:<\/strong> Desarrollo de negocios digitales y emprendimiento.<\/li>\n\n\n\n<li><strong>Ingenier\u00eda: <\/strong><br><strong>Ingenier\u00eda de Sistemas y Computaci\u00f3n<\/strong><br>Taller Rob\u00f3tica e internet de las cosas.<br>Dise\u00f1o 3D, animaci\u00f3n y desarrollo de videojuegos.<br>Realidad virtual.<br><br><strong>Ingenier\u00eda Industrial<\/strong><br>Ingenier\u00eda industrial y la industria 4.0: retos y oportunidades.<br><br><strong>Ingenier\u00eda Civil<\/strong><br>Tu primer d\u00eda en el manejo de recursos h\u00eddricos.<\/li>\n\n\n\n<li><strong>Derecho:<\/strong> Simula tu primer caso jur\u00eddico.<\/li>\n\n\n\n<li><strong>Dise\u00f1o:<\/strong> El poder del dise\u00f1o en Arquitectura.<\/li>\n\n\n\n<li><strong>Psicolog\u00eda:<\/strong> Aborda casos reales desde el rol del psic\u00f3logo.<br><\/li>\n<\/ul>\n\n\n\n<p><strong>\u00bfPor qu\u00e9 asistir?<\/strong><br>Este es el momento perfecto para dar el primer paso hacia un futuro lleno de posibilidades. En la Universidad Cat\u00f3lica de Colombia, te acompa\u00f1amos en tu proceso de formaci\u00f3n desde el d\u00eda uno, brind\u00e1ndote las herramientas necesarias para que te conviertas en un profesional apasionado, \u00e9tico y con calidad humana. <br><br>Si est\u00e1s interesado en asistir, te invitamos a <strong>inscribirte <a href=\"https:\/\/forms.office.com\/pages\/responsepage.aspx?id=SHEi1DBJBk-LqghF_1flQUrJbboyG5BJmF7gbNQVayNUMU9XUUtDU1pLOU05STdFSDVWUTI0UVIxSC4u&amp;origin=lprLink&amp;route=shorturl\" target=\"_blank\" rel=\"noreferrer noopener\">aqu\u00ed.<\/a><\/strong><\/p>\n\n\n\n<p>Para m\u00e1s informaci\u00f3n, puedes comunicarte con nosotros a trav\u00e9s de <strong>WhatsApp al 316 024 4066.<\/strong><\/p>\n\n\n\n<p><\/p>\n","protected":false},"excerpt":{"rendered":"<p>En la Universidad Cat\u00f3lica de Colombia, creemos que la educaci\u00f3n es m\u00e1s que una carrera: es el camino para impulsar historias y transformar vidas. Por eso, te invitamos a nuestro D\u00eda de Puertas Abiertas, un espacio dise\u00f1ado para que explores, aprendas y te conectes con tu futuro profesional. Este evento est\u00e1 dirigido a quienes desean [&hellip;]<\/p>\n","protected":false},"author":4,"featured_media":117520,"comment_status":"open","ping_status":"open","sticky":false,"template":"","format":"standard","meta":{"_acf_changed":false,"advgb_blocks_editor_width":"","advgb_blocks_columns_visual_guide":"","footnotes":""},"categories":[93],"tags":[3136,3137,3138,3139],"class_list":["post-117394","post","type-post","status-publish","format-standard","has-post-thumbnail","hentry","category-noticias-principales","tag-dia-de-puertas-abiertas","tag-futuro-profesional","tag-talleres-inmersivos","tag-talleres-vocacionales"],"acf":[],"yoast_head":"<!-- This site is optimized with the Yoast SEO plugin v26.7 - https:\/\/yoast.com\/wordpress\/plugins\/seo\/ -->\n<title>Haz match con tu carrera en el D\u00eda de Puertas Abiertas - Universidad Cat\u00f3lica De Colombia<\/title>\n<meta name=\"robots\" content=\"index, follow, max-snippet:-1, max-image-preview:large, max-video-preview:-1\" \/>\n<link rel=\"canonical\" href=\"https:\/\/www.ucatolica.edu.co\/portal\/haz-match-con-tu-carrera-en-el-dia-de-puertas-abiertas\/\" \/>\n<meta property=\"og:locale\" content=\"es_ES\" \/>\n<meta property=\"og:type\" content=\"article\" \/>\n<meta property=\"og:title\" content=\"Haz match con tu carrera en el D\u00eda de Puertas Abiertas - Universidad Cat\u00f3lica De Colombia\" \/>\n<meta property=\"og:description\" content=\"En la Universidad Cat\u00f3lica de Colombia, creemos que la educaci\u00f3n es m\u00e1s que una carrera: es el camino para impulsar historias y transformar vidas. Por eso, te invitamos a nuestro D\u00eda de Puertas Abiertas, un espacio dise\u00f1ado para que explores, aprendas y te conectes con tu futuro profesional. Este evento est\u00e1 dirigido a quienes desean [&hellip;]\" \/>\n<meta property=\"og:url\" content=\"https:\/\/www.ucatolica.edu.co\/portal\/haz-match-con-tu-carrera-en-el-dia-de-puertas-abiertas\/\" \/>\n<meta property=\"og:site_name\" content=\"Universidad Cat\u00f3lica De Colombia\" \/>\n<meta property=\"article:publisher\" content=\"https:\/\/www.facebook.com\/ucatolicacolombia\" \/>\n<meta property=\"article:published_time\" content=\"2025-05-14T16:02:07+00:00\" \/>\n<meta property=\"article:modified_time\" content=\"2025-05-26T21:49:00+00:00\" \/>\n<meta property=\"og:image\" content=\"https:\/\/www.ucatolica.edu.co\/portal\/wp-content\/uploads\/2025\/05\/Diapuertasabiertas.jpg\" \/>\n\t<meta property=\"og:image:width\" content=\"870\" \/>\n\t<meta property=\"og:image:height\" content=\"522\" \/>\n\t<meta property=\"og:image:type\" content=\"image\/jpeg\" \/>\n<meta name=\"author\" content=\"Cindy Lugo\" \/>\n<meta name=\"twitter:card\" content=\"summary_large_image\" \/>\n<meta name=\"twitter:creator\" content=\"@UCatolicaCol\" \/>\n<meta name=\"twitter:site\" content=\"@UCatolicaCol\" \/>\n<meta name=\"twitter:label1\" content=\"Escrito por\" \/>\n\t<meta name=\"twitter:data1\" content=\"Cindy Lugo\" \/>\n\t<meta name=\"twitter:label2\" content=\"Tiempo de lectura\" \/>\n\t<meta name=\"twitter:data2\" content=\"2 minutos\" \/>\n<script type=\"application\/ld+json\" class=\"yoast-schema-graph\">{\"@context\":\"https:\/\/schema.org\",\"@graph\":[{\"@type\":\"Article\",\"@id\":\"https:\/\/www.ucatolica.edu.co\/portal\/haz-match-con-tu-carrera-en-el-dia-de-puertas-abiertas\/#article\",\"isPartOf\":{\"@id\":\"https:\/\/www.ucatolica.edu.co\/portal\/haz-match-con-tu-carrera-en-el-dia-de-puertas-abiertas\/\"},\"author\":{\"name\":\"Cindy Lugo\",\"@id\":\"https:\/\/www.ucatolica.edu.co\/portal\/#\/schema\/person\/a7469afff252fba81c6cdc40c80f00b6\"},\"headline\":\"Haz match con tu carrera en el D\u00eda de Puertas Abiertas\",\"datePublished\":\"2025-05-14T16:02:07+00:00\",\"dateModified\":\"2025-05-26T21:49:00+00:00\",\"mainEntityOfPage\":{\"@id\":\"https:\/\/www.ucatolica.edu.co\/portal\/haz-match-con-tu-carrera-en-el-dia-de-puertas-abiertas\/\"},\"wordCount\":399,\"commentCount\":0,\"publisher\":{\"@id\":\"https:\/\/www.ucatolica.edu.co\/portal\/#organization\"},\"image\":{\"@id\":\"https:\/\/www.ucatolica.edu.co\/portal\/haz-match-con-tu-carrera-en-el-dia-de-puertas-abiertas\/#primaryimage\"},\"thumbnailUrl\":\"https:\/\/www.ucatolica.edu.co\/portal\/wp-content\/uploads\/2025\/05\/Diapuertasabiertas.jpg\",\"keywords\":[\"D\u00eda de puertas abiertas\",\"Futuro profesional\",\"Talleres inmersivos\",\"Talleres vocacionales\"],\"articleSection\":[\"Noticias Principales\"],\"inLanguage\":\"es-CO\"},{\"@type\":\"WebPage\",\"@id\":\"https:\/\/www.ucatolica.edu.co\/portal\/haz-match-con-tu-carrera-en-el-dia-de-puertas-abiertas\/\",\"url\":\"https:\/\/www.ucatolica.edu.co\/portal\/haz-match-con-tu-carrera-en-el-dia-de-puertas-abiertas\/\",\"name\":\"Haz match con tu carrera en el D\u00eda de Puertas Abiertas - Universidad Cat\u00f3lica De Colombia\",\"isPartOf\":{\"@id\":\"https:\/\/www.ucatolica.edu.co\/portal\/#website\"},\"primaryImageOfPage\":{\"@id\":\"https:\/\/www.ucatolica.edu.co\/portal\/haz-match-con-tu-carrera-en-el-dia-de-puertas-abiertas\/#primaryimage\"},\"image\":{\"@id\":\"https:\/\/www.ucatolica.edu.co\/portal\/haz-match-con-tu-carrera-en-el-dia-de-puertas-abiertas\/#primaryimage\"},\"thumbnailUrl\":\"https:\/\/www.ucatolica.edu.co\/portal\/wp-content\/uploads\/2025\/05\/Diapuertasabiertas.jpg\",\"datePublished\":\"2025-05-14T16:02:07+00:00\",\"dateModified\":\"2025-05-26T21:49:00+00:00\",\"breadcrumb\":{\"@id\":\"https:\/\/www.ucatolica.edu.co\/portal\/haz-match-con-tu-carrera-en-el-dia-de-puertas-abiertas\/#breadcrumb\"},\"inLanguage\":\"es-CO\",\"potentialAction\":[{\"@type\":\"ReadAction\",\"target\":[\"https:\/\/www.ucatolica.edu.co\/portal\/haz-match-con-tu-carrera-en-el-dia-de-puertas-abiertas\/\"]}]},{\"@type\":\"ImageObject\",\"inLanguage\":\"es-CO\",\"@id\":\"https:\/\/www.ucatolica.edu.co\/portal\/haz-match-con-tu-carrera-en-el-dia-de-puertas-abiertas\/#primaryimage\",\"url\":\"https:\/\/www.ucatolica.edu.co\/portal\/wp-content\/uploads\/2025\/05\/Diapuertasabiertas.jpg\",\"contentUrl\":\"https:\/\/www.ucatolica.edu.co\/portal\/wp-content\/uploads\/2025\/05\/Diapuertasabiertas.jpg\",\"width\":870,\"height\":522},{\"@type\":\"BreadcrumbList\",\"@id\":\"https:\/\/www.ucatolica.edu.co\/portal\/haz-match-con-tu-carrera-en-el-dia-de-puertas-abiertas\/#breadcrumb\",\"itemListElement\":[{\"@type\":\"ListItem\",\"position\":1,\"name\":\"Inicio\",\"item\":\"https:\/\/www.ucatolica.edu.co\/portal\/\"},{\"@type\":\"ListItem\",\"position\":2,\"name\":\"Haz match con tu carrera en el D\u00eda de Puertas Abiertas\"}]},{\"@type\":\"WebSite\",\"@id\":\"https:\/\/www.ucatolica.edu.co\/portal\/#website\",\"url\":\"https:\/\/www.ucatolica.edu.co\/portal\/\",\"name\":\"Universidad Cat\u00f3lica De Colombia\",\"description\":\"Universidad Cat\u00f3lica De Colombia\",\"publisher\":{\"@id\":\"https:\/\/www.ucatolica.edu.co\/portal\/#organization\"},\"potentialAction\":[{\"@type\":\"SearchAction\",\"target\":{\"@type\":\"EntryPoint\",\"urlTemplate\":\"https:\/\/www.ucatolica.edu.co\/portal\/?s={search_term_string}\"},\"query-input\":{\"@type\":\"PropertyValueSpecification\",\"valueRequired\":true,\"valueName\":\"search_term_string\"}}],\"inLanguage\":\"es-CO\"},{\"@type\":\"Organization\",\"@id\":\"https:\/\/www.ucatolica.edu.co\/portal\/#organization\",\"name\":\"Universidad Cat\u00f3lica de Colombia\",\"url\":\"https:\/\/www.ucatolica.edu.co\/portal\/\",\"logo\":{\"@type\":\"ImageObject\",\"inLanguage\":\"es-CO\",\"@id\":\"https:\/\/www.ucatolica.edu.co\/portal\/#\/schema\/logo\/image\/\",\"url\":\"https:\/\/www.ucatolica.edu.co\/portal\/wp-content\/uploads\/2021\/06\/logo-header-ho-1.svg\",\"contentUrl\":\"https:\/\/www.ucatolica.edu.co\/portal\/wp-content\/uploads\/2021\/06\/logo-header-ho-1.svg\",\"width\":1,\"height\":1,\"caption\":\"Universidad Cat\u00f3lica de Colombia\"},\"image\":{\"@id\":\"https:\/\/www.ucatolica.edu.co\/portal\/#\/schema\/logo\/image\/\"},\"sameAs\":[\"https:\/\/www.facebook.com\/ucatolicacolombia\",\"https:\/\/x.com\/UCatolicaCol\",\"https:\/\/www.instagram.com\/universidadcatolicadecolombia\/\",\"https:\/\/www.linkedin.com\/company\/universidadcatolicadecolombia\/\",\"https:\/\/www.youtube.com\/user\/UCatolicaCo\"]},{\"@type\":\"Person\",\"@id\":\"https:\/\/www.ucatolica.edu.co\/portal\/#\/schema\/person\/a7469afff252fba81c6cdc40c80f00b6\",\"name\":\"Cindy Lugo\",\"url\":\"https:\/\/www.ucatolica.edu.co\/portal\/author\/cindy\/\"}]}<\/script>\n<!-- \/ Yoast SEO plugin. -->","yoast_head_json":{"title":"Haz match con tu carrera en el D\u00eda de Puertas Abiertas - Universidad Cat\u00f3lica De Colombia","robots":{"index":"index","follow":"follow","max-snippet":"max-snippet:-1","max-image-preview":"max-image-preview:large","max-video-preview":"max-video-preview:-1"},"canonical":"https:\/\/www.ucatolica.edu.co\/portal\/haz-match-con-tu-carrera-en-el-dia-de-puertas-abiertas\/","og_locale":"es_ES","og_type":"article","og_title":"Haz match con tu carrera en el D\u00eda de Puertas Abiertas - Universidad Cat\u00f3lica De Colombia","og_description":"En la Universidad Cat\u00f3lica de Colombia, creemos que la educaci\u00f3n es m\u00e1s que una carrera: es el camino para impulsar historias y transformar vidas. Por eso, te invitamos a nuestro D\u00eda de Puertas Abiertas, un espacio dise\u00f1ado para que explores, aprendas y te conectes con tu futuro profesional. Este evento est\u00e1 dirigido a quienes desean [&hellip;]","og_url":"https:\/\/www.ucatolica.edu.co\/portal\/haz-match-con-tu-carrera-en-el-dia-de-puertas-abiertas\/","og_site_name":"Universidad Cat\u00f3lica De Colombia","article_publisher":"https:\/\/www.facebook.com\/ucatolicacolombia","article_published_time":"2025-05-14T16:02:07+00:00","article_modified_time":"2025-05-26T21:49:00+00:00","og_image":[{"width":870,"height":522,"url":"https:\/\/www.ucatolica.edu.co\/portal\/wp-content\/uploads\/2025\/05\/Diapuertasabiertas.jpg","type":"image\/jpeg"}],"author":"Cindy Lugo","twitter_card":"summary_large_image","twitter_creator":"@UCatolicaCol","twitter_site":"@UCatolicaCol","twitter_misc":{"Escrito por":"Cindy Lugo","Tiempo de lectura":"2 minutos"},"schema":{"@context":"https:\/\/schema.org","@graph":[{"@type":"Article","@id":"https:\/\/www.ucatolica.edu.co\/portal\/haz-match-con-tu-carrera-en-el-dia-de-puertas-abiertas\/#article","isPartOf":{"@id":"https:\/\/www.ucatolica.edu.co\/portal\/haz-match-con-tu-carrera-en-el-dia-de-puertas-abiertas\/"},"author":{"name":"Cindy Lugo","@id":"https:\/\/www.ucatolica.edu.co\/portal\/#\/schema\/person\/a7469afff252fba81c6cdc40c80f00b6"},"headline":"Haz match con tu carrera en el D\u00eda de Puertas Abiertas","datePublished":"2025-05-14T16:02:07+00:00","dateModified":"2025-05-26T21:49:00+00:00","mainEntityOfPage":{"@id":"https:\/\/www.ucatolica.edu.co\/portal\/haz-match-con-tu-carrera-en-el-dia-de-puertas-abiertas\/"},"wordCount":399,"commentCount":0,"publisher":{"@id":"https:\/\/www.ucatolica.edu.co\/portal\/#organization"},"image":{"@id":"https:\/\/www.ucatolica.edu.co\/portal\/haz-match-con-tu-carrera-en-el-dia-de-puertas-abiertas\/#primaryimage"},"thumbnailUrl":"https:\/\/www.ucatolica.edu.co\/portal\/wp-content\/uploads\/2025\/05\/Diapuertasabiertas.jpg","keywords":["D\u00eda de puertas abiertas","Futuro profesional","Talleres inmersivos","Talleres vocacionales"],"articleSection":["Noticias Principales"],"inLanguage":"es-CO"},{"@type":"WebPage","@id":"https:\/\/www.ucatolica.edu.co\/portal\/haz-match-con-tu-carrera-en-el-dia-de-puertas-abiertas\/","url":"https:\/\/www.ucatolica.edu.co\/portal\/haz-match-con-tu-carrera-en-el-dia-de-puertas-abiertas\/","name":"Haz match con tu carrera en el D\u00eda de Puertas Abiertas - Universidad Cat\u00f3lica De Colombia","isPartOf":{"@id":"https:\/\/www.ucatolica.edu.co\/portal\/#website"},"primaryImageOfPage":{"@id":"https:\/\/www.ucatolica.edu.co\/portal\/haz-match-con-tu-carrera-en-el-dia-de-puertas-abiertas\/#primaryimage"},"image":{"@id":"https:\/\/www.ucatolica.edu.co\/portal\/haz-match-con-tu-carrera-en-el-dia-de-puertas-abiertas\/#primaryimage"},"thumbnailUrl":"https:\/\/www.ucatolica.edu.co\/portal\/wp-content\/uploads\/2025\/05\/Diapuertasabiertas.jpg","datePublished":"2025-05-14T16:02:07+00:00","dateModified":"2025-05-26T21:49:00+00:00","breadcrumb":{"@id":"https:\/\/www.ucatolica.edu.co\/portal\/haz-match-con-tu-carrera-en-el-dia-de-puertas-abiertas\/#breadcrumb"},"inLanguage":"es-CO","potentialAction":[{"@type":"ReadAction","target":["https:\/\/www.ucatolica.edu.co\/portal\/haz-match-con-tu-carrera-en-el-dia-de-puertas-abiertas\/"]}]},{"@type":"ImageObject","inLanguage":"es-CO","@id":"https:\/\/www.ucatolica.edu.co\/portal\/haz-match-con-tu-carrera-en-el-dia-de-puertas-abiertas\/#primaryimage","url":"https:\/\/www.ucatolica.edu.co\/portal\/wp-content\/uploads\/2025\/05\/Diapuertasabiertas.jpg","contentUrl":"https:\/\/www.ucatolica.edu.co\/portal\/wp-content\/uploads\/2025\/05\/Diapuertasabiertas.jpg","width":870,"height":522},{"@type":"BreadcrumbList","@id":"https:\/\/www.ucatolica.edu.co\/portal\/haz-match-con-tu-carrera-en-el-dia-de-puertas-abiertas\/#breadcrumb","itemListElement":[{"@type":"ListItem","position":1,"name":"Inicio","item":"https:\/\/www.ucatolica.edu.co\/portal\/"},{"@type":"ListItem","position":2,"name":"Haz match con tu carrera en el D\u00eda de Puertas Abiertas"}]},{"@type":"WebSite","@id":"https:\/\/www.ucatolica.edu.co\/portal\/#website","url":"https:\/\/www.ucatolica.edu.co\/portal\/","name":"Universidad Cat\u00f3lica De Colombia","description":"Universidad Cat\u00f3lica De Colombia","publisher":{"@id":"https:\/\/www.ucatolica.edu.co\/portal\/#organization"},"potentialAction":[{"@type":"SearchAction","target":{"@type":"EntryPoint","urlTemplate":"https:\/\/www.ucatolica.edu.co\/portal\/?s={search_term_string}"},"query-input":{"@type":"PropertyValueSpecification","valueRequired":true,"valueName":"search_term_string"}}],"inLanguage":"es-CO"},{"@type":"Organization","@id":"https:\/\/www.ucatolica.edu.co\/portal\/#organization","name":"Universidad Cat\u00f3lica de Colombia","url":"https:\/\/www.ucatolica.edu.co\/portal\/","logo":{"@type":"ImageObject","inLanguage":"es-CO","@id":"https:\/\/www.ucatolica.edu.co\/portal\/#\/schema\/logo\/image\/","url":"https:\/\/www.ucatolica.edu.co\/portal\/wp-content\/uploads\/2021\/06\/logo-header-ho-1.svg","contentUrl":"https:\/\/www.ucatolica.edu.co\/portal\/wp-content\/uploads\/2021\/06\/logo-header-ho-1.svg","width":1,"height":1,"caption":"Universidad Cat\u00f3lica de Colombia"},"image":{"@id":"https:\/\/www.ucatolica.edu.co\/portal\/#\/schema\/logo\/image\/"},"sameAs":["https:\/\/www.facebook.com\/ucatolicacolombia","https:\/\/x.com\/UCatolicaCol","https:\/\/www.instagram.com\/universidadcatolicadecolombia\/","https:\/\/www.linkedin.com\/company\/universidadcatolicadecolombia\/","https:\/\/www.youtube.com\/user\/UCatolicaCo"]},{"@type":"Person","@id":"https:\/\/www.ucatolica.edu.co\/portal\/#\/schema\/person\/a7469afff252fba81c6cdc40c80f00b6","name":"Cindy Lugo","url":"https:\/\/www.ucatolica.edu.co\/portal\/author\/cindy\/"}]}},"author_meta":{"display_name":"Cindy Lugo","author_link":"https:\/\/www.ucatolica.edu.co\/portal\/author\/cindy\/"},"featured_img":"https:\/\/www.ucatolica.edu.co\/portal\/wp-content\/uploads\/2025\/05\/Diapuertasabiertas.jpg","coauthors":[],"tax_additional":{"categories":{"linked":["<a href=\"https:\/\/www.ucatolica.edu.co\/portal\/category\/noticias-principales\/\" class=\"advgb-post-tax-term\">Noticias Principales<\/a>"],"unlinked":["<span class=\"advgb-post-tax-term\">Noticias Principales<\/span>"]},"tags":{"linked":["<a href=\"https:\/\/www.ucatolica.edu.co\/portal\/category\/noticias-principales\/\" class=\"advgb-post-tax-term\">D\u00eda de puertas abiertas<\/a>","<a href=\"https:\/\/www.ucatolica.edu.co\/portal\/category\/noticias-principales\/\" class=\"advgb-post-tax-term\">Futuro profesional<\/a>","<a href=\"https:\/\/www.ucatolica.edu.co\/portal\/category\/noticias-principales\/\" class=\"advgb-post-tax-term\">Talleres inmersivos<\/a>","<a href=\"https:\/\/www.ucatolica.edu.co\/portal\/category\/noticias-principales\/\" class=\"advgb-post-tax-term\">Talleres vocacionales<\/a>"],"unlinked":["<span class=\"advgb-post-tax-term\">D\u00eda de puertas abiertas<\/span>","<span class=\"advgb-post-tax-term\">Futuro profesional<\/span>","<span class=\"advgb-post-tax-term\">Talleres inmersivos<\/span>","<span class=\"advgb-post-tax-term\">Talleres vocacionales<\/span>"]}},"comment_count":"0","relative_dates":{"created":"Posted 12 meses ago","modified":"Updated 11 meses ago"},"absolute_dates":{"created":"Posted on 14 mayo, 2025","modified":"Updated on 26 mayo, 2025"},"absolute_dates_time":{"created":"Posted on 14 mayo, 2025 11:02 am","modified":"Updated on 26 mayo, 2025 4:49 pm"},"featured_img_caption":"","series_order":"","_links":{"self":[{"href":"https:\/\/www.ucatolica.edu.co\/portal\/wp-json\/wp\/v2\/posts\/117394","targetHints":{"allow":["GET"]}}],"collection":[{"href":"https:\/\/www.ucatolica.edu.co\/portal\/wp-json\/wp\/v2\/posts"}],"about":[{"href":"https:\/\/www.ucatolica.edu.co\/portal\/wp-json\/wp\/v2\/types\/post"}],"author":[{"embeddable":true,"href":"https:\/\/www.ucatolica.edu.co\/portal\/wp-json\/wp\/v2\/users\/4"}],"replies":[{"embeddable":true,"href":"https:\/\/www.ucatolica.edu.co\/portal\/wp-json\/wp\/v2\/comments?post=117394"}],"version-history":[{"count":5,"href":"https:\/\/www.ucatolica.edu.co\/portal\/wp-json\/wp\/v2\/posts\/117394\/revisions"}],"predecessor-version":[{"id":117608,"href":"https:\/\/www.ucatolica.edu.co\/portal\/wp-json\/wp\/v2\/posts\/117394\/revisions\/117608"}],"wp:featuredmedia":[{"embeddable":true,"href":"https:\/\/www.ucatolica.edu.co\/portal\/wp-json\/wp\/v2\/media\/117520"}],"wp:attachment":[{"href":"https:\/\/www.ucatolica.edu.co\/portal\/wp-json\/wp\/v2\/media?parent=117394"}],"wp:term":[{"taxonomy":"category","embeddable":true,"href":"https:\/\/www.ucatolica.edu.co\/portal\/wp-json\/wp\/v2\/categories?post=117394"},{"taxonomy":"post_tag","embeddable":true,"href":"https:\/\/www.ucatolica.edu.co\/portal\/wp-json\/wp\/v2\/tags?post=117394"}],"curies":[{"name":"wp","href":"https:\/\/api.w.org\/{rel}","templated":true}]}}