{"id":117794,"date":"2025-06-09T09:50:57","date_gmt":"2025-06-09T14:50:57","guid":{"rendered":"https:\/\/www.ucatolica.edu.co\/portal\/?p=117794"},"modified":"2025-06-09T09:50:58","modified_gmt":"2025-06-09T14:50:58","slug":"la-universidad-catolica-de-colombia-abre-sus-puertas-al-futuro-de-los-jovenes-del-centro-educativo-infancia-de-jesus","status":"publish","type":"post","link":"https:\/\/www.ucatolica.edu.co\/portal\/la-universidad-catolica-de-colombia-abre-sus-puertas-al-futuro-de-los-jovenes-del-centro-educativo-infancia-de-jesus\/","title":{"rendered":"La Universidad Cat\u00f3lica de Colombia abre sus puertas al futuro de los j\u00f3venes del Centro Educativo Infancia de Jes\u00fas"},"content":{"rendered":"\n<p>La Universidad Cat\u00f3lica de Colombia recibi\u00f3 a los estudiantes de grado 10 y 11 del Centro Educativo Infancia de Jes\u00fas, quienes vivieron una jornada de inmersi\u00f3n pensada especialmente para orientar sus decisiones sobre el futuro profesional. Esta experiencia no solo les permiti\u00f3 conocer de cerca el mundo universitario, sino tambi\u00e9n explorar sus habilidades y talentos a trav\u00e9s de actividades pr\u00e1cticas en distintas \u00e1reas del conocimiento.<\/p>\n\n\n\n<p>Durante la visita, los j\u00f3venes participaron en una serie de espacios dise\u00f1ados para conectar sus intereses con una posible vocaci\u00f3n, contribuyendo as\u00ed a que su elecci\u00f3n de carrera est\u00e9 guiada por la reflexi\u00f3n y la informaci\u00f3n. La universidad reafirma as\u00ed su compromiso con el acompa\u00f1amiento en la construcci\u00f3n de proyectos de vida con sentido y prop\u00f3sito.<\/p>\n\n\n\n<figure class=\"wp-block-image size-large\"><img decoding=\"async\" src=\"https:\/\/www.ucatolica.edu.co\/portal\/wp-content\/uploads\/2025\/06\/COLEGIO_INFANCIADEJESUStalleres.jpg\" alt=\"\"\/><\/figure>\n\n\n\n<p><strong>Una jornada llena de aprendizaje y vocaci\u00f3n<\/strong><\/p>\n\n\n\n<p>Los estudiantes interactuaron con profesores y profesionales en actividades como:<\/p>\n\n\n\n<ul class=\"wp-block-list\">\n<li>Pausa activa y cognitiva con Bienestar Universitario<\/li>\n\n\n\n<li><em>Derecho y vocaci\u00f3n: construyendo tu camino<\/em><\/li>\n\n\n\n<li>Taller de Ingenier\u00eda<\/li>\n\n\n\n<li><em>La potencia del dise\u00f1o<\/em><\/li>\n\n\n\n<li>Casos reales desde el rol del Psic\u00f3logo<\/li>\n\n\n\n<li><em>CEO por un d\u00eda<\/em> con Ciencias Econ\u00f3micas y Administrativas<\/li>\n<\/ul>\n\n\n\n<p>Cada una de estas experiencias fue pensada para mostrarles a los visitantes c\u00f3mo se vive la formaci\u00f3n universitaria en la Cat\u00f3lica, desde la teor\u00eda hasta la pr\u00e1ctica, fomentando una conexi\u00f3n real con sus posibles futuros.<\/p>\n\n\n\n<figure class=\"wp-block-image size-full\"><img fetchpriority=\"high\" decoding=\"async\" width=\"870\" height=\"522\" src=\"https:\/\/www.ucatolica.edu.co\/portal\/wp-content\/uploads\/2025\/06\/COLEGIO_INFANCIADEJESUStaller2.jpg\" alt=\"\" class=\"wp-image-117796\"\/><\/figure>\n\n\n\n<p><strong>Testimonios que inspiran<\/strong><\/p>\n\n\n\n<p>Valeria Masmela, estudiante de grado d\u00e9cimo, comparti\u00f3:<br><em>\u201cVisitar la universidad me pareci\u00f3 una experiencia muy bonita. No conoc\u00eda sus instalaciones, me caus\u00f3 mucha curiosidad cada laboratorio y cada espacio. Me llam\u00f3 mucho la atenci\u00f3n la Facultad de Psicolog\u00eda; estuvimos en el cuarto oscuro, recreamos una situaci\u00f3n, fue una experiencia muy ch\u00e9vere. Estas visitas nos ayudan a no sentirnos perdidos cuando terminemos el colegio y nos dan una gu\u00eda para saber qu\u00e9 camino seguir.\u201d<\/em><\/p>\n\n\n\n<p>Por su parte, Ana Luc\u00eda Quintero Ardila, psicoorientadora del colegio, resalt\u00f3:<br><em>\u201cDesde psicoorientaci\u00f3n buscamos que los estudiantes construyan un proyecto de vida realista, en el que vean la educaci\u00f3n superior como una posibilidad alcanzable. Me encant\u00f3 la experiencia en la Universidad Cat\u00f3lica de Colombia: se siente su identidad, el trato fue excelente, los profesores muestran una gran calidad humana, y las instalaciones son muy completas. Es una visita que deja huella.\u201d<\/em><\/p>\n\n\n\n<figure class=\"wp-block-embed is-type-video is-provider-youtube wp-block-embed-youtube wp-embed-aspect-16-9 wp-has-aspect-ratio\"><div class=\"wp-block-embed__wrapper\">\n<div class=\"video-container\"><iframe title=\"Visita Colegio Infancia de Jes\u00fas\" width=\"500\" height=\"281\" src=\"https:\/\/www.youtube.com\/embed\/oTD5WfAEnjs?feature=oembed\" frameborder=\"0\" allow=\"accelerometer; autoplay; clipboard-write; encrypted-media; gyroscope; picture-in-picture; web-share\" referrerpolicy=\"strict-origin-when-cross-origin\" allowfullscreen><\/iframe><\/div>\n<\/div><\/figure>\n\n\n\n<p><strong>Un compromiso con el futuro<\/strong><\/p>\n\n\n\n<p>Este tipo de encuentros hacen parte del trabajo articulado entre la Universidad Cat\u00f3lica de Colombia y las instituciones educativas, con el objetivo de sembrar en los j\u00f3venes la motivaci\u00f3n por construir un proyecto profesional s\u00f3lido y alineado con sus pasiones. La Universidad contin\u00faa abriendo sus puertas para que m\u00e1s estudiantes descubran su camino con herramientas, experiencias y orientaci\u00f3n que marcan la diferencia.<\/p>\n\n\n\n<p>Si quieres que tu instituci\u00f3n tambi\u00e9n viva esta experiencia, puedes escribirnos a: <strong><a>mercadeo@ucatolica.edu.co<\/a><\/strong><\/p>\n","protected":false},"excerpt":{"rendered":"<p>La Universidad Cat\u00f3lica de Colombia recibi\u00f3 a los estudiantes de grado 10 y 11 del Centro Educativo Infancia de Jes\u00fas, quienes vivieron una jornada de inmersi\u00f3n pensada especialmente para orientar sus decisiones sobre el futuro profesional. Esta experiencia no solo les permiti\u00f3 conocer de cerca el mundo universitario, sino tambi\u00e9n explorar sus habilidades y talentos [&hellip;]<\/p>\n","protected":false},"author":4,"featured_media":117795,"comment_status":"open","ping_status":"open","sticky":false,"template":"","format":"standard","meta":{"_acf_changed":false,"advgb_blocks_editor_width":"","advgb_blocks_columns_visual_guide":"","footnotes":""},"categories":[93],"tags":[3190,3137,1754],"class_list":["post-117794","post","type-post","status-publish","format-standard","has-post-thumbnail","hentry","category-noticias-principales","tag-centro-educativo-infancia-de-jesus","tag-futuro-profesional","tag-vocacion"],"acf":[],"yoast_head":"<!-- This site is optimized with the Yoast SEO plugin v26.7 - https:\/\/yoast.com\/wordpress\/plugins\/seo\/ -->\n<title>La Universidad Cat\u00f3lica de Colombia abre sus puertas al futuro de los j\u00f3venes del Centro Educativo Infancia de Jes\u00fas - Universidad Cat\u00f3lica De Colombia<\/title>\n<meta name=\"robots\" content=\"index, follow, max-snippet:-1, max-image-preview:large, max-video-preview:-1\" \/>\n<link rel=\"canonical\" href=\"https:\/\/www.ucatolica.edu.co\/portal\/la-universidad-catolica-de-colombia-abre-sus-puertas-al-futuro-de-los-jovenes-del-centro-educativo-infancia-de-jesus\/\" \/>\n<meta property=\"og:locale\" content=\"es_ES\" \/>\n<meta property=\"og:type\" content=\"article\" \/>\n<meta property=\"og:title\" content=\"La Universidad Cat\u00f3lica de Colombia abre sus puertas al futuro de los j\u00f3venes del Centro Educativo Infancia de Jes\u00fas - Universidad Cat\u00f3lica De Colombia\" \/>\n<meta property=\"og:description\" content=\"La Universidad Cat\u00f3lica de Colombia recibi\u00f3 a los estudiantes de grado 10 y 11 del Centro Educativo Infancia de Jes\u00fas, quienes vivieron una jornada de inmersi\u00f3n pensada especialmente para orientar sus decisiones sobre el futuro profesional. Esta experiencia no solo les permiti\u00f3 conocer de cerca el mundo universitario, sino tambi\u00e9n explorar sus habilidades y talentos [&hellip;]\" \/>\n<meta property=\"og:url\" content=\"https:\/\/www.ucatolica.edu.co\/portal\/la-universidad-catolica-de-colombia-abre-sus-puertas-al-futuro-de-los-jovenes-del-centro-educativo-infancia-de-jesus\/\" \/>\n<meta property=\"og:site_name\" content=\"Universidad Cat\u00f3lica De Colombia\" \/>\n<meta property=\"article:publisher\" content=\"https:\/\/www.facebook.com\/ucatolicacolombia\" \/>\n<meta property=\"article:published_time\" content=\"2025-06-09T14:50:57+00:00\" \/>\n<meta property=\"article:modified_time\" content=\"2025-06-09T14:50:58+00:00\" \/>\n<meta property=\"og:image\" content=\"https:\/\/www.ucatolica.edu.co\/portal\/wp-content\/uploads\/2025\/06\/COLEGIO_INFANCIADEJESUS.jpg\" \/>\n\t<meta property=\"og:image:width\" content=\"870\" \/>\n\t<meta property=\"og:image:height\" content=\"522\" \/>\n\t<meta property=\"og:image:type\" content=\"image\/jpeg\" \/>\n<meta name=\"author\" content=\"Cindy Lugo\" \/>\n<meta name=\"twitter:card\" content=\"summary_large_image\" \/>\n<meta name=\"twitter:creator\" content=\"@UCatolicaCol\" \/>\n<meta name=\"twitter:site\" content=\"@UCatolicaCol\" \/>\n<meta name=\"twitter:label1\" content=\"Escrito por\" \/>\n\t<meta name=\"twitter:data1\" content=\"Cindy Lugo\" \/>\n\t<meta name=\"twitter:label2\" content=\"Tiempo de lectura\" \/>\n\t<meta name=\"twitter:data2\" content=\"2 minutos\" \/>\n<script type=\"application\/ld+json\" class=\"yoast-schema-graph\">{\"@context\":\"https:\/\/schema.org\",\"@graph\":[{\"@type\":\"Article\",\"@id\":\"https:\/\/www.ucatolica.edu.co\/portal\/la-universidad-catolica-de-colombia-abre-sus-puertas-al-futuro-de-los-jovenes-del-centro-educativo-infancia-de-jesus\/#article\",\"isPartOf\":{\"@id\":\"https:\/\/www.ucatolica.edu.co\/portal\/la-universidad-catolica-de-colombia-abre-sus-puertas-al-futuro-de-los-jovenes-del-centro-educativo-infancia-de-jesus\/\"},\"author\":{\"name\":\"Cindy Lugo\",\"@id\":\"https:\/\/www.ucatolica.edu.co\/portal\/#\/schema\/person\/a7469afff252fba81c6cdc40c80f00b6\"},\"headline\":\"La Universidad Cat\u00f3lica de Colombia abre sus puertas al futuro de los j\u00f3venes del Centro Educativo Infancia de Jes\u00fas\",\"datePublished\":\"2025-06-09T14:50:57+00:00\",\"dateModified\":\"2025-06-09T14:50:58+00:00\",\"mainEntityOfPage\":{\"@id\":\"https:\/\/www.ucatolica.edu.co\/portal\/la-universidad-catolica-de-colombia-abre-sus-puertas-al-futuro-de-los-jovenes-del-centro-educativo-infancia-de-jesus\/\"},\"wordCount\":515,\"commentCount\":0,\"publisher\":{\"@id\":\"https:\/\/www.ucatolica.edu.co\/portal\/#organization\"},\"image\":{\"@id\":\"https:\/\/www.ucatolica.edu.co\/portal\/la-universidad-catolica-de-colombia-abre-sus-puertas-al-futuro-de-los-jovenes-del-centro-educativo-infancia-de-jesus\/#primaryimage\"},\"thumbnailUrl\":\"https:\/\/www.ucatolica.edu.co\/portal\/wp-content\/uploads\/2025\/06\/COLEGIO_INFANCIADEJESUS.jpg\",\"keywords\":[\"Centro Educativo Infancia de Jes\u00fas\",\"Futuro profesional\",\"Vocaci\u00f3n\"],\"articleSection\":[\"Noticias Principales\"],\"inLanguage\":\"es-CO\"},{\"@type\":\"WebPage\",\"@id\":\"https:\/\/www.ucatolica.edu.co\/portal\/la-universidad-catolica-de-colombia-abre-sus-puertas-al-futuro-de-los-jovenes-del-centro-educativo-infancia-de-jesus\/\",\"url\":\"https:\/\/www.ucatolica.edu.co\/portal\/la-universidad-catolica-de-colombia-abre-sus-puertas-al-futuro-de-los-jovenes-del-centro-educativo-infancia-de-jesus\/\",\"name\":\"La Universidad Cat\u00f3lica de Colombia abre sus puertas al futuro de los j\u00f3venes del Centro Educativo Infancia de Jes\u00fas - Universidad Cat\u00f3lica De Colombia\",\"isPartOf\":{\"@id\":\"https:\/\/www.ucatolica.edu.co\/portal\/#website\"},\"primaryImageOfPage\":{\"@id\":\"https:\/\/www.ucatolica.edu.co\/portal\/la-universidad-catolica-de-colombia-abre-sus-puertas-al-futuro-de-los-jovenes-del-centro-educativo-infancia-de-jesus\/#primaryimage\"},\"image\":{\"@id\":\"https:\/\/www.ucatolica.edu.co\/portal\/la-universidad-catolica-de-colombia-abre-sus-puertas-al-futuro-de-los-jovenes-del-centro-educativo-infancia-de-jesus\/#primaryimage\"},\"thumbnailUrl\":\"https:\/\/www.ucatolica.edu.co\/portal\/wp-content\/uploads\/2025\/06\/COLEGIO_INFANCIADEJESUS.jpg\",\"datePublished\":\"2025-06-09T14:50:57+00:00\",\"dateModified\":\"2025-06-09T14:50:58+00:00\",\"breadcrumb\":{\"@id\":\"https:\/\/www.ucatolica.edu.co\/portal\/la-universidad-catolica-de-colombia-abre-sus-puertas-al-futuro-de-los-jovenes-del-centro-educativo-infancia-de-jesus\/#breadcrumb\"},\"inLanguage\":\"es-CO\",\"potentialAction\":[{\"@type\":\"ReadAction\",\"target\":[\"https:\/\/www.ucatolica.edu.co\/portal\/la-universidad-catolica-de-colombia-abre-sus-puertas-al-futuro-de-los-jovenes-del-centro-educativo-infancia-de-jesus\/\"]}]},{\"@type\":\"ImageObject\",\"inLanguage\":\"es-CO\",\"@id\":\"https:\/\/www.ucatolica.edu.co\/portal\/la-universidad-catolica-de-colombia-abre-sus-puertas-al-futuro-de-los-jovenes-del-centro-educativo-infancia-de-jesus\/#primaryimage\",\"url\":\"https:\/\/www.ucatolica.edu.co\/portal\/wp-content\/uploads\/2025\/06\/COLEGIO_INFANCIADEJESUS.jpg\",\"contentUrl\":\"https:\/\/www.ucatolica.edu.co\/portal\/wp-content\/uploads\/2025\/06\/COLEGIO_INFANCIADEJESUS.jpg\",\"width\":870,\"height\":522},{\"@type\":\"BreadcrumbList\",\"@id\":\"https:\/\/www.ucatolica.edu.co\/portal\/la-universidad-catolica-de-colombia-abre-sus-puertas-al-futuro-de-los-jovenes-del-centro-educativo-infancia-de-jesus\/#breadcrumb\",\"itemListElement\":[{\"@type\":\"ListItem\",\"position\":1,\"name\":\"Inicio\",\"item\":\"https:\/\/www.ucatolica.edu.co\/portal\/\"},{\"@type\":\"ListItem\",\"position\":2,\"name\":\"La Universidad Cat\u00f3lica de Colombia abre sus puertas al futuro de los j\u00f3venes del Centro Educativo Infancia de Jes\u00fas\"}]},{\"@type\":\"WebSite\",\"@id\":\"https:\/\/www.ucatolica.edu.co\/portal\/#website\",\"url\":\"https:\/\/www.ucatolica.edu.co\/portal\/\",\"name\":\"Universidad Cat\u00f3lica De Colombia\",\"description\":\"Universidad Cat\u00f3lica De Colombia\",\"publisher\":{\"@id\":\"https:\/\/www.ucatolica.edu.co\/portal\/#organization\"},\"potentialAction\":[{\"@type\":\"SearchAction\",\"target\":{\"@type\":\"EntryPoint\",\"urlTemplate\":\"https:\/\/www.ucatolica.edu.co\/portal\/?s={search_term_string}\"},\"query-input\":{\"@type\":\"PropertyValueSpecification\",\"valueRequired\":true,\"valueName\":\"search_term_string\"}}],\"inLanguage\":\"es-CO\"},{\"@type\":\"Organization\",\"@id\":\"https:\/\/www.ucatolica.edu.co\/portal\/#organization\",\"name\":\"Universidad Cat\u00f3lica de Colombia\",\"url\":\"https:\/\/www.ucatolica.edu.co\/portal\/\",\"logo\":{\"@type\":\"ImageObject\",\"inLanguage\":\"es-CO\",\"@id\":\"https:\/\/www.ucatolica.edu.co\/portal\/#\/schema\/logo\/image\/\",\"url\":\"https:\/\/www.ucatolica.edu.co\/portal\/wp-content\/uploads\/2021\/06\/logo-header-ho-1.svg\",\"contentUrl\":\"https:\/\/www.ucatolica.edu.co\/portal\/wp-content\/uploads\/2021\/06\/logo-header-ho-1.svg\",\"width\":1,\"height\":1,\"caption\":\"Universidad Cat\u00f3lica de Colombia\"},\"image\":{\"@id\":\"https:\/\/www.ucatolica.edu.co\/portal\/#\/schema\/logo\/image\/\"},\"sameAs\":[\"https:\/\/www.facebook.com\/ucatolicacolombia\",\"https:\/\/x.com\/UCatolicaCol\",\"https:\/\/www.instagram.com\/universidadcatolicadecolombia\/\",\"https:\/\/www.linkedin.com\/company\/universidadcatolicadecolombia\/\",\"https:\/\/www.youtube.com\/user\/UCatolicaCo\"]},{\"@type\":\"Person\",\"@id\":\"https:\/\/www.ucatolica.edu.co\/portal\/#\/schema\/person\/a7469afff252fba81c6cdc40c80f00b6\",\"name\":\"Cindy Lugo\",\"url\":\"https:\/\/www.ucatolica.edu.co\/portal\/author\/cindy\/\"}]}<\/script>\n<!-- \/ Yoast SEO plugin. -->","yoast_head_json":{"title":"La Universidad Cat\u00f3lica de Colombia abre sus puertas al futuro de los j\u00f3venes del Centro Educativo Infancia de Jes\u00fas - Universidad Cat\u00f3lica De Colombia","robots":{"index":"index","follow":"follow","max-snippet":"max-snippet:-1","max-image-preview":"max-image-preview:large","max-video-preview":"max-video-preview:-1"},"canonical":"https:\/\/www.ucatolica.edu.co\/portal\/la-universidad-catolica-de-colombia-abre-sus-puertas-al-futuro-de-los-jovenes-del-centro-educativo-infancia-de-jesus\/","og_locale":"es_ES","og_type":"article","og_title":"La Universidad Cat\u00f3lica de Colombia abre sus puertas al futuro de los j\u00f3venes del Centro Educativo Infancia de Jes\u00fas - Universidad Cat\u00f3lica De Colombia","og_description":"La Universidad Cat\u00f3lica de Colombia recibi\u00f3 a los estudiantes de grado 10 y 11 del Centro Educativo Infancia de Jes\u00fas, quienes vivieron una jornada de inmersi\u00f3n pensada especialmente para orientar sus decisiones sobre el futuro profesional. Esta experiencia no solo les permiti\u00f3 conocer de cerca el mundo universitario, sino tambi\u00e9n explorar sus habilidades y talentos [&hellip;]","og_url":"https:\/\/www.ucatolica.edu.co\/portal\/la-universidad-catolica-de-colombia-abre-sus-puertas-al-futuro-de-los-jovenes-del-centro-educativo-infancia-de-jesus\/","og_site_name":"Universidad Cat\u00f3lica De Colombia","article_publisher":"https:\/\/www.facebook.com\/ucatolicacolombia","article_published_time":"2025-06-09T14:50:57+00:00","article_modified_time":"2025-06-09T14:50:58+00:00","og_image":[{"width":870,"height":522,"url":"https:\/\/www.ucatolica.edu.co\/portal\/wp-content\/uploads\/2025\/06\/COLEGIO_INFANCIADEJESUS.jpg","type":"image\/jpeg"}],"author":"Cindy Lugo","twitter_card":"summary_large_image","twitter_creator":"@UCatolicaCol","twitter_site":"@UCatolicaCol","twitter_misc":{"Escrito por":"Cindy Lugo","Tiempo de lectura":"2 minutos"},"schema":{"@context":"https:\/\/schema.org","@graph":[{"@type":"Article","@id":"https:\/\/www.ucatolica.edu.co\/portal\/la-universidad-catolica-de-colombia-abre-sus-puertas-al-futuro-de-los-jovenes-del-centro-educativo-infancia-de-jesus\/#article","isPartOf":{"@id":"https:\/\/www.ucatolica.edu.co\/portal\/la-universidad-catolica-de-colombia-abre-sus-puertas-al-futuro-de-los-jovenes-del-centro-educativo-infancia-de-jesus\/"},"author":{"name":"Cindy Lugo","@id":"https:\/\/www.ucatolica.edu.co\/portal\/#\/schema\/person\/a7469afff252fba81c6cdc40c80f00b6"},"headline":"La Universidad Cat\u00f3lica de Colombia abre sus puertas al futuro de los j\u00f3venes del Centro Educativo Infancia de Jes\u00fas","datePublished":"2025-06-09T14:50:57+00:00","dateModified":"2025-06-09T14:50:58+00:00","mainEntityOfPage":{"@id":"https:\/\/www.ucatolica.edu.co\/portal\/la-universidad-catolica-de-colombia-abre-sus-puertas-al-futuro-de-los-jovenes-del-centro-educativo-infancia-de-jesus\/"},"wordCount":515,"commentCount":0,"publisher":{"@id":"https:\/\/www.ucatolica.edu.co\/portal\/#organization"},"image":{"@id":"https:\/\/www.ucatolica.edu.co\/portal\/la-universidad-catolica-de-colombia-abre-sus-puertas-al-futuro-de-los-jovenes-del-centro-educativo-infancia-de-jesus\/#primaryimage"},"thumbnailUrl":"https:\/\/www.ucatolica.edu.co\/portal\/wp-content\/uploads\/2025\/06\/COLEGIO_INFANCIADEJESUS.jpg","keywords":["Centro Educativo Infancia de Jes\u00fas","Futuro profesional","Vocaci\u00f3n"],"articleSection":["Noticias Principales"],"inLanguage":"es-CO"},{"@type":"WebPage","@id":"https:\/\/www.ucatolica.edu.co\/portal\/la-universidad-catolica-de-colombia-abre-sus-puertas-al-futuro-de-los-jovenes-del-centro-educativo-infancia-de-jesus\/","url":"https:\/\/www.ucatolica.edu.co\/portal\/la-universidad-catolica-de-colombia-abre-sus-puertas-al-futuro-de-los-jovenes-del-centro-educativo-infancia-de-jesus\/","name":"La Universidad Cat\u00f3lica de Colombia abre sus puertas al futuro de los j\u00f3venes del Centro Educativo Infancia de Jes\u00fas - Universidad Cat\u00f3lica De Colombia","isPartOf":{"@id":"https:\/\/www.ucatolica.edu.co\/portal\/#website"},"primaryImageOfPage":{"@id":"https:\/\/www.ucatolica.edu.co\/portal\/la-universidad-catolica-de-colombia-abre-sus-puertas-al-futuro-de-los-jovenes-del-centro-educativo-infancia-de-jesus\/#primaryimage"},"image":{"@id":"https:\/\/www.ucatolica.edu.co\/portal\/la-universidad-catolica-de-colombia-abre-sus-puertas-al-futuro-de-los-jovenes-del-centro-educativo-infancia-de-jesus\/#primaryimage"},"thumbnailUrl":"https:\/\/www.ucatolica.edu.co\/portal\/wp-content\/uploads\/2025\/06\/COLEGIO_INFANCIADEJESUS.jpg","datePublished":"2025-06-09T14:50:57+00:00","dateModified":"2025-06-09T14:50:58+00:00","breadcrumb":{"@id":"https:\/\/www.ucatolica.edu.co\/portal\/la-universidad-catolica-de-colombia-abre-sus-puertas-al-futuro-de-los-jovenes-del-centro-educativo-infancia-de-jesus\/#breadcrumb"},"inLanguage":"es-CO","potentialAction":[{"@type":"ReadAction","target":["https:\/\/www.ucatolica.edu.co\/portal\/la-universidad-catolica-de-colombia-abre-sus-puertas-al-futuro-de-los-jovenes-del-centro-educativo-infancia-de-jesus\/"]}]},{"@type":"ImageObject","inLanguage":"es-CO","@id":"https:\/\/www.ucatolica.edu.co\/portal\/la-universidad-catolica-de-colombia-abre-sus-puertas-al-futuro-de-los-jovenes-del-centro-educativo-infancia-de-jesus\/#primaryimage","url":"https:\/\/www.ucatolica.edu.co\/portal\/wp-content\/uploads\/2025\/06\/COLEGIO_INFANCIADEJESUS.jpg","contentUrl":"https:\/\/www.ucatolica.edu.co\/portal\/wp-content\/uploads\/2025\/06\/COLEGIO_INFANCIADEJESUS.jpg","width":870,"height":522},{"@type":"BreadcrumbList","@id":"https:\/\/www.ucatolica.edu.co\/portal\/la-universidad-catolica-de-colombia-abre-sus-puertas-al-futuro-de-los-jovenes-del-centro-educativo-infancia-de-jesus\/#breadcrumb","itemListElement":[{"@type":"ListItem","position":1,"name":"Inicio","item":"https:\/\/www.ucatolica.edu.co\/portal\/"},{"@type":"ListItem","position":2,"name":"La Universidad Cat\u00f3lica de Colombia abre sus puertas al futuro de los j\u00f3venes del Centro Educativo Infancia de Jes\u00fas"}]},{"@type":"WebSite","@id":"https:\/\/www.ucatolica.edu.co\/portal\/#website","url":"https:\/\/www.ucatolica.edu.co\/portal\/","name":"Universidad Cat\u00f3lica De Colombia","description":"Universidad Cat\u00f3lica De Colombia","publisher":{"@id":"https:\/\/www.ucatolica.edu.co\/portal\/#organization"},"potentialAction":[{"@type":"SearchAction","target":{"@type":"EntryPoint","urlTemplate":"https:\/\/www.ucatolica.edu.co\/portal\/?s={search_term_string}"},"query-input":{"@type":"PropertyValueSpecification","valueRequired":true,"valueName":"search_term_string"}}],"inLanguage":"es-CO"},{"@type":"Organization","@id":"https:\/\/www.ucatolica.edu.co\/portal\/#organization","name":"Universidad Cat\u00f3lica de Colombia","url":"https:\/\/www.ucatolica.edu.co\/portal\/","logo":{"@type":"ImageObject","inLanguage":"es-CO","@id":"https:\/\/www.ucatolica.edu.co\/portal\/#\/schema\/logo\/image\/","url":"https:\/\/www.ucatolica.edu.co\/portal\/wp-content\/uploads\/2021\/06\/logo-header-ho-1.svg","contentUrl":"https:\/\/www.ucatolica.edu.co\/portal\/wp-content\/uploads\/2021\/06\/logo-header-ho-1.svg","width":1,"height":1,"caption":"Universidad Cat\u00f3lica de Colombia"},"image":{"@id":"https:\/\/www.ucatolica.edu.co\/portal\/#\/schema\/logo\/image\/"},"sameAs":["https:\/\/www.facebook.com\/ucatolicacolombia","https:\/\/x.com\/UCatolicaCol","https:\/\/www.instagram.com\/universidadcatolicadecolombia\/","https:\/\/www.linkedin.com\/company\/universidadcatolicadecolombia\/","https:\/\/www.youtube.com\/user\/UCatolicaCo"]},{"@type":"Person","@id":"https:\/\/www.ucatolica.edu.co\/portal\/#\/schema\/person\/a7469afff252fba81c6cdc40c80f00b6","name":"Cindy Lugo","url":"https:\/\/www.ucatolica.edu.co\/portal\/author\/cindy\/"}]}},"author_meta":{"display_name":"Cindy Lugo","author_link":"https:\/\/www.ucatolica.edu.co\/portal\/author\/cindy\/"},"featured_img":"https:\/\/www.ucatolica.edu.co\/portal\/wp-content\/uploads\/2025\/06\/COLEGIO_INFANCIADEJESUS.jpg","coauthors":[],"tax_additional":{"categories":{"linked":["<a href=\"https:\/\/www.ucatolica.edu.co\/portal\/category\/noticias-principales\/\" class=\"advgb-post-tax-term\">Noticias Principales<\/a>"],"unlinked":["<span class=\"advgb-post-tax-term\">Noticias Principales<\/span>"]},"tags":{"linked":["<a href=\"https:\/\/www.ucatolica.edu.co\/portal\/category\/noticias-principales\/\" class=\"advgb-post-tax-term\">Centro Educativo Infancia de Jes\u00fas<\/a>","<a href=\"https:\/\/www.ucatolica.edu.co\/portal\/category\/noticias-principales\/\" class=\"advgb-post-tax-term\">Futuro profesional<\/a>","<a href=\"https:\/\/www.ucatolica.edu.co\/portal\/category\/noticias-principales\/\" class=\"advgb-post-tax-term\">Vocaci\u00f3n<\/a>"],"unlinked":["<span class=\"advgb-post-tax-term\">Centro Educativo Infancia de Jes\u00fas<\/span>","<span class=\"advgb-post-tax-term\">Futuro profesional<\/span>","<span class=\"advgb-post-tax-term\">Vocaci\u00f3n<\/span>"]}},"comment_count":"0","relative_dates":{"created":"Posted 11 meses ago","modified":"Updated 11 meses ago"},"absolute_dates":{"created":"Posted on 9 junio, 2025","modified":"Updated on 9 junio, 2025"},"absolute_dates_time":{"created":"Posted on 9 junio, 2025 9:50 am","modified":"Updated on 9 junio, 2025 9:50 am"},"featured_img_caption":"","series_order":"","_links":{"self":[{"href":"https:\/\/www.ucatolica.edu.co\/portal\/wp-json\/wp\/v2\/posts\/117794","targetHints":{"allow":["GET"]}}],"collection":[{"href":"https:\/\/www.ucatolica.edu.co\/portal\/wp-json\/wp\/v2\/posts"}],"about":[{"href":"https:\/\/www.ucatolica.edu.co\/portal\/wp-json\/wp\/v2\/types\/post"}],"author":[{"embeddable":true,"href":"https:\/\/www.ucatolica.edu.co\/portal\/wp-json\/wp\/v2\/users\/4"}],"replies":[{"embeddable":true,"href":"https:\/\/www.ucatolica.edu.co\/portal\/wp-json\/wp\/v2\/comments?post=117794"}],"version-history":[{"count":2,"href":"https:\/\/www.ucatolica.edu.co\/portal\/wp-json\/wp\/v2\/posts\/117794\/revisions"}],"predecessor-version":[{"id":117799,"href":"https:\/\/www.ucatolica.edu.co\/portal\/wp-json\/wp\/v2\/posts\/117794\/revisions\/117799"}],"wp:featuredmedia":[{"embeddable":true,"href":"https:\/\/www.ucatolica.edu.co\/portal\/wp-json\/wp\/v2\/media\/117795"}],"wp:attachment":[{"href":"https:\/\/www.ucatolica.edu.co\/portal\/wp-json\/wp\/v2\/media?parent=117794"}],"wp:term":[{"taxonomy":"category","embeddable":true,"href":"https:\/\/www.ucatolica.edu.co\/portal\/wp-json\/wp\/v2\/categories?post=117794"},{"taxonomy":"post_tag","embeddable":true,"href":"https:\/\/www.ucatolica.edu.co\/portal\/wp-json\/wp\/v2\/tags?post=117794"}],"curies":[{"name":"wp","href":"https:\/\/api.w.org\/{rel}","templated":true}]}}