{"id":117928,"date":"2025-06-12T10:13:59","date_gmt":"2025-06-12T15:13:59","guid":{"rendered":"https:\/\/www.ucatolica.edu.co\/portal\/?p=117928"},"modified":"2025-06-12T10:49:20","modified_gmt":"2025-06-12T15:49:20","slug":"estudiantes-del-colegio-antonio-narino-vivieron-una-experiencia-inmersiva-en-la-universidad-catolica-de-colombia","status":"publish","type":"post","link":"https:\/\/www.ucatolica.edu.co\/portal\/estudiantes-del-colegio-antonio-narino-vivieron-una-experiencia-inmersiva-en-la-universidad-catolica-de-colombia\/","title":{"rendered":"Estudiantes del Colegio Antonio Nari\u00f1o vivieron una experiencia inmersiva en la Universidad Cat\u00f3lica de Colombia"},"content":{"rendered":"\n<p>La Universidad Cat\u00f3lica de Colombia recibi\u00f3 a los estudiantes de grado 11 del Colegio Antonio Nari\u00f1o para participar en una jornada inmersiva dise\u00f1ada para ayudarlos a explorar su vocaci\u00f3n, identificar sus habilidades y tomar decisiones informadas sobre su futuro profesional.<\/p>\n\n\n\n<p>Durante la visita, los j\u00f3venes tuvieron la oportunidad de interactuar con diversas \u00e1reas del conocimiento por medio de actividades din\u00e1micas y pr\u00e1cticas que les brindaron una visi\u00f3n m\u00e1s clara de las posibilidades acad\u00e9micas y profesionales que ofrece la Universidad.<\/p>\n\n\n\n<p>Algunas de las actividades destacadas fueron:<\/p>\n\n\n\n<ul class=\"wp-block-list\">\n<li><em>Detr\u00e1s del dinero: c\u00f3mo funciona el sistema financiero<\/em><\/li>\n\n\n\n<li><em>Psic\u00f3logo por un d\u00eda<\/em><\/li>\n\n\n\n<li><em>La potencia del dise\u00f1o<\/em><\/li>\n\n\n\n<li><em>Industria y tecnolog\u00eda para la sostenibilidad<\/em><\/li>\n\n\n\n<li><em>Derecho: una perspectiva de construcci\u00f3n del proyecto de vida<\/em><\/li>\n\n\n\n<li><em>Ingenier\u00eda civil: prep\u00e1rate para construir tu futuro<\/em><\/li>\n<\/ul>\n\n\n\n<p>Estas iniciativas hacen parte del compromiso de la Universidad Cat\u00f3lica de Colombia con la formaci\u00f3n integral de los j\u00f3venes, promoviendo una educaci\u00f3n orientada al desarrollo social, econ\u00f3mico y cultural del pa\u00eds.<\/p>\n\n\n\n<figure class=\"wp-block-image size-full\"><img fetchpriority=\"high\" decoding=\"async\" width=\"870\" height=\"522\" src=\"https:\/\/www.ucatolica.edu.co\/portal\/wp-content\/uploads\/2025\/06\/NOTICIA-2.jpg\" alt=\"\" class=\"wp-image-117930\"\/><\/figure>\n\n\n\n<p>La jornada tambi\u00e9n fue un espacio para el di\u00e1logo y la reflexi\u00f3n vocacional.<\/p>\n\n\n\n<p><strong>Testimonios que inspiran<\/strong><\/p>\n\n\n\n<p>Juan Esteban Ch\u00e1vez, estudiante:<strong> \u201cMe gusta el plan de estudios con el que cuenta la universidad, las ayudas que brindan a los estudiantes y que cuenten con tantos convenios. Con la charla vocacional que tuvimos, siento que pude entender m\u00e1s a profundidad las \u00e1reas de formaci\u00f3n de la universidad y as\u00ed saber qu\u00e9 es lo que me atrae m\u00e1s.\u201d<\/strong><\/p>\n\n\n\n<p>Mia Orozco, estudiante: <strong>\u201cMe parecieron ch\u00e9veres las carreras de Econom\u00eda y Finanzas, puesto que me interesan mucho esos temas, as\u00ed como el \u00e1mbito del Derecho. Adicionalmente, las especializaciones y el componente internacional con el que cuenta la Universidad Cat\u00f3lica me llamaron mucho la atenci\u00f3n.\u201d<\/strong><\/p>\n\n\n\n<figure class=\"wp-block-embed is-type-video is-provider-youtube wp-block-embed-youtube wp-embed-aspect-16-9 wp-has-aspect-ratio\"><div class=\"wp-block-embed__wrapper\">\n<div class=\"video-container\"><iframe title=\"Video Visita Gimnasio Antonio Narin\u0303o\" width=\"500\" height=\"281\" src=\"https:\/\/www.youtube.com\/embed\/l8FkskYS1pM?feature=oembed\" frameborder=\"0\" allow=\"accelerometer; autoplay; clipboard-write; encrypted-media; gyroscope; picture-in-picture; web-share\" referrerpolicy=\"strict-origin-when-cross-origin\" allowfullscreen><\/iframe><\/div>\n<\/div><\/figure>\n\n\n\n<p>Estas visitas forman parte del trabajo conjunto que la Universidad viene desarrollando con los colegios, con el prop\u00f3sito de construir futuros promisorios y formar profesionales comprometidos con el pa\u00eds desde su disciplina.<\/p>\n\n\n\n<p>Si deseas ser parte de estas experiencias, puedes comunicarte al correo electr\u00f3nico: <strong>mercadeo@ucatolica.edu.co<\/strong><\/p>\n","protected":false},"excerpt":{"rendered":"<p>La Universidad Cat\u00f3lica de Colombia recibi\u00f3 a los estudiantes de grado 11 del Colegio Antonio Nari\u00f1o para participar en una jornada inmersiva dise\u00f1ada para ayudarlos a explorar su vocaci\u00f3n, identificar sus habilidades y tomar decisiones informadas sobre su futuro profesional. Durante la visita, los j\u00f3venes tuvieron la oportunidad de interactuar con diversas \u00e1reas del conocimiento [&hellip;]<\/p>\n","protected":false},"author":64,"featured_media":117929,"comment_status":"open","ping_status":"open","sticky":false,"template":"","format":"standard","meta":{"_acf_changed":false,"advgb_blocks_editor_width":"","advgb_blocks_columns_visual_guide":"","footnotes":""},"categories":[93],"tags":[712,3118,3119,1754],"class_list":["post-117928","post","type-post","status-publish","format-standard","has-post-thumbnail","hentry","category-noticias-principales","tag-colegios","tag-habilidades-academicas","tag-inmersion-universitaria","tag-vocacion"],"acf":[],"yoast_head":"<!-- This site is optimized with the Yoast SEO plugin v26.7 - https:\/\/yoast.com\/wordpress\/plugins\/seo\/ -->\n<title>Estudiantes del Colegio Antonio Nari\u00f1o vivieron una experiencia inmersiva en la Universidad Cat\u00f3lica de Colombia - Universidad Cat\u00f3lica De Colombia<\/title>\n<meta name=\"robots\" content=\"index, follow, max-snippet:-1, max-image-preview:large, max-video-preview:-1\" \/>\n<link rel=\"canonical\" href=\"https:\/\/www.ucatolica.edu.co\/portal\/estudiantes-del-colegio-antonio-narino-vivieron-una-experiencia-inmersiva-en-la-universidad-catolica-de-colombia\/\" \/>\n<meta property=\"og:locale\" content=\"es_ES\" \/>\n<meta property=\"og:type\" content=\"article\" \/>\n<meta property=\"og:title\" content=\"Estudiantes del Colegio Antonio Nari\u00f1o vivieron una experiencia inmersiva en la Universidad Cat\u00f3lica de Colombia - Universidad Cat\u00f3lica De Colombia\" \/>\n<meta property=\"og:description\" content=\"La Universidad Cat\u00f3lica de Colombia recibi\u00f3 a los estudiantes de grado 11 del Colegio Antonio Nari\u00f1o para participar en una jornada inmersiva dise\u00f1ada para ayudarlos a explorar su vocaci\u00f3n, identificar sus habilidades y tomar decisiones informadas sobre su futuro profesional. Durante la visita, los j\u00f3venes tuvieron la oportunidad de interactuar con diversas \u00e1reas del conocimiento [&hellip;]\" \/>\n<meta property=\"og:url\" content=\"https:\/\/www.ucatolica.edu.co\/portal\/estudiantes-del-colegio-antonio-narino-vivieron-una-experiencia-inmersiva-en-la-universidad-catolica-de-colombia\/\" \/>\n<meta property=\"og:site_name\" content=\"Universidad Cat\u00f3lica De Colombia\" \/>\n<meta property=\"article:publisher\" content=\"https:\/\/www.facebook.com\/ucatolicacolombia\" \/>\n<meta property=\"article:published_time\" content=\"2025-06-12T15:13:59+00:00\" \/>\n<meta property=\"article:modified_time\" content=\"2025-06-12T15:49:20+00:00\" \/>\n<meta property=\"og:image\" content=\"https:\/\/www.ucatolica.edu.co\/portal\/wp-content\/uploads\/2025\/06\/NOTICIA1.jpg\" \/>\n\t<meta property=\"og:image:width\" content=\"870\" \/>\n\t<meta property=\"og:image:height\" content=\"522\" \/>\n\t<meta property=\"og:image:type\" content=\"image\/jpeg\" \/>\n<meta name=\"author\" content=\"Daniela Junco\" \/>\n<meta name=\"twitter:card\" content=\"summary_large_image\" \/>\n<meta name=\"twitter:creator\" content=\"@UCatolicaCol\" \/>\n<meta name=\"twitter:site\" content=\"@UCatolicaCol\" \/>\n<meta name=\"twitter:label1\" content=\"Escrito por\" \/>\n\t<meta name=\"twitter:data1\" content=\"Daniela Junco\" \/>\n\t<meta name=\"twitter:label2\" content=\"Tiempo de lectura\" \/>\n\t<meta name=\"twitter:data2\" content=\"2 minutos\" \/>\n<script type=\"application\/ld+json\" class=\"yoast-schema-graph\">{\"@context\":\"https:\/\/schema.org\",\"@graph\":[{\"@type\":\"Article\",\"@id\":\"https:\/\/www.ucatolica.edu.co\/portal\/estudiantes-del-colegio-antonio-narino-vivieron-una-experiencia-inmersiva-en-la-universidad-catolica-de-colombia\/#article\",\"isPartOf\":{\"@id\":\"https:\/\/www.ucatolica.edu.co\/portal\/estudiantes-del-colegio-antonio-narino-vivieron-una-experiencia-inmersiva-en-la-universidad-catolica-de-colombia\/\"},\"author\":{\"name\":\"Daniela Junco\",\"@id\":\"https:\/\/www.ucatolica.edu.co\/portal\/#\/schema\/person\/46b982b9085fee761b48b0bd54f8b9f8\"},\"headline\":\"Estudiantes del Colegio Antonio Nari\u00f1o vivieron una experiencia inmersiva en la Universidad Cat\u00f3lica de Colombia\",\"datePublished\":\"2025-06-12T15:13:59+00:00\",\"dateModified\":\"2025-06-12T15:49:20+00:00\",\"mainEntityOfPage\":{\"@id\":\"https:\/\/www.ucatolica.edu.co\/portal\/estudiantes-del-colegio-antonio-narino-vivieron-una-experiencia-inmersiva-en-la-universidad-catolica-de-colombia\/\"},\"wordCount\":382,\"commentCount\":0,\"publisher\":{\"@id\":\"https:\/\/www.ucatolica.edu.co\/portal\/#organization\"},\"image\":{\"@id\":\"https:\/\/www.ucatolica.edu.co\/portal\/estudiantes-del-colegio-antonio-narino-vivieron-una-experiencia-inmersiva-en-la-universidad-catolica-de-colombia\/#primaryimage\"},\"thumbnailUrl\":\"https:\/\/www.ucatolica.edu.co\/portal\/wp-content\/uploads\/2025\/06\/NOTICIA1.jpg\",\"keywords\":[\"Colegios\",\"Habilidades acad\u00e9micas\",\"Inmersi\u00f3n universitaria\",\"Vocaci\u00f3n\"],\"articleSection\":[\"Noticias Principales\"],\"inLanguage\":\"es-CO\"},{\"@type\":\"WebPage\",\"@id\":\"https:\/\/www.ucatolica.edu.co\/portal\/estudiantes-del-colegio-antonio-narino-vivieron-una-experiencia-inmersiva-en-la-universidad-catolica-de-colombia\/\",\"url\":\"https:\/\/www.ucatolica.edu.co\/portal\/estudiantes-del-colegio-antonio-narino-vivieron-una-experiencia-inmersiva-en-la-universidad-catolica-de-colombia\/\",\"name\":\"Estudiantes del Colegio Antonio Nari\u00f1o vivieron una experiencia inmersiva en la Universidad Cat\u00f3lica de Colombia - Universidad Cat\u00f3lica De Colombia\",\"isPartOf\":{\"@id\":\"https:\/\/www.ucatolica.edu.co\/portal\/#website\"},\"primaryImageOfPage\":{\"@id\":\"https:\/\/www.ucatolica.edu.co\/portal\/estudiantes-del-colegio-antonio-narino-vivieron-una-experiencia-inmersiva-en-la-universidad-catolica-de-colombia\/#primaryimage\"},\"image\":{\"@id\":\"https:\/\/www.ucatolica.edu.co\/portal\/estudiantes-del-colegio-antonio-narino-vivieron-una-experiencia-inmersiva-en-la-universidad-catolica-de-colombia\/#primaryimage\"},\"thumbnailUrl\":\"https:\/\/www.ucatolica.edu.co\/portal\/wp-content\/uploads\/2025\/06\/NOTICIA1.jpg\",\"datePublished\":\"2025-06-12T15:13:59+00:00\",\"dateModified\":\"2025-06-12T15:49:20+00:00\",\"breadcrumb\":{\"@id\":\"https:\/\/www.ucatolica.edu.co\/portal\/estudiantes-del-colegio-antonio-narino-vivieron-una-experiencia-inmersiva-en-la-universidad-catolica-de-colombia\/#breadcrumb\"},\"inLanguage\":\"es-CO\",\"potentialAction\":[{\"@type\":\"ReadAction\",\"target\":[\"https:\/\/www.ucatolica.edu.co\/portal\/estudiantes-del-colegio-antonio-narino-vivieron-una-experiencia-inmersiva-en-la-universidad-catolica-de-colombia\/\"]}]},{\"@type\":\"ImageObject\",\"inLanguage\":\"es-CO\",\"@id\":\"https:\/\/www.ucatolica.edu.co\/portal\/estudiantes-del-colegio-antonio-narino-vivieron-una-experiencia-inmersiva-en-la-universidad-catolica-de-colombia\/#primaryimage\",\"url\":\"https:\/\/www.ucatolica.edu.co\/portal\/wp-content\/uploads\/2025\/06\/NOTICIA1.jpg\",\"contentUrl\":\"https:\/\/www.ucatolica.edu.co\/portal\/wp-content\/uploads\/2025\/06\/NOTICIA1.jpg\",\"width\":870,\"height\":522,\"caption\":\"Estudiantes colegio A\u00d1\"},{\"@type\":\"BreadcrumbList\",\"@id\":\"https:\/\/www.ucatolica.edu.co\/portal\/estudiantes-del-colegio-antonio-narino-vivieron-una-experiencia-inmersiva-en-la-universidad-catolica-de-colombia\/#breadcrumb\",\"itemListElement\":[{\"@type\":\"ListItem\",\"position\":1,\"name\":\"Inicio\",\"item\":\"https:\/\/www.ucatolica.edu.co\/portal\/\"},{\"@type\":\"ListItem\",\"position\":2,\"name\":\"Estudiantes del Colegio Antonio Nari\u00f1o vivieron una experiencia inmersiva en la Universidad Cat\u00f3lica de Colombia\"}]},{\"@type\":\"WebSite\",\"@id\":\"https:\/\/www.ucatolica.edu.co\/portal\/#website\",\"url\":\"https:\/\/www.ucatolica.edu.co\/portal\/\",\"name\":\"Universidad Cat\u00f3lica De Colombia\",\"description\":\"Universidad Cat\u00f3lica De Colombia\",\"publisher\":{\"@id\":\"https:\/\/www.ucatolica.edu.co\/portal\/#organization\"},\"potentialAction\":[{\"@type\":\"SearchAction\",\"target\":{\"@type\":\"EntryPoint\",\"urlTemplate\":\"https:\/\/www.ucatolica.edu.co\/portal\/?s={search_term_string}\"},\"query-input\":{\"@type\":\"PropertyValueSpecification\",\"valueRequired\":true,\"valueName\":\"search_term_string\"}}],\"inLanguage\":\"es-CO\"},{\"@type\":\"Organization\",\"@id\":\"https:\/\/www.ucatolica.edu.co\/portal\/#organization\",\"name\":\"Universidad Cat\u00f3lica de Colombia\",\"url\":\"https:\/\/www.ucatolica.edu.co\/portal\/\",\"logo\":{\"@type\":\"ImageObject\",\"inLanguage\":\"es-CO\",\"@id\":\"https:\/\/www.ucatolica.edu.co\/portal\/#\/schema\/logo\/image\/\",\"url\":\"https:\/\/www.ucatolica.edu.co\/portal\/wp-content\/uploads\/2021\/06\/logo-header-ho-1.svg\",\"contentUrl\":\"https:\/\/www.ucatolica.edu.co\/portal\/wp-content\/uploads\/2021\/06\/logo-header-ho-1.svg\",\"width\":1,\"height\":1,\"caption\":\"Universidad Cat\u00f3lica de Colombia\"},\"image\":{\"@id\":\"https:\/\/www.ucatolica.edu.co\/portal\/#\/schema\/logo\/image\/\"},\"sameAs\":[\"https:\/\/www.facebook.com\/ucatolicacolombia\",\"https:\/\/x.com\/UCatolicaCol\",\"https:\/\/www.instagram.com\/universidadcatolicadecolombia\/\",\"https:\/\/www.linkedin.com\/company\/universidadcatolicadecolombia\/\",\"https:\/\/www.youtube.com\/user\/UCatolicaCo\"]},{\"@type\":\"Person\",\"@id\":\"https:\/\/www.ucatolica.edu.co\/portal\/#\/schema\/person\/46b982b9085fee761b48b0bd54f8b9f8\",\"name\":\"Daniela Junco\",\"url\":\"https:\/\/www.ucatolica.edu.co\/portal\/author\/daniela\/\"}]}<\/script>\n<!-- \/ Yoast SEO plugin. -->","yoast_head_json":{"title":"Estudiantes del Colegio Antonio Nari\u00f1o vivieron una experiencia inmersiva en la Universidad Cat\u00f3lica de Colombia - Universidad Cat\u00f3lica De Colombia","robots":{"index":"index","follow":"follow","max-snippet":"max-snippet:-1","max-image-preview":"max-image-preview:large","max-video-preview":"max-video-preview:-1"},"canonical":"https:\/\/www.ucatolica.edu.co\/portal\/estudiantes-del-colegio-antonio-narino-vivieron-una-experiencia-inmersiva-en-la-universidad-catolica-de-colombia\/","og_locale":"es_ES","og_type":"article","og_title":"Estudiantes del Colegio Antonio Nari\u00f1o vivieron una experiencia inmersiva en la Universidad Cat\u00f3lica de Colombia - Universidad Cat\u00f3lica De Colombia","og_description":"La Universidad Cat\u00f3lica de Colombia recibi\u00f3 a los estudiantes de grado 11 del Colegio Antonio Nari\u00f1o para participar en una jornada inmersiva dise\u00f1ada para ayudarlos a explorar su vocaci\u00f3n, identificar sus habilidades y tomar decisiones informadas sobre su futuro profesional. Durante la visita, los j\u00f3venes tuvieron la oportunidad de interactuar con diversas \u00e1reas del conocimiento [&hellip;]","og_url":"https:\/\/www.ucatolica.edu.co\/portal\/estudiantes-del-colegio-antonio-narino-vivieron-una-experiencia-inmersiva-en-la-universidad-catolica-de-colombia\/","og_site_name":"Universidad Cat\u00f3lica De Colombia","article_publisher":"https:\/\/www.facebook.com\/ucatolicacolombia","article_published_time":"2025-06-12T15:13:59+00:00","article_modified_time":"2025-06-12T15:49:20+00:00","og_image":[{"width":870,"height":522,"url":"https:\/\/www.ucatolica.edu.co\/portal\/wp-content\/uploads\/2025\/06\/NOTICIA1.jpg","type":"image\/jpeg"}],"author":"Daniela Junco","twitter_card":"summary_large_image","twitter_creator":"@UCatolicaCol","twitter_site":"@UCatolicaCol","twitter_misc":{"Escrito por":"Daniela Junco","Tiempo de lectura":"2 minutos"},"schema":{"@context":"https:\/\/schema.org","@graph":[{"@type":"Article","@id":"https:\/\/www.ucatolica.edu.co\/portal\/estudiantes-del-colegio-antonio-narino-vivieron-una-experiencia-inmersiva-en-la-universidad-catolica-de-colombia\/#article","isPartOf":{"@id":"https:\/\/www.ucatolica.edu.co\/portal\/estudiantes-del-colegio-antonio-narino-vivieron-una-experiencia-inmersiva-en-la-universidad-catolica-de-colombia\/"},"author":{"name":"Daniela Junco","@id":"https:\/\/www.ucatolica.edu.co\/portal\/#\/schema\/person\/46b982b9085fee761b48b0bd54f8b9f8"},"headline":"Estudiantes del Colegio Antonio Nari\u00f1o vivieron una experiencia inmersiva en la Universidad Cat\u00f3lica de Colombia","datePublished":"2025-06-12T15:13:59+00:00","dateModified":"2025-06-12T15:49:20+00:00","mainEntityOfPage":{"@id":"https:\/\/www.ucatolica.edu.co\/portal\/estudiantes-del-colegio-antonio-narino-vivieron-una-experiencia-inmersiva-en-la-universidad-catolica-de-colombia\/"},"wordCount":382,"commentCount":0,"publisher":{"@id":"https:\/\/www.ucatolica.edu.co\/portal\/#organization"},"image":{"@id":"https:\/\/www.ucatolica.edu.co\/portal\/estudiantes-del-colegio-antonio-narino-vivieron-una-experiencia-inmersiva-en-la-universidad-catolica-de-colombia\/#primaryimage"},"thumbnailUrl":"https:\/\/www.ucatolica.edu.co\/portal\/wp-content\/uploads\/2025\/06\/NOTICIA1.jpg","keywords":["Colegios","Habilidades acad\u00e9micas","Inmersi\u00f3n universitaria","Vocaci\u00f3n"],"articleSection":["Noticias Principales"],"inLanguage":"es-CO"},{"@type":"WebPage","@id":"https:\/\/www.ucatolica.edu.co\/portal\/estudiantes-del-colegio-antonio-narino-vivieron-una-experiencia-inmersiva-en-la-universidad-catolica-de-colombia\/","url":"https:\/\/www.ucatolica.edu.co\/portal\/estudiantes-del-colegio-antonio-narino-vivieron-una-experiencia-inmersiva-en-la-universidad-catolica-de-colombia\/","name":"Estudiantes del Colegio Antonio Nari\u00f1o vivieron una experiencia inmersiva en la Universidad Cat\u00f3lica de Colombia - Universidad Cat\u00f3lica De Colombia","isPartOf":{"@id":"https:\/\/www.ucatolica.edu.co\/portal\/#website"},"primaryImageOfPage":{"@id":"https:\/\/www.ucatolica.edu.co\/portal\/estudiantes-del-colegio-antonio-narino-vivieron-una-experiencia-inmersiva-en-la-universidad-catolica-de-colombia\/#primaryimage"},"image":{"@id":"https:\/\/www.ucatolica.edu.co\/portal\/estudiantes-del-colegio-antonio-narino-vivieron-una-experiencia-inmersiva-en-la-universidad-catolica-de-colombia\/#primaryimage"},"thumbnailUrl":"https:\/\/www.ucatolica.edu.co\/portal\/wp-content\/uploads\/2025\/06\/NOTICIA1.jpg","datePublished":"2025-06-12T15:13:59+00:00","dateModified":"2025-06-12T15:49:20+00:00","breadcrumb":{"@id":"https:\/\/www.ucatolica.edu.co\/portal\/estudiantes-del-colegio-antonio-narino-vivieron-una-experiencia-inmersiva-en-la-universidad-catolica-de-colombia\/#breadcrumb"},"inLanguage":"es-CO","potentialAction":[{"@type":"ReadAction","target":["https:\/\/www.ucatolica.edu.co\/portal\/estudiantes-del-colegio-antonio-narino-vivieron-una-experiencia-inmersiva-en-la-universidad-catolica-de-colombia\/"]}]},{"@type":"ImageObject","inLanguage":"es-CO","@id":"https:\/\/www.ucatolica.edu.co\/portal\/estudiantes-del-colegio-antonio-narino-vivieron-una-experiencia-inmersiva-en-la-universidad-catolica-de-colombia\/#primaryimage","url":"https:\/\/www.ucatolica.edu.co\/portal\/wp-content\/uploads\/2025\/06\/NOTICIA1.jpg","contentUrl":"https:\/\/www.ucatolica.edu.co\/portal\/wp-content\/uploads\/2025\/06\/NOTICIA1.jpg","width":870,"height":522,"caption":"Estudiantes colegio A\u00d1"},{"@type":"BreadcrumbList","@id":"https:\/\/www.ucatolica.edu.co\/portal\/estudiantes-del-colegio-antonio-narino-vivieron-una-experiencia-inmersiva-en-la-universidad-catolica-de-colombia\/#breadcrumb","itemListElement":[{"@type":"ListItem","position":1,"name":"Inicio","item":"https:\/\/www.ucatolica.edu.co\/portal\/"},{"@type":"ListItem","position":2,"name":"Estudiantes del Colegio Antonio Nari\u00f1o vivieron una experiencia inmersiva en la Universidad Cat\u00f3lica de Colombia"}]},{"@type":"WebSite","@id":"https:\/\/www.ucatolica.edu.co\/portal\/#website","url":"https:\/\/www.ucatolica.edu.co\/portal\/","name":"Universidad Cat\u00f3lica De Colombia","description":"Universidad Cat\u00f3lica De Colombia","publisher":{"@id":"https:\/\/www.ucatolica.edu.co\/portal\/#organization"},"potentialAction":[{"@type":"SearchAction","target":{"@type":"EntryPoint","urlTemplate":"https:\/\/www.ucatolica.edu.co\/portal\/?s={search_term_string}"},"query-input":{"@type":"PropertyValueSpecification","valueRequired":true,"valueName":"search_term_string"}}],"inLanguage":"es-CO"},{"@type":"Organization","@id":"https:\/\/www.ucatolica.edu.co\/portal\/#organization","name":"Universidad Cat\u00f3lica de Colombia","url":"https:\/\/www.ucatolica.edu.co\/portal\/","logo":{"@type":"ImageObject","inLanguage":"es-CO","@id":"https:\/\/www.ucatolica.edu.co\/portal\/#\/schema\/logo\/image\/","url":"https:\/\/www.ucatolica.edu.co\/portal\/wp-content\/uploads\/2021\/06\/logo-header-ho-1.svg","contentUrl":"https:\/\/www.ucatolica.edu.co\/portal\/wp-content\/uploads\/2021\/06\/logo-header-ho-1.svg","width":1,"height":1,"caption":"Universidad Cat\u00f3lica de Colombia"},"image":{"@id":"https:\/\/www.ucatolica.edu.co\/portal\/#\/schema\/logo\/image\/"},"sameAs":["https:\/\/www.facebook.com\/ucatolicacolombia","https:\/\/x.com\/UCatolicaCol","https:\/\/www.instagram.com\/universidadcatolicadecolombia\/","https:\/\/www.linkedin.com\/company\/universidadcatolicadecolombia\/","https:\/\/www.youtube.com\/user\/UCatolicaCo"]},{"@type":"Person","@id":"https:\/\/www.ucatolica.edu.co\/portal\/#\/schema\/person\/46b982b9085fee761b48b0bd54f8b9f8","name":"Daniela Junco","url":"https:\/\/www.ucatolica.edu.co\/portal\/author\/daniela\/"}]}},"author_meta":{"display_name":"Daniela Junco","author_link":"https:\/\/www.ucatolica.edu.co\/portal\/author\/daniela\/"},"featured_img":"https:\/\/www.ucatolica.edu.co\/portal\/wp-content\/uploads\/2025\/06\/NOTICIA1.jpg","coauthors":[],"tax_additional":{"categories":{"linked":["<a href=\"https:\/\/www.ucatolica.edu.co\/portal\/category\/noticias-principales\/\" class=\"advgb-post-tax-term\">Noticias Principales<\/a>"],"unlinked":["<span class=\"advgb-post-tax-term\">Noticias Principales<\/span>"]},"tags":{"linked":["<a href=\"https:\/\/www.ucatolica.edu.co\/portal\/category\/noticias-principales\/\" class=\"advgb-post-tax-term\">Colegios<\/a>","<a href=\"https:\/\/www.ucatolica.edu.co\/portal\/category\/noticias-principales\/\" class=\"advgb-post-tax-term\">Habilidades acad\u00e9micas<\/a>","<a href=\"https:\/\/www.ucatolica.edu.co\/portal\/category\/noticias-principales\/\" class=\"advgb-post-tax-term\">Inmersi\u00f3n universitaria<\/a>","<a href=\"https:\/\/www.ucatolica.edu.co\/portal\/category\/noticias-principales\/\" class=\"advgb-post-tax-term\">Vocaci\u00f3n<\/a>"],"unlinked":["<span class=\"advgb-post-tax-term\">Colegios<\/span>","<span class=\"advgb-post-tax-term\">Habilidades acad\u00e9micas<\/span>","<span class=\"advgb-post-tax-term\">Inmersi\u00f3n universitaria<\/span>","<span class=\"advgb-post-tax-term\">Vocaci\u00f3n<\/span>"]}},"comment_count":"0","relative_dates":{"created":"Posted 11 meses ago","modified":"Updated 11 meses ago"},"absolute_dates":{"created":"Posted on 12 junio, 2025","modified":"Updated on 12 junio, 2025"},"absolute_dates_time":{"created":"Posted on 12 junio, 2025 10:13 am","modified":"Updated on 12 junio, 2025 10:49 am"},"featured_img_caption":"","series_order":"","_links":{"self":[{"href":"https:\/\/www.ucatolica.edu.co\/portal\/wp-json\/wp\/v2\/posts\/117928","targetHints":{"allow":["GET"]}}],"collection":[{"href":"https:\/\/www.ucatolica.edu.co\/portal\/wp-json\/wp\/v2\/posts"}],"about":[{"href":"https:\/\/www.ucatolica.edu.co\/portal\/wp-json\/wp\/v2\/types\/post"}],"author":[{"embeddable":true,"href":"https:\/\/www.ucatolica.edu.co\/portal\/wp-json\/wp\/v2\/users\/64"}],"replies":[{"embeddable":true,"href":"https:\/\/www.ucatolica.edu.co\/portal\/wp-json\/wp\/v2\/comments?post=117928"}],"version-history":[{"count":4,"href":"https:\/\/www.ucatolica.edu.co\/portal\/wp-json\/wp\/v2\/posts\/117928\/revisions"}],"predecessor-version":[{"id":117937,"href":"https:\/\/www.ucatolica.edu.co\/portal\/wp-json\/wp\/v2\/posts\/117928\/revisions\/117937"}],"wp:featuredmedia":[{"embeddable":true,"href":"https:\/\/www.ucatolica.edu.co\/portal\/wp-json\/wp\/v2\/media\/117929"}],"wp:attachment":[{"href":"https:\/\/www.ucatolica.edu.co\/portal\/wp-json\/wp\/v2\/media?parent=117928"}],"wp:term":[{"taxonomy":"category","embeddable":true,"href":"https:\/\/www.ucatolica.edu.co\/portal\/wp-json\/wp\/v2\/categories?post=117928"},{"taxonomy":"post_tag","embeddable":true,"href":"https:\/\/www.ucatolica.edu.co\/portal\/wp-json\/wp\/v2\/tags?post=117928"}],"curies":[{"name":"wp","href":"https:\/\/api.w.org\/{rel}","templated":true}]}}