{"id":117961,"date":"2025-06-13T15:13:29","date_gmt":"2025-06-13T20:13:29","guid":{"rendered":"https:\/\/www.ucatolica.edu.co\/portal\/?p=117961"},"modified":"2025-06-13T15:13:29","modified_gmt":"2025-06-13T20:13:29","slug":"destacada-ponencia-del-dr-isidro-de-los-santos-olivo-en-el-x-congreso-internacional-de-derechos-humanos-y-derecho-internacional-humanitario","status":"publish","type":"post","link":"https:\/\/www.ucatolica.edu.co\/portal\/destacada-ponencia-del-dr-isidro-de-los-santos-olivo-en-el-x-congreso-internacional-de-derechos-humanos-y-derecho-internacional-humanitario\/","title":{"rendered":"Destacada ponencia del Dr. Isidro de los Santos Olivo en el X Congreso Internacional de Derechos Humanos y Derecho Internacional Humanitario"},"content":{"rendered":"\n<p>La <strong>Facultad de Derecho de la Universidad Cat\u00f3lica de Colombia<\/strong> celebr\u00f3 con \u00e9xito el <strong>X Congreso Internacional de Derechos Humanos y Derecho Internacional Humanitario<\/strong>, que este a\u00f1o abord\u00f3 el tema central: <strong>&#8220;Debates relacionados con la Independencia Judicial&#8221;<\/strong>. Este espacio acad\u00e9mico y jur\u00eddico congreg\u00f3 a expertos nacionales e internacionales en torno a uno de los pilares fundamentales del Estado de derecho contempor\u00e1neo.<\/p>\n\n\n\n<p>Entre los conferencistas destacados, se cont\u00f3 con la participaci\u00f3n del <strong>Doctor Isidro de los Santos Olivo<\/strong>, proveniente de la <strong>Universidad Aut\u00f3noma de San Luis Potos\u00ed (M\u00e9xico)<\/strong>, quien present\u00f3 la ponencia titulada: <strong>\u201cReforma constitucional e independencia judicial: Un binomio esencial en el Estado de derecho\u201d<\/strong>.<\/p>\n\n\n\n<p>Durante su intervenci\u00f3n, el Dr. de los Santos Olivo ofreci\u00f3 un an\u00e1lisis profundo sobre la relaci\u00f3n entre las reformas constitucionales y la garant\u00eda efectiva de una judicatura independiente, subrayando c\u00f3mo los procesos de transformaci\u00f3n normativa, lejos de ser meras actualizaciones t\u00e9cnicas, deben constituirse como mecanismos que fortalezcan las condiciones institucionales para un ejercicio judicial libre de presiones externas, ya sean pol\u00edticas, econ\u00f3micas o sociales.<\/p>\n\n\n\n<p>El ponente tambi\u00e9n reflexion\u00f3 sobre los desaf\u00edos que enfrentan los sistemas jur\u00eddicos latinoamericanos frente a la politizaci\u00f3n de la justicia, y plante\u00f3 la necesidad de avanzar hacia modelos de gobernanza judicial que garanticen la imparcialidad, la transparencia y el respeto a los derechos fundamentales.<\/p>\n\n\n\n<p>La participaci\u00f3n del Dr. Isidro de los Santos Olivo fue altamente valorada por la comunidad acad\u00e9mica, al aportar una perspectiva comparada que enriqueci\u00f3 el debate y permiti\u00f3 establecer conexiones entre las realidades jur\u00eddicas de M\u00e9xico y Colombia, as\u00ed como de otros pa\u00edses de la regi\u00f3n.<\/p>\n\n\n\n<p>Con esta d\u00e9cima edici\u00f3n, el Congreso reafirma su vocaci\u00f3n como escenario de di\u00e1logo cr\u00edtico, interdisciplinario e internacional sobre los desaf\u00edos actuales en materia de derechos humanos, institucionalidad y justicia.<\/p>\n\n\n\n<p><em>Esta actividad fue posible gracias al financiamiento proporcionado por el Programa de Expertos Internacionales del ICETEX, que promueve activamente la participaci\u00f3n de expertos nacionales e internacionales en eventos y actividades tanto en Colombia como en el extranjero.<\/em><\/p>\n\n\n\n<figure class=\"wp-block-image size-full is-resized\"><img decoding=\"async\" width=\"274\" height=\"76\" src=\"https:\/\/www.ucatolica.edu.co\/portal\/wp-content\/uploads\/2025\/06\/Imagen-icetex.png\" alt=\"Imagen icetex\" class=\"wp-image-117967\" style=\"width:256px;height:auto\"\/><\/figure>\n\n\n\n<p><\/p>\n","protected":false},"excerpt":{"rendered":"<p>La Facultad de Derecho de la Universidad Cat\u00f3lica de Colombia celebr\u00f3 con \u00e9xito el X Congreso Internacional de Derechos Humanos y Derecho Internacional Humanitario, que este a\u00f1o abord\u00f3 el tema central: &#8220;Debates relacionados con la Independencia Judicial&#8221;. Este espacio acad\u00e9mico y jur\u00eddico congreg\u00f3 a expertos nacionales e internacionales en torno a uno de los pilares [&hellip;]<\/p>\n","protected":false},"author":65,"featured_media":118007,"comment_status":"open","ping_status":"open","sticky":false,"template":"","format":"standard","meta":{"_acf_changed":false,"advgb_blocks_editor_width":"","advgb_blocks_columns_visual_guide":"","footnotes":""},"categories":[93,531],"tags":[277,1528,479,265],"class_list":["post-117961","post","type-post","status-publish","format-standard","has-post-thumbnail","hentry","category-noticias-principales","category-orii","tag-congreso","tag-icetex","tag-orii","tag-universidad-catolica-de-colombia"],"acf":[],"yoast_head":"<!-- This site is optimized with the Yoast SEO plugin v26.7 - https:\/\/yoast.com\/wordpress\/plugins\/seo\/ -->\n<title>Destacada ponencia del Dr. Isidro de los Santos Olivo en el X Congreso Internacional de Derechos Humanos y Derecho Internacional Humanitario - Universidad Cat\u00f3lica De Colombia<\/title>\n<meta name=\"robots\" content=\"index, follow, max-snippet:-1, max-image-preview:large, max-video-preview:-1\" \/>\n<link rel=\"canonical\" href=\"https:\/\/www.ucatolica.edu.co\/portal\/destacada-ponencia-del-dr-isidro-de-los-santos-olivo-en-el-x-congreso-internacional-de-derechos-humanos-y-derecho-internacional-humanitario\/\" \/>\n<meta property=\"og:locale\" content=\"es_ES\" \/>\n<meta property=\"og:type\" content=\"article\" \/>\n<meta property=\"og:title\" content=\"Destacada ponencia del Dr. Isidro de los Santos Olivo en el X Congreso Internacional de Derechos Humanos y Derecho Internacional Humanitario - Universidad Cat\u00f3lica De Colombia\" \/>\n<meta property=\"og:description\" content=\"La Facultad de Derecho de la Universidad Cat\u00f3lica de Colombia celebr\u00f3 con \u00e9xito el X Congreso Internacional de Derechos Humanos y Derecho Internacional Humanitario, que este a\u00f1o abord\u00f3 el tema central: &#8220;Debates relacionados con la Independencia Judicial&#8221;. Este espacio acad\u00e9mico y jur\u00eddico congreg\u00f3 a expertos nacionales e internacionales en torno a uno de los pilares [&hellip;]\" \/>\n<meta property=\"og:url\" content=\"https:\/\/www.ucatolica.edu.co\/portal\/destacada-ponencia-del-dr-isidro-de-los-santos-olivo-en-el-x-congreso-internacional-de-derechos-humanos-y-derecho-internacional-humanitario\/\" \/>\n<meta property=\"og:site_name\" content=\"Universidad Cat\u00f3lica De Colombia\" \/>\n<meta property=\"article:publisher\" content=\"https:\/\/www.facebook.com\/ucatolicacolombia\" \/>\n<meta property=\"article:published_time\" content=\"2025-06-13T20:13:29+00:00\" \/>\n<meta property=\"og:image\" content=\"https:\/\/www.ucatolica.edu.co\/portal\/wp-content\/uploads\/2025\/06\/Ponencia-del-Dr.-Isidro-de-los-Santos-Olivo.jpg\" \/>\n\t<meta property=\"og:image:width\" content=\"870\" \/>\n\t<meta property=\"og:image:height\" content=\"522\" \/>\n\t<meta property=\"og:image:type\" content=\"image\/jpeg\" \/>\n<meta name=\"author\" content=\"Juan Jos\u00e9 Franco\" \/>\n<meta name=\"twitter:card\" content=\"summary_large_image\" \/>\n<meta name=\"twitter:creator\" content=\"@UCatolicaCol\" \/>\n<meta name=\"twitter:site\" content=\"@UCatolicaCol\" \/>\n<meta name=\"twitter:label1\" content=\"Escrito por\" \/>\n\t<meta name=\"twitter:data1\" content=\"Juan Jos\u00e9 Franco\" \/>\n\t<meta name=\"twitter:label2\" content=\"Tiempo de lectura\" \/>\n\t<meta name=\"twitter:data2\" content=\"2 minutos\" \/>\n<script type=\"application\/ld+json\" class=\"yoast-schema-graph\">{\"@context\":\"https:\/\/schema.org\",\"@graph\":[{\"@type\":\"Article\",\"@id\":\"https:\/\/www.ucatolica.edu.co\/portal\/destacada-ponencia-del-dr-isidro-de-los-santos-olivo-en-el-x-congreso-internacional-de-derechos-humanos-y-derecho-internacional-humanitario\/#article\",\"isPartOf\":{\"@id\":\"https:\/\/www.ucatolica.edu.co\/portal\/destacada-ponencia-del-dr-isidro-de-los-santos-olivo-en-el-x-congreso-internacional-de-derechos-humanos-y-derecho-internacional-humanitario\/\"},\"author\":{\"name\":\"Juan Jos\u00e9 Franco\",\"@id\":\"https:\/\/www.ucatolica.edu.co\/portal\/#\/schema\/person\/2fe10d3836c8b18a520cbf458d96a728\"},\"headline\":\"Destacada ponencia del Dr. Isidro de los Santos Olivo en el X Congreso Internacional de Derechos Humanos y Derecho Internacional Humanitario\",\"datePublished\":\"2025-06-13T20:13:29+00:00\",\"mainEntityOfPage\":{\"@id\":\"https:\/\/www.ucatolica.edu.co\/portal\/destacada-ponencia-del-dr-isidro-de-los-santos-olivo-en-el-x-congreso-internacional-de-derechos-humanos-y-derecho-internacional-humanitario\/\"},\"wordCount\":379,\"commentCount\":0,\"publisher\":{\"@id\":\"https:\/\/www.ucatolica.edu.co\/portal\/#organization\"},\"image\":{\"@id\":\"https:\/\/www.ucatolica.edu.co\/portal\/destacada-ponencia-del-dr-isidro-de-los-santos-olivo-en-el-x-congreso-internacional-de-derechos-humanos-y-derecho-internacional-humanitario\/#primaryimage\"},\"thumbnailUrl\":\"https:\/\/www.ucatolica.edu.co\/portal\/wp-content\/uploads\/2025\/06\/Ponencia-del-Dr.-Isidro-de-los-Santos-Olivo.jpg\",\"keywords\":[\"Congreso\",\"Icetex\",\"ORII\",\"Universidad Cat\u00f3lica de Colombia\"],\"articleSection\":[\"Noticias Principales\",\"ORII\"],\"inLanguage\":\"es-CO\"},{\"@type\":\"WebPage\",\"@id\":\"https:\/\/www.ucatolica.edu.co\/portal\/destacada-ponencia-del-dr-isidro-de-los-santos-olivo-en-el-x-congreso-internacional-de-derechos-humanos-y-derecho-internacional-humanitario\/\",\"url\":\"https:\/\/www.ucatolica.edu.co\/portal\/destacada-ponencia-del-dr-isidro-de-los-santos-olivo-en-el-x-congreso-internacional-de-derechos-humanos-y-derecho-internacional-humanitario\/\",\"name\":\"Destacada ponencia del Dr. Isidro de los Santos Olivo en el X Congreso Internacional de Derechos Humanos y Derecho Internacional Humanitario - Universidad Cat\u00f3lica De Colombia\",\"isPartOf\":{\"@id\":\"https:\/\/www.ucatolica.edu.co\/portal\/#website\"},\"primaryImageOfPage\":{\"@id\":\"https:\/\/www.ucatolica.edu.co\/portal\/destacada-ponencia-del-dr-isidro-de-los-santos-olivo-en-el-x-congreso-internacional-de-derechos-humanos-y-derecho-internacional-humanitario\/#primaryimage\"},\"image\":{\"@id\":\"https:\/\/www.ucatolica.edu.co\/portal\/destacada-ponencia-del-dr-isidro-de-los-santos-olivo-en-el-x-congreso-internacional-de-derechos-humanos-y-derecho-internacional-humanitario\/#primaryimage\"},\"thumbnailUrl\":\"https:\/\/www.ucatolica.edu.co\/portal\/wp-content\/uploads\/2025\/06\/Ponencia-del-Dr.-Isidro-de-los-Santos-Olivo.jpg\",\"datePublished\":\"2025-06-13T20:13:29+00:00\",\"breadcrumb\":{\"@id\":\"https:\/\/www.ucatolica.edu.co\/portal\/destacada-ponencia-del-dr-isidro-de-los-santos-olivo-en-el-x-congreso-internacional-de-derechos-humanos-y-derecho-internacional-humanitario\/#breadcrumb\"},\"inLanguage\":\"es-CO\",\"potentialAction\":[{\"@type\":\"ReadAction\",\"target\":[\"https:\/\/www.ucatolica.edu.co\/portal\/destacada-ponencia-del-dr-isidro-de-los-santos-olivo-en-el-x-congreso-internacional-de-derechos-humanos-y-derecho-internacional-humanitario\/\"]}]},{\"@type\":\"ImageObject\",\"inLanguage\":\"es-CO\",\"@id\":\"https:\/\/www.ucatolica.edu.co\/portal\/destacada-ponencia-del-dr-isidro-de-los-santos-olivo-en-el-x-congreso-internacional-de-derechos-humanos-y-derecho-internacional-humanitario\/#primaryimage\",\"url\":\"https:\/\/www.ucatolica.edu.co\/portal\/wp-content\/uploads\/2025\/06\/Ponencia-del-Dr.-Isidro-de-los-Santos-Olivo.jpg\",\"contentUrl\":\"https:\/\/www.ucatolica.edu.co\/portal\/wp-content\/uploads\/2025\/06\/Ponencia-del-Dr.-Isidro-de-los-Santos-Olivo.jpg\",\"width\":870,\"height\":522,\"caption\":\"Ponencia del Dr. Isidro de los Santos Olivo\"},{\"@type\":\"BreadcrumbList\",\"@id\":\"https:\/\/www.ucatolica.edu.co\/portal\/destacada-ponencia-del-dr-isidro-de-los-santos-olivo-en-el-x-congreso-internacional-de-derechos-humanos-y-derecho-internacional-humanitario\/#breadcrumb\",\"itemListElement\":[{\"@type\":\"ListItem\",\"position\":1,\"name\":\"Inicio\",\"item\":\"https:\/\/www.ucatolica.edu.co\/portal\/\"},{\"@type\":\"ListItem\",\"position\":2,\"name\":\"Destacada ponencia del Dr. Isidro de los Santos Olivo en el X Congreso Internacional de Derechos Humanos y Derecho Internacional Humanitario\"}]},{\"@type\":\"WebSite\",\"@id\":\"https:\/\/www.ucatolica.edu.co\/portal\/#website\",\"url\":\"https:\/\/www.ucatolica.edu.co\/portal\/\",\"name\":\"Universidad Cat\u00f3lica De Colombia\",\"description\":\"Universidad Cat\u00f3lica De Colombia\",\"publisher\":{\"@id\":\"https:\/\/www.ucatolica.edu.co\/portal\/#organization\"},\"potentialAction\":[{\"@type\":\"SearchAction\",\"target\":{\"@type\":\"EntryPoint\",\"urlTemplate\":\"https:\/\/www.ucatolica.edu.co\/portal\/?s={search_term_string}\"},\"query-input\":{\"@type\":\"PropertyValueSpecification\",\"valueRequired\":true,\"valueName\":\"search_term_string\"}}],\"inLanguage\":\"es-CO\"},{\"@type\":\"Organization\",\"@id\":\"https:\/\/www.ucatolica.edu.co\/portal\/#organization\",\"name\":\"Universidad Cat\u00f3lica de Colombia\",\"url\":\"https:\/\/www.ucatolica.edu.co\/portal\/\",\"logo\":{\"@type\":\"ImageObject\",\"inLanguage\":\"es-CO\",\"@id\":\"https:\/\/www.ucatolica.edu.co\/portal\/#\/schema\/logo\/image\/\",\"url\":\"https:\/\/www.ucatolica.edu.co\/portal\/wp-content\/uploads\/2021\/06\/logo-header-ho-1.svg\",\"contentUrl\":\"https:\/\/www.ucatolica.edu.co\/portal\/wp-content\/uploads\/2021\/06\/logo-header-ho-1.svg\",\"width\":1,\"height\":1,\"caption\":\"Universidad Cat\u00f3lica de Colombia\"},\"image\":{\"@id\":\"https:\/\/www.ucatolica.edu.co\/portal\/#\/schema\/logo\/image\/\"},\"sameAs\":[\"https:\/\/www.facebook.com\/ucatolicacolombia\",\"https:\/\/x.com\/UCatolicaCol\",\"https:\/\/www.instagram.com\/universidadcatolicadecolombia\/\",\"https:\/\/www.linkedin.com\/company\/universidadcatolicadecolombia\/\",\"https:\/\/www.youtube.com\/user\/UCatolicaCo\"]},{\"@type\":\"Person\",\"@id\":\"https:\/\/www.ucatolica.edu.co\/portal\/#\/schema\/person\/2fe10d3836c8b18a520cbf458d96a728\",\"name\":\"Juan Jos\u00e9 Franco\",\"url\":\"https:\/\/www.ucatolica.edu.co\/portal\/author\/juan\/\"}]}<\/script>\n<!-- \/ Yoast SEO plugin. -->","yoast_head_json":{"title":"Destacada ponencia del Dr. Isidro de los Santos Olivo en el X Congreso Internacional de Derechos Humanos y Derecho Internacional Humanitario - Universidad Cat\u00f3lica De Colombia","robots":{"index":"index","follow":"follow","max-snippet":"max-snippet:-1","max-image-preview":"max-image-preview:large","max-video-preview":"max-video-preview:-1"},"canonical":"https:\/\/www.ucatolica.edu.co\/portal\/destacada-ponencia-del-dr-isidro-de-los-santos-olivo-en-el-x-congreso-internacional-de-derechos-humanos-y-derecho-internacional-humanitario\/","og_locale":"es_ES","og_type":"article","og_title":"Destacada ponencia del Dr. Isidro de los Santos Olivo en el X Congreso Internacional de Derechos Humanos y Derecho Internacional Humanitario - Universidad Cat\u00f3lica De Colombia","og_description":"La Facultad de Derecho de la Universidad Cat\u00f3lica de Colombia celebr\u00f3 con \u00e9xito el X Congreso Internacional de Derechos Humanos y Derecho Internacional Humanitario, que este a\u00f1o abord\u00f3 el tema central: &#8220;Debates relacionados con la Independencia Judicial&#8221;. Este espacio acad\u00e9mico y jur\u00eddico congreg\u00f3 a expertos nacionales e internacionales en torno a uno de los pilares [&hellip;]","og_url":"https:\/\/www.ucatolica.edu.co\/portal\/destacada-ponencia-del-dr-isidro-de-los-santos-olivo-en-el-x-congreso-internacional-de-derechos-humanos-y-derecho-internacional-humanitario\/","og_site_name":"Universidad Cat\u00f3lica De Colombia","article_publisher":"https:\/\/www.facebook.com\/ucatolicacolombia","article_published_time":"2025-06-13T20:13:29+00:00","og_image":[{"width":870,"height":522,"url":"https:\/\/www.ucatolica.edu.co\/portal\/wp-content\/uploads\/2025\/06\/Ponencia-del-Dr.-Isidro-de-los-Santos-Olivo.jpg","type":"image\/jpeg"}],"author":"Juan Jos\u00e9 Franco","twitter_card":"summary_large_image","twitter_creator":"@UCatolicaCol","twitter_site":"@UCatolicaCol","twitter_misc":{"Escrito por":"Juan Jos\u00e9 Franco","Tiempo de lectura":"2 minutos"},"schema":{"@context":"https:\/\/schema.org","@graph":[{"@type":"Article","@id":"https:\/\/www.ucatolica.edu.co\/portal\/destacada-ponencia-del-dr-isidro-de-los-santos-olivo-en-el-x-congreso-internacional-de-derechos-humanos-y-derecho-internacional-humanitario\/#article","isPartOf":{"@id":"https:\/\/www.ucatolica.edu.co\/portal\/destacada-ponencia-del-dr-isidro-de-los-santos-olivo-en-el-x-congreso-internacional-de-derechos-humanos-y-derecho-internacional-humanitario\/"},"author":{"name":"Juan Jos\u00e9 Franco","@id":"https:\/\/www.ucatolica.edu.co\/portal\/#\/schema\/person\/2fe10d3836c8b18a520cbf458d96a728"},"headline":"Destacada ponencia del Dr. Isidro de los Santos Olivo en el X Congreso Internacional de Derechos Humanos y Derecho Internacional Humanitario","datePublished":"2025-06-13T20:13:29+00:00","mainEntityOfPage":{"@id":"https:\/\/www.ucatolica.edu.co\/portal\/destacada-ponencia-del-dr-isidro-de-los-santos-olivo-en-el-x-congreso-internacional-de-derechos-humanos-y-derecho-internacional-humanitario\/"},"wordCount":379,"commentCount":0,"publisher":{"@id":"https:\/\/www.ucatolica.edu.co\/portal\/#organization"},"image":{"@id":"https:\/\/www.ucatolica.edu.co\/portal\/destacada-ponencia-del-dr-isidro-de-los-santos-olivo-en-el-x-congreso-internacional-de-derechos-humanos-y-derecho-internacional-humanitario\/#primaryimage"},"thumbnailUrl":"https:\/\/www.ucatolica.edu.co\/portal\/wp-content\/uploads\/2025\/06\/Ponencia-del-Dr.-Isidro-de-los-Santos-Olivo.jpg","keywords":["Congreso","Icetex","ORII","Universidad Cat\u00f3lica de Colombia"],"articleSection":["Noticias Principales","ORII"],"inLanguage":"es-CO"},{"@type":"WebPage","@id":"https:\/\/www.ucatolica.edu.co\/portal\/destacada-ponencia-del-dr-isidro-de-los-santos-olivo-en-el-x-congreso-internacional-de-derechos-humanos-y-derecho-internacional-humanitario\/","url":"https:\/\/www.ucatolica.edu.co\/portal\/destacada-ponencia-del-dr-isidro-de-los-santos-olivo-en-el-x-congreso-internacional-de-derechos-humanos-y-derecho-internacional-humanitario\/","name":"Destacada ponencia del Dr. Isidro de los Santos Olivo en el X Congreso Internacional de Derechos Humanos y Derecho Internacional Humanitario - Universidad Cat\u00f3lica De Colombia","isPartOf":{"@id":"https:\/\/www.ucatolica.edu.co\/portal\/#website"},"primaryImageOfPage":{"@id":"https:\/\/www.ucatolica.edu.co\/portal\/destacada-ponencia-del-dr-isidro-de-los-santos-olivo-en-el-x-congreso-internacional-de-derechos-humanos-y-derecho-internacional-humanitario\/#primaryimage"},"image":{"@id":"https:\/\/www.ucatolica.edu.co\/portal\/destacada-ponencia-del-dr-isidro-de-los-santos-olivo-en-el-x-congreso-internacional-de-derechos-humanos-y-derecho-internacional-humanitario\/#primaryimage"},"thumbnailUrl":"https:\/\/www.ucatolica.edu.co\/portal\/wp-content\/uploads\/2025\/06\/Ponencia-del-Dr.-Isidro-de-los-Santos-Olivo.jpg","datePublished":"2025-06-13T20:13:29+00:00","breadcrumb":{"@id":"https:\/\/www.ucatolica.edu.co\/portal\/destacada-ponencia-del-dr-isidro-de-los-santos-olivo-en-el-x-congreso-internacional-de-derechos-humanos-y-derecho-internacional-humanitario\/#breadcrumb"},"inLanguage":"es-CO","potentialAction":[{"@type":"ReadAction","target":["https:\/\/www.ucatolica.edu.co\/portal\/destacada-ponencia-del-dr-isidro-de-los-santos-olivo-en-el-x-congreso-internacional-de-derechos-humanos-y-derecho-internacional-humanitario\/"]}]},{"@type":"ImageObject","inLanguage":"es-CO","@id":"https:\/\/www.ucatolica.edu.co\/portal\/destacada-ponencia-del-dr-isidro-de-los-santos-olivo-en-el-x-congreso-internacional-de-derechos-humanos-y-derecho-internacional-humanitario\/#primaryimage","url":"https:\/\/www.ucatolica.edu.co\/portal\/wp-content\/uploads\/2025\/06\/Ponencia-del-Dr.-Isidro-de-los-Santos-Olivo.jpg","contentUrl":"https:\/\/www.ucatolica.edu.co\/portal\/wp-content\/uploads\/2025\/06\/Ponencia-del-Dr.-Isidro-de-los-Santos-Olivo.jpg","width":870,"height":522,"caption":"Ponencia del Dr. Isidro de los Santos Olivo"},{"@type":"BreadcrumbList","@id":"https:\/\/www.ucatolica.edu.co\/portal\/destacada-ponencia-del-dr-isidro-de-los-santos-olivo-en-el-x-congreso-internacional-de-derechos-humanos-y-derecho-internacional-humanitario\/#breadcrumb","itemListElement":[{"@type":"ListItem","position":1,"name":"Inicio","item":"https:\/\/www.ucatolica.edu.co\/portal\/"},{"@type":"ListItem","position":2,"name":"Destacada ponencia del Dr. Isidro de los Santos Olivo en el X Congreso Internacional de Derechos Humanos y Derecho Internacional Humanitario"}]},{"@type":"WebSite","@id":"https:\/\/www.ucatolica.edu.co\/portal\/#website","url":"https:\/\/www.ucatolica.edu.co\/portal\/","name":"Universidad Cat\u00f3lica De Colombia","description":"Universidad Cat\u00f3lica De Colombia","publisher":{"@id":"https:\/\/www.ucatolica.edu.co\/portal\/#organization"},"potentialAction":[{"@type":"SearchAction","target":{"@type":"EntryPoint","urlTemplate":"https:\/\/www.ucatolica.edu.co\/portal\/?s={search_term_string}"},"query-input":{"@type":"PropertyValueSpecification","valueRequired":true,"valueName":"search_term_string"}}],"inLanguage":"es-CO"},{"@type":"Organization","@id":"https:\/\/www.ucatolica.edu.co\/portal\/#organization","name":"Universidad Cat\u00f3lica de Colombia","url":"https:\/\/www.ucatolica.edu.co\/portal\/","logo":{"@type":"ImageObject","inLanguage":"es-CO","@id":"https:\/\/www.ucatolica.edu.co\/portal\/#\/schema\/logo\/image\/","url":"https:\/\/www.ucatolica.edu.co\/portal\/wp-content\/uploads\/2021\/06\/logo-header-ho-1.svg","contentUrl":"https:\/\/www.ucatolica.edu.co\/portal\/wp-content\/uploads\/2021\/06\/logo-header-ho-1.svg","width":1,"height":1,"caption":"Universidad Cat\u00f3lica de Colombia"},"image":{"@id":"https:\/\/www.ucatolica.edu.co\/portal\/#\/schema\/logo\/image\/"},"sameAs":["https:\/\/www.facebook.com\/ucatolicacolombia","https:\/\/x.com\/UCatolicaCol","https:\/\/www.instagram.com\/universidadcatolicadecolombia\/","https:\/\/www.linkedin.com\/company\/universidadcatolicadecolombia\/","https:\/\/www.youtube.com\/user\/UCatolicaCo"]},{"@type":"Person","@id":"https:\/\/www.ucatolica.edu.co\/portal\/#\/schema\/person\/2fe10d3836c8b18a520cbf458d96a728","name":"Juan Jos\u00e9 Franco","url":"https:\/\/www.ucatolica.edu.co\/portal\/author\/juan\/"}]}},"author_meta":{"display_name":"Juan Jos\u00e9 Franco","author_link":"https:\/\/www.ucatolica.edu.co\/portal\/author\/juan\/"},"featured_img":"https:\/\/www.ucatolica.edu.co\/portal\/wp-content\/uploads\/2025\/06\/Ponencia-del-Dr.-Isidro-de-los-Santos-Olivo.jpg","coauthors":[],"tax_additional":{"categories":{"linked":["<a href=\"https:\/\/www.ucatolica.edu.co\/portal\/category\/noticias-principales\/\" class=\"advgb-post-tax-term\">Noticias Principales<\/a>","<a href=\"https:\/\/www.ucatolica.edu.co\/portal\/category\/orii\/\" class=\"advgb-post-tax-term\">ORII<\/a>"],"unlinked":["<span class=\"advgb-post-tax-term\">Noticias Principales<\/span>","<span class=\"advgb-post-tax-term\">ORII<\/span>"]},"tags":{"linked":["<a href=\"https:\/\/www.ucatolica.edu.co\/portal\/category\/orii\/\" class=\"advgb-post-tax-term\">Congreso<\/a>","<a href=\"https:\/\/www.ucatolica.edu.co\/portal\/category\/orii\/\" class=\"advgb-post-tax-term\">Icetex<\/a>","<a href=\"https:\/\/www.ucatolica.edu.co\/portal\/category\/orii\/\" class=\"advgb-post-tax-term\">ORII<\/a>","<a href=\"https:\/\/www.ucatolica.edu.co\/portal\/category\/orii\/\" class=\"advgb-post-tax-term\">Universidad Cat\u00f3lica de Colombia<\/a>"],"unlinked":["<span class=\"advgb-post-tax-term\">Congreso<\/span>","<span class=\"advgb-post-tax-term\">Icetex<\/span>","<span class=\"advgb-post-tax-term\">ORII<\/span>","<span class=\"advgb-post-tax-term\">Universidad Cat\u00f3lica de Colombia<\/span>"]}},"comment_count":"0","relative_dates":{"created":"Posted 11 meses ago","modified":"Updated 11 meses ago"},"absolute_dates":{"created":"Posted on 13 junio, 2025","modified":"Updated on 13 junio, 2025"},"absolute_dates_time":{"created":"Posted on 13 junio, 2025 3:13 pm","modified":"Updated on 13 junio, 2025 3:13 pm"},"featured_img_caption":"","series_order":"","_links":{"self":[{"href":"https:\/\/www.ucatolica.edu.co\/portal\/wp-json\/wp\/v2\/posts\/117961","targetHints":{"allow":["GET"]}}],"collection":[{"href":"https:\/\/www.ucatolica.edu.co\/portal\/wp-json\/wp\/v2\/posts"}],"about":[{"href":"https:\/\/www.ucatolica.edu.co\/portal\/wp-json\/wp\/v2\/types\/post"}],"author":[{"embeddable":true,"href":"https:\/\/www.ucatolica.edu.co\/portal\/wp-json\/wp\/v2\/users\/65"}],"replies":[{"embeddable":true,"href":"https:\/\/www.ucatolica.edu.co\/portal\/wp-json\/wp\/v2\/comments?post=117961"}],"version-history":[{"count":2,"href":"https:\/\/www.ucatolica.edu.co\/portal\/wp-json\/wp\/v2\/posts\/117961\/revisions"}],"predecessor-version":[{"id":117976,"href":"https:\/\/www.ucatolica.edu.co\/portal\/wp-json\/wp\/v2\/posts\/117961\/revisions\/117976"}],"wp:featuredmedia":[{"embeddable":true,"href":"https:\/\/www.ucatolica.edu.co\/portal\/wp-json\/wp\/v2\/media\/118007"}],"wp:attachment":[{"href":"https:\/\/www.ucatolica.edu.co\/portal\/wp-json\/wp\/v2\/media?parent=117961"}],"wp:term":[{"taxonomy":"category","embeddable":true,"href":"https:\/\/www.ucatolica.edu.co\/portal\/wp-json\/wp\/v2\/categories?post=117961"},{"taxonomy":"post_tag","embeddable":true,"href":"https:\/\/www.ucatolica.edu.co\/portal\/wp-json\/wp\/v2\/tags?post=117961"}],"curies":[{"name":"wp","href":"https:\/\/api.w.org\/{rel}","templated":true}]}}