{"id":117977,"date":"2025-06-13T15:18:19","date_gmt":"2025-06-13T20:18:19","guid":{"rendered":"https:\/\/www.ucatolica.edu.co\/portal\/?p=117977"},"modified":"2025-06-13T15:18:19","modified_gmt":"2025-06-13T20:18:19","slug":"estudiantes-de-derecho-representaron-a-la-universidad-catolica-de-colombia-en-la-xii-edicion-del-concurso-de-simulacion-judicial-sobre-la-corte-penal-internacional","status":"publish","type":"post","link":"https:\/\/www.ucatolica.edu.co\/portal\/estudiantes-de-derecho-representaron-a-la-universidad-catolica-de-colombia-en-la-xii-edicion-del-concurso-de-simulacion-judicial-sobre-la-corte-penal-internacional\/","title":{"rendered":"Estudiantes de Derecho representaron a la Universidad Cat\u00f3lica de Colombia en la XII Edici\u00f3n del Concurso de Simulaci\u00f3n Judicial sobre la Corte Penal Internacional"},"content":{"rendered":"\n<p>Las estudiantes <strong>Carol Juliana Garz\u00f3n Pe\u00f1alosa<\/strong> y <strong>Anamar\u00eda Simbaqueba Barreto<\/strong>, del <strong>programa de Derecho<\/strong> de la <strong>Universidad Cat\u00f3lica de Colombia<\/strong>, participaron en la <strong>XII Edici\u00f3n (2024-2025) del Concurso de Simulaci\u00f3n Judicial sobre la Corte Penal Internacional (CPI)<\/strong>, organizado por el <strong>Instituto Iberoamericano de La Haya para la Paz, los Derechos Humanos y la Justicia Internacional<\/strong>. Este destacado evento acad\u00e9mico se llev\u00f3 a cabo en <strong>La Haya, Pa\u00edses Bajos<\/strong>, entre el <strong>26 y el 30 de mayo de 2025<\/strong>.<\/p>\n\n\n\n<p>La participaci\u00f3n de las estudiantes fue acompa\u00f1ada por la <strong>profesora Gabriela Vel\u00e1squez Medina<\/strong>, <strong>l\u00edder del Semillero de Derecho y Derecho Internacional Humanitario \u2013 DE IURE<\/strong>, adscrito al <strong>Grupo de Investigaci\u00f3n Derecho P\u00fablico y TIC<\/strong> de la <strong>Facultad de Derecho<\/strong>. Desde este espacio acad\u00e9mico, se ha promovido el estudio y la profundizaci\u00f3n en temas de derecho internacional penal, derechos humanos y justicia global, que resultaron clave para la preparaci\u00f3n del equipo.<\/p>\n\n\n\n<p>El concurso consisti\u00f3 en la preparaci\u00f3n y litigaci\u00f3n de un caso ficticio relacionado con cr\u00edmenes contemplados en el <strong>Estatuto de Roma<\/strong>, tales como <strong>genocidio<\/strong>, <strong>cr\u00edmenes de guerra<\/strong> y <strong>delitos de lesa humanidad<\/strong>. Las estudiantes representaron a la Universidad tanto en las fases escritas como orales del certamen, desempe\u00f1ando roles procesales de <strong>Fiscal\u00eda<\/strong>, <strong>Defensa<\/strong> y <strong>Representaci\u00f3n Legal de las V\u00edctimas<\/strong>. Durante las audiencias, presentaron s\u00f3lidos argumentos jur\u00eddicos ante un jurado compuesto por acad\u00e9micos y profesionales del derecho penal internacional.<\/p>\n\n\n\n<figure class=\"wp-block-image size-full\"><img fetchpriority=\"high\" decoding=\"async\" width=\"870\" height=\"522\" src=\"https:\/\/www.ucatolica.edu.co\/portal\/wp-content\/uploads\/2025\/06\/CONCURSO-SIMULACION-JUDICIAL.jpg\" alt=\"Estudiantes en el CONCURSO-SIMULACION JUDICIAL\" class=\"wp-image-118005\"\/><\/figure>\n\n\n\n<p>Esta experiencia fortaleci\u00f3 significativamente sus competencias en <strong>investigaci\u00f3n jur\u00eddica<\/strong>, <strong>argumentaci\u00f3n oral<\/strong>, trabajo en equipo y aplicaci\u00f3n del <strong>derecho penal internacional<\/strong> en escenarios simulados de alto nivel, reafirmando el compromiso de la Universidad con una formaci\u00f3n jur\u00eddica de excelencia, con proyecci\u00f3n internacional.<\/p>\n\n\n\n<p>El Concurso de Simulaci\u00f3n Judicial sobre la CPI es una iniciativa reconocida en el \u00e1mbito acad\u00e9mico iberoamericano, que busca fomentar el conocimiento y la pr\u00e1ctica del derecho internacional entre estudiantes de diversas universidades, creando puentes de di\u00e1logo y cooperaci\u00f3n jur\u00eddica internacional.<\/p>\n\n\n\n<p><em>Esta actividad fue posible gracias al financiamiento proporcionado por el Programa de Expertos Internacionales del ICETEX, que promueve activamente la participaci\u00f3n de expertos nacionales e internacionales en eventos y actividades tanto en Colombia como en el extranjero.<\/em><\/p>\n\n\n\n<figure class=\"wp-block-image size-full\"><img decoding=\"async\" width=\"274\" height=\"76\" src=\"https:\/\/www.ucatolica.edu.co\/portal\/wp-content\/uploads\/2025\/06\/Imagen-icetex.png\" alt=\"Imagen icetex\" class=\"wp-image-117967\"\/><\/figure>\n","protected":false},"excerpt":{"rendered":"<p>Las estudiantes Carol Juliana Garz\u00f3n Pe\u00f1alosa y Anamar\u00eda Simbaqueba Barreto, del programa de Derecho de la Universidad Cat\u00f3lica de Colombia, participaron en la XII Edici\u00f3n (2024-2025) del Concurso de Simulaci\u00f3n Judicial sobre la Corte Penal Internacional (CPI), organizado por el Instituto Iberoamericano de La Haya para la Paz, los Derechos Humanos y la Justicia Internacional. [&hellip;]<\/p>\n","protected":false},"author":65,"featured_media":118006,"comment_status":"open","ping_status":"open","sticky":false,"template":"","format":"standard","meta":{"_acf_changed":false,"advgb_blocks_editor_width":"","advgb_blocks_columns_visual_guide":"","footnotes":""},"categories":[93,531],"tags":[651,1528,479,265],"class_list":["post-117977","post","type-post","status-publish","format-standard","has-post-thumbnail","hentry","category-noticias-principales","category-orii","tag-derecho","tag-icetex","tag-orii","tag-universidad-catolica-de-colombia"],"acf":[],"yoast_head":"<!-- This site is optimized with the Yoast SEO plugin v26.7 - https:\/\/yoast.com\/wordpress\/plugins\/seo\/ -->\n<title>Estudiantes de Derecho representaron a la Universidad Cat\u00f3lica de Colombia en la XII Edici\u00f3n del Concurso de Simulaci\u00f3n Judicial sobre la Corte Penal Internacional - Universidad Cat\u00f3lica De Colombia<\/title>\n<meta name=\"robots\" content=\"index, follow, max-snippet:-1, max-image-preview:large, max-video-preview:-1\" \/>\n<link rel=\"canonical\" href=\"https:\/\/www.ucatolica.edu.co\/portal\/estudiantes-de-derecho-representaron-a-la-universidad-catolica-de-colombia-en-la-xii-edicion-del-concurso-de-simulacion-judicial-sobre-la-corte-penal-internacional\/\" \/>\n<meta property=\"og:locale\" content=\"es_ES\" \/>\n<meta property=\"og:type\" content=\"article\" \/>\n<meta property=\"og:title\" content=\"Estudiantes de Derecho representaron a la Universidad Cat\u00f3lica de Colombia en la XII Edici\u00f3n del Concurso de Simulaci\u00f3n Judicial sobre la Corte Penal Internacional - Universidad Cat\u00f3lica De Colombia\" \/>\n<meta property=\"og:description\" content=\"Las estudiantes Carol Juliana Garz\u00f3n Pe\u00f1alosa y Anamar\u00eda Simbaqueba Barreto, del programa de Derecho de la Universidad Cat\u00f3lica de Colombia, participaron en la XII Edici\u00f3n (2024-2025) del Concurso de Simulaci\u00f3n Judicial sobre la Corte Penal Internacional (CPI), organizado por el Instituto Iberoamericano de La Haya para la Paz, los Derechos Humanos y la Justicia Internacional. [&hellip;]\" \/>\n<meta property=\"og:url\" content=\"https:\/\/www.ucatolica.edu.co\/portal\/estudiantes-de-derecho-representaron-a-la-universidad-catolica-de-colombia-en-la-xii-edicion-del-concurso-de-simulacion-judicial-sobre-la-corte-penal-internacional\/\" \/>\n<meta property=\"og:site_name\" content=\"Universidad Cat\u00f3lica De Colombia\" \/>\n<meta property=\"article:publisher\" content=\"https:\/\/www.facebook.com\/ucatolicacolombia\" \/>\n<meta property=\"article:published_time\" content=\"2025-06-13T20:18:19+00:00\" \/>\n<meta property=\"og:image\" content=\"https:\/\/www.ucatolica.edu.co\/portal\/wp-content\/uploads\/2025\/06\/Estudiantes-en-el-Concurso-Simulacion-Judicial.jpg\" \/>\n\t<meta property=\"og:image:width\" content=\"870\" \/>\n\t<meta property=\"og:image:height\" content=\"522\" \/>\n\t<meta property=\"og:image:type\" content=\"image\/jpeg\" \/>\n<meta name=\"author\" content=\"Juan Jos\u00e9 Franco\" \/>\n<meta name=\"twitter:card\" content=\"summary_large_image\" \/>\n<meta name=\"twitter:creator\" content=\"@UCatolicaCol\" \/>\n<meta name=\"twitter:site\" content=\"@UCatolicaCol\" \/>\n<meta name=\"twitter:label1\" content=\"Escrito por\" \/>\n\t<meta name=\"twitter:data1\" content=\"Juan Jos\u00e9 Franco\" \/>\n\t<meta name=\"twitter:label2\" content=\"Tiempo de lectura\" \/>\n\t<meta name=\"twitter:data2\" content=\"2 minutos\" \/>\n<script type=\"application\/ld+json\" class=\"yoast-schema-graph\">{\"@context\":\"https:\/\/schema.org\",\"@graph\":[{\"@type\":\"Article\",\"@id\":\"https:\/\/www.ucatolica.edu.co\/portal\/estudiantes-de-derecho-representaron-a-la-universidad-catolica-de-colombia-en-la-xii-edicion-del-concurso-de-simulacion-judicial-sobre-la-corte-penal-internacional\/#article\",\"isPartOf\":{\"@id\":\"https:\/\/www.ucatolica.edu.co\/portal\/estudiantes-de-derecho-representaron-a-la-universidad-catolica-de-colombia-en-la-xii-edicion-del-concurso-de-simulacion-judicial-sobre-la-corte-penal-internacional\/\"},\"author\":{\"name\":\"Juan Jos\u00e9 Franco\",\"@id\":\"https:\/\/www.ucatolica.edu.co\/portal\/#\/schema\/person\/2fe10d3836c8b18a520cbf458d96a728\"},\"headline\":\"Estudiantes de Derecho representaron a la Universidad Cat\u00f3lica de Colombia en la XII Edici\u00f3n del Concurso de Simulaci\u00f3n Judicial sobre la Corte Penal Internacional\",\"datePublished\":\"2025-06-13T20:18:19+00:00\",\"mainEntityOfPage\":{\"@id\":\"https:\/\/www.ucatolica.edu.co\/portal\/estudiantes-de-derecho-representaron-a-la-universidad-catolica-de-colombia-en-la-xii-edicion-del-concurso-de-simulacion-judicial-sobre-la-corte-penal-internacional\/\"},\"wordCount\":410,\"commentCount\":0,\"publisher\":{\"@id\":\"https:\/\/www.ucatolica.edu.co\/portal\/#organization\"},\"image\":{\"@id\":\"https:\/\/www.ucatolica.edu.co\/portal\/estudiantes-de-derecho-representaron-a-la-universidad-catolica-de-colombia-en-la-xii-edicion-del-concurso-de-simulacion-judicial-sobre-la-corte-penal-internacional\/#primaryimage\"},\"thumbnailUrl\":\"https:\/\/www.ucatolica.edu.co\/portal\/wp-content\/uploads\/2025\/06\/Estudiantes-en-el-Concurso-Simulacion-Judicial.jpg\",\"keywords\":[\"Derecho\",\"Icetex\",\"ORII\",\"Universidad Cat\u00f3lica de Colombia\"],\"articleSection\":[\"Noticias Principales\",\"ORII\"],\"inLanguage\":\"es-CO\"},{\"@type\":\"WebPage\",\"@id\":\"https:\/\/www.ucatolica.edu.co\/portal\/estudiantes-de-derecho-representaron-a-la-universidad-catolica-de-colombia-en-la-xii-edicion-del-concurso-de-simulacion-judicial-sobre-la-corte-penal-internacional\/\",\"url\":\"https:\/\/www.ucatolica.edu.co\/portal\/estudiantes-de-derecho-representaron-a-la-universidad-catolica-de-colombia-en-la-xii-edicion-del-concurso-de-simulacion-judicial-sobre-la-corte-penal-internacional\/\",\"name\":\"Estudiantes de Derecho representaron a la Universidad Cat\u00f3lica de Colombia en la XII Edici\u00f3n del Concurso de Simulaci\u00f3n Judicial sobre la Corte Penal Internacional - Universidad Cat\u00f3lica De Colombia\",\"isPartOf\":{\"@id\":\"https:\/\/www.ucatolica.edu.co\/portal\/#website\"},\"primaryImageOfPage\":{\"@id\":\"https:\/\/www.ucatolica.edu.co\/portal\/estudiantes-de-derecho-representaron-a-la-universidad-catolica-de-colombia-en-la-xii-edicion-del-concurso-de-simulacion-judicial-sobre-la-corte-penal-internacional\/#primaryimage\"},\"image\":{\"@id\":\"https:\/\/www.ucatolica.edu.co\/portal\/estudiantes-de-derecho-representaron-a-la-universidad-catolica-de-colombia-en-la-xii-edicion-del-concurso-de-simulacion-judicial-sobre-la-corte-penal-internacional\/#primaryimage\"},\"thumbnailUrl\":\"https:\/\/www.ucatolica.edu.co\/portal\/wp-content\/uploads\/2025\/06\/Estudiantes-en-el-Concurso-Simulacion-Judicial.jpg\",\"datePublished\":\"2025-06-13T20:18:19+00:00\",\"breadcrumb\":{\"@id\":\"https:\/\/www.ucatolica.edu.co\/portal\/estudiantes-de-derecho-representaron-a-la-universidad-catolica-de-colombia-en-la-xii-edicion-del-concurso-de-simulacion-judicial-sobre-la-corte-penal-internacional\/#breadcrumb\"},\"inLanguage\":\"es-CO\",\"potentialAction\":[{\"@type\":\"ReadAction\",\"target\":[\"https:\/\/www.ucatolica.edu.co\/portal\/estudiantes-de-derecho-representaron-a-la-universidad-catolica-de-colombia-en-la-xii-edicion-del-concurso-de-simulacion-judicial-sobre-la-corte-penal-internacional\/\"]}]},{\"@type\":\"ImageObject\",\"inLanguage\":\"es-CO\",\"@id\":\"https:\/\/www.ucatolica.edu.co\/portal\/estudiantes-de-derecho-representaron-a-la-universidad-catolica-de-colombia-en-la-xii-edicion-del-concurso-de-simulacion-judicial-sobre-la-corte-penal-internacional\/#primaryimage\",\"url\":\"https:\/\/www.ucatolica.edu.co\/portal\/wp-content\/uploads\/2025\/06\/Estudiantes-en-el-Concurso-Simulacion-Judicial.jpg\",\"contentUrl\":\"https:\/\/www.ucatolica.edu.co\/portal\/wp-content\/uploads\/2025\/06\/Estudiantes-en-el-Concurso-Simulacion-Judicial.jpg\",\"width\":870,\"height\":522,\"caption\":\"Estudiantes en el Concurso Simulaci\u00f3n Judicial\"},{\"@type\":\"BreadcrumbList\",\"@id\":\"https:\/\/www.ucatolica.edu.co\/portal\/estudiantes-de-derecho-representaron-a-la-universidad-catolica-de-colombia-en-la-xii-edicion-del-concurso-de-simulacion-judicial-sobre-la-corte-penal-internacional\/#breadcrumb\",\"itemListElement\":[{\"@type\":\"ListItem\",\"position\":1,\"name\":\"Inicio\",\"item\":\"https:\/\/www.ucatolica.edu.co\/portal\/\"},{\"@type\":\"ListItem\",\"position\":2,\"name\":\"Estudiantes de Derecho representaron a la Universidad Cat\u00f3lica de Colombia en la XII Edici\u00f3n del Concurso de Simulaci\u00f3n Judicial sobre la Corte Penal Internacional\"}]},{\"@type\":\"WebSite\",\"@id\":\"https:\/\/www.ucatolica.edu.co\/portal\/#website\",\"url\":\"https:\/\/www.ucatolica.edu.co\/portal\/\",\"name\":\"Universidad Cat\u00f3lica De Colombia\",\"description\":\"Universidad Cat\u00f3lica De Colombia\",\"publisher\":{\"@id\":\"https:\/\/www.ucatolica.edu.co\/portal\/#organization\"},\"potentialAction\":[{\"@type\":\"SearchAction\",\"target\":{\"@type\":\"EntryPoint\",\"urlTemplate\":\"https:\/\/www.ucatolica.edu.co\/portal\/?s={search_term_string}\"},\"query-input\":{\"@type\":\"PropertyValueSpecification\",\"valueRequired\":true,\"valueName\":\"search_term_string\"}}],\"inLanguage\":\"es-CO\"},{\"@type\":\"Organization\",\"@id\":\"https:\/\/www.ucatolica.edu.co\/portal\/#organization\",\"name\":\"Universidad Cat\u00f3lica de Colombia\",\"url\":\"https:\/\/www.ucatolica.edu.co\/portal\/\",\"logo\":{\"@type\":\"ImageObject\",\"inLanguage\":\"es-CO\",\"@id\":\"https:\/\/www.ucatolica.edu.co\/portal\/#\/schema\/logo\/image\/\",\"url\":\"https:\/\/www.ucatolica.edu.co\/portal\/wp-content\/uploads\/2021\/06\/logo-header-ho-1.svg\",\"contentUrl\":\"https:\/\/www.ucatolica.edu.co\/portal\/wp-content\/uploads\/2021\/06\/logo-header-ho-1.svg\",\"width\":1,\"height\":1,\"caption\":\"Universidad Cat\u00f3lica de Colombia\"},\"image\":{\"@id\":\"https:\/\/www.ucatolica.edu.co\/portal\/#\/schema\/logo\/image\/\"},\"sameAs\":[\"https:\/\/www.facebook.com\/ucatolicacolombia\",\"https:\/\/x.com\/UCatolicaCol\",\"https:\/\/www.instagram.com\/universidadcatolicadecolombia\/\",\"https:\/\/www.linkedin.com\/company\/universidadcatolicadecolombia\/\",\"https:\/\/www.youtube.com\/user\/UCatolicaCo\"]},{\"@type\":\"Person\",\"@id\":\"https:\/\/www.ucatolica.edu.co\/portal\/#\/schema\/person\/2fe10d3836c8b18a520cbf458d96a728\",\"name\":\"Juan Jos\u00e9 Franco\",\"url\":\"https:\/\/www.ucatolica.edu.co\/portal\/author\/juan\/\"}]}<\/script>\n<!-- \/ Yoast SEO plugin. -->","yoast_head_json":{"title":"Estudiantes de Derecho representaron a la Universidad Cat\u00f3lica de Colombia en la XII Edici\u00f3n del Concurso de Simulaci\u00f3n Judicial sobre la Corte Penal Internacional - Universidad Cat\u00f3lica De Colombia","robots":{"index":"index","follow":"follow","max-snippet":"max-snippet:-1","max-image-preview":"max-image-preview:large","max-video-preview":"max-video-preview:-1"},"canonical":"https:\/\/www.ucatolica.edu.co\/portal\/estudiantes-de-derecho-representaron-a-la-universidad-catolica-de-colombia-en-la-xii-edicion-del-concurso-de-simulacion-judicial-sobre-la-corte-penal-internacional\/","og_locale":"es_ES","og_type":"article","og_title":"Estudiantes de Derecho representaron a la Universidad Cat\u00f3lica de Colombia en la XII Edici\u00f3n del Concurso de Simulaci\u00f3n Judicial sobre la Corte Penal Internacional - Universidad Cat\u00f3lica De Colombia","og_description":"Las estudiantes Carol Juliana Garz\u00f3n Pe\u00f1alosa y Anamar\u00eda Simbaqueba Barreto, del programa de Derecho de la Universidad Cat\u00f3lica de Colombia, participaron en la XII Edici\u00f3n (2024-2025) del Concurso de Simulaci\u00f3n Judicial sobre la Corte Penal Internacional (CPI), organizado por el Instituto Iberoamericano de La Haya para la Paz, los Derechos Humanos y la Justicia Internacional. [&hellip;]","og_url":"https:\/\/www.ucatolica.edu.co\/portal\/estudiantes-de-derecho-representaron-a-la-universidad-catolica-de-colombia-en-la-xii-edicion-del-concurso-de-simulacion-judicial-sobre-la-corte-penal-internacional\/","og_site_name":"Universidad Cat\u00f3lica De Colombia","article_publisher":"https:\/\/www.facebook.com\/ucatolicacolombia","article_published_time":"2025-06-13T20:18:19+00:00","og_image":[{"width":870,"height":522,"url":"https:\/\/www.ucatolica.edu.co\/portal\/wp-content\/uploads\/2025\/06\/Estudiantes-en-el-Concurso-Simulacion-Judicial.jpg","type":"image\/jpeg"}],"author":"Juan Jos\u00e9 Franco","twitter_card":"summary_large_image","twitter_creator":"@UCatolicaCol","twitter_site":"@UCatolicaCol","twitter_misc":{"Escrito por":"Juan Jos\u00e9 Franco","Tiempo de lectura":"2 minutos"},"schema":{"@context":"https:\/\/schema.org","@graph":[{"@type":"Article","@id":"https:\/\/www.ucatolica.edu.co\/portal\/estudiantes-de-derecho-representaron-a-la-universidad-catolica-de-colombia-en-la-xii-edicion-del-concurso-de-simulacion-judicial-sobre-la-corte-penal-internacional\/#article","isPartOf":{"@id":"https:\/\/www.ucatolica.edu.co\/portal\/estudiantes-de-derecho-representaron-a-la-universidad-catolica-de-colombia-en-la-xii-edicion-del-concurso-de-simulacion-judicial-sobre-la-corte-penal-internacional\/"},"author":{"name":"Juan Jos\u00e9 Franco","@id":"https:\/\/www.ucatolica.edu.co\/portal\/#\/schema\/person\/2fe10d3836c8b18a520cbf458d96a728"},"headline":"Estudiantes de Derecho representaron a la Universidad Cat\u00f3lica de Colombia en la XII Edici\u00f3n del Concurso de Simulaci\u00f3n Judicial sobre la Corte Penal Internacional","datePublished":"2025-06-13T20:18:19+00:00","mainEntityOfPage":{"@id":"https:\/\/www.ucatolica.edu.co\/portal\/estudiantes-de-derecho-representaron-a-la-universidad-catolica-de-colombia-en-la-xii-edicion-del-concurso-de-simulacion-judicial-sobre-la-corte-penal-internacional\/"},"wordCount":410,"commentCount":0,"publisher":{"@id":"https:\/\/www.ucatolica.edu.co\/portal\/#organization"},"image":{"@id":"https:\/\/www.ucatolica.edu.co\/portal\/estudiantes-de-derecho-representaron-a-la-universidad-catolica-de-colombia-en-la-xii-edicion-del-concurso-de-simulacion-judicial-sobre-la-corte-penal-internacional\/#primaryimage"},"thumbnailUrl":"https:\/\/www.ucatolica.edu.co\/portal\/wp-content\/uploads\/2025\/06\/Estudiantes-en-el-Concurso-Simulacion-Judicial.jpg","keywords":["Derecho","Icetex","ORII","Universidad Cat\u00f3lica de Colombia"],"articleSection":["Noticias Principales","ORII"],"inLanguage":"es-CO"},{"@type":"WebPage","@id":"https:\/\/www.ucatolica.edu.co\/portal\/estudiantes-de-derecho-representaron-a-la-universidad-catolica-de-colombia-en-la-xii-edicion-del-concurso-de-simulacion-judicial-sobre-la-corte-penal-internacional\/","url":"https:\/\/www.ucatolica.edu.co\/portal\/estudiantes-de-derecho-representaron-a-la-universidad-catolica-de-colombia-en-la-xii-edicion-del-concurso-de-simulacion-judicial-sobre-la-corte-penal-internacional\/","name":"Estudiantes de Derecho representaron a la Universidad Cat\u00f3lica de Colombia en la XII Edici\u00f3n del Concurso de Simulaci\u00f3n Judicial sobre la Corte Penal Internacional - Universidad Cat\u00f3lica De Colombia","isPartOf":{"@id":"https:\/\/www.ucatolica.edu.co\/portal\/#website"},"primaryImageOfPage":{"@id":"https:\/\/www.ucatolica.edu.co\/portal\/estudiantes-de-derecho-representaron-a-la-universidad-catolica-de-colombia-en-la-xii-edicion-del-concurso-de-simulacion-judicial-sobre-la-corte-penal-internacional\/#primaryimage"},"image":{"@id":"https:\/\/www.ucatolica.edu.co\/portal\/estudiantes-de-derecho-representaron-a-la-universidad-catolica-de-colombia-en-la-xii-edicion-del-concurso-de-simulacion-judicial-sobre-la-corte-penal-internacional\/#primaryimage"},"thumbnailUrl":"https:\/\/www.ucatolica.edu.co\/portal\/wp-content\/uploads\/2025\/06\/Estudiantes-en-el-Concurso-Simulacion-Judicial.jpg","datePublished":"2025-06-13T20:18:19+00:00","breadcrumb":{"@id":"https:\/\/www.ucatolica.edu.co\/portal\/estudiantes-de-derecho-representaron-a-la-universidad-catolica-de-colombia-en-la-xii-edicion-del-concurso-de-simulacion-judicial-sobre-la-corte-penal-internacional\/#breadcrumb"},"inLanguage":"es-CO","potentialAction":[{"@type":"ReadAction","target":["https:\/\/www.ucatolica.edu.co\/portal\/estudiantes-de-derecho-representaron-a-la-universidad-catolica-de-colombia-en-la-xii-edicion-del-concurso-de-simulacion-judicial-sobre-la-corte-penal-internacional\/"]}]},{"@type":"ImageObject","inLanguage":"es-CO","@id":"https:\/\/www.ucatolica.edu.co\/portal\/estudiantes-de-derecho-representaron-a-la-universidad-catolica-de-colombia-en-la-xii-edicion-del-concurso-de-simulacion-judicial-sobre-la-corte-penal-internacional\/#primaryimage","url":"https:\/\/www.ucatolica.edu.co\/portal\/wp-content\/uploads\/2025\/06\/Estudiantes-en-el-Concurso-Simulacion-Judicial.jpg","contentUrl":"https:\/\/www.ucatolica.edu.co\/portal\/wp-content\/uploads\/2025\/06\/Estudiantes-en-el-Concurso-Simulacion-Judicial.jpg","width":870,"height":522,"caption":"Estudiantes en el Concurso Simulaci\u00f3n Judicial"},{"@type":"BreadcrumbList","@id":"https:\/\/www.ucatolica.edu.co\/portal\/estudiantes-de-derecho-representaron-a-la-universidad-catolica-de-colombia-en-la-xii-edicion-del-concurso-de-simulacion-judicial-sobre-la-corte-penal-internacional\/#breadcrumb","itemListElement":[{"@type":"ListItem","position":1,"name":"Inicio","item":"https:\/\/www.ucatolica.edu.co\/portal\/"},{"@type":"ListItem","position":2,"name":"Estudiantes de Derecho representaron a la Universidad Cat\u00f3lica de Colombia en la XII Edici\u00f3n del Concurso de Simulaci\u00f3n Judicial sobre la Corte Penal Internacional"}]},{"@type":"WebSite","@id":"https:\/\/www.ucatolica.edu.co\/portal\/#website","url":"https:\/\/www.ucatolica.edu.co\/portal\/","name":"Universidad Cat\u00f3lica De Colombia","description":"Universidad Cat\u00f3lica De Colombia","publisher":{"@id":"https:\/\/www.ucatolica.edu.co\/portal\/#organization"},"potentialAction":[{"@type":"SearchAction","target":{"@type":"EntryPoint","urlTemplate":"https:\/\/www.ucatolica.edu.co\/portal\/?s={search_term_string}"},"query-input":{"@type":"PropertyValueSpecification","valueRequired":true,"valueName":"search_term_string"}}],"inLanguage":"es-CO"},{"@type":"Organization","@id":"https:\/\/www.ucatolica.edu.co\/portal\/#organization","name":"Universidad Cat\u00f3lica de Colombia","url":"https:\/\/www.ucatolica.edu.co\/portal\/","logo":{"@type":"ImageObject","inLanguage":"es-CO","@id":"https:\/\/www.ucatolica.edu.co\/portal\/#\/schema\/logo\/image\/","url":"https:\/\/www.ucatolica.edu.co\/portal\/wp-content\/uploads\/2021\/06\/logo-header-ho-1.svg","contentUrl":"https:\/\/www.ucatolica.edu.co\/portal\/wp-content\/uploads\/2021\/06\/logo-header-ho-1.svg","width":1,"height":1,"caption":"Universidad Cat\u00f3lica de Colombia"},"image":{"@id":"https:\/\/www.ucatolica.edu.co\/portal\/#\/schema\/logo\/image\/"},"sameAs":["https:\/\/www.facebook.com\/ucatolicacolombia","https:\/\/x.com\/UCatolicaCol","https:\/\/www.instagram.com\/universidadcatolicadecolombia\/","https:\/\/www.linkedin.com\/company\/universidadcatolicadecolombia\/","https:\/\/www.youtube.com\/user\/UCatolicaCo"]},{"@type":"Person","@id":"https:\/\/www.ucatolica.edu.co\/portal\/#\/schema\/person\/2fe10d3836c8b18a520cbf458d96a728","name":"Juan Jos\u00e9 Franco","url":"https:\/\/www.ucatolica.edu.co\/portal\/author\/juan\/"}]}},"author_meta":{"display_name":"Juan Jos\u00e9 Franco","author_link":"https:\/\/www.ucatolica.edu.co\/portal\/author\/juan\/"},"featured_img":"https:\/\/www.ucatolica.edu.co\/portal\/wp-content\/uploads\/2025\/06\/Estudiantes-en-el-Concurso-Simulacion-Judicial.jpg","coauthors":[],"tax_additional":{"categories":{"linked":["<a href=\"https:\/\/www.ucatolica.edu.co\/portal\/category\/noticias-principales\/\" class=\"advgb-post-tax-term\">Noticias Principales<\/a>","<a href=\"https:\/\/www.ucatolica.edu.co\/portal\/category\/orii\/\" class=\"advgb-post-tax-term\">ORII<\/a>"],"unlinked":["<span class=\"advgb-post-tax-term\">Noticias Principales<\/span>","<span class=\"advgb-post-tax-term\">ORII<\/span>"]},"tags":{"linked":["<a href=\"https:\/\/www.ucatolica.edu.co\/portal\/category\/orii\/\" class=\"advgb-post-tax-term\">Derecho<\/a>","<a href=\"https:\/\/www.ucatolica.edu.co\/portal\/category\/orii\/\" class=\"advgb-post-tax-term\">Icetex<\/a>","<a href=\"https:\/\/www.ucatolica.edu.co\/portal\/category\/orii\/\" class=\"advgb-post-tax-term\">ORII<\/a>","<a href=\"https:\/\/www.ucatolica.edu.co\/portal\/category\/orii\/\" class=\"advgb-post-tax-term\">Universidad Cat\u00f3lica de Colombia<\/a>"],"unlinked":["<span class=\"advgb-post-tax-term\">Derecho<\/span>","<span class=\"advgb-post-tax-term\">Icetex<\/span>","<span class=\"advgb-post-tax-term\">ORII<\/span>","<span class=\"advgb-post-tax-term\">Universidad Cat\u00f3lica de Colombia<\/span>"]}},"comment_count":"0","relative_dates":{"created":"Posted 11 meses ago","modified":"Updated 11 meses ago"},"absolute_dates":{"created":"Posted on 13 junio, 2025","modified":"Updated on 13 junio, 2025"},"absolute_dates_time":{"created":"Posted on 13 junio, 2025 3:18 pm","modified":"Updated on 13 junio, 2025 3:18 pm"},"featured_img_caption":"","series_order":"","_links":{"self":[{"href":"https:\/\/www.ucatolica.edu.co\/portal\/wp-json\/wp\/v2\/posts\/117977","targetHints":{"allow":["GET"]}}],"collection":[{"href":"https:\/\/www.ucatolica.edu.co\/portal\/wp-json\/wp\/v2\/posts"}],"about":[{"href":"https:\/\/www.ucatolica.edu.co\/portal\/wp-json\/wp\/v2\/types\/post"}],"author":[{"embeddable":true,"href":"https:\/\/www.ucatolica.edu.co\/portal\/wp-json\/wp\/v2\/users\/65"}],"replies":[{"embeddable":true,"href":"https:\/\/www.ucatolica.edu.co\/portal\/wp-json\/wp\/v2\/comments?post=117977"}],"version-history":[{"count":2,"href":"https:\/\/www.ucatolica.edu.co\/portal\/wp-json\/wp\/v2\/posts\/117977\/revisions"}],"predecessor-version":[{"id":118009,"href":"https:\/\/www.ucatolica.edu.co\/portal\/wp-json\/wp\/v2\/posts\/117977\/revisions\/118009"}],"wp:featuredmedia":[{"embeddable":true,"href":"https:\/\/www.ucatolica.edu.co\/portal\/wp-json\/wp\/v2\/media\/118006"}],"wp:attachment":[{"href":"https:\/\/www.ucatolica.edu.co\/portal\/wp-json\/wp\/v2\/media?parent=117977"}],"wp:term":[{"taxonomy":"category","embeddable":true,"href":"https:\/\/www.ucatolica.edu.co\/portal\/wp-json\/wp\/v2\/categories?post=117977"},{"taxonomy":"post_tag","embeddable":true,"href":"https:\/\/www.ucatolica.edu.co\/portal\/wp-json\/wp\/v2\/tags?post=117977"}],"curies":[{"name":"wp","href":"https:\/\/api.w.org\/{rel}","templated":true}]}}