{"id":117979,"date":"2025-06-13T15:24:53","date_gmt":"2025-06-13T20:24:53","guid":{"rendered":"https:\/\/www.ucatolica.edu.co\/portal\/?p=117979"},"modified":"2025-06-13T15:24:53","modified_gmt":"2025-06-13T20:24:53","slug":"faubai-2025-universidad-catolica-de-colombia-impulsa-su-proyeccion-global-en-el-mayor-encuentro-de-internacionalizacion-en-america-latina","status":"publish","type":"post","link":"https:\/\/www.ucatolica.edu.co\/portal\/faubai-2025-universidad-catolica-de-colombia-impulsa-su-proyeccion-global-en-el-mayor-encuentro-de-internacionalizacion-en-america-latina\/","title":{"rendered":"FAUBAI 2025: Universidad Cat\u00f3lica de Colombia impulsa su proyecci\u00f3n global en el mayor encuentro de internacionalizaci\u00f3n en Am\u00e9rica Latina"},"content":{"rendered":"\n<p>La Oficina de Relaciones Internacionales e Interinstitucionales (ORII) de la Universidad Cat\u00f3lica de Colombia particip\u00f3 activamente en la 37\u00aa Conferencia Anual de FAUBAI, el evento m\u00e1s relevante de internacionalizaci\u00f3n de la educaci\u00f3n superior en Am\u00e9rica Latina, que tuvo lugar del 26 al 30 de abril en Brasilia, Brasil.<\/p>\n\n\n\n<p>Bajo el lema <strong>\u201cHacia alianzas equitativas y sostenibles\u201d<\/strong>, el encuentro reuni\u00f3 a representantes de m\u00e1s de 28 pa\u00edses con el prop\u00f3sito de impulsar una cooperaci\u00f3n internacional m\u00e1s inclusiva, equilibrada y orientada al impacto social. En este contexto, la <strong>Universidad Cat\u00f3lica de Colombia<\/strong> reafirm\u00f3 su compromiso con la construcci\u00f3n de redes acad\u00e9micas estrat\u00e9gicas que promuevan el intercambio de conocimiento, el aprendizaje global y el fortalecimiento institucional conjunto.<\/p>\n\n\n\n<p>La delegaci\u00f3n de la Universidad, encabezada por miembros de la ORII, asisti\u00f3 a paneles tem\u00e1ticos, talleres colaborativos y espacios de networking centrados en movilidad acad\u00e9mica, aprendizaje colaborativo internacional en l\u00ednea (COIL), investigaci\u00f3n conjunta y formaci\u00f3n en competencias interculturales, ejes fundamentales en su pol\u00edtica de internacionalizaci\u00f3n.<\/p>\n\n\n\n<p>Durante su participaci\u00f3n, la delegaci\u00f3n sostuvo reuniones con socios estrat\u00e9gicos actuales y potenciales de Am\u00e9rica Latina, Europa y otras regiones, avanzando en la consolidaci\u00f3n de proyectos de cooperaci\u00f3n, intercambios estudiantiles, programas de doble titulaci\u00f3n y movilidad docente.<\/p>\n\n\n\n<p>La presencia de la Universidad en FAUBAI 2025 permiti\u00f3 visibilizar su propuesta educativa basada en la excelencia acad\u00e9mica, el compromiso social y una firme vocaci\u00f3n internacional, proyect\u00e1ndose como una instituci\u00f3n que aporta activamente a los desaf\u00edos globales desde el \u00e1mbito acad\u00e9mico.<\/p>\n\n\n\n<p>Con m\u00e1s de 7.000 estudiantes, cinco facultades, siete patentes y una creciente agenda de colaboraci\u00f3n internacional, la Universidad Cat\u00f3lica de Colombia contin\u00faa posicion\u00e1ndose como un referente regional en educaci\u00f3n superior con impacto global.<\/p>\n\n\n\n<p>\u00a1Seguimos abriendo caminos hacia una internacionalizaci\u00f3n con sentido humano y transformador!<\/p>\n\n\n\n<p><em>Esta actividad fue posible gracias al financiamiento proporcionado por el Programa de Expertos Internacionales del ICETEX, que promueve activamente la participaci\u00f3n de expertos nacionales e internacionales en eventos y actividades tanto en Colombia como en el extranjero.<\/em><\/p>\n\n\n\n<figure class=\"wp-block-image size-full\"><img decoding=\"async\" width=\"274\" height=\"76\" src=\"https:\/\/www.ucatolica.edu.co\/portal\/wp-content\/uploads\/2025\/06\/Imagen-icetex.png\" alt=\"Imagen icetex\" class=\"wp-image-117967\"\/><\/figure>\n","protected":false},"excerpt":{"rendered":"<p>La Oficina de Relaciones Internacionales e Interinstitucionales (ORII) de la Universidad Cat\u00f3lica de Colombia particip\u00f3 activamente en la 37\u00aa Conferencia Anual de FAUBAI, el evento m\u00e1s relevante de internacionalizaci\u00f3n de la educaci\u00f3n superior en Am\u00e9rica Latina, que tuvo lugar del 26 al 30 de abril en Brasilia, Brasil. Bajo el lema \u201cHacia alianzas equitativas y [&hellip;]<\/p>\n","protected":false},"author":65,"featured_media":118008,"comment_status":"open","ping_status":"open","sticky":false,"template":"","format":"standard","meta":{"_acf_changed":false,"advgb_blocks_editor_width":"","advgb_blocks_columns_visual_guide":"","footnotes":""},"categories":[93,531],"tags":[1409,479,265],"class_list":["post-117979","post","type-post","status-publish","format-standard","has-post-thumbnail","hentry","category-noticias-principales","category-orii","tag-internacinalizacion","tag-orii","tag-universidad-catolica-de-colombia"],"acf":[],"yoast_head":"<!-- This site is optimized with the Yoast SEO plugin v26.7 - https:\/\/yoast.com\/wordpress\/plugins\/seo\/ -->\n<title>FAUBAI 2025: Universidad Cat\u00f3lica de Colombia impulsa su proyecci\u00f3n global en el mayor encuentro de internacionalizaci\u00f3n en Am\u00e9rica Latina - Universidad Cat\u00f3lica De Colombia<\/title>\n<meta name=\"robots\" content=\"index, follow, max-snippet:-1, max-image-preview:large, max-video-preview:-1\" \/>\n<link rel=\"canonical\" href=\"https:\/\/www.ucatolica.edu.co\/portal\/faubai-2025-universidad-catolica-de-colombia-impulsa-su-proyeccion-global-en-el-mayor-encuentro-de-internacionalizacion-en-america-latina\/\" \/>\n<meta property=\"og:locale\" content=\"es_ES\" \/>\n<meta property=\"og:type\" content=\"article\" \/>\n<meta property=\"og:title\" content=\"FAUBAI 2025: Universidad Cat\u00f3lica de Colombia impulsa su proyecci\u00f3n global en el mayor encuentro de internacionalizaci\u00f3n en Am\u00e9rica Latina - Universidad Cat\u00f3lica De Colombia\" \/>\n<meta property=\"og:description\" content=\"La Oficina de Relaciones Internacionales e Interinstitucionales (ORII) de la Universidad Cat\u00f3lica de Colombia particip\u00f3 activamente en la 37\u00aa Conferencia Anual de FAUBAI, el evento m\u00e1s relevante de internacionalizaci\u00f3n de la educaci\u00f3n superior en Am\u00e9rica Latina, que tuvo lugar del 26 al 30 de abril en Brasilia, Brasil. Bajo el lema \u201cHacia alianzas equitativas y [&hellip;]\" \/>\n<meta property=\"og:url\" content=\"https:\/\/www.ucatolica.edu.co\/portal\/faubai-2025-universidad-catolica-de-colombia-impulsa-su-proyeccion-global-en-el-mayor-encuentro-de-internacionalizacion-en-america-latina\/\" \/>\n<meta property=\"og:site_name\" content=\"Universidad Cat\u00f3lica De Colombia\" \/>\n<meta property=\"article:publisher\" content=\"https:\/\/www.facebook.com\/ucatolicacolombia\" \/>\n<meta property=\"article:published_time\" content=\"2025-06-13T20:24:53+00:00\" \/>\n<meta property=\"og:image\" content=\"https:\/\/www.ucatolica.edu.co\/portal\/wp-content\/uploads\/2025\/06\/U-catolica-de-Colombia-en-FAUBAI-2025.jpg\" \/>\n\t<meta property=\"og:image:width\" content=\"870\" \/>\n\t<meta property=\"og:image:height\" content=\"522\" \/>\n\t<meta property=\"og:image:type\" content=\"image\/jpeg\" \/>\n<meta name=\"author\" content=\"Juan Jos\u00e9 Franco\" \/>\n<meta name=\"twitter:card\" content=\"summary_large_image\" \/>\n<meta name=\"twitter:creator\" content=\"@UCatolicaCol\" \/>\n<meta name=\"twitter:site\" content=\"@UCatolicaCol\" \/>\n<meta name=\"twitter:label1\" content=\"Escrito por\" \/>\n\t<meta name=\"twitter:data1\" content=\"Juan Jos\u00e9 Franco\" \/>\n\t<meta name=\"twitter:label2\" content=\"Tiempo de lectura\" \/>\n\t<meta name=\"twitter:data2\" content=\"2 minutos\" \/>\n<script type=\"application\/ld+json\" class=\"yoast-schema-graph\">{\"@context\":\"https:\/\/schema.org\",\"@graph\":[{\"@type\":\"Article\",\"@id\":\"https:\/\/www.ucatolica.edu.co\/portal\/faubai-2025-universidad-catolica-de-colombia-impulsa-su-proyeccion-global-en-el-mayor-encuentro-de-internacionalizacion-en-america-latina\/#article\",\"isPartOf\":{\"@id\":\"https:\/\/www.ucatolica.edu.co\/portal\/faubai-2025-universidad-catolica-de-colombia-impulsa-su-proyeccion-global-en-el-mayor-encuentro-de-internacionalizacion-en-america-latina\/\"},\"author\":{\"name\":\"Juan Jos\u00e9 Franco\",\"@id\":\"https:\/\/www.ucatolica.edu.co\/portal\/#\/schema\/person\/2fe10d3836c8b18a520cbf458d96a728\"},\"headline\":\"FAUBAI 2025: Universidad Cat\u00f3lica de Colombia impulsa su proyecci\u00f3n global en el mayor encuentro de internacionalizaci\u00f3n en Am\u00e9rica Latina\",\"datePublished\":\"2025-06-13T20:24:53+00:00\",\"mainEntityOfPage\":{\"@id\":\"https:\/\/www.ucatolica.edu.co\/portal\/faubai-2025-universidad-catolica-de-colombia-impulsa-su-proyeccion-global-en-el-mayor-encuentro-de-internacionalizacion-en-america-latina\/\"},\"wordCount\":377,\"commentCount\":0,\"publisher\":{\"@id\":\"https:\/\/www.ucatolica.edu.co\/portal\/#organization\"},\"image\":{\"@id\":\"https:\/\/www.ucatolica.edu.co\/portal\/faubai-2025-universidad-catolica-de-colombia-impulsa-su-proyeccion-global-en-el-mayor-encuentro-de-internacionalizacion-en-america-latina\/#primaryimage\"},\"thumbnailUrl\":\"https:\/\/www.ucatolica.edu.co\/portal\/wp-content\/uploads\/2025\/06\/U-catolica-de-Colombia-en-FAUBAI-2025.jpg\",\"keywords\":[\"Internacinalizaci\u00f3n\",\"ORII\",\"Universidad Cat\u00f3lica de Colombia\"],\"articleSection\":[\"Noticias Principales\",\"ORII\"],\"inLanguage\":\"es-CO\"},{\"@type\":\"WebPage\",\"@id\":\"https:\/\/www.ucatolica.edu.co\/portal\/faubai-2025-universidad-catolica-de-colombia-impulsa-su-proyeccion-global-en-el-mayor-encuentro-de-internacionalizacion-en-america-latina\/\",\"url\":\"https:\/\/www.ucatolica.edu.co\/portal\/faubai-2025-universidad-catolica-de-colombia-impulsa-su-proyeccion-global-en-el-mayor-encuentro-de-internacionalizacion-en-america-latina\/\",\"name\":\"FAUBAI 2025: Universidad Cat\u00f3lica de Colombia impulsa su proyecci\u00f3n global en el mayor encuentro de internacionalizaci\u00f3n en Am\u00e9rica Latina - Universidad Cat\u00f3lica De Colombia\",\"isPartOf\":{\"@id\":\"https:\/\/www.ucatolica.edu.co\/portal\/#website\"},\"primaryImageOfPage\":{\"@id\":\"https:\/\/www.ucatolica.edu.co\/portal\/faubai-2025-universidad-catolica-de-colombia-impulsa-su-proyeccion-global-en-el-mayor-encuentro-de-internacionalizacion-en-america-latina\/#primaryimage\"},\"image\":{\"@id\":\"https:\/\/www.ucatolica.edu.co\/portal\/faubai-2025-universidad-catolica-de-colombia-impulsa-su-proyeccion-global-en-el-mayor-encuentro-de-internacionalizacion-en-america-latina\/#primaryimage\"},\"thumbnailUrl\":\"https:\/\/www.ucatolica.edu.co\/portal\/wp-content\/uploads\/2025\/06\/U-catolica-de-Colombia-en-FAUBAI-2025.jpg\",\"datePublished\":\"2025-06-13T20:24:53+00:00\",\"breadcrumb\":{\"@id\":\"https:\/\/www.ucatolica.edu.co\/portal\/faubai-2025-universidad-catolica-de-colombia-impulsa-su-proyeccion-global-en-el-mayor-encuentro-de-internacionalizacion-en-america-latina\/#breadcrumb\"},\"inLanguage\":\"es-CO\",\"potentialAction\":[{\"@type\":\"ReadAction\",\"target\":[\"https:\/\/www.ucatolica.edu.co\/portal\/faubai-2025-universidad-catolica-de-colombia-impulsa-su-proyeccion-global-en-el-mayor-encuentro-de-internacionalizacion-en-america-latina\/\"]}]},{\"@type\":\"ImageObject\",\"inLanguage\":\"es-CO\",\"@id\":\"https:\/\/www.ucatolica.edu.co\/portal\/faubai-2025-universidad-catolica-de-colombia-impulsa-su-proyeccion-global-en-el-mayor-encuentro-de-internacionalizacion-en-america-latina\/#primaryimage\",\"url\":\"https:\/\/www.ucatolica.edu.co\/portal\/wp-content\/uploads\/2025\/06\/U-catolica-de-Colombia-en-FAUBAI-2025.jpg\",\"contentUrl\":\"https:\/\/www.ucatolica.edu.co\/portal\/wp-content\/uploads\/2025\/06\/U-catolica-de-Colombia-en-FAUBAI-2025.jpg\",\"width\":870,\"height\":522},{\"@type\":\"BreadcrumbList\",\"@id\":\"https:\/\/www.ucatolica.edu.co\/portal\/faubai-2025-universidad-catolica-de-colombia-impulsa-su-proyeccion-global-en-el-mayor-encuentro-de-internacionalizacion-en-america-latina\/#breadcrumb\",\"itemListElement\":[{\"@type\":\"ListItem\",\"position\":1,\"name\":\"Inicio\",\"item\":\"https:\/\/www.ucatolica.edu.co\/portal\/\"},{\"@type\":\"ListItem\",\"position\":2,\"name\":\"FAUBAI 2025: Universidad Cat\u00f3lica de Colombia impulsa su proyecci\u00f3n global en el mayor encuentro de internacionalizaci\u00f3n en Am\u00e9rica Latina\"}]},{\"@type\":\"WebSite\",\"@id\":\"https:\/\/www.ucatolica.edu.co\/portal\/#website\",\"url\":\"https:\/\/www.ucatolica.edu.co\/portal\/\",\"name\":\"Universidad Cat\u00f3lica De Colombia\",\"description\":\"Universidad Cat\u00f3lica De Colombia\",\"publisher\":{\"@id\":\"https:\/\/www.ucatolica.edu.co\/portal\/#organization\"},\"potentialAction\":[{\"@type\":\"SearchAction\",\"target\":{\"@type\":\"EntryPoint\",\"urlTemplate\":\"https:\/\/www.ucatolica.edu.co\/portal\/?s={search_term_string}\"},\"query-input\":{\"@type\":\"PropertyValueSpecification\",\"valueRequired\":true,\"valueName\":\"search_term_string\"}}],\"inLanguage\":\"es-CO\"},{\"@type\":\"Organization\",\"@id\":\"https:\/\/www.ucatolica.edu.co\/portal\/#organization\",\"name\":\"Universidad Cat\u00f3lica de Colombia\",\"url\":\"https:\/\/www.ucatolica.edu.co\/portal\/\",\"logo\":{\"@type\":\"ImageObject\",\"inLanguage\":\"es-CO\",\"@id\":\"https:\/\/www.ucatolica.edu.co\/portal\/#\/schema\/logo\/image\/\",\"url\":\"https:\/\/www.ucatolica.edu.co\/portal\/wp-content\/uploads\/2021\/06\/logo-header-ho-1.svg\",\"contentUrl\":\"https:\/\/www.ucatolica.edu.co\/portal\/wp-content\/uploads\/2021\/06\/logo-header-ho-1.svg\",\"width\":1,\"height\":1,\"caption\":\"Universidad Cat\u00f3lica de Colombia\"},\"image\":{\"@id\":\"https:\/\/www.ucatolica.edu.co\/portal\/#\/schema\/logo\/image\/\"},\"sameAs\":[\"https:\/\/www.facebook.com\/ucatolicacolombia\",\"https:\/\/x.com\/UCatolicaCol\",\"https:\/\/www.instagram.com\/universidadcatolicadecolombia\/\",\"https:\/\/www.linkedin.com\/company\/universidadcatolicadecolombia\/\",\"https:\/\/www.youtube.com\/user\/UCatolicaCo\"]},{\"@type\":\"Person\",\"@id\":\"https:\/\/www.ucatolica.edu.co\/portal\/#\/schema\/person\/2fe10d3836c8b18a520cbf458d96a728\",\"name\":\"Juan Jos\u00e9 Franco\",\"url\":\"https:\/\/www.ucatolica.edu.co\/portal\/author\/juan\/\"}]}<\/script>\n<!-- \/ Yoast SEO plugin. -->","yoast_head_json":{"title":"FAUBAI 2025: Universidad Cat\u00f3lica de Colombia impulsa su proyecci\u00f3n global en el mayor encuentro de internacionalizaci\u00f3n en Am\u00e9rica Latina - Universidad Cat\u00f3lica De Colombia","robots":{"index":"index","follow":"follow","max-snippet":"max-snippet:-1","max-image-preview":"max-image-preview:large","max-video-preview":"max-video-preview:-1"},"canonical":"https:\/\/www.ucatolica.edu.co\/portal\/faubai-2025-universidad-catolica-de-colombia-impulsa-su-proyeccion-global-en-el-mayor-encuentro-de-internacionalizacion-en-america-latina\/","og_locale":"es_ES","og_type":"article","og_title":"FAUBAI 2025: Universidad Cat\u00f3lica de Colombia impulsa su proyecci\u00f3n global en el mayor encuentro de internacionalizaci\u00f3n en Am\u00e9rica Latina - Universidad Cat\u00f3lica De Colombia","og_description":"La Oficina de Relaciones Internacionales e Interinstitucionales (ORII) de la Universidad Cat\u00f3lica de Colombia particip\u00f3 activamente en la 37\u00aa Conferencia Anual de FAUBAI, el evento m\u00e1s relevante de internacionalizaci\u00f3n de la educaci\u00f3n superior en Am\u00e9rica Latina, que tuvo lugar del 26 al 30 de abril en Brasilia, Brasil. Bajo el lema \u201cHacia alianzas equitativas y [&hellip;]","og_url":"https:\/\/www.ucatolica.edu.co\/portal\/faubai-2025-universidad-catolica-de-colombia-impulsa-su-proyeccion-global-en-el-mayor-encuentro-de-internacionalizacion-en-america-latina\/","og_site_name":"Universidad Cat\u00f3lica De Colombia","article_publisher":"https:\/\/www.facebook.com\/ucatolicacolombia","article_published_time":"2025-06-13T20:24:53+00:00","og_image":[{"width":870,"height":522,"url":"https:\/\/www.ucatolica.edu.co\/portal\/wp-content\/uploads\/2025\/06\/U-catolica-de-Colombia-en-FAUBAI-2025.jpg","type":"image\/jpeg"}],"author":"Juan Jos\u00e9 Franco","twitter_card":"summary_large_image","twitter_creator":"@UCatolicaCol","twitter_site":"@UCatolicaCol","twitter_misc":{"Escrito por":"Juan Jos\u00e9 Franco","Tiempo de lectura":"2 minutos"},"schema":{"@context":"https:\/\/schema.org","@graph":[{"@type":"Article","@id":"https:\/\/www.ucatolica.edu.co\/portal\/faubai-2025-universidad-catolica-de-colombia-impulsa-su-proyeccion-global-en-el-mayor-encuentro-de-internacionalizacion-en-america-latina\/#article","isPartOf":{"@id":"https:\/\/www.ucatolica.edu.co\/portal\/faubai-2025-universidad-catolica-de-colombia-impulsa-su-proyeccion-global-en-el-mayor-encuentro-de-internacionalizacion-en-america-latina\/"},"author":{"name":"Juan Jos\u00e9 Franco","@id":"https:\/\/www.ucatolica.edu.co\/portal\/#\/schema\/person\/2fe10d3836c8b18a520cbf458d96a728"},"headline":"FAUBAI 2025: Universidad Cat\u00f3lica de Colombia impulsa su proyecci\u00f3n global en el mayor encuentro de internacionalizaci\u00f3n en Am\u00e9rica Latina","datePublished":"2025-06-13T20:24:53+00:00","mainEntityOfPage":{"@id":"https:\/\/www.ucatolica.edu.co\/portal\/faubai-2025-universidad-catolica-de-colombia-impulsa-su-proyeccion-global-en-el-mayor-encuentro-de-internacionalizacion-en-america-latina\/"},"wordCount":377,"commentCount":0,"publisher":{"@id":"https:\/\/www.ucatolica.edu.co\/portal\/#organization"},"image":{"@id":"https:\/\/www.ucatolica.edu.co\/portal\/faubai-2025-universidad-catolica-de-colombia-impulsa-su-proyeccion-global-en-el-mayor-encuentro-de-internacionalizacion-en-america-latina\/#primaryimage"},"thumbnailUrl":"https:\/\/www.ucatolica.edu.co\/portal\/wp-content\/uploads\/2025\/06\/U-catolica-de-Colombia-en-FAUBAI-2025.jpg","keywords":["Internacinalizaci\u00f3n","ORII","Universidad Cat\u00f3lica de Colombia"],"articleSection":["Noticias Principales","ORII"],"inLanguage":"es-CO"},{"@type":"WebPage","@id":"https:\/\/www.ucatolica.edu.co\/portal\/faubai-2025-universidad-catolica-de-colombia-impulsa-su-proyeccion-global-en-el-mayor-encuentro-de-internacionalizacion-en-america-latina\/","url":"https:\/\/www.ucatolica.edu.co\/portal\/faubai-2025-universidad-catolica-de-colombia-impulsa-su-proyeccion-global-en-el-mayor-encuentro-de-internacionalizacion-en-america-latina\/","name":"FAUBAI 2025: Universidad Cat\u00f3lica de Colombia impulsa su proyecci\u00f3n global en el mayor encuentro de internacionalizaci\u00f3n en Am\u00e9rica Latina - Universidad Cat\u00f3lica De Colombia","isPartOf":{"@id":"https:\/\/www.ucatolica.edu.co\/portal\/#website"},"primaryImageOfPage":{"@id":"https:\/\/www.ucatolica.edu.co\/portal\/faubai-2025-universidad-catolica-de-colombia-impulsa-su-proyeccion-global-en-el-mayor-encuentro-de-internacionalizacion-en-america-latina\/#primaryimage"},"image":{"@id":"https:\/\/www.ucatolica.edu.co\/portal\/faubai-2025-universidad-catolica-de-colombia-impulsa-su-proyeccion-global-en-el-mayor-encuentro-de-internacionalizacion-en-america-latina\/#primaryimage"},"thumbnailUrl":"https:\/\/www.ucatolica.edu.co\/portal\/wp-content\/uploads\/2025\/06\/U-catolica-de-Colombia-en-FAUBAI-2025.jpg","datePublished":"2025-06-13T20:24:53+00:00","breadcrumb":{"@id":"https:\/\/www.ucatolica.edu.co\/portal\/faubai-2025-universidad-catolica-de-colombia-impulsa-su-proyeccion-global-en-el-mayor-encuentro-de-internacionalizacion-en-america-latina\/#breadcrumb"},"inLanguage":"es-CO","potentialAction":[{"@type":"ReadAction","target":["https:\/\/www.ucatolica.edu.co\/portal\/faubai-2025-universidad-catolica-de-colombia-impulsa-su-proyeccion-global-en-el-mayor-encuentro-de-internacionalizacion-en-america-latina\/"]}]},{"@type":"ImageObject","inLanguage":"es-CO","@id":"https:\/\/www.ucatolica.edu.co\/portal\/faubai-2025-universidad-catolica-de-colombia-impulsa-su-proyeccion-global-en-el-mayor-encuentro-de-internacionalizacion-en-america-latina\/#primaryimage","url":"https:\/\/www.ucatolica.edu.co\/portal\/wp-content\/uploads\/2025\/06\/U-catolica-de-Colombia-en-FAUBAI-2025.jpg","contentUrl":"https:\/\/www.ucatolica.edu.co\/portal\/wp-content\/uploads\/2025\/06\/U-catolica-de-Colombia-en-FAUBAI-2025.jpg","width":870,"height":522},{"@type":"BreadcrumbList","@id":"https:\/\/www.ucatolica.edu.co\/portal\/faubai-2025-universidad-catolica-de-colombia-impulsa-su-proyeccion-global-en-el-mayor-encuentro-de-internacionalizacion-en-america-latina\/#breadcrumb","itemListElement":[{"@type":"ListItem","position":1,"name":"Inicio","item":"https:\/\/www.ucatolica.edu.co\/portal\/"},{"@type":"ListItem","position":2,"name":"FAUBAI 2025: Universidad Cat\u00f3lica de Colombia impulsa su proyecci\u00f3n global en el mayor encuentro de internacionalizaci\u00f3n en Am\u00e9rica Latina"}]},{"@type":"WebSite","@id":"https:\/\/www.ucatolica.edu.co\/portal\/#website","url":"https:\/\/www.ucatolica.edu.co\/portal\/","name":"Universidad Cat\u00f3lica De Colombia","description":"Universidad Cat\u00f3lica De Colombia","publisher":{"@id":"https:\/\/www.ucatolica.edu.co\/portal\/#organization"},"potentialAction":[{"@type":"SearchAction","target":{"@type":"EntryPoint","urlTemplate":"https:\/\/www.ucatolica.edu.co\/portal\/?s={search_term_string}"},"query-input":{"@type":"PropertyValueSpecification","valueRequired":true,"valueName":"search_term_string"}}],"inLanguage":"es-CO"},{"@type":"Organization","@id":"https:\/\/www.ucatolica.edu.co\/portal\/#organization","name":"Universidad Cat\u00f3lica de Colombia","url":"https:\/\/www.ucatolica.edu.co\/portal\/","logo":{"@type":"ImageObject","inLanguage":"es-CO","@id":"https:\/\/www.ucatolica.edu.co\/portal\/#\/schema\/logo\/image\/","url":"https:\/\/www.ucatolica.edu.co\/portal\/wp-content\/uploads\/2021\/06\/logo-header-ho-1.svg","contentUrl":"https:\/\/www.ucatolica.edu.co\/portal\/wp-content\/uploads\/2021\/06\/logo-header-ho-1.svg","width":1,"height":1,"caption":"Universidad Cat\u00f3lica de Colombia"},"image":{"@id":"https:\/\/www.ucatolica.edu.co\/portal\/#\/schema\/logo\/image\/"},"sameAs":["https:\/\/www.facebook.com\/ucatolicacolombia","https:\/\/x.com\/UCatolicaCol","https:\/\/www.instagram.com\/universidadcatolicadecolombia\/","https:\/\/www.linkedin.com\/company\/universidadcatolicadecolombia\/","https:\/\/www.youtube.com\/user\/UCatolicaCo"]},{"@type":"Person","@id":"https:\/\/www.ucatolica.edu.co\/portal\/#\/schema\/person\/2fe10d3836c8b18a520cbf458d96a728","name":"Juan Jos\u00e9 Franco","url":"https:\/\/www.ucatolica.edu.co\/portal\/author\/juan\/"}]}},"author_meta":{"display_name":"Juan Jos\u00e9 Franco","author_link":"https:\/\/www.ucatolica.edu.co\/portal\/author\/juan\/"},"featured_img":"https:\/\/www.ucatolica.edu.co\/portal\/wp-content\/uploads\/2025\/06\/U-catolica-de-Colombia-en-FAUBAI-2025.jpg","coauthors":[],"tax_additional":{"categories":{"linked":["<a href=\"https:\/\/www.ucatolica.edu.co\/portal\/category\/noticias-principales\/\" class=\"advgb-post-tax-term\">Noticias Principales<\/a>","<a href=\"https:\/\/www.ucatolica.edu.co\/portal\/category\/orii\/\" class=\"advgb-post-tax-term\">ORII<\/a>"],"unlinked":["<span class=\"advgb-post-tax-term\">Noticias Principales<\/span>","<span class=\"advgb-post-tax-term\">ORII<\/span>"]},"tags":{"linked":["<a href=\"https:\/\/www.ucatolica.edu.co\/portal\/category\/orii\/\" class=\"advgb-post-tax-term\">Internacinalizaci\u00f3n<\/a>","<a href=\"https:\/\/www.ucatolica.edu.co\/portal\/category\/orii\/\" class=\"advgb-post-tax-term\">ORII<\/a>","<a href=\"https:\/\/www.ucatolica.edu.co\/portal\/category\/orii\/\" class=\"advgb-post-tax-term\">Universidad Cat\u00f3lica de Colombia<\/a>"],"unlinked":["<span class=\"advgb-post-tax-term\">Internacinalizaci\u00f3n<\/span>","<span class=\"advgb-post-tax-term\">ORII<\/span>","<span class=\"advgb-post-tax-term\">Universidad Cat\u00f3lica de Colombia<\/span>"]}},"comment_count":"0","relative_dates":{"created":"Posted 11 meses ago","modified":"Updated 11 meses ago"},"absolute_dates":{"created":"Posted on 13 junio, 2025","modified":"Updated on 13 junio, 2025"},"absolute_dates_time":{"created":"Posted on 13 junio, 2025 3:24 pm","modified":"Updated on 13 junio, 2025 3:24 pm"},"featured_img_caption":"","series_order":"","_links":{"self":[{"href":"https:\/\/www.ucatolica.edu.co\/portal\/wp-json\/wp\/v2\/posts\/117979","targetHints":{"allow":["GET"]}}],"collection":[{"href":"https:\/\/www.ucatolica.edu.co\/portal\/wp-json\/wp\/v2\/posts"}],"about":[{"href":"https:\/\/www.ucatolica.edu.co\/portal\/wp-json\/wp\/v2\/types\/post"}],"author":[{"embeddable":true,"href":"https:\/\/www.ucatolica.edu.co\/portal\/wp-json\/wp\/v2\/users\/65"}],"replies":[{"embeddable":true,"href":"https:\/\/www.ucatolica.edu.co\/portal\/wp-json\/wp\/v2\/comments?post=117979"}],"version-history":[{"count":1,"href":"https:\/\/www.ucatolica.edu.co\/portal\/wp-json\/wp\/v2\/posts\/117979\/revisions"}],"predecessor-version":[{"id":117980,"href":"https:\/\/www.ucatolica.edu.co\/portal\/wp-json\/wp\/v2\/posts\/117979\/revisions\/117980"}],"wp:featuredmedia":[{"embeddable":true,"href":"https:\/\/www.ucatolica.edu.co\/portal\/wp-json\/wp\/v2\/media\/118008"}],"wp:attachment":[{"href":"https:\/\/www.ucatolica.edu.co\/portal\/wp-json\/wp\/v2\/media?parent=117979"}],"wp:term":[{"taxonomy":"category","embeddable":true,"href":"https:\/\/www.ucatolica.edu.co\/portal\/wp-json\/wp\/v2\/categories?post=117979"},{"taxonomy":"post_tag","embeddable":true,"href":"https:\/\/www.ucatolica.edu.co\/portal\/wp-json\/wp\/v2\/tags?post=117979"}],"curies":[{"name":"wp","href":"https:\/\/api.w.org\/{rel}","templated":true}]}}