{"id":118073,"date":"2025-06-17T16:25:53","date_gmt":"2025-06-17T21:25:53","guid":{"rendered":"https:\/\/www.ucatolica.edu.co\/portal\/?p=118073"},"modified":"2025-06-18T17:08:09","modified_gmt":"2025-06-18T22:08:09","slug":"la-universidad-catolica-de-colombia-se-une-al-fondo-cundinamarca-mas-profesional-para-ampliar-el-acceso-a-la-educacion-superior","status":"publish","type":"post","link":"https:\/\/www.ucatolica.edu.co\/portal\/la-universidad-catolica-de-colombia-se-une-al-fondo-cundinamarca-mas-profesional-para-ampliar-el-acceso-a-la-educacion-superior\/","title":{"rendered":"La Universidad Cat\u00f3lica de Colombia se une al Fondo \u201cCundinamarca M\u00e1s Profesional\u201d para ampliar el acceso a la Educaci\u00f3n Superior"},"content":{"rendered":"\n<p>La <strong>Universidad Cat\u00f3lica de Colombia<\/strong> ha sido habilitada como <strong>instituci\u00f3n aliada<\/strong> en la m\u00e1s reciente convocatoria del <strong>Fondo &#8220;Cundinamarca M\u00e1s Profesional&#8221;<\/strong>, una estrategia liderada por la <strong>Gobernaci\u00f3n de Cundinamarca<\/strong> que busca promover el acceso, permanencia y graduaci\u00f3n de j\u00f3venes del departamento en programas de <strong>Educaci\u00f3n Superior de alta calidad<\/strong>.<\/p>\n\n\n\n<h2 class=\"wp-block-heading\">Formaci\u00f3n con respaldo institucional y apoyo econ\u00f3mico<\/h2>\n\n\n\n<p>Gracias a esta alianza, los j\u00f3venes admitidos a trav\u00e9s del fondo podr\u00e1n cursar su pregrado en la Universidad con un importante respaldo financiero. El programa ofrece un <strong>cr\u00e9dito condonable del 100 %<\/strong>, siempre y cuando el estudiante cumpla con los requisitos de avance acad\u00e9mico y social establecidos. A esto se suma una <strong>beca del 30 % sobre el valor de la matr\u00edcula<\/strong>, otorgada directamente por la Universidad Cat\u00f3lica de Colombia, como parte de su compromiso con la inclusi\u00f3n y la equidad educativa.<\/p>\n\n\n\n<h2 class=\"wp-block-heading\">\u00bfQui\u00e9nes pueden postularse?<\/h2>\n\n\n\n<p>La convocatoria est\u00e1 dirigida a:<\/p>\n\n\n\n<ul class=\"wp-block-list\">\n<li>Bachilleres egresados de <strong>colegios p\u00fablicos o privados del departamento<\/strong>.<\/li>\n\n\n\n<li>Residentes de <strong>municipios no certificados en educaci\u00f3n<\/strong> de Cundinamarca.<\/li>\n\n\n\n<li>Aspirantes que <strong>ya cuenten con admisi\u00f3n<\/strong> en un programa de pregrado presencial en la Universidad Cat\u00f3lica de Colombia para el segundo semestre de 2025.<\/li>\n\n\n\n<li>Personas que <strong>no est\u00e9n cursando otra carrera profesional<\/strong> ni tengan t\u00edtulo universitario previo.<\/li>\n<\/ul>\n\n\n\n<p>Adem\u00e1s, los interesados deben haber presentado la prueba Saber 11 y diligenciar su inscripci\u00f3n en el sistema de la Gobernaci\u00f3n.<\/p>\n\n\n\n<p><strong>Inscripciones abiertas hasta el 2 de julio de 2025.<br>Los aspirantes podr\u00e1n postularse a trav\u00e9s del sitio web oficial del programa de la Gobernaci\u00f3n de Cundinamarca <a href=\"https:\/\/coopminutodedios.com\/solicitud-de-credito-para-educacion-profesional\/\" target=\"_blank\" rel=\"noreferrer noopener\">aqu\u00ed<\/a>.<br><\/strong><br>La Universidad Cat\u00f3lica de Colombia: aliada para el desarrollo regional<\/p>\n\n\n\n<p>Esta iniciativa fortalece el compromiso institucional de la Universidad con el desarrollo del pa\u00eds y el cierre de brechas educativas. Adem\u00e1s de ofrecer <strong>programas acad\u00e9micos de alta calidad<\/strong>, la Universidad garantiza un entorno formativo con acompa\u00f1amiento permanente, bienestar integral y m\u00faltiples oportunidades de crecimiento profesional.<\/p>\n\n\n\n<p>Con esta alianza, se reafirma la misi\u00f3n educativa de formar ciudadanos \u00edntegros, \u00e9ticos y comprometidos con el desarrollo regional y nacional.<\/p>\n\n\n\n<h2 class=\"wp-block-heading\">\u00a1La educaci\u00f3n transforma vidas y abre caminos!<\/h2>\n\n\n\n<p>Si eres de Cundinamarca y sue\u00f1as con estudiar una carrera universitaria, esta es tu oportunidad.<br><strong>Estudia con nosotros, transforma tu futuro.<\/strong><br><br><\/p>\n","protected":false},"excerpt":{"rendered":"<p>La Universidad Cat\u00f3lica de Colombia ha sido habilitada como instituci\u00f3n aliada en la m\u00e1s reciente convocatoria del Fondo &#8220;Cundinamarca M\u00e1s Profesional&#8221;, una estrategia liderada por la Gobernaci\u00f3n de Cundinamarca que busca promover el acceso, permanencia y graduaci\u00f3n de j\u00f3venes del departamento en programas de Educaci\u00f3n Superior de alta calidad. Formaci\u00f3n con respaldo institucional y apoyo [&hellip;]<\/p>\n","protected":false},"author":64,"featured_media":118090,"comment_status":"open","ping_status":"open","sticky":false,"template":"","format":"standard","meta":{"_acf_changed":false,"advgb_blocks_editor_width":"","advgb_blocks_columns_visual_guide":"","footnotes":""},"categories":[93],"tags":[566,2394,2338,1777,265],"class_list":["post-118073","post","type-post","status-publish","format-standard","has-post-thumbnail","hentry","category-noticias-principales","tag-becas","tag-educacion-en-colombia","tag-equidad","tag-inscripciones-abiertas","tag-universidad-catolica-de-colombia"],"acf":[],"yoast_head":"<!-- This site is optimized with the Yoast SEO plugin v26.7 - https:\/\/yoast.com\/wordpress\/plugins\/seo\/ -->\n<title>La Universidad Cat\u00f3lica de Colombia se une al Fondo \u201cCundinamarca M\u00e1s Profesional\u201d para ampliar el acceso a la Educaci\u00f3n Superior - Universidad Cat\u00f3lica De Colombia<\/title>\n<meta name=\"robots\" content=\"index, follow, max-snippet:-1, max-image-preview:large, max-video-preview:-1\" \/>\n<link rel=\"canonical\" href=\"https:\/\/www.ucatolica.edu.co\/portal\/la-universidad-catolica-de-colombia-se-une-al-fondo-cundinamarca-mas-profesional-para-ampliar-el-acceso-a-la-educacion-superior\/\" \/>\n<meta property=\"og:locale\" content=\"es_ES\" \/>\n<meta property=\"og:type\" content=\"article\" \/>\n<meta property=\"og:title\" content=\"La Universidad Cat\u00f3lica de Colombia se une al Fondo \u201cCundinamarca M\u00e1s Profesional\u201d para ampliar el acceso a la Educaci\u00f3n Superior - Universidad Cat\u00f3lica De Colombia\" \/>\n<meta property=\"og:description\" content=\"La Universidad Cat\u00f3lica de Colombia ha sido habilitada como instituci\u00f3n aliada en la m\u00e1s reciente convocatoria del Fondo &#8220;Cundinamarca M\u00e1s Profesional&#8221;, una estrategia liderada por la Gobernaci\u00f3n de Cundinamarca que busca promover el acceso, permanencia y graduaci\u00f3n de j\u00f3venes del departamento en programas de Educaci\u00f3n Superior de alta calidad. Formaci\u00f3n con respaldo institucional y apoyo [&hellip;]\" \/>\n<meta property=\"og:url\" content=\"https:\/\/www.ucatolica.edu.co\/portal\/la-universidad-catolica-de-colombia-se-une-al-fondo-cundinamarca-mas-profesional-para-ampliar-el-acceso-a-la-educacion-superior\/\" \/>\n<meta property=\"og:site_name\" content=\"Universidad Cat\u00f3lica De Colombia\" \/>\n<meta property=\"article:publisher\" content=\"https:\/\/www.facebook.com\/ucatolicacolombia\" \/>\n<meta property=\"article:published_time\" content=\"2025-06-17T21:25:53+00:00\" \/>\n<meta property=\"article:modified_time\" content=\"2025-06-18T22:08:09+00:00\" \/>\n<meta property=\"og:image\" content=\"https:\/\/www.ucatolica.edu.co\/portal\/wp-content\/uploads\/2025\/06\/Noticia-3.jpg\" \/>\n\t<meta property=\"og:image:width\" content=\"870\" \/>\n\t<meta property=\"og:image:height\" content=\"522\" \/>\n\t<meta property=\"og:image:type\" content=\"image\/jpeg\" \/>\n<meta name=\"author\" content=\"Daniela Junco\" \/>\n<meta name=\"twitter:card\" content=\"summary_large_image\" \/>\n<meta name=\"twitter:creator\" content=\"@UCatolicaCol\" \/>\n<meta name=\"twitter:site\" content=\"@UCatolicaCol\" \/>\n<meta name=\"twitter:label1\" content=\"Escrito por\" \/>\n\t<meta name=\"twitter:data1\" content=\"Daniela Junco\" \/>\n\t<meta name=\"twitter:label2\" content=\"Tiempo de lectura\" \/>\n\t<meta name=\"twitter:data2\" content=\"2 minutos\" \/>\n<script type=\"application\/ld+json\" class=\"yoast-schema-graph\">{\"@context\":\"https:\/\/schema.org\",\"@graph\":[{\"@type\":\"Article\",\"@id\":\"https:\/\/www.ucatolica.edu.co\/portal\/la-universidad-catolica-de-colombia-se-une-al-fondo-cundinamarca-mas-profesional-para-ampliar-el-acceso-a-la-educacion-superior\/#article\",\"isPartOf\":{\"@id\":\"https:\/\/www.ucatolica.edu.co\/portal\/la-universidad-catolica-de-colombia-se-une-al-fondo-cundinamarca-mas-profesional-para-ampliar-el-acceso-a-la-educacion-superior\/\"},\"author\":{\"name\":\"Daniela Junco\",\"@id\":\"https:\/\/www.ucatolica.edu.co\/portal\/#\/schema\/person\/46b982b9085fee761b48b0bd54f8b9f8\"},\"headline\":\"La Universidad Cat\u00f3lica de Colombia se une al Fondo \u201cCundinamarca M\u00e1s Profesional\u201d para ampliar el acceso a la Educaci\u00f3n Superior\",\"datePublished\":\"2025-06-17T21:25:53+00:00\",\"dateModified\":\"2025-06-18T22:08:09+00:00\",\"mainEntityOfPage\":{\"@id\":\"https:\/\/www.ucatolica.edu.co\/portal\/la-universidad-catolica-de-colombia-se-une-al-fondo-cundinamarca-mas-profesional-para-ampliar-el-acceso-a-la-educacion-superior\/\"},\"wordCount\":407,\"commentCount\":0,\"publisher\":{\"@id\":\"https:\/\/www.ucatolica.edu.co\/portal\/#organization\"},\"image\":{\"@id\":\"https:\/\/www.ucatolica.edu.co\/portal\/la-universidad-catolica-de-colombia-se-une-al-fondo-cundinamarca-mas-profesional-para-ampliar-el-acceso-a-la-educacion-superior\/#primaryimage\"},\"thumbnailUrl\":\"https:\/\/www.ucatolica.edu.co\/portal\/wp-content\/uploads\/2025\/06\/Noticia-3.jpg\",\"keywords\":[\"Becas\",\"Educacion en Colombia\",\"Equidad\",\"inscripciones abiertas\",\"Universidad Cat\u00f3lica de Colombia\"],\"articleSection\":[\"Noticias Principales\"],\"inLanguage\":\"es-CO\"},{\"@type\":\"WebPage\",\"@id\":\"https:\/\/www.ucatolica.edu.co\/portal\/la-universidad-catolica-de-colombia-se-une-al-fondo-cundinamarca-mas-profesional-para-ampliar-el-acceso-a-la-educacion-superior\/\",\"url\":\"https:\/\/www.ucatolica.edu.co\/portal\/la-universidad-catolica-de-colombia-se-une-al-fondo-cundinamarca-mas-profesional-para-ampliar-el-acceso-a-la-educacion-superior\/\",\"name\":\"La Universidad Cat\u00f3lica de Colombia se une al Fondo \u201cCundinamarca M\u00e1s Profesional\u201d para ampliar el acceso a la Educaci\u00f3n Superior - Universidad Cat\u00f3lica De Colombia\",\"isPartOf\":{\"@id\":\"https:\/\/www.ucatolica.edu.co\/portal\/#website\"},\"primaryImageOfPage\":{\"@id\":\"https:\/\/www.ucatolica.edu.co\/portal\/la-universidad-catolica-de-colombia-se-une-al-fondo-cundinamarca-mas-profesional-para-ampliar-el-acceso-a-la-educacion-superior\/#primaryimage\"},\"image\":{\"@id\":\"https:\/\/www.ucatolica.edu.co\/portal\/la-universidad-catolica-de-colombia-se-une-al-fondo-cundinamarca-mas-profesional-para-ampliar-el-acceso-a-la-educacion-superior\/#primaryimage\"},\"thumbnailUrl\":\"https:\/\/www.ucatolica.edu.co\/portal\/wp-content\/uploads\/2025\/06\/Noticia-3.jpg\",\"datePublished\":\"2025-06-17T21:25:53+00:00\",\"dateModified\":\"2025-06-18T22:08:09+00:00\",\"breadcrumb\":{\"@id\":\"https:\/\/www.ucatolica.edu.co\/portal\/la-universidad-catolica-de-colombia-se-une-al-fondo-cundinamarca-mas-profesional-para-ampliar-el-acceso-a-la-educacion-superior\/#breadcrumb\"},\"inLanguage\":\"es-CO\",\"potentialAction\":[{\"@type\":\"ReadAction\",\"target\":[\"https:\/\/www.ucatolica.edu.co\/portal\/la-universidad-catolica-de-colombia-se-une-al-fondo-cundinamarca-mas-profesional-para-ampliar-el-acceso-a-la-educacion-superior\/\"]}]},{\"@type\":\"ImageObject\",\"inLanguage\":\"es-CO\",\"@id\":\"https:\/\/www.ucatolica.edu.co\/portal\/la-universidad-catolica-de-colombia-se-une-al-fondo-cundinamarca-mas-profesional-para-ampliar-el-acceso-a-la-educacion-superior\/#primaryimage\",\"url\":\"https:\/\/www.ucatolica.edu.co\/portal\/wp-content\/uploads\/2025\/06\/Noticia-3.jpg\",\"contentUrl\":\"https:\/\/www.ucatolica.edu.co\/portal\/wp-content\/uploads\/2025\/06\/Noticia-3.jpg\",\"width\":870,\"height\":522},{\"@type\":\"BreadcrumbList\",\"@id\":\"https:\/\/www.ucatolica.edu.co\/portal\/la-universidad-catolica-de-colombia-se-une-al-fondo-cundinamarca-mas-profesional-para-ampliar-el-acceso-a-la-educacion-superior\/#breadcrumb\",\"itemListElement\":[{\"@type\":\"ListItem\",\"position\":1,\"name\":\"Inicio\",\"item\":\"https:\/\/www.ucatolica.edu.co\/portal\/\"},{\"@type\":\"ListItem\",\"position\":2,\"name\":\"La Universidad Cat\u00f3lica de Colombia se une al Fondo \u201cCundinamarca M\u00e1s Profesional\u201d para ampliar el acceso a la Educaci\u00f3n Superior\"}]},{\"@type\":\"WebSite\",\"@id\":\"https:\/\/www.ucatolica.edu.co\/portal\/#website\",\"url\":\"https:\/\/www.ucatolica.edu.co\/portal\/\",\"name\":\"Universidad Cat\u00f3lica De Colombia\",\"description\":\"Universidad Cat\u00f3lica De Colombia\",\"publisher\":{\"@id\":\"https:\/\/www.ucatolica.edu.co\/portal\/#organization\"},\"potentialAction\":[{\"@type\":\"SearchAction\",\"target\":{\"@type\":\"EntryPoint\",\"urlTemplate\":\"https:\/\/www.ucatolica.edu.co\/portal\/?s={search_term_string}\"},\"query-input\":{\"@type\":\"PropertyValueSpecification\",\"valueRequired\":true,\"valueName\":\"search_term_string\"}}],\"inLanguage\":\"es-CO\"},{\"@type\":\"Organization\",\"@id\":\"https:\/\/www.ucatolica.edu.co\/portal\/#organization\",\"name\":\"Universidad Cat\u00f3lica de Colombia\",\"url\":\"https:\/\/www.ucatolica.edu.co\/portal\/\",\"logo\":{\"@type\":\"ImageObject\",\"inLanguage\":\"es-CO\",\"@id\":\"https:\/\/www.ucatolica.edu.co\/portal\/#\/schema\/logo\/image\/\",\"url\":\"https:\/\/www.ucatolica.edu.co\/portal\/wp-content\/uploads\/2021\/06\/logo-header-ho-1.svg\",\"contentUrl\":\"https:\/\/www.ucatolica.edu.co\/portal\/wp-content\/uploads\/2021\/06\/logo-header-ho-1.svg\",\"width\":1,\"height\":1,\"caption\":\"Universidad Cat\u00f3lica de Colombia\"},\"image\":{\"@id\":\"https:\/\/www.ucatolica.edu.co\/portal\/#\/schema\/logo\/image\/\"},\"sameAs\":[\"https:\/\/www.facebook.com\/ucatolicacolombia\",\"https:\/\/x.com\/UCatolicaCol\",\"https:\/\/www.instagram.com\/universidadcatolicadecolombia\/\",\"https:\/\/www.linkedin.com\/company\/universidadcatolicadecolombia\/\",\"https:\/\/www.youtube.com\/user\/UCatolicaCo\"]},{\"@type\":\"Person\",\"@id\":\"https:\/\/www.ucatolica.edu.co\/portal\/#\/schema\/person\/46b982b9085fee761b48b0bd54f8b9f8\",\"name\":\"Daniela Junco\",\"url\":\"https:\/\/www.ucatolica.edu.co\/portal\/author\/daniela\/\"}]}<\/script>\n<!-- \/ Yoast SEO plugin. -->","yoast_head_json":{"title":"La Universidad Cat\u00f3lica de Colombia se une al Fondo \u201cCundinamarca M\u00e1s Profesional\u201d para ampliar el acceso a la Educaci\u00f3n Superior - Universidad Cat\u00f3lica De Colombia","robots":{"index":"index","follow":"follow","max-snippet":"max-snippet:-1","max-image-preview":"max-image-preview:large","max-video-preview":"max-video-preview:-1"},"canonical":"https:\/\/www.ucatolica.edu.co\/portal\/la-universidad-catolica-de-colombia-se-une-al-fondo-cundinamarca-mas-profesional-para-ampliar-el-acceso-a-la-educacion-superior\/","og_locale":"es_ES","og_type":"article","og_title":"La Universidad Cat\u00f3lica de Colombia se une al Fondo \u201cCundinamarca M\u00e1s Profesional\u201d para ampliar el acceso a la Educaci\u00f3n Superior - Universidad Cat\u00f3lica De Colombia","og_description":"La Universidad Cat\u00f3lica de Colombia ha sido habilitada como instituci\u00f3n aliada en la m\u00e1s reciente convocatoria del Fondo &#8220;Cundinamarca M\u00e1s Profesional&#8221;, una estrategia liderada por la Gobernaci\u00f3n de Cundinamarca que busca promover el acceso, permanencia y graduaci\u00f3n de j\u00f3venes del departamento en programas de Educaci\u00f3n Superior de alta calidad. Formaci\u00f3n con respaldo institucional y apoyo [&hellip;]","og_url":"https:\/\/www.ucatolica.edu.co\/portal\/la-universidad-catolica-de-colombia-se-une-al-fondo-cundinamarca-mas-profesional-para-ampliar-el-acceso-a-la-educacion-superior\/","og_site_name":"Universidad Cat\u00f3lica De Colombia","article_publisher":"https:\/\/www.facebook.com\/ucatolicacolombia","article_published_time":"2025-06-17T21:25:53+00:00","article_modified_time":"2025-06-18T22:08:09+00:00","og_image":[{"width":870,"height":522,"url":"https:\/\/www.ucatolica.edu.co\/portal\/wp-content\/uploads\/2025\/06\/Noticia-3.jpg","type":"image\/jpeg"}],"author":"Daniela Junco","twitter_card":"summary_large_image","twitter_creator":"@UCatolicaCol","twitter_site":"@UCatolicaCol","twitter_misc":{"Escrito por":"Daniela Junco","Tiempo de lectura":"2 minutos"},"schema":{"@context":"https:\/\/schema.org","@graph":[{"@type":"Article","@id":"https:\/\/www.ucatolica.edu.co\/portal\/la-universidad-catolica-de-colombia-se-une-al-fondo-cundinamarca-mas-profesional-para-ampliar-el-acceso-a-la-educacion-superior\/#article","isPartOf":{"@id":"https:\/\/www.ucatolica.edu.co\/portal\/la-universidad-catolica-de-colombia-se-une-al-fondo-cundinamarca-mas-profesional-para-ampliar-el-acceso-a-la-educacion-superior\/"},"author":{"name":"Daniela Junco","@id":"https:\/\/www.ucatolica.edu.co\/portal\/#\/schema\/person\/46b982b9085fee761b48b0bd54f8b9f8"},"headline":"La Universidad Cat\u00f3lica de Colombia se une al Fondo \u201cCundinamarca M\u00e1s Profesional\u201d para ampliar el acceso a la Educaci\u00f3n Superior","datePublished":"2025-06-17T21:25:53+00:00","dateModified":"2025-06-18T22:08:09+00:00","mainEntityOfPage":{"@id":"https:\/\/www.ucatolica.edu.co\/portal\/la-universidad-catolica-de-colombia-se-une-al-fondo-cundinamarca-mas-profesional-para-ampliar-el-acceso-a-la-educacion-superior\/"},"wordCount":407,"commentCount":0,"publisher":{"@id":"https:\/\/www.ucatolica.edu.co\/portal\/#organization"},"image":{"@id":"https:\/\/www.ucatolica.edu.co\/portal\/la-universidad-catolica-de-colombia-se-une-al-fondo-cundinamarca-mas-profesional-para-ampliar-el-acceso-a-la-educacion-superior\/#primaryimage"},"thumbnailUrl":"https:\/\/www.ucatolica.edu.co\/portal\/wp-content\/uploads\/2025\/06\/Noticia-3.jpg","keywords":["Becas","Educacion en Colombia","Equidad","inscripciones abiertas","Universidad Cat\u00f3lica de Colombia"],"articleSection":["Noticias Principales"],"inLanguage":"es-CO"},{"@type":"WebPage","@id":"https:\/\/www.ucatolica.edu.co\/portal\/la-universidad-catolica-de-colombia-se-une-al-fondo-cundinamarca-mas-profesional-para-ampliar-el-acceso-a-la-educacion-superior\/","url":"https:\/\/www.ucatolica.edu.co\/portal\/la-universidad-catolica-de-colombia-se-une-al-fondo-cundinamarca-mas-profesional-para-ampliar-el-acceso-a-la-educacion-superior\/","name":"La Universidad Cat\u00f3lica de Colombia se une al Fondo \u201cCundinamarca M\u00e1s Profesional\u201d para ampliar el acceso a la Educaci\u00f3n Superior - Universidad Cat\u00f3lica De Colombia","isPartOf":{"@id":"https:\/\/www.ucatolica.edu.co\/portal\/#website"},"primaryImageOfPage":{"@id":"https:\/\/www.ucatolica.edu.co\/portal\/la-universidad-catolica-de-colombia-se-une-al-fondo-cundinamarca-mas-profesional-para-ampliar-el-acceso-a-la-educacion-superior\/#primaryimage"},"image":{"@id":"https:\/\/www.ucatolica.edu.co\/portal\/la-universidad-catolica-de-colombia-se-une-al-fondo-cundinamarca-mas-profesional-para-ampliar-el-acceso-a-la-educacion-superior\/#primaryimage"},"thumbnailUrl":"https:\/\/www.ucatolica.edu.co\/portal\/wp-content\/uploads\/2025\/06\/Noticia-3.jpg","datePublished":"2025-06-17T21:25:53+00:00","dateModified":"2025-06-18T22:08:09+00:00","breadcrumb":{"@id":"https:\/\/www.ucatolica.edu.co\/portal\/la-universidad-catolica-de-colombia-se-une-al-fondo-cundinamarca-mas-profesional-para-ampliar-el-acceso-a-la-educacion-superior\/#breadcrumb"},"inLanguage":"es-CO","potentialAction":[{"@type":"ReadAction","target":["https:\/\/www.ucatolica.edu.co\/portal\/la-universidad-catolica-de-colombia-se-une-al-fondo-cundinamarca-mas-profesional-para-ampliar-el-acceso-a-la-educacion-superior\/"]}]},{"@type":"ImageObject","inLanguage":"es-CO","@id":"https:\/\/www.ucatolica.edu.co\/portal\/la-universidad-catolica-de-colombia-se-une-al-fondo-cundinamarca-mas-profesional-para-ampliar-el-acceso-a-la-educacion-superior\/#primaryimage","url":"https:\/\/www.ucatolica.edu.co\/portal\/wp-content\/uploads\/2025\/06\/Noticia-3.jpg","contentUrl":"https:\/\/www.ucatolica.edu.co\/portal\/wp-content\/uploads\/2025\/06\/Noticia-3.jpg","width":870,"height":522},{"@type":"BreadcrumbList","@id":"https:\/\/www.ucatolica.edu.co\/portal\/la-universidad-catolica-de-colombia-se-une-al-fondo-cundinamarca-mas-profesional-para-ampliar-el-acceso-a-la-educacion-superior\/#breadcrumb","itemListElement":[{"@type":"ListItem","position":1,"name":"Inicio","item":"https:\/\/www.ucatolica.edu.co\/portal\/"},{"@type":"ListItem","position":2,"name":"La Universidad Cat\u00f3lica de Colombia se une al Fondo \u201cCundinamarca M\u00e1s Profesional\u201d para ampliar el acceso a la Educaci\u00f3n Superior"}]},{"@type":"WebSite","@id":"https:\/\/www.ucatolica.edu.co\/portal\/#website","url":"https:\/\/www.ucatolica.edu.co\/portal\/","name":"Universidad Cat\u00f3lica De Colombia","description":"Universidad Cat\u00f3lica De Colombia","publisher":{"@id":"https:\/\/www.ucatolica.edu.co\/portal\/#organization"},"potentialAction":[{"@type":"SearchAction","target":{"@type":"EntryPoint","urlTemplate":"https:\/\/www.ucatolica.edu.co\/portal\/?s={search_term_string}"},"query-input":{"@type":"PropertyValueSpecification","valueRequired":true,"valueName":"search_term_string"}}],"inLanguage":"es-CO"},{"@type":"Organization","@id":"https:\/\/www.ucatolica.edu.co\/portal\/#organization","name":"Universidad Cat\u00f3lica de Colombia","url":"https:\/\/www.ucatolica.edu.co\/portal\/","logo":{"@type":"ImageObject","inLanguage":"es-CO","@id":"https:\/\/www.ucatolica.edu.co\/portal\/#\/schema\/logo\/image\/","url":"https:\/\/www.ucatolica.edu.co\/portal\/wp-content\/uploads\/2021\/06\/logo-header-ho-1.svg","contentUrl":"https:\/\/www.ucatolica.edu.co\/portal\/wp-content\/uploads\/2021\/06\/logo-header-ho-1.svg","width":1,"height":1,"caption":"Universidad Cat\u00f3lica de Colombia"},"image":{"@id":"https:\/\/www.ucatolica.edu.co\/portal\/#\/schema\/logo\/image\/"},"sameAs":["https:\/\/www.facebook.com\/ucatolicacolombia","https:\/\/x.com\/UCatolicaCol","https:\/\/www.instagram.com\/universidadcatolicadecolombia\/","https:\/\/www.linkedin.com\/company\/universidadcatolicadecolombia\/","https:\/\/www.youtube.com\/user\/UCatolicaCo"]},{"@type":"Person","@id":"https:\/\/www.ucatolica.edu.co\/portal\/#\/schema\/person\/46b982b9085fee761b48b0bd54f8b9f8","name":"Daniela Junco","url":"https:\/\/www.ucatolica.edu.co\/portal\/author\/daniela\/"}]}},"author_meta":{"display_name":"Daniela Junco","author_link":"https:\/\/www.ucatolica.edu.co\/portal\/author\/daniela\/"},"featured_img":"https:\/\/www.ucatolica.edu.co\/portal\/wp-content\/uploads\/2025\/06\/Noticia-3.jpg","coauthors":[],"tax_additional":{"categories":{"linked":["<a href=\"https:\/\/www.ucatolica.edu.co\/portal\/category\/noticias-principales\/\" class=\"advgb-post-tax-term\">Noticias Principales<\/a>"],"unlinked":["<span class=\"advgb-post-tax-term\">Noticias Principales<\/span>"]},"tags":{"linked":["<a href=\"https:\/\/www.ucatolica.edu.co\/portal\/category\/noticias-principales\/\" class=\"advgb-post-tax-term\">Becas<\/a>","<a href=\"https:\/\/www.ucatolica.edu.co\/portal\/category\/noticias-principales\/\" class=\"advgb-post-tax-term\">Educacion en Colombia<\/a>","<a href=\"https:\/\/www.ucatolica.edu.co\/portal\/category\/noticias-principales\/\" class=\"advgb-post-tax-term\">Equidad<\/a>","<a href=\"https:\/\/www.ucatolica.edu.co\/portal\/category\/noticias-principales\/\" class=\"advgb-post-tax-term\">inscripciones abiertas<\/a>","<a href=\"https:\/\/www.ucatolica.edu.co\/portal\/category\/noticias-principales\/\" class=\"advgb-post-tax-term\">Universidad Cat\u00f3lica de Colombia<\/a>"],"unlinked":["<span class=\"advgb-post-tax-term\">Becas<\/span>","<span class=\"advgb-post-tax-term\">Educacion en Colombia<\/span>","<span class=\"advgb-post-tax-term\">Equidad<\/span>","<span class=\"advgb-post-tax-term\">inscripciones abiertas<\/span>","<span class=\"advgb-post-tax-term\">Universidad Cat\u00f3lica de Colombia<\/span>"]}},"comment_count":"0","relative_dates":{"created":"Posted 11 meses ago","modified":"Updated 11 meses ago"},"absolute_dates":{"created":"Posted on 17 junio, 2025","modified":"Updated on 18 junio, 2025"},"absolute_dates_time":{"created":"Posted on 17 junio, 2025 4:25 pm","modified":"Updated on 18 junio, 2025 5:08 pm"},"featured_img_caption":"","series_order":"","_links":{"self":[{"href":"https:\/\/www.ucatolica.edu.co\/portal\/wp-json\/wp\/v2\/posts\/118073","targetHints":{"allow":["GET"]}}],"collection":[{"href":"https:\/\/www.ucatolica.edu.co\/portal\/wp-json\/wp\/v2\/posts"}],"about":[{"href":"https:\/\/www.ucatolica.edu.co\/portal\/wp-json\/wp\/v2\/types\/post"}],"author":[{"embeddable":true,"href":"https:\/\/www.ucatolica.edu.co\/portal\/wp-json\/wp\/v2\/users\/64"}],"replies":[{"embeddable":true,"href":"https:\/\/www.ucatolica.edu.co\/portal\/wp-json\/wp\/v2\/comments?post=118073"}],"version-history":[{"count":5,"href":"https:\/\/www.ucatolica.edu.co\/portal\/wp-json\/wp\/v2\/posts\/118073\/revisions"}],"predecessor-version":[{"id":118110,"href":"https:\/\/www.ucatolica.edu.co\/portal\/wp-json\/wp\/v2\/posts\/118073\/revisions\/118110"}],"wp:featuredmedia":[{"embeddable":true,"href":"https:\/\/www.ucatolica.edu.co\/portal\/wp-json\/wp\/v2\/media\/118090"}],"wp:attachment":[{"href":"https:\/\/www.ucatolica.edu.co\/portal\/wp-json\/wp\/v2\/media?parent=118073"}],"wp:term":[{"taxonomy":"category","embeddable":true,"href":"https:\/\/www.ucatolica.edu.co\/portal\/wp-json\/wp\/v2\/categories?post=118073"},{"taxonomy":"post_tag","embeddable":true,"href":"https:\/\/www.ucatolica.edu.co\/portal\/wp-json\/wp\/v2\/tags?post=118073"}],"curies":[{"name":"wp","href":"https:\/\/api.w.org\/{rel}","templated":true}]}}