{"id":118146,"date":"2025-06-19T15:26:40","date_gmt":"2025-06-19T20:26:40","guid":{"rendered":"https:\/\/www.ucatolica.edu.co\/portal\/?p=118146"},"modified":"2025-06-20T10:25:11","modified_gmt":"2025-06-20T15:25:11","slug":"estudiantes-del-colegio-monte-verde-y-san-martin-de-porres-vivieron-una-jornada-de-inmersion-en-la-universidad-catolica-de-colombia","status":"publish","type":"post","link":"https:\/\/www.ucatolica.edu.co\/portal\/estudiantes-del-colegio-monte-verde-y-san-martin-de-porres-vivieron-una-jornada-de-inmersion-en-la-universidad-catolica-de-colombia\/","title":{"rendered":"Estudiantes del Colegio Campestre Monte Verde y San Mart\u00edn de Porres vivieron una jornada de inmersi\u00f3n en la Universidad Cat\u00f3lica de Colombia"},"content":{"rendered":"\n<p>La Universidad Cat\u00f3lica de Colombia abri\u00f3 sus puertas para recibir a estudiantes de grado 11 de los colegios Campestre Monte Verde y San Mart\u00edn de Porres, quienes participaron en una jornada de inmersi\u00f3n dise\u00f1ada para acompa\u00f1arlos en la importante decisi\u00f3n de elegir su futuro profesional.<\/p>\n\n\n\n<p>Durante la visita, los j\u00f3venes exploraron el mundo universitario a trav\u00e9s de actividades pr\u00e1cticas y espacios de orientaci\u00f3n que les permitieron identificar sus intereses, talentos y posibles vocaciones. Esta experiencia, pensada desde un enfoque integral, busc\u00f3 guiarlos con informaci\u00f3n, reflexi\u00f3n y cercan\u00eda.<\/p>\n\n\n\n<figure class=\"wp-block-image size-full\"><img fetchpriority=\"high\" decoding=\"async\" width=\"870\" height=\"522\" src=\"https:\/\/www.ucatolica.edu.co\/portal\/wp-content\/uploads\/2025\/06\/Noticia-Colegio3.png\" alt=\"\" class=\"wp-image-118148\" \/><\/figure>\n\n\n\n<p><strong>Una experiencia para descubrir su vocaci\u00f3n<\/strong><\/p>\n\n\n\n<p>La jornada estuvo compuesta por diversas actividades lideradas por docentes y profesionales de la Universidad para descubrir su vocaci\u00f3n mediante la interacci\u00f3n y recorrido por los laboratorios de psicolog\u00eda e ingenier\u00eda y charlas motivacionales de beneficios y oportunidades con los que cuenta la universidad como la internacionalizaci\u00f3n de sus programas acad\u00e9micos, becas, proyecci\u00f3n laboral, cursos de ingl\u00e9s, alianzas estrat\u00e9gicas, entre otros.<\/p>\n\n\n\n<p>Estas din\u00e1micas no solo les mostraron c\u00f3mo se vive la formaci\u00f3n acad\u00e9mica en la Universidad Cat\u00f3lica de Colombia, sino que tambi\u00e9n fomentaron una conexi\u00f3n genuina con el entorno universitario, motiv\u00e1ndolos a construir un proyecto de vida con sentido.<\/p>\n\n\n\n<p><strong>Voces que inspiran<\/strong><\/p>\n\n\n\n<p>En el marco del programa de Responsabilidad Social Universitaria que lidera la Universidad Cat\u00f3lica de Colombia en el sector de San Isidro Patios, esta visita tambi\u00e9n represent\u00f3 un paso importante en el fortalecimiento del tejido comunitario. El Colegio Campestre Monte Verde, como instituci\u00f3n educativa del territorio y aliada estrat\u00e9gica, junto al Colegio San Mart\u00edn de Porres, se sumaron a esta experiencia gracias a la articulaci\u00f3n con la Direcci\u00f3n Local de Educaci\u00f3n de Chapinero (DILE), lo que permiti\u00f3 generar un espacio significativo para el crecimiento personal y acad\u00e9mico de los estudiantes.<\/p>\n\n\n\n<figure class=\"wp-block-image size-full\"><img decoding=\"async\" width=\"870\" height=\"522\" src=\"https:\/\/www.ucatolica.edu.co\/portal\/wp-content\/uploads\/2025\/06\/noticia-colegio-2.png\" alt=\"\" class=\"wp-image-118149\" \/><\/figure>\n\n\n\n<p><strong>Danna Ria\u00f1o, estudiante del Colegio Monte Verde, coment\u00f3:<\/strong><br>\u201cEsta visita me cambi\u00f3 la percepci\u00f3n que ten\u00eda de la universidad, los instructores comunican de manera asertiva las tem\u00e1ticas y su trato con los estudiantes es muy bueno, as\u00ed como la explicaci\u00f3n es muy din\u00e1mica, por lo que es m\u00e1s f\u00e1cil entenderles. La informaci\u00f3n que nos brindaron me ayud\u00f3 a despejar muchas dudas que ten\u00eda acerca de mi futuro profesional\u201d.<\/p>\n\n\n\n<p><strong>Desde el Colegio San Mart\u00edn de Porres, el estudiante Nicolas Diaz resalt\u00f3:<\/strong><br>\u201cSi me preguntan, recomendar\u00eda totalmente a otros estudiantes esta experiencia, porque te da la oportunidad de informarte acerca de las posibilidades de carrera que tienes, conocer el ambiente universitario y ver realmente c\u00f3mo se aplica en la pr\u00e1ctica todos los conocimientos te\u00f3ricos que se ven en las materias, siento que este espacio cumpli\u00f3 totalmente las expectativas que ten\u00eda.\u201d<\/p>\n\n\n\n<figure class=\"wp-block-embed is-type-video is-provider-youtube wp-block-embed-youtube wp-embed-aspect-16-9 wp-has-aspect-ratio\"><div class=\"wp-block-embed__wrapper\">\n<div class=\"video-container\"><iframe title=\"Visita de Colegios - Localidad de Chapinero\" width=\"500\" height=\"281\" src=\"https:\/\/www.youtube.com\/embed\/GejLr8pSucQ?feature=oembed\" frameborder=\"0\" allow=\"accelerometer; autoplay; clipboard-write; encrypted-media; gyroscope; picture-in-picture; web-share\" referrerpolicy=\"strict-origin-when-cross-origin\" allowfullscreen><\/iframe><\/div>\n<\/div><\/figure>\n\n\n\n<p><strong>Formando futuros con prop\u00f3sito<\/strong><\/p>\n\n\n\n<p>Con este tipo de iniciativas, la Universidad Cat\u00f3lica de Colombia fortalece su v\u00ednculo con las instituciones educativas del pa\u00eds, contribuyendo a que m\u00e1s j\u00f3venes puedan visualizar y construir un futuro profesional alineado con sus intereses, capacidades y sue\u00f1os.<\/p>\n\n\n\n<p>Si deseas que tu colegio viva esta experiencia, cont\u00e1ctanos en: <strong>mercadeo@ucatolica.edu.co<\/strong><\/p>\n","protected":false},"excerpt":{"rendered":"<p>La Universidad Cat\u00f3lica de Colombia abri\u00f3 sus puertas para recibir a estudiantes de grado 11 de los colegios Campestre Monte Verde y San Mart\u00edn de Porres, quienes participaron en una jornada de inmersi\u00f3n dise\u00f1ada para acompa\u00f1arlos en la importante decisi\u00f3n de elegir su futuro profesional. Durante la visita, los j\u00f3venes exploraron el mundo universitario a [&hellip;]<\/p>\n","protected":false},"author":64,"featured_media":118147,"comment_status":"open","ping_status":"open","sticky":false,"template":"","format":"standard","meta":{"_acf_changed":false,"advgb_blocks_editor_width":"","advgb_blocks_columns_visual_guide":"","footnotes":""},"categories":[93],"tags":[712,3119,2727,3139,265],"class_list":["post-118146","post","type-post","status-publish","format-standard","has-post-thumbnail","hentry","category-noticias-principales","tag-colegios","tag-inmersion-universitaria","tag-responsabiliad-social","tag-talleres-vocacionales","tag-universidad-catolica-de-colombia"],"acf":[],"yoast_head":"<!-- This site is optimized with the Yoast SEO plugin v26.7 - https:\/\/yoast.com\/wordpress\/plugins\/seo\/ -->\n<title>Estudiantes del Colegio Campestre Monte Verde y San Mart\u00edn de Porres vivieron una jornada de inmersi\u00f3n en la Universidad Cat\u00f3lica de Colombia - Universidad Cat\u00f3lica De Colombia<\/title>\n<meta name=\"robots\" content=\"index, follow, max-snippet:-1, max-image-preview:large, max-video-preview:-1\" \/>\n<link rel=\"canonical\" href=\"https:\/\/www.ucatolica.edu.co\/portal\/estudiantes-del-colegio-monte-verde-y-san-martin-de-porres-vivieron-una-jornada-de-inmersion-en-la-universidad-catolica-de-colombia\/\" \/>\n<meta property=\"og:locale\" content=\"es_ES\" \/>\n<meta property=\"og:type\" content=\"article\" \/>\n<meta property=\"og:title\" content=\"Estudiantes del Colegio Campestre Monte Verde y San Mart\u00edn de Porres vivieron una jornada de inmersi\u00f3n en la Universidad Cat\u00f3lica de Colombia - Universidad Cat\u00f3lica De Colombia\" \/>\n<meta property=\"og:description\" content=\"La Universidad Cat\u00f3lica de Colombia abri\u00f3 sus puertas para recibir a estudiantes de grado 11 de los colegios Campestre Monte Verde y San Mart\u00edn de Porres, quienes participaron en una jornada de inmersi\u00f3n dise\u00f1ada para acompa\u00f1arlos en la importante decisi\u00f3n de elegir su futuro profesional. Durante la visita, los j\u00f3venes exploraron el mundo universitario a [&hellip;]\" \/>\n<meta property=\"og:url\" content=\"https:\/\/www.ucatolica.edu.co\/portal\/estudiantes-del-colegio-monte-verde-y-san-martin-de-porres-vivieron-una-jornada-de-inmersion-en-la-universidad-catolica-de-colombia\/\" \/>\n<meta property=\"og:site_name\" content=\"Universidad Cat\u00f3lica De Colombia\" \/>\n<meta property=\"article:publisher\" content=\"https:\/\/www.facebook.com\/ucatolicacolombia\" \/>\n<meta property=\"article:published_time\" content=\"2025-06-19T20:26:40+00:00\" \/>\n<meta property=\"article:modified_time\" content=\"2025-06-20T15:25:11+00:00\" \/>\n<meta property=\"og:image\" content=\"https:\/\/www.ucatolica.edu.co\/portal\/wp-content\/uploads\/2025\/06\/noticia-colegio-1.png\" \/>\n\t<meta property=\"og:image:width\" content=\"870\" \/>\n\t<meta property=\"og:image:height\" content=\"522\" \/>\n\t<meta property=\"og:image:type\" content=\"image\/png\" \/>\n<meta name=\"author\" content=\"Daniela Junco\" \/>\n<meta name=\"twitter:card\" content=\"summary_large_image\" \/>\n<meta name=\"twitter:creator\" content=\"@UCatolicaCol\" \/>\n<meta name=\"twitter:site\" content=\"@UCatolicaCol\" \/>\n<meta name=\"twitter:label1\" content=\"Escrito por\" \/>\n\t<meta name=\"twitter:data1\" content=\"Daniela Junco\" \/>\n\t<meta name=\"twitter:label2\" content=\"Tiempo de lectura\" \/>\n\t<meta name=\"twitter:data2\" content=\"3 minutos\" \/>\n<script type=\"application\/ld+json\" class=\"yoast-schema-graph\">{\"@context\":\"https:\/\/schema.org\",\"@graph\":[{\"@type\":\"Article\",\"@id\":\"https:\/\/www.ucatolica.edu.co\/portal\/estudiantes-del-colegio-monte-verde-y-san-martin-de-porres-vivieron-una-jornada-de-inmersion-en-la-universidad-catolica-de-colombia\/#article\",\"isPartOf\":{\"@id\":\"https:\/\/www.ucatolica.edu.co\/portal\/estudiantes-del-colegio-monte-verde-y-san-martin-de-porres-vivieron-una-jornada-de-inmersion-en-la-universidad-catolica-de-colombia\/\"},\"author\":{\"name\":\"Daniela Junco\",\"@id\":\"https:\/\/www.ucatolica.edu.co\/portal\/#\/schema\/person\/46b982b9085fee761b48b0bd54f8b9f8\"},\"headline\":\"Estudiantes del Colegio Campestre Monte Verde y San Mart\u00edn de Porres vivieron una jornada de inmersi\u00f3n en la Universidad Cat\u00f3lica de Colombia\",\"datePublished\":\"2025-06-19T20:26:40+00:00\",\"dateModified\":\"2025-06-20T15:25:11+00:00\",\"mainEntityOfPage\":{\"@id\":\"https:\/\/www.ucatolica.edu.co\/portal\/estudiantes-del-colegio-monte-verde-y-san-martin-de-porres-vivieron-una-jornada-de-inmersion-en-la-universidad-catolica-de-colombia\/\"},\"wordCount\":572,\"commentCount\":0,\"publisher\":{\"@id\":\"https:\/\/www.ucatolica.edu.co\/portal\/#organization\"},\"image\":{\"@id\":\"https:\/\/www.ucatolica.edu.co\/portal\/estudiantes-del-colegio-monte-verde-y-san-martin-de-porres-vivieron-una-jornada-de-inmersion-en-la-universidad-catolica-de-colombia\/#primaryimage\"},\"thumbnailUrl\":\"https:\/\/www.ucatolica.edu.co\/portal\/wp-content\/uploads\/2025\/06\/noticia-colegio-1.png\",\"keywords\":[\"Colegios\",\"Inmersi\u00f3n universitaria\",\"Responsabiliad Social\",\"Talleres vocacionales\",\"Universidad Cat\u00f3lica de Colombia\"],\"articleSection\":[\"Noticias Principales\"],\"inLanguage\":\"es-CO\"},{\"@type\":\"WebPage\",\"@id\":\"https:\/\/www.ucatolica.edu.co\/portal\/estudiantes-del-colegio-monte-verde-y-san-martin-de-porres-vivieron-una-jornada-de-inmersion-en-la-universidad-catolica-de-colombia\/\",\"url\":\"https:\/\/www.ucatolica.edu.co\/portal\/estudiantes-del-colegio-monte-verde-y-san-martin-de-porres-vivieron-una-jornada-de-inmersion-en-la-universidad-catolica-de-colombia\/\",\"name\":\"Estudiantes del Colegio Campestre Monte Verde y San Mart\u00edn de Porres vivieron una jornada de inmersi\u00f3n en la Universidad Cat\u00f3lica de Colombia - Universidad Cat\u00f3lica De Colombia\",\"isPartOf\":{\"@id\":\"https:\/\/www.ucatolica.edu.co\/portal\/#website\"},\"primaryImageOfPage\":{\"@id\":\"https:\/\/www.ucatolica.edu.co\/portal\/estudiantes-del-colegio-monte-verde-y-san-martin-de-porres-vivieron-una-jornada-de-inmersion-en-la-universidad-catolica-de-colombia\/#primaryimage\"},\"image\":{\"@id\":\"https:\/\/www.ucatolica.edu.co\/portal\/estudiantes-del-colegio-monte-verde-y-san-martin-de-porres-vivieron-una-jornada-de-inmersion-en-la-universidad-catolica-de-colombia\/#primaryimage\"},\"thumbnailUrl\":\"https:\/\/www.ucatolica.edu.co\/portal\/wp-content\/uploads\/2025\/06\/noticia-colegio-1.png\",\"datePublished\":\"2025-06-19T20:26:40+00:00\",\"dateModified\":\"2025-06-20T15:25:11+00:00\",\"breadcrumb\":{\"@id\":\"https:\/\/www.ucatolica.edu.co\/portal\/estudiantes-del-colegio-monte-verde-y-san-martin-de-porres-vivieron-una-jornada-de-inmersion-en-la-universidad-catolica-de-colombia\/#breadcrumb\"},\"inLanguage\":\"es-CO\",\"potentialAction\":[{\"@type\":\"ReadAction\",\"target\":[\"https:\/\/www.ucatolica.edu.co\/portal\/estudiantes-del-colegio-monte-verde-y-san-martin-de-porres-vivieron-una-jornada-de-inmersion-en-la-universidad-catolica-de-colombia\/\"]}]},{\"@type\":\"ImageObject\",\"inLanguage\":\"es-CO\",\"@id\":\"https:\/\/www.ucatolica.edu.co\/portal\/estudiantes-del-colegio-monte-verde-y-san-martin-de-porres-vivieron-una-jornada-de-inmersion-en-la-universidad-catolica-de-colombia\/#primaryimage\",\"url\":\"https:\/\/www.ucatolica.edu.co\/portal\/wp-content\/uploads\/2025\/06\/noticia-colegio-1.png\",\"contentUrl\":\"https:\/\/www.ucatolica.edu.co\/portal\/wp-content\/uploads\/2025\/06\/noticia-colegio-1.png\",\"width\":870,\"height\":522},{\"@type\":\"BreadcrumbList\",\"@id\":\"https:\/\/www.ucatolica.edu.co\/portal\/estudiantes-del-colegio-monte-verde-y-san-martin-de-porres-vivieron-una-jornada-de-inmersion-en-la-universidad-catolica-de-colombia\/#breadcrumb\",\"itemListElement\":[{\"@type\":\"ListItem\",\"position\":1,\"name\":\"Inicio\",\"item\":\"https:\/\/www.ucatolica.edu.co\/portal\/\"},{\"@type\":\"ListItem\",\"position\":2,\"name\":\"Estudiantes del Colegio Campestre Monte Verde y San Mart\u00edn de Porres vivieron una jornada de inmersi\u00f3n en la Universidad Cat\u00f3lica de Colombia\"}]},{\"@type\":\"WebSite\",\"@id\":\"https:\/\/www.ucatolica.edu.co\/portal\/#website\",\"url\":\"https:\/\/www.ucatolica.edu.co\/portal\/\",\"name\":\"Universidad Cat\u00f3lica De Colombia\",\"description\":\"Universidad Cat\u00f3lica De Colombia\",\"publisher\":{\"@id\":\"https:\/\/www.ucatolica.edu.co\/portal\/#organization\"},\"potentialAction\":[{\"@type\":\"SearchAction\",\"target\":{\"@type\":\"EntryPoint\",\"urlTemplate\":\"https:\/\/www.ucatolica.edu.co\/portal\/?s={search_term_string}\"},\"query-input\":{\"@type\":\"PropertyValueSpecification\",\"valueRequired\":true,\"valueName\":\"search_term_string\"}}],\"inLanguage\":\"es-CO\"},{\"@type\":\"Organization\",\"@id\":\"https:\/\/www.ucatolica.edu.co\/portal\/#organization\",\"name\":\"Universidad Cat\u00f3lica de Colombia\",\"url\":\"https:\/\/www.ucatolica.edu.co\/portal\/\",\"logo\":{\"@type\":\"ImageObject\",\"inLanguage\":\"es-CO\",\"@id\":\"https:\/\/www.ucatolica.edu.co\/portal\/#\/schema\/logo\/image\/\",\"url\":\"https:\/\/www.ucatolica.edu.co\/portal\/wp-content\/uploads\/2021\/06\/logo-header-ho-1.svg\",\"contentUrl\":\"https:\/\/www.ucatolica.edu.co\/portal\/wp-content\/uploads\/2021\/06\/logo-header-ho-1.svg\",\"width\":1,\"height\":1,\"caption\":\"Universidad Cat\u00f3lica de Colombia\"},\"image\":{\"@id\":\"https:\/\/www.ucatolica.edu.co\/portal\/#\/schema\/logo\/image\/\"},\"sameAs\":[\"https:\/\/www.facebook.com\/ucatolicacolombia\",\"https:\/\/x.com\/UCatolicaCol\",\"https:\/\/www.instagram.com\/universidadcatolicadecolombia\/\",\"https:\/\/www.linkedin.com\/company\/universidadcatolicadecolombia\/\",\"https:\/\/www.youtube.com\/user\/UCatolicaCo\"]},{\"@type\":\"Person\",\"@id\":\"https:\/\/www.ucatolica.edu.co\/portal\/#\/schema\/person\/46b982b9085fee761b48b0bd54f8b9f8\",\"name\":\"Daniela Junco\",\"url\":\"https:\/\/www.ucatolica.edu.co\/portal\/author\/daniela\/\"}]}<\/script>\n<!-- \/ Yoast SEO plugin. -->","yoast_head_json":{"title":"Estudiantes del Colegio Campestre Monte Verde y San Mart\u00edn de Porres vivieron una jornada de inmersi\u00f3n en la Universidad Cat\u00f3lica de Colombia - Universidad Cat\u00f3lica De Colombia","robots":{"index":"index","follow":"follow","max-snippet":"max-snippet:-1","max-image-preview":"max-image-preview:large","max-video-preview":"max-video-preview:-1"},"canonical":"https:\/\/www.ucatolica.edu.co\/portal\/estudiantes-del-colegio-monte-verde-y-san-martin-de-porres-vivieron-una-jornada-de-inmersion-en-la-universidad-catolica-de-colombia\/","og_locale":"es_ES","og_type":"article","og_title":"Estudiantes del Colegio Campestre Monte Verde y San Mart\u00edn de Porres vivieron una jornada de inmersi\u00f3n en la Universidad Cat\u00f3lica de Colombia - Universidad Cat\u00f3lica De Colombia","og_description":"La Universidad Cat\u00f3lica de Colombia abri\u00f3 sus puertas para recibir a estudiantes de grado 11 de los colegios Campestre Monte Verde y San Mart\u00edn de Porres, quienes participaron en una jornada de inmersi\u00f3n dise\u00f1ada para acompa\u00f1arlos en la importante decisi\u00f3n de elegir su futuro profesional. Durante la visita, los j\u00f3venes exploraron el mundo universitario a [&hellip;]","og_url":"https:\/\/www.ucatolica.edu.co\/portal\/estudiantes-del-colegio-monte-verde-y-san-martin-de-porres-vivieron-una-jornada-de-inmersion-en-la-universidad-catolica-de-colombia\/","og_site_name":"Universidad Cat\u00f3lica De Colombia","article_publisher":"https:\/\/www.facebook.com\/ucatolicacolombia","article_published_time":"2025-06-19T20:26:40+00:00","article_modified_time":"2025-06-20T15:25:11+00:00","og_image":[{"width":870,"height":522,"url":"https:\/\/www.ucatolica.edu.co\/portal\/wp-content\/uploads\/2025\/06\/noticia-colegio-1.png","type":"image\/png"}],"author":"Daniela Junco","twitter_card":"summary_large_image","twitter_creator":"@UCatolicaCol","twitter_site":"@UCatolicaCol","twitter_misc":{"Escrito por":"Daniela Junco","Tiempo de lectura":"3 minutos"},"schema":{"@context":"https:\/\/schema.org","@graph":[{"@type":"Article","@id":"https:\/\/www.ucatolica.edu.co\/portal\/estudiantes-del-colegio-monte-verde-y-san-martin-de-porres-vivieron-una-jornada-de-inmersion-en-la-universidad-catolica-de-colombia\/#article","isPartOf":{"@id":"https:\/\/www.ucatolica.edu.co\/portal\/estudiantes-del-colegio-monte-verde-y-san-martin-de-porres-vivieron-una-jornada-de-inmersion-en-la-universidad-catolica-de-colombia\/"},"author":{"name":"Daniela Junco","@id":"https:\/\/www.ucatolica.edu.co\/portal\/#\/schema\/person\/46b982b9085fee761b48b0bd54f8b9f8"},"headline":"Estudiantes del Colegio Campestre Monte Verde y San Mart\u00edn de Porres vivieron una jornada de inmersi\u00f3n en la Universidad Cat\u00f3lica de Colombia","datePublished":"2025-06-19T20:26:40+00:00","dateModified":"2025-06-20T15:25:11+00:00","mainEntityOfPage":{"@id":"https:\/\/www.ucatolica.edu.co\/portal\/estudiantes-del-colegio-monte-verde-y-san-martin-de-porres-vivieron-una-jornada-de-inmersion-en-la-universidad-catolica-de-colombia\/"},"wordCount":572,"commentCount":0,"publisher":{"@id":"https:\/\/www.ucatolica.edu.co\/portal\/#organization"},"image":{"@id":"https:\/\/www.ucatolica.edu.co\/portal\/estudiantes-del-colegio-monte-verde-y-san-martin-de-porres-vivieron-una-jornada-de-inmersion-en-la-universidad-catolica-de-colombia\/#primaryimage"},"thumbnailUrl":"https:\/\/www.ucatolica.edu.co\/portal\/wp-content\/uploads\/2025\/06\/noticia-colegio-1.png","keywords":["Colegios","Inmersi\u00f3n universitaria","Responsabiliad Social","Talleres vocacionales","Universidad Cat\u00f3lica de Colombia"],"articleSection":["Noticias Principales"],"inLanguage":"es-CO"},{"@type":"WebPage","@id":"https:\/\/www.ucatolica.edu.co\/portal\/estudiantes-del-colegio-monte-verde-y-san-martin-de-porres-vivieron-una-jornada-de-inmersion-en-la-universidad-catolica-de-colombia\/","url":"https:\/\/www.ucatolica.edu.co\/portal\/estudiantes-del-colegio-monte-verde-y-san-martin-de-porres-vivieron-una-jornada-de-inmersion-en-la-universidad-catolica-de-colombia\/","name":"Estudiantes del Colegio Campestre Monte Verde y San Mart\u00edn de Porres vivieron una jornada de inmersi\u00f3n en la Universidad Cat\u00f3lica de Colombia - Universidad Cat\u00f3lica De Colombia","isPartOf":{"@id":"https:\/\/www.ucatolica.edu.co\/portal\/#website"},"primaryImageOfPage":{"@id":"https:\/\/www.ucatolica.edu.co\/portal\/estudiantes-del-colegio-monte-verde-y-san-martin-de-porres-vivieron-una-jornada-de-inmersion-en-la-universidad-catolica-de-colombia\/#primaryimage"},"image":{"@id":"https:\/\/www.ucatolica.edu.co\/portal\/estudiantes-del-colegio-monte-verde-y-san-martin-de-porres-vivieron-una-jornada-de-inmersion-en-la-universidad-catolica-de-colombia\/#primaryimage"},"thumbnailUrl":"https:\/\/www.ucatolica.edu.co\/portal\/wp-content\/uploads\/2025\/06\/noticia-colegio-1.png","datePublished":"2025-06-19T20:26:40+00:00","dateModified":"2025-06-20T15:25:11+00:00","breadcrumb":{"@id":"https:\/\/www.ucatolica.edu.co\/portal\/estudiantes-del-colegio-monte-verde-y-san-martin-de-porres-vivieron-una-jornada-de-inmersion-en-la-universidad-catolica-de-colombia\/#breadcrumb"},"inLanguage":"es-CO","potentialAction":[{"@type":"ReadAction","target":["https:\/\/www.ucatolica.edu.co\/portal\/estudiantes-del-colegio-monte-verde-y-san-martin-de-porres-vivieron-una-jornada-de-inmersion-en-la-universidad-catolica-de-colombia\/"]}]},{"@type":"ImageObject","inLanguage":"es-CO","@id":"https:\/\/www.ucatolica.edu.co\/portal\/estudiantes-del-colegio-monte-verde-y-san-martin-de-porres-vivieron-una-jornada-de-inmersion-en-la-universidad-catolica-de-colombia\/#primaryimage","url":"https:\/\/www.ucatolica.edu.co\/portal\/wp-content\/uploads\/2025\/06\/noticia-colegio-1.png","contentUrl":"https:\/\/www.ucatolica.edu.co\/portal\/wp-content\/uploads\/2025\/06\/noticia-colegio-1.png","width":870,"height":522},{"@type":"BreadcrumbList","@id":"https:\/\/www.ucatolica.edu.co\/portal\/estudiantes-del-colegio-monte-verde-y-san-martin-de-porres-vivieron-una-jornada-de-inmersion-en-la-universidad-catolica-de-colombia\/#breadcrumb","itemListElement":[{"@type":"ListItem","position":1,"name":"Inicio","item":"https:\/\/www.ucatolica.edu.co\/portal\/"},{"@type":"ListItem","position":2,"name":"Estudiantes del Colegio Campestre Monte Verde y San Mart\u00edn de Porres vivieron una jornada de inmersi\u00f3n en la Universidad Cat\u00f3lica de Colombia"}]},{"@type":"WebSite","@id":"https:\/\/www.ucatolica.edu.co\/portal\/#website","url":"https:\/\/www.ucatolica.edu.co\/portal\/","name":"Universidad Cat\u00f3lica De Colombia","description":"Universidad Cat\u00f3lica De Colombia","publisher":{"@id":"https:\/\/www.ucatolica.edu.co\/portal\/#organization"},"potentialAction":[{"@type":"SearchAction","target":{"@type":"EntryPoint","urlTemplate":"https:\/\/www.ucatolica.edu.co\/portal\/?s={search_term_string}"},"query-input":{"@type":"PropertyValueSpecification","valueRequired":true,"valueName":"search_term_string"}}],"inLanguage":"es-CO"},{"@type":"Organization","@id":"https:\/\/www.ucatolica.edu.co\/portal\/#organization","name":"Universidad Cat\u00f3lica de Colombia","url":"https:\/\/www.ucatolica.edu.co\/portal\/","logo":{"@type":"ImageObject","inLanguage":"es-CO","@id":"https:\/\/www.ucatolica.edu.co\/portal\/#\/schema\/logo\/image\/","url":"https:\/\/www.ucatolica.edu.co\/portal\/wp-content\/uploads\/2021\/06\/logo-header-ho-1.svg","contentUrl":"https:\/\/www.ucatolica.edu.co\/portal\/wp-content\/uploads\/2021\/06\/logo-header-ho-1.svg","width":1,"height":1,"caption":"Universidad Cat\u00f3lica de Colombia"},"image":{"@id":"https:\/\/www.ucatolica.edu.co\/portal\/#\/schema\/logo\/image\/"},"sameAs":["https:\/\/www.facebook.com\/ucatolicacolombia","https:\/\/x.com\/UCatolicaCol","https:\/\/www.instagram.com\/universidadcatolicadecolombia\/","https:\/\/www.linkedin.com\/company\/universidadcatolicadecolombia\/","https:\/\/www.youtube.com\/user\/UCatolicaCo"]},{"@type":"Person","@id":"https:\/\/www.ucatolica.edu.co\/portal\/#\/schema\/person\/46b982b9085fee761b48b0bd54f8b9f8","name":"Daniela Junco","url":"https:\/\/www.ucatolica.edu.co\/portal\/author\/daniela\/"}]}},"author_meta":{"display_name":"Daniela Junco","author_link":"https:\/\/www.ucatolica.edu.co\/portal\/author\/daniela\/"},"featured_img":"https:\/\/www.ucatolica.edu.co\/portal\/wp-content\/uploads\/2025\/06\/noticia-colegio-1.png","coauthors":[],"tax_additional":{"categories":{"linked":["<a href=\"https:\/\/www.ucatolica.edu.co\/portal\/category\/noticias-principales\/\" class=\"advgb-post-tax-term\">Noticias Principales<\/a>"],"unlinked":["<span class=\"advgb-post-tax-term\">Noticias Principales<\/span>"]},"tags":{"linked":["<a href=\"https:\/\/www.ucatolica.edu.co\/portal\/category\/noticias-principales\/\" class=\"advgb-post-tax-term\">Colegios<\/a>","<a href=\"https:\/\/www.ucatolica.edu.co\/portal\/category\/noticias-principales\/\" class=\"advgb-post-tax-term\">Inmersi\u00f3n universitaria<\/a>","<a href=\"https:\/\/www.ucatolica.edu.co\/portal\/category\/noticias-principales\/\" class=\"advgb-post-tax-term\">Responsabiliad Social<\/a>","<a href=\"https:\/\/www.ucatolica.edu.co\/portal\/category\/noticias-principales\/\" class=\"advgb-post-tax-term\">Talleres vocacionales<\/a>","<a href=\"https:\/\/www.ucatolica.edu.co\/portal\/category\/noticias-principales\/\" class=\"advgb-post-tax-term\">Universidad Cat\u00f3lica de Colombia<\/a>"],"unlinked":["<span class=\"advgb-post-tax-term\">Colegios<\/span>","<span class=\"advgb-post-tax-term\">Inmersi\u00f3n universitaria<\/span>","<span class=\"advgb-post-tax-term\">Responsabiliad Social<\/span>","<span class=\"advgb-post-tax-term\">Talleres vocacionales<\/span>","<span class=\"advgb-post-tax-term\">Universidad Cat\u00f3lica de Colombia<\/span>"]}},"comment_count":"0","relative_dates":{"created":"Posted 11 meses ago","modified":"Updated 10 meses ago"},"absolute_dates":{"created":"Posted on 19 junio, 2025","modified":"Updated on 20 junio, 2025"},"absolute_dates_time":{"created":"Posted on 19 junio, 2025 3:26 pm","modified":"Updated on 20 junio, 2025 10:25 am"},"featured_img_caption":"","series_order":"","_links":{"self":[{"href":"https:\/\/www.ucatolica.edu.co\/portal\/wp-json\/wp\/v2\/posts\/118146","targetHints":{"allow":["GET"]}}],"collection":[{"href":"https:\/\/www.ucatolica.edu.co\/portal\/wp-json\/wp\/v2\/posts"}],"about":[{"href":"https:\/\/www.ucatolica.edu.co\/portal\/wp-json\/wp\/v2\/types\/post"}],"author":[{"embeddable":true,"href":"https:\/\/www.ucatolica.edu.co\/portal\/wp-json\/wp\/v2\/users\/64"}],"replies":[{"embeddable":true,"href":"https:\/\/www.ucatolica.edu.co\/portal\/wp-json\/wp\/v2\/comments?post=118146"}],"version-history":[{"count":6,"href":"https:\/\/www.ucatolica.edu.co\/portal\/wp-json\/wp\/v2\/posts\/118146\/revisions"}],"predecessor-version":[{"id":118193,"href":"https:\/\/www.ucatolica.edu.co\/portal\/wp-json\/wp\/v2\/posts\/118146\/revisions\/118193"}],"wp:featuredmedia":[{"embeddable":true,"href":"https:\/\/www.ucatolica.edu.co\/portal\/wp-json\/wp\/v2\/media\/118147"}],"wp:attachment":[{"href":"https:\/\/www.ucatolica.edu.co\/portal\/wp-json\/wp\/v2\/media?parent=118146"}],"wp:term":[{"taxonomy":"category","embeddable":true,"href":"https:\/\/www.ucatolica.edu.co\/portal\/wp-json\/wp\/v2\/categories?post=118146"},{"taxonomy":"post_tag","embeddable":true,"href":"https:\/\/www.ucatolica.edu.co\/portal\/wp-json\/wp\/v2\/tags?post=118146"}],"curies":[{"name":"wp","href":"https:\/\/api.w.org\/{rel}","templated":true}]}}